{"id":43991,"date":"2021-10-12T21:22:40","date_gmt":"2021-10-13T00:22:40","guid":{"rendered":"https:\/\/radiolifefm.com.br\/noticias\/?p=43991"},"modified":"2026-03-30T19:16:30","modified_gmt":"2026-03-30T22:16:30","slug":"vereadores-questionam-problemas-e-cobram-investimento-da-sabesp-para-evitar-falta-de-agua","status":"publish","type":"post","link":"https:\/\/radiolifefm.com.br\/noticias\/vereadores-questionam-problemas-e-cobram-investimento-da-sabesp-para-evitar-falta-de-agua\/","title":{"rendered":"Vereadores questionam problemas e cobram investimento da Sabesp para evitar falta de \u00e1gua"},"content":{"rendered":"<div id=\"fb-root\"><\/div>\n<p>Durante a sess\u00e3o ordin\u00e1ria realizada na segunda-feira (4), os vereadores adamantinenses fizeram questionamentos sobre problemas ocorridos e cobraram investimento da Sabesp (Companhia de Saneamento B\u00e1sico do Estado de S\u00e3o Paulo) para que n\u00e3o ocorram novos desabastecimentos de \u00e1gua \u00e0 popula\u00e7\u00e3o.<\/p>\n<p>&nbsp;<\/p>\n<p>No Requerimento n\u00ba 260\/ 2021, assinado por Alcio Ikeda J\u00fanior (PODE) e aprovado pelos demais legisladores, s\u00e3o solicitadas informa\u00e7\u00f5es \u00e0 concession\u00e1ria, por meio da Divis\u00e3o de Adamantina: 1 \u2013 Nos \u00faltimos dias foi poss\u00edvel presenciar o caos gerado pela falta de \u00e1gua em nossa cidade ap\u00f3s a at\u00edpica ventania que ocorreu. O motivo do problema foi em decorr\u00eancia da falta de energia 2 \u2013 Existe, por parte desta empresa, m\u00e9todo preventivo para gera\u00e7\u00e3o de energia em situa\u00e7\u00f5es como esta? Seria necess\u00e1rio alto investimento para tal a\u00e7\u00e3o? Solicitamos informa\u00e7\u00f5es acerca do planejamento estrat\u00e9gico neste sentido. 3 \u2013 Existem planos para constru\u00e7\u00f5es de novos reservat\u00f3rios em nossa cidade?<\/p>\n<p>&nbsp;<\/p>\n<p>J\u00e1 o Requerimento n\u00ba 257\/ 2021, de autoria de H\u00e9lio Santos (PL) e subscrito por todos os outros edis, endere\u00e7ado ao gerente de Divis\u00e3o da Sabesp de Adamantina F\u00e1bio de Assis Silva, reivindica que sejam adquiridos geradores de energia para suprir a eventual falta de energia el\u00e9trica utilizada para capta\u00e7\u00e3o de \u00e1gua dos po\u00e7os que abastecem a popula\u00e7\u00e3o, haja vista o grande desconforto que muitos cidad\u00e3os foram submetidos no \u00faltimo final de semana.<\/p>\n<p>&nbsp;<\/p>\n<p>\u201cRegistra-se que os nossos mun\u00edcipes pagam \u00e0 Sabesp um valor muito alto pelo fornecimento da \u00e1gua em suas resid\u00eancias, portanto, eles t\u00eam direito a um servi\u00e7o p\u00fablico ininterrupto, sendo assim, a aquisi\u00e7\u00e3o de geradores de en\u00e9rgica, certamente evitar\u00e1 a reitera\u00e7\u00e3o de problemas dessa mesma natureza\u201d, acrescentaram os vereadores.<\/p>\n<p>Ambos os documentos, ap\u00f3s passarem pelo plen\u00e1rio, foram enviados \u00e0 empresa pela Presid\u00eancia do Poder Legislativo.<\/p>\n<p>&nbsp;<\/p>\n<p>&nbsp;<\/p>\n<p>Fonte: Adamantina Net<\/p>\n","protected":false},"excerpt":{"rendered":"<p>Durante a sess\u00e3o ordin\u00e1ria realizada na segunda-feira (4), os vereadores adamantinenses fizeram questionamentos sobre problemas ocorridos e cobraram investimento da Sabesp (Companhia de Saneamento B\u00e1sico do Estado de S\u00e3o Paulo) para que n\u00e3o ocorram novos desabastecimentos de \u00e1gua \u00e0 popula\u00e7\u00e3o. &nbsp; No Requerimento n\u00ba 260\/ 2021, assinado por Alcio Ikeda J\u00fanior (PODE) e aprovado pelos [&hellip;]<\/p>\n","protected":false},"author":13,"featured_media":37049,"comment_status":"closed","ping_status":"open","sticky":false,"template":"","format":"standard","meta":{"_acf_changed":false,"_exactmetrics_skip_tracking":false,"_exactmetrics_sitenote_active":false,"_exactmetrics_sitenote_note":"","_exactmetrics_sitenote_category":0,"footnotes":""},"categories":[21],"tags":[],"class_list":["post-43991","post","type-post","status-publish","format-standard","has-post-thumbnail","hentry","category-adamantina"],"acf":[],"yoast_head":"<!-- This site is optimized with the Yoast SEO plugin v27.2 - https:\/\/yoast.com\/product\/yoast-seo-wordpress\/ -->\n<title>Vereadores questionam problemas e cobram investimento da Sabesp para evitar falta de \u00e1gua - R\u00e1dio Life FM<\/title>\n<meta name=\"robots\" content=\"index, follow, max-snippet:-1, max-image-preview:large, max-video-preview:-1\" \/>\n<link rel=\"canonical\" href=\"https:\/\/radiolifefm.com.br\/noticias\/vereadores-questionam-problemas-e-cobram-investimento-da-sabesp-para-evitar-falta-de-agua\/\" \/>\n<meta property=\"og:locale\" content=\"pt_BR\" \/>\n<meta property=\"og:type\" content=\"article\" \/>\n<meta property=\"og:title\" content=\"Vereadores questionam problemas e cobram investimento da Sabesp para evitar falta de \u00e1gua - R\u00e1dio Life FM\" \/>\n<meta property=\"og:description\" content=\"Durante a sess\u00e3o ordin\u00e1ria realizada na segunda-feira (4), os vereadores adamantinenses fizeram questionamentos sobre problemas ocorridos e cobraram investimento da Sabesp (Companhia de Saneamento B\u00e1sico do Estado de S\u00e3o Paulo) para que n\u00e3o ocorram novos desabastecimentos de \u00e1gua \u00e0 popula\u00e7\u00e3o. &nbsp; No Requerimento n\u00ba 260\/ 2021, assinado por Alcio Ikeda J\u00fanior (PODE) e aprovado pelos [&hellip;]\" \/>\n<meta property=\"og:url\" content=\"https:\/\/radiolifefm.com.br\/noticias\/vereadores-questionam-problemas-e-cobram-investimento-da-sabesp-para-evitar-falta-de-agua\/\" \/>\n<meta property=\"og:site_name\" content=\"R\u00e1dio Life FM\" \/>\n<meta property=\"article:publisher\" content=\"https:\/\/www.facebook.com\/radiolifefm\/\" \/>\n<meta property=\"article:published_time\" content=\"2021-10-13T00:22:40+00:00\" \/>\n<meta property=\"article:modified_time\" content=\"2026-03-30T22:16:30+00:00\" \/>\n<meta property=\"og:image\" content=\"https:\/\/radiolifefm.com.br\/noticias\/wp-content\/uploads\/2021\/03\/pna-lupapng161694042360608d8786c6b.jpg\" \/>\n\t<meta property=\"og:image:width\" content=\"540\" \/>\n\t<meta property=\"og:image:height\" content=\"300\" \/>\n\t<meta property=\"og:image:type\" content=\"image\/jpeg\" \/>\n<meta name=\"author\" content=\"ritanery\" \/>\n<meta name=\"twitter:card\" content=\"summary_large_image\" \/>\n<meta name=\"twitter:label1\" content=\"Escrito por\" \/>\n\t<meta name=\"twitter:data1\" content=\"ritanery\" \/>\n\t<meta name=\"twitter:label2\" content=\"Est. tempo de leitura\" \/>\n\t<meta name=\"twitter:data2\" content=\"2 minutos\" \/>\n<script type=\"application\/ld+json\" class=\"yoast-schema-graph\">{\"@context\":\"https:\/\/schema.org\",\"@graph\":[{\"@type\":\"Article\",\"@id\":\"https:\/\/radiolifefm.com.br\/noticias\/vereadores-questionam-problemas-e-cobram-investimento-da-sabesp-para-evitar-falta-de-agua\/#article\",\"isPartOf\":{\"@id\":\"https:\/\/radiolifefm.com.br\/noticias\/vereadores-questionam-problemas-e-cobram-investimento-da-sabesp-para-evitar-falta-de-agua\/\"},\"author\":{\"name\":\"ritanery\",\"@id\":\"https:\/\/radiolifefm.com.br\/noticias\/#\/schema\/person\/6339b9fac59d12b071dec680d7375d87\"},\"headline\":\"Vereadores questionam problemas e cobram investimento da Sabesp para evitar falta de \u00e1gua\",\"datePublished\":\"2021-10-13T00:22:40+00:00\",\"dateModified\":\"2026-03-30T22:16:30+00:00\",\"mainEntityOfPage\":{\"@id\":\"https:\/\/radiolifefm.com.br\/noticias\/vereadores-questionam-problemas-e-cobram-investimento-da-sabesp-para-evitar-falta-de-agua\/\"},\"wordCount\":333,\"publisher\":{\"@id\":\"https:\/\/radiolifefm.com.br\/noticias\/#organization\"},\"image\":{\"@id\":\"https:\/\/radiolifefm.com.br\/noticias\/vereadores-questionam-problemas-e-cobram-investimento-da-sabesp-para-evitar-falta-de-agua\/#primaryimage\"},\"thumbnailUrl\":\"https:\/\/radiolifefm.com.br\/noticias\/wp-content\/uploads\/2021\/03\/pna-lupapng161694042360608d8786c6b.jpg\",\"articleSection\":[\"Adamantina\"],\"inLanguage\":\"pt-BR\"},{\"@type\":\"WebPage\",\"@id\":\"https:\/\/radiolifefm.com.br\/noticias\/vereadores-questionam-problemas-e-cobram-investimento-da-sabesp-para-evitar-falta-de-agua\/\",\"url\":\"https:\/\/radiolifefm.com.br\/noticias\/vereadores-questionam-problemas-e-cobram-investimento-da-sabesp-para-evitar-falta-de-agua\/\",\"name\":\"Vereadores questionam problemas e cobram investimento da Sabesp para evitar falta de \u00e1gua - R\u00e1dio Life FM\",\"isPartOf\":{\"@id\":\"https:\/\/radiolifefm.com.br\/noticias\/#website\"},\"primaryImageOfPage\":{\"@id\":\"https:\/\/radiolifefm.com.br\/noticias\/vereadores-questionam-problemas-e-cobram-investimento-da-sabesp-para-evitar-falta-de-agua\/#primaryimage\"},\"image\":{\"@id\":\"https:\/\/radiolifefm.com.br\/noticias\/vereadores-questionam-problemas-e-cobram-investimento-da-sabesp-para-evitar-falta-de-agua\/#primaryimage\"},\"thumbnailUrl\":\"https:\/\/radiolifefm.com.br\/noticias\/wp-content\/uploads\/2021\/03\/pna-lupapng161694042360608d8786c6b.jpg\",\"datePublished\":\"2021-10-13T00:22:40+00:00\",\"dateModified\":\"2026-03-30T22:16:30+00:00\",\"breadcrumb\":{\"@id\":\"https:\/\/radiolifefm.com.br\/noticias\/vereadores-questionam-problemas-e-cobram-investimento-da-sabesp-para-evitar-falta-de-agua\/#breadcrumb\"},\"inLanguage\":\"pt-BR\",\"potentialAction\":[{\"@type\":\"ReadAction\",\"target\":[\"https:\/\/radiolifefm.com.br\/noticias\/vereadores-questionam-problemas-e-cobram-investimento-da-sabesp-para-evitar-falta-de-agua\/\"]}]},{\"@type\":\"ImageObject\",\"inLanguage\":\"pt-BR\",\"@id\":\"https:\/\/radiolifefm.com.br\/noticias\/vereadores-questionam-problemas-e-cobram-investimento-da-sabesp-para-evitar-falta-de-agua\/#primaryimage\",\"url\":\"https:\/\/radiolifefm.com.br\/noticias\/wp-content\/uploads\/2021\/03\/pna-lupapng161694042360608d8786c6b.jpg\",\"contentUrl\":\"https:\/\/radiolifefm.com.br\/noticias\/wp-content\/uploads\/2021\/03\/pna-lupapng161694042360608d8786c6b.jpg\",\"width\":540,\"height\":300,\"caption\":\"Coleta de lixo funcionar\u00e1 normalmente na segunda-feira (20) e na ter\u00e7a-feira (21)\"},{\"@type\":\"BreadcrumbList\",\"@id\":\"https:\/\/radiolifefm.com.br\/noticias\/vereadores-questionam-problemas-e-cobram-investimento-da-sabesp-para-evitar-falta-de-agua\/#breadcrumb\",\"itemListElement\":[{\"@type\":\"ListItem\",\"position\":1,\"name\":\"In\u00edcio\",\"item\":\"https:\/\/radiolifefm.com.br\/noticias\/\"},{\"@type\":\"ListItem\",\"position\":2,\"name\":\"Vereadores questionam problemas e cobram investimento da Sabesp para evitar falta de \u00e1gua\"}]},{\"@type\":\"WebSite\",\"@id\":\"https:\/\/radiolifefm.com.br\/noticias\/#website\",\"url\":\"https:\/\/radiolifefm.com.br\/noticias\/\",\"name\":\"R\u00e1dio Life FM\",\"description\":\"O Portal de Not\u00edcias de Adamantina\",\"publisher\":{\"@id\":\"https:\/\/radiolifefm.com.br\/noticias\/#organization\"},\"alternateName\":\"Life FM\",\"potentialAction\":[{\"@type\":\"SearchAction\",\"target\":{\"@type\":\"EntryPoint\",\"urlTemplate\":\"https:\/\/radiolifefm.com.br\/noticias\/?s={search_term_string}\"},\"query-input\":{\"@type\":\"PropertyValueSpecification\",\"valueRequired\":true,\"valueName\":\"search_term_string\"}}],\"inLanguage\":\"pt-BR\"},{\"@type\":\"Organization\",\"@id\":\"https:\/\/radiolifefm.com.br\/noticias\/#organization\",\"name\":\"R\u00e1dio Life FM\",\"alternateName\":\"Life FM\",\"url\":\"https:\/\/radiolifefm.com.br\/noticias\/\",\"logo\":{\"@type\":\"ImageObject\",\"inLanguage\":\"pt-BR\",\"@id\":\"https:\/\/radiolifefm.com.br\/noticias\/#\/schema\/logo\/image\/\",\"url\":\"https:\/\/static.radiolifefm.com.br\/noticias\/wp-content\/uploads\/2019\/10\/logo-lifefm.png\",\"contentUrl\":\"https:\/\/static.radiolifefm.com.br\/noticias\/wp-content\/uploads\/2019\/10\/logo-lifefm.png\",\"width\":196,\"height\":47,\"caption\":\"R\u00e1dio Life FM\"},\"image\":{\"@id\":\"https:\/\/radiolifefm.com.br\/noticias\/#\/schema\/logo\/image\/\"},\"sameAs\":[\"https:\/\/www.facebook.com\/radiolifefm\/\",\"https:\/\/www.instagram.com\/life1079fm\/\"]},{\"@type\":\"Person\",\"@id\":\"https:\/\/radiolifefm.com.br\/noticias\/#\/schema\/person\/6339b9fac59d12b071dec680d7375d87\",\"name\":\"ritanery\",\"image\":{\"@type\":\"ImageObject\",\"inLanguage\":\"pt-BR\",\"@id\":\"https:\/\/secure.gravatar.com\/avatar\/0e37bb19071f47c0b8a23f62a903df117c5a0e75f65a0c2901562f97cd41cf86?s=96&d=mm&r=g\",\"url\":\"https:\/\/secure.gravatar.com\/avatar\/0e37bb19071f47c0b8a23f62a903df117c5a0e75f65a0c2901562f97cd41cf86?s=96&d=mm&r=g\",\"contentUrl\":\"https:\/\/secure.gravatar.com\/avatar\/0e37bb19071f47c0b8a23f62a903df117c5a0e75f65a0c2901562f97cd41cf86?s=96&d=mm&r=g\",\"caption\":\"ritanery\"}}]}<\/script>\n<!-- \/ Yoast SEO plugin. -->","yoast_head_json":{"title":"Vereadores questionam problemas e cobram investimento da Sabesp para evitar falta de \u00e1gua - R\u00e1dio Life FM","robots":{"index":"index","follow":"follow","max-snippet":"max-snippet:-1","max-image-preview":"max-image-preview:large","max-video-preview":"max-video-preview:-1"},"canonical":"https:\/\/radiolifefm.com.br\/noticias\/vereadores-questionam-problemas-e-cobram-investimento-da-sabesp-para-evitar-falta-de-agua\/","og_locale":"pt_BR","og_type":"article","og_title":"Vereadores questionam problemas e cobram investimento da Sabesp para evitar falta de \u00e1gua - R\u00e1dio Life FM","og_description":"Durante a sess\u00e3o ordin\u00e1ria realizada na segunda-feira (4), os vereadores adamantinenses fizeram questionamentos sobre problemas ocorridos e cobraram investimento da Sabesp (Companhia de Saneamento B\u00e1sico do Estado de S\u00e3o Paulo) para que n\u00e3o ocorram novos desabastecimentos de \u00e1gua \u00e0 popula\u00e7\u00e3o. &nbsp; No Requerimento n\u00ba 260\/ 2021, assinado por Alcio Ikeda J\u00fanior (PODE) e aprovado pelos [&hellip;]","og_url":"https:\/\/radiolifefm.com.br\/noticias\/vereadores-questionam-problemas-e-cobram-investimento-da-sabesp-para-evitar-falta-de-agua\/","og_site_name":"R\u00e1dio Life FM","article_publisher":"https:\/\/www.facebook.com\/radiolifefm\/","article_published_time":"2021-10-13T00:22:40+00:00","article_modified_time":"2026-03-30T22:16:30+00:00","og_image":[{"width":540,"height":300,"url":"https:\/\/radiolifefm.com.br\/noticias\/wp-content\/uploads\/2021\/03\/pna-lupapng161694042360608d8786c6b.jpg","type":"image\/jpeg"}],"author":"ritanery","twitter_card":"summary_large_image","twitter_misc":{"Escrito por":"ritanery","Est. tempo de leitura":"2 minutos"},"schema":{"@context":"https:\/\/schema.org","@graph":[{"@type":"Article","@id":"https:\/\/radiolifefm.com.br\/noticias\/vereadores-questionam-problemas-e-cobram-investimento-da-sabesp-para-evitar-falta-de-agua\/#article","isPartOf":{"@id":"https:\/\/radiolifefm.com.br\/noticias\/vereadores-questionam-problemas-e-cobram-investimento-da-sabesp-para-evitar-falta-de-agua\/"},"author":{"name":"ritanery","@id":"https:\/\/radiolifefm.com.br\/noticias\/#\/schema\/person\/6339b9fac59d12b071dec680d7375d87"},"headline":"Vereadores questionam problemas e cobram investimento da Sabesp para evitar falta de \u00e1gua","datePublished":"2021-10-13T00:22:40+00:00","dateModified":"2026-03-30T22:16:30+00:00","mainEntityOfPage":{"@id":"https:\/\/radiolifefm.com.br\/noticias\/vereadores-questionam-problemas-e-cobram-investimento-da-sabesp-para-evitar-falta-de-agua\/"},"wordCount":333,"publisher":{"@id":"https:\/\/radiolifefm.com.br\/noticias\/#organization"},"image":{"@id":"https:\/\/radiolifefm.com.br\/noticias\/vereadores-questionam-problemas-e-cobram-investimento-da-sabesp-para-evitar-falta-de-agua\/#primaryimage"},"thumbnailUrl":"https:\/\/radiolifefm.com.br\/noticias\/wp-content\/uploads\/2021\/03\/pna-lupapng161694042360608d8786c6b.jpg","articleSection":["Adamantina"],"inLanguage":"pt-BR"},{"@type":"WebPage","@id":"https:\/\/radiolifefm.com.br\/noticias\/vereadores-questionam-problemas-e-cobram-investimento-da-sabesp-para-evitar-falta-de-agua\/","url":"https:\/\/radiolifefm.com.br\/noticias\/vereadores-questionam-problemas-e-cobram-investimento-da-sabesp-para-evitar-falta-de-agua\/","name":"Vereadores questionam problemas e cobram investimento da Sabesp para evitar falta de \u00e1gua - R\u00e1dio Life FM","isPartOf":{"@id":"https:\/\/radiolifefm.com.br\/noticias\/#website"},"primaryImageOfPage":{"@id":"https:\/\/radiolifefm.com.br\/noticias\/vereadores-questionam-problemas-e-cobram-investimento-da-sabesp-para-evitar-falta-de-agua\/#primaryimage"},"image":{"@id":"https:\/\/radiolifefm.com.br\/noticias\/vereadores-questionam-problemas-e-cobram-investimento-da-sabesp-para-evitar-falta-de-agua\/#primaryimage"},"thumbnailUrl":"https:\/\/radiolifefm.com.br\/noticias\/wp-content\/uploads\/2021\/03\/pna-lupapng161694042360608d8786c6b.jpg","datePublished":"2021-10-13T00:22:40+00:00","dateModified":"2026-03-30T22:16:30+00:00","breadcrumb":{"@id":"https:\/\/radiolifefm.com.br\/noticias\/vereadores-questionam-problemas-e-cobram-investimento-da-sabesp-para-evitar-falta-de-agua\/#breadcrumb"},"inLanguage":"pt-BR","potentialAction":[{"@type":"ReadAction","target":["https:\/\/radiolifefm.com.br\/noticias\/vereadores-questionam-problemas-e-cobram-investimento-da-sabesp-para-evitar-falta-de-agua\/"]}]},{"@type":"ImageObject","inLanguage":"pt-BR","@id":"https:\/\/radiolifefm.com.br\/noticias\/vereadores-questionam-problemas-e-cobram-investimento-da-sabesp-para-evitar-falta-de-agua\/#primaryimage","url":"https:\/\/radiolifefm.com.br\/noticias\/wp-content\/uploads\/2021\/03\/pna-lupapng161694042360608d8786c6b.jpg","contentUrl":"https:\/\/radiolifefm.com.br\/noticias\/wp-content\/uploads\/2021\/03\/pna-lupapng161694042360608d8786c6b.jpg","width":540,"height":300,"caption":"Coleta de lixo funcionar\u00e1 normalmente na segunda-feira (20) e na ter\u00e7a-feira (21)"},{"@type":"BreadcrumbList","@id":"https:\/\/radiolifefm.com.br\/noticias\/vereadores-questionam-problemas-e-cobram-investimento-da-sabesp-para-evitar-falta-de-agua\/#breadcrumb","itemListElement":[{"@type":"ListItem","position":1,"name":"In\u00edcio","item":"https:\/\/radiolifefm.com.br\/noticias\/"},{"@type":"ListItem","position":2,"name":"Vereadores questionam problemas e cobram investimento da Sabesp para evitar falta de \u00e1gua"}]},{"@type":"WebSite","@id":"https:\/\/radiolifefm.com.br\/noticias\/#website","url":"https:\/\/radiolifefm.com.br\/noticias\/","name":"R\u00e1dio Life FM","description":"O Portal de Not\u00edcias de Adamantina","publisher":{"@id":"https:\/\/radiolifefm.com.br\/noticias\/#organization"},"alternateName":"Life FM","potentialAction":[{"@type":"SearchAction","target":{"@type":"EntryPoint","urlTemplate":"https:\/\/radiolifefm.com.br\/noticias\/?s={search_term_string}"},"query-input":{"@type":"PropertyValueSpecification","valueRequired":true,"valueName":"search_term_string"}}],"inLanguage":"pt-BR"},{"@type":"Organization","@id":"https:\/\/radiolifefm.com.br\/noticias\/#organization","name":"R\u00e1dio Life FM","alternateName":"Life FM","url":"https:\/\/radiolifefm.com.br\/noticias\/","logo":{"@type":"ImageObject","inLanguage":"pt-BR","@id":"https:\/\/radiolifefm.com.br\/noticias\/#\/schema\/logo\/image\/","url":"https:\/\/static.radiolifefm.com.br\/noticias\/wp-content\/uploads\/2019\/10\/logo-lifefm.png","contentUrl":"https:\/\/static.radiolifefm.com.br\/noticias\/wp-content\/uploads\/2019\/10\/logo-lifefm.png","width":196,"height":47,"caption":"R\u00e1dio Life FM"},"image":{"@id":"https:\/\/radiolifefm.com.br\/noticias\/#\/schema\/logo\/image\/"},"sameAs":["https:\/\/www.facebook.com\/radiolifefm\/","https:\/\/www.instagram.com\/life1079fm\/"]},{"@type":"Person","@id":"https:\/\/radiolifefm.com.br\/noticias\/#\/schema\/person\/6339b9fac59d12b071dec680d7375d87","name":"ritanery","image":{"@type":"ImageObject","inLanguage":"pt-BR","@id":"https:\/\/secure.gravatar.com\/avatar\/0e37bb19071f47c0b8a23f62a903df117c5a0e75f65a0c2901562f97cd41cf86?s=96&d=mm&r=g","url":"https:\/\/secure.gravatar.com\/avatar\/0e37bb19071f47c0b8a23f62a903df117c5a0e75f65a0c2901562f97cd41cf86?s=96&d=mm&r=g","contentUrl":"https:\/\/secure.gravatar.com\/avatar\/0e37bb19071f47c0b8a23f62a903df117c5a0e75f65a0c2901562f97cd41cf86?s=96&d=mm&r=g","caption":"ritanery"}}]}},"amp_enabled":true,"_links":{"self":[{"href":"https:\/\/radiolifefm.com.br\/noticias\/wp-json\/wp\/v2\/posts\/43991","targetHints":{"allow":["GET"]}}],"collection":[{"href":"https:\/\/radiolifefm.com.br\/noticias\/wp-json\/wp\/v2\/posts"}],"about":[{"href":"https:\/\/radiolifefm.com.br\/noticias\/wp-json\/wp\/v2\/types\/post"}],"author":[{"embeddable":true,"href":"https:\/\/radiolifefm.com.br\/noticias\/wp-json\/wp\/v2\/users\/13"}],"replies":[{"embeddable":true,"href":"https:\/\/radiolifefm.com.br\/noticias\/wp-json\/wp\/v2\/comments?post=43991"}],"version-history":[{"count":2,"href":"https:\/\/radiolifefm.com.br\/noticias\/wp-json\/wp\/v2\/posts\/43991\/revisions"}],"predecessor-version":[{"id":43993,"href":"https:\/\/radiolifefm.com.br\/noticias\/wp-json\/wp\/v2\/posts\/43991\/revisions\/43993"}],"wp:featuredmedia":[{"embeddable":true,"href":"https:\/\/radiolifefm.com.br\/noticias\/wp-json\/wp\/v2\/media\/37049"}],"wp:attachment":[{"href":"https:\/\/radiolifefm.com.br\/noticias\/wp-json\/wp\/v2\/media?parent=43991"}],"wp:term":[{"taxonomy":"category","embeddable":true,"href":"https:\/\/radiolifefm.com.br\/noticias\/wp-json\/wp\/v2\/categories?post=43991"},{"taxonomy":"post_tag","embeddable":true,"href":"https:\/\/radiolifefm.com.br\/noticias\/wp-json\/wp\/v2\/tags?post=43991"}],"curies":[{"name":"wp","href":"https:\/\/api.w.org\/{rel}","templated":true}]}}