{"id":43934,"date":"2021-10-11T10:50:47","date_gmt":"2021-10-11T13:50:47","guid":{"rendered":"https:\/\/radiolifefm.com.br\/noticias\/?p=43934"},"modified":"2026-04-26T11:04:04","modified_gmt":"2026-04-26T14:04:04","slug":"vitalidade-lar-dos-velhos-de-adamantina-promove-gincana-interna-na-semana-do-idoso","status":"publish","type":"post","link":"https:\/\/radiolifefm.com.br\/noticias\/vitalidade-lar-dos-velhos-de-adamantina-promove-gincana-interna-na-semana-do-idoso\/","title":{"rendered":"Vitalidade: Lar dos Velhos de Adamantina promove gincana interna na Semana do Idoso"},"content":{"rendered":"<div id=\"fb-root\"><\/div>\n<p>O Lar dos Velhos de Adamantina realizou na semana passada um conjunto de atividades em comemora\u00e7\u00e3o \u00e0 Semana do Idoso. O 1\u00ba de outubro \u00e9 comemorado o Dia do Idoso ou Dia Nacional da Terceira Idade.<\/p>\n<p>&nbsp;<\/p>\n<p>O destaque da programa\u00e7\u00e3o do Lar dos Velhos de Adamantina foi uma gincana com brincadeiras e jogos adaptados ao grupo, organizada pela equipe multidisciplinar. As a\u00e7\u00f5es mobilizaram os internos assistidos pela institui\u00e7\u00e3o. A iniciativa fortaleceu as intera\u00e7\u00f5es entre os idosos e tamb\u00e9m estimulou o grupo \u00e0 movimentar-se.<\/p>\n<p>&nbsp;<\/p>\n<p>No final da programa\u00e7\u00e3o da Semana do IDoso foi servido um almo\u00e7o com churrasco, ocasi\u00e3o em que foram realizadas as premia\u00e7\u00f5es, com trof\u00e9us e medalhas.<\/p>\n<p>&nbsp;<\/p>\n<p>Todas as atividades foram publicadas nas\u00a0<a href=\"https:\/\/www.facebook.com\/larvelhosadt\"><strong>redes sociais<\/strong><\/a>\u00a0do Lar dos Velhos, que no come\u00e7o do m\u00eas publicou sobre a Semana do Idoso. \u201cCada marca em seus rostos representa a experi\u00eancia de vida que eles t\u00eam para nos oferecer. L\u00e1grimas e sorrisos traduzem seus melhores feitos. Nossa gratid\u00e3o e carinho a todos os idosos do mundo, em especial aos idosos do Lar dos Velhos de Adamantina. &#8220;Respeitar a pessoa idosa \u00e9 tratar o pr\u00f3prio futuro com respeito&#8221;, diz o texto.<\/p>\n<p>&nbsp;<\/p>\n<p><strong>Lar dos Velhos: 68 anos de atua\u00e7\u00e3o<\/strong><\/p>\n<p>Fundado em 10 de outubro de 1953, o Lar dos Velhos de Adamantina \u2013 obra unida \u00e0 Sociedade de S\u00e3o Vicente de Paulo (SSVP) \u2013 \u00e9\u00a0uma associa\u00e7\u00e3o de direito privado, filantr\u00f3pica, beneficente, sem fins lucrativos, de assist\u00eancia social, com natureza de Institui\u00e7\u00e3o de Longa Perman\u00eancia para Idosos (ILPI).<\/p>\n<p>&nbsp;<\/p>\n<p>A entidade possui o Servi\u00e7o de Prote\u00e7\u00e3o Social Especial. S\u00e3o os servi\u00e7os de acolhimento institucional para idosos com 60 anos ou mais, de ambos os sexos, independentes ou com diversos graus de depend\u00eancia.<\/p>\n<p>&nbsp;<\/p>\n<p>Possui a sua origem, natureza e forma\u00e7\u00e3o no seio da SSVP do Brasil, para a pr\u00e1tica da caridade crist\u00e3 no campo da assist\u00eancia social e promo\u00e7\u00e3o humana e est\u00e1 vinculado estatutariamente ao Conselho Central de Dracena da SSVP e ao Conselho Metropolitano de Bauru da SSVP.<\/p>\n<div class='flex flex-wrap items-center -mx-1'>\r\n<a class='thumbnail gallery p-1 w-1\/2 md:w-1\/4' href='https:\/\/radiolifefm.com.br\/noticias\/wp-content\/uploads\/2021\/10\/24330202713659702271333118887372812306950233njpg163395916361643cfb9e40e.jpg'><img class='border border-white' src='https:\/\/radiolifefm.com.br\/noticias\/wp-content\/uploads\/2021\/10\/24330202713659702271333118887372812306950233njpg163395916361643cfb9e40e-200x200.jpg' alt='24330202713659702271333118887372812306950233njpg163395916361643cfb9e40e' \/><\/a><a class='thumbnail gallery p-1 w-1\/2 md:w-1\/4' href='https:\/\/radiolifefm.com.br\/noticias\/wp-content\/uploads\/2021\/10\/24467717813659660271337313297850517689640303njpg163395918461643d1032ca9.jpg'><img class='border border-white' src='https:\/\/radiolifefm.com.br\/noticias\/wp-content\/uploads\/2021\/10\/24467717813659660271337313297850517689640303njpg163395918461643d1032ca9-200x200.jpg' alt='24467717813659660271337313297850517689640303njpg163395918461643d1032ca9' \/><\/a><a class='thumbnail gallery p-1 w-1\/2 md:w-1\/4' href='https:\/\/radiolifefm.com.br\/noticias\/wp-content\/uploads\/2021\/10\/24473870413659740771329261792017311073025948njpg163395947661643e34daa06.jpg'><img class='border border-white' src='https:\/\/radiolifefm.com.br\/noticias\/wp-content\/uploads\/2021\/10\/24473870413659740771329261792017311073025948njpg163395947661643e34daa06-200x200.jpg' alt='24473870413659740771329261792017311073025948njpg163395947661643e34daa06' \/><\/a><a class='thumbnail gallery p-1 w-1\/2 md:w-1\/4' href='https:\/\/radiolifefm.com.br\/noticias\/wp-content\/uploads\/2021\/10\/24478182713665918104044864869582506662886544njpg163395942061643dfc9b42b.jpg'><img class='border border-white' src='https:\/\/radiolifefm.com.br\/noticias\/wp-content\/uploads\/2021\/10\/24478182713665918104044864869582506662886544njpg163395942061643dfc9b42b-200x200.jpg' alt='24478182713665918104044864869582506662886544njpg163395942061643dfc9b42b' \/><\/a><a class='thumbnail gallery p-1 w-1\/2 md:w-1\/4' href='https:\/\/radiolifefm.com.br\/noticias\/wp-content\/uploads\/2021\/10\/24495131113673724403264236246371395152421615njpg163395949661643e4852274.jpg'><img class='border border-white' src='https:\/\/radiolifefm.com.br\/noticias\/wp-content\/uploads\/2021\/10\/24495131113673724403264236246371395152421615njpg163395949661643e4852274-200x200.jpg' alt='24495131113673724403264236246371395152421615njpg163395949661643e4852274' \/><\/a><a class='thumbnail gallery p-1 w-1\/2 md:w-1\/4' href='https:\/\/radiolifefm.com.br\/noticias\/wp-content\/uploads\/2021\/10\/24506111513673727236597283705736982047185529njpg163395951061643e56e7fa4.jpg'><img class='border border-white' src='https:\/\/radiolifefm.com.br\/noticias\/wp-content\/uploads\/2021\/10\/24506111513673727236597283705736982047185529njpg163395951061643e56e7fa4-200x200.jpg' alt='24506111513673727236597283705736982047185529njpg163395951061643e56e7fa4' \/><\/a><a class='thumbnail gallery p-1 w-1\/2 md:w-1\/4' href='https:\/\/radiolifefm.com.br\/noticias\/wp-content\/uploads\/2021\/10\/24509045613673727869930553069823826535483951njpg163395952261643e6243875.jpg'><img class='border border-white' src='https:\/\/radiolifefm.com.br\/noticias\/wp-content\/uploads\/2021\/10\/24509045613673727869930553069823826535483951njpg163395952261643e6243875-200x200.jpg' alt='24509045613673727869930553069823826535483951njpg163395952261643e6243875' \/><\/a><a class='thumbnail gallery p-1 w-1\/2 md:w-1\/4' href='https:\/\/radiolifefm.com.br\/noticias\/wp-content\/uploads\/2021\/10\/capa1jpg163395944361643e1340200.jpg'><img class='border border-white' src='https:\/\/radiolifefm.com.br\/noticias\/wp-content\/uploads\/2021\/10\/capa1jpg163395944361643e1340200-200x200.jpg' alt='Capa1jpg163395944361643e1340200' \/><\/a><a class='thumbnail gallery p-1 w-1\/2 md:w-1\/4' href='https:\/\/radiolifefm.com.br\/noticias\/wp-content\/uploads\/2021\/10\/capa2jpg163395979761643f7582844.jpg'><img class='border border-white' src='https:\/\/radiolifefm.com.br\/noticias\/wp-content\/uploads\/2021\/10\/capa2jpg163395979761643f7582844-200x200.jpg' alt='Capa2jpg163395979761643f7582844' \/><\/a><\/div>\n<p>Fonte: Siga Mais<\/p>\n","protected":false},"excerpt":{"rendered":"<p>O Lar dos Velhos de Adamantina realizou na semana passada um conjunto de atividades em comemora\u00e7\u00e3o \u00e0 Semana do Idoso. O 1\u00ba de outubro \u00e9 comemorado o Dia do Idoso ou Dia Nacional da Terceira Idade. &nbsp; O destaque da programa\u00e7\u00e3o do Lar dos Velhos de Adamantina foi uma gincana com brincadeiras e jogos adaptados [&hellip;]<\/p>\n","protected":false},"author":13,"featured_media":43935,"comment_status":"closed","ping_status":"open","sticky":false,"template":"","format":"standard","meta":{"_acf_changed":false,"_exactmetrics_skip_tracking":false,"_exactmetrics_sitenote_active":false,"_exactmetrics_sitenote_note":"","_exactmetrics_sitenote_category":0,"footnotes":""},"categories":[21],"tags":[],"class_list":["post-43934","post","type-post","status-publish","format-standard","has-post-thumbnail","hentry","category-adamantina"],"acf":[],"yoast_head":"<!-- This site is optimized with the Yoast SEO plugin v27.2 - https:\/\/yoast.com\/product\/yoast-seo-wordpress\/ -->\n<title>Vitalidade: Lar dos Velhos de Adamantina promove gincana interna na Semana do Idoso - R\u00e1dio Life FM<\/title>\n<meta name=\"robots\" content=\"index, follow, max-snippet:-1, max-image-preview:large, max-video-preview:-1\" \/>\n<link rel=\"canonical\" href=\"https:\/\/radiolifefm.com.br\/noticias\/vitalidade-lar-dos-velhos-de-adamantina-promove-gincana-interna-na-semana-do-idoso\/\" \/>\n<meta property=\"og:locale\" content=\"pt_BR\" \/>\n<meta property=\"og:type\" content=\"article\" \/>\n<meta property=\"og:title\" content=\"Vitalidade: Lar dos Velhos de Adamantina promove gincana interna na Semana do Idoso - R\u00e1dio Life FM\" \/>\n<meta property=\"og:description\" content=\"O Lar dos Velhos de Adamantina realizou na semana passada um conjunto de atividades em comemora\u00e7\u00e3o \u00e0 Semana do Idoso. O 1\u00ba de outubro \u00e9 comemorado o Dia do Idoso ou Dia Nacional da Terceira Idade. &nbsp; O destaque da programa\u00e7\u00e3o do Lar dos Velhos de Adamantina foi uma gincana com brincadeiras e jogos adaptados [&hellip;]\" \/>\n<meta property=\"og:url\" content=\"https:\/\/radiolifefm.com.br\/noticias\/vitalidade-lar-dos-velhos-de-adamantina-promove-gincana-interna-na-semana-do-idoso\/\" \/>\n<meta property=\"og:site_name\" content=\"R\u00e1dio Life FM\" \/>\n<meta property=\"article:publisher\" content=\"https:\/\/www.facebook.com\/radiolifefm\/\" \/>\n<meta property=\"article:published_time\" content=\"2021-10-11T13:50:47+00:00\" \/>\n<meta property=\"article:modified_time\" content=\"2026-04-26T14:04:04+00:00\" \/>\n<meta property=\"og:image\" content=\"https:\/\/radiolifefm.com.br\/noticias\/wp-content\/uploads\/2021\/10\/24356869613659741804662495227245755008495138njpg163395945761643e21c4e98.jpg\" \/>\n\t<meta property=\"og:image:width\" content=\"1600\" \/>\n\t<meta property=\"og:image:height\" content=\"900\" \/>\n\t<meta property=\"og:image:type\" content=\"image\/jpeg\" \/>\n<meta name=\"author\" content=\"ritanery\" \/>\n<meta name=\"twitter:card\" content=\"summary_large_image\" \/>\n<meta name=\"twitter:label1\" content=\"Escrito por\" \/>\n\t<meta name=\"twitter:data1\" content=\"ritanery\" \/>\n\t<meta name=\"twitter:label2\" content=\"Est. tempo de leitura\" \/>\n\t<meta name=\"twitter:data2\" content=\"2 minutos\" \/>\n<script type=\"application\/ld+json\" class=\"yoast-schema-graph\">{\"@context\":\"https:\/\/schema.org\",\"@graph\":[{\"@type\":\"Article\",\"@id\":\"https:\/\/radiolifefm.com.br\/noticias\/vitalidade-lar-dos-velhos-de-adamantina-promove-gincana-interna-na-semana-do-idoso\/#article\",\"isPartOf\":{\"@id\":\"https:\/\/radiolifefm.com.br\/noticias\/vitalidade-lar-dos-velhos-de-adamantina-promove-gincana-interna-na-semana-do-idoso\/\"},\"author\":{\"name\":\"ritanery\",\"@id\":\"https:\/\/radiolifefm.com.br\/noticias\/#\/schema\/person\/6339b9fac59d12b071dec680d7375d87\"},\"headline\":\"Vitalidade: Lar dos Velhos de Adamantina promove gincana interna na Semana do Idoso\",\"datePublished\":\"2021-10-11T13:50:47+00:00\",\"dateModified\":\"2026-04-26T14:04:04+00:00\",\"mainEntityOfPage\":{\"@id\":\"https:\/\/radiolifefm.com.br\/noticias\/vitalidade-lar-dos-velhos-de-adamantina-promove-gincana-interna-na-semana-do-idoso\/\"},\"wordCount\":370,\"publisher\":{\"@id\":\"https:\/\/radiolifefm.com.br\/noticias\/#organization\"},\"image\":{\"@id\":\"https:\/\/radiolifefm.com.br\/noticias\/vitalidade-lar-dos-velhos-de-adamantina-promove-gincana-interna-na-semana-do-idoso\/#primaryimage\"},\"thumbnailUrl\":\"https:\/\/radiolifefm.com.br\/noticias\/wp-content\/uploads\/2021\/10\/24356869613659741804662495227245755008495138njpg163395945761643e21c4e98.jpg\",\"articleSection\":[\"Adamantina\"],\"inLanguage\":\"pt-BR\"},{\"@type\":\"WebPage\",\"@id\":\"https:\/\/radiolifefm.com.br\/noticias\/vitalidade-lar-dos-velhos-de-adamantina-promove-gincana-interna-na-semana-do-idoso\/\",\"url\":\"https:\/\/radiolifefm.com.br\/noticias\/vitalidade-lar-dos-velhos-de-adamantina-promove-gincana-interna-na-semana-do-idoso\/\",\"name\":\"Vitalidade: Lar dos Velhos de Adamantina promove gincana interna na Semana do Idoso - R\u00e1dio Life FM\",\"isPartOf\":{\"@id\":\"https:\/\/radiolifefm.com.br\/noticias\/#website\"},\"primaryImageOfPage\":{\"@id\":\"https:\/\/radiolifefm.com.br\/noticias\/vitalidade-lar-dos-velhos-de-adamantina-promove-gincana-interna-na-semana-do-idoso\/#primaryimage\"},\"image\":{\"@id\":\"https:\/\/radiolifefm.com.br\/noticias\/vitalidade-lar-dos-velhos-de-adamantina-promove-gincana-interna-na-semana-do-idoso\/#primaryimage\"},\"thumbnailUrl\":\"https:\/\/radiolifefm.com.br\/noticias\/wp-content\/uploads\/2021\/10\/24356869613659741804662495227245755008495138njpg163395945761643e21c4e98.jpg\",\"datePublished\":\"2021-10-11T13:50:47+00:00\",\"dateModified\":\"2026-04-26T14:04:04+00:00\",\"breadcrumb\":{\"@id\":\"https:\/\/radiolifefm.com.br\/noticias\/vitalidade-lar-dos-velhos-de-adamantina-promove-gincana-interna-na-semana-do-idoso\/#breadcrumb\"},\"inLanguage\":\"pt-BR\",\"potentialAction\":[{\"@type\":\"ReadAction\",\"target\":[\"https:\/\/radiolifefm.com.br\/noticias\/vitalidade-lar-dos-velhos-de-adamantina-promove-gincana-interna-na-semana-do-idoso\/\"]}]},{\"@type\":\"ImageObject\",\"inLanguage\":\"pt-BR\",\"@id\":\"https:\/\/radiolifefm.com.br\/noticias\/vitalidade-lar-dos-velhos-de-adamantina-promove-gincana-interna-na-semana-do-idoso\/#primaryimage\",\"url\":\"https:\/\/radiolifefm.com.br\/noticias\/wp-content\/uploads\/2021\/10\/24356869613659741804662495227245755008495138njpg163395945761643e21c4e98.jpg\",\"contentUrl\":\"https:\/\/radiolifefm.com.br\/noticias\/wp-content\/uploads\/2021\/10\/24356869613659741804662495227245755008495138njpg163395945761643e21c4e98.jpg\",\"width\":1600,\"height\":900,\"caption\":\"Programa\u00e7\u00e3o teve gincana adaptada aos idosos, com entrega de trof\u00e9us e medalhas, ao final.\"},{\"@type\":\"BreadcrumbList\",\"@id\":\"https:\/\/radiolifefm.com.br\/noticias\/vitalidade-lar-dos-velhos-de-adamantina-promove-gincana-interna-na-semana-do-idoso\/#breadcrumb\",\"itemListElement\":[{\"@type\":\"ListItem\",\"position\":1,\"name\":\"In\u00edcio\",\"item\":\"https:\/\/radiolifefm.com.br\/noticias\/\"},{\"@type\":\"ListItem\",\"position\":2,\"name\":\"Vitalidade: Lar dos Velhos de Adamantina promove gincana interna na Semana do Idoso\"}]},{\"@type\":\"WebSite\",\"@id\":\"https:\/\/radiolifefm.com.br\/noticias\/#website\",\"url\":\"https:\/\/radiolifefm.com.br\/noticias\/\",\"name\":\"R\u00e1dio Life FM\",\"description\":\"O Portal de Not\u00edcias de Adamantina\",\"publisher\":{\"@id\":\"https:\/\/radiolifefm.com.br\/noticias\/#organization\"},\"alternateName\":\"Life FM\",\"potentialAction\":[{\"@type\":\"SearchAction\",\"target\":{\"@type\":\"EntryPoint\",\"urlTemplate\":\"https:\/\/radiolifefm.com.br\/noticias\/?s={search_term_string}\"},\"query-input\":{\"@type\":\"PropertyValueSpecification\",\"valueRequired\":true,\"valueName\":\"search_term_string\"}}],\"inLanguage\":\"pt-BR\"},{\"@type\":\"Organization\",\"@id\":\"https:\/\/radiolifefm.com.br\/noticias\/#organization\",\"name\":\"R\u00e1dio Life FM\",\"alternateName\":\"Life FM\",\"url\":\"https:\/\/radiolifefm.com.br\/noticias\/\",\"logo\":{\"@type\":\"ImageObject\",\"inLanguage\":\"pt-BR\",\"@id\":\"https:\/\/radiolifefm.com.br\/noticias\/#\/schema\/logo\/image\/\",\"url\":\"https:\/\/static.radiolifefm.com.br\/noticias\/wp-content\/uploads\/2019\/10\/logo-lifefm.png\",\"contentUrl\":\"https:\/\/static.radiolifefm.com.br\/noticias\/wp-content\/uploads\/2019\/10\/logo-lifefm.png\",\"width\":196,\"height\":47,\"caption\":\"R\u00e1dio Life FM\"},\"image\":{\"@id\":\"https:\/\/radiolifefm.com.br\/noticias\/#\/schema\/logo\/image\/\"},\"sameAs\":[\"https:\/\/www.facebook.com\/radiolifefm\/\",\"https:\/\/www.instagram.com\/life1079fm\/\"]},{\"@type\":\"Person\",\"@id\":\"https:\/\/radiolifefm.com.br\/noticias\/#\/schema\/person\/6339b9fac59d12b071dec680d7375d87\",\"name\":\"ritanery\",\"image\":{\"@type\":\"ImageObject\",\"inLanguage\":\"pt-BR\",\"@id\":\"https:\/\/secure.gravatar.com\/avatar\/0e37bb19071f47c0b8a23f62a903df117c5a0e75f65a0c2901562f97cd41cf86?s=96&d=mm&r=g\",\"url\":\"https:\/\/secure.gravatar.com\/avatar\/0e37bb19071f47c0b8a23f62a903df117c5a0e75f65a0c2901562f97cd41cf86?s=96&d=mm&r=g\",\"contentUrl\":\"https:\/\/secure.gravatar.com\/avatar\/0e37bb19071f47c0b8a23f62a903df117c5a0e75f65a0c2901562f97cd41cf86?s=96&d=mm&r=g\",\"caption\":\"ritanery\"}}]}<\/script>\n<!-- \/ Yoast SEO plugin. -->","yoast_head_json":{"title":"Vitalidade: Lar dos Velhos de Adamantina promove gincana interna na Semana do Idoso - R\u00e1dio Life FM","robots":{"index":"index","follow":"follow","max-snippet":"max-snippet:-1","max-image-preview":"max-image-preview:large","max-video-preview":"max-video-preview:-1"},"canonical":"https:\/\/radiolifefm.com.br\/noticias\/vitalidade-lar-dos-velhos-de-adamantina-promove-gincana-interna-na-semana-do-idoso\/","og_locale":"pt_BR","og_type":"article","og_title":"Vitalidade: Lar dos Velhos de Adamantina promove gincana interna na Semana do Idoso - R\u00e1dio Life FM","og_description":"O Lar dos Velhos de Adamantina realizou na semana passada um conjunto de atividades em comemora\u00e7\u00e3o \u00e0 Semana do Idoso. O 1\u00ba de outubro \u00e9 comemorado o Dia do Idoso ou Dia Nacional da Terceira Idade. &nbsp; O destaque da programa\u00e7\u00e3o do Lar dos Velhos de Adamantina foi uma gincana com brincadeiras e jogos adaptados [&hellip;]","og_url":"https:\/\/radiolifefm.com.br\/noticias\/vitalidade-lar-dos-velhos-de-adamantina-promove-gincana-interna-na-semana-do-idoso\/","og_site_name":"R\u00e1dio Life FM","article_publisher":"https:\/\/www.facebook.com\/radiolifefm\/","article_published_time":"2021-10-11T13:50:47+00:00","article_modified_time":"2026-04-26T14:04:04+00:00","og_image":[{"width":1600,"height":900,"url":"https:\/\/radiolifefm.com.br\/noticias\/wp-content\/uploads\/2021\/10\/24356869613659741804662495227245755008495138njpg163395945761643e21c4e98.jpg","type":"image\/jpeg"}],"author":"ritanery","twitter_card":"summary_large_image","twitter_misc":{"Escrito por":"ritanery","Est. tempo de leitura":"2 minutos"},"schema":{"@context":"https:\/\/schema.org","@graph":[{"@type":"Article","@id":"https:\/\/radiolifefm.com.br\/noticias\/vitalidade-lar-dos-velhos-de-adamantina-promove-gincana-interna-na-semana-do-idoso\/#article","isPartOf":{"@id":"https:\/\/radiolifefm.com.br\/noticias\/vitalidade-lar-dos-velhos-de-adamantina-promove-gincana-interna-na-semana-do-idoso\/"},"author":{"name":"ritanery","@id":"https:\/\/radiolifefm.com.br\/noticias\/#\/schema\/person\/6339b9fac59d12b071dec680d7375d87"},"headline":"Vitalidade: Lar dos Velhos de Adamantina promove gincana interna na Semana do Idoso","datePublished":"2021-10-11T13:50:47+00:00","dateModified":"2026-04-26T14:04:04+00:00","mainEntityOfPage":{"@id":"https:\/\/radiolifefm.com.br\/noticias\/vitalidade-lar-dos-velhos-de-adamantina-promove-gincana-interna-na-semana-do-idoso\/"},"wordCount":370,"publisher":{"@id":"https:\/\/radiolifefm.com.br\/noticias\/#organization"},"image":{"@id":"https:\/\/radiolifefm.com.br\/noticias\/vitalidade-lar-dos-velhos-de-adamantina-promove-gincana-interna-na-semana-do-idoso\/#primaryimage"},"thumbnailUrl":"https:\/\/radiolifefm.com.br\/noticias\/wp-content\/uploads\/2021\/10\/24356869613659741804662495227245755008495138njpg163395945761643e21c4e98.jpg","articleSection":["Adamantina"],"inLanguage":"pt-BR"},{"@type":"WebPage","@id":"https:\/\/radiolifefm.com.br\/noticias\/vitalidade-lar-dos-velhos-de-adamantina-promove-gincana-interna-na-semana-do-idoso\/","url":"https:\/\/radiolifefm.com.br\/noticias\/vitalidade-lar-dos-velhos-de-adamantina-promove-gincana-interna-na-semana-do-idoso\/","name":"Vitalidade: Lar dos Velhos de Adamantina promove gincana interna na Semana do Idoso - R\u00e1dio Life FM","isPartOf":{"@id":"https:\/\/radiolifefm.com.br\/noticias\/#website"},"primaryImageOfPage":{"@id":"https:\/\/radiolifefm.com.br\/noticias\/vitalidade-lar-dos-velhos-de-adamantina-promove-gincana-interna-na-semana-do-idoso\/#primaryimage"},"image":{"@id":"https:\/\/radiolifefm.com.br\/noticias\/vitalidade-lar-dos-velhos-de-adamantina-promove-gincana-interna-na-semana-do-idoso\/#primaryimage"},"thumbnailUrl":"https:\/\/radiolifefm.com.br\/noticias\/wp-content\/uploads\/2021\/10\/24356869613659741804662495227245755008495138njpg163395945761643e21c4e98.jpg","datePublished":"2021-10-11T13:50:47+00:00","dateModified":"2026-04-26T14:04:04+00:00","breadcrumb":{"@id":"https:\/\/radiolifefm.com.br\/noticias\/vitalidade-lar-dos-velhos-de-adamantina-promove-gincana-interna-na-semana-do-idoso\/#breadcrumb"},"inLanguage":"pt-BR","potentialAction":[{"@type":"ReadAction","target":["https:\/\/radiolifefm.com.br\/noticias\/vitalidade-lar-dos-velhos-de-adamantina-promove-gincana-interna-na-semana-do-idoso\/"]}]},{"@type":"ImageObject","inLanguage":"pt-BR","@id":"https:\/\/radiolifefm.com.br\/noticias\/vitalidade-lar-dos-velhos-de-adamantina-promove-gincana-interna-na-semana-do-idoso\/#primaryimage","url":"https:\/\/radiolifefm.com.br\/noticias\/wp-content\/uploads\/2021\/10\/24356869613659741804662495227245755008495138njpg163395945761643e21c4e98.jpg","contentUrl":"https:\/\/radiolifefm.com.br\/noticias\/wp-content\/uploads\/2021\/10\/24356869613659741804662495227245755008495138njpg163395945761643e21c4e98.jpg","width":1600,"height":900,"caption":"Programa\u00e7\u00e3o teve gincana adaptada aos idosos, com entrega de trof\u00e9us e medalhas, ao final."},{"@type":"BreadcrumbList","@id":"https:\/\/radiolifefm.com.br\/noticias\/vitalidade-lar-dos-velhos-de-adamantina-promove-gincana-interna-na-semana-do-idoso\/#breadcrumb","itemListElement":[{"@type":"ListItem","position":1,"name":"In\u00edcio","item":"https:\/\/radiolifefm.com.br\/noticias\/"},{"@type":"ListItem","position":2,"name":"Vitalidade: Lar dos Velhos de Adamantina promove gincana interna na Semana do Idoso"}]},{"@type":"WebSite","@id":"https:\/\/radiolifefm.com.br\/noticias\/#website","url":"https:\/\/radiolifefm.com.br\/noticias\/","name":"R\u00e1dio Life FM","description":"O Portal de Not\u00edcias de Adamantina","publisher":{"@id":"https:\/\/radiolifefm.com.br\/noticias\/#organization"},"alternateName":"Life FM","potentialAction":[{"@type":"SearchAction","target":{"@type":"EntryPoint","urlTemplate":"https:\/\/radiolifefm.com.br\/noticias\/?s={search_term_string}"},"query-input":{"@type":"PropertyValueSpecification","valueRequired":true,"valueName":"search_term_string"}}],"inLanguage":"pt-BR"},{"@type":"Organization","@id":"https:\/\/radiolifefm.com.br\/noticias\/#organization","name":"R\u00e1dio Life FM","alternateName":"Life FM","url":"https:\/\/radiolifefm.com.br\/noticias\/","logo":{"@type":"ImageObject","inLanguage":"pt-BR","@id":"https:\/\/radiolifefm.com.br\/noticias\/#\/schema\/logo\/image\/","url":"https:\/\/static.radiolifefm.com.br\/noticias\/wp-content\/uploads\/2019\/10\/logo-lifefm.png","contentUrl":"https:\/\/static.radiolifefm.com.br\/noticias\/wp-content\/uploads\/2019\/10\/logo-lifefm.png","width":196,"height":47,"caption":"R\u00e1dio Life FM"},"image":{"@id":"https:\/\/radiolifefm.com.br\/noticias\/#\/schema\/logo\/image\/"},"sameAs":["https:\/\/www.facebook.com\/radiolifefm\/","https:\/\/www.instagram.com\/life1079fm\/"]},{"@type":"Person","@id":"https:\/\/radiolifefm.com.br\/noticias\/#\/schema\/person\/6339b9fac59d12b071dec680d7375d87","name":"ritanery","image":{"@type":"ImageObject","inLanguage":"pt-BR","@id":"https:\/\/secure.gravatar.com\/avatar\/0e37bb19071f47c0b8a23f62a903df117c5a0e75f65a0c2901562f97cd41cf86?s=96&d=mm&r=g","url":"https:\/\/secure.gravatar.com\/avatar\/0e37bb19071f47c0b8a23f62a903df117c5a0e75f65a0c2901562f97cd41cf86?s=96&d=mm&r=g","contentUrl":"https:\/\/secure.gravatar.com\/avatar\/0e37bb19071f47c0b8a23f62a903df117c5a0e75f65a0c2901562f97cd41cf86?s=96&d=mm&r=g","caption":"ritanery"}}]}},"amp_enabled":true,"_links":{"self":[{"href":"https:\/\/radiolifefm.com.br\/noticias\/wp-json\/wp\/v2\/posts\/43934","targetHints":{"allow":["GET"]}}],"collection":[{"href":"https:\/\/radiolifefm.com.br\/noticias\/wp-json\/wp\/v2\/posts"}],"about":[{"href":"https:\/\/radiolifefm.com.br\/noticias\/wp-json\/wp\/v2\/types\/post"}],"author":[{"embeddable":true,"href":"https:\/\/radiolifefm.com.br\/noticias\/wp-json\/wp\/v2\/users\/13"}],"replies":[{"embeddable":true,"href":"https:\/\/radiolifefm.com.br\/noticias\/wp-json\/wp\/v2\/comments?post=43934"}],"version-history":[{"count":2,"href":"https:\/\/radiolifefm.com.br\/noticias\/wp-json\/wp\/v2\/posts\/43934\/revisions"}],"predecessor-version":[{"id":43946,"href":"https:\/\/radiolifefm.com.br\/noticias\/wp-json\/wp\/v2\/posts\/43934\/revisions\/43946"}],"wp:featuredmedia":[{"embeddable":true,"href":"https:\/\/radiolifefm.com.br\/noticias\/wp-json\/wp\/v2\/media\/43935"}],"wp:attachment":[{"href":"https:\/\/radiolifefm.com.br\/noticias\/wp-json\/wp\/v2\/media?parent=43934"}],"wp:term":[{"taxonomy":"category","embeddable":true,"href":"https:\/\/radiolifefm.com.br\/noticias\/wp-json\/wp\/v2\/categories?post=43934"},{"taxonomy":"post_tag","embeddable":true,"href":"https:\/\/radiolifefm.com.br\/noticias\/wp-json\/wp\/v2\/tags?post=43934"}],"curies":[{"name":"wp","href":"https:\/\/api.w.org\/{rel}","templated":true}]}}