{"id":43878,"date":"2021-10-08T22:41:33","date_gmt":"2021-10-09T01:41:33","guid":{"rendered":"https:\/\/radiolifefm.com.br\/noticias\/?p=43878"},"modified":"2025-10-07T17:01:58","modified_gmt":"2025-10-07T20:01:58","slug":"vigilancia-sanitaria-intensificara-fiscalizacao-durante-o-final-de-semana","status":"publish","type":"post","link":"https:\/\/radiolifefm.com.br\/noticias\/vigilancia-sanitaria-intensificara-fiscalizacao-durante-o-final-de-semana\/","title":{"rendered":"Vigil\u00e2ncia Sanit\u00e1ria intensificar\u00e1 fiscaliza\u00e7\u00e3o durante o final de semana"},"content":{"rendered":"<div id=\"fb-root\"><\/div>\n<p>A Prefeitura de Adamantina informa que de hoje (08) at\u00e9 segunda-feira (11), a Vigil\u00e2ncia Sanit\u00e1ria intensificar\u00e1 a fiscaliza\u00e7\u00e3o em estabelecimentos para que n\u00e3o sejam realizados eventos que ainda est\u00e3o proibidos pelo Plano S\u00e3o Paulo, evitando a perman\u00eancia de pessoas em p\u00e9 bem como verificar a utiliza\u00e7\u00e3o de m\u00e1scara que continua obrigat\u00f3ria em todos os locais<\/p>\n<p>&nbsp;<\/p>\n<p>Al\u00e9m disso, a Rua Osvaldo Cruz, quarteir\u00e3o entre a Alameda Armando Sales de Oliveira com a Avenida Rio Branco ser\u00e1 fechada, pois o local tem propiciado aglomera\u00e7\u00f5es.<\/p>\n<p>&nbsp;<\/p>\n<p>A medida visa coibir aglomera\u00e7\u00f5es, pois o momento epidemiol\u00f3gico do munic\u00edpio exige aten\u00e7\u00e3o e a a\u00e7\u00e3o tem como objetivo evitar a prolifera\u00e7\u00e3o do v\u00edrus novamente.<\/p>\n<p>&nbsp;<\/p>\n<p>&nbsp;<\/p>\n<p>Fonte: Assessoria de Imprensa<\/p>\n","protected":false},"excerpt":{"rendered":"<p>A Prefeitura de Adamantina informa que de hoje (08) at\u00e9 segunda-feira (11), a Vigil\u00e2ncia Sanit\u00e1ria intensificar\u00e1 a fiscaliza\u00e7\u00e3o em estabelecimentos para que n\u00e3o sejam realizados eventos que ainda est\u00e3o proibidos pelo Plano S\u00e3o Paulo, evitando a perman\u00eancia de pessoas em p\u00e9 bem como verificar a utiliza\u00e7\u00e3o de m\u00e1scara que continua obrigat\u00f3ria em todos os locais [&hellip;]<\/p>\n","protected":false},"author":13,"featured_media":43879,"comment_status":"closed","ping_status":"open","sticky":false,"template":"","format":"standard","meta":{"_acf_changed":false,"_exactmetrics_skip_tracking":false,"_exactmetrics_sitenote_active":false,"_exactmetrics_sitenote_note":"","_exactmetrics_sitenote_category":0,"footnotes":""},"categories":[21],"tags":[],"class_list":["post-43878","post","type-post","status-publish","format-standard","has-post-thumbnail","hentry","category-adamantina"],"acf":[],"yoast_head":"<!-- This site is optimized with the Yoast SEO plugin v27.2 - https:\/\/yoast.com\/product\/yoast-seo-wordpress\/ -->\n<title>Vigil\u00e2ncia Sanit\u00e1ria intensificar\u00e1 fiscaliza\u00e7\u00e3o durante o final de semana - R\u00e1dio Life FM<\/title>\n<meta name=\"robots\" content=\"index, follow, max-snippet:-1, max-image-preview:large, max-video-preview:-1\" \/>\n<link rel=\"canonical\" href=\"https:\/\/radiolifefm.com.br\/noticias\/vigilancia-sanitaria-intensificara-fiscalizacao-durante-o-final-de-semana\/\" \/>\n<meta property=\"og:locale\" content=\"pt_BR\" \/>\n<meta property=\"og:type\" content=\"article\" \/>\n<meta property=\"og:title\" content=\"Vigil\u00e2ncia Sanit\u00e1ria intensificar\u00e1 fiscaliza\u00e7\u00e3o durante o final de semana - R\u00e1dio Life FM\" \/>\n<meta property=\"og:description\" content=\"A Prefeitura de Adamantina informa que de hoje (08) at\u00e9 segunda-feira (11), a Vigil\u00e2ncia Sanit\u00e1ria intensificar\u00e1 a fiscaliza\u00e7\u00e3o em estabelecimentos para que n\u00e3o sejam realizados eventos que ainda est\u00e3o proibidos pelo Plano S\u00e3o Paulo, evitando a perman\u00eancia de pessoas em p\u00e9 bem como verificar a utiliza\u00e7\u00e3o de m\u00e1scara que continua obrigat\u00f3ria em todos os locais [&hellip;]\" \/>\n<meta property=\"og:url\" content=\"https:\/\/radiolifefm.com.br\/noticias\/vigilancia-sanitaria-intensificara-fiscalizacao-durante-o-final-de-semana\/\" \/>\n<meta property=\"og:site_name\" content=\"R\u00e1dio Life FM\" \/>\n<meta property=\"article:publisher\" content=\"https:\/\/www.facebook.com\/radiolifefm\/\" \/>\n<meta property=\"article:published_time\" content=\"2021-10-09T01:41:33+00:00\" \/>\n<meta property=\"article:modified_time\" content=\"2025-10-07T20:01:58+00:00\" \/>\n<meta property=\"og:image\" content=\"https:\/\/static.radiolifefm.com.br\/noticias\/wp-content\/uploads\/2021\/10\/15435967861260.png\" \/>\n\t<meta property=\"og:image:width\" content=\"544\" \/>\n\t<meta property=\"og:image:height\" content=\"289\" \/>\n\t<meta property=\"og:image:type\" content=\"image\/png\" \/>\n<meta name=\"author\" content=\"ritanery\" \/>\n<meta name=\"twitter:card\" content=\"summary_large_image\" \/>\n<meta name=\"twitter:label1\" content=\"Escrito por\" \/>\n\t<meta name=\"twitter:data1\" content=\"ritanery\" \/>\n\t<meta name=\"twitter:label2\" content=\"Est. tempo de leitura\" \/>\n\t<meta name=\"twitter:data2\" content=\"1 minuto\" \/>\n<script type=\"application\/ld+json\" class=\"yoast-schema-graph\">{\"@context\":\"https:\/\/schema.org\",\"@graph\":[{\"@type\":\"Article\",\"@id\":\"https:\/\/radiolifefm.com.br\/noticias\/vigilancia-sanitaria-intensificara-fiscalizacao-durante-o-final-de-semana\/#article\",\"isPartOf\":{\"@id\":\"https:\/\/radiolifefm.com.br\/noticias\/vigilancia-sanitaria-intensificara-fiscalizacao-durante-o-final-de-semana\/\"},\"author\":{\"name\":\"ritanery\",\"@id\":\"https:\/\/radiolifefm.com.br\/noticias\/#\/schema\/person\/6339b9fac59d12b071dec680d7375d87\"},\"headline\":\"Vigil\u00e2ncia Sanit\u00e1ria intensificar\u00e1 fiscaliza\u00e7\u00e3o durante o final de semana\",\"datePublished\":\"2021-10-09T01:41:33+00:00\",\"dateModified\":\"2025-10-07T20:01:58+00:00\",\"mainEntityOfPage\":{\"@id\":\"https:\/\/radiolifefm.com.br\/noticias\/vigilancia-sanitaria-intensificara-fiscalizacao-durante-o-final-de-semana\/\"},\"wordCount\":145,\"publisher\":{\"@id\":\"https:\/\/radiolifefm.com.br\/noticias\/#organization\"},\"image\":{\"@id\":\"https:\/\/radiolifefm.com.br\/noticias\/vigilancia-sanitaria-intensificara-fiscalizacao-durante-o-final-de-semana\/#primaryimage\"},\"thumbnailUrl\":\"https:\/\/radiolifefm.com.br\/noticias\/wp-content\/uploads\/2021\/10\/15435967861260.png\",\"articleSection\":[\"Adamantina\"],\"inLanguage\":\"pt-BR\"},{\"@type\":\"WebPage\",\"@id\":\"https:\/\/radiolifefm.com.br\/noticias\/vigilancia-sanitaria-intensificara-fiscalizacao-durante-o-final-de-semana\/\",\"url\":\"https:\/\/radiolifefm.com.br\/noticias\/vigilancia-sanitaria-intensificara-fiscalizacao-durante-o-final-de-semana\/\",\"name\":\"Vigil\u00e2ncia Sanit\u00e1ria intensificar\u00e1 fiscaliza\u00e7\u00e3o durante o final de semana - R\u00e1dio Life FM\",\"isPartOf\":{\"@id\":\"https:\/\/radiolifefm.com.br\/noticias\/#website\"},\"primaryImageOfPage\":{\"@id\":\"https:\/\/radiolifefm.com.br\/noticias\/vigilancia-sanitaria-intensificara-fiscalizacao-durante-o-final-de-semana\/#primaryimage\"},\"image\":{\"@id\":\"https:\/\/radiolifefm.com.br\/noticias\/vigilancia-sanitaria-intensificara-fiscalizacao-durante-o-final-de-semana\/#primaryimage\"},\"thumbnailUrl\":\"https:\/\/radiolifefm.com.br\/noticias\/wp-content\/uploads\/2021\/10\/15435967861260.png\",\"datePublished\":\"2021-10-09T01:41:33+00:00\",\"dateModified\":\"2025-10-07T20:01:58+00:00\",\"breadcrumb\":{\"@id\":\"https:\/\/radiolifefm.com.br\/noticias\/vigilancia-sanitaria-intensificara-fiscalizacao-durante-o-final-de-semana\/#breadcrumb\"},\"inLanguage\":\"pt-BR\",\"potentialAction\":[{\"@type\":\"ReadAction\",\"target\":[\"https:\/\/radiolifefm.com.br\/noticias\/vigilancia-sanitaria-intensificara-fiscalizacao-durante-o-final-de-semana\/\"]}]},{\"@type\":\"ImageObject\",\"inLanguage\":\"pt-BR\",\"@id\":\"https:\/\/radiolifefm.com.br\/noticias\/vigilancia-sanitaria-intensificara-fiscalizacao-durante-o-final-de-semana\/#primaryimage\",\"url\":\"https:\/\/radiolifefm.com.br\/noticias\/wp-content\/uploads\/2021\/10\/15435967861260.png\",\"contentUrl\":\"https:\/\/radiolifefm.com.br\/noticias\/wp-content\/uploads\/2021\/10\/15435967861260.png\",\"width\":544,\"height\":289},{\"@type\":\"BreadcrumbList\",\"@id\":\"https:\/\/radiolifefm.com.br\/noticias\/vigilancia-sanitaria-intensificara-fiscalizacao-durante-o-final-de-semana\/#breadcrumb\",\"itemListElement\":[{\"@type\":\"ListItem\",\"position\":1,\"name\":\"In\u00edcio\",\"item\":\"https:\/\/radiolifefm.com.br\/noticias\/\"},{\"@type\":\"ListItem\",\"position\":2,\"name\":\"Vigil\u00e2ncia Sanit\u00e1ria intensificar\u00e1 fiscaliza\u00e7\u00e3o durante o final de semana\"}]},{\"@type\":\"WebSite\",\"@id\":\"https:\/\/radiolifefm.com.br\/noticias\/#website\",\"url\":\"https:\/\/radiolifefm.com.br\/noticias\/\",\"name\":\"R\u00e1dio Life FM\",\"description\":\"O Portal de Not\u00edcias de Adamantina\",\"publisher\":{\"@id\":\"https:\/\/radiolifefm.com.br\/noticias\/#organization\"},\"alternateName\":\"Life FM\",\"potentialAction\":[{\"@type\":\"SearchAction\",\"target\":{\"@type\":\"EntryPoint\",\"urlTemplate\":\"https:\/\/radiolifefm.com.br\/noticias\/?s={search_term_string}\"},\"query-input\":{\"@type\":\"PropertyValueSpecification\",\"valueRequired\":true,\"valueName\":\"search_term_string\"}}],\"inLanguage\":\"pt-BR\"},{\"@type\":\"Organization\",\"@id\":\"https:\/\/radiolifefm.com.br\/noticias\/#organization\",\"name\":\"R\u00e1dio Life FM\",\"alternateName\":\"Life FM\",\"url\":\"https:\/\/radiolifefm.com.br\/noticias\/\",\"logo\":{\"@type\":\"ImageObject\",\"inLanguage\":\"pt-BR\",\"@id\":\"https:\/\/radiolifefm.com.br\/noticias\/#\/schema\/logo\/image\/\",\"url\":\"https:\/\/static.radiolifefm.com.br\/noticias\/wp-content\/uploads\/2019\/10\/logo-lifefm.png\",\"contentUrl\":\"https:\/\/static.radiolifefm.com.br\/noticias\/wp-content\/uploads\/2019\/10\/logo-lifefm.png\",\"width\":196,\"height\":47,\"caption\":\"R\u00e1dio Life FM\"},\"image\":{\"@id\":\"https:\/\/radiolifefm.com.br\/noticias\/#\/schema\/logo\/image\/\"},\"sameAs\":[\"https:\/\/www.facebook.com\/radiolifefm\/\",\"https:\/\/www.instagram.com\/life1079fm\/\"]},{\"@type\":\"Person\",\"@id\":\"https:\/\/radiolifefm.com.br\/noticias\/#\/schema\/person\/6339b9fac59d12b071dec680d7375d87\",\"name\":\"ritanery\",\"image\":{\"@type\":\"ImageObject\",\"inLanguage\":\"pt-BR\",\"@id\":\"https:\/\/secure.gravatar.com\/avatar\/0e37bb19071f47c0b8a23f62a903df117c5a0e75f65a0c2901562f97cd41cf86?s=96&d=mm&r=g\",\"url\":\"https:\/\/secure.gravatar.com\/avatar\/0e37bb19071f47c0b8a23f62a903df117c5a0e75f65a0c2901562f97cd41cf86?s=96&d=mm&r=g\",\"contentUrl\":\"https:\/\/secure.gravatar.com\/avatar\/0e37bb19071f47c0b8a23f62a903df117c5a0e75f65a0c2901562f97cd41cf86?s=96&d=mm&r=g\",\"caption\":\"ritanery\"}}]}<\/script>\n<!-- \/ Yoast SEO plugin. -->","yoast_head_json":{"title":"Vigil\u00e2ncia Sanit\u00e1ria intensificar\u00e1 fiscaliza\u00e7\u00e3o durante o final de semana - R\u00e1dio Life FM","robots":{"index":"index","follow":"follow","max-snippet":"max-snippet:-1","max-image-preview":"max-image-preview:large","max-video-preview":"max-video-preview:-1"},"canonical":"https:\/\/radiolifefm.com.br\/noticias\/vigilancia-sanitaria-intensificara-fiscalizacao-durante-o-final-de-semana\/","og_locale":"pt_BR","og_type":"article","og_title":"Vigil\u00e2ncia Sanit\u00e1ria intensificar\u00e1 fiscaliza\u00e7\u00e3o durante o final de semana - R\u00e1dio Life FM","og_description":"A Prefeitura de Adamantina informa que de hoje (08) at\u00e9 segunda-feira (11), a Vigil\u00e2ncia Sanit\u00e1ria intensificar\u00e1 a fiscaliza\u00e7\u00e3o em estabelecimentos para que n\u00e3o sejam realizados eventos que ainda est\u00e3o proibidos pelo Plano S\u00e3o Paulo, evitando a perman\u00eancia de pessoas em p\u00e9 bem como verificar a utiliza\u00e7\u00e3o de m\u00e1scara que continua obrigat\u00f3ria em todos os locais [&hellip;]","og_url":"https:\/\/radiolifefm.com.br\/noticias\/vigilancia-sanitaria-intensificara-fiscalizacao-durante-o-final-de-semana\/","og_site_name":"R\u00e1dio Life FM","article_publisher":"https:\/\/www.facebook.com\/radiolifefm\/","article_published_time":"2021-10-09T01:41:33+00:00","article_modified_time":"2025-10-07T20:01:58+00:00","og_image":[{"width":544,"height":289,"url":"https:\/\/static.radiolifefm.com.br\/noticias\/wp-content\/uploads\/2021\/10\/15435967861260.png","type":"image\/png"}],"author":"ritanery","twitter_card":"summary_large_image","twitter_misc":{"Escrito por":"ritanery","Est. tempo de leitura":"1 minuto"},"schema":{"@context":"https:\/\/schema.org","@graph":[{"@type":"Article","@id":"https:\/\/radiolifefm.com.br\/noticias\/vigilancia-sanitaria-intensificara-fiscalizacao-durante-o-final-de-semana\/#article","isPartOf":{"@id":"https:\/\/radiolifefm.com.br\/noticias\/vigilancia-sanitaria-intensificara-fiscalizacao-durante-o-final-de-semana\/"},"author":{"name":"ritanery","@id":"https:\/\/radiolifefm.com.br\/noticias\/#\/schema\/person\/6339b9fac59d12b071dec680d7375d87"},"headline":"Vigil\u00e2ncia Sanit\u00e1ria intensificar\u00e1 fiscaliza\u00e7\u00e3o durante o final de semana","datePublished":"2021-10-09T01:41:33+00:00","dateModified":"2025-10-07T20:01:58+00:00","mainEntityOfPage":{"@id":"https:\/\/radiolifefm.com.br\/noticias\/vigilancia-sanitaria-intensificara-fiscalizacao-durante-o-final-de-semana\/"},"wordCount":145,"publisher":{"@id":"https:\/\/radiolifefm.com.br\/noticias\/#organization"},"image":{"@id":"https:\/\/radiolifefm.com.br\/noticias\/vigilancia-sanitaria-intensificara-fiscalizacao-durante-o-final-de-semana\/#primaryimage"},"thumbnailUrl":"https:\/\/radiolifefm.com.br\/noticias\/wp-content\/uploads\/2021\/10\/15435967861260.png","articleSection":["Adamantina"],"inLanguage":"pt-BR"},{"@type":"WebPage","@id":"https:\/\/radiolifefm.com.br\/noticias\/vigilancia-sanitaria-intensificara-fiscalizacao-durante-o-final-de-semana\/","url":"https:\/\/radiolifefm.com.br\/noticias\/vigilancia-sanitaria-intensificara-fiscalizacao-durante-o-final-de-semana\/","name":"Vigil\u00e2ncia Sanit\u00e1ria intensificar\u00e1 fiscaliza\u00e7\u00e3o durante o final de semana - R\u00e1dio Life FM","isPartOf":{"@id":"https:\/\/radiolifefm.com.br\/noticias\/#website"},"primaryImageOfPage":{"@id":"https:\/\/radiolifefm.com.br\/noticias\/vigilancia-sanitaria-intensificara-fiscalizacao-durante-o-final-de-semana\/#primaryimage"},"image":{"@id":"https:\/\/radiolifefm.com.br\/noticias\/vigilancia-sanitaria-intensificara-fiscalizacao-durante-o-final-de-semana\/#primaryimage"},"thumbnailUrl":"https:\/\/radiolifefm.com.br\/noticias\/wp-content\/uploads\/2021\/10\/15435967861260.png","datePublished":"2021-10-09T01:41:33+00:00","dateModified":"2025-10-07T20:01:58+00:00","breadcrumb":{"@id":"https:\/\/radiolifefm.com.br\/noticias\/vigilancia-sanitaria-intensificara-fiscalizacao-durante-o-final-de-semana\/#breadcrumb"},"inLanguage":"pt-BR","potentialAction":[{"@type":"ReadAction","target":["https:\/\/radiolifefm.com.br\/noticias\/vigilancia-sanitaria-intensificara-fiscalizacao-durante-o-final-de-semana\/"]}]},{"@type":"ImageObject","inLanguage":"pt-BR","@id":"https:\/\/radiolifefm.com.br\/noticias\/vigilancia-sanitaria-intensificara-fiscalizacao-durante-o-final-de-semana\/#primaryimage","url":"https:\/\/radiolifefm.com.br\/noticias\/wp-content\/uploads\/2021\/10\/15435967861260.png","contentUrl":"https:\/\/radiolifefm.com.br\/noticias\/wp-content\/uploads\/2021\/10\/15435967861260.png","width":544,"height":289},{"@type":"BreadcrumbList","@id":"https:\/\/radiolifefm.com.br\/noticias\/vigilancia-sanitaria-intensificara-fiscalizacao-durante-o-final-de-semana\/#breadcrumb","itemListElement":[{"@type":"ListItem","position":1,"name":"In\u00edcio","item":"https:\/\/radiolifefm.com.br\/noticias\/"},{"@type":"ListItem","position":2,"name":"Vigil\u00e2ncia Sanit\u00e1ria intensificar\u00e1 fiscaliza\u00e7\u00e3o durante o final de semana"}]},{"@type":"WebSite","@id":"https:\/\/radiolifefm.com.br\/noticias\/#website","url":"https:\/\/radiolifefm.com.br\/noticias\/","name":"R\u00e1dio Life FM","description":"O Portal de Not\u00edcias de Adamantina","publisher":{"@id":"https:\/\/radiolifefm.com.br\/noticias\/#organization"},"alternateName":"Life FM","potentialAction":[{"@type":"SearchAction","target":{"@type":"EntryPoint","urlTemplate":"https:\/\/radiolifefm.com.br\/noticias\/?s={search_term_string}"},"query-input":{"@type":"PropertyValueSpecification","valueRequired":true,"valueName":"search_term_string"}}],"inLanguage":"pt-BR"},{"@type":"Organization","@id":"https:\/\/radiolifefm.com.br\/noticias\/#organization","name":"R\u00e1dio Life FM","alternateName":"Life FM","url":"https:\/\/radiolifefm.com.br\/noticias\/","logo":{"@type":"ImageObject","inLanguage":"pt-BR","@id":"https:\/\/radiolifefm.com.br\/noticias\/#\/schema\/logo\/image\/","url":"https:\/\/static.radiolifefm.com.br\/noticias\/wp-content\/uploads\/2019\/10\/logo-lifefm.png","contentUrl":"https:\/\/static.radiolifefm.com.br\/noticias\/wp-content\/uploads\/2019\/10\/logo-lifefm.png","width":196,"height":47,"caption":"R\u00e1dio Life FM"},"image":{"@id":"https:\/\/radiolifefm.com.br\/noticias\/#\/schema\/logo\/image\/"},"sameAs":["https:\/\/www.facebook.com\/radiolifefm\/","https:\/\/www.instagram.com\/life1079fm\/"]},{"@type":"Person","@id":"https:\/\/radiolifefm.com.br\/noticias\/#\/schema\/person\/6339b9fac59d12b071dec680d7375d87","name":"ritanery","image":{"@type":"ImageObject","inLanguage":"pt-BR","@id":"https:\/\/secure.gravatar.com\/avatar\/0e37bb19071f47c0b8a23f62a903df117c5a0e75f65a0c2901562f97cd41cf86?s=96&d=mm&r=g","url":"https:\/\/secure.gravatar.com\/avatar\/0e37bb19071f47c0b8a23f62a903df117c5a0e75f65a0c2901562f97cd41cf86?s=96&d=mm&r=g","contentUrl":"https:\/\/secure.gravatar.com\/avatar\/0e37bb19071f47c0b8a23f62a903df117c5a0e75f65a0c2901562f97cd41cf86?s=96&d=mm&r=g","caption":"ritanery"}}]}},"amp_enabled":true,"_links":{"self":[{"href":"https:\/\/radiolifefm.com.br\/noticias\/wp-json\/wp\/v2\/posts\/43878","targetHints":{"allow":["GET"]}}],"collection":[{"href":"https:\/\/radiolifefm.com.br\/noticias\/wp-json\/wp\/v2\/posts"}],"about":[{"href":"https:\/\/radiolifefm.com.br\/noticias\/wp-json\/wp\/v2\/types\/post"}],"author":[{"embeddable":true,"href":"https:\/\/radiolifefm.com.br\/noticias\/wp-json\/wp\/v2\/users\/13"}],"replies":[{"embeddable":true,"href":"https:\/\/radiolifefm.com.br\/noticias\/wp-json\/wp\/v2\/comments?post=43878"}],"version-history":[{"count":2,"href":"https:\/\/radiolifefm.com.br\/noticias\/wp-json\/wp\/v2\/posts\/43878\/revisions"}],"predecessor-version":[{"id":43881,"href":"https:\/\/radiolifefm.com.br\/noticias\/wp-json\/wp\/v2\/posts\/43878\/revisions\/43881"}],"wp:featuredmedia":[{"embeddable":true,"href":"https:\/\/radiolifefm.com.br\/noticias\/wp-json\/wp\/v2\/media\/43879"}],"wp:attachment":[{"href":"https:\/\/radiolifefm.com.br\/noticias\/wp-json\/wp\/v2\/media?parent=43878"}],"wp:term":[{"taxonomy":"category","embeddable":true,"href":"https:\/\/radiolifefm.com.br\/noticias\/wp-json\/wp\/v2\/categories?post=43878"},{"taxonomy":"post_tag","embeddable":true,"href":"https:\/\/radiolifefm.com.br\/noticias\/wp-json\/wp\/v2\/tags?post=43878"}],"curies":[{"name":"wp","href":"https:\/\/api.w.org\/{rel}","templated":true}]}}