{"id":43762,"date":"2021-10-06T22:00:57","date_gmt":"2021-10-07T01:00:57","guid":{"rendered":"https:\/\/radiolifefm.com.br\/noticias\/?p=43762"},"modified":"2026-04-24T03:46:02","modified_gmt":"2026-04-24T06:46:02","slug":"a-promocao-e-comemoracao-do-dia-das-criancas-na-loja-mamae-coruja-ira-alegrar-as-criancas-e-agradar-os-paisadamantina","status":"publish","type":"post","link":"https:\/\/radiolifefm.com.br\/noticias\/a-promocao-e-comemoracao-do-dia-das-criancas-na-loja-mamae-coruja-ira-alegrar-as-criancas-e-agradar-os-paisadamantina\/","title":{"rendered":"A promo\u00e7\u00e3o e comemora\u00e7\u00e3o do Dia das Crian\u00e7as na Loja Mam\u00e3e Coruja, ir\u00e1 alegrar as crian\u00e7as e agradar os pais."},"content":{"rendered":"<div id=\"fb-root\"><\/div>\n<p>Os preparativos para\u00a0 a comemora\u00e7\u00e3o do Dia das Crian\u00e7as na Loja Mam\u00e3e Coruja ir\u00e1 alegrar as crian\u00e7as e agradar aos pais.<\/p>\n<p>&nbsp;<\/p>\n<p>Convidamos\u00a0 todos a participarem dessa comemora\u00e7\u00e3o no s\u00e1bado\u00a0\u00a0 dia 9\/10 das 10h \u00e0s 13h.<\/p>\n<p>&nbsp;<\/p>\n<p>Para as crian\u00e7as a loja ir\u00e1 oferecer:<\/p>\n<p>*pipoca<\/p>\n<p>*pintura facial<\/p>\n<p>*brindes personalizados<\/p>\n<p>* fotos profissionais com fot\u00f3grafo Bruno Luz<\/p>\n<p>&nbsp;<\/p>\n<p>Para os pais aproveitarem e economizarem, teremos uma imperd\u00edvel promo\u00e7\u00e3o de pe\u00e7as selecionadas com 50% de descontos, e ainda estar\u00e3o concorrendo a um vale compras no valor de R$ 50,00 (cinquenta reais).<\/p>\n<p>&nbsp;<\/p>\n<p>E para falarmos mais das promo\u00e7\u00f5es da loja e de tudo que h\u00e1 de mais encantador para suas crian\u00e7as, teremos uma Live no Programa Ch\u00e1 das 5, da r\u00e1dio Life Fm de Adamantina, a partir das 18h10, onde sortearemos um vale compras no valor d\u00ea R$ 50,00 (cinquenta reais) para compras na loja.<\/p>\n<p>&nbsp;<\/p>\n<p>O grande diferencial da loja Mam\u00e3e Coruja consiste em estar atenta a todas as novidades da moda infantil dos tamanhos RN ao 16.<\/p>\n<p>&nbsp;<\/p>\n<p>A loja lan\u00e7a em sua cole\u00e7\u00e3o com pe\u00e7as exclusivas a marca HUG, proporcionando as melhores tend\u00eancias com propostas criativas e vers\u00e1teis para o dia a dia cheio de estilo no look do beb\u00ea.<\/p>\n<p>&nbsp;<\/p>\n<p>No m\u00eas de lan\u00e7amento Ganhe 10% OFF na sua primeira compra e fique por dentro dos lan\u00e7amentos.<\/p>\n<p><img loading=\"lazy\" decoding=\"async\" class=\"alignnone size-full wp-image-43763\" src=\"https:\/\/static.radiolifefm.com.br\/wp-content\/uploads\/sites\/2\/2021\/10\/1.jpg\" alt=\"\" width=\"384\" height=\"577\" srcset=\"https:\/\/radiolifefm.com.br\/noticias\/wp-content\/uploads\/2021\/10\/1.jpg 384w, https:\/\/radiolifefm.com.br\/noticias\/wp-content\/uploads\/2021\/10\/1-200x300.jpg 200w\" sizes=\"auto, (max-width: 384px) 100vw, 384px\" \/><\/p>\n<p>A cole\u00e7\u00e3o primavera ver\u00e3o merece destaque especial pois garante leveza e conforto, tudo que a crian\u00e7a precisa para ser livre, leve e feliz.<\/p>\n<p><img loading=\"lazy\" decoding=\"async\" class=\"alignnone size-full wp-image-43764\" src=\"https:\/\/static.radiolifefm.com.br\/wp-content\/uploads\/sites\/2\/2021\/10\/2j.jpg\" alt=\"\" width=\"285\" height=\"428\" srcset=\"https:\/\/radiolifefm.com.br\/noticias\/wp-content\/uploads\/2021\/10\/2j.jpg 285w, https:\/\/radiolifefm.com.br\/noticias\/wp-content\/uploads\/2021\/10\/2j-200x300.jpg 200w\" sizes=\"auto, (max-width: 285px) 100vw, 285px\" \/><\/p>\n<p>Como o futuro come\u00e7a a ser constru\u00eddo hoje, a loja Mam\u00e3e Coruja pensando l\u00e1 na frente est\u00e1 atenta a moda infantil e oferece a seus clientes a cole\u00e7\u00e3o alto ver\u00e3o 2022.<\/p>\n<div class='flex flex-wrap items-center -mx-1'>\r\n<a class='thumbnail gallery p-1 w-1\/2 md:w-1\/4' href='https:\/\/radiolifefm.com.br\/noticias\/wp-content\/uploads\/2021\/10\/3.jpg'><img class='border border-white' src='https:\/\/radiolifefm.com.br\/noticias\/wp-content\/uploads\/2021\/10\/3-200x200.jpg' alt='3' \/><\/a><a class='thumbnail gallery p-1 w-1\/2 md:w-1\/4' href='https:\/\/radiolifefm.com.br\/noticias\/wp-content\/uploads\/2021\/10\/4.jpg'><img class='border border-white' src='https:\/\/radiolifefm.com.br\/noticias\/wp-content\/uploads\/2021\/10\/4-200x200.jpg' alt='4' \/><\/a><a class='thumbnail gallery p-1 w-1\/2 md:w-1\/4' href='https:\/\/radiolifefm.com.br\/noticias\/wp-content\/uploads\/2021\/10\/5.jpg'><img class='border border-white' src='https:\/\/radiolifefm.com.br\/noticias\/wp-content\/uploads\/2021\/10\/5-200x200.jpg' alt='5' \/><\/a><a class='thumbnail gallery p-1 w-1\/2 md:w-1\/4' href='https:\/\/radiolifefm.com.br\/noticias\/wp-content\/uploads\/2021\/10\/6.png'><img class='border border-white' src='https:\/\/radiolifefm.com.br\/noticias\/wp-content\/uploads\/2021\/10\/6-200x200.png' alt='6' \/><\/a><\/div>\n<p><strong>Aten\u00e7\u00e3o ao hor\u00e1rio especial de atendimento:<\/strong><\/p>\n<p>&nbsp;<\/p>\n<p><strong>S\u00e1bado<\/strong> das 9h \u00e0s 16h<\/p>\n<p>&nbsp;<\/p>\n<p><strong>Segunda \u2013 feira<\/strong> 11\/10 das 9h \u00e0s 22h<\/p>\n<p>&nbsp;<\/p>\n<p>Conhe\u00e7a as novidades no Instagram: @mamaecorujaadamantina<\/p>\n<p>&nbsp;<\/p>\n<p>Fone: (18)99714 3341<\/p>\n<p>Rua Deputado Sales Filho, 314\u00a0 \/ Centro &#8211; Adamantina<\/p>\n","protected":false},"excerpt":{"rendered":"<p>Os preparativos para\u00a0 a comemora\u00e7\u00e3o do Dia das Crian\u00e7as na Loja Mam\u00e3e Coruja ir\u00e1 alegrar as crian\u00e7as e agradar aos pais. &nbsp; Convidamos\u00a0 todos a participarem dessa comemora\u00e7\u00e3o no s\u00e1bado\u00a0\u00a0 dia 9\/10 das 10h \u00e0s 13h. &nbsp; Para as crian\u00e7as a loja ir\u00e1 oferecer: *pipoca *pintura facial *brindes personalizados * fotos profissionais com fot\u00f3grafo Bruno [&hellip;]<\/p>\n","protected":false},"author":13,"featured_media":43771,"comment_status":"closed","ping_status":"open","sticky":false,"template":"","format":"standard","meta":{"_acf_changed":false,"_exactmetrics_skip_tracking":false,"_exactmetrics_sitenote_active":false,"_exactmetrics_sitenote_note":"","_exactmetrics_sitenote_category":0,"footnotes":""},"categories":[21],"tags":[],"class_list":["post-43762","post","type-post","status-publish","format-standard","has-post-thumbnail","hentry","category-adamantina"],"acf":[],"yoast_head":"<!-- This site is optimized with the Yoast SEO plugin v27.2 - https:\/\/yoast.com\/product\/yoast-seo-wordpress\/ -->\n<title>A promo\u00e7\u00e3o e comemora\u00e7\u00e3o do Dia das Crian\u00e7as na Loja Mam\u00e3e Coruja, ir\u00e1 alegrar as crian\u00e7as e agradar os pais. - R\u00e1dio Life FM<\/title>\n<meta name=\"robots\" content=\"index, follow, max-snippet:-1, max-image-preview:large, max-video-preview:-1\" \/>\n<link rel=\"canonical\" href=\"https:\/\/radiolifefm.com.br\/noticias\/a-promocao-e-comemoracao-do-dia-das-criancas-na-loja-mamae-coruja-ira-alegrar-as-criancas-e-agradar-os-paisadamantina\/\" \/>\n<meta property=\"og:locale\" content=\"pt_BR\" \/>\n<meta property=\"og:type\" content=\"article\" \/>\n<meta property=\"og:title\" content=\"A promo\u00e7\u00e3o e comemora\u00e7\u00e3o do Dia das Crian\u00e7as na Loja Mam\u00e3e Coruja, ir\u00e1 alegrar as crian\u00e7as e agradar os pais. - R\u00e1dio Life FM\" \/>\n<meta property=\"og:description\" content=\"Os preparativos para\u00a0 a comemora\u00e7\u00e3o do Dia das Crian\u00e7as na Loja Mam\u00e3e Coruja ir\u00e1 alegrar as crian\u00e7as e agradar aos pais. &nbsp; Convidamos\u00a0 todos a participarem dessa comemora\u00e7\u00e3o no s\u00e1bado\u00a0\u00a0 dia 9\/10 das 10h \u00e0s 13h. &nbsp; Para as crian\u00e7as a loja ir\u00e1 oferecer: *pipoca *pintura facial *brindes personalizados * fotos profissionais com fot\u00f3grafo Bruno [&hellip;]\" \/>\n<meta property=\"og:url\" content=\"https:\/\/radiolifefm.com.br\/noticias\/a-promocao-e-comemoracao-do-dia-das-criancas-na-loja-mamae-coruja-ira-alegrar-as-criancas-e-agradar-os-paisadamantina\/\" \/>\n<meta property=\"og:site_name\" content=\"R\u00e1dio Life FM\" \/>\n<meta property=\"article:publisher\" content=\"https:\/\/www.facebook.com\/radiolifefm\/\" \/>\n<meta property=\"article:published_time\" content=\"2021-10-07T01:00:57+00:00\" \/>\n<meta property=\"article:modified_time\" content=\"2026-04-24T06:46:02+00:00\" \/>\n<meta property=\"og:image\" content=\"https:\/\/radiolifefm.com.br\/noticias\/wp-content\/uploads\/2021\/10\/WhatsApp-Image-2021-10-06-at-20.15.40.jpeg\" \/>\n\t<meta property=\"og:image:width\" content=\"828\" \/>\n\t<meta property=\"og:image:height\" content=\"1472\" \/>\n\t<meta property=\"og:image:type\" content=\"image\/jpeg\" \/>\n<meta name=\"author\" content=\"ritanery\" \/>\n<meta name=\"twitter:card\" content=\"summary_large_image\" \/>\n<meta name=\"twitter:label1\" content=\"Escrito por\" \/>\n\t<meta name=\"twitter:data1\" content=\"ritanery\" \/>\n\t<meta name=\"twitter:label2\" content=\"Est. tempo de leitura\" \/>\n\t<meta name=\"twitter:data2\" content=\"2 minutos\" \/>\n<script type=\"application\/ld+json\" class=\"yoast-schema-graph\">{\"@context\":\"https:\/\/schema.org\",\"@graph\":[{\"@type\":\"Article\",\"@id\":\"https:\/\/radiolifefm.com.br\/noticias\/a-promocao-e-comemoracao-do-dia-das-criancas-na-loja-mamae-coruja-ira-alegrar-as-criancas-e-agradar-os-paisadamantina\/#article\",\"isPartOf\":{\"@id\":\"https:\/\/radiolifefm.com.br\/noticias\/a-promocao-e-comemoracao-do-dia-das-criancas-na-loja-mamae-coruja-ira-alegrar-as-criancas-e-agradar-os-paisadamantina\/\"},\"author\":{\"name\":\"ritanery\",\"@id\":\"https:\/\/radiolifefm.com.br\/noticias\/#\/schema\/person\/6339b9fac59d12b071dec680d7375d87\"},\"headline\":\"A promo\u00e7\u00e3o e comemora\u00e7\u00e3o do Dia das Crian\u00e7as na Loja Mam\u00e3e Coruja, ir\u00e1 alegrar as crian\u00e7as e agradar os pais.\",\"datePublished\":\"2021-10-07T01:00:57+00:00\",\"dateModified\":\"2026-04-24T06:46:02+00:00\",\"mainEntityOfPage\":{\"@id\":\"https:\/\/radiolifefm.com.br\/noticias\/a-promocao-e-comemoracao-do-dia-das-criancas-na-loja-mamae-coruja-ira-alegrar-as-criancas-e-agradar-os-paisadamantina\/\"},\"wordCount\":365,\"publisher\":{\"@id\":\"https:\/\/radiolifefm.com.br\/noticias\/#organization\"},\"image\":{\"@id\":\"https:\/\/radiolifefm.com.br\/noticias\/a-promocao-e-comemoracao-do-dia-das-criancas-na-loja-mamae-coruja-ira-alegrar-as-criancas-e-agradar-os-paisadamantina\/#primaryimage\"},\"thumbnailUrl\":\"https:\/\/radiolifefm.com.br\/noticias\/wp-content\/uploads\/2021\/10\/WhatsApp-Image-2021-10-06-at-20.15.40.jpeg\",\"articleSection\":[\"Adamantina\"],\"inLanguage\":\"pt-BR\"},{\"@type\":\"WebPage\",\"@id\":\"https:\/\/radiolifefm.com.br\/noticias\/a-promocao-e-comemoracao-do-dia-das-criancas-na-loja-mamae-coruja-ira-alegrar-as-criancas-e-agradar-os-paisadamantina\/\",\"url\":\"https:\/\/radiolifefm.com.br\/noticias\/a-promocao-e-comemoracao-do-dia-das-criancas-na-loja-mamae-coruja-ira-alegrar-as-criancas-e-agradar-os-paisadamantina\/\",\"name\":\"A promo\u00e7\u00e3o e comemora\u00e7\u00e3o do Dia das Crian\u00e7as na Loja Mam\u00e3e Coruja, ir\u00e1 alegrar as crian\u00e7as e agradar os pais. - R\u00e1dio Life FM\",\"isPartOf\":{\"@id\":\"https:\/\/radiolifefm.com.br\/noticias\/#website\"},\"primaryImageOfPage\":{\"@id\":\"https:\/\/radiolifefm.com.br\/noticias\/a-promocao-e-comemoracao-do-dia-das-criancas-na-loja-mamae-coruja-ira-alegrar-as-criancas-e-agradar-os-paisadamantina\/#primaryimage\"},\"image\":{\"@id\":\"https:\/\/radiolifefm.com.br\/noticias\/a-promocao-e-comemoracao-do-dia-das-criancas-na-loja-mamae-coruja-ira-alegrar-as-criancas-e-agradar-os-paisadamantina\/#primaryimage\"},\"thumbnailUrl\":\"https:\/\/radiolifefm.com.br\/noticias\/wp-content\/uploads\/2021\/10\/WhatsApp-Image-2021-10-06-at-20.15.40.jpeg\",\"datePublished\":\"2021-10-07T01:00:57+00:00\",\"dateModified\":\"2026-04-24T06:46:02+00:00\",\"breadcrumb\":{\"@id\":\"https:\/\/radiolifefm.com.br\/noticias\/a-promocao-e-comemoracao-do-dia-das-criancas-na-loja-mamae-coruja-ira-alegrar-as-criancas-e-agradar-os-paisadamantina\/#breadcrumb\"},\"inLanguage\":\"pt-BR\",\"potentialAction\":[{\"@type\":\"ReadAction\",\"target\":[\"https:\/\/radiolifefm.com.br\/noticias\/a-promocao-e-comemoracao-do-dia-das-criancas-na-loja-mamae-coruja-ira-alegrar-as-criancas-e-agradar-os-paisadamantina\/\"]}]},{\"@type\":\"ImageObject\",\"inLanguage\":\"pt-BR\",\"@id\":\"https:\/\/radiolifefm.com.br\/noticias\/a-promocao-e-comemoracao-do-dia-das-criancas-na-loja-mamae-coruja-ira-alegrar-as-criancas-e-agradar-os-paisadamantina\/#primaryimage\",\"url\":\"https:\/\/radiolifefm.com.br\/noticias\/wp-content\/uploads\/2021\/10\/WhatsApp-Image-2021-10-06-at-20.15.40.jpeg\",\"contentUrl\":\"https:\/\/radiolifefm.com.br\/noticias\/wp-content\/uploads\/2021\/10\/WhatsApp-Image-2021-10-06-at-20.15.40.jpeg\",\"width\":828,\"height\":1472,\"caption\":\"Festeja o Dia das Crian\u00e7as com alegria, divers\u00e3o e muito amor.\"},{\"@type\":\"BreadcrumbList\",\"@id\":\"https:\/\/radiolifefm.com.br\/noticias\/a-promocao-e-comemoracao-do-dia-das-criancas-na-loja-mamae-coruja-ira-alegrar-as-criancas-e-agradar-os-paisadamantina\/#breadcrumb\",\"itemListElement\":[{\"@type\":\"ListItem\",\"position\":1,\"name\":\"In\u00edcio\",\"item\":\"https:\/\/radiolifefm.com.br\/noticias\/\"},{\"@type\":\"ListItem\",\"position\":2,\"name\":\"A promo\u00e7\u00e3o e comemora\u00e7\u00e3o do Dia das Crian\u00e7as na Loja Mam\u00e3e Coruja, ir\u00e1 alegrar as crian\u00e7as e agradar os pais.\"}]},{\"@type\":\"WebSite\",\"@id\":\"https:\/\/radiolifefm.com.br\/noticias\/#website\",\"url\":\"https:\/\/radiolifefm.com.br\/noticias\/\",\"name\":\"R\u00e1dio Life FM\",\"description\":\"O Portal de Not\u00edcias de Adamantina\",\"publisher\":{\"@id\":\"https:\/\/radiolifefm.com.br\/noticias\/#organization\"},\"alternateName\":\"Life FM\",\"potentialAction\":[{\"@type\":\"SearchAction\",\"target\":{\"@type\":\"EntryPoint\",\"urlTemplate\":\"https:\/\/radiolifefm.com.br\/noticias\/?s={search_term_string}\"},\"query-input\":{\"@type\":\"PropertyValueSpecification\",\"valueRequired\":true,\"valueName\":\"search_term_string\"}}],\"inLanguage\":\"pt-BR\"},{\"@type\":\"Organization\",\"@id\":\"https:\/\/radiolifefm.com.br\/noticias\/#organization\",\"name\":\"R\u00e1dio Life FM\",\"alternateName\":\"Life FM\",\"url\":\"https:\/\/radiolifefm.com.br\/noticias\/\",\"logo\":{\"@type\":\"ImageObject\",\"inLanguage\":\"pt-BR\",\"@id\":\"https:\/\/radiolifefm.com.br\/noticias\/#\/schema\/logo\/image\/\",\"url\":\"https:\/\/static.radiolifefm.com.br\/noticias\/wp-content\/uploads\/2019\/10\/logo-lifefm.png\",\"contentUrl\":\"https:\/\/static.radiolifefm.com.br\/noticias\/wp-content\/uploads\/2019\/10\/logo-lifefm.png\",\"width\":196,\"height\":47,\"caption\":\"R\u00e1dio Life FM\"},\"image\":{\"@id\":\"https:\/\/radiolifefm.com.br\/noticias\/#\/schema\/logo\/image\/\"},\"sameAs\":[\"https:\/\/www.facebook.com\/radiolifefm\/\",\"https:\/\/www.instagram.com\/life1079fm\/\"]},{\"@type\":\"Person\",\"@id\":\"https:\/\/radiolifefm.com.br\/noticias\/#\/schema\/person\/6339b9fac59d12b071dec680d7375d87\",\"name\":\"ritanery\",\"image\":{\"@type\":\"ImageObject\",\"inLanguage\":\"pt-BR\",\"@id\":\"https:\/\/secure.gravatar.com\/avatar\/0e37bb19071f47c0b8a23f62a903df117c5a0e75f65a0c2901562f97cd41cf86?s=96&d=mm&r=g\",\"url\":\"https:\/\/secure.gravatar.com\/avatar\/0e37bb19071f47c0b8a23f62a903df117c5a0e75f65a0c2901562f97cd41cf86?s=96&d=mm&r=g\",\"contentUrl\":\"https:\/\/secure.gravatar.com\/avatar\/0e37bb19071f47c0b8a23f62a903df117c5a0e75f65a0c2901562f97cd41cf86?s=96&d=mm&r=g\",\"caption\":\"ritanery\"}}]}<\/script>\n<!-- \/ Yoast SEO plugin. -->","yoast_head_json":{"title":"A promo\u00e7\u00e3o e comemora\u00e7\u00e3o do Dia das Crian\u00e7as na Loja Mam\u00e3e Coruja, ir\u00e1 alegrar as crian\u00e7as e agradar os pais. - R\u00e1dio Life FM","robots":{"index":"index","follow":"follow","max-snippet":"max-snippet:-1","max-image-preview":"max-image-preview:large","max-video-preview":"max-video-preview:-1"},"canonical":"https:\/\/radiolifefm.com.br\/noticias\/a-promocao-e-comemoracao-do-dia-das-criancas-na-loja-mamae-coruja-ira-alegrar-as-criancas-e-agradar-os-paisadamantina\/","og_locale":"pt_BR","og_type":"article","og_title":"A promo\u00e7\u00e3o e comemora\u00e7\u00e3o do Dia das Crian\u00e7as na Loja Mam\u00e3e Coruja, ir\u00e1 alegrar as crian\u00e7as e agradar os pais. - R\u00e1dio Life FM","og_description":"Os preparativos para\u00a0 a comemora\u00e7\u00e3o do Dia das Crian\u00e7as na Loja Mam\u00e3e Coruja ir\u00e1 alegrar as crian\u00e7as e agradar aos pais. &nbsp; Convidamos\u00a0 todos a participarem dessa comemora\u00e7\u00e3o no s\u00e1bado\u00a0\u00a0 dia 9\/10 das 10h \u00e0s 13h. &nbsp; Para as crian\u00e7as a loja ir\u00e1 oferecer: *pipoca *pintura facial *brindes personalizados * fotos profissionais com fot\u00f3grafo Bruno [&hellip;]","og_url":"https:\/\/radiolifefm.com.br\/noticias\/a-promocao-e-comemoracao-do-dia-das-criancas-na-loja-mamae-coruja-ira-alegrar-as-criancas-e-agradar-os-paisadamantina\/","og_site_name":"R\u00e1dio Life FM","article_publisher":"https:\/\/www.facebook.com\/radiolifefm\/","article_published_time":"2021-10-07T01:00:57+00:00","article_modified_time":"2026-04-24T06:46:02+00:00","og_image":[{"width":828,"height":1472,"url":"https:\/\/radiolifefm.com.br\/noticias\/wp-content\/uploads\/2021\/10\/WhatsApp-Image-2021-10-06-at-20.15.40.jpeg","type":"image\/jpeg"}],"author":"ritanery","twitter_card":"summary_large_image","twitter_misc":{"Escrito por":"ritanery","Est. tempo de leitura":"2 minutos"},"schema":{"@context":"https:\/\/schema.org","@graph":[{"@type":"Article","@id":"https:\/\/radiolifefm.com.br\/noticias\/a-promocao-e-comemoracao-do-dia-das-criancas-na-loja-mamae-coruja-ira-alegrar-as-criancas-e-agradar-os-paisadamantina\/#article","isPartOf":{"@id":"https:\/\/radiolifefm.com.br\/noticias\/a-promocao-e-comemoracao-do-dia-das-criancas-na-loja-mamae-coruja-ira-alegrar-as-criancas-e-agradar-os-paisadamantina\/"},"author":{"name":"ritanery","@id":"https:\/\/radiolifefm.com.br\/noticias\/#\/schema\/person\/6339b9fac59d12b071dec680d7375d87"},"headline":"A promo\u00e7\u00e3o e comemora\u00e7\u00e3o do Dia das Crian\u00e7as na Loja Mam\u00e3e Coruja, ir\u00e1 alegrar as crian\u00e7as e agradar os pais.","datePublished":"2021-10-07T01:00:57+00:00","dateModified":"2026-04-24T06:46:02+00:00","mainEntityOfPage":{"@id":"https:\/\/radiolifefm.com.br\/noticias\/a-promocao-e-comemoracao-do-dia-das-criancas-na-loja-mamae-coruja-ira-alegrar-as-criancas-e-agradar-os-paisadamantina\/"},"wordCount":365,"publisher":{"@id":"https:\/\/radiolifefm.com.br\/noticias\/#organization"},"image":{"@id":"https:\/\/radiolifefm.com.br\/noticias\/a-promocao-e-comemoracao-do-dia-das-criancas-na-loja-mamae-coruja-ira-alegrar-as-criancas-e-agradar-os-paisadamantina\/#primaryimage"},"thumbnailUrl":"https:\/\/radiolifefm.com.br\/noticias\/wp-content\/uploads\/2021\/10\/WhatsApp-Image-2021-10-06-at-20.15.40.jpeg","articleSection":["Adamantina"],"inLanguage":"pt-BR"},{"@type":"WebPage","@id":"https:\/\/radiolifefm.com.br\/noticias\/a-promocao-e-comemoracao-do-dia-das-criancas-na-loja-mamae-coruja-ira-alegrar-as-criancas-e-agradar-os-paisadamantina\/","url":"https:\/\/radiolifefm.com.br\/noticias\/a-promocao-e-comemoracao-do-dia-das-criancas-na-loja-mamae-coruja-ira-alegrar-as-criancas-e-agradar-os-paisadamantina\/","name":"A promo\u00e7\u00e3o e comemora\u00e7\u00e3o do Dia das Crian\u00e7as na Loja Mam\u00e3e Coruja, ir\u00e1 alegrar as crian\u00e7as e agradar os pais. - R\u00e1dio Life FM","isPartOf":{"@id":"https:\/\/radiolifefm.com.br\/noticias\/#website"},"primaryImageOfPage":{"@id":"https:\/\/radiolifefm.com.br\/noticias\/a-promocao-e-comemoracao-do-dia-das-criancas-na-loja-mamae-coruja-ira-alegrar-as-criancas-e-agradar-os-paisadamantina\/#primaryimage"},"image":{"@id":"https:\/\/radiolifefm.com.br\/noticias\/a-promocao-e-comemoracao-do-dia-das-criancas-na-loja-mamae-coruja-ira-alegrar-as-criancas-e-agradar-os-paisadamantina\/#primaryimage"},"thumbnailUrl":"https:\/\/radiolifefm.com.br\/noticias\/wp-content\/uploads\/2021\/10\/WhatsApp-Image-2021-10-06-at-20.15.40.jpeg","datePublished":"2021-10-07T01:00:57+00:00","dateModified":"2026-04-24T06:46:02+00:00","breadcrumb":{"@id":"https:\/\/radiolifefm.com.br\/noticias\/a-promocao-e-comemoracao-do-dia-das-criancas-na-loja-mamae-coruja-ira-alegrar-as-criancas-e-agradar-os-paisadamantina\/#breadcrumb"},"inLanguage":"pt-BR","potentialAction":[{"@type":"ReadAction","target":["https:\/\/radiolifefm.com.br\/noticias\/a-promocao-e-comemoracao-do-dia-das-criancas-na-loja-mamae-coruja-ira-alegrar-as-criancas-e-agradar-os-paisadamantina\/"]}]},{"@type":"ImageObject","inLanguage":"pt-BR","@id":"https:\/\/radiolifefm.com.br\/noticias\/a-promocao-e-comemoracao-do-dia-das-criancas-na-loja-mamae-coruja-ira-alegrar-as-criancas-e-agradar-os-paisadamantina\/#primaryimage","url":"https:\/\/radiolifefm.com.br\/noticias\/wp-content\/uploads\/2021\/10\/WhatsApp-Image-2021-10-06-at-20.15.40.jpeg","contentUrl":"https:\/\/radiolifefm.com.br\/noticias\/wp-content\/uploads\/2021\/10\/WhatsApp-Image-2021-10-06-at-20.15.40.jpeg","width":828,"height":1472,"caption":"Festeja o Dia das Crian\u00e7as com alegria, divers\u00e3o e muito amor."},{"@type":"BreadcrumbList","@id":"https:\/\/radiolifefm.com.br\/noticias\/a-promocao-e-comemoracao-do-dia-das-criancas-na-loja-mamae-coruja-ira-alegrar-as-criancas-e-agradar-os-paisadamantina\/#breadcrumb","itemListElement":[{"@type":"ListItem","position":1,"name":"In\u00edcio","item":"https:\/\/radiolifefm.com.br\/noticias\/"},{"@type":"ListItem","position":2,"name":"A promo\u00e7\u00e3o e comemora\u00e7\u00e3o do Dia das Crian\u00e7as na Loja Mam\u00e3e Coruja, ir\u00e1 alegrar as crian\u00e7as e agradar os pais."}]},{"@type":"WebSite","@id":"https:\/\/radiolifefm.com.br\/noticias\/#website","url":"https:\/\/radiolifefm.com.br\/noticias\/","name":"R\u00e1dio Life FM","description":"O Portal de Not\u00edcias de Adamantina","publisher":{"@id":"https:\/\/radiolifefm.com.br\/noticias\/#organization"},"alternateName":"Life FM","potentialAction":[{"@type":"SearchAction","target":{"@type":"EntryPoint","urlTemplate":"https:\/\/radiolifefm.com.br\/noticias\/?s={search_term_string}"},"query-input":{"@type":"PropertyValueSpecification","valueRequired":true,"valueName":"search_term_string"}}],"inLanguage":"pt-BR"},{"@type":"Organization","@id":"https:\/\/radiolifefm.com.br\/noticias\/#organization","name":"R\u00e1dio Life FM","alternateName":"Life FM","url":"https:\/\/radiolifefm.com.br\/noticias\/","logo":{"@type":"ImageObject","inLanguage":"pt-BR","@id":"https:\/\/radiolifefm.com.br\/noticias\/#\/schema\/logo\/image\/","url":"https:\/\/static.radiolifefm.com.br\/noticias\/wp-content\/uploads\/2019\/10\/logo-lifefm.png","contentUrl":"https:\/\/static.radiolifefm.com.br\/noticias\/wp-content\/uploads\/2019\/10\/logo-lifefm.png","width":196,"height":47,"caption":"R\u00e1dio Life FM"},"image":{"@id":"https:\/\/radiolifefm.com.br\/noticias\/#\/schema\/logo\/image\/"},"sameAs":["https:\/\/www.facebook.com\/radiolifefm\/","https:\/\/www.instagram.com\/life1079fm\/"]},{"@type":"Person","@id":"https:\/\/radiolifefm.com.br\/noticias\/#\/schema\/person\/6339b9fac59d12b071dec680d7375d87","name":"ritanery","image":{"@type":"ImageObject","inLanguage":"pt-BR","@id":"https:\/\/secure.gravatar.com\/avatar\/0e37bb19071f47c0b8a23f62a903df117c5a0e75f65a0c2901562f97cd41cf86?s=96&d=mm&r=g","url":"https:\/\/secure.gravatar.com\/avatar\/0e37bb19071f47c0b8a23f62a903df117c5a0e75f65a0c2901562f97cd41cf86?s=96&d=mm&r=g","contentUrl":"https:\/\/secure.gravatar.com\/avatar\/0e37bb19071f47c0b8a23f62a903df117c5a0e75f65a0c2901562f97cd41cf86?s=96&d=mm&r=g","caption":"ritanery"}}]}},"amp_enabled":true,"_links":{"self":[{"href":"https:\/\/radiolifefm.com.br\/noticias\/wp-json\/wp\/v2\/posts\/43762","targetHints":{"allow":["GET"]}}],"collection":[{"href":"https:\/\/radiolifefm.com.br\/noticias\/wp-json\/wp\/v2\/posts"}],"about":[{"href":"https:\/\/radiolifefm.com.br\/noticias\/wp-json\/wp\/v2\/types\/post"}],"author":[{"embeddable":true,"href":"https:\/\/radiolifefm.com.br\/noticias\/wp-json\/wp\/v2\/users\/13"}],"replies":[{"embeddable":true,"href":"https:\/\/radiolifefm.com.br\/noticias\/wp-json\/wp\/v2\/comments?post=43762"}],"version-history":[{"count":3,"href":"https:\/\/radiolifefm.com.br\/noticias\/wp-json\/wp\/v2\/posts\/43762\/revisions"}],"predecessor-version":[{"id":43794,"href":"https:\/\/radiolifefm.com.br\/noticias\/wp-json\/wp\/v2\/posts\/43762\/revisions\/43794"}],"wp:featuredmedia":[{"embeddable":true,"href":"https:\/\/radiolifefm.com.br\/noticias\/wp-json\/wp\/v2\/media\/43771"}],"wp:attachment":[{"href":"https:\/\/radiolifefm.com.br\/noticias\/wp-json\/wp\/v2\/media?parent=43762"}],"wp:term":[{"taxonomy":"category","embeddable":true,"href":"https:\/\/radiolifefm.com.br\/noticias\/wp-json\/wp\/v2\/categories?post=43762"},{"taxonomy":"post_tag","embeddable":true,"href":"https:\/\/radiolifefm.com.br\/noticias\/wp-json\/wp\/v2\/tags?post=43762"}],"curies":[{"name":"wp","href":"https:\/\/api.w.org\/{rel}","templated":true}]}}