{"id":43751,"date":"2021-10-06T21:19:50","date_gmt":"2021-10-07T00:19:50","guid":{"rendered":"https:\/\/radiolifefm.com.br\/noticias\/?p=43751"},"modified":"2026-04-08T18:22:07","modified_gmt":"2026-04-08T21:22:07","slug":"sindicato-alertou-em-marco-sobre-risco-de-contagio-por-covid-19-na-secretaria-de-planejamento","status":"publish","type":"post","link":"https:\/\/radiolifefm.com.br\/noticias\/sindicato-alertou-em-marco-sobre-risco-de-contagio-por-covid-19-na-secretaria-de-planejamento\/","title":{"rendered":"Sindicato alertou em mar\u00e7o sobre risco de cont\u00e1gio por Covid-19 na Secretaria de Planejamento"},"content":{"rendered":"<div id=\"fb-root\"><\/div>\n<p>Em 11 de mar\u00e7o deste ano, por meio de of\u00edcio, o\u00a0\u00a0Sindicato dos Servidores P\u00fablicos Municipais da Regi\u00e3o de Adamantina (Sindserv) protocolou no gabinete do prefeito M\u00e1rcio Cardim um of\u00edcio\u00a0<em>(veja reprodu\u00e7\u00e3o do documento ao final da mat\u00e9ria)<\/em>\u00a0onde alertou sobre a necessidade de o poder p\u00fablico promover medidas de prote\u00e7\u00e3o aos servidores municipais, aos riscos de cont\u00e1gio por Covid-19. Na \u00e9poca,<a href=\"https:\/\/www.sigamais.com\/noticias\/coronavirus\/sindicato-diz-haver-falhas-na-protecao-a-servidores-e-pede-vacina-para-pessoal-da-limpeza-publica\/\"><strong>\u00a0esse pedido foi noticiado pelo SIGA MAIS<\/strong><\/a>.<\/p>\n<p>&nbsp;<\/p>\n<p>O alerta de sete meses atr\u00e1s se consumou. O of\u00edcio do Sindicato cita especificamente as depend\u00eancias da Secretaria Municipal de Planejamento, reparti\u00e7\u00e3o que no come\u00e7o da tarde desta quarta-feira (6)\u00a0<a href=\"https:\/\/www.sigamais.com\/noticias\/coronavirus\/apos-caso-de-covid19-em-servidores-publicos-secretaria-de-planejamento-e-fechada\/\"><strong>suspendeu o atendimento ao p\u00fablico, ap\u00f3s casos de Covid-19 entre servidores municipais que trabalham no local<\/strong><\/a>.<\/p>\n<p>&nbsp;<\/p>\n<p>Com o fechamento do espa\u00e7o, o atendimento ao p\u00fablico, no local, volta a ocorrer somente na pr\u00f3xima quarta-feira (13), ap\u00f3s o feriado nacional da Padroeira. Na Secretaria tamb\u00e9m funciona o Departamento Municipal de Tr\u00e2nsito (DEMTRAN), onde s\u00e3o protocolados e despachados os pedidos de recursos de multas de tr\u00e2nsito. No per\u00edodo de fechamento do local, os pedidos dever\u00e3o ser protocolados junto ao Setor de Protocolo, no piso t\u00e9rreo do Pa\u00e7o Municipal\u00a0<em>(veja abaixo mais informa\u00e7\u00f5es)<\/em>.<\/p>\n<p>&nbsp;<\/p>\n<p><strong>O alerta do Sindicato<\/strong><\/p>\n<p>Organizado em t\u00f3picos, o documento protocolado em mar\u00e7o deste ano pelo Sindserv cita aquele momento da pandemia \u2013 auge da terceira onda \u2013, menciona medidas adotadas em n\u00edveis estadual e municipal, e tamb\u00e9m a morte de dois servidores municipais pela doen\u00e7a. Naquela ocasi\u00e3o, os casos fatais eram de um servidor da \u00e1rea de sa\u00fade e outro da autarquia UniFAI. &#8220;No entanto, pelo que temos observado, mesmo assim a Prefeitura ainda n\u00e3o tomou as medidas necess\u00e1rias para proteger do Covid-19 os seus servidores&#8221;, menciona o of\u00edcio de 11 de mar\u00e7o.<\/p>\n<p>&nbsp;<\/p>\n<p>O documento aponta, especificamente, as instala\u00e7\u00f5es da Secretaria Municipal de Planejamento. \u201cUm exemplo disso est\u00e1 na Secretaria de Planejamento, pois numa sala de aproximadamente 20 mts\u00b2 (setor de engenharia) trabalha oito servidores. No local quase n\u00e3o existe circula\u00e7\u00e3o natural de ar, e isso coloca esses funcion\u00e1rios numa situa\u00e7\u00e3o de risco extremo em rela\u00e7\u00e3o ao covid-19\u201d, adverte.<\/p>\n<p>&nbsp;<\/p>\n<p>O of\u00edcio prossegue fundamentando a necessidade de especial aten\u00e7\u00e3o a essa unidade de reparti\u00e7\u00e3o p\u00fablica. \u201cAinda na Secretaria de Planejamento, diferente do que acontece no Pa\u00e7o Municipal, apesar do grande fluxo de pessoas que l\u00e1 s\u00e3o atendidas diariamente, n\u00e3o existe um controle da entrada dessas pessoas, fato esse que tamb\u00e9m colabora para aumentar o risco de contamina\u00e7\u00e3o de covid-19 a que est\u00e3o submetidos os servidores da referida pasta\u201d, continua.<\/p>\n<p>&nbsp;<\/p>\n<p>Por\u00e9m, o Sindiserv n\u00e3o restringe sua observa\u00e7\u00e3o de alerta \u00e0 Secretaria de Planejamento e cita outro espa\u00e7o preocupante, o Setor de Protocolo, no piso t\u00e9rreo do Pa\u00e7o Municipal. \u201cEntretanto, n\u00e3o \u00e9 s\u00f3 na referida secretaria que as medidas de preven\u00e7\u00e3o est\u00e3o longe do necess\u00e1rio, o Setor de Protocolo da prefeitura tamb\u00e9m coloca os seus servidores em extremo risco, pois \u00e9 um local pequeno, diria at\u00e9 insalubre, portanto tamb\u00e9m deve ser readequado para dar mais seguran\u00e7a aos servidores que l\u00e1 trabalham\u201d.<\/p>\n<p>&nbsp;<\/p>\n<p>Ao fim da exposi\u00e7\u00e3o, o documento do Sindicato faz ao prefeito o pedido de aten\u00e7\u00e3o especial ao pontos elencados no of\u00edcio. \u201cDiante do exposto, e em conformidade com o Decreto Municipal 6.311, requeremos junto a Vossa Excel\u00eancia, al\u00e9m de providencias para resolver as situa\u00e7\u00f5es especificas dos setores citados, que seja feito com urg\u00eancia um estudo em todas as secretarias da administra\u00e7\u00e3o, no sentido de reduzir os riscos de contamina\u00e7\u00e3o a que est\u00e3o sujeitos os nossos servidores, bem como o afastamento do trabalho de todos os servidores que n\u00e3o trabalham em servi\u00e7os essenciais, bem como daqueles que exercem atividades essenciais, mas est\u00e3o no chamado grupo de risco, seja pela idade ou por terem comorbidades\u201d.<\/p>\n<p>&nbsp;<\/p>\n<p>Fonte: Siga Mais<\/p>\n","protected":false},"excerpt":{"rendered":"<p>Em 11 de mar\u00e7o deste ano, por meio de of\u00edcio, o\u00a0\u00a0Sindicato dos Servidores P\u00fablicos Municipais da Regi\u00e3o de Adamantina (Sindserv) protocolou no gabinete do prefeito M\u00e1rcio Cardim um of\u00edcio\u00a0(veja reprodu\u00e7\u00e3o do documento ao final da mat\u00e9ria)\u00a0onde alertou sobre a necessidade de o poder p\u00fablico promover medidas de prote\u00e7\u00e3o aos servidores municipais, aos riscos de cont\u00e1gio [&hellip;]<\/p>\n","protected":false},"author":13,"featured_media":43752,"comment_status":"closed","ping_status":"open","sticky":false,"template":"","format":"standard","meta":{"_acf_changed":false,"_exactmetrics_skip_tracking":false,"_exactmetrics_sitenote_active":false,"_exactmetrics_sitenote_note":"","_exactmetrics_sitenote_category":0,"footnotes":""},"categories":[21],"tags":[],"class_list":["post-43751","post","type-post","status-publish","format-standard","has-post-thumbnail","hentry","category-adamantina"],"acf":[],"yoast_head":"<!-- This site is optimized with the Yoast SEO plugin v27.2 - https:\/\/yoast.com\/product\/yoast-seo-wordpress\/ -->\n<title>Sindicato alertou em mar\u00e7o sobre risco de cont\u00e1gio por Covid-19 na Secretaria de Planejamento - R\u00e1dio Life FM<\/title>\n<meta name=\"robots\" content=\"index, follow, max-snippet:-1, max-image-preview:large, max-video-preview:-1\" \/>\n<link rel=\"canonical\" href=\"https:\/\/radiolifefm.com.br\/noticias\/sindicato-alertou-em-marco-sobre-risco-de-contagio-por-covid-19-na-secretaria-de-planejamento\/\" \/>\n<meta property=\"og:locale\" content=\"pt_BR\" \/>\n<meta property=\"og:type\" content=\"article\" \/>\n<meta property=\"og:title\" content=\"Sindicato alertou em mar\u00e7o sobre risco de cont\u00e1gio por Covid-19 na Secretaria de Planejamento - R\u00e1dio Life FM\" \/>\n<meta property=\"og:description\" content=\"Em 11 de mar\u00e7o deste ano, por meio de of\u00edcio, o\u00a0\u00a0Sindicato dos Servidores P\u00fablicos Municipais da Regi\u00e3o de Adamantina (Sindserv) protocolou no gabinete do prefeito M\u00e1rcio Cardim um of\u00edcio\u00a0(veja reprodu\u00e7\u00e3o do documento ao final da mat\u00e9ria)\u00a0onde alertou sobre a necessidade de o poder p\u00fablico promover medidas de prote\u00e7\u00e3o aos servidores municipais, aos riscos de cont\u00e1gio [&hellip;]\" \/>\n<meta property=\"og:url\" content=\"https:\/\/radiolifefm.com.br\/noticias\/sindicato-alertou-em-marco-sobre-risco-de-contagio-por-covid-19-na-secretaria-de-planejamento\/\" \/>\n<meta property=\"og:site_name\" content=\"R\u00e1dio Life FM\" \/>\n<meta property=\"article:publisher\" content=\"https:\/\/www.facebook.com\/radiolifefm\/\" \/>\n<meta property=\"article:published_time\" content=\"2021-10-07T00:19:50+00:00\" \/>\n<meta property=\"article:modified_time\" content=\"2026-04-08T21:22:07+00:00\" \/>\n<meta property=\"og:image\" content=\"https:\/\/radiolifefm.com.br\/noticias\/wp-content\/uploads\/2021\/10\/2441328502418344379607047367646950923124940njpg1633554077615e0e9d92a8e.jpg\" \/>\n\t<meta property=\"og:image:width\" content=\"600\" \/>\n\t<meta property=\"og:image:height\" content=\"337\" \/>\n\t<meta property=\"og:image:type\" content=\"image\/jpeg\" \/>\n<meta name=\"author\" content=\"ritanery\" \/>\n<meta name=\"twitter:card\" content=\"summary_large_image\" \/>\n<meta name=\"twitter:label1\" content=\"Escrito por\" \/>\n\t<meta name=\"twitter:data1\" content=\"ritanery\" \/>\n\t<meta name=\"twitter:label2\" content=\"Est. tempo de leitura\" \/>\n\t<meta name=\"twitter:data2\" content=\"3 minutos\" \/>\n<script type=\"application\/ld+json\" class=\"yoast-schema-graph\">{\"@context\":\"https:\/\/schema.org\",\"@graph\":[{\"@type\":\"Article\",\"@id\":\"https:\/\/radiolifefm.com.br\/noticias\/sindicato-alertou-em-marco-sobre-risco-de-contagio-por-covid-19-na-secretaria-de-planejamento\/#article\",\"isPartOf\":{\"@id\":\"https:\/\/radiolifefm.com.br\/noticias\/sindicato-alertou-em-marco-sobre-risco-de-contagio-por-covid-19-na-secretaria-de-planejamento\/\"},\"author\":{\"name\":\"ritanery\",\"@id\":\"https:\/\/radiolifefm.com.br\/noticias\/#\/schema\/person\/6339b9fac59d12b071dec680d7375d87\"},\"headline\":\"Sindicato alertou em mar\u00e7o sobre risco de cont\u00e1gio por Covid-19 na Secretaria de Planejamento\",\"datePublished\":\"2021-10-07T00:19:50+00:00\",\"dateModified\":\"2026-04-08T21:22:07+00:00\",\"mainEntityOfPage\":{\"@id\":\"https:\/\/radiolifefm.com.br\/noticias\/sindicato-alertou-em-marco-sobre-risco-de-contagio-por-covid-19-na-secretaria-de-planejamento\/\"},\"wordCount\":700,\"publisher\":{\"@id\":\"https:\/\/radiolifefm.com.br\/noticias\/#organization\"},\"image\":{\"@id\":\"https:\/\/radiolifefm.com.br\/noticias\/sindicato-alertou-em-marco-sobre-risco-de-contagio-por-covid-19-na-secretaria-de-planejamento\/#primaryimage\"},\"thumbnailUrl\":\"https:\/\/radiolifefm.com.br\/noticias\/wp-content\/uploads\/2021\/10\/2441328502418344379607047367646950923124940njpg1633554077615e0e9d92a8e.jpg\",\"articleSection\":[\"Adamantina\"],\"inLanguage\":\"pt-BR\"},{\"@type\":\"WebPage\",\"@id\":\"https:\/\/radiolifefm.com.br\/noticias\/sindicato-alertou-em-marco-sobre-risco-de-contagio-por-covid-19-na-secretaria-de-planejamento\/\",\"url\":\"https:\/\/radiolifefm.com.br\/noticias\/sindicato-alertou-em-marco-sobre-risco-de-contagio-por-covid-19-na-secretaria-de-planejamento\/\",\"name\":\"Sindicato alertou em mar\u00e7o sobre risco de cont\u00e1gio por Covid-19 na Secretaria de Planejamento - R\u00e1dio Life FM\",\"isPartOf\":{\"@id\":\"https:\/\/radiolifefm.com.br\/noticias\/#website\"},\"primaryImageOfPage\":{\"@id\":\"https:\/\/radiolifefm.com.br\/noticias\/sindicato-alertou-em-marco-sobre-risco-de-contagio-por-covid-19-na-secretaria-de-planejamento\/#primaryimage\"},\"image\":{\"@id\":\"https:\/\/radiolifefm.com.br\/noticias\/sindicato-alertou-em-marco-sobre-risco-de-contagio-por-covid-19-na-secretaria-de-planejamento\/#primaryimage\"},\"thumbnailUrl\":\"https:\/\/radiolifefm.com.br\/noticias\/wp-content\/uploads\/2021\/10\/2441328502418344379607047367646950923124940njpg1633554077615e0e9d92a8e.jpg\",\"datePublished\":\"2021-10-07T00:19:50+00:00\",\"dateModified\":\"2026-04-08T21:22:07+00:00\",\"breadcrumb\":{\"@id\":\"https:\/\/radiolifefm.com.br\/noticias\/sindicato-alertou-em-marco-sobre-risco-de-contagio-por-covid-19-na-secretaria-de-planejamento\/#breadcrumb\"},\"inLanguage\":\"pt-BR\",\"potentialAction\":[{\"@type\":\"ReadAction\",\"target\":[\"https:\/\/radiolifefm.com.br\/noticias\/sindicato-alertou-em-marco-sobre-risco-de-contagio-por-covid-19-na-secretaria-de-planejamento\/\"]}]},{\"@type\":\"ImageObject\",\"inLanguage\":\"pt-BR\",\"@id\":\"https:\/\/radiolifefm.com.br\/noticias\/sindicato-alertou-em-marco-sobre-risco-de-contagio-por-covid-19-na-secretaria-de-planejamento\/#primaryimage\",\"url\":\"https:\/\/radiolifefm.com.br\/noticias\/wp-content\/uploads\/2021\/10\/2441328502418344379607047367646950923124940njpg1633554077615e0e9d92a8e.jpg\",\"contentUrl\":\"https:\/\/radiolifefm.com.br\/noticias\/wp-content\/uploads\/2021\/10\/2441328502418344379607047367646950923124940njpg1633554077615e0e9d92a8e.jpg\",\"width\":600,\"height\":337,\"caption\":\"Em 11 de mar\u00e7o, of\u00edcio do Sindicato dos Servidores faz alerta sobre risco de cont\u00e1gio na Secretaria.\"},{\"@type\":\"BreadcrumbList\",\"@id\":\"https:\/\/radiolifefm.com.br\/noticias\/sindicato-alertou-em-marco-sobre-risco-de-contagio-por-covid-19-na-secretaria-de-planejamento\/#breadcrumb\",\"itemListElement\":[{\"@type\":\"ListItem\",\"position\":1,\"name\":\"In\u00edcio\",\"item\":\"https:\/\/radiolifefm.com.br\/noticias\/\"},{\"@type\":\"ListItem\",\"position\":2,\"name\":\"Sindicato alertou em mar\u00e7o sobre risco de cont\u00e1gio por Covid-19 na Secretaria de Planejamento\"}]},{\"@type\":\"WebSite\",\"@id\":\"https:\/\/radiolifefm.com.br\/noticias\/#website\",\"url\":\"https:\/\/radiolifefm.com.br\/noticias\/\",\"name\":\"R\u00e1dio Life FM\",\"description\":\"O Portal de Not\u00edcias de Adamantina\",\"publisher\":{\"@id\":\"https:\/\/radiolifefm.com.br\/noticias\/#organization\"},\"alternateName\":\"Life FM\",\"potentialAction\":[{\"@type\":\"SearchAction\",\"target\":{\"@type\":\"EntryPoint\",\"urlTemplate\":\"https:\/\/radiolifefm.com.br\/noticias\/?s={search_term_string}\"},\"query-input\":{\"@type\":\"PropertyValueSpecification\",\"valueRequired\":true,\"valueName\":\"search_term_string\"}}],\"inLanguage\":\"pt-BR\"},{\"@type\":\"Organization\",\"@id\":\"https:\/\/radiolifefm.com.br\/noticias\/#organization\",\"name\":\"R\u00e1dio Life FM\",\"alternateName\":\"Life FM\",\"url\":\"https:\/\/radiolifefm.com.br\/noticias\/\",\"logo\":{\"@type\":\"ImageObject\",\"inLanguage\":\"pt-BR\",\"@id\":\"https:\/\/radiolifefm.com.br\/noticias\/#\/schema\/logo\/image\/\",\"url\":\"https:\/\/static.radiolifefm.com.br\/noticias\/wp-content\/uploads\/2019\/10\/logo-lifefm.png\",\"contentUrl\":\"https:\/\/static.radiolifefm.com.br\/noticias\/wp-content\/uploads\/2019\/10\/logo-lifefm.png\",\"width\":196,\"height\":47,\"caption\":\"R\u00e1dio Life FM\"},\"image\":{\"@id\":\"https:\/\/radiolifefm.com.br\/noticias\/#\/schema\/logo\/image\/\"},\"sameAs\":[\"https:\/\/www.facebook.com\/radiolifefm\/\",\"https:\/\/www.instagram.com\/life1079fm\/\"]},{\"@type\":\"Person\",\"@id\":\"https:\/\/radiolifefm.com.br\/noticias\/#\/schema\/person\/6339b9fac59d12b071dec680d7375d87\",\"name\":\"ritanery\",\"image\":{\"@type\":\"ImageObject\",\"inLanguage\":\"pt-BR\",\"@id\":\"https:\/\/secure.gravatar.com\/avatar\/0e37bb19071f47c0b8a23f62a903df117c5a0e75f65a0c2901562f97cd41cf86?s=96&d=mm&r=g\",\"url\":\"https:\/\/secure.gravatar.com\/avatar\/0e37bb19071f47c0b8a23f62a903df117c5a0e75f65a0c2901562f97cd41cf86?s=96&d=mm&r=g\",\"contentUrl\":\"https:\/\/secure.gravatar.com\/avatar\/0e37bb19071f47c0b8a23f62a903df117c5a0e75f65a0c2901562f97cd41cf86?s=96&d=mm&r=g\",\"caption\":\"ritanery\"}}]}<\/script>\n<!-- \/ Yoast SEO plugin. -->","yoast_head_json":{"title":"Sindicato alertou em mar\u00e7o sobre risco de cont\u00e1gio por Covid-19 na Secretaria de Planejamento - R\u00e1dio Life FM","robots":{"index":"index","follow":"follow","max-snippet":"max-snippet:-1","max-image-preview":"max-image-preview:large","max-video-preview":"max-video-preview:-1"},"canonical":"https:\/\/radiolifefm.com.br\/noticias\/sindicato-alertou-em-marco-sobre-risco-de-contagio-por-covid-19-na-secretaria-de-planejamento\/","og_locale":"pt_BR","og_type":"article","og_title":"Sindicato alertou em mar\u00e7o sobre risco de cont\u00e1gio por Covid-19 na Secretaria de Planejamento - R\u00e1dio Life FM","og_description":"Em 11 de mar\u00e7o deste ano, por meio de of\u00edcio, o\u00a0\u00a0Sindicato dos Servidores P\u00fablicos Municipais da Regi\u00e3o de Adamantina (Sindserv) protocolou no gabinete do prefeito M\u00e1rcio Cardim um of\u00edcio\u00a0(veja reprodu\u00e7\u00e3o do documento ao final da mat\u00e9ria)\u00a0onde alertou sobre a necessidade de o poder p\u00fablico promover medidas de prote\u00e7\u00e3o aos servidores municipais, aos riscos de cont\u00e1gio [&hellip;]","og_url":"https:\/\/radiolifefm.com.br\/noticias\/sindicato-alertou-em-marco-sobre-risco-de-contagio-por-covid-19-na-secretaria-de-planejamento\/","og_site_name":"R\u00e1dio Life FM","article_publisher":"https:\/\/www.facebook.com\/radiolifefm\/","article_published_time":"2021-10-07T00:19:50+00:00","article_modified_time":"2026-04-08T21:22:07+00:00","og_image":[{"width":600,"height":337,"url":"https:\/\/radiolifefm.com.br\/noticias\/wp-content\/uploads\/2021\/10\/2441328502418344379607047367646950923124940njpg1633554077615e0e9d92a8e.jpg","type":"image\/jpeg"}],"author":"ritanery","twitter_card":"summary_large_image","twitter_misc":{"Escrito por":"ritanery","Est. tempo de leitura":"3 minutos"},"schema":{"@context":"https:\/\/schema.org","@graph":[{"@type":"Article","@id":"https:\/\/radiolifefm.com.br\/noticias\/sindicato-alertou-em-marco-sobre-risco-de-contagio-por-covid-19-na-secretaria-de-planejamento\/#article","isPartOf":{"@id":"https:\/\/radiolifefm.com.br\/noticias\/sindicato-alertou-em-marco-sobre-risco-de-contagio-por-covid-19-na-secretaria-de-planejamento\/"},"author":{"name":"ritanery","@id":"https:\/\/radiolifefm.com.br\/noticias\/#\/schema\/person\/6339b9fac59d12b071dec680d7375d87"},"headline":"Sindicato alertou em mar\u00e7o sobre risco de cont\u00e1gio por Covid-19 na Secretaria de Planejamento","datePublished":"2021-10-07T00:19:50+00:00","dateModified":"2026-04-08T21:22:07+00:00","mainEntityOfPage":{"@id":"https:\/\/radiolifefm.com.br\/noticias\/sindicato-alertou-em-marco-sobre-risco-de-contagio-por-covid-19-na-secretaria-de-planejamento\/"},"wordCount":700,"publisher":{"@id":"https:\/\/radiolifefm.com.br\/noticias\/#organization"},"image":{"@id":"https:\/\/radiolifefm.com.br\/noticias\/sindicato-alertou-em-marco-sobre-risco-de-contagio-por-covid-19-na-secretaria-de-planejamento\/#primaryimage"},"thumbnailUrl":"https:\/\/radiolifefm.com.br\/noticias\/wp-content\/uploads\/2021\/10\/2441328502418344379607047367646950923124940njpg1633554077615e0e9d92a8e.jpg","articleSection":["Adamantina"],"inLanguage":"pt-BR"},{"@type":"WebPage","@id":"https:\/\/radiolifefm.com.br\/noticias\/sindicato-alertou-em-marco-sobre-risco-de-contagio-por-covid-19-na-secretaria-de-planejamento\/","url":"https:\/\/radiolifefm.com.br\/noticias\/sindicato-alertou-em-marco-sobre-risco-de-contagio-por-covid-19-na-secretaria-de-planejamento\/","name":"Sindicato alertou em mar\u00e7o sobre risco de cont\u00e1gio por Covid-19 na Secretaria de Planejamento - R\u00e1dio Life FM","isPartOf":{"@id":"https:\/\/radiolifefm.com.br\/noticias\/#website"},"primaryImageOfPage":{"@id":"https:\/\/radiolifefm.com.br\/noticias\/sindicato-alertou-em-marco-sobre-risco-de-contagio-por-covid-19-na-secretaria-de-planejamento\/#primaryimage"},"image":{"@id":"https:\/\/radiolifefm.com.br\/noticias\/sindicato-alertou-em-marco-sobre-risco-de-contagio-por-covid-19-na-secretaria-de-planejamento\/#primaryimage"},"thumbnailUrl":"https:\/\/radiolifefm.com.br\/noticias\/wp-content\/uploads\/2021\/10\/2441328502418344379607047367646950923124940njpg1633554077615e0e9d92a8e.jpg","datePublished":"2021-10-07T00:19:50+00:00","dateModified":"2026-04-08T21:22:07+00:00","breadcrumb":{"@id":"https:\/\/radiolifefm.com.br\/noticias\/sindicato-alertou-em-marco-sobre-risco-de-contagio-por-covid-19-na-secretaria-de-planejamento\/#breadcrumb"},"inLanguage":"pt-BR","potentialAction":[{"@type":"ReadAction","target":["https:\/\/radiolifefm.com.br\/noticias\/sindicato-alertou-em-marco-sobre-risco-de-contagio-por-covid-19-na-secretaria-de-planejamento\/"]}]},{"@type":"ImageObject","inLanguage":"pt-BR","@id":"https:\/\/radiolifefm.com.br\/noticias\/sindicato-alertou-em-marco-sobre-risco-de-contagio-por-covid-19-na-secretaria-de-planejamento\/#primaryimage","url":"https:\/\/radiolifefm.com.br\/noticias\/wp-content\/uploads\/2021\/10\/2441328502418344379607047367646950923124940njpg1633554077615e0e9d92a8e.jpg","contentUrl":"https:\/\/radiolifefm.com.br\/noticias\/wp-content\/uploads\/2021\/10\/2441328502418344379607047367646950923124940njpg1633554077615e0e9d92a8e.jpg","width":600,"height":337,"caption":"Em 11 de mar\u00e7o, of\u00edcio do Sindicato dos Servidores faz alerta sobre risco de cont\u00e1gio na Secretaria."},{"@type":"BreadcrumbList","@id":"https:\/\/radiolifefm.com.br\/noticias\/sindicato-alertou-em-marco-sobre-risco-de-contagio-por-covid-19-na-secretaria-de-planejamento\/#breadcrumb","itemListElement":[{"@type":"ListItem","position":1,"name":"In\u00edcio","item":"https:\/\/radiolifefm.com.br\/noticias\/"},{"@type":"ListItem","position":2,"name":"Sindicato alertou em mar\u00e7o sobre risco de cont\u00e1gio por Covid-19 na Secretaria de Planejamento"}]},{"@type":"WebSite","@id":"https:\/\/radiolifefm.com.br\/noticias\/#website","url":"https:\/\/radiolifefm.com.br\/noticias\/","name":"R\u00e1dio Life FM","description":"O Portal de Not\u00edcias de Adamantina","publisher":{"@id":"https:\/\/radiolifefm.com.br\/noticias\/#organization"},"alternateName":"Life FM","potentialAction":[{"@type":"SearchAction","target":{"@type":"EntryPoint","urlTemplate":"https:\/\/radiolifefm.com.br\/noticias\/?s={search_term_string}"},"query-input":{"@type":"PropertyValueSpecification","valueRequired":true,"valueName":"search_term_string"}}],"inLanguage":"pt-BR"},{"@type":"Organization","@id":"https:\/\/radiolifefm.com.br\/noticias\/#organization","name":"R\u00e1dio Life FM","alternateName":"Life FM","url":"https:\/\/radiolifefm.com.br\/noticias\/","logo":{"@type":"ImageObject","inLanguage":"pt-BR","@id":"https:\/\/radiolifefm.com.br\/noticias\/#\/schema\/logo\/image\/","url":"https:\/\/static.radiolifefm.com.br\/noticias\/wp-content\/uploads\/2019\/10\/logo-lifefm.png","contentUrl":"https:\/\/static.radiolifefm.com.br\/noticias\/wp-content\/uploads\/2019\/10\/logo-lifefm.png","width":196,"height":47,"caption":"R\u00e1dio Life FM"},"image":{"@id":"https:\/\/radiolifefm.com.br\/noticias\/#\/schema\/logo\/image\/"},"sameAs":["https:\/\/www.facebook.com\/radiolifefm\/","https:\/\/www.instagram.com\/life1079fm\/"]},{"@type":"Person","@id":"https:\/\/radiolifefm.com.br\/noticias\/#\/schema\/person\/6339b9fac59d12b071dec680d7375d87","name":"ritanery","image":{"@type":"ImageObject","inLanguage":"pt-BR","@id":"https:\/\/secure.gravatar.com\/avatar\/0e37bb19071f47c0b8a23f62a903df117c5a0e75f65a0c2901562f97cd41cf86?s=96&d=mm&r=g","url":"https:\/\/secure.gravatar.com\/avatar\/0e37bb19071f47c0b8a23f62a903df117c5a0e75f65a0c2901562f97cd41cf86?s=96&d=mm&r=g","contentUrl":"https:\/\/secure.gravatar.com\/avatar\/0e37bb19071f47c0b8a23f62a903df117c5a0e75f65a0c2901562f97cd41cf86?s=96&d=mm&r=g","caption":"ritanery"}}]}},"amp_enabled":true,"_links":{"self":[{"href":"https:\/\/radiolifefm.com.br\/noticias\/wp-json\/wp\/v2\/posts\/43751","targetHints":{"allow":["GET"]}}],"collection":[{"href":"https:\/\/radiolifefm.com.br\/noticias\/wp-json\/wp\/v2\/posts"}],"about":[{"href":"https:\/\/radiolifefm.com.br\/noticias\/wp-json\/wp\/v2\/types\/post"}],"author":[{"embeddable":true,"href":"https:\/\/radiolifefm.com.br\/noticias\/wp-json\/wp\/v2\/users\/13"}],"replies":[{"embeddable":true,"href":"https:\/\/radiolifefm.com.br\/noticias\/wp-json\/wp\/v2\/comments?post=43751"}],"version-history":[{"count":2,"href":"https:\/\/radiolifefm.com.br\/noticias\/wp-json\/wp\/v2\/posts\/43751\/revisions"}],"predecessor-version":[{"id":43754,"href":"https:\/\/radiolifefm.com.br\/noticias\/wp-json\/wp\/v2\/posts\/43751\/revisions\/43754"}],"wp:featuredmedia":[{"embeddable":true,"href":"https:\/\/radiolifefm.com.br\/noticias\/wp-json\/wp\/v2\/media\/43752"}],"wp:attachment":[{"href":"https:\/\/radiolifefm.com.br\/noticias\/wp-json\/wp\/v2\/media?parent=43751"}],"wp:term":[{"taxonomy":"category","embeddable":true,"href":"https:\/\/radiolifefm.com.br\/noticias\/wp-json\/wp\/v2\/categories?post=43751"},{"taxonomy":"post_tag","embeddable":true,"href":"https:\/\/radiolifefm.com.br\/noticias\/wp-json\/wp\/v2\/tags?post=43751"}],"curies":[{"name":"wp","href":"https:\/\/api.w.org\/{rel}","templated":true}]}}