{"id":43703,"date":"2021-10-05T19:58:36","date_gmt":"2021-10-05T22:58:36","guid":{"rendered":"https:\/\/radiolifefm.com.br\/noticias\/?p=43703"},"modified":"2026-04-03T21:52:12","modified_gmt":"2026-04-04T00:52:12","slug":"prefeito-de-adamantina-quer-criar-nova-secretaria-municipal-a-segunda-em-seu-governo","status":"publish","type":"post","link":"https:\/\/radiolifefm.com.br\/noticias\/prefeito-de-adamantina-quer-criar-nova-secretaria-municipal-a-segunda-em-seu-governo\/","title":{"rendered":"Prefeito de Adamantina quer criar nova secretaria municipal, a segunda em seu governo"},"content":{"rendered":"<div id=\"fb-root\"><\/div>\n<p>O prefeito de Adamantina, Marcio Cardim (DEM) enviou \u00e0 C\u00e2mara Municipal o Projeto de Lei Complementar (PLC) N\u00ba 12, de 4 de outubro de 2021, que prop\u00f5e a cria\u00e7\u00e3o da nova Secretaria Municipal de Desenvolvimento Econ\u00f4mico. O texto da proposta foi lido na sess\u00e3o da C\u00e2mara Municipal de Adamantina nesta segunda-feira (4) e despachado \u00e0s comiss\u00f5es permanentes do Poder Legislativo, para pareceres e posterior vota\u00e7\u00e3o.<\/p>\n<p>&nbsp;<\/p>\n<p>Se aprovado, a estrutura do primeiro escal\u00e3o da Prefeitura de Adamantina sobe de 13 para 14 secretarias. Em janeiro de 2017, quando M\u00e1rcio iniciou sua gest\u00e3o, eram 12 secretarias. A 13\u00aa, Secretaria Municipal de Fiscaliza\u00e7\u00e3o e Arrecada\u00e7\u00e3o Tribut\u00e1ria, foi criada pela\u00a0<a href=\"https:\/\/www.adamantina.sp.gov.br\/?pag=T0dRPU9EZz1PR009T1RnPQ==&amp;id=1674&amp;idtipolei=2\"><strong>Lei Complementar N\u00ba 323, de 12 de dezembro De 2018<\/strong><\/a>. A agora prop\u00f5e a nova Secretaria Municipal de Desenvolvimento Econ\u00f4mico.<\/p>\n<p>&nbsp;<\/p>\n<p>O PLC \u00e9 acompanhado de mensagem com as justificativas do prefeito, para a proposta. \u201cJ\u00e1 faz tempo se faz sentir a necessidade de cria\u00e7\u00e3o de uma pasta espec\u00edfica para promo\u00e7\u00e3o do desenvolvimento econ\u00f4mico local. \u00c9 sabido que o munic\u00edpio j\u00e1 atingiu um patamar razo\u00e1vel em rela\u00e7\u00e3o ao desenvolvimento socioecon\u00f4mico, haja visto os resultados das an\u00e1lises anuais realizadas pelo Tribunal de Contas do Estado de S\u00e3o Paulo em um comparativo com outros munic\u00edpios de mesmo porte\u201d, diz o texto.<\/p>\n<p>&nbsp;<\/p>\n<p>\u201cDemais disso \u00e9 sabido que o or\u00e7amento municipal cresceu significativamente nos \u00faltimos 15 anos, de sorte que a gest\u00e3o p\u00fablica pode ser incrementada. N\u00e3o obstante, \u00e9 fato que em raz\u00e3o da sobrecarga de servi\u00e7o e o elevado n\u00famero de demandas, as\u00a0\u00a0Secretarias de Planejamento e Desenvolvimento e bem como Administra\u00e7\u00e3o n\u00e3o t\u00eam estrutura para estimular mais intensamente o desenvolvimento econ\u00f4mico\u201d, continua o chefe do poder executivo.<\/p>\n<p>&nbsp;<\/p>\n<p>Ao final do texto, o prefeito reitera a defesa e justificativas para a proposta. \u201cA par disto, \u00e9 relevante salientar que muito j\u00e1 foi feito, mas, efetivamente, uma pasta espec\u00edfica que possa englobar alguns dos departamentos destas secretarias ter\u00e1 condi\u00e7\u00f5es de dedicar aten\u00e7\u00e3o exclusiva ao fomento do desenvolvimento econ\u00f4mico, propiciando maior efetividade as metas or\u00e7ament\u00e1rias com incremento de receita para o munic\u00edpio, gera\u00e7\u00e3o de empregos, capta\u00e7\u00e3o de novos recursos, atraindo mais empresas, industrias\u00a0\u00a0e servi\u00e7os\u201d.<\/p>\n<p>&nbsp;<\/p>\n<p>Por fim, encerrando a mensagem, Cardim pede urg\u00eancia na aprova\u00e7\u00e3o da proposta. \u201cIsto posto, considerando a urgente necessidade de incrementar o desenvolvimento econ\u00f4mico e o fomento de novos empregos, requer-se a aprova\u00e7\u00e3o em regime de urg\u00eancia&#8221;.<\/p>\n<p>&nbsp;<\/p>\n<p>Se aprovado, a nova Secretaria ser\u00e1 instalada a partir de janeiro do ano que vem, previs\u00e3o de in\u00edcio da vig\u00eancia da nova lei.<\/p>\n<p>&nbsp;<\/p>\n<p><strong>Secret\u00e1rio \u00e9 de livre nomea\u00e7\u00e3o, com remunera\u00e7\u00e3o de R$ 6.2 mil<\/strong><\/p>\n<p>Os secret\u00e1rios municipais s\u00e3o de livre nomea\u00e7\u00e3o do prefeito, e de assessoramento direito ao chefe do poder executivo, condi\u00e7\u00e3o comum a essa estrutura. Em Adamantina, a remunera\u00e7\u00e3o bruta (subsidio) mensal do secret\u00e1rio municipal \u00e9 de R$ 6.200,00.<\/p>\n<p>&nbsp;<\/p>\n<p>Fonte: Siga Mais<\/p>\n<p>&nbsp;<\/p>\n","protected":false},"excerpt":{"rendered":"<p>O prefeito de Adamantina, Marcio Cardim (DEM) enviou \u00e0 C\u00e2mara Municipal o Projeto de Lei Complementar (PLC) N\u00ba 12, de 4 de outubro de 2021, que prop\u00f5e a cria\u00e7\u00e3o da nova Secretaria Municipal de Desenvolvimento Econ\u00f4mico. O texto da proposta foi lido na sess\u00e3o da C\u00e2mara Municipal de Adamantina nesta segunda-feira (4) e despachado \u00e0s [&hellip;]<\/p>\n","protected":false},"author":13,"featured_media":43704,"comment_status":"closed","ping_status":"open","sticky":false,"template":"","format":"standard","meta":{"_acf_changed":false,"_exactmetrics_skip_tracking":false,"_exactmetrics_sitenote_active":false,"_exactmetrics_sitenote_note":"","_exactmetrics_sitenote_category":0,"footnotes":""},"categories":[21],"tags":[],"class_list":["post-43703","post","type-post","status-publish","format-standard","has-post-thumbnail","hentry","category-adamantina"],"acf":[],"yoast_head":"<!-- This site is optimized with the Yoast SEO plugin v27.2 - https:\/\/yoast.com\/product\/yoast-seo-wordpress\/ -->\n<title>Prefeito de Adamantina quer criar nova secretaria municipal, a segunda em seu governo - R\u00e1dio Life FM<\/title>\n<meta name=\"robots\" content=\"index, follow, max-snippet:-1, max-image-preview:large, max-video-preview:-1\" \/>\n<link rel=\"canonical\" href=\"https:\/\/radiolifefm.com.br\/noticias\/prefeito-de-adamantina-quer-criar-nova-secretaria-municipal-a-segunda-em-seu-governo\/\" \/>\n<meta property=\"og:locale\" content=\"pt_BR\" \/>\n<meta property=\"og:type\" content=\"article\" \/>\n<meta property=\"og:title\" content=\"Prefeito de Adamantina quer criar nova secretaria municipal, a segunda em seu governo - R\u00e1dio Life FM\" \/>\n<meta property=\"og:description\" content=\"O prefeito de Adamantina, Marcio Cardim (DEM) enviou \u00e0 C\u00e2mara Municipal o Projeto de Lei Complementar (PLC) N\u00ba 12, de 4 de outubro de 2021, que prop\u00f5e a cria\u00e7\u00e3o da nova Secretaria Municipal de Desenvolvimento Econ\u00f4mico. O texto da proposta foi lido na sess\u00e3o da C\u00e2mara Municipal de Adamantina nesta segunda-feira (4) e despachado \u00e0s [&hellip;]\" \/>\n<meta property=\"og:url\" content=\"https:\/\/radiolifefm.com.br\/noticias\/prefeito-de-adamantina-quer-criar-nova-secretaria-municipal-a-segunda-em-seu-governo\/\" \/>\n<meta property=\"og:site_name\" content=\"R\u00e1dio Life FM\" \/>\n<meta property=\"article:publisher\" content=\"https:\/\/www.facebook.com\/radiolifefm\/\" \/>\n<meta property=\"article:published_time\" content=\"2021-10-05T22:58:36+00:00\" \/>\n<meta property=\"article:modified_time\" content=\"2026-04-04T00:52:12+00:00\" \/>\n<meta property=\"og:image\" content=\"https:\/\/radiolifefm.com.br\/noticias\/wp-content\/uploads\/2021\/10\/pref111jpg1633448592615c7290864bc.jpg\" \/>\n\t<meta property=\"og:image:width\" content=\"600\" \/>\n\t<meta property=\"og:image:height\" content=\"337\" \/>\n\t<meta property=\"og:image:type\" content=\"image\/jpeg\" \/>\n<meta name=\"author\" content=\"ritanery\" \/>\n<meta name=\"twitter:card\" content=\"summary_large_image\" \/>\n<meta name=\"twitter:label1\" content=\"Escrito por\" \/>\n\t<meta name=\"twitter:data1\" content=\"ritanery\" \/>\n\t<meta name=\"twitter:label2\" content=\"Est. tempo de leitura\" \/>\n\t<meta name=\"twitter:data2\" content=\"2 minutos\" \/>\n<script type=\"application\/ld+json\" class=\"yoast-schema-graph\">{\"@context\":\"https:\/\/schema.org\",\"@graph\":[{\"@type\":\"Article\",\"@id\":\"https:\/\/radiolifefm.com.br\/noticias\/prefeito-de-adamantina-quer-criar-nova-secretaria-municipal-a-segunda-em-seu-governo\/#article\",\"isPartOf\":{\"@id\":\"https:\/\/radiolifefm.com.br\/noticias\/prefeito-de-adamantina-quer-criar-nova-secretaria-municipal-a-segunda-em-seu-governo\/\"},\"author\":{\"name\":\"ritanery\",\"@id\":\"https:\/\/radiolifefm.com.br\/noticias\/#\/schema\/person\/6339b9fac59d12b071dec680d7375d87\"},\"headline\":\"Prefeito de Adamantina quer criar nova secretaria municipal, a segunda em seu governo\",\"datePublished\":\"2021-10-05T22:58:36+00:00\",\"dateModified\":\"2026-04-04T00:52:12+00:00\",\"mainEntityOfPage\":{\"@id\":\"https:\/\/radiolifefm.com.br\/noticias\/prefeito-de-adamantina-quer-criar-nova-secretaria-municipal-a-segunda-em-seu-governo\/\"},\"wordCount\":519,\"publisher\":{\"@id\":\"https:\/\/radiolifefm.com.br\/noticias\/#organization\"},\"image\":{\"@id\":\"https:\/\/radiolifefm.com.br\/noticias\/prefeito-de-adamantina-quer-criar-nova-secretaria-municipal-a-segunda-em-seu-governo\/#primaryimage\"},\"thumbnailUrl\":\"https:\/\/radiolifefm.com.br\/noticias\/wp-content\/uploads\/2021\/10\/pref111jpg1633448592615c7290864bc.jpg\",\"articleSection\":[\"Adamantina\"],\"inLanguage\":\"pt-BR\"},{\"@type\":\"WebPage\",\"@id\":\"https:\/\/radiolifefm.com.br\/noticias\/prefeito-de-adamantina-quer-criar-nova-secretaria-municipal-a-segunda-em-seu-governo\/\",\"url\":\"https:\/\/radiolifefm.com.br\/noticias\/prefeito-de-adamantina-quer-criar-nova-secretaria-municipal-a-segunda-em-seu-governo\/\",\"name\":\"Prefeito de Adamantina quer criar nova secretaria municipal, a segunda em seu governo - R\u00e1dio Life FM\",\"isPartOf\":{\"@id\":\"https:\/\/radiolifefm.com.br\/noticias\/#website\"},\"primaryImageOfPage\":{\"@id\":\"https:\/\/radiolifefm.com.br\/noticias\/prefeito-de-adamantina-quer-criar-nova-secretaria-municipal-a-segunda-em-seu-governo\/#primaryimage\"},\"image\":{\"@id\":\"https:\/\/radiolifefm.com.br\/noticias\/prefeito-de-adamantina-quer-criar-nova-secretaria-municipal-a-segunda-em-seu-governo\/#primaryimage\"},\"thumbnailUrl\":\"https:\/\/radiolifefm.com.br\/noticias\/wp-content\/uploads\/2021\/10\/pref111jpg1633448592615c7290864bc.jpg\",\"datePublished\":\"2021-10-05T22:58:36+00:00\",\"dateModified\":\"2026-04-04T00:52:12+00:00\",\"breadcrumb\":{\"@id\":\"https:\/\/radiolifefm.com.br\/noticias\/prefeito-de-adamantina-quer-criar-nova-secretaria-municipal-a-segunda-em-seu-governo\/#breadcrumb\"},\"inLanguage\":\"pt-BR\",\"potentialAction\":[{\"@type\":\"ReadAction\",\"target\":[\"https:\/\/radiolifefm.com.br\/noticias\/prefeito-de-adamantina-quer-criar-nova-secretaria-municipal-a-segunda-em-seu-governo\/\"]}]},{\"@type\":\"ImageObject\",\"inLanguage\":\"pt-BR\",\"@id\":\"https:\/\/radiolifefm.com.br\/noticias\/prefeito-de-adamantina-quer-criar-nova-secretaria-municipal-a-segunda-em-seu-governo\/#primaryimage\",\"url\":\"https:\/\/radiolifefm.com.br\/noticias\/wp-content\/uploads\/2021\/10\/pref111jpg1633448592615c7290864bc.jpg\",\"contentUrl\":\"https:\/\/radiolifefm.com.br\/noticias\/wp-content\/uploads\/2021\/10\/pref111jpg1633448592615c7290864bc.jpg\",\"width\":600,\"height\":337,\"caption\":\"No in\u00edcio da gest\u00e3o M\u00e1rcio Cardim, Prefeitura tinha 12 secretarias. Agora, pode ir a 14.\"},{\"@type\":\"BreadcrumbList\",\"@id\":\"https:\/\/radiolifefm.com.br\/noticias\/prefeito-de-adamantina-quer-criar-nova-secretaria-municipal-a-segunda-em-seu-governo\/#breadcrumb\",\"itemListElement\":[{\"@type\":\"ListItem\",\"position\":1,\"name\":\"In\u00edcio\",\"item\":\"https:\/\/radiolifefm.com.br\/noticias\/\"},{\"@type\":\"ListItem\",\"position\":2,\"name\":\"Prefeito de Adamantina quer criar nova secretaria municipal, a segunda em seu governo\"}]},{\"@type\":\"WebSite\",\"@id\":\"https:\/\/radiolifefm.com.br\/noticias\/#website\",\"url\":\"https:\/\/radiolifefm.com.br\/noticias\/\",\"name\":\"R\u00e1dio Life FM\",\"description\":\"O Portal de Not\u00edcias de Adamantina\",\"publisher\":{\"@id\":\"https:\/\/radiolifefm.com.br\/noticias\/#organization\"},\"alternateName\":\"Life FM\",\"potentialAction\":[{\"@type\":\"SearchAction\",\"target\":{\"@type\":\"EntryPoint\",\"urlTemplate\":\"https:\/\/radiolifefm.com.br\/noticias\/?s={search_term_string}\"},\"query-input\":{\"@type\":\"PropertyValueSpecification\",\"valueRequired\":true,\"valueName\":\"search_term_string\"}}],\"inLanguage\":\"pt-BR\"},{\"@type\":\"Organization\",\"@id\":\"https:\/\/radiolifefm.com.br\/noticias\/#organization\",\"name\":\"R\u00e1dio Life FM\",\"alternateName\":\"Life FM\",\"url\":\"https:\/\/radiolifefm.com.br\/noticias\/\",\"logo\":{\"@type\":\"ImageObject\",\"inLanguage\":\"pt-BR\",\"@id\":\"https:\/\/radiolifefm.com.br\/noticias\/#\/schema\/logo\/image\/\",\"url\":\"https:\/\/static.radiolifefm.com.br\/noticias\/wp-content\/uploads\/2019\/10\/logo-lifefm.png\",\"contentUrl\":\"https:\/\/static.radiolifefm.com.br\/noticias\/wp-content\/uploads\/2019\/10\/logo-lifefm.png\",\"width\":196,\"height\":47,\"caption\":\"R\u00e1dio Life FM\"},\"image\":{\"@id\":\"https:\/\/radiolifefm.com.br\/noticias\/#\/schema\/logo\/image\/\"},\"sameAs\":[\"https:\/\/www.facebook.com\/radiolifefm\/\",\"https:\/\/www.instagram.com\/life1079fm\/\"]},{\"@type\":\"Person\",\"@id\":\"https:\/\/radiolifefm.com.br\/noticias\/#\/schema\/person\/6339b9fac59d12b071dec680d7375d87\",\"name\":\"ritanery\",\"image\":{\"@type\":\"ImageObject\",\"inLanguage\":\"pt-BR\",\"@id\":\"https:\/\/secure.gravatar.com\/avatar\/0e37bb19071f47c0b8a23f62a903df117c5a0e75f65a0c2901562f97cd41cf86?s=96&d=mm&r=g\",\"url\":\"https:\/\/secure.gravatar.com\/avatar\/0e37bb19071f47c0b8a23f62a903df117c5a0e75f65a0c2901562f97cd41cf86?s=96&d=mm&r=g\",\"contentUrl\":\"https:\/\/secure.gravatar.com\/avatar\/0e37bb19071f47c0b8a23f62a903df117c5a0e75f65a0c2901562f97cd41cf86?s=96&d=mm&r=g\",\"caption\":\"ritanery\"}}]}<\/script>\n<!-- \/ Yoast SEO plugin. -->","yoast_head_json":{"title":"Prefeito de Adamantina quer criar nova secretaria municipal, a segunda em seu governo - R\u00e1dio Life FM","robots":{"index":"index","follow":"follow","max-snippet":"max-snippet:-1","max-image-preview":"max-image-preview:large","max-video-preview":"max-video-preview:-1"},"canonical":"https:\/\/radiolifefm.com.br\/noticias\/prefeito-de-adamantina-quer-criar-nova-secretaria-municipal-a-segunda-em-seu-governo\/","og_locale":"pt_BR","og_type":"article","og_title":"Prefeito de Adamantina quer criar nova secretaria municipal, a segunda em seu governo - R\u00e1dio Life FM","og_description":"O prefeito de Adamantina, Marcio Cardim (DEM) enviou \u00e0 C\u00e2mara Municipal o Projeto de Lei Complementar (PLC) N\u00ba 12, de 4 de outubro de 2021, que prop\u00f5e a cria\u00e7\u00e3o da nova Secretaria Municipal de Desenvolvimento Econ\u00f4mico. O texto da proposta foi lido na sess\u00e3o da C\u00e2mara Municipal de Adamantina nesta segunda-feira (4) e despachado \u00e0s [&hellip;]","og_url":"https:\/\/radiolifefm.com.br\/noticias\/prefeito-de-adamantina-quer-criar-nova-secretaria-municipal-a-segunda-em-seu-governo\/","og_site_name":"R\u00e1dio Life FM","article_publisher":"https:\/\/www.facebook.com\/radiolifefm\/","article_published_time":"2021-10-05T22:58:36+00:00","article_modified_time":"2026-04-04T00:52:12+00:00","og_image":[{"width":600,"height":337,"url":"https:\/\/radiolifefm.com.br\/noticias\/wp-content\/uploads\/2021\/10\/pref111jpg1633448592615c7290864bc.jpg","type":"image\/jpeg"}],"author":"ritanery","twitter_card":"summary_large_image","twitter_misc":{"Escrito por":"ritanery","Est. tempo de leitura":"2 minutos"},"schema":{"@context":"https:\/\/schema.org","@graph":[{"@type":"Article","@id":"https:\/\/radiolifefm.com.br\/noticias\/prefeito-de-adamantina-quer-criar-nova-secretaria-municipal-a-segunda-em-seu-governo\/#article","isPartOf":{"@id":"https:\/\/radiolifefm.com.br\/noticias\/prefeito-de-adamantina-quer-criar-nova-secretaria-municipal-a-segunda-em-seu-governo\/"},"author":{"name":"ritanery","@id":"https:\/\/radiolifefm.com.br\/noticias\/#\/schema\/person\/6339b9fac59d12b071dec680d7375d87"},"headline":"Prefeito de Adamantina quer criar nova secretaria municipal, a segunda em seu governo","datePublished":"2021-10-05T22:58:36+00:00","dateModified":"2026-04-04T00:52:12+00:00","mainEntityOfPage":{"@id":"https:\/\/radiolifefm.com.br\/noticias\/prefeito-de-adamantina-quer-criar-nova-secretaria-municipal-a-segunda-em-seu-governo\/"},"wordCount":519,"publisher":{"@id":"https:\/\/radiolifefm.com.br\/noticias\/#organization"},"image":{"@id":"https:\/\/radiolifefm.com.br\/noticias\/prefeito-de-adamantina-quer-criar-nova-secretaria-municipal-a-segunda-em-seu-governo\/#primaryimage"},"thumbnailUrl":"https:\/\/radiolifefm.com.br\/noticias\/wp-content\/uploads\/2021\/10\/pref111jpg1633448592615c7290864bc.jpg","articleSection":["Adamantina"],"inLanguage":"pt-BR"},{"@type":"WebPage","@id":"https:\/\/radiolifefm.com.br\/noticias\/prefeito-de-adamantina-quer-criar-nova-secretaria-municipal-a-segunda-em-seu-governo\/","url":"https:\/\/radiolifefm.com.br\/noticias\/prefeito-de-adamantina-quer-criar-nova-secretaria-municipal-a-segunda-em-seu-governo\/","name":"Prefeito de Adamantina quer criar nova secretaria municipal, a segunda em seu governo - R\u00e1dio Life FM","isPartOf":{"@id":"https:\/\/radiolifefm.com.br\/noticias\/#website"},"primaryImageOfPage":{"@id":"https:\/\/radiolifefm.com.br\/noticias\/prefeito-de-adamantina-quer-criar-nova-secretaria-municipal-a-segunda-em-seu-governo\/#primaryimage"},"image":{"@id":"https:\/\/radiolifefm.com.br\/noticias\/prefeito-de-adamantina-quer-criar-nova-secretaria-municipal-a-segunda-em-seu-governo\/#primaryimage"},"thumbnailUrl":"https:\/\/radiolifefm.com.br\/noticias\/wp-content\/uploads\/2021\/10\/pref111jpg1633448592615c7290864bc.jpg","datePublished":"2021-10-05T22:58:36+00:00","dateModified":"2026-04-04T00:52:12+00:00","breadcrumb":{"@id":"https:\/\/radiolifefm.com.br\/noticias\/prefeito-de-adamantina-quer-criar-nova-secretaria-municipal-a-segunda-em-seu-governo\/#breadcrumb"},"inLanguage":"pt-BR","potentialAction":[{"@type":"ReadAction","target":["https:\/\/radiolifefm.com.br\/noticias\/prefeito-de-adamantina-quer-criar-nova-secretaria-municipal-a-segunda-em-seu-governo\/"]}]},{"@type":"ImageObject","inLanguage":"pt-BR","@id":"https:\/\/radiolifefm.com.br\/noticias\/prefeito-de-adamantina-quer-criar-nova-secretaria-municipal-a-segunda-em-seu-governo\/#primaryimage","url":"https:\/\/radiolifefm.com.br\/noticias\/wp-content\/uploads\/2021\/10\/pref111jpg1633448592615c7290864bc.jpg","contentUrl":"https:\/\/radiolifefm.com.br\/noticias\/wp-content\/uploads\/2021\/10\/pref111jpg1633448592615c7290864bc.jpg","width":600,"height":337,"caption":"No in\u00edcio da gest\u00e3o M\u00e1rcio Cardim, Prefeitura tinha 12 secretarias. Agora, pode ir a 14."},{"@type":"BreadcrumbList","@id":"https:\/\/radiolifefm.com.br\/noticias\/prefeito-de-adamantina-quer-criar-nova-secretaria-municipal-a-segunda-em-seu-governo\/#breadcrumb","itemListElement":[{"@type":"ListItem","position":1,"name":"In\u00edcio","item":"https:\/\/radiolifefm.com.br\/noticias\/"},{"@type":"ListItem","position":2,"name":"Prefeito de Adamantina quer criar nova secretaria municipal, a segunda em seu governo"}]},{"@type":"WebSite","@id":"https:\/\/radiolifefm.com.br\/noticias\/#website","url":"https:\/\/radiolifefm.com.br\/noticias\/","name":"R\u00e1dio Life FM","description":"O Portal de Not\u00edcias de Adamantina","publisher":{"@id":"https:\/\/radiolifefm.com.br\/noticias\/#organization"},"alternateName":"Life FM","potentialAction":[{"@type":"SearchAction","target":{"@type":"EntryPoint","urlTemplate":"https:\/\/radiolifefm.com.br\/noticias\/?s={search_term_string}"},"query-input":{"@type":"PropertyValueSpecification","valueRequired":true,"valueName":"search_term_string"}}],"inLanguage":"pt-BR"},{"@type":"Organization","@id":"https:\/\/radiolifefm.com.br\/noticias\/#organization","name":"R\u00e1dio Life FM","alternateName":"Life FM","url":"https:\/\/radiolifefm.com.br\/noticias\/","logo":{"@type":"ImageObject","inLanguage":"pt-BR","@id":"https:\/\/radiolifefm.com.br\/noticias\/#\/schema\/logo\/image\/","url":"https:\/\/static.radiolifefm.com.br\/noticias\/wp-content\/uploads\/2019\/10\/logo-lifefm.png","contentUrl":"https:\/\/static.radiolifefm.com.br\/noticias\/wp-content\/uploads\/2019\/10\/logo-lifefm.png","width":196,"height":47,"caption":"R\u00e1dio Life FM"},"image":{"@id":"https:\/\/radiolifefm.com.br\/noticias\/#\/schema\/logo\/image\/"},"sameAs":["https:\/\/www.facebook.com\/radiolifefm\/","https:\/\/www.instagram.com\/life1079fm\/"]},{"@type":"Person","@id":"https:\/\/radiolifefm.com.br\/noticias\/#\/schema\/person\/6339b9fac59d12b071dec680d7375d87","name":"ritanery","image":{"@type":"ImageObject","inLanguage":"pt-BR","@id":"https:\/\/secure.gravatar.com\/avatar\/0e37bb19071f47c0b8a23f62a903df117c5a0e75f65a0c2901562f97cd41cf86?s=96&d=mm&r=g","url":"https:\/\/secure.gravatar.com\/avatar\/0e37bb19071f47c0b8a23f62a903df117c5a0e75f65a0c2901562f97cd41cf86?s=96&d=mm&r=g","contentUrl":"https:\/\/secure.gravatar.com\/avatar\/0e37bb19071f47c0b8a23f62a903df117c5a0e75f65a0c2901562f97cd41cf86?s=96&d=mm&r=g","caption":"ritanery"}}]}},"amp_enabled":true,"_links":{"self":[{"href":"https:\/\/radiolifefm.com.br\/noticias\/wp-json\/wp\/v2\/posts\/43703","targetHints":{"allow":["GET"]}}],"collection":[{"href":"https:\/\/radiolifefm.com.br\/noticias\/wp-json\/wp\/v2\/posts"}],"about":[{"href":"https:\/\/radiolifefm.com.br\/noticias\/wp-json\/wp\/v2\/types\/post"}],"author":[{"embeddable":true,"href":"https:\/\/radiolifefm.com.br\/noticias\/wp-json\/wp\/v2\/users\/13"}],"replies":[{"embeddable":true,"href":"https:\/\/radiolifefm.com.br\/noticias\/wp-json\/wp\/v2\/comments?post=43703"}],"version-history":[{"count":2,"href":"https:\/\/radiolifefm.com.br\/noticias\/wp-json\/wp\/v2\/posts\/43703\/revisions"}],"predecessor-version":[{"id":43706,"href":"https:\/\/radiolifefm.com.br\/noticias\/wp-json\/wp\/v2\/posts\/43703\/revisions\/43706"}],"wp:featuredmedia":[{"embeddable":true,"href":"https:\/\/radiolifefm.com.br\/noticias\/wp-json\/wp\/v2\/media\/43704"}],"wp:attachment":[{"href":"https:\/\/radiolifefm.com.br\/noticias\/wp-json\/wp\/v2\/media?parent=43703"}],"wp:term":[{"taxonomy":"category","embeddable":true,"href":"https:\/\/radiolifefm.com.br\/noticias\/wp-json\/wp\/v2\/categories?post=43703"},{"taxonomy":"post_tag","embeddable":true,"href":"https:\/\/radiolifefm.com.br\/noticias\/wp-json\/wp\/v2\/tags?post=43703"}],"curies":[{"name":"wp","href":"https:\/\/api.w.org\/{rel}","templated":true}]}}