{"id":43693,"date":"2021-10-05T19:09:44","date_gmt":"2021-10-05T22:09:44","guid":{"rendered":"https:\/\/radiolifefm.com.br\/noticias\/?p=43693"},"modified":"2026-04-23T19:13:44","modified_gmt":"2026-04-23T22:13:44","slug":"prefeitura-de-adamantina-pede-a-colaboracao-da-populacao-na-separacao-do-lixo-para-coleta-seletiva-3","status":"publish","type":"post","link":"https:\/\/radiolifefm.com.br\/noticias\/prefeitura-de-adamantina-pede-a-colaboracao-da-populacao-na-separacao-do-lixo-para-coleta-seletiva-3\/","title":{"rendered":"Prefeitura de Adamantina pede a colabora\u00e7\u00e3o da popula\u00e7\u00e3o na separa\u00e7\u00e3o do lixo para coleta seletiva"},"content":{"rendered":"<div id=\"fb-root\"><\/div>\n<p>Prefeitura de Adamantina, por meio da Secretaria de Obras, executa todos os dias a coleta de lixo recicl\u00e1vel em diferentes pontos da cidade. Essa a\u00e7\u00e3o \u00e9 fundamental para o meio ambiente, porque por meio dela, h\u00e1 economia de energia, o lixo ganha destina\u00e7\u00e3o adequada e o uso de mat\u00e9ria-prima diminui.<\/p>\n<p>&nbsp;<\/p>\n<p>A separa\u00e7\u00e3o e prensagem dos materiais s\u00e3o executadas por funcion\u00e1rios p\u00fablicos municipais. A venda dos materiais \u00e9 realizada pela Prefeitura e os recursos financeiros entram como receita aos cofres p\u00fablicos.<\/p>\n<p>&nbsp;<\/p>\n<p>A a\u00e7\u00e3o que \u00e9 simples requer dos moradores apenas a separa\u00e7\u00e3o do lixo org\u00e2nico e do lixo recicl\u00e1vel. O que \u00e9 o lixo org\u00e2nico? Toda sobra de alimentos, cascas de legumes e frutas.<\/p>\n<p>&nbsp;<\/p>\n<p>E o lixo recicl\u00e1vel? Jornais, revistas, papel\u00e3o, PET, embalagens de limpeza, latinhas, produtos eletroeletr\u00f4nicos e seus componentes, embalagens de leite e outros. Al\u00e9m de separar, essas embalagens destinadas \u00e0 reciclagem podem ser lavadas, pois essa a\u00e7\u00e3o simples evita a presen\u00e7a de insetos.<\/p>\n<p>&nbsp;<\/p>\n<p>Fique atento aos dias de coleta no seu bairro. Sua participa\u00e7\u00e3o \u00e9 fundamental nesta a\u00e7\u00e3o que estimula o emprego e a renda, al\u00e9m de promover importante a\u00e7\u00e3o ambiental na preserva\u00e7\u00e3o do meio ambiente.<\/p>\n<p>&nbsp;<\/p>\n<p>A Secretaria de Obras est\u00e1 entregando panfletos com orienta\u00e7\u00f5es sobre a coleta em cada uma das regi\u00f5es da cidade. No site, na aba \u201cProgramas Ambientais\u201d \u00e9 poss\u00edvel encontrar o mapa.<\/p>\n<p>&nbsp;<\/p>\n<p><strong>Cooperativa de Catadores<\/strong><\/p>\n<p>A cooperativa de catadores de materiais recicl\u00e1veis est\u00e1 em fase final de forma\u00e7\u00e3o. Ser\u00e3o beneficiadas com a a\u00e7\u00e3o, 15 fam\u00edlias. O processo licitat\u00f3rio para aquisi\u00e7\u00e3o dos equipamentos est\u00e1 em execu\u00e7\u00e3o.<\/p>\n<p>&nbsp;<\/p>\n<p><strong>Barrac\u00e3o que abrigar\u00e1 a cooperativa<\/strong><\/p>\n<p>No final de agosto, as obras foram conclu\u00eddas no barrac\u00e3o que abrigar\u00e1 a cooperativa de catadores de materiais recicl\u00e1veis.<\/p>\n<p>&nbsp;<\/p>\n<p>O investimento para a execu\u00e7\u00e3o da obra foi de R$681.824,43 sendo\u00a0R$ 632.391,10\u00a0de uma a\u00e7\u00e3o de amparo do Acordo Judicial de Compensa\u00e7\u00e3o entre o Minist\u00e9rio P\u00fablico Federal (MPF), Minist\u00e9rio P\u00fablico do Estado de S\u00e3o Paulo (MPSP) e a Companhia Energ\u00e9tica de S\u00e3o Paulo (CESP) e a contrapartida da Prefeitura de Adamantina de R$49.433,33.<\/p>\n<p>&nbsp;<\/p>\n<p>&nbsp;<\/p>\n<p>Fonte: Assessoria de Imprensa<\/p>\n<p>&nbsp;<\/p>\n<p>&nbsp;<\/p>\n","protected":false},"excerpt":{"rendered":"<p>Prefeitura de Adamantina, por meio da Secretaria de Obras, executa todos os dias a coleta de lixo recicl\u00e1vel em diferentes pontos da cidade. Essa a\u00e7\u00e3o \u00e9 fundamental para o meio ambiente, porque por meio dela, h\u00e1 economia de energia, o lixo ganha destina\u00e7\u00e3o adequada e o uso de mat\u00e9ria-prima diminui. &nbsp; A separa\u00e7\u00e3o e prensagem [&hellip;]<\/p>\n","protected":false},"author":13,"featured_media":43694,"comment_status":"closed","ping_status":"open","sticky":false,"template":"","format":"standard","meta":{"_acf_changed":false,"_exactmetrics_skip_tracking":false,"_exactmetrics_sitenote_active":false,"_exactmetrics_sitenote_note":"","_exactmetrics_sitenote_category":0,"footnotes":""},"categories":[21],"tags":[],"class_list":["post-43693","post","type-post","status-publish","format-standard","has-post-thumbnail","hentry","category-adamantina"],"acf":[],"yoast_head":"<!-- This site is optimized with the Yoast SEO plugin v27.2 - https:\/\/yoast.com\/product\/yoast-seo-wordpress\/ -->\n<title>Prefeitura de Adamantina pede a colabora\u00e7\u00e3o da popula\u00e7\u00e3o na separa\u00e7\u00e3o do lixo para coleta seletiva - R\u00e1dio Life FM<\/title>\n<meta name=\"robots\" content=\"index, follow, max-snippet:-1, max-image-preview:large, max-video-preview:-1\" \/>\n<link rel=\"canonical\" href=\"https:\/\/radiolifefm.com.br\/noticias\/prefeitura-de-adamantina-pede-a-colaboracao-da-populacao-na-separacao-do-lixo-para-coleta-seletiva-3\/\" \/>\n<meta property=\"og:locale\" content=\"pt_BR\" \/>\n<meta property=\"og:type\" content=\"article\" \/>\n<meta property=\"og:title\" content=\"Prefeitura de Adamantina pede a colabora\u00e7\u00e3o da popula\u00e7\u00e3o na separa\u00e7\u00e3o do lixo para coleta seletiva - R\u00e1dio Life FM\" \/>\n<meta property=\"og:description\" content=\"Prefeitura de Adamantina, por meio da Secretaria de Obras, executa todos os dias a coleta de lixo recicl\u00e1vel em diferentes pontos da cidade. Essa a\u00e7\u00e3o \u00e9 fundamental para o meio ambiente, porque por meio dela, h\u00e1 economia de energia, o lixo ganha destina\u00e7\u00e3o adequada e o uso de mat\u00e9ria-prima diminui. &nbsp; A separa\u00e7\u00e3o e prensagem [&hellip;]\" \/>\n<meta property=\"og:url\" content=\"https:\/\/radiolifefm.com.br\/noticias\/prefeitura-de-adamantina-pede-a-colaboracao-da-populacao-na-separacao-do-lixo-para-coleta-seletiva-3\/\" \/>\n<meta property=\"og:site_name\" content=\"R\u00e1dio Life FM\" \/>\n<meta property=\"article:publisher\" content=\"https:\/\/www.facebook.com\/radiolifefm\/\" \/>\n<meta property=\"article:published_time\" content=\"2021-10-05T22:09:44+00:00\" \/>\n<meta property=\"article:modified_time\" content=\"2026-04-23T22:13:44+00:00\" \/>\n<meta property=\"og:image\" content=\"https:\/\/radiolifefm.com.br\/noticias\/wp-content\/uploads\/2021\/10\/572ba8b739dcb-coleta-seletiva.jpg\" \/>\n\t<meta property=\"og:image:width\" content=\"600\" \/>\n\t<meta property=\"og:image:height\" content=\"354\" \/>\n\t<meta property=\"og:image:type\" content=\"image\/jpeg\" \/>\n<meta name=\"author\" content=\"ritanery\" \/>\n<meta name=\"twitter:card\" content=\"summary_large_image\" \/>\n<meta name=\"twitter:label1\" content=\"Escrito por\" \/>\n\t<meta name=\"twitter:data1\" content=\"ritanery\" \/>\n\t<meta name=\"twitter:label2\" content=\"Est. tempo de leitura\" \/>\n\t<meta name=\"twitter:data2\" content=\"2 minutos\" \/>\n<script type=\"application\/ld+json\" class=\"yoast-schema-graph\">{\"@context\":\"https:\/\/schema.org\",\"@graph\":[{\"@type\":\"Article\",\"@id\":\"https:\/\/radiolifefm.com.br\/noticias\/prefeitura-de-adamantina-pede-a-colaboracao-da-populacao-na-separacao-do-lixo-para-coleta-seletiva-3\/#article\",\"isPartOf\":{\"@id\":\"https:\/\/radiolifefm.com.br\/noticias\/prefeitura-de-adamantina-pede-a-colaboracao-da-populacao-na-separacao-do-lixo-para-coleta-seletiva-3\/\"},\"author\":{\"name\":\"ritanery\",\"@id\":\"https:\/\/radiolifefm.com.br\/noticias\/#\/schema\/person\/6339b9fac59d12b071dec680d7375d87\"},\"headline\":\"Prefeitura de Adamantina pede a colabora\u00e7\u00e3o da popula\u00e7\u00e3o na separa\u00e7\u00e3o do lixo para coleta seletiva\",\"datePublished\":\"2021-10-05T22:09:44+00:00\",\"dateModified\":\"2026-04-23T22:13:44+00:00\",\"mainEntityOfPage\":{\"@id\":\"https:\/\/radiolifefm.com.br\/noticias\/prefeitura-de-adamantina-pede-a-colaboracao-da-populacao-na-separacao-do-lixo-para-coleta-seletiva-3\/\"},\"wordCount\":404,\"publisher\":{\"@id\":\"https:\/\/radiolifefm.com.br\/noticias\/#organization\"},\"image\":{\"@id\":\"https:\/\/radiolifefm.com.br\/noticias\/prefeitura-de-adamantina-pede-a-colaboracao-da-populacao-na-separacao-do-lixo-para-coleta-seletiva-3\/#primaryimage\"},\"thumbnailUrl\":\"https:\/\/radiolifefm.com.br\/noticias\/wp-content\/uploads\/2021\/10\/572ba8b739dcb-coleta-seletiva.jpg\",\"articleSection\":[\"Adamantina\"],\"inLanguage\":\"pt-BR\"},{\"@type\":\"WebPage\",\"@id\":\"https:\/\/radiolifefm.com.br\/noticias\/prefeitura-de-adamantina-pede-a-colaboracao-da-populacao-na-separacao-do-lixo-para-coleta-seletiva-3\/\",\"url\":\"https:\/\/radiolifefm.com.br\/noticias\/prefeitura-de-adamantina-pede-a-colaboracao-da-populacao-na-separacao-do-lixo-para-coleta-seletiva-3\/\",\"name\":\"Prefeitura de Adamantina pede a colabora\u00e7\u00e3o da popula\u00e7\u00e3o na separa\u00e7\u00e3o do lixo para coleta seletiva - R\u00e1dio Life FM\",\"isPartOf\":{\"@id\":\"https:\/\/radiolifefm.com.br\/noticias\/#website\"},\"primaryImageOfPage\":{\"@id\":\"https:\/\/radiolifefm.com.br\/noticias\/prefeitura-de-adamantina-pede-a-colaboracao-da-populacao-na-separacao-do-lixo-para-coleta-seletiva-3\/#primaryimage\"},\"image\":{\"@id\":\"https:\/\/radiolifefm.com.br\/noticias\/prefeitura-de-adamantina-pede-a-colaboracao-da-populacao-na-separacao-do-lixo-para-coleta-seletiva-3\/#primaryimage\"},\"thumbnailUrl\":\"https:\/\/radiolifefm.com.br\/noticias\/wp-content\/uploads\/2021\/10\/572ba8b739dcb-coleta-seletiva.jpg\",\"datePublished\":\"2021-10-05T22:09:44+00:00\",\"dateModified\":\"2026-04-23T22:13:44+00:00\",\"breadcrumb\":{\"@id\":\"https:\/\/radiolifefm.com.br\/noticias\/prefeitura-de-adamantina-pede-a-colaboracao-da-populacao-na-separacao-do-lixo-para-coleta-seletiva-3\/#breadcrumb\"},\"inLanguage\":\"pt-BR\",\"potentialAction\":[{\"@type\":\"ReadAction\",\"target\":[\"https:\/\/radiolifefm.com.br\/noticias\/prefeitura-de-adamantina-pede-a-colaboracao-da-populacao-na-separacao-do-lixo-para-coleta-seletiva-3\/\"]}]},{\"@type\":\"ImageObject\",\"inLanguage\":\"pt-BR\",\"@id\":\"https:\/\/radiolifefm.com.br\/noticias\/prefeitura-de-adamantina-pede-a-colaboracao-da-populacao-na-separacao-do-lixo-para-coleta-seletiva-3\/#primaryimage\",\"url\":\"https:\/\/radiolifefm.com.br\/noticias\/wp-content\/uploads\/2021\/10\/572ba8b739dcb-coleta-seletiva.jpg\",\"contentUrl\":\"https:\/\/radiolifefm.com.br\/noticias\/wp-content\/uploads\/2021\/10\/572ba8b739dcb-coleta-seletiva.jpg\",\"width\":600,\"height\":354,\"caption\":\"Em paralelo a essa a\u00e7\u00e3o, encontra-se em fase final a aquisi\u00e7\u00e3o dos equipamentos que ser\u00e3o usados pela cooperativa de catadores\"},{\"@type\":\"BreadcrumbList\",\"@id\":\"https:\/\/radiolifefm.com.br\/noticias\/prefeitura-de-adamantina-pede-a-colaboracao-da-populacao-na-separacao-do-lixo-para-coleta-seletiva-3\/#breadcrumb\",\"itemListElement\":[{\"@type\":\"ListItem\",\"position\":1,\"name\":\"In\u00edcio\",\"item\":\"https:\/\/radiolifefm.com.br\/noticias\/\"},{\"@type\":\"ListItem\",\"position\":2,\"name\":\"Prefeitura de Adamantina pede a colabora\u00e7\u00e3o da popula\u00e7\u00e3o na separa\u00e7\u00e3o do lixo para coleta seletiva\"}]},{\"@type\":\"WebSite\",\"@id\":\"https:\/\/radiolifefm.com.br\/noticias\/#website\",\"url\":\"https:\/\/radiolifefm.com.br\/noticias\/\",\"name\":\"R\u00e1dio Life FM\",\"description\":\"O Portal de Not\u00edcias de Adamantina\",\"publisher\":{\"@id\":\"https:\/\/radiolifefm.com.br\/noticias\/#organization\"},\"alternateName\":\"Life FM\",\"potentialAction\":[{\"@type\":\"SearchAction\",\"target\":{\"@type\":\"EntryPoint\",\"urlTemplate\":\"https:\/\/radiolifefm.com.br\/noticias\/?s={search_term_string}\"},\"query-input\":{\"@type\":\"PropertyValueSpecification\",\"valueRequired\":true,\"valueName\":\"search_term_string\"}}],\"inLanguage\":\"pt-BR\"},{\"@type\":\"Organization\",\"@id\":\"https:\/\/radiolifefm.com.br\/noticias\/#organization\",\"name\":\"R\u00e1dio Life FM\",\"alternateName\":\"Life FM\",\"url\":\"https:\/\/radiolifefm.com.br\/noticias\/\",\"logo\":{\"@type\":\"ImageObject\",\"inLanguage\":\"pt-BR\",\"@id\":\"https:\/\/radiolifefm.com.br\/noticias\/#\/schema\/logo\/image\/\",\"url\":\"https:\/\/static.radiolifefm.com.br\/noticias\/wp-content\/uploads\/2019\/10\/logo-lifefm.png\",\"contentUrl\":\"https:\/\/static.radiolifefm.com.br\/noticias\/wp-content\/uploads\/2019\/10\/logo-lifefm.png\",\"width\":196,\"height\":47,\"caption\":\"R\u00e1dio Life FM\"},\"image\":{\"@id\":\"https:\/\/radiolifefm.com.br\/noticias\/#\/schema\/logo\/image\/\"},\"sameAs\":[\"https:\/\/www.facebook.com\/radiolifefm\/\",\"https:\/\/www.instagram.com\/life1079fm\/\"]},{\"@type\":\"Person\",\"@id\":\"https:\/\/radiolifefm.com.br\/noticias\/#\/schema\/person\/6339b9fac59d12b071dec680d7375d87\",\"name\":\"ritanery\",\"image\":{\"@type\":\"ImageObject\",\"inLanguage\":\"pt-BR\",\"@id\":\"https:\/\/secure.gravatar.com\/avatar\/0e37bb19071f47c0b8a23f62a903df117c5a0e75f65a0c2901562f97cd41cf86?s=96&d=mm&r=g\",\"url\":\"https:\/\/secure.gravatar.com\/avatar\/0e37bb19071f47c0b8a23f62a903df117c5a0e75f65a0c2901562f97cd41cf86?s=96&d=mm&r=g\",\"contentUrl\":\"https:\/\/secure.gravatar.com\/avatar\/0e37bb19071f47c0b8a23f62a903df117c5a0e75f65a0c2901562f97cd41cf86?s=96&d=mm&r=g\",\"caption\":\"ritanery\"}}]}<\/script>\n<!-- \/ Yoast SEO plugin. -->","yoast_head_json":{"title":"Prefeitura de Adamantina pede a colabora\u00e7\u00e3o da popula\u00e7\u00e3o na separa\u00e7\u00e3o do lixo para coleta seletiva - R\u00e1dio Life FM","robots":{"index":"index","follow":"follow","max-snippet":"max-snippet:-1","max-image-preview":"max-image-preview:large","max-video-preview":"max-video-preview:-1"},"canonical":"https:\/\/radiolifefm.com.br\/noticias\/prefeitura-de-adamantina-pede-a-colaboracao-da-populacao-na-separacao-do-lixo-para-coleta-seletiva-3\/","og_locale":"pt_BR","og_type":"article","og_title":"Prefeitura de Adamantina pede a colabora\u00e7\u00e3o da popula\u00e7\u00e3o na separa\u00e7\u00e3o do lixo para coleta seletiva - R\u00e1dio Life FM","og_description":"Prefeitura de Adamantina, por meio da Secretaria de Obras, executa todos os dias a coleta de lixo recicl\u00e1vel em diferentes pontos da cidade. Essa a\u00e7\u00e3o \u00e9 fundamental para o meio ambiente, porque por meio dela, h\u00e1 economia de energia, o lixo ganha destina\u00e7\u00e3o adequada e o uso de mat\u00e9ria-prima diminui. &nbsp; A separa\u00e7\u00e3o e prensagem [&hellip;]","og_url":"https:\/\/radiolifefm.com.br\/noticias\/prefeitura-de-adamantina-pede-a-colaboracao-da-populacao-na-separacao-do-lixo-para-coleta-seletiva-3\/","og_site_name":"R\u00e1dio Life FM","article_publisher":"https:\/\/www.facebook.com\/radiolifefm\/","article_published_time":"2021-10-05T22:09:44+00:00","article_modified_time":"2026-04-23T22:13:44+00:00","og_image":[{"width":600,"height":354,"url":"https:\/\/radiolifefm.com.br\/noticias\/wp-content\/uploads\/2021\/10\/572ba8b739dcb-coleta-seletiva.jpg","type":"image\/jpeg"}],"author":"ritanery","twitter_card":"summary_large_image","twitter_misc":{"Escrito por":"ritanery","Est. tempo de leitura":"2 minutos"},"schema":{"@context":"https:\/\/schema.org","@graph":[{"@type":"Article","@id":"https:\/\/radiolifefm.com.br\/noticias\/prefeitura-de-adamantina-pede-a-colaboracao-da-populacao-na-separacao-do-lixo-para-coleta-seletiva-3\/#article","isPartOf":{"@id":"https:\/\/radiolifefm.com.br\/noticias\/prefeitura-de-adamantina-pede-a-colaboracao-da-populacao-na-separacao-do-lixo-para-coleta-seletiva-3\/"},"author":{"name":"ritanery","@id":"https:\/\/radiolifefm.com.br\/noticias\/#\/schema\/person\/6339b9fac59d12b071dec680d7375d87"},"headline":"Prefeitura de Adamantina pede a colabora\u00e7\u00e3o da popula\u00e7\u00e3o na separa\u00e7\u00e3o do lixo para coleta seletiva","datePublished":"2021-10-05T22:09:44+00:00","dateModified":"2026-04-23T22:13:44+00:00","mainEntityOfPage":{"@id":"https:\/\/radiolifefm.com.br\/noticias\/prefeitura-de-adamantina-pede-a-colaboracao-da-populacao-na-separacao-do-lixo-para-coleta-seletiva-3\/"},"wordCount":404,"publisher":{"@id":"https:\/\/radiolifefm.com.br\/noticias\/#organization"},"image":{"@id":"https:\/\/radiolifefm.com.br\/noticias\/prefeitura-de-adamantina-pede-a-colaboracao-da-populacao-na-separacao-do-lixo-para-coleta-seletiva-3\/#primaryimage"},"thumbnailUrl":"https:\/\/radiolifefm.com.br\/noticias\/wp-content\/uploads\/2021\/10\/572ba8b739dcb-coleta-seletiva.jpg","articleSection":["Adamantina"],"inLanguage":"pt-BR"},{"@type":"WebPage","@id":"https:\/\/radiolifefm.com.br\/noticias\/prefeitura-de-adamantina-pede-a-colaboracao-da-populacao-na-separacao-do-lixo-para-coleta-seletiva-3\/","url":"https:\/\/radiolifefm.com.br\/noticias\/prefeitura-de-adamantina-pede-a-colaboracao-da-populacao-na-separacao-do-lixo-para-coleta-seletiva-3\/","name":"Prefeitura de Adamantina pede a colabora\u00e7\u00e3o da popula\u00e7\u00e3o na separa\u00e7\u00e3o do lixo para coleta seletiva - R\u00e1dio Life FM","isPartOf":{"@id":"https:\/\/radiolifefm.com.br\/noticias\/#website"},"primaryImageOfPage":{"@id":"https:\/\/radiolifefm.com.br\/noticias\/prefeitura-de-adamantina-pede-a-colaboracao-da-populacao-na-separacao-do-lixo-para-coleta-seletiva-3\/#primaryimage"},"image":{"@id":"https:\/\/radiolifefm.com.br\/noticias\/prefeitura-de-adamantina-pede-a-colaboracao-da-populacao-na-separacao-do-lixo-para-coleta-seletiva-3\/#primaryimage"},"thumbnailUrl":"https:\/\/radiolifefm.com.br\/noticias\/wp-content\/uploads\/2021\/10\/572ba8b739dcb-coleta-seletiva.jpg","datePublished":"2021-10-05T22:09:44+00:00","dateModified":"2026-04-23T22:13:44+00:00","breadcrumb":{"@id":"https:\/\/radiolifefm.com.br\/noticias\/prefeitura-de-adamantina-pede-a-colaboracao-da-populacao-na-separacao-do-lixo-para-coleta-seletiva-3\/#breadcrumb"},"inLanguage":"pt-BR","potentialAction":[{"@type":"ReadAction","target":["https:\/\/radiolifefm.com.br\/noticias\/prefeitura-de-adamantina-pede-a-colaboracao-da-populacao-na-separacao-do-lixo-para-coleta-seletiva-3\/"]}]},{"@type":"ImageObject","inLanguage":"pt-BR","@id":"https:\/\/radiolifefm.com.br\/noticias\/prefeitura-de-adamantina-pede-a-colaboracao-da-populacao-na-separacao-do-lixo-para-coleta-seletiva-3\/#primaryimage","url":"https:\/\/radiolifefm.com.br\/noticias\/wp-content\/uploads\/2021\/10\/572ba8b739dcb-coleta-seletiva.jpg","contentUrl":"https:\/\/radiolifefm.com.br\/noticias\/wp-content\/uploads\/2021\/10\/572ba8b739dcb-coleta-seletiva.jpg","width":600,"height":354,"caption":"Em paralelo a essa a\u00e7\u00e3o, encontra-se em fase final a aquisi\u00e7\u00e3o dos equipamentos que ser\u00e3o usados pela cooperativa de catadores"},{"@type":"BreadcrumbList","@id":"https:\/\/radiolifefm.com.br\/noticias\/prefeitura-de-adamantina-pede-a-colaboracao-da-populacao-na-separacao-do-lixo-para-coleta-seletiva-3\/#breadcrumb","itemListElement":[{"@type":"ListItem","position":1,"name":"In\u00edcio","item":"https:\/\/radiolifefm.com.br\/noticias\/"},{"@type":"ListItem","position":2,"name":"Prefeitura de Adamantina pede a colabora\u00e7\u00e3o da popula\u00e7\u00e3o na separa\u00e7\u00e3o do lixo para coleta seletiva"}]},{"@type":"WebSite","@id":"https:\/\/radiolifefm.com.br\/noticias\/#website","url":"https:\/\/radiolifefm.com.br\/noticias\/","name":"R\u00e1dio Life FM","description":"O Portal de Not\u00edcias de Adamantina","publisher":{"@id":"https:\/\/radiolifefm.com.br\/noticias\/#organization"},"alternateName":"Life FM","potentialAction":[{"@type":"SearchAction","target":{"@type":"EntryPoint","urlTemplate":"https:\/\/radiolifefm.com.br\/noticias\/?s={search_term_string}"},"query-input":{"@type":"PropertyValueSpecification","valueRequired":true,"valueName":"search_term_string"}}],"inLanguage":"pt-BR"},{"@type":"Organization","@id":"https:\/\/radiolifefm.com.br\/noticias\/#organization","name":"R\u00e1dio Life FM","alternateName":"Life FM","url":"https:\/\/radiolifefm.com.br\/noticias\/","logo":{"@type":"ImageObject","inLanguage":"pt-BR","@id":"https:\/\/radiolifefm.com.br\/noticias\/#\/schema\/logo\/image\/","url":"https:\/\/static.radiolifefm.com.br\/noticias\/wp-content\/uploads\/2019\/10\/logo-lifefm.png","contentUrl":"https:\/\/static.radiolifefm.com.br\/noticias\/wp-content\/uploads\/2019\/10\/logo-lifefm.png","width":196,"height":47,"caption":"R\u00e1dio Life FM"},"image":{"@id":"https:\/\/radiolifefm.com.br\/noticias\/#\/schema\/logo\/image\/"},"sameAs":["https:\/\/www.facebook.com\/radiolifefm\/","https:\/\/www.instagram.com\/life1079fm\/"]},{"@type":"Person","@id":"https:\/\/radiolifefm.com.br\/noticias\/#\/schema\/person\/6339b9fac59d12b071dec680d7375d87","name":"ritanery","image":{"@type":"ImageObject","inLanguage":"pt-BR","@id":"https:\/\/secure.gravatar.com\/avatar\/0e37bb19071f47c0b8a23f62a903df117c5a0e75f65a0c2901562f97cd41cf86?s=96&d=mm&r=g","url":"https:\/\/secure.gravatar.com\/avatar\/0e37bb19071f47c0b8a23f62a903df117c5a0e75f65a0c2901562f97cd41cf86?s=96&d=mm&r=g","contentUrl":"https:\/\/secure.gravatar.com\/avatar\/0e37bb19071f47c0b8a23f62a903df117c5a0e75f65a0c2901562f97cd41cf86?s=96&d=mm&r=g","caption":"ritanery"}}]}},"amp_enabled":true,"_links":{"self":[{"href":"https:\/\/radiolifefm.com.br\/noticias\/wp-json\/wp\/v2\/posts\/43693","targetHints":{"allow":["GET"]}}],"collection":[{"href":"https:\/\/radiolifefm.com.br\/noticias\/wp-json\/wp\/v2\/posts"}],"about":[{"href":"https:\/\/radiolifefm.com.br\/noticias\/wp-json\/wp\/v2\/types\/post"}],"author":[{"embeddable":true,"href":"https:\/\/radiolifefm.com.br\/noticias\/wp-json\/wp\/v2\/users\/13"}],"replies":[{"embeddable":true,"href":"https:\/\/radiolifefm.com.br\/noticias\/wp-json\/wp\/v2\/comments?post=43693"}],"version-history":[{"count":2,"href":"https:\/\/radiolifefm.com.br\/noticias\/wp-json\/wp\/v2\/posts\/43693\/revisions"}],"predecessor-version":[{"id":43696,"href":"https:\/\/radiolifefm.com.br\/noticias\/wp-json\/wp\/v2\/posts\/43693\/revisions\/43696"}],"wp:featuredmedia":[{"embeddable":true,"href":"https:\/\/radiolifefm.com.br\/noticias\/wp-json\/wp\/v2\/media\/43694"}],"wp:attachment":[{"href":"https:\/\/radiolifefm.com.br\/noticias\/wp-json\/wp\/v2\/media?parent=43693"}],"wp:term":[{"taxonomy":"category","embeddable":true,"href":"https:\/\/radiolifefm.com.br\/noticias\/wp-json\/wp\/v2\/categories?post=43693"},{"taxonomy":"post_tag","embeddable":true,"href":"https:\/\/radiolifefm.com.br\/noticias\/wp-json\/wp\/v2\/tags?post=43693"}],"curies":[{"name":"wp","href":"https:\/\/api.w.org\/{rel}","templated":true}]}}