{"id":43643,"date":"2021-10-05T08:49:27","date_gmt":"2021-10-05T11:49:27","guid":{"rendered":"https:\/\/radiolifefm.com.br\/noticias\/?p=43643"},"modified":"2026-03-29T11:29:54","modified_gmt":"2026-03-29T14:29:54","slug":"vereadores-propoem-parceria-para-utilizacao-de-castramovel-adquirido-pelo-municipio","status":"publish","type":"post","link":"https:\/\/radiolifefm.com.br\/noticias\/vereadores-propoem-parceria-para-utilizacao-de-castramovel-adquirido-pelo-municipio\/","title":{"rendered":"Vereadores prop\u00f5em parceria para utiliza\u00e7\u00e3o de Castram\u00f3vel adquirido pelo Munic\u00edpio"},"content":{"rendered":"<div id=\"fb-root\"><\/div>\n<p>Por meio da Indica\u00e7\u00e3o n\u00ba 677\/21, os vereadores Alcio Ikeda Jr (PODE), Paulo Cervelheira (PV), Noriko Saito (PV), Rafael Pacheco (PODE) e Ant\u00f4nio Le\u00f4ncio \u2018Bigode\u2019 (PODE) prop\u00f5em que a Secretaria Municipal de Sa\u00fade e a Reitoria da UniFAI (Centro Universit\u00e1rio de Adamantina) utilizem o Castram\u00f3vel adquirido pela Prefeitura.<\/p>\n<p>A iniciativa resultaria em uma parceria junto \u00e0 Pr\u00f3Reitoria de Extens\u00e3o da Autarquia para a castra\u00e7\u00e3o de animais no munic\u00edpio atrav\u00e9s dos professores e alunos do curso de Medicina Veterin\u00e1ria.<\/p>\n<p>&nbsp;<\/p>\n<p>\u201cO objetivo \u00e9 sugerir caminhos para o Poder P\u00fablico atuar frente a essa necessidade atual que \u00e9 a castra\u00e7\u00e3o de animais. A Prefeitura adquiriu um castram\u00f3vel e seus equipamentos, por\u00e9m para a opera\u00e7\u00e3o dos servi\u00e7os, entendemos ser importante a participa\u00e7\u00e3o do curso de medicina veterin\u00e1ria da UNIFAI. Neste sentido, entendemos ser importante verificar a possibilidade de promover uma parceria junto a autarquia municipal\u201d, explicam os autores no documento.<\/p>\n<p>&nbsp;<\/p>\n<p>A proposta \u00e9 tamb\u00e9m, ap\u00f3s encerrado o ciclo de castra\u00e7\u00f5es em Adamantina, estender a a\u00e7\u00e3o para outros munic\u00edpios da regi\u00e3o.<\/p>\n<p>&nbsp;<\/p>\n<p>A indica\u00e7\u00e3o passou pelo plen\u00e1rio da C\u00e2mara Municipal na \u00faltima sess\u00e3o ordin\u00e1ria e, depois, foi despachada pela Presid\u00eancia para os \u00f3rg\u00e3os citados.<\/p>\n<p>&nbsp;<\/p>\n<p>Fonte: Adamantina Net<\/p>\n","protected":false},"excerpt":{"rendered":"<p>Por meio da Indica\u00e7\u00e3o n\u00ba 677\/21, os vereadores Alcio Ikeda Jr (PODE), Paulo Cervelheira (PV), Noriko Saito (PV), Rafael Pacheco (PODE) e Ant\u00f4nio Le\u00f4ncio \u2018Bigode\u2019 (PODE) prop\u00f5em que a Secretaria Municipal de Sa\u00fade e a Reitoria da UniFAI (Centro Universit\u00e1rio de Adamantina) utilizem o Castram\u00f3vel adquirido pela Prefeitura. A iniciativa resultaria em uma parceria junto [&hellip;]<\/p>\n","protected":false},"author":13,"featured_media":37922,"comment_status":"closed","ping_status":"open","sticky":false,"template":"","format":"standard","meta":{"_acf_changed":false,"_exactmetrics_skip_tracking":false,"_exactmetrics_sitenote_active":false,"_exactmetrics_sitenote_note":"","_exactmetrics_sitenote_category":0,"footnotes":""},"categories":[21],"tags":[],"class_list":["post-43643","post","type-post","status-publish","format-standard","has-post-thumbnail","hentry","category-adamantina"],"acf":[],"yoast_head":"<!-- This site is optimized with the Yoast SEO plugin v27.2 - https:\/\/yoast.com\/product\/yoast-seo-wordpress\/ -->\n<title>Vereadores prop\u00f5em parceria para utiliza\u00e7\u00e3o de Castram\u00f3vel adquirido pelo Munic\u00edpio - R\u00e1dio Life FM<\/title>\n<meta name=\"robots\" content=\"index, follow, max-snippet:-1, max-image-preview:large, max-video-preview:-1\" \/>\n<link rel=\"canonical\" href=\"https:\/\/radiolifefm.com.br\/noticias\/vereadores-propoem-parceria-para-utilizacao-de-castramovel-adquirido-pelo-municipio\/\" \/>\n<meta property=\"og:locale\" content=\"pt_BR\" \/>\n<meta property=\"og:type\" content=\"article\" \/>\n<meta property=\"og:title\" content=\"Vereadores prop\u00f5em parceria para utiliza\u00e7\u00e3o de Castram\u00f3vel adquirido pelo Munic\u00edpio - R\u00e1dio Life FM\" \/>\n<meta property=\"og:description\" content=\"Por meio da Indica\u00e7\u00e3o n\u00ba 677\/21, os vereadores Alcio Ikeda Jr (PODE), Paulo Cervelheira (PV), Noriko Saito (PV), Rafael Pacheco (PODE) e Ant\u00f4nio Le\u00f4ncio \u2018Bigode\u2019 (PODE) prop\u00f5em que a Secretaria Municipal de Sa\u00fade e a Reitoria da UniFAI (Centro Universit\u00e1rio de Adamantina) utilizem o Castram\u00f3vel adquirido pela Prefeitura. A iniciativa resultaria em uma parceria junto [&hellip;]\" \/>\n<meta property=\"og:url\" content=\"https:\/\/radiolifefm.com.br\/noticias\/vereadores-propoem-parceria-para-utilizacao-de-castramovel-adquirido-pelo-municipio\/\" \/>\n<meta property=\"og:site_name\" content=\"R\u00e1dio Life FM\" \/>\n<meta property=\"article:publisher\" content=\"https:\/\/www.facebook.com\/radiolifefm\/\" \/>\n<meta property=\"article:published_time\" content=\"2021-10-05T11:49:27+00:00\" \/>\n<meta property=\"article:modified_time\" content=\"2026-03-29T14:29:54+00:00\" \/>\n<meta property=\"og:image\" content=\"https:\/\/radiolifefm.com.br\/noticias\/wp-content\/uploads\/2021\/04\/castramovel-foto-siga-mais-1-1280jpg1618841896607d91286f561.jpg\" \/>\n\t<meta property=\"og:image:width\" content=\"600\" \/>\n\t<meta property=\"og:image:height\" content=\"337\" \/>\n\t<meta property=\"og:image:type\" content=\"image\/jpeg\" \/>\n<meta name=\"author\" content=\"ritanery\" \/>\n<meta name=\"twitter:card\" content=\"summary_large_image\" \/>\n<meta name=\"twitter:label1\" content=\"Escrito por\" \/>\n\t<meta name=\"twitter:data1\" content=\"ritanery\" \/>\n\t<meta name=\"twitter:label2\" content=\"Est. tempo de leitura\" \/>\n\t<meta name=\"twitter:data2\" content=\"1 minuto\" \/>\n<script type=\"application\/ld+json\" class=\"yoast-schema-graph\">{\"@context\":\"https:\/\/schema.org\",\"@graph\":[{\"@type\":\"Article\",\"@id\":\"https:\/\/radiolifefm.com.br\/noticias\/vereadores-propoem-parceria-para-utilizacao-de-castramovel-adquirido-pelo-municipio\/#article\",\"isPartOf\":{\"@id\":\"https:\/\/radiolifefm.com.br\/noticias\/vereadores-propoem-parceria-para-utilizacao-de-castramovel-adquirido-pelo-municipio\/\"},\"author\":{\"name\":\"ritanery\",\"@id\":\"https:\/\/radiolifefm.com.br\/noticias\/#\/schema\/person\/6339b9fac59d12b071dec680d7375d87\"},\"headline\":\"Vereadores prop\u00f5em parceria para utiliza\u00e7\u00e3o de Castram\u00f3vel adquirido pelo Munic\u00edpio\",\"datePublished\":\"2021-10-05T11:49:27+00:00\",\"dateModified\":\"2026-03-29T14:29:54+00:00\",\"mainEntityOfPage\":{\"@id\":\"https:\/\/radiolifefm.com.br\/noticias\/vereadores-propoem-parceria-para-utilizacao-de-castramovel-adquirido-pelo-municipio\/\"},\"wordCount\":238,\"publisher\":{\"@id\":\"https:\/\/radiolifefm.com.br\/noticias\/#organization\"},\"image\":{\"@id\":\"https:\/\/radiolifefm.com.br\/noticias\/vereadores-propoem-parceria-para-utilizacao-de-castramovel-adquirido-pelo-municipio\/#primaryimage\"},\"thumbnailUrl\":\"https:\/\/radiolifefm.com.br\/noticias\/wp-content\/uploads\/2021\/04\/castramovel-foto-siga-mais-1-1280jpg1618841896607d91286f561.jpg\",\"articleSection\":[\"Adamantina\"],\"inLanguage\":\"pt-BR\"},{\"@type\":\"WebPage\",\"@id\":\"https:\/\/radiolifefm.com.br\/noticias\/vereadores-propoem-parceria-para-utilizacao-de-castramovel-adquirido-pelo-municipio\/\",\"url\":\"https:\/\/radiolifefm.com.br\/noticias\/vereadores-propoem-parceria-para-utilizacao-de-castramovel-adquirido-pelo-municipio\/\",\"name\":\"Vereadores prop\u00f5em parceria para utiliza\u00e7\u00e3o de Castram\u00f3vel adquirido pelo Munic\u00edpio - R\u00e1dio Life FM\",\"isPartOf\":{\"@id\":\"https:\/\/radiolifefm.com.br\/noticias\/#website\"},\"primaryImageOfPage\":{\"@id\":\"https:\/\/radiolifefm.com.br\/noticias\/vereadores-propoem-parceria-para-utilizacao-de-castramovel-adquirido-pelo-municipio\/#primaryimage\"},\"image\":{\"@id\":\"https:\/\/radiolifefm.com.br\/noticias\/vereadores-propoem-parceria-para-utilizacao-de-castramovel-adquirido-pelo-municipio\/#primaryimage\"},\"thumbnailUrl\":\"https:\/\/radiolifefm.com.br\/noticias\/wp-content\/uploads\/2021\/04\/castramovel-foto-siga-mais-1-1280jpg1618841896607d91286f561.jpg\",\"datePublished\":\"2021-10-05T11:49:27+00:00\",\"dateModified\":\"2026-03-29T14:29:54+00:00\",\"breadcrumb\":{\"@id\":\"https:\/\/radiolifefm.com.br\/noticias\/vereadores-propoem-parceria-para-utilizacao-de-castramovel-adquirido-pelo-municipio\/#breadcrumb\"},\"inLanguage\":\"pt-BR\",\"potentialAction\":[{\"@type\":\"ReadAction\",\"target\":[\"https:\/\/radiolifefm.com.br\/noticias\/vereadores-propoem-parceria-para-utilizacao-de-castramovel-adquirido-pelo-municipio\/\"]}]},{\"@type\":\"ImageObject\",\"inLanguage\":\"pt-BR\",\"@id\":\"https:\/\/radiolifefm.com.br\/noticias\/vereadores-propoem-parceria-para-utilizacao-de-castramovel-adquirido-pelo-municipio\/#primaryimage\",\"url\":\"https:\/\/radiolifefm.com.br\/noticias\/wp-content\/uploads\/2021\/04\/castramovel-foto-siga-mais-1-1280jpg1618841896607d91286f561.jpg\",\"contentUrl\":\"https:\/\/radiolifefm.com.br\/noticias\/wp-content\/uploads\/2021\/04\/castramovel-foto-siga-mais-1-1280jpg1618841896607d91286f561.jpg\",\"width\":600,\"height\":337},{\"@type\":\"BreadcrumbList\",\"@id\":\"https:\/\/radiolifefm.com.br\/noticias\/vereadores-propoem-parceria-para-utilizacao-de-castramovel-adquirido-pelo-municipio\/#breadcrumb\",\"itemListElement\":[{\"@type\":\"ListItem\",\"position\":1,\"name\":\"In\u00edcio\",\"item\":\"https:\/\/radiolifefm.com.br\/noticias\/\"},{\"@type\":\"ListItem\",\"position\":2,\"name\":\"Vereadores prop\u00f5em parceria para utiliza\u00e7\u00e3o de Castram\u00f3vel adquirido pelo Munic\u00edpio\"}]},{\"@type\":\"WebSite\",\"@id\":\"https:\/\/radiolifefm.com.br\/noticias\/#website\",\"url\":\"https:\/\/radiolifefm.com.br\/noticias\/\",\"name\":\"R\u00e1dio Life FM\",\"description\":\"O Portal de Not\u00edcias de Adamantina\",\"publisher\":{\"@id\":\"https:\/\/radiolifefm.com.br\/noticias\/#organization\"},\"alternateName\":\"Life FM\",\"potentialAction\":[{\"@type\":\"SearchAction\",\"target\":{\"@type\":\"EntryPoint\",\"urlTemplate\":\"https:\/\/radiolifefm.com.br\/noticias\/?s={search_term_string}\"},\"query-input\":{\"@type\":\"PropertyValueSpecification\",\"valueRequired\":true,\"valueName\":\"search_term_string\"}}],\"inLanguage\":\"pt-BR\"},{\"@type\":\"Organization\",\"@id\":\"https:\/\/radiolifefm.com.br\/noticias\/#organization\",\"name\":\"R\u00e1dio Life FM\",\"alternateName\":\"Life FM\",\"url\":\"https:\/\/radiolifefm.com.br\/noticias\/\",\"logo\":{\"@type\":\"ImageObject\",\"inLanguage\":\"pt-BR\",\"@id\":\"https:\/\/radiolifefm.com.br\/noticias\/#\/schema\/logo\/image\/\",\"url\":\"https:\/\/static.radiolifefm.com.br\/noticias\/wp-content\/uploads\/2019\/10\/logo-lifefm.png\",\"contentUrl\":\"https:\/\/static.radiolifefm.com.br\/noticias\/wp-content\/uploads\/2019\/10\/logo-lifefm.png\",\"width\":196,\"height\":47,\"caption\":\"R\u00e1dio Life FM\"},\"image\":{\"@id\":\"https:\/\/radiolifefm.com.br\/noticias\/#\/schema\/logo\/image\/\"},\"sameAs\":[\"https:\/\/www.facebook.com\/radiolifefm\/\",\"https:\/\/www.instagram.com\/life1079fm\/\"]},{\"@type\":\"Person\",\"@id\":\"https:\/\/radiolifefm.com.br\/noticias\/#\/schema\/person\/6339b9fac59d12b071dec680d7375d87\",\"name\":\"ritanery\",\"image\":{\"@type\":\"ImageObject\",\"inLanguage\":\"pt-BR\",\"@id\":\"https:\/\/secure.gravatar.com\/avatar\/0e37bb19071f47c0b8a23f62a903df117c5a0e75f65a0c2901562f97cd41cf86?s=96&d=mm&r=g\",\"url\":\"https:\/\/secure.gravatar.com\/avatar\/0e37bb19071f47c0b8a23f62a903df117c5a0e75f65a0c2901562f97cd41cf86?s=96&d=mm&r=g\",\"contentUrl\":\"https:\/\/secure.gravatar.com\/avatar\/0e37bb19071f47c0b8a23f62a903df117c5a0e75f65a0c2901562f97cd41cf86?s=96&d=mm&r=g\",\"caption\":\"ritanery\"}}]}<\/script>\n<!-- \/ Yoast SEO plugin. -->","yoast_head_json":{"title":"Vereadores prop\u00f5em parceria para utiliza\u00e7\u00e3o de Castram\u00f3vel adquirido pelo Munic\u00edpio - R\u00e1dio Life FM","robots":{"index":"index","follow":"follow","max-snippet":"max-snippet:-1","max-image-preview":"max-image-preview:large","max-video-preview":"max-video-preview:-1"},"canonical":"https:\/\/radiolifefm.com.br\/noticias\/vereadores-propoem-parceria-para-utilizacao-de-castramovel-adquirido-pelo-municipio\/","og_locale":"pt_BR","og_type":"article","og_title":"Vereadores prop\u00f5em parceria para utiliza\u00e7\u00e3o de Castram\u00f3vel adquirido pelo Munic\u00edpio - R\u00e1dio Life FM","og_description":"Por meio da Indica\u00e7\u00e3o n\u00ba 677\/21, os vereadores Alcio Ikeda Jr (PODE), Paulo Cervelheira (PV), Noriko Saito (PV), Rafael Pacheco (PODE) e Ant\u00f4nio Le\u00f4ncio \u2018Bigode\u2019 (PODE) prop\u00f5em que a Secretaria Municipal de Sa\u00fade e a Reitoria da UniFAI (Centro Universit\u00e1rio de Adamantina) utilizem o Castram\u00f3vel adquirido pela Prefeitura. A iniciativa resultaria em uma parceria junto [&hellip;]","og_url":"https:\/\/radiolifefm.com.br\/noticias\/vereadores-propoem-parceria-para-utilizacao-de-castramovel-adquirido-pelo-municipio\/","og_site_name":"R\u00e1dio Life FM","article_publisher":"https:\/\/www.facebook.com\/radiolifefm\/","article_published_time":"2021-10-05T11:49:27+00:00","article_modified_time":"2026-03-29T14:29:54+00:00","og_image":[{"width":600,"height":337,"url":"https:\/\/radiolifefm.com.br\/noticias\/wp-content\/uploads\/2021\/04\/castramovel-foto-siga-mais-1-1280jpg1618841896607d91286f561.jpg","type":"image\/jpeg"}],"author":"ritanery","twitter_card":"summary_large_image","twitter_misc":{"Escrito por":"ritanery","Est. tempo de leitura":"1 minuto"},"schema":{"@context":"https:\/\/schema.org","@graph":[{"@type":"Article","@id":"https:\/\/radiolifefm.com.br\/noticias\/vereadores-propoem-parceria-para-utilizacao-de-castramovel-adquirido-pelo-municipio\/#article","isPartOf":{"@id":"https:\/\/radiolifefm.com.br\/noticias\/vereadores-propoem-parceria-para-utilizacao-de-castramovel-adquirido-pelo-municipio\/"},"author":{"name":"ritanery","@id":"https:\/\/radiolifefm.com.br\/noticias\/#\/schema\/person\/6339b9fac59d12b071dec680d7375d87"},"headline":"Vereadores prop\u00f5em parceria para utiliza\u00e7\u00e3o de Castram\u00f3vel adquirido pelo Munic\u00edpio","datePublished":"2021-10-05T11:49:27+00:00","dateModified":"2026-03-29T14:29:54+00:00","mainEntityOfPage":{"@id":"https:\/\/radiolifefm.com.br\/noticias\/vereadores-propoem-parceria-para-utilizacao-de-castramovel-adquirido-pelo-municipio\/"},"wordCount":238,"publisher":{"@id":"https:\/\/radiolifefm.com.br\/noticias\/#organization"},"image":{"@id":"https:\/\/radiolifefm.com.br\/noticias\/vereadores-propoem-parceria-para-utilizacao-de-castramovel-adquirido-pelo-municipio\/#primaryimage"},"thumbnailUrl":"https:\/\/radiolifefm.com.br\/noticias\/wp-content\/uploads\/2021\/04\/castramovel-foto-siga-mais-1-1280jpg1618841896607d91286f561.jpg","articleSection":["Adamantina"],"inLanguage":"pt-BR"},{"@type":"WebPage","@id":"https:\/\/radiolifefm.com.br\/noticias\/vereadores-propoem-parceria-para-utilizacao-de-castramovel-adquirido-pelo-municipio\/","url":"https:\/\/radiolifefm.com.br\/noticias\/vereadores-propoem-parceria-para-utilizacao-de-castramovel-adquirido-pelo-municipio\/","name":"Vereadores prop\u00f5em parceria para utiliza\u00e7\u00e3o de Castram\u00f3vel adquirido pelo Munic\u00edpio - R\u00e1dio Life FM","isPartOf":{"@id":"https:\/\/radiolifefm.com.br\/noticias\/#website"},"primaryImageOfPage":{"@id":"https:\/\/radiolifefm.com.br\/noticias\/vereadores-propoem-parceria-para-utilizacao-de-castramovel-adquirido-pelo-municipio\/#primaryimage"},"image":{"@id":"https:\/\/radiolifefm.com.br\/noticias\/vereadores-propoem-parceria-para-utilizacao-de-castramovel-adquirido-pelo-municipio\/#primaryimage"},"thumbnailUrl":"https:\/\/radiolifefm.com.br\/noticias\/wp-content\/uploads\/2021\/04\/castramovel-foto-siga-mais-1-1280jpg1618841896607d91286f561.jpg","datePublished":"2021-10-05T11:49:27+00:00","dateModified":"2026-03-29T14:29:54+00:00","breadcrumb":{"@id":"https:\/\/radiolifefm.com.br\/noticias\/vereadores-propoem-parceria-para-utilizacao-de-castramovel-adquirido-pelo-municipio\/#breadcrumb"},"inLanguage":"pt-BR","potentialAction":[{"@type":"ReadAction","target":["https:\/\/radiolifefm.com.br\/noticias\/vereadores-propoem-parceria-para-utilizacao-de-castramovel-adquirido-pelo-municipio\/"]}]},{"@type":"ImageObject","inLanguage":"pt-BR","@id":"https:\/\/radiolifefm.com.br\/noticias\/vereadores-propoem-parceria-para-utilizacao-de-castramovel-adquirido-pelo-municipio\/#primaryimage","url":"https:\/\/radiolifefm.com.br\/noticias\/wp-content\/uploads\/2021\/04\/castramovel-foto-siga-mais-1-1280jpg1618841896607d91286f561.jpg","contentUrl":"https:\/\/radiolifefm.com.br\/noticias\/wp-content\/uploads\/2021\/04\/castramovel-foto-siga-mais-1-1280jpg1618841896607d91286f561.jpg","width":600,"height":337},{"@type":"BreadcrumbList","@id":"https:\/\/radiolifefm.com.br\/noticias\/vereadores-propoem-parceria-para-utilizacao-de-castramovel-adquirido-pelo-municipio\/#breadcrumb","itemListElement":[{"@type":"ListItem","position":1,"name":"In\u00edcio","item":"https:\/\/radiolifefm.com.br\/noticias\/"},{"@type":"ListItem","position":2,"name":"Vereadores prop\u00f5em parceria para utiliza\u00e7\u00e3o de Castram\u00f3vel adquirido pelo Munic\u00edpio"}]},{"@type":"WebSite","@id":"https:\/\/radiolifefm.com.br\/noticias\/#website","url":"https:\/\/radiolifefm.com.br\/noticias\/","name":"R\u00e1dio Life FM","description":"O Portal de Not\u00edcias de Adamantina","publisher":{"@id":"https:\/\/radiolifefm.com.br\/noticias\/#organization"},"alternateName":"Life FM","potentialAction":[{"@type":"SearchAction","target":{"@type":"EntryPoint","urlTemplate":"https:\/\/radiolifefm.com.br\/noticias\/?s={search_term_string}"},"query-input":{"@type":"PropertyValueSpecification","valueRequired":true,"valueName":"search_term_string"}}],"inLanguage":"pt-BR"},{"@type":"Organization","@id":"https:\/\/radiolifefm.com.br\/noticias\/#organization","name":"R\u00e1dio Life FM","alternateName":"Life FM","url":"https:\/\/radiolifefm.com.br\/noticias\/","logo":{"@type":"ImageObject","inLanguage":"pt-BR","@id":"https:\/\/radiolifefm.com.br\/noticias\/#\/schema\/logo\/image\/","url":"https:\/\/static.radiolifefm.com.br\/noticias\/wp-content\/uploads\/2019\/10\/logo-lifefm.png","contentUrl":"https:\/\/static.radiolifefm.com.br\/noticias\/wp-content\/uploads\/2019\/10\/logo-lifefm.png","width":196,"height":47,"caption":"R\u00e1dio Life FM"},"image":{"@id":"https:\/\/radiolifefm.com.br\/noticias\/#\/schema\/logo\/image\/"},"sameAs":["https:\/\/www.facebook.com\/radiolifefm\/","https:\/\/www.instagram.com\/life1079fm\/"]},{"@type":"Person","@id":"https:\/\/radiolifefm.com.br\/noticias\/#\/schema\/person\/6339b9fac59d12b071dec680d7375d87","name":"ritanery","image":{"@type":"ImageObject","inLanguage":"pt-BR","@id":"https:\/\/secure.gravatar.com\/avatar\/0e37bb19071f47c0b8a23f62a903df117c5a0e75f65a0c2901562f97cd41cf86?s=96&d=mm&r=g","url":"https:\/\/secure.gravatar.com\/avatar\/0e37bb19071f47c0b8a23f62a903df117c5a0e75f65a0c2901562f97cd41cf86?s=96&d=mm&r=g","contentUrl":"https:\/\/secure.gravatar.com\/avatar\/0e37bb19071f47c0b8a23f62a903df117c5a0e75f65a0c2901562f97cd41cf86?s=96&d=mm&r=g","caption":"ritanery"}}]}},"amp_enabled":true,"_links":{"self":[{"href":"https:\/\/radiolifefm.com.br\/noticias\/wp-json\/wp\/v2\/posts\/43643","targetHints":{"allow":["GET"]}}],"collection":[{"href":"https:\/\/radiolifefm.com.br\/noticias\/wp-json\/wp\/v2\/posts"}],"about":[{"href":"https:\/\/radiolifefm.com.br\/noticias\/wp-json\/wp\/v2\/types\/post"}],"author":[{"embeddable":true,"href":"https:\/\/radiolifefm.com.br\/noticias\/wp-json\/wp\/v2\/users\/13"}],"replies":[{"embeddable":true,"href":"https:\/\/radiolifefm.com.br\/noticias\/wp-json\/wp\/v2\/comments?post=43643"}],"version-history":[{"count":2,"href":"https:\/\/radiolifefm.com.br\/noticias\/wp-json\/wp\/v2\/posts\/43643\/revisions"}],"predecessor-version":[{"id":43645,"href":"https:\/\/radiolifefm.com.br\/noticias\/wp-json\/wp\/v2\/posts\/43643\/revisions\/43645"}],"wp:featuredmedia":[{"embeddable":true,"href":"https:\/\/radiolifefm.com.br\/noticias\/wp-json\/wp\/v2\/media\/37922"}],"wp:attachment":[{"href":"https:\/\/radiolifefm.com.br\/noticias\/wp-json\/wp\/v2\/media?parent=43643"}],"wp:term":[{"taxonomy":"category","embeddable":true,"href":"https:\/\/radiolifefm.com.br\/noticias\/wp-json\/wp\/v2\/categories?post=43643"},{"taxonomy":"post_tag","embeddable":true,"href":"https:\/\/radiolifefm.com.br\/noticias\/wp-json\/wp\/v2\/tags?post=43643"}],"curies":[{"name":"wp","href":"https:\/\/api.w.org\/{rel}","templated":true}]}}