{"id":43555,"date":"2021-10-02T21:36:00","date_gmt":"2021-10-03T00:36:00","guid":{"rendered":"https:\/\/radiolifefm.com.br\/noticias\/?p=43555"},"modified":"2026-04-03T16:30:43","modified_gmt":"2026-04-03T19:30:43","slug":"falta-de-energia-eletrica-compromete-captacao-de-agua-em-pocos-pela-sabesp-em-adamantina","status":"publish","type":"post","link":"https:\/\/radiolifefm.com.br\/noticias\/falta-de-energia-eletrica-compromete-captacao-de-agua-em-pocos-pela-sabesp-em-adamantina\/","title":{"rendered":"Falta de energia el\u00e9trica compromete capta\u00e7\u00e3o de \u00e1gua em po\u00e7os pela Sabesp, em Adamantina"},"content":{"rendered":"<div id=\"fb-root\"><\/div>\n<p>O fornecimento de \u00e1gua para Adamantina, prejudicado desde ontem (1) em raz\u00e3o do\u00a0<a href=\"https:\/\/www.sigamais.com\/noticias\/cidades\/vendaval-provoca-tempestade-de-poeira-sustos-e-estragos-em-adamantina\/\"><strong>temporal<\/strong>\u00a0<\/a>que levou \u00e0 interrup\u00e7\u00e3o na distribui\u00e7\u00e3o de energia el\u00e9trica, ainda est\u00e1 comprometido na cidade, segundo nota atualizada da Sabesp, distribu\u00edda \u00e0 imprensa \u00e0s 12h13 de hoje.<\/p>\n<p>&nbsp;<\/p>\n<p>A empresa diz que a falta de energia el\u00e9trica n\u00e3o permite o funcionamento das bombas em parte dos po\u00e7os respons\u00e1veis pela cata\u00e7\u00e3o de \u00e1gua para a cidade. Com isso, pede que a popula\u00e7\u00e3o economize \u00e1gua.<\/p>\n<p>&nbsp;<\/p>\n<p>Veja a nota:<\/p>\n<p><em>\u201cA Sabesp informa que a produ\u00e7\u00e3o de \u00e1gua em Adamantina est\u00e1 prejudicada, devido \u00e0 falta de energia el\u00e9trica que persiste em parte dos po\u00e7os respons\u00e1veis pela capta\u00e7\u00e3o de \u00e1gua para o munic\u00edpio. \u00c9 importante que a popula\u00e7\u00e3o fa\u00e7a uso racional da \u00e1gua at\u00e9 a completa recupera\u00e7\u00e3o dos sistemas de produ\u00e7\u00e3o e abastecimento. A Sabesp tem informado a popula\u00e7\u00e3o por meio de mensagens de carro de som, whatsapp e atendimento via central de atendimento, pelo 0800 0550195. Sabemos que o evento at\u00edpico de ontem trouxe uma grande quantidade de poeira para dentro das casas, mas \u00e9 preciso que todos usem a \u00e1gua sem desperd\u00edcios\u201d<\/em>.<\/p>\n<p>No meio da manh\u00e3 de hoje a concession\u00e1ria de energia el\u00e9trica Energisa Sul-Sudeste emitiu\u00a0<a href=\"https:\/\/www.sigamais.com\/noticias\/cidades\/energisa-quadriplica-equipes-proprias-e-terceirizadas-e-de-outros-estados-para-socorro-a-regiao\/\"><strong>nota<\/strong><\/a>, atualizando sobre as medidas de reparos na rede distribuidora, o que mobiliza equipes desde ontem. O trabalho avan\u00e7ou durante a noite, madrugada e prossegue neste s\u00e1bado,\u00a0\u00a0por\u00e9m sem previs\u00e3o de retomada total do fornecimento de energia el\u00e9trica.<\/p>\n<p>&nbsp;<\/p>\n<p>&nbsp;<\/p>\n<p>Fonte: Siga Mais<\/p>\n","protected":false},"excerpt":{"rendered":"<p>O fornecimento de \u00e1gua para Adamantina, prejudicado desde ontem (1) em raz\u00e3o do\u00a0temporal\u00a0que levou \u00e0 interrup\u00e7\u00e3o na distribui\u00e7\u00e3o de energia el\u00e9trica, ainda est\u00e1 comprometido na cidade, segundo nota atualizada da Sabesp, distribu\u00edda \u00e0 imprensa \u00e0s 12h13 de hoje. &nbsp; A empresa diz que a falta de energia el\u00e9trica n\u00e3o permite o funcionamento das bombas em [&hellip;]<\/p>\n","protected":false},"author":13,"featured_media":43556,"comment_status":"closed","ping_status":"open","sticky":false,"template":"","format":"standard","meta":{"_acf_changed":false,"_exactmetrics_skip_tracking":false,"_exactmetrics_sitenote_active":false,"_exactmetrics_sitenote_note":"","_exactmetrics_sitenote_category":0,"footnotes":""},"categories":[21],"tags":[],"class_list":["post-43555","post","type-post","status-publish","format-standard","has-post-thumbnail","hentry","category-adamantina"],"acf":[],"yoast_head":"<!-- This site is optimized with the Yoast SEO plugin v27.2 - https:\/\/yoast.com\/product\/yoast-seo-wordpress\/ -->\n<title>Falta de energia el\u00e9trica compromete capta\u00e7\u00e3o de \u00e1gua em po\u00e7os pela Sabesp, em Adamantina - R\u00e1dio Life FM<\/title>\n<meta name=\"robots\" content=\"index, follow, max-snippet:-1, max-image-preview:large, max-video-preview:-1\" \/>\n<link rel=\"canonical\" href=\"https:\/\/radiolifefm.com.br\/noticias\/falta-de-energia-eletrica-compromete-captacao-de-agua-em-pocos-pela-sabesp-em-adamantina\/\" \/>\n<meta property=\"og:locale\" content=\"pt_BR\" \/>\n<meta property=\"og:type\" content=\"article\" \/>\n<meta property=\"og:title\" content=\"Falta de energia el\u00e9trica compromete capta\u00e7\u00e3o de \u00e1gua em po\u00e7os pela Sabesp, em Adamantina - R\u00e1dio Life FM\" \/>\n<meta property=\"og:description\" content=\"O fornecimento de \u00e1gua para Adamantina, prejudicado desde ontem (1) em raz\u00e3o do\u00a0temporal\u00a0que levou \u00e0 interrup\u00e7\u00e3o na distribui\u00e7\u00e3o de energia el\u00e9trica, ainda est\u00e1 comprometido na cidade, segundo nota atualizada da Sabesp, distribu\u00edda \u00e0 imprensa \u00e0s 12h13 de hoje. &nbsp; A empresa diz que a falta de energia el\u00e9trica n\u00e3o permite o funcionamento das bombas em [&hellip;]\" \/>\n<meta property=\"og:url\" content=\"https:\/\/radiolifefm.com.br\/noticias\/falta-de-energia-eletrica-compromete-captacao-de-agua-em-pocos-pela-sabesp-em-adamantina\/\" \/>\n<meta property=\"og:site_name\" content=\"R\u00e1dio Life FM\" \/>\n<meta property=\"article:publisher\" content=\"https:\/\/www.facebook.com\/radiolifefm\/\" \/>\n<meta property=\"article:published_time\" content=\"2021-10-03T00:36:00+00:00\" \/>\n<meta property=\"article:modified_time\" content=\"2026-04-03T19:30:43+00:00\" \/>\n<meta property=\"og:image\" content=\"https:\/\/radiolifefm.com.br\/noticias\/wp-content\/uploads\/2021\/10\/sabesp-caixa-daguajpg16331899896158806573330.jpg\" \/>\n\t<meta property=\"og:image:width\" content=\"540\" \/>\n\t<meta property=\"og:image:height\" content=\"300\" \/>\n\t<meta property=\"og:image:type\" content=\"image\/jpeg\" \/>\n<meta name=\"author\" content=\"ritanery\" \/>\n<meta name=\"twitter:card\" content=\"summary_large_image\" \/>\n<meta name=\"twitter:label1\" content=\"Escrito por\" \/>\n\t<meta name=\"twitter:data1\" content=\"ritanery\" \/>\n\t<meta name=\"twitter:label2\" content=\"Est. tempo de leitura\" \/>\n\t<meta name=\"twitter:data2\" content=\"2 minutos\" \/>\n<script type=\"application\/ld+json\" class=\"yoast-schema-graph\">{\"@context\":\"https:\/\/schema.org\",\"@graph\":[{\"@type\":\"Article\",\"@id\":\"https:\/\/radiolifefm.com.br\/noticias\/falta-de-energia-eletrica-compromete-captacao-de-agua-em-pocos-pela-sabesp-em-adamantina\/#article\",\"isPartOf\":{\"@id\":\"https:\/\/radiolifefm.com.br\/noticias\/falta-de-energia-eletrica-compromete-captacao-de-agua-em-pocos-pela-sabesp-em-adamantina\/\"},\"author\":{\"name\":\"ritanery\",\"@id\":\"https:\/\/radiolifefm.com.br\/noticias\/#\/schema\/person\/6339b9fac59d12b071dec680d7375d87\"},\"headline\":\"Falta de energia el\u00e9trica compromete capta\u00e7\u00e3o de \u00e1gua em po\u00e7os pela Sabesp, em Adamantina\",\"datePublished\":\"2021-10-03T00:36:00+00:00\",\"dateModified\":\"2026-04-03T19:30:43+00:00\",\"mainEntityOfPage\":{\"@id\":\"https:\/\/radiolifefm.com.br\/noticias\/falta-de-energia-eletrica-compromete-captacao-de-agua-em-pocos-pela-sabesp-em-adamantina\/\"},\"wordCount\":280,\"publisher\":{\"@id\":\"https:\/\/radiolifefm.com.br\/noticias\/#organization\"},\"image\":{\"@id\":\"https:\/\/radiolifefm.com.br\/noticias\/falta-de-energia-eletrica-compromete-captacao-de-agua-em-pocos-pela-sabesp-em-adamantina\/#primaryimage\"},\"thumbnailUrl\":\"https:\/\/radiolifefm.com.br\/noticias\/wp-content\/uploads\/2021\/10\/sabesp-caixa-daguajpg16331899896158806573330.jpg\",\"articleSection\":[\"Adamantina\"],\"inLanguage\":\"pt-BR\"},{\"@type\":\"WebPage\",\"@id\":\"https:\/\/radiolifefm.com.br\/noticias\/falta-de-energia-eletrica-compromete-captacao-de-agua-em-pocos-pela-sabesp-em-adamantina\/\",\"url\":\"https:\/\/radiolifefm.com.br\/noticias\/falta-de-energia-eletrica-compromete-captacao-de-agua-em-pocos-pela-sabesp-em-adamantina\/\",\"name\":\"Falta de energia el\u00e9trica compromete capta\u00e7\u00e3o de \u00e1gua em po\u00e7os pela Sabesp, em Adamantina - R\u00e1dio Life FM\",\"isPartOf\":{\"@id\":\"https:\/\/radiolifefm.com.br\/noticias\/#website\"},\"primaryImageOfPage\":{\"@id\":\"https:\/\/radiolifefm.com.br\/noticias\/falta-de-energia-eletrica-compromete-captacao-de-agua-em-pocos-pela-sabesp-em-adamantina\/#primaryimage\"},\"image\":{\"@id\":\"https:\/\/radiolifefm.com.br\/noticias\/falta-de-energia-eletrica-compromete-captacao-de-agua-em-pocos-pela-sabesp-em-adamantina\/#primaryimage\"},\"thumbnailUrl\":\"https:\/\/radiolifefm.com.br\/noticias\/wp-content\/uploads\/2021\/10\/sabesp-caixa-daguajpg16331899896158806573330.jpg\",\"datePublished\":\"2021-10-03T00:36:00+00:00\",\"dateModified\":\"2026-04-03T19:30:43+00:00\",\"breadcrumb\":{\"@id\":\"https:\/\/radiolifefm.com.br\/noticias\/falta-de-energia-eletrica-compromete-captacao-de-agua-em-pocos-pela-sabesp-em-adamantina\/#breadcrumb\"},\"inLanguage\":\"pt-BR\",\"potentialAction\":[{\"@type\":\"ReadAction\",\"target\":[\"https:\/\/radiolifefm.com.br\/noticias\/falta-de-energia-eletrica-compromete-captacao-de-agua-em-pocos-pela-sabesp-em-adamantina\/\"]}]},{\"@type\":\"ImageObject\",\"inLanguage\":\"pt-BR\",\"@id\":\"https:\/\/radiolifefm.com.br\/noticias\/falta-de-energia-eletrica-compromete-captacao-de-agua-em-pocos-pela-sabesp-em-adamantina\/#primaryimage\",\"url\":\"https:\/\/radiolifefm.com.br\/noticias\/wp-content\/uploads\/2021\/10\/sabesp-caixa-daguajpg16331899896158806573330.jpg\",\"contentUrl\":\"https:\/\/radiolifefm.com.br\/noticias\/wp-content\/uploads\/2021\/10\/sabesp-caixa-daguajpg16331899896158806573330.jpg\",\"width\":540,\"height\":300,\"caption\":\"Falta de energia \u00e9 decorrente do temporal registrado nesta sexta-feira (1), em Adamantina.\"},{\"@type\":\"BreadcrumbList\",\"@id\":\"https:\/\/radiolifefm.com.br\/noticias\/falta-de-energia-eletrica-compromete-captacao-de-agua-em-pocos-pela-sabesp-em-adamantina\/#breadcrumb\",\"itemListElement\":[{\"@type\":\"ListItem\",\"position\":1,\"name\":\"In\u00edcio\",\"item\":\"https:\/\/radiolifefm.com.br\/noticias\/\"},{\"@type\":\"ListItem\",\"position\":2,\"name\":\"Falta de energia el\u00e9trica compromete capta\u00e7\u00e3o de \u00e1gua em po\u00e7os pela Sabesp, em Adamantina\"}]},{\"@type\":\"WebSite\",\"@id\":\"https:\/\/radiolifefm.com.br\/noticias\/#website\",\"url\":\"https:\/\/radiolifefm.com.br\/noticias\/\",\"name\":\"R\u00e1dio Life FM\",\"description\":\"O Portal de Not\u00edcias de Adamantina\",\"publisher\":{\"@id\":\"https:\/\/radiolifefm.com.br\/noticias\/#organization\"},\"alternateName\":\"Life FM\",\"potentialAction\":[{\"@type\":\"SearchAction\",\"target\":{\"@type\":\"EntryPoint\",\"urlTemplate\":\"https:\/\/radiolifefm.com.br\/noticias\/?s={search_term_string}\"},\"query-input\":{\"@type\":\"PropertyValueSpecification\",\"valueRequired\":true,\"valueName\":\"search_term_string\"}}],\"inLanguage\":\"pt-BR\"},{\"@type\":\"Organization\",\"@id\":\"https:\/\/radiolifefm.com.br\/noticias\/#organization\",\"name\":\"R\u00e1dio Life FM\",\"alternateName\":\"Life FM\",\"url\":\"https:\/\/radiolifefm.com.br\/noticias\/\",\"logo\":{\"@type\":\"ImageObject\",\"inLanguage\":\"pt-BR\",\"@id\":\"https:\/\/radiolifefm.com.br\/noticias\/#\/schema\/logo\/image\/\",\"url\":\"https:\/\/static.radiolifefm.com.br\/noticias\/wp-content\/uploads\/2019\/10\/logo-lifefm.png\",\"contentUrl\":\"https:\/\/static.radiolifefm.com.br\/noticias\/wp-content\/uploads\/2019\/10\/logo-lifefm.png\",\"width\":196,\"height\":47,\"caption\":\"R\u00e1dio Life FM\"},\"image\":{\"@id\":\"https:\/\/radiolifefm.com.br\/noticias\/#\/schema\/logo\/image\/\"},\"sameAs\":[\"https:\/\/www.facebook.com\/radiolifefm\/\",\"https:\/\/www.instagram.com\/life1079fm\/\"]},{\"@type\":\"Person\",\"@id\":\"https:\/\/radiolifefm.com.br\/noticias\/#\/schema\/person\/6339b9fac59d12b071dec680d7375d87\",\"name\":\"ritanery\",\"image\":{\"@type\":\"ImageObject\",\"inLanguage\":\"pt-BR\",\"@id\":\"https:\/\/secure.gravatar.com\/avatar\/0e37bb19071f47c0b8a23f62a903df117c5a0e75f65a0c2901562f97cd41cf86?s=96&d=mm&r=g\",\"url\":\"https:\/\/secure.gravatar.com\/avatar\/0e37bb19071f47c0b8a23f62a903df117c5a0e75f65a0c2901562f97cd41cf86?s=96&d=mm&r=g\",\"contentUrl\":\"https:\/\/secure.gravatar.com\/avatar\/0e37bb19071f47c0b8a23f62a903df117c5a0e75f65a0c2901562f97cd41cf86?s=96&d=mm&r=g\",\"caption\":\"ritanery\"}}]}<\/script>\n<!-- \/ Yoast SEO plugin. -->","yoast_head_json":{"title":"Falta de energia el\u00e9trica compromete capta\u00e7\u00e3o de \u00e1gua em po\u00e7os pela Sabesp, em Adamantina - R\u00e1dio Life FM","robots":{"index":"index","follow":"follow","max-snippet":"max-snippet:-1","max-image-preview":"max-image-preview:large","max-video-preview":"max-video-preview:-1"},"canonical":"https:\/\/radiolifefm.com.br\/noticias\/falta-de-energia-eletrica-compromete-captacao-de-agua-em-pocos-pela-sabesp-em-adamantina\/","og_locale":"pt_BR","og_type":"article","og_title":"Falta de energia el\u00e9trica compromete capta\u00e7\u00e3o de \u00e1gua em po\u00e7os pela Sabesp, em Adamantina - R\u00e1dio Life FM","og_description":"O fornecimento de \u00e1gua para Adamantina, prejudicado desde ontem (1) em raz\u00e3o do\u00a0temporal\u00a0que levou \u00e0 interrup\u00e7\u00e3o na distribui\u00e7\u00e3o de energia el\u00e9trica, ainda est\u00e1 comprometido na cidade, segundo nota atualizada da Sabesp, distribu\u00edda \u00e0 imprensa \u00e0s 12h13 de hoje. &nbsp; A empresa diz que a falta de energia el\u00e9trica n\u00e3o permite o funcionamento das bombas em [&hellip;]","og_url":"https:\/\/radiolifefm.com.br\/noticias\/falta-de-energia-eletrica-compromete-captacao-de-agua-em-pocos-pela-sabesp-em-adamantina\/","og_site_name":"R\u00e1dio Life FM","article_publisher":"https:\/\/www.facebook.com\/radiolifefm\/","article_published_time":"2021-10-03T00:36:00+00:00","article_modified_time":"2026-04-03T19:30:43+00:00","og_image":[{"width":540,"height":300,"url":"https:\/\/radiolifefm.com.br\/noticias\/wp-content\/uploads\/2021\/10\/sabesp-caixa-daguajpg16331899896158806573330.jpg","type":"image\/jpeg"}],"author":"ritanery","twitter_card":"summary_large_image","twitter_misc":{"Escrito por":"ritanery","Est. tempo de leitura":"2 minutos"},"schema":{"@context":"https:\/\/schema.org","@graph":[{"@type":"Article","@id":"https:\/\/radiolifefm.com.br\/noticias\/falta-de-energia-eletrica-compromete-captacao-de-agua-em-pocos-pela-sabesp-em-adamantina\/#article","isPartOf":{"@id":"https:\/\/radiolifefm.com.br\/noticias\/falta-de-energia-eletrica-compromete-captacao-de-agua-em-pocos-pela-sabesp-em-adamantina\/"},"author":{"name":"ritanery","@id":"https:\/\/radiolifefm.com.br\/noticias\/#\/schema\/person\/6339b9fac59d12b071dec680d7375d87"},"headline":"Falta de energia el\u00e9trica compromete capta\u00e7\u00e3o de \u00e1gua em po\u00e7os pela Sabesp, em Adamantina","datePublished":"2021-10-03T00:36:00+00:00","dateModified":"2026-04-03T19:30:43+00:00","mainEntityOfPage":{"@id":"https:\/\/radiolifefm.com.br\/noticias\/falta-de-energia-eletrica-compromete-captacao-de-agua-em-pocos-pela-sabesp-em-adamantina\/"},"wordCount":280,"publisher":{"@id":"https:\/\/radiolifefm.com.br\/noticias\/#organization"},"image":{"@id":"https:\/\/radiolifefm.com.br\/noticias\/falta-de-energia-eletrica-compromete-captacao-de-agua-em-pocos-pela-sabesp-em-adamantina\/#primaryimage"},"thumbnailUrl":"https:\/\/radiolifefm.com.br\/noticias\/wp-content\/uploads\/2021\/10\/sabesp-caixa-daguajpg16331899896158806573330.jpg","articleSection":["Adamantina"],"inLanguage":"pt-BR"},{"@type":"WebPage","@id":"https:\/\/radiolifefm.com.br\/noticias\/falta-de-energia-eletrica-compromete-captacao-de-agua-em-pocos-pela-sabesp-em-adamantina\/","url":"https:\/\/radiolifefm.com.br\/noticias\/falta-de-energia-eletrica-compromete-captacao-de-agua-em-pocos-pela-sabesp-em-adamantina\/","name":"Falta de energia el\u00e9trica compromete capta\u00e7\u00e3o de \u00e1gua em po\u00e7os pela Sabesp, em Adamantina - R\u00e1dio Life FM","isPartOf":{"@id":"https:\/\/radiolifefm.com.br\/noticias\/#website"},"primaryImageOfPage":{"@id":"https:\/\/radiolifefm.com.br\/noticias\/falta-de-energia-eletrica-compromete-captacao-de-agua-em-pocos-pela-sabesp-em-adamantina\/#primaryimage"},"image":{"@id":"https:\/\/radiolifefm.com.br\/noticias\/falta-de-energia-eletrica-compromete-captacao-de-agua-em-pocos-pela-sabesp-em-adamantina\/#primaryimage"},"thumbnailUrl":"https:\/\/radiolifefm.com.br\/noticias\/wp-content\/uploads\/2021\/10\/sabesp-caixa-daguajpg16331899896158806573330.jpg","datePublished":"2021-10-03T00:36:00+00:00","dateModified":"2026-04-03T19:30:43+00:00","breadcrumb":{"@id":"https:\/\/radiolifefm.com.br\/noticias\/falta-de-energia-eletrica-compromete-captacao-de-agua-em-pocos-pela-sabesp-em-adamantina\/#breadcrumb"},"inLanguage":"pt-BR","potentialAction":[{"@type":"ReadAction","target":["https:\/\/radiolifefm.com.br\/noticias\/falta-de-energia-eletrica-compromete-captacao-de-agua-em-pocos-pela-sabesp-em-adamantina\/"]}]},{"@type":"ImageObject","inLanguage":"pt-BR","@id":"https:\/\/radiolifefm.com.br\/noticias\/falta-de-energia-eletrica-compromete-captacao-de-agua-em-pocos-pela-sabesp-em-adamantina\/#primaryimage","url":"https:\/\/radiolifefm.com.br\/noticias\/wp-content\/uploads\/2021\/10\/sabesp-caixa-daguajpg16331899896158806573330.jpg","contentUrl":"https:\/\/radiolifefm.com.br\/noticias\/wp-content\/uploads\/2021\/10\/sabesp-caixa-daguajpg16331899896158806573330.jpg","width":540,"height":300,"caption":"Falta de energia \u00e9 decorrente do temporal registrado nesta sexta-feira (1), em Adamantina."},{"@type":"BreadcrumbList","@id":"https:\/\/radiolifefm.com.br\/noticias\/falta-de-energia-eletrica-compromete-captacao-de-agua-em-pocos-pela-sabesp-em-adamantina\/#breadcrumb","itemListElement":[{"@type":"ListItem","position":1,"name":"In\u00edcio","item":"https:\/\/radiolifefm.com.br\/noticias\/"},{"@type":"ListItem","position":2,"name":"Falta de energia el\u00e9trica compromete capta\u00e7\u00e3o de \u00e1gua em po\u00e7os pela Sabesp, em Adamantina"}]},{"@type":"WebSite","@id":"https:\/\/radiolifefm.com.br\/noticias\/#website","url":"https:\/\/radiolifefm.com.br\/noticias\/","name":"R\u00e1dio Life FM","description":"O Portal de Not\u00edcias de Adamantina","publisher":{"@id":"https:\/\/radiolifefm.com.br\/noticias\/#organization"},"alternateName":"Life FM","potentialAction":[{"@type":"SearchAction","target":{"@type":"EntryPoint","urlTemplate":"https:\/\/radiolifefm.com.br\/noticias\/?s={search_term_string}"},"query-input":{"@type":"PropertyValueSpecification","valueRequired":true,"valueName":"search_term_string"}}],"inLanguage":"pt-BR"},{"@type":"Organization","@id":"https:\/\/radiolifefm.com.br\/noticias\/#organization","name":"R\u00e1dio Life FM","alternateName":"Life FM","url":"https:\/\/radiolifefm.com.br\/noticias\/","logo":{"@type":"ImageObject","inLanguage":"pt-BR","@id":"https:\/\/radiolifefm.com.br\/noticias\/#\/schema\/logo\/image\/","url":"https:\/\/static.radiolifefm.com.br\/noticias\/wp-content\/uploads\/2019\/10\/logo-lifefm.png","contentUrl":"https:\/\/static.radiolifefm.com.br\/noticias\/wp-content\/uploads\/2019\/10\/logo-lifefm.png","width":196,"height":47,"caption":"R\u00e1dio Life FM"},"image":{"@id":"https:\/\/radiolifefm.com.br\/noticias\/#\/schema\/logo\/image\/"},"sameAs":["https:\/\/www.facebook.com\/radiolifefm\/","https:\/\/www.instagram.com\/life1079fm\/"]},{"@type":"Person","@id":"https:\/\/radiolifefm.com.br\/noticias\/#\/schema\/person\/6339b9fac59d12b071dec680d7375d87","name":"ritanery","image":{"@type":"ImageObject","inLanguage":"pt-BR","@id":"https:\/\/secure.gravatar.com\/avatar\/0e37bb19071f47c0b8a23f62a903df117c5a0e75f65a0c2901562f97cd41cf86?s=96&d=mm&r=g","url":"https:\/\/secure.gravatar.com\/avatar\/0e37bb19071f47c0b8a23f62a903df117c5a0e75f65a0c2901562f97cd41cf86?s=96&d=mm&r=g","contentUrl":"https:\/\/secure.gravatar.com\/avatar\/0e37bb19071f47c0b8a23f62a903df117c5a0e75f65a0c2901562f97cd41cf86?s=96&d=mm&r=g","caption":"ritanery"}}]}},"amp_enabled":true,"_links":{"self":[{"href":"https:\/\/radiolifefm.com.br\/noticias\/wp-json\/wp\/v2\/posts\/43555","targetHints":{"allow":["GET"]}}],"collection":[{"href":"https:\/\/radiolifefm.com.br\/noticias\/wp-json\/wp\/v2\/posts"}],"about":[{"href":"https:\/\/radiolifefm.com.br\/noticias\/wp-json\/wp\/v2\/types\/post"}],"author":[{"embeddable":true,"href":"https:\/\/radiolifefm.com.br\/noticias\/wp-json\/wp\/v2\/users\/13"}],"replies":[{"embeddable":true,"href":"https:\/\/radiolifefm.com.br\/noticias\/wp-json\/wp\/v2\/comments?post=43555"}],"version-history":[{"count":1,"href":"https:\/\/radiolifefm.com.br\/noticias\/wp-json\/wp\/v2\/posts\/43555\/revisions"}],"predecessor-version":[{"id":43557,"href":"https:\/\/radiolifefm.com.br\/noticias\/wp-json\/wp\/v2\/posts\/43555\/revisions\/43557"}],"wp:featuredmedia":[{"embeddable":true,"href":"https:\/\/radiolifefm.com.br\/noticias\/wp-json\/wp\/v2\/media\/43556"}],"wp:attachment":[{"href":"https:\/\/radiolifefm.com.br\/noticias\/wp-json\/wp\/v2\/media?parent=43555"}],"wp:term":[{"taxonomy":"category","embeddable":true,"href":"https:\/\/radiolifefm.com.br\/noticias\/wp-json\/wp\/v2\/categories?post=43555"},{"taxonomy":"post_tag","embeddable":true,"href":"https:\/\/radiolifefm.com.br\/noticias\/wp-json\/wp\/v2\/tags?post=43555"}],"curies":[{"name":"wp","href":"https:\/\/api.w.org\/{rel}","templated":true}]}}