{"id":43428,"date":"2021-09-29T20:49:21","date_gmt":"2021-09-29T23:49:21","guid":{"rendered":"https:\/\/radiolifefm.com.br\/noticias\/?p=43428"},"modified":"2026-04-09T01:00:02","modified_gmt":"2026-04-09T04:00:02","slug":"sabesp-apresenta-novo-sistema-comercial-para-a-cidade-de-adamantina","status":"publish","type":"post","link":"https:\/\/radiolifefm.com.br\/noticias\/sabesp-apresenta-novo-sistema-comercial-para-a-cidade-de-adamantina\/","title":{"rendered":"Sabesp apresenta novo sistema comercial para a cidade de Adamantina"},"content":{"rendered":"<div id=\"fb-root\"><\/div>\n<p>O prefeito M\u00e1rcio Cardim recebeu a visita de Rafael Minoru Conchon Ida, gerente de setor t\u00e9cnico, e Fabio de Assis Silva, gerente de divis\u00e3o , ambos da Sabesp de Adamantina.<\/p>\n<p>&nbsp;<\/p>\n<p>Na oportunidade, eles vieram apresentar o novo sistema comercial da Sabesp que objetiva melhorar o relacionamento com os clientes e facilitar o acesso aos servi\u00e7os e atendimento.<\/p>\n<p>&nbsp;<\/p>\n<p>\u201cFizemos essa visita ao prefeito para antecipar as mudan\u00e7as que ser\u00e3o feitas no sistema, apontar os poss\u00edveis impactos e nos colocarmos \u00e0 disposi\u00e7\u00e3o para auxiliar em todo o processo de transi\u00e7\u00e3o\u201d, afirma o gerente de divis\u00e3o de Adamantina, Fabio de Assis Silva.<\/p>\n<p>&nbsp;<\/p>\n<p>Com essa atualiza\u00e7\u00e3o, os clientes ser\u00e3o identificados por meio do CNPJ ou CPF e isso facilitar\u00e1 tanto a mudan\u00e7a de titularidade como tamb\u00e9m o relacionamento comercial.<\/p>\n<p>&nbsp;<\/p>\n<p>No entanto, a Sabesp solicita que todos os clientes atualizem o cadastro, por meio do site\u00a0<a href=\"http:\/\/www.sabespfacil.sabesp.com.br\/\">www.sabespfacil.sabesp.com.br<\/a>, op\u00e7\u00e3o atualizar dados cadastrais ou, ainda, por meio do telefone 08000550195 que \u00e9 a central de atendimento.<\/p>\n<p>&nbsp;<\/p>\n<p>Com o novo sistema, o cliente ter\u00e1 acesso a segunda via da conta por e-mail, os parcelamentos ser\u00e3o facilitados e o cliente conseguir\u00e1 promover a programa\u00e7\u00e3o dos pagamentos.<\/p>\n<p>&nbsp;<\/p>\n<p>Caso haja alguma diverg\u00eancia neste per\u00edodo de ajuste, a Companhia orienta que em casos de d\u00favidas os clientes poder\u00e3o entrar em contato com os canais de atendimento.<\/p>\n<p>&nbsp;<\/p>\n<p>Fonte: Assessoria de Imprensa<\/p>\n","protected":false},"excerpt":{"rendered":"<p>O prefeito M\u00e1rcio Cardim recebeu a visita de Rafael Minoru Conchon Ida, gerente de setor t\u00e9cnico, e Fabio de Assis Silva, gerente de divis\u00e3o , ambos da Sabesp de Adamantina. &nbsp; Na oportunidade, eles vieram apresentar o novo sistema comercial da Sabesp que objetiva melhorar o relacionamento com os clientes e facilitar o acesso aos [&hellip;]<\/p>\n","protected":false},"author":13,"featured_media":43429,"comment_status":"closed","ping_status":"open","sticky":false,"template":"","format":"standard","meta":{"_acf_changed":false,"_exactmetrics_skip_tracking":false,"_exactmetrics_sitenote_active":false,"_exactmetrics_sitenote_note":"","_exactmetrics_sitenote_category":0,"footnotes":""},"categories":[21],"tags":[],"class_list":["post-43428","post","type-post","status-publish","format-standard","has-post-thumbnail","hentry","category-adamantina"],"acf":[],"yoast_head":"<!-- This site is optimized with the Yoast SEO plugin v27.2 - https:\/\/yoast.com\/product\/yoast-seo-wordpress\/ -->\n<title>Sabesp apresenta novo sistema comercial para a cidade de Adamantina - R\u00e1dio Life FM<\/title>\n<meta name=\"robots\" content=\"index, follow, max-snippet:-1, max-image-preview:large, max-video-preview:-1\" \/>\n<link rel=\"canonical\" href=\"https:\/\/radiolifefm.com.br\/noticias\/sabesp-apresenta-novo-sistema-comercial-para-a-cidade-de-adamantina\/\" \/>\n<meta property=\"og:locale\" content=\"pt_BR\" \/>\n<meta property=\"og:type\" content=\"article\" \/>\n<meta property=\"og:title\" content=\"Sabesp apresenta novo sistema comercial para a cidade de Adamantina - R\u00e1dio Life FM\" \/>\n<meta property=\"og:description\" content=\"O prefeito M\u00e1rcio Cardim recebeu a visita de Rafael Minoru Conchon Ida, gerente de setor t\u00e9cnico, e Fabio de Assis Silva, gerente de divis\u00e3o , ambos da Sabesp de Adamantina. &nbsp; Na oportunidade, eles vieram apresentar o novo sistema comercial da Sabesp que objetiva melhorar o relacionamento com os clientes e facilitar o acesso aos [&hellip;]\" \/>\n<meta property=\"og:url\" content=\"https:\/\/radiolifefm.com.br\/noticias\/sabesp-apresenta-novo-sistema-comercial-para-a-cidade-de-adamantina\/\" \/>\n<meta property=\"og:site_name\" content=\"R\u00e1dio Life FM\" \/>\n<meta property=\"article:publisher\" content=\"https:\/\/www.facebook.com\/radiolifefm\/\" \/>\n<meta property=\"article:published_time\" content=\"2021-09-29T23:49:21+00:00\" \/>\n<meta property=\"article:modified_time\" content=\"2026-04-09T04:00:02+00:00\" \/>\n<meta property=\"og:image\" content=\"https:\/\/radiolifefm.com.br\/noticias\/wp-content\/uploads\/2021\/09\/foto-1-2.jpeg\" \/>\n\t<meta property=\"og:image:width\" content=\"1600\" \/>\n\t<meta property=\"og:image:height\" content=\"1200\" \/>\n\t<meta property=\"og:image:type\" content=\"image\/jpeg\" \/>\n<meta name=\"author\" content=\"ritanery\" \/>\n<meta name=\"twitter:card\" content=\"summary_large_image\" \/>\n<meta name=\"twitter:label1\" content=\"Escrito por\" \/>\n\t<meta name=\"twitter:data1\" content=\"ritanery\" \/>\n\t<meta name=\"twitter:label2\" content=\"Est. tempo de leitura\" \/>\n\t<meta name=\"twitter:data2\" content=\"1 minuto\" \/>\n<script type=\"application\/ld+json\" class=\"yoast-schema-graph\">{\"@context\":\"https:\/\/schema.org\",\"@graph\":[{\"@type\":\"Article\",\"@id\":\"https:\/\/radiolifefm.com.br\/noticias\/sabesp-apresenta-novo-sistema-comercial-para-a-cidade-de-adamantina\/#article\",\"isPartOf\":{\"@id\":\"https:\/\/radiolifefm.com.br\/noticias\/sabesp-apresenta-novo-sistema-comercial-para-a-cidade-de-adamantina\/\"},\"author\":{\"name\":\"ritanery\",\"@id\":\"https:\/\/radiolifefm.com.br\/noticias\/#\/schema\/person\/6339b9fac59d12b071dec680d7375d87\"},\"headline\":\"Sabesp apresenta novo sistema comercial para a cidade de Adamantina\",\"datePublished\":\"2021-09-29T23:49:21+00:00\",\"dateModified\":\"2026-04-09T04:00:02+00:00\",\"mainEntityOfPage\":{\"@id\":\"https:\/\/radiolifefm.com.br\/noticias\/sabesp-apresenta-novo-sistema-comercial-para-a-cidade-de-adamantina\/\"},\"wordCount\":256,\"publisher\":{\"@id\":\"https:\/\/radiolifefm.com.br\/noticias\/#organization\"},\"image\":{\"@id\":\"https:\/\/radiolifefm.com.br\/noticias\/sabesp-apresenta-novo-sistema-comercial-para-a-cidade-de-adamantina\/#primaryimage\"},\"thumbnailUrl\":\"https:\/\/radiolifefm.com.br\/noticias\/wp-content\/uploads\/2021\/09\/foto-1-2.jpeg\",\"articleSection\":[\"Adamantina\"],\"inLanguage\":\"pt-BR\"},{\"@type\":\"WebPage\",\"@id\":\"https:\/\/radiolifefm.com.br\/noticias\/sabesp-apresenta-novo-sistema-comercial-para-a-cidade-de-adamantina\/\",\"url\":\"https:\/\/radiolifefm.com.br\/noticias\/sabesp-apresenta-novo-sistema-comercial-para-a-cidade-de-adamantina\/\",\"name\":\"Sabesp apresenta novo sistema comercial para a cidade de Adamantina - R\u00e1dio Life FM\",\"isPartOf\":{\"@id\":\"https:\/\/radiolifefm.com.br\/noticias\/#website\"},\"primaryImageOfPage\":{\"@id\":\"https:\/\/radiolifefm.com.br\/noticias\/sabesp-apresenta-novo-sistema-comercial-para-a-cidade-de-adamantina\/#primaryimage\"},\"image\":{\"@id\":\"https:\/\/radiolifefm.com.br\/noticias\/sabesp-apresenta-novo-sistema-comercial-para-a-cidade-de-adamantina\/#primaryimage\"},\"thumbnailUrl\":\"https:\/\/radiolifefm.com.br\/noticias\/wp-content\/uploads\/2021\/09\/foto-1-2.jpeg\",\"datePublished\":\"2021-09-29T23:49:21+00:00\",\"dateModified\":\"2026-04-09T04:00:02+00:00\",\"breadcrumb\":{\"@id\":\"https:\/\/radiolifefm.com.br\/noticias\/sabesp-apresenta-novo-sistema-comercial-para-a-cidade-de-adamantina\/#breadcrumb\"},\"inLanguage\":\"pt-BR\",\"potentialAction\":[{\"@type\":\"ReadAction\",\"target\":[\"https:\/\/radiolifefm.com.br\/noticias\/sabesp-apresenta-novo-sistema-comercial-para-a-cidade-de-adamantina\/\"]}]},{\"@type\":\"ImageObject\",\"inLanguage\":\"pt-BR\",\"@id\":\"https:\/\/radiolifefm.com.br\/noticias\/sabesp-apresenta-novo-sistema-comercial-para-a-cidade-de-adamantina\/#primaryimage\",\"url\":\"https:\/\/radiolifefm.com.br\/noticias\/wp-content\/uploads\/2021\/09\/foto-1-2.jpeg\",\"contentUrl\":\"https:\/\/radiolifefm.com.br\/noticias\/wp-content\/uploads\/2021\/09\/foto-1-2.jpeg\",\"width\":1600,\"height\":1200},{\"@type\":\"BreadcrumbList\",\"@id\":\"https:\/\/radiolifefm.com.br\/noticias\/sabesp-apresenta-novo-sistema-comercial-para-a-cidade-de-adamantina\/#breadcrumb\",\"itemListElement\":[{\"@type\":\"ListItem\",\"position\":1,\"name\":\"In\u00edcio\",\"item\":\"https:\/\/radiolifefm.com.br\/noticias\/\"},{\"@type\":\"ListItem\",\"position\":2,\"name\":\"Sabesp apresenta novo sistema comercial para a cidade de Adamantina\"}]},{\"@type\":\"WebSite\",\"@id\":\"https:\/\/radiolifefm.com.br\/noticias\/#website\",\"url\":\"https:\/\/radiolifefm.com.br\/noticias\/\",\"name\":\"R\u00e1dio Life FM\",\"description\":\"O Portal de Not\u00edcias de Adamantina\",\"publisher\":{\"@id\":\"https:\/\/radiolifefm.com.br\/noticias\/#organization\"},\"alternateName\":\"Life FM\",\"potentialAction\":[{\"@type\":\"SearchAction\",\"target\":{\"@type\":\"EntryPoint\",\"urlTemplate\":\"https:\/\/radiolifefm.com.br\/noticias\/?s={search_term_string}\"},\"query-input\":{\"@type\":\"PropertyValueSpecification\",\"valueRequired\":true,\"valueName\":\"search_term_string\"}}],\"inLanguage\":\"pt-BR\"},{\"@type\":\"Organization\",\"@id\":\"https:\/\/radiolifefm.com.br\/noticias\/#organization\",\"name\":\"R\u00e1dio Life FM\",\"alternateName\":\"Life FM\",\"url\":\"https:\/\/radiolifefm.com.br\/noticias\/\",\"logo\":{\"@type\":\"ImageObject\",\"inLanguage\":\"pt-BR\",\"@id\":\"https:\/\/radiolifefm.com.br\/noticias\/#\/schema\/logo\/image\/\",\"url\":\"https:\/\/static.radiolifefm.com.br\/noticias\/wp-content\/uploads\/2019\/10\/logo-lifefm.png\",\"contentUrl\":\"https:\/\/static.radiolifefm.com.br\/noticias\/wp-content\/uploads\/2019\/10\/logo-lifefm.png\",\"width\":196,\"height\":47,\"caption\":\"R\u00e1dio Life FM\"},\"image\":{\"@id\":\"https:\/\/radiolifefm.com.br\/noticias\/#\/schema\/logo\/image\/\"},\"sameAs\":[\"https:\/\/www.facebook.com\/radiolifefm\/\",\"https:\/\/www.instagram.com\/life1079fm\/\"]},{\"@type\":\"Person\",\"@id\":\"https:\/\/radiolifefm.com.br\/noticias\/#\/schema\/person\/6339b9fac59d12b071dec680d7375d87\",\"name\":\"ritanery\",\"image\":{\"@type\":\"ImageObject\",\"inLanguage\":\"pt-BR\",\"@id\":\"https:\/\/secure.gravatar.com\/avatar\/0e37bb19071f47c0b8a23f62a903df117c5a0e75f65a0c2901562f97cd41cf86?s=96&d=mm&r=g\",\"url\":\"https:\/\/secure.gravatar.com\/avatar\/0e37bb19071f47c0b8a23f62a903df117c5a0e75f65a0c2901562f97cd41cf86?s=96&d=mm&r=g\",\"contentUrl\":\"https:\/\/secure.gravatar.com\/avatar\/0e37bb19071f47c0b8a23f62a903df117c5a0e75f65a0c2901562f97cd41cf86?s=96&d=mm&r=g\",\"caption\":\"ritanery\"}}]}<\/script>\n<!-- \/ Yoast SEO plugin. -->","yoast_head_json":{"title":"Sabesp apresenta novo sistema comercial para a cidade de Adamantina - R\u00e1dio Life FM","robots":{"index":"index","follow":"follow","max-snippet":"max-snippet:-1","max-image-preview":"max-image-preview:large","max-video-preview":"max-video-preview:-1"},"canonical":"https:\/\/radiolifefm.com.br\/noticias\/sabesp-apresenta-novo-sistema-comercial-para-a-cidade-de-adamantina\/","og_locale":"pt_BR","og_type":"article","og_title":"Sabesp apresenta novo sistema comercial para a cidade de Adamantina - R\u00e1dio Life FM","og_description":"O prefeito M\u00e1rcio Cardim recebeu a visita de Rafael Minoru Conchon Ida, gerente de setor t\u00e9cnico, e Fabio de Assis Silva, gerente de divis\u00e3o , ambos da Sabesp de Adamantina. &nbsp; Na oportunidade, eles vieram apresentar o novo sistema comercial da Sabesp que objetiva melhorar o relacionamento com os clientes e facilitar o acesso aos [&hellip;]","og_url":"https:\/\/radiolifefm.com.br\/noticias\/sabesp-apresenta-novo-sistema-comercial-para-a-cidade-de-adamantina\/","og_site_name":"R\u00e1dio Life FM","article_publisher":"https:\/\/www.facebook.com\/radiolifefm\/","article_published_time":"2021-09-29T23:49:21+00:00","article_modified_time":"2026-04-09T04:00:02+00:00","og_image":[{"width":1600,"height":1200,"url":"https:\/\/radiolifefm.com.br\/noticias\/wp-content\/uploads\/2021\/09\/foto-1-2.jpeg","type":"image\/jpeg"}],"author":"ritanery","twitter_card":"summary_large_image","twitter_misc":{"Escrito por":"ritanery","Est. tempo de leitura":"1 minuto"},"schema":{"@context":"https:\/\/schema.org","@graph":[{"@type":"Article","@id":"https:\/\/radiolifefm.com.br\/noticias\/sabesp-apresenta-novo-sistema-comercial-para-a-cidade-de-adamantina\/#article","isPartOf":{"@id":"https:\/\/radiolifefm.com.br\/noticias\/sabesp-apresenta-novo-sistema-comercial-para-a-cidade-de-adamantina\/"},"author":{"name":"ritanery","@id":"https:\/\/radiolifefm.com.br\/noticias\/#\/schema\/person\/6339b9fac59d12b071dec680d7375d87"},"headline":"Sabesp apresenta novo sistema comercial para a cidade de Adamantina","datePublished":"2021-09-29T23:49:21+00:00","dateModified":"2026-04-09T04:00:02+00:00","mainEntityOfPage":{"@id":"https:\/\/radiolifefm.com.br\/noticias\/sabesp-apresenta-novo-sistema-comercial-para-a-cidade-de-adamantina\/"},"wordCount":256,"publisher":{"@id":"https:\/\/radiolifefm.com.br\/noticias\/#organization"},"image":{"@id":"https:\/\/radiolifefm.com.br\/noticias\/sabesp-apresenta-novo-sistema-comercial-para-a-cidade-de-adamantina\/#primaryimage"},"thumbnailUrl":"https:\/\/radiolifefm.com.br\/noticias\/wp-content\/uploads\/2021\/09\/foto-1-2.jpeg","articleSection":["Adamantina"],"inLanguage":"pt-BR"},{"@type":"WebPage","@id":"https:\/\/radiolifefm.com.br\/noticias\/sabesp-apresenta-novo-sistema-comercial-para-a-cidade-de-adamantina\/","url":"https:\/\/radiolifefm.com.br\/noticias\/sabesp-apresenta-novo-sistema-comercial-para-a-cidade-de-adamantina\/","name":"Sabesp apresenta novo sistema comercial para a cidade de Adamantina - R\u00e1dio Life FM","isPartOf":{"@id":"https:\/\/radiolifefm.com.br\/noticias\/#website"},"primaryImageOfPage":{"@id":"https:\/\/radiolifefm.com.br\/noticias\/sabesp-apresenta-novo-sistema-comercial-para-a-cidade-de-adamantina\/#primaryimage"},"image":{"@id":"https:\/\/radiolifefm.com.br\/noticias\/sabesp-apresenta-novo-sistema-comercial-para-a-cidade-de-adamantina\/#primaryimage"},"thumbnailUrl":"https:\/\/radiolifefm.com.br\/noticias\/wp-content\/uploads\/2021\/09\/foto-1-2.jpeg","datePublished":"2021-09-29T23:49:21+00:00","dateModified":"2026-04-09T04:00:02+00:00","breadcrumb":{"@id":"https:\/\/radiolifefm.com.br\/noticias\/sabesp-apresenta-novo-sistema-comercial-para-a-cidade-de-adamantina\/#breadcrumb"},"inLanguage":"pt-BR","potentialAction":[{"@type":"ReadAction","target":["https:\/\/radiolifefm.com.br\/noticias\/sabesp-apresenta-novo-sistema-comercial-para-a-cidade-de-adamantina\/"]}]},{"@type":"ImageObject","inLanguage":"pt-BR","@id":"https:\/\/radiolifefm.com.br\/noticias\/sabesp-apresenta-novo-sistema-comercial-para-a-cidade-de-adamantina\/#primaryimage","url":"https:\/\/radiolifefm.com.br\/noticias\/wp-content\/uploads\/2021\/09\/foto-1-2.jpeg","contentUrl":"https:\/\/radiolifefm.com.br\/noticias\/wp-content\/uploads\/2021\/09\/foto-1-2.jpeg","width":1600,"height":1200},{"@type":"BreadcrumbList","@id":"https:\/\/radiolifefm.com.br\/noticias\/sabesp-apresenta-novo-sistema-comercial-para-a-cidade-de-adamantina\/#breadcrumb","itemListElement":[{"@type":"ListItem","position":1,"name":"In\u00edcio","item":"https:\/\/radiolifefm.com.br\/noticias\/"},{"@type":"ListItem","position":2,"name":"Sabesp apresenta novo sistema comercial para a cidade de Adamantina"}]},{"@type":"WebSite","@id":"https:\/\/radiolifefm.com.br\/noticias\/#website","url":"https:\/\/radiolifefm.com.br\/noticias\/","name":"R\u00e1dio Life FM","description":"O Portal de Not\u00edcias de Adamantina","publisher":{"@id":"https:\/\/radiolifefm.com.br\/noticias\/#organization"},"alternateName":"Life FM","potentialAction":[{"@type":"SearchAction","target":{"@type":"EntryPoint","urlTemplate":"https:\/\/radiolifefm.com.br\/noticias\/?s={search_term_string}"},"query-input":{"@type":"PropertyValueSpecification","valueRequired":true,"valueName":"search_term_string"}}],"inLanguage":"pt-BR"},{"@type":"Organization","@id":"https:\/\/radiolifefm.com.br\/noticias\/#organization","name":"R\u00e1dio Life FM","alternateName":"Life FM","url":"https:\/\/radiolifefm.com.br\/noticias\/","logo":{"@type":"ImageObject","inLanguage":"pt-BR","@id":"https:\/\/radiolifefm.com.br\/noticias\/#\/schema\/logo\/image\/","url":"https:\/\/static.radiolifefm.com.br\/noticias\/wp-content\/uploads\/2019\/10\/logo-lifefm.png","contentUrl":"https:\/\/static.radiolifefm.com.br\/noticias\/wp-content\/uploads\/2019\/10\/logo-lifefm.png","width":196,"height":47,"caption":"R\u00e1dio Life FM"},"image":{"@id":"https:\/\/radiolifefm.com.br\/noticias\/#\/schema\/logo\/image\/"},"sameAs":["https:\/\/www.facebook.com\/radiolifefm\/","https:\/\/www.instagram.com\/life1079fm\/"]},{"@type":"Person","@id":"https:\/\/radiolifefm.com.br\/noticias\/#\/schema\/person\/6339b9fac59d12b071dec680d7375d87","name":"ritanery","image":{"@type":"ImageObject","inLanguage":"pt-BR","@id":"https:\/\/secure.gravatar.com\/avatar\/0e37bb19071f47c0b8a23f62a903df117c5a0e75f65a0c2901562f97cd41cf86?s=96&d=mm&r=g","url":"https:\/\/secure.gravatar.com\/avatar\/0e37bb19071f47c0b8a23f62a903df117c5a0e75f65a0c2901562f97cd41cf86?s=96&d=mm&r=g","contentUrl":"https:\/\/secure.gravatar.com\/avatar\/0e37bb19071f47c0b8a23f62a903df117c5a0e75f65a0c2901562f97cd41cf86?s=96&d=mm&r=g","caption":"ritanery"}}]}},"amp_enabled":true,"_links":{"self":[{"href":"https:\/\/radiolifefm.com.br\/noticias\/wp-json\/wp\/v2\/posts\/43428","targetHints":{"allow":["GET"]}}],"collection":[{"href":"https:\/\/radiolifefm.com.br\/noticias\/wp-json\/wp\/v2\/posts"}],"about":[{"href":"https:\/\/radiolifefm.com.br\/noticias\/wp-json\/wp\/v2\/types\/post"}],"author":[{"embeddable":true,"href":"https:\/\/radiolifefm.com.br\/noticias\/wp-json\/wp\/v2\/users\/13"}],"replies":[{"embeddable":true,"href":"https:\/\/radiolifefm.com.br\/noticias\/wp-json\/wp\/v2\/comments?post=43428"}],"version-history":[{"count":1,"href":"https:\/\/radiolifefm.com.br\/noticias\/wp-json\/wp\/v2\/posts\/43428\/revisions"}],"predecessor-version":[{"id":43430,"href":"https:\/\/radiolifefm.com.br\/noticias\/wp-json\/wp\/v2\/posts\/43428\/revisions\/43430"}],"wp:featuredmedia":[{"embeddable":true,"href":"https:\/\/radiolifefm.com.br\/noticias\/wp-json\/wp\/v2\/media\/43429"}],"wp:attachment":[{"href":"https:\/\/radiolifefm.com.br\/noticias\/wp-json\/wp\/v2\/media?parent=43428"}],"wp:term":[{"taxonomy":"category","embeddable":true,"href":"https:\/\/radiolifefm.com.br\/noticias\/wp-json\/wp\/v2\/categories?post=43428"},{"taxonomy":"post_tag","embeddable":true,"href":"https:\/\/radiolifefm.com.br\/noticias\/wp-json\/wp\/v2\/tags?post=43428"}],"curies":[{"name":"wp","href":"https:\/\/api.w.org\/{rel}","templated":true}]}}