{"id":43425,"date":"2021-09-29T20:46:31","date_gmt":"2021-09-29T23:46:31","guid":{"rendered":"https:\/\/radiolifefm.com.br\/noticias\/?p=43425"},"modified":"2026-04-08T15:31:45","modified_gmt":"2026-04-08T18:31:45","slug":"secretaria-de-cultura-de-adamantina-divulga-agenda-de-eventos-para-outubro","status":"publish","type":"post","link":"https:\/\/radiolifefm.com.br\/noticias\/secretaria-de-cultura-de-adamantina-divulga-agenda-de-eventos-para-outubro\/","title":{"rendered":"Secretaria de Cultura de Adamantina divulga agenda de eventos para outubro"},"content":{"rendered":"<div id=\"fb-root\"><\/div>\n<p>Ocupar espa\u00e7os p\u00fablicos com eventos de qualidade. Dar visibilidade e oportunizar formas de rendimento aos artistas do munic\u00edpio. Trazer de volta ao conv\u00edvio social com seguran\u00e7a as crian\u00e7as, jovens e adultos nesta fase mais amena da pandemia da Covid-19.<\/p>\n<p>&nbsp;<\/p>\n<p>Com esses objetivos, a Secretaria de Cultura e Turismo de Adamantina planeja e apresenta a agenda de eventos para outubro. A ideia \u00e9 divulgar no final de cada m\u00eas todas as a\u00e7\u00f5es que v\u00e3o ocorrer no m\u00eas seguinte.<\/p>\n<p>&nbsp;<\/p>\n<p>De acordo com o secret\u00e1rio S\u00e9rgio Vanderlei, com a libera\u00e7\u00e3o do Estado para eventos com maior p\u00fablico, uma s\u00e9rie de atividades est\u00e1 programada, persistindo as recomenda\u00e7\u00f5es para o uso de m\u00e1scara e \u00e1lcool em gel, al\u00e9m da n\u00e3o aglomera\u00e7\u00e3o de pessoas e distanciamento social.<\/p>\n<p>&nbsp;<\/p>\n<p>\u201cA Cultura ter\u00e1 papel fundamental e de relev\u00e2ncia neste p\u00f3s-pandemia. Trazer alegria \u00e0s pessoas, \u00e0s fam\u00edlias, reafirmar a import\u00e2ncia do conv\u00edvio, das rela\u00e7\u00f5es, al\u00e9m de divulgar a grandeza de nossos talentos art\u00edsticos\u201d, afirma.<\/p>\n<p>&nbsp;<\/p>\n<p><strong>Confira a AGENDA CULTURAL para o m\u00eas de outubro\/2021<\/strong><\/p>\n<p>DIA 05\/10 \u2013 EXPOSI\u00c7\u00c3O E LAN\u00c7AMENTO DO CALEND\u00c1RIO \u201cDIREITO A UMA VIDA LIVRE DE VIOL\u00caNCIA\u201d &#8211; Poder Judici\u00e1rio, Minist\u00e9rio P\u00fablico e Penitenci\u00e1ria Feminina de Tupi Paulista \u2013 Biblioteca P\u00fablica Jurema Citeli \u2013 14 horas.<\/p>\n<p>&nbsp;<\/p>\n<p>DIA 09\/10 \u2013 ARTESANATO NA RUA COM ASSOCIA\u00c7\u00c3O OMIN \u2013 Cal\u00e7ada da Pra\u00e7a \u00c9lio Michelloni \u2013 9 \u00e0s 16 horas.<\/p>\n<p>&nbsp;<\/p>\n<p>DIA 10\/10 \u2013 FEIRA CAMALE\u00c3O \u2013 Parque Caldeira \u2013 14 \u00e0s 20 horas<\/p>\n<p>&nbsp;<\/p>\n<p>DIA 12\/10 \u2013 FESTIVAL DE PIPAS e LAN\u00c7AMENTO DO PROJETO MEU BAIRRO EM A\u00c7\u00c3O \u2013 Parque dos Pioneiros \u2013 9 \u00e0s 13 horas<\/p>\n<p>&nbsp;<\/p>\n<p>DIA 13\/10 \u2013 TALK SHOW CAF\u00c9 COM RENDAS \u2013 tema \u201cCultura e Economia Criativa \u2013 \u00c9 poss\u00edvel sobreviver da produ\u00e7\u00e3o art\u00edstica?\u201d \u2013 Anfiteatro Fernando Palloni e live pelas redes sociais da Cultura \u2013 20 horas<\/p>\n<p>&nbsp;<\/p>\n<p>DIA 16\/10 \u2013 PROJETO MEU BAIRRO EM A\u00c7\u00c3O \u2013 Centro Comunit\u00e1rio do Jardim Brasil \u2013 9 \u00e0s 12h30<\/p>\n<p>&nbsp;<\/p>\n<p>DIA 17\/10 \u2013 ROTAS TUR\u00cdSTICAS \u2013 Rota 2 \u201cCaminhos do Caf\u00e9\u201d<\/p>\n<p>&nbsp;<\/p>\n<p>DIA 19\/10 \u2013 VIAGEM LITER\u00c1RIA \u2013 Conta\u00e7\u00e3o de Hist\u00f3rias Cia. S\u00e1 Totonha \u201cA Hist\u00f3ria da Princesa do Reino da Pedra Fina Rosinha Campos\u201d \u2013 Biblioteca P\u00fablica Jurema Citeli \u2013 9 horas e 14 horas<\/p>\n<p>&nbsp;<\/p>\n<p>DIA 23\/10 &#8211; PROJETO MEU BAIRRO EM A\u00c7\u00c3O \u2013 Centro Comunit\u00e1rio do Parque do Sol \u2013 9 \u00e0s 12h30<\/p>\n<p>&nbsp;<\/p>\n<p>DIA 27\/10 \u2013 ENCONTRO REGIONAL DE DIRIGENTES CULTURAIS \u2013 Anfiteatro Fernando Paloni \u2013 9h30<\/p>\n<p>&nbsp;<\/p>\n<p>DIA 30\/10 &#8211; PROJETO MEU BAIRRO EM A\u00c7\u00c3O \u2013 Centro Comunit\u00e1rio do Jardim Adamantina \u2013 9 \u00e0s 12h30<\/p>\n<p>&nbsp;<\/p>\n<p>DIA 31\/10 \u2013 2\u00ba. ENCONTRO LITER\u00c1RIO 2021- ROL\u00ca LITER\u00c1RIO \u2013 Bate-papo sobre o livro \u201cQuarto de Despejo de Carolina Maria de Jesus\u201d \u2013 online via google meet &#8211; Instagram: @oroleliterario\u00a0 \u2013 16 horas<\/p>\n<p>&nbsp;<\/p>\n<p>DIA 31\/10 \u2013 ROLLERWEEN 2021 Grupo Cl\u00e3\u00b4Destinos \u2013 Parque dos Pioneiros \u2013 21 horas<\/p>\n<p>&nbsp;<\/p>\n<p>Fonte: Assessoria de Imprensa<\/p>\n","protected":false},"excerpt":{"rendered":"<p>Ocupar espa\u00e7os p\u00fablicos com eventos de qualidade. Dar visibilidade e oportunizar formas de rendimento aos artistas do munic\u00edpio. Trazer de volta ao conv\u00edvio social com seguran\u00e7a as crian\u00e7as, jovens e adultos nesta fase mais amena da pandemia da Covid-19. &nbsp; Com esses objetivos, a Secretaria de Cultura e Turismo de Adamantina planeja e apresenta a [&hellip;]<\/p>\n","protected":false},"author":13,"featured_media":43426,"comment_status":"closed","ping_status":"open","sticky":false,"template":"","format":"standard","meta":{"_acf_changed":false,"_exactmetrics_skip_tracking":false,"_exactmetrics_sitenote_active":false,"_exactmetrics_sitenote_note":"","_exactmetrics_sitenote_category":0,"footnotes":""},"categories":[21],"tags":[],"class_list":["post-43425","post","type-post","status-publish","format-standard","has-post-thumbnail","hentry","category-adamantina"],"acf":[],"yoast_head":"<!-- This site is optimized with the Yoast SEO plugin v27.2 - https:\/\/yoast.com\/product\/yoast-seo-wordpress\/ -->\n<title>Secretaria de Cultura de Adamantina divulga agenda de eventos para outubro - R\u00e1dio Life FM<\/title>\n<meta name=\"robots\" content=\"index, follow, max-snippet:-1, max-image-preview:large, max-video-preview:-1\" \/>\n<link rel=\"canonical\" href=\"https:\/\/radiolifefm.com.br\/noticias\/secretaria-de-cultura-de-adamantina-divulga-agenda-de-eventos-para-outubro\/\" \/>\n<meta property=\"og:locale\" content=\"pt_BR\" \/>\n<meta property=\"og:type\" content=\"article\" \/>\n<meta property=\"og:title\" content=\"Secretaria de Cultura de Adamantina divulga agenda de eventos para outubro - R\u00e1dio Life FM\" \/>\n<meta property=\"og:description\" content=\"Ocupar espa\u00e7os p\u00fablicos com eventos de qualidade. Dar visibilidade e oportunizar formas de rendimento aos artistas do munic\u00edpio. Trazer de volta ao conv\u00edvio social com seguran\u00e7a as crian\u00e7as, jovens e adultos nesta fase mais amena da pandemia da Covid-19. &nbsp; Com esses objetivos, a Secretaria de Cultura e Turismo de Adamantina planeja e apresenta a [&hellip;]\" \/>\n<meta property=\"og:url\" content=\"https:\/\/radiolifefm.com.br\/noticias\/secretaria-de-cultura-de-adamantina-divulga-agenda-de-eventos-para-outubro\/\" \/>\n<meta property=\"og:site_name\" content=\"R\u00e1dio Life FM\" \/>\n<meta property=\"article:publisher\" content=\"https:\/\/www.facebook.com\/radiolifefm\/\" \/>\n<meta property=\"article:published_time\" content=\"2021-09-29T23:46:31+00:00\" \/>\n<meta property=\"article:modified_time\" content=\"2026-04-08T18:31:45+00:00\" \/>\n<meta property=\"og:image\" content=\"https:\/\/radiolifefm.com.br\/noticias\/wp-content\/uploads\/2021\/09\/145620709_110756047676291_5192238350130897564_n.jpg\" \/>\n\t<meta property=\"og:image:width\" content=\"960\" \/>\n\t<meta property=\"og:image:height\" content=\"365\" \/>\n\t<meta property=\"og:image:type\" content=\"image\/jpeg\" \/>\n<meta name=\"author\" content=\"ritanery\" \/>\n<meta name=\"twitter:card\" content=\"summary_large_image\" \/>\n<meta name=\"twitter:label1\" content=\"Escrito por\" \/>\n\t<meta name=\"twitter:data1\" content=\"ritanery\" \/>\n\t<meta name=\"twitter:label2\" content=\"Est. tempo de leitura\" \/>\n\t<meta name=\"twitter:data2\" content=\"2 minutos\" \/>\n<script type=\"application\/ld+json\" class=\"yoast-schema-graph\">{\"@context\":\"https:\/\/schema.org\",\"@graph\":[{\"@type\":\"Article\",\"@id\":\"https:\/\/radiolifefm.com.br\/noticias\/secretaria-de-cultura-de-adamantina-divulga-agenda-de-eventos-para-outubro\/#article\",\"isPartOf\":{\"@id\":\"https:\/\/radiolifefm.com.br\/noticias\/secretaria-de-cultura-de-adamantina-divulga-agenda-de-eventos-para-outubro\/\"},\"author\":{\"name\":\"ritanery\",\"@id\":\"https:\/\/radiolifefm.com.br\/noticias\/#\/schema\/person\/6339b9fac59d12b071dec680d7375d87\"},\"headline\":\"Secretaria de Cultura de Adamantina divulga agenda de eventos para outubro\",\"datePublished\":\"2021-09-29T23:46:31+00:00\",\"dateModified\":\"2026-04-08T18:31:45+00:00\",\"mainEntityOfPage\":{\"@id\":\"https:\/\/radiolifefm.com.br\/noticias\/secretaria-de-cultura-de-adamantina-divulga-agenda-de-eventos-para-outubro\/\"},\"wordCount\":470,\"publisher\":{\"@id\":\"https:\/\/radiolifefm.com.br\/noticias\/#organization\"},\"image\":{\"@id\":\"https:\/\/radiolifefm.com.br\/noticias\/secretaria-de-cultura-de-adamantina-divulga-agenda-de-eventos-para-outubro\/#primaryimage\"},\"thumbnailUrl\":\"https:\/\/radiolifefm.com.br\/noticias\/wp-content\/uploads\/2021\/09\/145620709_110756047676291_5192238350130897564_n.jpg\",\"articleSection\":[\"Adamantina\"],\"inLanguage\":\"pt-BR\"},{\"@type\":\"WebPage\",\"@id\":\"https:\/\/radiolifefm.com.br\/noticias\/secretaria-de-cultura-de-adamantina-divulga-agenda-de-eventos-para-outubro\/\",\"url\":\"https:\/\/radiolifefm.com.br\/noticias\/secretaria-de-cultura-de-adamantina-divulga-agenda-de-eventos-para-outubro\/\",\"name\":\"Secretaria de Cultura de Adamantina divulga agenda de eventos para outubro - R\u00e1dio Life FM\",\"isPartOf\":{\"@id\":\"https:\/\/radiolifefm.com.br\/noticias\/#website\"},\"primaryImageOfPage\":{\"@id\":\"https:\/\/radiolifefm.com.br\/noticias\/secretaria-de-cultura-de-adamantina-divulga-agenda-de-eventos-para-outubro\/#primaryimage\"},\"image\":{\"@id\":\"https:\/\/radiolifefm.com.br\/noticias\/secretaria-de-cultura-de-adamantina-divulga-agenda-de-eventos-para-outubro\/#primaryimage\"},\"thumbnailUrl\":\"https:\/\/radiolifefm.com.br\/noticias\/wp-content\/uploads\/2021\/09\/145620709_110756047676291_5192238350130897564_n.jpg\",\"datePublished\":\"2021-09-29T23:46:31+00:00\",\"dateModified\":\"2026-04-08T18:31:45+00:00\",\"breadcrumb\":{\"@id\":\"https:\/\/radiolifefm.com.br\/noticias\/secretaria-de-cultura-de-adamantina-divulga-agenda-de-eventos-para-outubro\/#breadcrumb\"},\"inLanguage\":\"pt-BR\",\"potentialAction\":[{\"@type\":\"ReadAction\",\"target\":[\"https:\/\/radiolifefm.com.br\/noticias\/secretaria-de-cultura-de-adamantina-divulga-agenda-de-eventos-para-outubro\/\"]}]},{\"@type\":\"ImageObject\",\"inLanguage\":\"pt-BR\",\"@id\":\"https:\/\/radiolifefm.com.br\/noticias\/secretaria-de-cultura-de-adamantina-divulga-agenda-de-eventos-para-outubro\/#primaryimage\",\"url\":\"https:\/\/radiolifefm.com.br\/noticias\/wp-content\/uploads\/2021\/09\/145620709_110756047676291_5192238350130897564_n.jpg\",\"contentUrl\":\"https:\/\/radiolifefm.com.br\/noticias\/wp-content\/uploads\/2021\/09\/145620709_110756047676291_5192238350130897564_n.jpg\",\"width\":960,\"height\":365},{\"@type\":\"BreadcrumbList\",\"@id\":\"https:\/\/radiolifefm.com.br\/noticias\/secretaria-de-cultura-de-adamantina-divulga-agenda-de-eventos-para-outubro\/#breadcrumb\",\"itemListElement\":[{\"@type\":\"ListItem\",\"position\":1,\"name\":\"In\u00edcio\",\"item\":\"https:\/\/radiolifefm.com.br\/noticias\/\"},{\"@type\":\"ListItem\",\"position\":2,\"name\":\"Secretaria de Cultura de Adamantina divulga agenda de eventos para outubro\"}]},{\"@type\":\"WebSite\",\"@id\":\"https:\/\/radiolifefm.com.br\/noticias\/#website\",\"url\":\"https:\/\/radiolifefm.com.br\/noticias\/\",\"name\":\"R\u00e1dio Life FM\",\"description\":\"O Portal de Not\u00edcias de Adamantina\",\"publisher\":{\"@id\":\"https:\/\/radiolifefm.com.br\/noticias\/#organization\"},\"alternateName\":\"Life FM\",\"potentialAction\":[{\"@type\":\"SearchAction\",\"target\":{\"@type\":\"EntryPoint\",\"urlTemplate\":\"https:\/\/radiolifefm.com.br\/noticias\/?s={search_term_string}\"},\"query-input\":{\"@type\":\"PropertyValueSpecification\",\"valueRequired\":true,\"valueName\":\"search_term_string\"}}],\"inLanguage\":\"pt-BR\"},{\"@type\":\"Organization\",\"@id\":\"https:\/\/radiolifefm.com.br\/noticias\/#organization\",\"name\":\"R\u00e1dio Life FM\",\"alternateName\":\"Life FM\",\"url\":\"https:\/\/radiolifefm.com.br\/noticias\/\",\"logo\":{\"@type\":\"ImageObject\",\"inLanguage\":\"pt-BR\",\"@id\":\"https:\/\/radiolifefm.com.br\/noticias\/#\/schema\/logo\/image\/\",\"url\":\"https:\/\/static.radiolifefm.com.br\/noticias\/wp-content\/uploads\/2019\/10\/logo-lifefm.png\",\"contentUrl\":\"https:\/\/static.radiolifefm.com.br\/noticias\/wp-content\/uploads\/2019\/10\/logo-lifefm.png\",\"width\":196,\"height\":47,\"caption\":\"R\u00e1dio Life FM\"},\"image\":{\"@id\":\"https:\/\/radiolifefm.com.br\/noticias\/#\/schema\/logo\/image\/\"},\"sameAs\":[\"https:\/\/www.facebook.com\/radiolifefm\/\",\"https:\/\/www.instagram.com\/life1079fm\/\"]},{\"@type\":\"Person\",\"@id\":\"https:\/\/radiolifefm.com.br\/noticias\/#\/schema\/person\/6339b9fac59d12b071dec680d7375d87\",\"name\":\"ritanery\",\"image\":{\"@type\":\"ImageObject\",\"inLanguage\":\"pt-BR\",\"@id\":\"https:\/\/secure.gravatar.com\/avatar\/0e37bb19071f47c0b8a23f62a903df117c5a0e75f65a0c2901562f97cd41cf86?s=96&d=mm&r=g\",\"url\":\"https:\/\/secure.gravatar.com\/avatar\/0e37bb19071f47c0b8a23f62a903df117c5a0e75f65a0c2901562f97cd41cf86?s=96&d=mm&r=g\",\"contentUrl\":\"https:\/\/secure.gravatar.com\/avatar\/0e37bb19071f47c0b8a23f62a903df117c5a0e75f65a0c2901562f97cd41cf86?s=96&d=mm&r=g\",\"caption\":\"ritanery\"}}]}<\/script>\n<!-- \/ Yoast SEO plugin. -->","yoast_head_json":{"title":"Secretaria de Cultura de Adamantina divulga agenda de eventos para outubro - R\u00e1dio Life FM","robots":{"index":"index","follow":"follow","max-snippet":"max-snippet:-1","max-image-preview":"max-image-preview:large","max-video-preview":"max-video-preview:-1"},"canonical":"https:\/\/radiolifefm.com.br\/noticias\/secretaria-de-cultura-de-adamantina-divulga-agenda-de-eventos-para-outubro\/","og_locale":"pt_BR","og_type":"article","og_title":"Secretaria de Cultura de Adamantina divulga agenda de eventos para outubro - R\u00e1dio Life FM","og_description":"Ocupar espa\u00e7os p\u00fablicos com eventos de qualidade. Dar visibilidade e oportunizar formas de rendimento aos artistas do munic\u00edpio. Trazer de volta ao conv\u00edvio social com seguran\u00e7a as crian\u00e7as, jovens e adultos nesta fase mais amena da pandemia da Covid-19. &nbsp; Com esses objetivos, a Secretaria de Cultura e Turismo de Adamantina planeja e apresenta a [&hellip;]","og_url":"https:\/\/radiolifefm.com.br\/noticias\/secretaria-de-cultura-de-adamantina-divulga-agenda-de-eventos-para-outubro\/","og_site_name":"R\u00e1dio Life FM","article_publisher":"https:\/\/www.facebook.com\/radiolifefm\/","article_published_time":"2021-09-29T23:46:31+00:00","article_modified_time":"2026-04-08T18:31:45+00:00","og_image":[{"width":960,"height":365,"url":"https:\/\/radiolifefm.com.br\/noticias\/wp-content\/uploads\/2021\/09\/145620709_110756047676291_5192238350130897564_n.jpg","type":"image\/jpeg"}],"author":"ritanery","twitter_card":"summary_large_image","twitter_misc":{"Escrito por":"ritanery","Est. tempo de leitura":"2 minutos"},"schema":{"@context":"https:\/\/schema.org","@graph":[{"@type":"Article","@id":"https:\/\/radiolifefm.com.br\/noticias\/secretaria-de-cultura-de-adamantina-divulga-agenda-de-eventos-para-outubro\/#article","isPartOf":{"@id":"https:\/\/radiolifefm.com.br\/noticias\/secretaria-de-cultura-de-adamantina-divulga-agenda-de-eventos-para-outubro\/"},"author":{"name":"ritanery","@id":"https:\/\/radiolifefm.com.br\/noticias\/#\/schema\/person\/6339b9fac59d12b071dec680d7375d87"},"headline":"Secretaria de Cultura de Adamantina divulga agenda de eventos para outubro","datePublished":"2021-09-29T23:46:31+00:00","dateModified":"2026-04-08T18:31:45+00:00","mainEntityOfPage":{"@id":"https:\/\/radiolifefm.com.br\/noticias\/secretaria-de-cultura-de-adamantina-divulga-agenda-de-eventos-para-outubro\/"},"wordCount":470,"publisher":{"@id":"https:\/\/radiolifefm.com.br\/noticias\/#organization"},"image":{"@id":"https:\/\/radiolifefm.com.br\/noticias\/secretaria-de-cultura-de-adamantina-divulga-agenda-de-eventos-para-outubro\/#primaryimage"},"thumbnailUrl":"https:\/\/radiolifefm.com.br\/noticias\/wp-content\/uploads\/2021\/09\/145620709_110756047676291_5192238350130897564_n.jpg","articleSection":["Adamantina"],"inLanguage":"pt-BR"},{"@type":"WebPage","@id":"https:\/\/radiolifefm.com.br\/noticias\/secretaria-de-cultura-de-adamantina-divulga-agenda-de-eventos-para-outubro\/","url":"https:\/\/radiolifefm.com.br\/noticias\/secretaria-de-cultura-de-adamantina-divulga-agenda-de-eventos-para-outubro\/","name":"Secretaria de Cultura de Adamantina divulga agenda de eventos para outubro - R\u00e1dio Life FM","isPartOf":{"@id":"https:\/\/radiolifefm.com.br\/noticias\/#website"},"primaryImageOfPage":{"@id":"https:\/\/radiolifefm.com.br\/noticias\/secretaria-de-cultura-de-adamantina-divulga-agenda-de-eventos-para-outubro\/#primaryimage"},"image":{"@id":"https:\/\/radiolifefm.com.br\/noticias\/secretaria-de-cultura-de-adamantina-divulga-agenda-de-eventos-para-outubro\/#primaryimage"},"thumbnailUrl":"https:\/\/radiolifefm.com.br\/noticias\/wp-content\/uploads\/2021\/09\/145620709_110756047676291_5192238350130897564_n.jpg","datePublished":"2021-09-29T23:46:31+00:00","dateModified":"2026-04-08T18:31:45+00:00","breadcrumb":{"@id":"https:\/\/radiolifefm.com.br\/noticias\/secretaria-de-cultura-de-adamantina-divulga-agenda-de-eventos-para-outubro\/#breadcrumb"},"inLanguage":"pt-BR","potentialAction":[{"@type":"ReadAction","target":["https:\/\/radiolifefm.com.br\/noticias\/secretaria-de-cultura-de-adamantina-divulga-agenda-de-eventos-para-outubro\/"]}]},{"@type":"ImageObject","inLanguage":"pt-BR","@id":"https:\/\/radiolifefm.com.br\/noticias\/secretaria-de-cultura-de-adamantina-divulga-agenda-de-eventos-para-outubro\/#primaryimage","url":"https:\/\/radiolifefm.com.br\/noticias\/wp-content\/uploads\/2021\/09\/145620709_110756047676291_5192238350130897564_n.jpg","contentUrl":"https:\/\/radiolifefm.com.br\/noticias\/wp-content\/uploads\/2021\/09\/145620709_110756047676291_5192238350130897564_n.jpg","width":960,"height":365},{"@type":"BreadcrumbList","@id":"https:\/\/radiolifefm.com.br\/noticias\/secretaria-de-cultura-de-adamantina-divulga-agenda-de-eventos-para-outubro\/#breadcrumb","itemListElement":[{"@type":"ListItem","position":1,"name":"In\u00edcio","item":"https:\/\/radiolifefm.com.br\/noticias\/"},{"@type":"ListItem","position":2,"name":"Secretaria de Cultura de Adamantina divulga agenda de eventos para outubro"}]},{"@type":"WebSite","@id":"https:\/\/radiolifefm.com.br\/noticias\/#website","url":"https:\/\/radiolifefm.com.br\/noticias\/","name":"R\u00e1dio Life FM","description":"O Portal de Not\u00edcias de Adamantina","publisher":{"@id":"https:\/\/radiolifefm.com.br\/noticias\/#organization"},"alternateName":"Life FM","potentialAction":[{"@type":"SearchAction","target":{"@type":"EntryPoint","urlTemplate":"https:\/\/radiolifefm.com.br\/noticias\/?s={search_term_string}"},"query-input":{"@type":"PropertyValueSpecification","valueRequired":true,"valueName":"search_term_string"}}],"inLanguage":"pt-BR"},{"@type":"Organization","@id":"https:\/\/radiolifefm.com.br\/noticias\/#organization","name":"R\u00e1dio Life FM","alternateName":"Life FM","url":"https:\/\/radiolifefm.com.br\/noticias\/","logo":{"@type":"ImageObject","inLanguage":"pt-BR","@id":"https:\/\/radiolifefm.com.br\/noticias\/#\/schema\/logo\/image\/","url":"https:\/\/static.radiolifefm.com.br\/noticias\/wp-content\/uploads\/2019\/10\/logo-lifefm.png","contentUrl":"https:\/\/static.radiolifefm.com.br\/noticias\/wp-content\/uploads\/2019\/10\/logo-lifefm.png","width":196,"height":47,"caption":"R\u00e1dio Life FM"},"image":{"@id":"https:\/\/radiolifefm.com.br\/noticias\/#\/schema\/logo\/image\/"},"sameAs":["https:\/\/www.facebook.com\/radiolifefm\/","https:\/\/www.instagram.com\/life1079fm\/"]},{"@type":"Person","@id":"https:\/\/radiolifefm.com.br\/noticias\/#\/schema\/person\/6339b9fac59d12b071dec680d7375d87","name":"ritanery","image":{"@type":"ImageObject","inLanguage":"pt-BR","@id":"https:\/\/secure.gravatar.com\/avatar\/0e37bb19071f47c0b8a23f62a903df117c5a0e75f65a0c2901562f97cd41cf86?s=96&d=mm&r=g","url":"https:\/\/secure.gravatar.com\/avatar\/0e37bb19071f47c0b8a23f62a903df117c5a0e75f65a0c2901562f97cd41cf86?s=96&d=mm&r=g","contentUrl":"https:\/\/secure.gravatar.com\/avatar\/0e37bb19071f47c0b8a23f62a903df117c5a0e75f65a0c2901562f97cd41cf86?s=96&d=mm&r=g","caption":"ritanery"}}]}},"amp_enabled":true,"_links":{"self":[{"href":"https:\/\/radiolifefm.com.br\/noticias\/wp-json\/wp\/v2\/posts\/43425","targetHints":{"allow":["GET"]}}],"collection":[{"href":"https:\/\/radiolifefm.com.br\/noticias\/wp-json\/wp\/v2\/posts"}],"about":[{"href":"https:\/\/radiolifefm.com.br\/noticias\/wp-json\/wp\/v2\/types\/post"}],"author":[{"embeddable":true,"href":"https:\/\/radiolifefm.com.br\/noticias\/wp-json\/wp\/v2\/users\/13"}],"replies":[{"embeddable":true,"href":"https:\/\/radiolifefm.com.br\/noticias\/wp-json\/wp\/v2\/comments?post=43425"}],"version-history":[{"count":1,"href":"https:\/\/radiolifefm.com.br\/noticias\/wp-json\/wp\/v2\/posts\/43425\/revisions"}],"predecessor-version":[{"id":43427,"href":"https:\/\/radiolifefm.com.br\/noticias\/wp-json\/wp\/v2\/posts\/43425\/revisions\/43427"}],"wp:featuredmedia":[{"embeddable":true,"href":"https:\/\/radiolifefm.com.br\/noticias\/wp-json\/wp\/v2\/media\/43426"}],"wp:attachment":[{"href":"https:\/\/radiolifefm.com.br\/noticias\/wp-json\/wp\/v2\/media?parent=43425"}],"wp:term":[{"taxonomy":"category","embeddable":true,"href":"https:\/\/radiolifefm.com.br\/noticias\/wp-json\/wp\/v2\/categories?post=43425"},{"taxonomy":"post_tag","embeddable":true,"href":"https:\/\/radiolifefm.com.br\/noticias\/wp-json\/wp\/v2\/tags?post=43425"}],"curies":[{"name":"wp","href":"https:\/\/api.w.org\/{rel}","templated":true}]}}