{"id":43401,"date":"2021-09-29T08:30:11","date_gmt":"2021-09-29T11:30:11","guid":{"rendered":"https:\/\/radiolifefm.com.br\/noticias\/?p=43401"},"modified":"2026-02-06T22:10:56","modified_gmt":"2026-02-07T01:10:56","slug":"camara-autoriza-prefeitura-contratar-financiamento-de-r-12-milhao-para-obras-em-pontos-de-enchentes","status":"publish","type":"post","link":"https:\/\/radiolifefm.com.br\/noticias\/camara-autoriza-prefeitura-contratar-financiamento-de-r-12-milhao-para-obras-em-pontos-de-enchentes\/","title":{"rendered":"C\u00e2mara autoriza Prefeitura contratar financiamento de R$ 1,2 milh\u00e3o para obras em pontos de enchentes"},"content":{"rendered":"<div id=\"fb-root\"><\/div>\n<p>Em vota\u00e7\u00e3o ocorrida na sess\u00e3o ordin\u00e1ria na segunda-feira (20) os vereadores adamantinenses aprovaram Projeto de Lei n\u00ba 67, de 10 de setembro 2021, e assim autorizaram o prefeito M\u00e1rcio Cardim (DEM) a celebrar por meio do Munic\u00edpio opera\u00e7\u00f5es de cr\u00e9dito no valor m\u00e1ximo de R$ 1,2 milh\u00e3o com a Desenvolve SP (Ag\u00eancia de Fomento do Estado de S\u00e3o Paulo).<\/p>\n<p>&nbsp;<\/p>\n<p>Com base no texto da proposta encaminhada para a C\u00e2mara, a Prefeitura utilizar\u00e1 o recurso a ser contratado para execu\u00e7\u00e3o de obras na rede coletora de \u00e1guas pluviais em locais estrat\u00e9gicos do munic\u00edpio.<\/p>\n<p>&nbsp;<\/p>\n<p>A reestrutura\u00e7\u00e3o, de acordo com o PL, visa sanar os problemas de alagamento apresentados em v\u00e1rios pontos da cidade (trechos das vias Alameda Santa Cruz, Alameda dos Expedicion\u00e1rios, Alameda Dona Maria C\u00e2ndido Romanini, Rua General Isidoro, Rua Fioravante Sp\u00f3sito e Avenida Capit\u00e3o Jos\u00e9 Ant\u00f4nio de Oliveira).<\/p>\n<p>&nbsp;<\/p>\n<p>Com a aprova\u00e7\u00e3o no Poder Legislativo, fica o Munic\u00edpio autorizado a: a) participar e assinar contratos, conv\u00eanios, aditivos e termos que possibilitem a execu\u00e7\u00e3o da presente Lei; b) aceitar todas as condi\u00e7\u00f5es estabelecidas pelas normas da Desenvolve SP \u2013 Ag\u00eancia de Fomento do Estado de S\u00e3o Paulo, referentes \u00e0s opera\u00e7\u00f5es de cr\u00e9dito vigentes \u00e0 \u00e9poca da assinatura dos contratos de financiamento; c) aceitar o foro da cidade de S\u00e3o Paulo para dirimir quaisquer controv\u00e9rsias decorrentes da execu\u00e7\u00e3o dos contratos.<\/p>\n<p>&nbsp;<\/p>\n<p>Ap\u00f3s o aval da C\u00e2mara, a propositura volta para o Executivo que transformar\u00e1 em Lei Municipal e a sancionar\u00e1.<\/p>\n<p>&nbsp;<\/p>\n<p>Fonte: Adamantina Net<\/p>\n","protected":false},"excerpt":{"rendered":"<p>Em vota\u00e7\u00e3o ocorrida na sess\u00e3o ordin\u00e1ria na segunda-feira (20) os vereadores adamantinenses aprovaram Projeto de Lei n\u00ba 67, de 10 de setembro 2021, e assim autorizaram o prefeito M\u00e1rcio Cardim (DEM) a celebrar por meio do Munic\u00edpio opera\u00e7\u00f5es de cr\u00e9dito no valor m\u00e1ximo de R$ 1,2 milh\u00e3o com a Desenvolve SP (Ag\u00eancia de Fomento do [&hellip;]<\/p>\n","protected":false},"author":13,"featured_media":37049,"comment_status":"closed","ping_status":"open","sticky":false,"template":"","format":"standard","meta":{"_acf_changed":false,"_exactmetrics_skip_tracking":false,"_exactmetrics_sitenote_active":false,"_exactmetrics_sitenote_note":"","_exactmetrics_sitenote_category":0,"footnotes":""},"categories":[21],"tags":[],"class_list":["post-43401","post","type-post","status-publish","format-standard","has-post-thumbnail","hentry","category-adamantina"],"acf":[],"yoast_head":"<!-- This site is optimized with the Yoast SEO plugin v27.2 - https:\/\/yoast.com\/product\/yoast-seo-wordpress\/ -->\n<title>C\u00e2mara autoriza Prefeitura contratar financiamento de R$ 1,2 milh\u00e3o para obras em pontos de enchentes - R\u00e1dio Life FM<\/title>\n<meta name=\"robots\" content=\"index, follow, max-snippet:-1, max-image-preview:large, max-video-preview:-1\" \/>\n<link rel=\"canonical\" href=\"https:\/\/radiolifefm.com.br\/noticias\/camara-autoriza-prefeitura-contratar-financiamento-de-r-12-milhao-para-obras-em-pontos-de-enchentes\/\" \/>\n<meta property=\"og:locale\" content=\"pt_BR\" \/>\n<meta property=\"og:type\" content=\"article\" \/>\n<meta property=\"og:title\" content=\"C\u00e2mara autoriza Prefeitura contratar financiamento de R$ 1,2 milh\u00e3o para obras em pontos de enchentes - R\u00e1dio Life FM\" \/>\n<meta property=\"og:description\" content=\"Em vota\u00e7\u00e3o ocorrida na sess\u00e3o ordin\u00e1ria na segunda-feira (20) os vereadores adamantinenses aprovaram Projeto de Lei n\u00ba 67, de 10 de setembro 2021, e assim autorizaram o prefeito M\u00e1rcio Cardim (DEM) a celebrar por meio do Munic\u00edpio opera\u00e7\u00f5es de cr\u00e9dito no valor m\u00e1ximo de R$ 1,2 milh\u00e3o com a Desenvolve SP (Ag\u00eancia de Fomento do [&hellip;]\" \/>\n<meta property=\"og:url\" content=\"https:\/\/radiolifefm.com.br\/noticias\/camara-autoriza-prefeitura-contratar-financiamento-de-r-12-milhao-para-obras-em-pontos-de-enchentes\/\" \/>\n<meta property=\"og:site_name\" content=\"R\u00e1dio Life FM\" \/>\n<meta property=\"article:publisher\" content=\"https:\/\/www.facebook.com\/radiolifefm\/\" \/>\n<meta property=\"article:published_time\" content=\"2021-09-29T11:30:11+00:00\" \/>\n<meta property=\"article:modified_time\" content=\"2026-02-07T01:10:56+00:00\" \/>\n<meta property=\"og:image\" content=\"https:\/\/radiolifefm.com.br\/noticias\/wp-content\/uploads\/2021\/03\/pna-lupapng161694042360608d8786c6b.jpg\" \/>\n\t<meta property=\"og:image:width\" content=\"540\" \/>\n\t<meta property=\"og:image:height\" content=\"300\" \/>\n\t<meta property=\"og:image:type\" content=\"image\/jpeg\" \/>\n<meta name=\"author\" content=\"ritanery\" \/>\n<meta name=\"twitter:card\" content=\"summary_large_image\" \/>\n<meta name=\"twitter:label1\" content=\"Escrito por\" \/>\n\t<meta name=\"twitter:data1\" content=\"ritanery\" \/>\n\t<meta name=\"twitter:label2\" content=\"Est. tempo de leitura\" \/>\n\t<meta name=\"twitter:data2\" content=\"1 minuto\" \/>\n<script type=\"application\/ld+json\" class=\"yoast-schema-graph\">{\"@context\":\"https:\/\/schema.org\",\"@graph\":[{\"@type\":\"Article\",\"@id\":\"https:\/\/radiolifefm.com.br\/noticias\/camara-autoriza-prefeitura-contratar-financiamento-de-r-12-milhao-para-obras-em-pontos-de-enchentes\/#article\",\"isPartOf\":{\"@id\":\"https:\/\/radiolifefm.com.br\/noticias\/camara-autoriza-prefeitura-contratar-financiamento-de-r-12-milhao-para-obras-em-pontos-de-enchentes\/\"},\"author\":{\"name\":\"ritanery\",\"@id\":\"https:\/\/radiolifefm.com.br\/noticias\/#\/schema\/person\/6339b9fac59d12b071dec680d7375d87\"},\"headline\":\"C\u00e2mara autoriza Prefeitura contratar financiamento de R$ 1,2 milh\u00e3o para obras em pontos de enchentes\",\"datePublished\":\"2021-09-29T11:30:11+00:00\",\"dateModified\":\"2026-02-07T01:10:56+00:00\",\"mainEntityOfPage\":{\"@id\":\"https:\/\/radiolifefm.com.br\/noticias\/camara-autoriza-prefeitura-contratar-financiamento-de-r-12-milhao-para-obras-em-pontos-de-enchentes\/\"},\"wordCount\":289,\"publisher\":{\"@id\":\"https:\/\/radiolifefm.com.br\/noticias\/#organization\"},\"image\":{\"@id\":\"https:\/\/radiolifefm.com.br\/noticias\/camara-autoriza-prefeitura-contratar-financiamento-de-r-12-milhao-para-obras-em-pontos-de-enchentes\/#primaryimage\"},\"thumbnailUrl\":\"https:\/\/radiolifefm.com.br\/noticias\/wp-content\/uploads\/2021\/03\/pna-lupapng161694042360608d8786c6b.jpg\",\"articleSection\":[\"Adamantina\"],\"inLanguage\":\"pt-BR\"},{\"@type\":\"WebPage\",\"@id\":\"https:\/\/radiolifefm.com.br\/noticias\/camara-autoriza-prefeitura-contratar-financiamento-de-r-12-milhao-para-obras-em-pontos-de-enchentes\/\",\"url\":\"https:\/\/radiolifefm.com.br\/noticias\/camara-autoriza-prefeitura-contratar-financiamento-de-r-12-milhao-para-obras-em-pontos-de-enchentes\/\",\"name\":\"C\u00e2mara autoriza Prefeitura contratar financiamento de R$ 1,2 milh\u00e3o para obras em pontos de enchentes - R\u00e1dio Life FM\",\"isPartOf\":{\"@id\":\"https:\/\/radiolifefm.com.br\/noticias\/#website\"},\"primaryImageOfPage\":{\"@id\":\"https:\/\/radiolifefm.com.br\/noticias\/camara-autoriza-prefeitura-contratar-financiamento-de-r-12-milhao-para-obras-em-pontos-de-enchentes\/#primaryimage\"},\"image\":{\"@id\":\"https:\/\/radiolifefm.com.br\/noticias\/camara-autoriza-prefeitura-contratar-financiamento-de-r-12-milhao-para-obras-em-pontos-de-enchentes\/#primaryimage\"},\"thumbnailUrl\":\"https:\/\/radiolifefm.com.br\/noticias\/wp-content\/uploads\/2021\/03\/pna-lupapng161694042360608d8786c6b.jpg\",\"datePublished\":\"2021-09-29T11:30:11+00:00\",\"dateModified\":\"2026-02-07T01:10:56+00:00\",\"breadcrumb\":{\"@id\":\"https:\/\/radiolifefm.com.br\/noticias\/camara-autoriza-prefeitura-contratar-financiamento-de-r-12-milhao-para-obras-em-pontos-de-enchentes\/#breadcrumb\"},\"inLanguage\":\"pt-BR\",\"potentialAction\":[{\"@type\":\"ReadAction\",\"target\":[\"https:\/\/radiolifefm.com.br\/noticias\/camara-autoriza-prefeitura-contratar-financiamento-de-r-12-milhao-para-obras-em-pontos-de-enchentes\/\"]}]},{\"@type\":\"ImageObject\",\"inLanguage\":\"pt-BR\",\"@id\":\"https:\/\/radiolifefm.com.br\/noticias\/camara-autoriza-prefeitura-contratar-financiamento-de-r-12-milhao-para-obras-em-pontos-de-enchentes\/#primaryimage\",\"url\":\"https:\/\/radiolifefm.com.br\/noticias\/wp-content\/uploads\/2021\/03\/pna-lupapng161694042360608d8786c6b.jpg\",\"contentUrl\":\"https:\/\/radiolifefm.com.br\/noticias\/wp-content\/uploads\/2021\/03\/pna-lupapng161694042360608d8786c6b.jpg\",\"width\":540,\"height\":300,\"caption\":\"Coleta de lixo funcionar\u00e1 normalmente na segunda-feira (20) e na ter\u00e7a-feira (21)\"},{\"@type\":\"BreadcrumbList\",\"@id\":\"https:\/\/radiolifefm.com.br\/noticias\/camara-autoriza-prefeitura-contratar-financiamento-de-r-12-milhao-para-obras-em-pontos-de-enchentes\/#breadcrumb\",\"itemListElement\":[{\"@type\":\"ListItem\",\"position\":1,\"name\":\"In\u00edcio\",\"item\":\"https:\/\/radiolifefm.com.br\/noticias\/\"},{\"@type\":\"ListItem\",\"position\":2,\"name\":\"C\u00e2mara autoriza Prefeitura contratar financiamento de R$ 1,2 milh\u00e3o para obras em pontos de enchentes\"}]},{\"@type\":\"WebSite\",\"@id\":\"https:\/\/radiolifefm.com.br\/noticias\/#website\",\"url\":\"https:\/\/radiolifefm.com.br\/noticias\/\",\"name\":\"R\u00e1dio Life FM\",\"description\":\"O Portal de Not\u00edcias de Adamantina\",\"publisher\":{\"@id\":\"https:\/\/radiolifefm.com.br\/noticias\/#organization\"},\"alternateName\":\"Life FM\",\"potentialAction\":[{\"@type\":\"SearchAction\",\"target\":{\"@type\":\"EntryPoint\",\"urlTemplate\":\"https:\/\/radiolifefm.com.br\/noticias\/?s={search_term_string}\"},\"query-input\":{\"@type\":\"PropertyValueSpecification\",\"valueRequired\":true,\"valueName\":\"search_term_string\"}}],\"inLanguage\":\"pt-BR\"},{\"@type\":\"Organization\",\"@id\":\"https:\/\/radiolifefm.com.br\/noticias\/#organization\",\"name\":\"R\u00e1dio Life FM\",\"alternateName\":\"Life FM\",\"url\":\"https:\/\/radiolifefm.com.br\/noticias\/\",\"logo\":{\"@type\":\"ImageObject\",\"inLanguage\":\"pt-BR\",\"@id\":\"https:\/\/radiolifefm.com.br\/noticias\/#\/schema\/logo\/image\/\",\"url\":\"https:\/\/static.radiolifefm.com.br\/noticias\/wp-content\/uploads\/2019\/10\/logo-lifefm.png\",\"contentUrl\":\"https:\/\/static.radiolifefm.com.br\/noticias\/wp-content\/uploads\/2019\/10\/logo-lifefm.png\",\"width\":196,\"height\":47,\"caption\":\"R\u00e1dio Life FM\"},\"image\":{\"@id\":\"https:\/\/radiolifefm.com.br\/noticias\/#\/schema\/logo\/image\/\"},\"sameAs\":[\"https:\/\/www.facebook.com\/radiolifefm\/\",\"https:\/\/www.instagram.com\/life1079fm\/\"]},{\"@type\":\"Person\",\"@id\":\"https:\/\/radiolifefm.com.br\/noticias\/#\/schema\/person\/6339b9fac59d12b071dec680d7375d87\",\"name\":\"ritanery\",\"image\":{\"@type\":\"ImageObject\",\"inLanguage\":\"pt-BR\",\"@id\":\"https:\/\/secure.gravatar.com\/avatar\/0e37bb19071f47c0b8a23f62a903df117c5a0e75f65a0c2901562f97cd41cf86?s=96&d=mm&r=g\",\"url\":\"https:\/\/secure.gravatar.com\/avatar\/0e37bb19071f47c0b8a23f62a903df117c5a0e75f65a0c2901562f97cd41cf86?s=96&d=mm&r=g\",\"contentUrl\":\"https:\/\/secure.gravatar.com\/avatar\/0e37bb19071f47c0b8a23f62a903df117c5a0e75f65a0c2901562f97cd41cf86?s=96&d=mm&r=g\",\"caption\":\"ritanery\"}}]}<\/script>\n<!-- \/ Yoast SEO plugin. -->","yoast_head_json":{"title":"C\u00e2mara autoriza Prefeitura contratar financiamento de R$ 1,2 milh\u00e3o para obras em pontos de enchentes - R\u00e1dio Life FM","robots":{"index":"index","follow":"follow","max-snippet":"max-snippet:-1","max-image-preview":"max-image-preview:large","max-video-preview":"max-video-preview:-1"},"canonical":"https:\/\/radiolifefm.com.br\/noticias\/camara-autoriza-prefeitura-contratar-financiamento-de-r-12-milhao-para-obras-em-pontos-de-enchentes\/","og_locale":"pt_BR","og_type":"article","og_title":"C\u00e2mara autoriza Prefeitura contratar financiamento de R$ 1,2 milh\u00e3o para obras em pontos de enchentes - R\u00e1dio Life FM","og_description":"Em vota\u00e7\u00e3o ocorrida na sess\u00e3o ordin\u00e1ria na segunda-feira (20) os vereadores adamantinenses aprovaram Projeto de Lei n\u00ba 67, de 10 de setembro 2021, e assim autorizaram o prefeito M\u00e1rcio Cardim (DEM) a celebrar por meio do Munic\u00edpio opera\u00e7\u00f5es de cr\u00e9dito no valor m\u00e1ximo de R$ 1,2 milh\u00e3o com a Desenvolve SP (Ag\u00eancia de Fomento do [&hellip;]","og_url":"https:\/\/radiolifefm.com.br\/noticias\/camara-autoriza-prefeitura-contratar-financiamento-de-r-12-milhao-para-obras-em-pontos-de-enchentes\/","og_site_name":"R\u00e1dio Life FM","article_publisher":"https:\/\/www.facebook.com\/radiolifefm\/","article_published_time":"2021-09-29T11:30:11+00:00","article_modified_time":"2026-02-07T01:10:56+00:00","og_image":[{"width":540,"height":300,"url":"https:\/\/radiolifefm.com.br\/noticias\/wp-content\/uploads\/2021\/03\/pna-lupapng161694042360608d8786c6b.jpg","type":"image\/jpeg"}],"author":"ritanery","twitter_card":"summary_large_image","twitter_misc":{"Escrito por":"ritanery","Est. tempo de leitura":"1 minuto"},"schema":{"@context":"https:\/\/schema.org","@graph":[{"@type":"Article","@id":"https:\/\/radiolifefm.com.br\/noticias\/camara-autoriza-prefeitura-contratar-financiamento-de-r-12-milhao-para-obras-em-pontos-de-enchentes\/#article","isPartOf":{"@id":"https:\/\/radiolifefm.com.br\/noticias\/camara-autoriza-prefeitura-contratar-financiamento-de-r-12-milhao-para-obras-em-pontos-de-enchentes\/"},"author":{"name":"ritanery","@id":"https:\/\/radiolifefm.com.br\/noticias\/#\/schema\/person\/6339b9fac59d12b071dec680d7375d87"},"headline":"C\u00e2mara autoriza Prefeitura contratar financiamento de R$ 1,2 milh\u00e3o para obras em pontos de enchentes","datePublished":"2021-09-29T11:30:11+00:00","dateModified":"2026-02-07T01:10:56+00:00","mainEntityOfPage":{"@id":"https:\/\/radiolifefm.com.br\/noticias\/camara-autoriza-prefeitura-contratar-financiamento-de-r-12-milhao-para-obras-em-pontos-de-enchentes\/"},"wordCount":289,"publisher":{"@id":"https:\/\/radiolifefm.com.br\/noticias\/#organization"},"image":{"@id":"https:\/\/radiolifefm.com.br\/noticias\/camara-autoriza-prefeitura-contratar-financiamento-de-r-12-milhao-para-obras-em-pontos-de-enchentes\/#primaryimage"},"thumbnailUrl":"https:\/\/radiolifefm.com.br\/noticias\/wp-content\/uploads\/2021\/03\/pna-lupapng161694042360608d8786c6b.jpg","articleSection":["Adamantina"],"inLanguage":"pt-BR"},{"@type":"WebPage","@id":"https:\/\/radiolifefm.com.br\/noticias\/camara-autoriza-prefeitura-contratar-financiamento-de-r-12-milhao-para-obras-em-pontos-de-enchentes\/","url":"https:\/\/radiolifefm.com.br\/noticias\/camara-autoriza-prefeitura-contratar-financiamento-de-r-12-milhao-para-obras-em-pontos-de-enchentes\/","name":"C\u00e2mara autoriza Prefeitura contratar financiamento de R$ 1,2 milh\u00e3o para obras em pontos de enchentes - R\u00e1dio Life FM","isPartOf":{"@id":"https:\/\/radiolifefm.com.br\/noticias\/#website"},"primaryImageOfPage":{"@id":"https:\/\/radiolifefm.com.br\/noticias\/camara-autoriza-prefeitura-contratar-financiamento-de-r-12-milhao-para-obras-em-pontos-de-enchentes\/#primaryimage"},"image":{"@id":"https:\/\/radiolifefm.com.br\/noticias\/camara-autoriza-prefeitura-contratar-financiamento-de-r-12-milhao-para-obras-em-pontos-de-enchentes\/#primaryimage"},"thumbnailUrl":"https:\/\/radiolifefm.com.br\/noticias\/wp-content\/uploads\/2021\/03\/pna-lupapng161694042360608d8786c6b.jpg","datePublished":"2021-09-29T11:30:11+00:00","dateModified":"2026-02-07T01:10:56+00:00","breadcrumb":{"@id":"https:\/\/radiolifefm.com.br\/noticias\/camara-autoriza-prefeitura-contratar-financiamento-de-r-12-milhao-para-obras-em-pontos-de-enchentes\/#breadcrumb"},"inLanguage":"pt-BR","potentialAction":[{"@type":"ReadAction","target":["https:\/\/radiolifefm.com.br\/noticias\/camara-autoriza-prefeitura-contratar-financiamento-de-r-12-milhao-para-obras-em-pontos-de-enchentes\/"]}]},{"@type":"ImageObject","inLanguage":"pt-BR","@id":"https:\/\/radiolifefm.com.br\/noticias\/camara-autoriza-prefeitura-contratar-financiamento-de-r-12-milhao-para-obras-em-pontos-de-enchentes\/#primaryimage","url":"https:\/\/radiolifefm.com.br\/noticias\/wp-content\/uploads\/2021\/03\/pna-lupapng161694042360608d8786c6b.jpg","contentUrl":"https:\/\/radiolifefm.com.br\/noticias\/wp-content\/uploads\/2021\/03\/pna-lupapng161694042360608d8786c6b.jpg","width":540,"height":300,"caption":"Coleta de lixo funcionar\u00e1 normalmente na segunda-feira (20) e na ter\u00e7a-feira (21)"},{"@type":"BreadcrumbList","@id":"https:\/\/radiolifefm.com.br\/noticias\/camara-autoriza-prefeitura-contratar-financiamento-de-r-12-milhao-para-obras-em-pontos-de-enchentes\/#breadcrumb","itemListElement":[{"@type":"ListItem","position":1,"name":"In\u00edcio","item":"https:\/\/radiolifefm.com.br\/noticias\/"},{"@type":"ListItem","position":2,"name":"C\u00e2mara autoriza Prefeitura contratar financiamento de R$ 1,2 milh\u00e3o para obras em pontos de enchentes"}]},{"@type":"WebSite","@id":"https:\/\/radiolifefm.com.br\/noticias\/#website","url":"https:\/\/radiolifefm.com.br\/noticias\/","name":"R\u00e1dio Life FM","description":"O Portal de Not\u00edcias de Adamantina","publisher":{"@id":"https:\/\/radiolifefm.com.br\/noticias\/#organization"},"alternateName":"Life FM","potentialAction":[{"@type":"SearchAction","target":{"@type":"EntryPoint","urlTemplate":"https:\/\/radiolifefm.com.br\/noticias\/?s={search_term_string}"},"query-input":{"@type":"PropertyValueSpecification","valueRequired":true,"valueName":"search_term_string"}}],"inLanguage":"pt-BR"},{"@type":"Organization","@id":"https:\/\/radiolifefm.com.br\/noticias\/#organization","name":"R\u00e1dio Life FM","alternateName":"Life FM","url":"https:\/\/radiolifefm.com.br\/noticias\/","logo":{"@type":"ImageObject","inLanguage":"pt-BR","@id":"https:\/\/radiolifefm.com.br\/noticias\/#\/schema\/logo\/image\/","url":"https:\/\/static.radiolifefm.com.br\/noticias\/wp-content\/uploads\/2019\/10\/logo-lifefm.png","contentUrl":"https:\/\/static.radiolifefm.com.br\/noticias\/wp-content\/uploads\/2019\/10\/logo-lifefm.png","width":196,"height":47,"caption":"R\u00e1dio Life FM"},"image":{"@id":"https:\/\/radiolifefm.com.br\/noticias\/#\/schema\/logo\/image\/"},"sameAs":["https:\/\/www.facebook.com\/radiolifefm\/","https:\/\/www.instagram.com\/life1079fm\/"]},{"@type":"Person","@id":"https:\/\/radiolifefm.com.br\/noticias\/#\/schema\/person\/6339b9fac59d12b071dec680d7375d87","name":"ritanery","image":{"@type":"ImageObject","inLanguage":"pt-BR","@id":"https:\/\/secure.gravatar.com\/avatar\/0e37bb19071f47c0b8a23f62a903df117c5a0e75f65a0c2901562f97cd41cf86?s=96&d=mm&r=g","url":"https:\/\/secure.gravatar.com\/avatar\/0e37bb19071f47c0b8a23f62a903df117c5a0e75f65a0c2901562f97cd41cf86?s=96&d=mm&r=g","contentUrl":"https:\/\/secure.gravatar.com\/avatar\/0e37bb19071f47c0b8a23f62a903df117c5a0e75f65a0c2901562f97cd41cf86?s=96&d=mm&r=g","caption":"ritanery"}}]}},"amp_enabled":true,"_links":{"self":[{"href":"https:\/\/radiolifefm.com.br\/noticias\/wp-json\/wp\/v2\/posts\/43401","targetHints":{"allow":["GET"]}}],"collection":[{"href":"https:\/\/radiolifefm.com.br\/noticias\/wp-json\/wp\/v2\/posts"}],"about":[{"href":"https:\/\/radiolifefm.com.br\/noticias\/wp-json\/wp\/v2\/types\/post"}],"author":[{"embeddable":true,"href":"https:\/\/radiolifefm.com.br\/noticias\/wp-json\/wp\/v2\/users\/13"}],"replies":[{"embeddable":true,"href":"https:\/\/radiolifefm.com.br\/noticias\/wp-json\/wp\/v2\/comments?post=43401"}],"version-history":[{"count":2,"href":"https:\/\/radiolifefm.com.br\/noticias\/wp-json\/wp\/v2\/posts\/43401\/revisions"}],"predecessor-version":[{"id":43403,"href":"https:\/\/radiolifefm.com.br\/noticias\/wp-json\/wp\/v2\/posts\/43401\/revisions\/43403"}],"wp:featuredmedia":[{"embeddable":true,"href":"https:\/\/radiolifefm.com.br\/noticias\/wp-json\/wp\/v2\/media\/37049"}],"wp:attachment":[{"href":"https:\/\/radiolifefm.com.br\/noticias\/wp-json\/wp\/v2\/media?parent=43401"}],"wp:term":[{"taxonomy":"category","embeddable":true,"href":"https:\/\/radiolifefm.com.br\/noticias\/wp-json\/wp\/v2\/categories?post=43401"},{"taxonomy":"post_tag","embeddable":true,"href":"https:\/\/radiolifefm.com.br\/noticias\/wp-json\/wp\/v2\/tags?post=43401"}],"curies":[{"name":"wp","href":"https:\/\/api.w.org\/{rel}","templated":true}]}}