{"id":43340,"date":"2021-09-27T21:41:13","date_gmt":"2021-09-28T00:41:13","guid":{"rendered":"https:\/\/radiolifefm.com.br\/noticias\/?p=43340"},"modified":"2026-03-11T11:44:12","modified_gmt":"2026-03-11T14:44:12","slug":"danos-em-luminarias-pode-nao-ser-vandalismo-e-sim-eventual-falha-na-instalacao-ou-nos-dispositivos","status":"publish","type":"post","link":"https:\/\/radiolifefm.com.br\/noticias\/danos-em-luminarias-pode-nao-ser-vandalismo-e-sim-eventual-falha-na-instalacao-ou-nos-dispositivos\/","title":{"rendered":"Danos em lumin\u00e1rias: pode n\u00e3o ser vandalismo, e sim eventual falha na instala\u00e7\u00e3o ou nos dispositivos"},"content":{"rendered":"<div id=\"fb-root\"><\/div>\n<p>Os danos nas novas lumin\u00e1rias led instaladas no Parque Caldeira podem ter outras causas, diferente do que foi inicialmente apontado semana passada, sobre a poss\u00edvel a\u00e7\u00e3o de v\u00e2ndalos. Entre as novas hip\u00f3teses, est\u00e3o eventual falhas na instala\u00e7\u00e3o ou nos dispositivos de ilumina\u00e7\u00e3o ou fixadores, ou ainda a resist\u00eancia f\u00edsica dos equipamentos.<\/p>\n<p>&nbsp;<\/p>\n<p>No local\u00a0<a href=\"https:\/\/www.sigamais.com\/noticias\/cidades\/parque-caldeira-recebe-90-luminarias-led-com-captacao-de-energia-solar\/\"><strong>foram instaladas 90 lumin\u00e1rias<\/strong><\/a>, conforme divulgou a Prefeitura de Adamantina no dia 15 de setembro. Uma semana depois, dia 21, o SIGA MAIS noticiou sobre os\u00a0<a href=\"https:\/\/www.sigamais.com\/noticias\/cidades\/recem-instaladas-10-das-luminarias-led-ja-foram-danificadas-por-vandalos-no-parque-caldeira\/\"><strong>danos em 10% das lumin\u00e1rias<\/strong><\/a>. Naquela data, pela manh\u00e3, a reportagem verificou nove pontos sem os dispositivos de ilumina\u00e7\u00e3o. Um deles foi encontrado pela pr\u00f3pria equipa, ca\u00eddo ao ch\u00e3o, entregue instantes depois no Almoxarifado Municipal.<\/p>\n<p>&nbsp;<\/p>\n<p>Na semana passada, quando o SIGA MAIS notificou sobre os danos em lumin\u00e1rias, tamb\u00e9m mostrou um ponto onde a lumin\u00e1ria instalada apresentava inclina\u00e7\u00e3o, apontando incialmente como uma eventual tentativa de remov\u00ea-la, for\u00e7ando para baixo.<\/p>\n<p>&nbsp;<\/p>\n<p>Todavia, a nova situa\u00e7\u00e3o sinaliza que possa ter ocorrido uma movimenta\u00e7\u00e3o espont\u00e2nea por eventual falha na instala\u00e7\u00e3o, ou sobrepeso com o pouso de p\u00e1ssaro, por exemplo.<\/p>\n<p><img loading=\"lazy\" decoding=\"async\" class=\"alignnone size-full wp-image-43343\" src=\"https:\/\/static.radiolifefm.com.br\/wp-content\/uploads\/sites\/2\/2021\/09\/whatsapp-image-20210927-at-123650-pm-1jpg163276889761521381ac5bf.jpg\" alt=\"\" width=\"1200\" height=\"1600\" srcset=\"https:\/\/radiolifefm.com.br\/noticias\/wp-content\/uploads\/2021\/09\/whatsapp-image-20210927-at-123650-pm-1jpg163276889761521381ac5bf.jpg 1200w, https:\/\/radiolifefm.com.br\/noticias\/wp-content\/uploads\/2021\/09\/whatsapp-image-20210927-at-123650-pm-1jpg163276889761521381ac5bf-225x300.jpg 225w, https:\/\/radiolifefm.com.br\/noticias\/wp-content\/uploads\/2021\/09\/whatsapp-image-20210927-at-123650-pm-1jpg163276889761521381ac5bf-768x1024.jpg 768w, https:\/\/radiolifefm.com.br\/noticias\/wp-content\/uploads\/2021\/09\/whatsapp-image-20210927-at-123650-pm-1jpg163276889761521381ac5bf-1152x1536.jpg 1152w\" sizes=\"auto, (max-width: 1200px) 100vw, 1200px\" \/><\/p>\n<p>Esse quadro de inclina\u00e7\u00e3o das lumin\u00e1rias passou a ser observado em outros pontos do Parque, a partir da semana passada.<\/p>\n<p>&nbsp;<\/p>\n<p>Essa tese acerca da possibilidade de falha na instala\u00e7\u00e3o ou nos dispositivos ganha mais evid\u00eancia a partir de relatos de moradores. Uma fonte relatou a terceiros que caminhava no Parque quando viu uma lumin\u00e1ria acesa cair, sozinha.<\/p>\n<p>&nbsp;<\/p>\n<p>Quest\u00f5es do clima, como as altas temperaturas e ventos tamb\u00e9m s\u00e3o apontados como poss\u00edveis causadores das quedas. A possibilidade de vandalismo, todavia, tamb\u00e9m n\u00e3o est\u00e1 descartada e pode haver casos em que a a\u00e7\u00e3o intencional tenha causado danos.<\/p>\n<p>&nbsp;<\/p>\n<p><strong>Procurada, Prefeitura n\u00e3o se manifesta<\/strong><\/p>\n<p>Depois da publica\u00e7\u00e3o ocorrida na quarta-feira da semana passada, apontando inicialmente o vandalismo como causa dos danos nas lumin\u00e1rias, o SIGA MAIS procurou a Prefeitura de Adamantina. Na \u00faltima quinta-feira (23), \u00e0s 8h25, a reportagem enviou um pedido de informa\u00e7\u00e3o ao poder p\u00fablico municipal, aos endere\u00e7os eletr\u00f4nicos imprensa@adamantina.sp.gov.br, gabineteadt@adamantina.sp.gov.br, obras@adamantina.sp.gov.br e agricultura@adamantina.sp.gov.br, at\u00e9 ent\u00e3o sem resposta.<\/p>\n<p>&nbsp;<\/p>\n<p>No pedido de informa\u00e7\u00f5es n\u00e3o respondido, o SIGA MAIS perguntou:<\/p>\n<p><strong><em>&#8220;1 \u2013 A Prefeitura acredita que os danos tenham sido intencionais, causados por v\u00e2ndalos, ou por algu\u00e9m com interesse de furt\u00e1-las?<\/em><\/strong><\/p>\n<p><strong><em>2 \u2013 Quais medidas a Prefeitura vai tomar em rela\u00e7\u00e3o ao caso, na tentativa de identificar poss\u00edveis respons\u00e1veis? Pretende formalizar ou j\u00e1 formalizou reclama\u00e7\u00e3o policial?<\/em><\/strong><\/p>\n<p><strong><em>3 \u2013 A Prefeitura pretende dispor de algum mecanismo de monitoramento por c\u00e2meras, no local?<\/em><\/strong><\/p>\n<p><strong><em>4 \u2013 O espa\u00e7o tem funcion\u00e1rio durante o dia? E aos finais de semana e per\u00edodo noturno?<\/em><\/strong><\/p>\n<p><strong><em>5 \u2013 A Prefeitura de Adamantina v\u00ea alguma possibilidade de queda de lumin\u00e1rias, seja por desprendimento ou falha no encaixe do dispositivo de ilumina\u00e7\u00e3o \u00e0 haste; vento; ou ainda pouso de p\u00e1ssaros nos dispositivos?<\/em><\/strong><\/p>\n<p><strong><em>6 \u2013 Que crit\u00e9rios a Prefeitura usou para a aquisi\u00e7\u00e3o desse modelo de lumin\u00e1ria?<\/em><\/strong><\/p>\n<p><strong><em>7 \u2013 Na escolha, foram considerados aspectos relacionados ao risco de vandalismo?<\/em><\/strong><\/p>\n<p><strong><em>8 \u2013 Quantas foram, no total, as lumin\u00e1rias adquiridas pela Prefeitura de Adamantina? Qual o valor unit\u00e1rio e total da aquisi\u00e7\u00e3o?<\/em><\/strong><\/p>\n<p><strong><em>9 \u2013 Outras informa\u00e7\u00f5es\/considera\u00e7\u00f5es: livre&#8221;<\/em><\/strong>.<\/p>\n<p>&nbsp;<\/p>\n<p><strong>Prefeitura fez licita\u00e7\u00e3o para aquisi\u00e7\u00e3o de 550 lumin\u00e1rias<\/strong><\/p>\n<p>Sem resposta da Prefeitura, o SIGA MAIS pesquisou nas ferramentas de transpar\u00eancia p\u00fablica\u00a0\u00a0sobre aquisi\u00e7\u00e3o de lumin\u00e1rias e localizou o Preg\u00e3o Presencial para Registro de Pre\u00e7os N\u00ba 31\/2021 &#8211; Edital n\u00ba 54\/2021, com data de 23 de junho, para aquisi\u00e7\u00e3o total de 550 lumin\u00e1rias de ilumina\u00e7\u00e3o p\u00fablica de 60W (no m\u00ednimo) com painel para capta\u00e7\u00e3o de energia solar e bateria; 550 postes + bra\u00e7os em a\u00e7o carbono; e outros 350 refletores de 200W (no m\u00ednimo), conforme especifica\u00e7\u00f5es t\u00e9cnicas que constam no Anexo I do respectivo procedimento licitat\u00f3rio de compra.<\/p>\n<p><img loading=\"lazy\" decoding=\"async\" class=\"alignnone size-full wp-image-43342\" src=\"https:\/\/static.radiolifefm.com.br\/wp-content\/uploads\/sites\/2\/2021\/09\/anexo-1png16327683956152118b52b24.png\" alt=\"\" width=\"590\" height=\"491\" srcset=\"https:\/\/radiolifefm.com.br\/noticias\/wp-content\/uploads\/2021\/09\/anexo-1png16327683956152118b52b24.png 590w, https:\/\/radiolifefm.com.br\/noticias\/wp-content\/uploads\/2021\/09\/anexo-1png16327683956152118b52b24-300x250.png 300w\" sizes=\"auto, (max-width: 590px) 100vw, 590px\" \/><\/p>\n<p>O anexo trata dos aspectos t\u00e9cnicos do dispositivo, durabilidade das lumin\u00e1rias, garantias do fornecedor, entre outras refer\u00eancias. O edital da Prefeitura n\u00e3o menciona normas t\u00e9cnicas, como INMETRO ou Procel, por exemplo\u00a0<a href=\"https:\/\/www.adamantina.sp.gov.br\/?pag=T0RZPU9EYz1PR009T1RrPU9EWT1PVEE9T1dFPQ==&amp;view=LIST-LICIT&amp;modalidade=&amp;ano=2021&amp;situacao=&amp;notIn=&amp;id=1703\"><strong>(acesse aqui o edital completo e anexos)<\/strong><\/a>.<\/p>\n<p>&nbsp;<\/p>\n<p>A realiza\u00e7\u00e3o do preg\u00e3o foi no dia 7 de julho, \u00e0s 8h30, na sala de reuni\u00f5es da Procuradoria Municipal, 4\u00ba andar do pa\u00e7o municipal.<\/p>\n<p>&nbsp;<\/p>\n<p>Conforme a Ata de Registro de Pre\u00e7os n\u00ba 25\/2021\u00a0<strong><a href=\"https:\/\/drive.google.com\/file\/d\/18ox28eTvzeYeDljXFff3YgJX40jVk-ou\/view?usp=sharing\">(acesse aqui<\/a>)<\/strong>, decorrente do Preg\u00e3o, o pre\u00e7o da lumin\u00e1rias de ilumina\u00e7\u00e3o p\u00fablica de 60W ficou em R$ 278,00 a unidade, os postes + bra\u00e7os em R$ 405,00 a unidade e os refletores de 200W em R$ 450,00 a unidade, com valor total de R$ 533.150,00. A ata tem validade de um ano. Durante esse per\u00edodo a Prefeitura pode emitir o pedido de compra, at\u00e9 a quantidade total licitada.<\/p>\n<p><img loading=\"lazy\" decoding=\"async\" class=\"alignnone size-full wp-image-43341\" src=\"https:\/\/static.radiolifefm.com.br\/wp-content\/uploads\/sites\/2\/2021\/09\/empenho1rjpg1632768592615212506955c.jpg\" alt=\"\" width=\"1280\" height=\"564\" srcset=\"https:\/\/radiolifefm.com.br\/noticias\/wp-content\/uploads\/2021\/09\/empenho1rjpg1632768592615212506955c.jpg 1280w, https:\/\/radiolifefm.com.br\/noticias\/wp-content\/uploads\/2021\/09\/empenho1rjpg1632768592615212506955c-300x132.jpg 300w, https:\/\/radiolifefm.com.br\/noticias\/wp-content\/uploads\/2021\/09\/empenho1rjpg1632768592615212506955c-1024x451.jpg 1024w, https:\/\/radiolifefm.com.br\/noticias\/wp-content\/uploads\/2021\/09\/empenho1rjpg1632768592615212506955c-768x338.jpg 768w\" sizes=\"auto, (max-width: 1280px) 100vw, 1280px\" \/><\/p>\n<p>A reportagem do SIGA MAIS localizou a Nota de Empenho N\u00ba 7601\/000, de 29 de julho, com o primeiro pedido ao fornecedor vencedor do Preg\u00e3o, contendo 120 lumin\u00e1rias, 103 postes e 3 refletores, totalizando o pedido o montante de R$ 76.875,00\u00a0<a href=\"https:\/\/drive.google.com\/file\/d\/1_eEpjqJAgYZWMpOlhrLXXz6dfKSUi5Va\/view?usp=sharing\"><strong>(acesse aqui)<\/strong><\/a>. Foram entregues lumin\u00e1rias e refletores da marca YFCT e postes da marca Comatel.<\/p>\n<p>&nbsp;<\/p>\n<p>Fonte: Siga Mais<\/p>\n","protected":false},"excerpt":{"rendered":"<p>Os danos nas novas lumin\u00e1rias led instaladas no Parque Caldeira podem ter outras causas, diferente do que foi inicialmente apontado semana passada, sobre a poss\u00edvel a\u00e7\u00e3o de v\u00e2ndalos. Entre as novas hip\u00f3teses, est\u00e3o eventual falhas na instala\u00e7\u00e3o ou nos dispositivos de ilumina\u00e7\u00e3o ou fixadores, ou ainda a resist\u00eancia f\u00edsica dos equipamentos. &nbsp; No local\u00a0foram instaladas [&hellip;]<\/p>\n","protected":false},"author":13,"featured_media":43344,"comment_status":"closed","ping_status":"open","sticky":false,"template":"","format":"standard","meta":{"_acf_changed":false,"_exactmetrics_skip_tracking":false,"_exactmetrics_sitenote_active":false,"_exactmetrics_sitenote_note":"","_exactmetrics_sitenote_category":0,"footnotes":""},"categories":[21],"tags":[],"class_list":["post-43340","post","type-post","status-publish","format-standard","has-post-thumbnail","hentry","category-adamantina"],"acf":[],"yoast_head":"<!-- This site is optimized with the Yoast SEO plugin v27.2 - https:\/\/yoast.com\/product\/yoast-seo-wordpress\/ -->\n<title>Danos em lumin\u00e1rias: pode n\u00e3o ser vandalismo, e sim eventual falha na instala\u00e7\u00e3o ou nos dispositivos - R\u00e1dio Life FM<\/title>\n<meta name=\"robots\" content=\"index, follow, max-snippet:-1, max-image-preview:large, max-video-preview:-1\" \/>\n<link rel=\"canonical\" href=\"https:\/\/radiolifefm.com.br\/noticias\/danos-em-luminarias-pode-nao-ser-vandalismo-e-sim-eventual-falha-na-instalacao-ou-nos-dispositivos\/\" \/>\n<meta property=\"og:locale\" content=\"pt_BR\" \/>\n<meta property=\"og:type\" content=\"article\" \/>\n<meta property=\"og:title\" content=\"Danos em lumin\u00e1rias: pode n\u00e3o ser vandalismo, e sim eventual falha na instala\u00e7\u00e3o ou nos dispositivos - R\u00e1dio Life FM\" \/>\n<meta property=\"og:description\" content=\"Os danos nas novas lumin\u00e1rias led instaladas no Parque Caldeira podem ter outras causas, diferente do que foi inicialmente apontado semana passada, sobre a poss\u00edvel a\u00e7\u00e3o de v\u00e2ndalos. Entre as novas hip\u00f3teses, est\u00e3o eventual falhas na instala\u00e7\u00e3o ou nos dispositivos de ilumina\u00e7\u00e3o ou fixadores, ou ainda a resist\u00eancia f\u00edsica dos equipamentos. &nbsp; No local\u00a0foram instaladas [&hellip;]\" \/>\n<meta property=\"og:url\" content=\"https:\/\/radiolifefm.com.br\/noticias\/danos-em-luminarias-pode-nao-ser-vandalismo-e-sim-eventual-falha-na-instalacao-ou-nos-dispositivos\/\" \/>\n<meta property=\"og:site_name\" content=\"R\u00e1dio Life FM\" \/>\n<meta property=\"article:publisher\" content=\"https:\/\/www.facebook.com\/radiolifefm\/\" \/>\n<meta property=\"article:published_time\" content=\"2021-09-28T00:41:13+00:00\" \/>\n<meta property=\"article:modified_time\" content=\"2026-03-11T14:44:12+00:00\" \/>\n<meta property=\"og:image\" content=\"https:\/\/radiolifefm.com.br\/noticias\/wp-content\/uploads\/2021\/09\/whatsapp-image-20210927-at-123650-pm-2jpeg163276882461521338e497a.jpeg\" \/>\n\t<meta property=\"og:image:width\" content=\"600\" \/>\n\t<meta property=\"og:image:height\" content=\"337\" \/>\n\t<meta property=\"og:image:type\" content=\"image\/jpeg\" \/>\n<meta name=\"author\" content=\"ritanery\" \/>\n<meta name=\"twitter:card\" content=\"summary_large_image\" \/>\n<meta name=\"twitter:label1\" content=\"Escrito por\" \/>\n\t<meta name=\"twitter:data1\" content=\"ritanery\" \/>\n\t<meta name=\"twitter:label2\" content=\"Est. tempo de leitura\" \/>\n\t<meta name=\"twitter:data2\" content=\"5 minutos\" \/>\n<script type=\"application\/ld+json\" class=\"yoast-schema-graph\">{\"@context\":\"https:\/\/schema.org\",\"@graph\":[{\"@type\":\"Article\",\"@id\":\"https:\/\/radiolifefm.com.br\/noticias\/danos-em-luminarias-pode-nao-ser-vandalismo-e-sim-eventual-falha-na-instalacao-ou-nos-dispositivos\/#article\",\"isPartOf\":{\"@id\":\"https:\/\/radiolifefm.com.br\/noticias\/danos-em-luminarias-pode-nao-ser-vandalismo-e-sim-eventual-falha-na-instalacao-ou-nos-dispositivos\/\"},\"author\":{\"name\":\"ritanery\",\"@id\":\"https:\/\/radiolifefm.com.br\/noticias\/#\/schema\/person\/6339b9fac59d12b071dec680d7375d87\"},\"headline\":\"Danos em lumin\u00e1rias: pode n\u00e3o ser vandalismo, e sim eventual falha na instala\u00e7\u00e3o ou nos dispositivos\",\"datePublished\":\"2021-09-28T00:41:13+00:00\",\"dateModified\":\"2026-03-11T14:44:12+00:00\",\"mainEntityOfPage\":{\"@id\":\"https:\/\/radiolifefm.com.br\/noticias\/danos-em-luminarias-pode-nao-ser-vandalismo-e-sim-eventual-falha-na-instalacao-ou-nos-dispositivos\/\"},\"wordCount\":912,\"publisher\":{\"@id\":\"https:\/\/radiolifefm.com.br\/noticias\/#organization\"},\"image\":{\"@id\":\"https:\/\/radiolifefm.com.br\/noticias\/danos-em-luminarias-pode-nao-ser-vandalismo-e-sim-eventual-falha-na-instalacao-ou-nos-dispositivos\/#primaryimage\"},\"thumbnailUrl\":\"https:\/\/radiolifefm.com.br\/noticias\/wp-content\/uploads\/2021\/09\/whatsapp-image-20210927-at-123650-pm-2jpeg163276882461521338e497a.jpeg\",\"articleSection\":[\"Adamantina\"],\"inLanguage\":\"pt-BR\"},{\"@type\":\"WebPage\",\"@id\":\"https:\/\/radiolifefm.com.br\/noticias\/danos-em-luminarias-pode-nao-ser-vandalismo-e-sim-eventual-falha-na-instalacao-ou-nos-dispositivos\/\",\"url\":\"https:\/\/radiolifefm.com.br\/noticias\/danos-em-luminarias-pode-nao-ser-vandalismo-e-sim-eventual-falha-na-instalacao-ou-nos-dispositivos\/\",\"name\":\"Danos em lumin\u00e1rias: pode n\u00e3o ser vandalismo, e sim eventual falha na instala\u00e7\u00e3o ou nos dispositivos - R\u00e1dio Life FM\",\"isPartOf\":{\"@id\":\"https:\/\/radiolifefm.com.br\/noticias\/#website\"},\"primaryImageOfPage\":{\"@id\":\"https:\/\/radiolifefm.com.br\/noticias\/danos-em-luminarias-pode-nao-ser-vandalismo-e-sim-eventual-falha-na-instalacao-ou-nos-dispositivos\/#primaryimage\"},\"image\":{\"@id\":\"https:\/\/radiolifefm.com.br\/noticias\/danos-em-luminarias-pode-nao-ser-vandalismo-e-sim-eventual-falha-na-instalacao-ou-nos-dispositivos\/#primaryimage\"},\"thumbnailUrl\":\"https:\/\/radiolifefm.com.br\/noticias\/wp-content\/uploads\/2021\/09\/whatsapp-image-20210927-at-123650-pm-2jpeg163276882461521338e497a.jpeg\",\"datePublished\":\"2021-09-28T00:41:13+00:00\",\"dateModified\":\"2026-03-11T14:44:12+00:00\",\"breadcrumb\":{\"@id\":\"https:\/\/radiolifefm.com.br\/noticias\/danos-em-luminarias-pode-nao-ser-vandalismo-e-sim-eventual-falha-na-instalacao-ou-nos-dispositivos\/#breadcrumb\"},\"inLanguage\":\"pt-BR\",\"potentialAction\":[{\"@type\":\"ReadAction\",\"target\":[\"https:\/\/radiolifefm.com.br\/noticias\/danos-em-luminarias-pode-nao-ser-vandalismo-e-sim-eventual-falha-na-instalacao-ou-nos-dispositivos\/\"]}]},{\"@type\":\"ImageObject\",\"inLanguage\":\"pt-BR\",\"@id\":\"https:\/\/radiolifefm.com.br\/noticias\/danos-em-luminarias-pode-nao-ser-vandalismo-e-sim-eventual-falha-na-instalacao-ou-nos-dispositivos\/#primaryimage\",\"url\":\"https:\/\/radiolifefm.com.br\/noticias\/wp-content\/uploads\/2021\/09\/whatsapp-image-20210927-at-123650-pm-2jpeg163276882461521338e497a.jpeg\",\"contentUrl\":\"https:\/\/radiolifefm.com.br\/noticias\/wp-content\/uploads\/2021\/09\/whatsapp-image-20210927-at-123650-pm-2jpeg163276882461521338e497a.jpeg\",\"width\":600,\"height\":337,\"caption\":\"Cada lumin\u00e1ria led com fonte solar custou R$ 278,00 e cada poste + bra\u00e7o em a\u00e7o carbono, R$ 405,00.\"},{\"@type\":\"BreadcrumbList\",\"@id\":\"https:\/\/radiolifefm.com.br\/noticias\/danos-em-luminarias-pode-nao-ser-vandalismo-e-sim-eventual-falha-na-instalacao-ou-nos-dispositivos\/#breadcrumb\",\"itemListElement\":[{\"@type\":\"ListItem\",\"position\":1,\"name\":\"In\u00edcio\",\"item\":\"https:\/\/radiolifefm.com.br\/noticias\/\"},{\"@type\":\"ListItem\",\"position\":2,\"name\":\"Danos em lumin\u00e1rias: pode n\u00e3o ser vandalismo, e sim eventual falha na instala\u00e7\u00e3o ou nos dispositivos\"}]},{\"@type\":\"WebSite\",\"@id\":\"https:\/\/radiolifefm.com.br\/noticias\/#website\",\"url\":\"https:\/\/radiolifefm.com.br\/noticias\/\",\"name\":\"R\u00e1dio Life FM\",\"description\":\"O Portal de Not\u00edcias de Adamantina\",\"publisher\":{\"@id\":\"https:\/\/radiolifefm.com.br\/noticias\/#organization\"},\"alternateName\":\"Life FM\",\"potentialAction\":[{\"@type\":\"SearchAction\",\"target\":{\"@type\":\"EntryPoint\",\"urlTemplate\":\"https:\/\/radiolifefm.com.br\/noticias\/?s={search_term_string}\"},\"query-input\":{\"@type\":\"PropertyValueSpecification\",\"valueRequired\":true,\"valueName\":\"search_term_string\"}}],\"inLanguage\":\"pt-BR\"},{\"@type\":\"Organization\",\"@id\":\"https:\/\/radiolifefm.com.br\/noticias\/#organization\",\"name\":\"R\u00e1dio Life FM\",\"alternateName\":\"Life FM\",\"url\":\"https:\/\/radiolifefm.com.br\/noticias\/\",\"logo\":{\"@type\":\"ImageObject\",\"inLanguage\":\"pt-BR\",\"@id\":\"https:\/\/radiolifefm.com.br\/noticias\/#\/schema\/logo\/image\/\",\"url\":\"https:\/\/static.radiolifefm.com.br\/noticias\/wp-content\/uploads\/2019\/10\/logo-lifefm.png\",\"contentUrl\":\"https:\/\/static.radiolifefm.com.br\/noticias\/wp-content\/uploads\/2019\/10\/logo-lifefm.png\",\"width\":196,\"height\":47,\"caption\":\"R\u00e1dio Life FM\"},\"image\":{\"@id\":\"https:\/\/radiolifefm.com.br\/noticias\/#\/schema\/logo\/image\/\"},\"sameAs\":[\"https:\/\/www.facebook.com\/radiolifefm\/\",\"https:\/\/www.instagram.com\/life1079fm\/\"]},{\"@type\":\"Person\",\"@id\":\"https:\/\/radiolifefm.com.br\/noticias\/#\/schema\/person\/6339b9fac59d12b071dec680d7375d87\",\"name\":\"ritanery\",\"image\":{\"@type\":\"ImageObject\",\"inLanguage\":\"pt-BR\",\"@id\":\"https:\/\/secure.gravatar.com\/avatar\/0e37bb19071f47c0b8a23f62a903df117c5a0e75f65a0c2901562f97cd41cf86?s=96&d=mm&r=g\",\"url\":\"https:\/\/secure.gravatar.com\/avatar\/0e37bb19071f47c0b8a23f62a903df117c5a0e75f65a0c2901562f97cd41cf86?s=96&d=mm&r=g\",\"contentUrl\":\"https:\/\/secure.gravatar.com\/avatar\/0e37bb19071f47c0b8a23f62a903df117c5a0e75f65a0c2901562f97cd41cf86?s=96&d=mm&r=g\",\"caption\":\"ritanery\"}}]}<\/script>\n<!-- \/ Yoast SEO plugin. -->","yoast_head_json":{"title":"Danos em lumin\u00e1rias: pode n\u00e3o ser vandalismo, e sim eventual falha na instala\u00e7\u00e3o ou nos dispositivos - R\u00e1dio Life FM","robots":{"index":"index","follow":"follow","max-snippet":"max-snippet:-1","max-image-preview":"max-image-preview:large","max-video-preview":"max-video-preview:-1"},"canonical":"https:\/\/radiolifefm.com.br\/noticias\/danos-em-luminarias-pode-nao-ser-vandalismo-e-sim-eventual-falha-na-instalacao-ou-nos-dispositivos\/","og_locale":"pt_BR","og_type":"article","og_title":"Danos em lumin\u00e1rias: pode n\u00e3o ser vandalismo, e sim eventual falha na instala\u00e7\u00e3o ou nos dispositivos - R\u00e1dio Life FM","og_description":"Os danos nas novas lumin\u00e1rias led instaladas no Parque Caldeira podem ter outras causas, diferente do que foi inicialmente apontado semana passada, sobre a poss\u00edvel a\u00e7\u00e3o de v\u00e2ndalos. Entre as novas hip\u00f3teses, est\u00e3o eventual falhas na instala\u00e7\u00e3o ou nos dispositivos de ilumina\u00e7\u00e3o ou fixadores, ou ainda a resist\u00eancia f\u00edsica dos equipamentos. &nbsp; No local\u00a0foram instaladas [&hellip;]","og_url":"https:\/\/radiolifefm.com.br\/noticias\/danos-em-luminarias-pode-nao-ser-vandalismo-e-sim-eventual-falha-na-instalacao-ou-nos-dispositivos\/","og_site_name":"R\u00e1dio Life FM","article_publisher":"https:\/\/www.facebook.com\/radiolifefm\/","article_published_time":"2021-09-28T00:41:13+00:00","article_modified_time":"2026-03-11T14:44:12+00:00","og_image":[{"width":600,"height":337,"url":"https:\/\/radiolifefm.com.br\/noticias\/wp-content\/uploads\/2021\/09\/whatsapp-image-20210927-at-123650-pm-2jpeg163276882461521338e497a.jpeg","type":"image\/jpeg"}],"author":"ritanery","twitter_card":"summary_large_image","twitter_misc":{"Escrito por":"ritanery","Est. tempo de leitura":"5 minutos"},"schema":{"@context":"https:\/\/schema.org","@graph":[{"@type":"Article","@id":"https:\/\/radiolifefm.com.br\/noticias\/danos-em-luminarias-pode-nao-ser-vandalismo-e-sim-eventual-falha-na-instalacao-ou-nos-dispositivos\/#article","isPartOf":{"@id":"https:\/\/radiolifefm.com.br\/noticias\/danos-em-luminarias-pode-nao-ser-vandalismo-e-sim-eventual-falha-na-instalacao-ou-nos-dispositivos\/"},"author":{"name":"ritanery","@id":"https:\/\/radiolifefm.com.br\/noticias\/#\/schema\/person\/6339b9fac59d12b071dec680d7375d87"},"headline":"Danos em lumin\u00e1rias: pode n\u00e3o ser vandalismo, e sim eventual falha na instala\u00e7\u00e3o ou nos dispositivos","datePublished":"2021-09-28T00:41:13+00:00","dateModified":"2026-03-11T14:44:12+00:00","mainEntityOfPage":{"@id":"https:\/\/radiolifefm.com.br\/noticias\/danos-em-luminarias-pode-nao-ser-vandalismo-e-sim-eventual-falha-na-instalacao-ou-nos-dispositivos\/"},"wordCount":912,"publisher":{"@id":"https:\/\/radiolifefm.com.br\/noticias\/#organization"},"image":{"@id":"https:\/\/radiolifefm.com.br\/noticias\/danos-em-luminarias-pode-nao-ser-vandalismo-e-sim-eventual-falha-na-instalacao-ou-nos-dispositivos\/#primaryimage"},"thumbnailUrl":"https:\/\/radiolifefm.com.br\/noticias\/wp-content\/uploads\/2021\/09\/whatsapp-image-20210927-at-123650-pm-2jpeg163276882461521338e497a.jpeg","articleSection":["Adamantina"],"inLanguage":"pt-BR"},{"@type":"WebPage","@id":"https:\/\/radiolifefm.com.br\/noticias\/danos-em-luminarias-pode-nao-ser-vandalismo-e-sim-eventual-falha-na-instalacao-ou-nos-dispositivos\/","url":"https:\/\/radiolifefm.com.br\/noticias\/danos-em-luminarias-pode-nao-ser-vandalismo-e-sim-eventual-falha-na-instalacao-ou-nos-dispositivos\/","name":"Danos em lumin\u00e1rias: pode n\u00e3o ser vandalismo, e sim eventual falha na instala\u00e7\u00e3o ou nos dispositivos - R\u00e1dio Life FM","isPartOf":{"@id":"https:\/\/radiolifefm.com.br\/noticias\/#website"},"primaryImageOfPage":{"@id":"https:\/\/radiolifefm.com.br\/noticias\/danos-em-luminarias-pode-nao-ser-vandalismo-e-sim-eventual-falha-na-instalacao-ou-nos-dispositivos\/#primaryimage"},"image":{"@id":"https:\/\/radiolifefm.com.br\/noticias\/danos-em-luminarias-pode-nao-ser-vandalismo-e-sim-eventual-falha-na-instalacao-ou-nos-dispositivos\/#primaryimage"},"thumbnailUrl":"https:\/\/radiolifefm.com.br\/noticias\/wp-content\/uploads\/2021\/09\/whatsapp-image-20210927-at-123650-pm-2jpeg163276882461521338e497a.jpeg","datePublished":"2021-09-28T00:41:13+00:00","dateModified":"2026-03-11T14:44:12+00:00","breadcrumb":{"@id":"https:\/\/radiolifefm.com.br\/noticias\/danos-em-luminarias-pode-nao-ser-vandalismo-e-sim-eventual-falha-na-instalacao-ou-nos-dispositivos\/#breadcrumb"},"inLanguage":"pt-BR","potentialAction":[{"@type":"ReadAction","target":["https:\/\/radiolifefm.com.br\/noticias\/danos-em-luminarias-pode-nao-ser-vandalismo-e-sim-eventual-falha-na-instalacao-ou-nos-dispositivos\/"]}]},{"@type":"ImageObject","inLanguage":"pt-BR","@id":"https:\/\/radiolifefm.com.br\/noticias\/danos-em-luminarias-pode-nao-ser-vandalismo-e-sim-eventual-falha-na-instalacao-ou-nos-dispositivos\/#primaryimage","url":"https:\/\/radiolifefm.com.br\/noticias\/wp-content\/uploads\/2021\/09\/whatsapp-image-20210927-at-123650-pm-2jpeg163276882461521338e497a.jpeg","contentUrl":"https:\/\/radiolifefm.com.br\/noticias\/wp-content\/uploads\/2021\/09\/whatsapp-image-20210927-at-123650-pm-2jpeg163276882461521338e497a.jpeg","width":600,"height":337,"caption":"Cada lumin\u00e1ria led com fonte solar custou R$ 278,00 e cada poste + bra\u00e7o em a\u00e7o carbono, R$ 405,00."},{"@type":"BreadcrumbList","@id":"https:\/\/radiolifefm.com.br\/noticias\/danos-em-luminarias-pode-nao-ser-vandalismo-e-sim-eventual-falha-na-instalacao-ou-nos-dispositivos\/#breadcrumb","itemListElement":[{"@type":"ListItem","position":1,"name":"In\u00edcio","item":"https:\/\/radiolifefm.com.br\/noticias\/"},{"@type":"ListItem","position":2,"name":"Danos em lumin\u00e1rias: pode n\u00e3o ser vandalismo, e sim eventual falha na instala\u00e7\u00e3o ou nos dispositivos"}]},{"@type":"WebSite","@id":"https:\/\/radiolifefm.com.br\/noticias\/#website","url":"https:\/\/radiolifefm.com.br\/noticias\/","name":"R\u00e1dio Life FM","description":"O Portal de Not\u00edcias de Adamantina","publisher":{"@id":"https:\/\/radiolifefm.com.br\/noticias\/#organization"},"alternateName":"Life FM","potentialAction":[{"@type":"SearchAction","target":{"@type":"EntryPoint","urlTemplate":"https:\/\/radiolifefm.com.br\/noticias\/?s={search_term_string}"},"query-input":{"@type":"PropertyValueSpecification","valueRequired":true,"valueName":"search_term_string"}}],"inLanguage":"pt-BR"},{"@type":"Organization","@id":"https:\/\/radiolifefm.com.br\/noticias\/#organization","name":"R\u00e1dio Life FM","alternateName":"Life FM","url":"https:\/\/radiolifefm.com.br\/noticias\/","logo":{"@type":"ImageObject","inLanguage":"pt-BR","@id":"https:\/\/radiolifefm.com.br\/noticias\/#\/schema\/logo\/image\/","url":"https:\/\/static.radiolifefm.com.br\/noticias\/wp-content\/uploads\/2019\/10\/logo-lifefm.png","contentUrl":"https:\/\/static.radiolifefm.com.br\/noticias\/wp-content\/uploads\/2019\/10\/logo-lifefm.png","width":196,"height":47,"caption":"R\u00e1dio Life FM"},"image":{"@id":"https:\/\/radiolifefm.com.br\/noticias\/#\/schema\/logo\/image\/"},"sameAs":["https:\/\/www.facebook.com\/radiolifefm\/","https:\/\/www.instagram.com\/life1079fm\/"]},{"@type":"Person","@id":"https:\/\/radiolifefm.com.br\/noticias\/#\/schema\/person\/6339b9fac59d12b071dec680d7375d87","name":"ritanery","image":{"@type":"ImageObject","inLanguage":"pt-BR","@id":"https:\/\/secure.gravatar.com\/avatar\/0e37bb19071f47c0b8a23f62a903df117c5a0e75f65a0c2901562f97cd41cf86?s=96&d=mm&r=g","url":"https:\/\/secure.gravatar.com\/avatar\/0e37bb19071f47c0b8a23f62a903df117c5a0e75f65a0c2901562f97cd41cf86?s=96&d=mm&r=g","contentUrl":"https:\/\/secure.gravatar.com\/avatar\/0e37bb19071f47c0b8a23f62a903df117c5a0e75f65a0c2901562f97cd41cf86?s=96&d=mm&r=g","caption":"ritanery"}}]}},"amp_enabled":true,"_links":{"self":[{"href":"https:\/\/radiolifefm.com.br\/noticias\/wp-json\/wp\/v2\/posts\/43340","targetHints":{"allow":["GET"]}}],"collection":[{"href":"https:\/\/radiolifefm.com.br\/noticias\/wp-json\/wp\/v2\/posts"}],"about":[{"href":"https:\/\/radiolifefm.com.br\/noticias\/wp-json\/wp\/v2\/types\/post"}],"author":[{"embeddable":true,"href":"https:\/\/radiolifefm.com.br\/noticias\/wp-json\/wp\/v2\/users\/13"}],"replies":[{"embeddable":true,"href":"https:\/\/radiolifefm.com.br\/noticias\/wp-json\/wp\/v2\/comments?post=43340"}],"version-history":[{"count":1,"href":"https:\/\/radiolifefm.com.br\/noticias\/wp-json\/wp\/v2\/posts\/43340\/revisions"}],"predecessor-version":[{"id":43345,"href":"https:\/\/radiolifefm.com.br\/noticias\/wp-json\/wp\/v2\/posts\/43340\/revisions\/43345"}],"wp:featuredmedia":[{"embeddable":true,"href":"https:\/\/radiolifefm.com.br\/noticias\/wp-json\/wp\/v2\/media\/43344"}],"wp:attachment":[{"href":"https:\/\/radiolifefm.com.br\/noticias\/wp-json\/wp\/v2\/media?parent=43340"}],"wp:term":[{"taxonomy":"category","embeddable":true,"href":"https:\/\/radiolifefm.com.br\/noticias\/wp-json\/wp\/v2\/categories?post=43340"},{"taxonomy":"post_tag","embeddable":true,"href":"https:\/\/radiolifefm.com.br\/noticias\/wp-json\/wp\/v2\/tags?post=43340"}],"curies":[{"name":"wp","href":"https:\/\/api.w.org\/{rel}","templated":true}]}}