{"id":43236,"date":"2021-09-25T22:31:39","date_gmt":"2021-09-26T01:31:39","guid":{"rendered":"https:\/\/radiolifefm.com.br\/noticias\/?p=43236"},"modified":"2026-04-09T16:39:14","modified_gmt":"2026-04-09T19:39:14","slug":"saudades-eternas","status":"publish","type":"post","link":"https:\/\/radiolifefm.com.br\/noticias\/saudades-eternas\/","title":{"rendered":"Saudades eternas"},"content":{"rendered":"<div id=\"fb-root\"><\/div>\n<p>A feliz conviv\u00eancia que sempre mantivemos com a Jurema fez com que ela n\u00e3o se ausentasse de nosso conv\u00edvio.<\/p>\n<p>&nbsp;<\/p>\n<p>A mem\u00f3ria dela permanece em nossas lembran\u00e7as de uma forma doce, am\u00e1vel, muito agrad\u00e1vel.<\/p>\n<p>&nbsp;<\/p>\n<p>Como esquecer das vitrines que ela idealizava relembrando um acontecimento ou as elabora\u00e7\u00f5es de pain\u00e9is que eram expostos homenageando as autoridades.<\/p>\n<p>&nbsp;<\/p>\n<p>As recep\u00e7\u00f5es proporcionadas aos mesmos, foram momentos inesquec\u00edveis em que cada um dava o melhor de si, na mais perfeita harmonia, afim de alcan\u00e7ar o objetivo desejado.<\/p>\n<p>&nbsp;<\/p>\n<p>A forma com que ela compartilhava as conquistas com todos os funcion\u00e1rios da biblioteca.<\/p>\n<p>&nbsp;<\/p>\n<p>Aquele sorriso permanente que abrilhantava o clima de paz reinante entre todos.<\/p>\n<p>O seu zelo pelos frequentadores, onde o acolhimento era primordial.<\/p>\n<p>&nbsp;<\/p>\n<p>As suas ocupa\u00e7\u00f5es di\u00e1rias com os livros, afim de que os mesmos fossem inseridos e conservados no acervo na mais perfeita dedica\u00e7\u00e3o.<\/p>\n<p>&nbsp;<\/p>\n<p>A preocupa\u00e7\u00e3o para o aprimoramento de seus conhecimentos para serem aplicados no trabalho fazia com que ela participasse constantemente de capacita\u00e7\u00f5es ocorridas na regi\u00e3o.<\/p>\n<p>&nbsp;<\/p>\n<p>O seu amor pelos livros e pela biblioteca era vis\u00edvel e palp\u00e1vel, porque n\u00e3o lhe faltavam vontade, disposi\u00e7\u00e3o, coragem, empenho, carinho, dedica\u00e7\u00e3o, atitude e a alegria de fazer acontecer.<\/p>\n<p>&nbsp;<\/p>\n<p>E n\u00f3s que convivemos com a Jurema, lhe prestamos esta simples homenagem.<\/p>\n<p>Simples como ela sempre foi.<\/p>\n<p>&nbsp;<\/p>\n<p>Isto porque, o que sentimos tem um nome: Saudade.<\/p>\n<p>&nbsp;<\/p>\n<p>Quem conviveu com a Jurema jamais esquecer\u00e1 do seu sorriso e do seu carinhoso abra\u00e7o.<\/p>\n<p>&nbsp;<\/p>\n<p>Texto \u2013 Jo\u00e3o Passarinho<\/p>\n<p>JUREMA GOMES MOREIRA CITELI<\/p>\n<ul>\n<li>19\/03\/1953 + 25\/09\/2020<\/li>\n<\/ul>\n<p>Homenagem da SECRETARIA DE CULTURA E TURISMO DE ADAMANTINA<\/p>\n<p>&nbsp;<\/p>\n","protected":false},"excerpt":{"rendered":"<p>A feliz conviv\u00eancia que sempre mantivemos com a Jurema fez com que ela n\u00e3o se ausentasse de nosso conv\u00edvio. &nbsp; A mem\u00f3ria dela permanece em nossas lembran\u00e7as de uma forma doce, am\u00e1vel, muito agrad\u00e1vel. &nbsp; Como esquecer das vitrines que ela idealizava relembrando um acontecimento ou as elabora\u00e7\u00f5es de pain\u00e9is que eram expostos homenageando as [&hellip;]<\/p>\n","protected":false},"author":13,"featured_media":43237,"comment_status":"closed","ping_status":"open","sticky":false,"template":"","format":"standard","meta":{"_acf_changed":false,"_exactmetrics_skip_tracking":false,"_exactmetrics_sitenote_active":false,"_exactmetrics_sitenote_note":"","_exactmetrics_sitenote_category":0,"footnotes":""},"categories":[21],"tags":[],"class_list":["post-43236","post","type-post","status-publish","format-standard","has-post-thumbnail","hentry","category-adamantina"],"acf":[],"yoast_head":"<!-- This site is optimized with the Yoast SEO plugin v27.2 - https:\/\/yoast.com\/product\/yoast-seo-wordpress\/ -->\n<title>Saudades eternas - R\u00e1dio Life FM<\/title>\n<meta name=\"robots\" content=\"index, follow, max-snippet:-1, max-image-preview:large, max-video-preview:-1\" \/>\n<link rel=\"canonical\" href=\"https:\/\/radiolifefm.com.br\/noticias\/saudades-eternas\/\" \/>\n<meta property=\"og:locale\" content=\"pt_BR\" \/>\n<meta property=\"og:type\" content=\"article\" \/>\n<meta property=\"og:title\" content=\"Saudades eternas - R\u00e1dio Life FM\" \/>\n<meta property=\"og:description\" content=\"A feliz conviv\u00eancia que sempre mantivemos com a Jurema fez com que ela n\u00e3o se ausentasse de nosso conv\u00edvio. &nbsp; A mem\u00f3ria dela permanece em nossas lembran\u00e7as de uma forma doce, am\u00e1vel, muito agrad\u00e1vel. &nbsp; Como esquecer das vitrines que ela idealizava relembrando um acontecimento ou as elabora\u00e7\u00f5es de pain\u00e9is que eram expostos homenageando as [&hellip;]\" \/>\n<meta property=\"og:url\" content=\"https:\/\/radiolifefm.com.br\/noticias\/saudades-eternas\/\" \/>\n<meta property=\"og:site_name\" content=\"R\u00e1dio Life FM\" \/>\n<meta property=\"article:publisher\" content=\"https:\/\/www.facebook.com\/radiolifefm\/\" \/>\n<meta property=\"article:published_time\" content=\"2021-09-26T01:31:39+00:00\" \/>\n<meta property=\"article:modified_time\" content=\"2026-04-09T19:39:14+00:00\" \/>\n<meta property=\"og:image\" content=\"https:\/\/radiolifefm.com.br\/noticias\/wp-content\/uploads\/2021\/09\/243031840_240359714715923_5780062068092454508_n.jpg\" \/>\n\t<meta property=\"og:image:width\" content=\"456\" \/>\n\t<meta property=\"og:image:height\" content=\"258\" \/>\n\t<meta property=\"og:image:type\" content=\"image\/jpeg\" \/>\n<meta name=\"author\" content=\"ritanery\" \/>\n<meta name=\"twitter:card\" content=\"summary_large_image\" \/>\n<meta name=\"twitter:label1\" content=\"Escrito por\" \/>\n\t<meta name=\"twitter:data1\" content=\"ritanery\" \/>\n\t<meta name=\"twitter:label2\" content=\"Est. tempo de leitura\" \/>\n\t<meta name=\"twitter:data2\" content=\"2 minutos\" \/>\n<script type=\"application\/ld+json\" class=\"yoast-schema-graph\">{\"@context\":\"https:\/\/schema.org\",\"@graph\":[{\"@type\":\"Article\",\"@id\":\"https:\/\/radiolifefm.com.br\/noticias\/saudades-eternas\/#article\",\"isPartOf\":{\"@id\":\"https:\/\/radiolifefm.com.br\/noticias\/saudades-eternas\/\"},\"author\":{\"name\":\"ritanery\",\"@id\":\"https:\/\/radiolifefm.com.br\/noticias\/#\/schema\/person\/6339b9fac59d12b071dec680d7375d87\"},\"headline\":\"Saudades eternas\",\"datePublished\":\"2021-09-26T01:31:39+00:00\",\"dateModified\":\"2026-04-09T19:39:14+00:00\",\"mainEntityOfPage\":{\"@id\":\"https:\/\/radiolifefm.com.br\/noticias\/saudades-eternas\/\"},\"wordCount\":291,\"publisher\":{\"@id\":\"https:\/\/radiolifefm.com.br\/noticias\/#organization\"},\"image\":{\"@id\":\"https:\/\/radiolifefm.com.br\/noticias\/saudades-eternas\/#primaryimage\"},\"thumbnailUrl\":\"https:\/\/radiolifefm.com.br\/noticias\/wp-content\/uploads\/2021\/09\/243031840_240359714715923_5780062068092454508_n.jpg\",\"articleSection\":[\"Adamantina\"],\"inLanguage\":\"pt-BR\"},{\"@type\":\"WebPage\",\"@id\":\"https:\/\/radiolifefm.com.br\/noticias\/saudades-eternas\/\",\"url\":\"https:\/\/radiolifefm.com.br\/noticias\/saudades-eternas\/\",\"name\":\"Saudades eternas - R\u00e1dio Life FM\",\"isPartOf\":{\"@id\":\"https:\/\/radiolifefm.com.br\/noticias\/#website\"},\"primaryImageOfPage\":{\"@id\":\"https:\/\/radiolifefm.com.br\/noticias\/saudades-eternas\/#primaryimage\"},\"image\":{\"@id\":\"https:\/\/radiolifefm.com.br\/noticias\/saudades-eternas\/#primaryimage\"},\"thumbnailUrl\":\"https:\/\/radiolifefm.com.br\/noticias\/wp-content\/uploads\/2021\/09\/243031840_240359714715923_5780062068092454508_n.jpg\",\"datePublished\":\"2021-09-26T01:31:39+00:00\",\"dateModified\":\"2026-04-09T19:39:14+00:00\",\"breadcrumb\":{\"@id\":\"https:\/\/radiolifefm.com.br\/noticias\/saudades-eternas\/#breadcrumb\"},\"inLanguage\":\"pt-BR\",\"potentialAction\":[{\"@type\":\"ReadAction\",\"target\":[\"https:\/\/radiolifefm.com.br\/noticias\/saudades-eternas\/\"]}]},{\"@type\":\"ImageObject\",\"inLanguage\":\"pt-BR\",\"@id\":\"https:\/\/radiolifefm.com.br\/noticias\/saudades-eternas\/#primaryimage\",\"url\":\"https:\/\/radiolifefm.com.br\/noticias\/wp-content\/uploads\/2021\/09\/243031840_240359714715923_5780062068092454508_n.jpg\",\"contentUrl\":\"https:\/\/radiolifefm.com.br\/noticias\/wp-content\/uploads\/2021\/09\/243031840_240359714715923_5780062068092454508_n.jpg\",\"width\":456,\"height\":258},{\"@type\":\"BreadcrumbList\",\"@id\":\"https:\/\/radiolifefm.com.br\/noticias\/saudades-eternas\/#breadcrumb\",\"itemListElement\":[{\"@type\":\"ListItem\",\"position\":1,\"name\":\"In\u00edcio\",\"item\":\"https:\/\/radiolifefm.com.br\/noticias\/\"},{\"@type\":\"ListItem\",\"position\":2,\"name\":\"Saudades eternas\"}]},{\"@type\":\"WebSite\",\"@id\":\"https:\/\/radiolifefm.com.br\/noticias\/#website\",\"url\":\"https:\/\/radiolifefm.com.br\/noticias\/\",\"name\":\"R\u00e1dio Life FM\",\"description\":\"O Portal de Not\u00edcias de Adamantina\",\"publisher\":{\"@id\":\"https:\/\/radiolifefm.com.br\/noticias\/#organization\"},\"alternateName\":\"Life FM\",\"potentialAction\":[{\"@type\":\"SearchAction\",\"target\":{\"@type\":\"EntryPoint\",\"urlTemplate\":\"https:\/\/radiolifefm.com.br\/noticias\/?s={search_term_string}\"},\"query-input\":{\"@type\":\"PropertyValueSpecification\",\"valueRequired\":true,\"valueName\":\"search_term_string\"}}],\"inLanguage\":\"pt-BR\"},{\"@type\":\"Organization\",\"@id\":\"https:\/\/radiolifefm.com.br\/noticias\/#organization\",\"name\":\"R\u00e1dio Life FM\",\"alternateName\":\"Life FM\",\"url\":\"https:\/\/radiolifefm.com.br\/noticias\/\",\"logo\":{\"@type\":\"ImageObject\",\"inLanguage\":\"pt-BR\",\"@id\":\"https:\/\/radiolifefm.com.br\/noticias\/#\/schema\/logo\/image\/\",\"url\":\"https:\/\/static.radiolifefm.com.br\/noticias\/wp-content\/uploads\/2019\/10\/logo-lifefm.png\",\"contentUrl\":\"https:\/\/static.radiolifefm.com.br\/noticias\/wp-content\/uploads\/2019\/10\/logo-lifefm.png\",\"width\":196,\"height\":47,\"caption\":\"R\u00e1dio Life FM\"},\"image\":{\"@id\":\"https:\/\/radiolifefm.com.br\/noticias\/#\/schema\/logo\/image\/\"},\"sameAs\":[\"https:\/\/www.facebook.com\/radiolifefm\/\",\"https:\/\/www.instagram.com\/life1079fm\/\"]},{\"@type\":\"Person\",\"@id\":\"https:\/\/radiolifefm.com.br\/noticias\/#\/schema\/person\/6339b9fac59d12b071dec680d7375d87\",\"name\":\"ritanery\",\"image\":{\"@type\":\"ImageObject\",\"inLanguage\":\"pt-BR\",\"@id\":\"https:\/\/secure.gravatar.com\/avatar\/0e37bb19071f47c0b8a23f62a903df117c5a0e75f65a0c2901562f97cd41cf86?s=96&d=mm&r=g\",\"url\":\"https:\/\/secure.gravatar.com\/avatar\/0e37bb19071f47c0b8a23f62a903df117c5a0e75f65a0c2901562f97cd41cf86?s=96&d=mm&r=g\",\"contentUrl\":\"https:\/\/secure.gravatar.com\/avatar\/0e37bb19071f47c0b8a23f62a903df117c5a0e75f65a0c2901562f97cd41cf86?s=96&d=mm&r=g\",\"caption\":\"ritanery\"}}]}<\/script>\n<!-- \/ Yoast SEO plugin. -->","yoast_head_json":{"title":"Saudades eternas - R\u00e1dio Life FM","robots":{"index":"index","follow":"follow","max-snippet":"max-snippet:-1","max-image-preview":"max-image-preview:large","max-video-preview":"max-video-preview:-1"},"canonical":"https:\/\/radiolifefm.com.br\/noticias\/saudades-eternas\/","og_locale":"pt_BR","og_type":"article","og_title":"Saudades eternas - R\u00e1dio Life FM","og_description":"A feliz conviv\u00eancia que sempre mantivemos com a Jurema fez com que ela n\u00e3o se ausentasse de nosso conv\u00edvio. &nbsp; A mem\u00f3ria dela permanece em nossas lembran\u00e7as de uma forma doce, am\u00e1vel, muito agrad\u00e1vel. &nbsp; Como esquecer das vitrines que ela idealizava relembrando um acontecimento ou as elabora\u00e7\u00f5es de pain\u00e9is que eram expostos homenageando as [&hellip;]","og_url":"https:\/\/radiolifefm.com.br\/noticias\/saudades-eternas\/","og_site_name":"R\u00e1dio Life FM","article_publisher":"https:\/\/www.facebook.com\/radiolifefm\/","article_published_time":"2021-09-26T01:31:39+00:00","article_modified_time":"2026-04-09T19:39:14+00:00","og_image":[{"width":456,"height":258,"url":"https:\/\/radiolifefm.com.br\/noticias\/wp-content\/uploads\/2021\/09\/243031840_240359714715923_5780062068092454508_n.jpg","type":"image\/jpeg"}],"author":"ritanery","twitter_card":"summary_large_image","twitter_misc":{"Escrito por":"ritanery","Est. tempo de leitura":"2 minutos"},"schema":{"@context":"https:\/\/schema.org","@graph":[{"@type":"Article","@id":"https:\/\/radiolifefm.com.br\/noticias\/saudades-eternas\/#article","isPartOf":{"@id":"https:\/\/radiolifefm.com.br\/noticias\/saudades-eternas\/"},"author":{"name":"ritanery","@id":"https:\/\/radiolifefm.com.br\/noticias\/#\/schema\/person\/6339b9fac59d12b071dec680d7375d87"},"headline":"Saudades eternas","datePublished":"2021-09-26T01:31:39+00:00","dateModified":"2026-04-09T19:39:14+00:00","mainEntityOfPage":{"@id":"https:\/\/radiolifefm.com.br\/noticias\/saudades-eternas\/"},"wordCount":291,"publisher":{"@id":"https:\/\/radiolifefm.com.br\/noticias\/#organization"},"image":{"@id":"https:\/\/radiolifefm.com.br\/noticias\/saudades-eternas\/#primaryimage"},"thumbnailUrl":"https:\/\/radiolifefm.com.br\/noticias\/wp-content\/uploads\/2021\/09\/243031840_240359714715923_5780062068092454508_n.jpg","articleSection":["Adamantina"],"inLanguage":"pt-BR"},{"@type":"WebPage","@id":"https:\/\/radiolifefm.com.br\/noticias\/saudades-eternas\/","url":"https:\/\/radiolifefm.com.br\/noticias\/saudades-eternas\/","name":"Saudades eternas - R\u00e1dio Life FM","isPartOf":{"@id":"https:\/\/radiolifefm.com.br\/noticias\/#website"},"primaryImageOfPage":{"@id":"https:\/\/radiolifefm.com.br\/noticias\/saudades-eternas\/#primaryimage"},"image":{"@id":"https:\/\/radiolifefm.com.br\/noticias\/saudades-eternas\/#primaryimage"},"thumbnailUrl":"https:\/\/radiolifefm.com.br\/noticias\/wp-content\/uploads\/2021\/09\/243031840_240359714715923_5780062068092454508_n.jpg","datePublished":"2021-09-26T01:31:39+00:00","dateModified":"2026-04-09T19:39:14+00:00","breadcrumb":{"@id":"https:\/\/radiolifefm.com.br\/noticias\/saudades-eternas\/#breadcrumb"},"inLanguage":"pt-BR","potentialAction":[{"@type":"ReadAction","target":["https:\/\/radiolifefm.com.br\/noticias\/saudades-eternas\/"]}]},{"@type":"ImageObject","inLanguage":"pt-BR","@id":"https:\/\/radiolifefm.com.br\/noticias\/saudades-eternas\/#primaryimage","url":"https:\/\/radiolifefm.com.br\/noticias\/wp-content\/uploads\/2021\/09\/243031840_240359714715923_5780062068092454508_n.jpg","contentUrl":"https:\/\/radiolifefm.com.br\/noticias\/wp-content\/uploads\/2021\/09\/243031840_240359714715923_5780062068092454508_n.jpg","width":456,"height":258},{"@type":"BreadcrumbList","@id":"https:\/\/radiolifefm.com.br\/noticias\/saudades-eternas\/#breadcrumb","itemListElement":[{"@type":"ListItem","position":1,"name":"In\u00edcio","item":"https:\/\/radiolifefm.com.br\/noticias\/"},{"@type":"ListItem","position":2,"name":"Saudades eternas"}]},{"@type":"WebSite","@id":"https:\/\/radiolifefm.com.br\/noticias\/#website","url":"https:\/\/radiolifefm.com.br\/noticias\/","name":"R\u00e1dio Life FM","description":"O Portal de Not\u00edcias de Adamantina","publisher":{"@id":"https:\/\/radiolifefm.com.br\/noticias\/#organization"},"alternateName":"Life FM","potentialAction":[{"@type":"SearchAction","target":{"@type":"EntryPoint","urlTemplate":"https:\/\/radiolifefm.com.br\/noticias\/?s={search_term_string}"},"query-input":{"@type":"PropertyValueSpecification","valueRequired":true,"valueName":"search_term_string"}}],"inLanguage":"pt-BR"},{"@type":"Organization","@id":"https:\/\/radiolifefm.com.br\/noticias\/#organization","name":"R\u00e1dio Life FM","alternateName":"Life FM","url":"https:\/\/radiolifefm.com.br\/noticias\/","logo":{"@type":"ImageObject","inLanguage":"pt-BR","@id":"https:\/\/radiolifefm.com.br\/noticias\/#\/schema\/logo\/image\/","url":"https:\/\/static.radiolifefm.com.br\/noticias\/wp-content\/uploads\/2019\/10\/logo-lifefm.png","contentUrl":"https:\/\/static.radiolifefm.com.br\/noticias\/wp-content\/uploads\/2019\/10\/logo-lifefm.png","width":196,"height":47,"caption":"R\u00e1dio Life FM"},"image":{"@id":"https:\/\/radiolifefm.com.br\/noticias\/#\/schema\/logo\/image\/"},"sameAs":["https:\/\/www.facebook.com\/radiolifefm\/","https:\/\/www.instagram.com\/life1079fm\/"]},{"@type":"Person","@id":"https:\/\/radiolifefm.com.br\/noticias\/#\/schema\/person\/6339b9fac59d12b071dec680d7375d87","name":"ritanery","image":{"@type":"ImageObject","inLanguage":"pt-BR","@id":"https:\/\/secure.gravatar.com\/avatar\/0e37bb19071f47c0b8a23f62a903df117c5a0e75f65a0c2901562f97cd41cf86?s=96&d=mm&r=g","url":"https:\/\/secure.gravatar.com\/avatar\/0e37bb19071f47c0b8a23f62a903df117c5a0e75f65a0c2901562f97cd41cf86?s=96&d=mm&r=g","contentUrl":"https:\/\/secure.gravatar.com\/avatar\/0e37bb19071f47c0b8a23f62a903df117c5a0e75f65a0c2901562f97cd41cf86?s=96&d=mm&r=g","caption":"ritanery"}}]}},"amp_enabled":true,"_links":{"self":[{"href":"https:\/\/radiolifefm.com.br\/noticias\/wp-json\/wp\/v2\/posts\/43236","targetHints":{"allow":["GET"]}}],"collection":[{"href":"https:\/\/radiolifefm.com.br\/noticias\/wp-json\/wp\/v2\/posts"}],"about":[{"href":"https:\/\/radiolifefm.com.br\/noticias\/wp-json\/wp\/v2\/types\/post"}],"author":[{"embeddable":true,"href":"https:\/\/radiolifefm.com.br\/noticias\/wp-json\/wp\/v2\/users\/13"}],"replies":[{"embeddable":true,"href":"https:\/\/radiolifefm.com.br\/noticias\/wp-json\/wp\/v2\/comments?post=43236"}],"version-history":[{"count":2,"href":"https:\/\/radiolifefm.com.br\/noticias\/wp-json\/wp\/v2\/posts\/43236\/revisions"}],"predecessor-version":[{"id":43239,"href":"https:\/\/radiolifefm.com.br\/noticias\/wp-json\/wp\/v2\/posts\/43236\/revisions\/43239"}],"wp:featuredmedia":[{"embeddable":true,"href":"https:\/\/radiolifefm.com.br\/noticias\/wp-json\/wp\/v2\/media\/43237"}],"wp:attachment":[{"href":"https:\/\/radiolifefm.com.br\/noticias\/wp-json\/wp\/v2\/media?parent=43236"}],"wp:term":[{"taxonomy":"category","embeddable":true,"href":"https:\/\/radiolifefm.com.br\/noticias\/wp-json\/wp\/v2\/categories?post=43236"},{"taxonomy":"post_tag","embeddable":true,"href":"https:\/\/radiolifefm.com.br\/noticias\/wp-json\/wp\/v2\/tags?post=43236"}],"curies":[{"name":"wp","href":"https:\/\/api.w.org\/{rel}","templated":true}]}}