{"id":43212,"date":"2021-09-25T08:18:08","date_gmt":"2021-09-25T11:18:08","guid":{"rendered":"https:\/\/radiolifefm.com.br\/noticias\/?p=43212"},"modified":"2026-04-18T00:53:55","modified_gmt":"2026-04-18T03:53:55","slug":"vai-e-vem-moradores-relatam-dificuldades-para-ter-acesso-a-vacinacao-saude-se-posiciona-em-nota","status":"publish","type":"post","link":"https:\/\/radiolifefm.com.br\/noticias\/vai-e-vem-moradores-relatam-dificuldades-para-ter-acesso-a-vacinacao-saude-se-posiciona-em-nota\/","title":{"rendered":"Vai e vem: moradores relatam dificuldades para ter acesso \u00e0 vacina\u00e7\u00e3o; Sa\u00fade se posiciona em nota"},"content":{"rendered":"<div id=\"fb-root\"><\/div>\n<p>Nas \u00faltimas semanas, nas redes sociais, moradores de Adamantina t\u00eam publicado reclama\u00e7\u00f5es sobre dificuldades no acesso \u00e0 vacina\u00e7\u00e3o contra a Covid-19. A dificuldade ocorre sobretudo para quem tem segunda dose para receber, como tamb\u00e9m \u00e0queles idosos que buscam pela dose de refor\u00e7o.<\/p>\n<p>&nbsp;<\/p>\n<p>Na pr\u00e1tica, os moradores dizem que se dirigem ao CIS (Centro Integrado de Sa\u00fade) e s\u00e3o orientados a aguardar o agrupamento de uma certa quantidade de pessoas, para t\u00e3o somente haver a abertura do frasco do imunizante e sua aplica\u00e7\u00e3o.<\/p>\n<p>&nbsp;<\/p>\n<p>Por\u00e9m, dentro dessa orienta\u00e7\u00e3o, h\u00e1 moradores que se dirigem ao CIS, no per\u00edodo da tarde \u2013 dentro do hor\u00e1rio de vacina\u00e7\u00e3o divulgado pela Prefeitura de Adamantina \u2013 e s\u00e3o dispensados: voltam para casa sem serem vacinados, sob a alega\u00e7\u00e3o de que n\u00e3o formou um grupo em quantidade suficiente para abertura de uma embalagem do imunizante.<\/p>\n<p>Um dos relatos, nas redes sociais, \u00e9 da moradora Edna Delgado. Ela descreveu as dificuldades encontradas na semana passada para imunizar sua sogra de 88 anos, com a terceira dose, de refor\u00e7o. Mesmo sendo uma postagem p\u00fablica, o SIGA MAIS fez contato com a moradora, que autorizou a reprodu\u00e7\u00e3o do deu desabafo. Leia na \u00edntegra:<\/p>\n<p>&nbsp;<\/p>\n<p><em>\u201cQuero registrar aqui minha indigna\u00e7\u00e3o pela maneira como est\u00e1 sendo administrada a aplica\u00e7\u00e3o da vacina. Levei minha sogra com 88 anos de idade e com dificuldades para se locomover, no dia 15\/09 as 16h30 e me foi solicitado que voltasse no outro dia pois teria que ter 10 pessoas para vacinar para abrir um novo frasco da vacina e at\u00e9 17 h, que \u00e9 o hor\u00e1rio determinado, provavelmente n\u00e3o completaria.<\/em><\/p>\n<p>&nbsp;<\/p>\n<p><em>Retornei no dia 17\/09, \u00e0s 15h, e mais uma vez n\u00e3o tinha 10 pessoas para abrir um novo frasco da vacina, tinha apenas uma. Ficamos aguardando at\u00e9 15h40, no sol, calor, e chegaram mais duas pessoas para vacinar e n\u00e3o abriram um novo frasco, sendo que ap\u00f3s aberto, pode ficar at\u00e9 6 horas conforme informa\u00e7\u00e3o da pr\u00f3pria enfermeira.<\/em><\/p>\n<p>&nbsp;<\/p>\n<p><em>Mais uma vez fomos embora sem ter aplicado a vacina. Est\u00e1 certo isso? Uma pessoa com 88 anos de idade e dificuldade para se locomover\u201d.<\/em><\/p>\n<p>&nbsp;<\/p>\n<p>No desfecho, a idosa foi vacinada em sua resid\u00eancia. Edna disse nesta sexta-feira (24) ao SIGA MAIS que fez contato com a equipe do Posto de Sa\u00fade da rua Nove de Julho, onde a idosa est\u00e1 vinculada, e uma equipe foi at\u00e9 o local onde mora, para aplica\u00e7\u00e3o da dose de refor\u00e7o, o que ocorreu na ter\u00e7a-feira (21).<\/p>\n<p>&nbsp;<\/p>\n<p><strong>Posi\u00e7\u00e3o da Prefeitura de Adamantina<\/strong><\/p>\n<p>Sobre o tema, o SIGA MAIS fez contato com a Prefeitura de Adamantina. Em nota, o poder p\u00fablico municipal, via Secretaria Municipal de Sa\u00fade, explicou que o procedimento \u00e9 adotado para evitar sobras e perdas de doses do imunizante. \u201cDe acordo com a pasta, os frascos s\u00e3o de 6 doses para Pfizer, 5 doses de Astrazeneca e 10 doses do Butantan e, por esse motivo, como a orienta\u00e7\u00e3o recebida pelo Governo do Estado \u00e9 para n\u00e3o desperdi\u00e7ar as doses, pois o desperd\u00edcio precisa ser justificado, \u00e9 necess\u00e1rio ter a quantidade certa para a abertura do frasco. Devido a isso, a pasta tem ligado para os faltosos e verificado a possibilidade de chegada para que a vacina seja aberta e aplicada\u201d, informa.<\/p>\n<p>&nbsp;<\/p>\n<p><strong>Situa\u00e7\u00e3o atual da imuniza\u00e7\u00e3o em Adamantina<\/strong><\/p>\n<p>&nbsp;<\/p>\n<p>Em recente\u00a0<a href=\"https:\/\/www.sigamais.com\/noticias\/coronavirus\/covid19-dose-de-reforco-da-vacina-sera-aplicada-em-idosos-de-80-a-84-anos-nesta-semana\/\"><strong>comunicado<\/strong>\u00a0<\/a>\u00e0 imprensa, a Prefeitura de Adamantina atualizou dados sobre a vacina\u00e7\u00e3o contra a Covid-19 na cidade.<\/p>\n<p>&nbsp;<\/p>\n<p>Atualmente, desde segunda-feira (20), os idosos que t\u00eam entre 80 e 84 anos e imunossuprimidos podem receber a dose adicional. Aqueles de 85 anos, e acima, j\u00e1 chamados, tamb\u00e9m podem buscar pelas doses de refor\u00e7o.<\/p>\n<p>&nbsp;<\/p>\n<p>Ainda conforme o mesmo comunicado, a terceira dose deve ser aplicada de 27 de setembro a 3 de outubro nas pessoas que tem de 70 a 79 anos e do dia 4 ao dia 10 de outubro em quem tem mais de 60 anos.<\/p>\n<p>&nbsp;<\/p>\n<p>A vacina\u00e7\u00e3o para faltosos, seja em primeira ou segunda dose, para adultos e adolescentes, tamb\u00e9m ocorre no CIS, de segunda a sexta, das 12h \u00e0s 17h.<\/p>\n<p>&nbsp;<\/p>\n<p>&nbsp;<\/p>\n<p>Fonte: Siga Mais<\/p>\n","protected":false},"excerpt":{"rendered":"<p>Nas \u00faltimas semanas, nas redes sociais, moradores de Adamantina t\u00eam publicado reclama\u00e7\u00f5es sobre dificuldades no acesso \u00e0 vacina\u00e7\u00e3o contra a Covid-19. A dificuldade ocorre sobretudo para quem tem segunda dose para receber, como tamb\u00e9m \u00e0queles idosos que buscam pela dose de refor\u00e7o. &nbsp; Na pr\u00e1tica, os moradores dizem que se dirigem ao CIS (Centro Integrado [&hellip;]<\/p>\n","protected":false},"author":13,"featured_media":43213,"comment_status":"closed","ping_status":"open","sticky":false,"template":"","format":"standard","meta":{"_acf_changed":false,"_exactmetrics_skip_tracking":false,"_exactmetrics_sitenote_active":false,"_exactmetrics_sitenote_note":"","_exactmetrics_sitenote_category":0,"footnotes":""},"categories":[21],"tags":[],"class_list":["post-43212","post","type-post","status-publish","format-standard","has-post-thumbnail","hentry","category-adamantina"],"acf":[],"yoast_head":"<!-- This site is optimized with the Yoast SEO plugin v27.2 - https:\/\/yoast.com\/product\/yoast-seo-wordpress\/ -->\n<title>Vai e vem: moradores relatam dificuldades para ter acesso \u00e0 vacina\u00e7\u00e3o; Sa\u00fade se posiciona em nota - R\u00e1dio Life FM<\/title>\n<meta name=\"robots\" content=\"index, follow, max-snippet:-1, max-image-preview:large, max-video-preview:-1\" \/>\n<link rel=\"canonical\" href=\"https:\/\/radiolifefm.com.br\/noticias\/vai-e-vem-moradores-relatam-dificuldades-para-ter-acesso-a-vacinacao-saude-se-posiciona-em-nota\/\" \/>\n<meta property=\"og:locale\" content=\"pt_BR\" \/>\n<meta property=\"og:type\" content=\"article\" \/>\n<meta property=\"og:title\" content=\"Vai e vem: moradores relatam dificuldades para ter acesso \u00e0 vacina\u00e7\u00e3o; Sa\u00fade se posiciona em nota - R\u00e1dio Life FM\" \/>\n<meta property=\"og:description\" content=\"Nas \u00faltimas semanas, nas redes sociais, moradores de Adamantina t\u00eam publicado reclama\u00e7\u00f5es sobre dificuldades no acesso \u00e0 vacina\u00e7\u00e3o contra a Covid-19. A dificuldade ocorre sobretudo para quem tem segunda dose para receber, como tamb\u00e9m \u00e0queles idosos que buscam pela dose de refor\u00e7o. &nbsp; Na pr\u00e1tica, os moradores dizem que se dirigem ao CIS (Centro Integrado [&hellip;]\" \/>\n<meta property=\"og:url\" content=\"https:\/\/radiolifefm.com.br\/noticias\/vai-e-vem-moradores-relatam-dificuldades-para-ter-acesso-a-vacinacao-saude-se-posiciona-em-nota\/\" \/>\n<meta property=\"og:site_name\" content=\"R\u00e1dio Life FM\" \/>\n<meta property=\"article:publisher\" content=\"https:\/\/www.facebook.com\/radiolifefm\/\" \/>\n<meta property=\"article:published_time\" content=\"2021-09-25T11:18:08+00:00\" \/>\n<meta property=\"article:modified_time\" content=\"2026-04-18T03:53:55+00:00\" \/>\n<meta property=\"og:image\" content=\"https:\/\/radiolifefm.com.br\/noticias\/wp-content\/uploads\/2021\/09\/51331657790972205d04acjpg1632494053614de1e5644e0.jpg\" \/>\n\t<meta property=\"og:image:width\" content=\"600\" \/>\n\t<meta property=\"og:image:height\" content=\"337\" \/>\n\t<meta property=\"og:image:type\" content=\"image\/jpeg\" \/>\n<meta name=\"author\" content=\"ritanery\" \/>\n<meta name=\"twitter:card\" content=\"summary_large_image\" \/>\n<meta name=\"twitter:label1\" content=\"Escrito por\" \/>\n\t<meta name=\"twitter:data1\" content=\"ritanery\" \/>\n\t<meta name=\"twitter:label2\" content=\"Est. tempo de leitura\" \/>\n\t<meta name=\"twitter:data2\" content=\"3 minutos\" \/>\n<script type=\"application\/ld+json\" class=\"yoast-schema-graph\">{\"@context\":\"https:\/\/schema.org\",\"@graph\":[{\"@type\":\"Article\",\"@id\":\"https:\/\/radiolifefm.com.br\/noticias\/vai-e-vem-moradores-relatam-dificuldades-para-ter-acesso-a-vacinacao-saude-se-posiciona-em-nota\/#article\",\"isPartOf\":{\"@id\":\"https:\/\/radiolifefm.com.br\/noticias\/vai-e-vem-moradores-relatam-dificuldades-para-ter-acesso-a-vacinacao-saude-se-posiciona-em-nota\/\"},\"author\":{\"name\":\"ritanery\",\"@id\":\"https:\/\/radiolifefm.com.br\/noticias\/#\/schema\/person\/6339b9fac59d12b071dec680d7375d87\"},\"headline\":\"Vai e vem: moradores relatam dificuldades para ter acesso \u00e0 vacina\u00e7\u00e3o; Sa\u00fade se posiciona em nota\",\"datePublished\":\"2021-09-25T11:18:08+00:00\",\"dateModified\":\"2026-04-18T03:53:55+00:00\",\"mainEntityOfPage\":{\"@id\":\"https:\/\/radiolifefm.com.br\/noticias\/vai-e-vem-moradores-relatam-dificuldades-para-ter-acesso-a-vacinacao-saude-se-posiciona-em-nota\/\"},\"wordCount\":711,\"publisher\":{\"@id\":\"https:\/\/radiolifefm.com.br\/noticias\/#organization\"},\"image\":{\"@id\":\"https:\/\/radiolifefm.com.br\/noticias\/vai-e-vem-moradores-relatam-dificuldades-para-ter-acesso-a-vacinacao-saude-se-posiciona-em-nota\/#primaryimage\"},\"thumbnailUrl\":\"https:\/\/radiolifefm.com.br\/noticias\/wp-content\/uploads\/2021\/09\/51331657790972205d04acjpg1632494053614de1e5644e0.jpg\",\"articleSection\":[\"Adamantina\"],\"inLanguage\":\"pt-BR\"},{\"@type\":\"WebPage\",\"@id\":\"https:\/\/radiolifefm.com.br\/noticias\/vai-e-vem-moradores-relatam-dificuldades-para-ter-acesso-a-vacinacao-saude-se-posiciona-em-nota\/\",\"url\":\"https:\/\/radiolifefm.com.br\/noticias\/vai-e-vem-moradores-relatam-dificuldades-para-ter-acesso-a-vacinacao-saude-se-posiciona-em-nota\/\",\"name\":\"Vai e vem: moradores relatam dificuldades para ter acesso \u00e0 vacina\u00e7\u00e3o; Sa\u00fade se posiciona em nota - R\u00e1dio Life FM\",\"isPartOf\":{\"@id\":\"https:\/\/radiolifefm.com.br\/noticias\/#website\"},\"primaryImageOfPage\":{\"@id\":\"https:\/\/radiolifefm.com.br\/noticias\/vai-e-vem-moradores-relatam-dificuldades-para-ter-acesso-a-vacinacao-saude-se-posiciona-em-nota\/#primaryimage\"},\"image\":{\"@id\":\"https:\/\/radiolifefm.com.br\/noticias\/vai-e-vem-moradores-relatam-dificuldades-para-ter-acesso-a-vacinacao-saude-se-posiciona-em-nota\/#primaryimage\"},\"thumbnailUrl\":\"https:\/\/radiolifefm.com.br\/noticias\/wp-content\/uploads\/2021\/09\/51331657790972205d04acjpg1632494053614de1e5644e0.jpg\",\"datePublished\":\"2021-09-25T11:18:08+00:00\",\"dateModified\":\"2026-04-18T03:53:55+00:00\",\"breadcrumb\":{\"@id\":\"https:\/\/radiolifefm.com.br\/noticias\/vai-e-vem-moradores-relatam-dificuldades-para-ter-acesso-a-vacinacao-saude-se-posiciona-em-nota\/#breadcrumb\"},\"inLanguage\":\"pt-BR\",\"potentialAction\":[{\"@type\":\"ReadAction\",\"target\":[\"https:\/\/radiolifefm.com.br\/noticias\/vai-e-vem-moradores-relatam-dificuldades-para-ter-acesso-a-vacinacao-saude-se-posiciona-em-nota\/\"]}]},{\"@type\":\"ImageObject\",\"inLanguage\":\"pt-BR\",\"@id\":\"https:\/\/radiolifefm.com.br\/noticias\/vai-e-vem-moradores-relatam-dificuldades-para-ter-acesso-a-vacinacao-saude-se-posiciona-em-nota\/#primaryimage\",\"url\":\"https:\/\/radiolifefm.com.br\/noticias\/wp-content\/uploads\/2021\/09\/51331657790972205d04acjpg1632494053614de1e5644e0.jpg\",\"contentUrl\":\"https:\/\/radiolifefm.com.br\/noticias\/wp-content\/uploads\/2021\/09\/51331657790972205d04acjpg1632494053614de1e5644e0.jpg\",\"width\":600,\"height\":337,\"caption\":\"Para evitar desperd\u00edcio, Sa\u00fade diz que aguarda ter quantidade de pessoas para abertura do frasco.\"},{\"@type\":\"BreadcrumbList\",\"@id\":\"https:\/\/radiolifefm.com.br\/noticias\/vai-e-vem-moradores-relatam-dificuldades-para-ter-acesso-a-vacinacao-saude-se-posiciona-em-nota\/#breadcrumb\",\"itemListElement\":[{\"@type\":\"ListItem\",\"position\":1,\"name\":\"In\u00edcio\",\"item\":\"https:\/\/radiolifefm.com.br\/noticias\/\"},{\"@type\":\"ListItem\",\"position\":2,\"name\":\"Vai e vem: moradores relatam dificuldades para ter acesso \u00e0 vacina\u00e7\u00e3o; Sa\u00fade se posiciona em nota\"}]},{\"@type\":\"WebSite\",\"@id\":\"https:\/\/radiolifefm.com.br\/noticias\/#website\",\"url\":\"https:\/\/radiolifefm.com.br\/noticias\/\",\"name\":\"R\u00e1dio Life FM\",\"description\":\"O Portal de Not\u00edcias de Adamantina\",\"publisher\":{\"@id\":\"https:\/\/radiolifefm.com.br\/noticias\/#organization\"},\"alternateName\":\"Life FM\",\"potentialAction\":[{\"@type\":\"SearchAction\",\"target\":{\"@type\":\"EntryPoint\",\"urlTemplate\":\"https:\/\/radiolifefm.com.br\/noticias\/?s={search_term_string}\"},\"query-input\":{\"@type\":\"PropertyValueSpecification\",\"valueRequired\":true,\"valueName\":\"search_term_string\"}}],\"inLanguage\":\"pt-BR\"},{\"@type\":\"Organization\",\"@id\":\"https:\/\/radiolifefm.com.br\/noticias\/#organization\",\"name\":\"R\u00e1dio Life FM\",\"alternateName\":\"Life FM\",\"url\":\"https:\/\/radiolifefm.com.br\/noticias\/\",\"logo\":{\"@type\":\"ImageObject\",\"inLanguage\":\"pt-BR\",\"@id\":\"https:\/\/radiolifefm.com.br\/noticias\/#\/schema\/logo\/image\/\",\"url\":\"https:\/\/static.radiolifefm.com.br\/noticias\/wp-content\/uploads\/2019\/10\/logo-lifefm.png\",\"contentUrl\":\"https:\/\/static.radiolifefm.com.br\/noticias\/wp-content\/uploads\/2019\/10\/logo-lifefm.png\",\"width\":196,\"height\":47,\"caption\":\"R\u00e1dio Life FM\"},\"image\":{\"@id\":\"https:\/\/radiolifefm.com.br\/noticias\/#\/schema\/logo\/image\/\"},\"sameAs\":[\"https:\/\/www.facebook.com\/radiolifefm\/\",\"https:\/\/www.instagram.com\/life1079fm\/\"]},{\"@type\":\"Person\",\"@id\":\"https:\/\/radiolifefm.com.br\/noticias\/#\/schema\/person\/6339b9fac59d12b071dec680d7375d87\",\"name\":\"ritanery\",\"image\":{\"@type\":\"ImageObject\",\"inLanguage\":\"pt-BR\",\"@id\":\"https:\/\/secure.gravatar.com\/avatar\/0e37bb19071f47c0b8a23f62a903df117c5a0e75f65a0c2901562f97cd41cf86?s=96&d=mm&r=g\",\"url\":\"https:\/\/secure.gravatar.com\/avatar\/0e37bb19071f47c0b8a23f62a903df117c5a0e75f65a0c2901562f97cd41cf86?s=96&d=mm&r=g\",\"contentUrl\":\"https:\/\/secure.gravatar.com\/avatar\/0e37bb19071f47c0b8a23f62a903df117c5a0e75f65a0c2901562f97cd41cf86?s=96&d=mm&r=g\",\"caption\":\"ritanery\"}}]}<\/script>\n<!-- \/ Yoast SEO plugin. -->","yoast_head_json":{"title":"Vai e vem: moradores relatam dificuldades para ter acesso \u00e0 vacina\u00e7\u00e3o; Sa\u00fade se posiciona em nota - R\u00e1dio Life FM","robots":{"index":"index","follow":"follow","max-snippet":"max-snippet:-1","max-image-preview":"max-image-preview:large","max-video-preview":"max-video-preview:-1"},"canonical":"https:\/\/radiolifefm.com.br\/noticias\/vai-e-vem-moradores-relatam-dificuldades-para-ter-acesso-a-vacinacao-saude-se-posiciona-em-nota\/","og_locale":"pt_BR","og_type":"article","og_title":"Vai e vem: moradores relatam dificuldades para ter acesso \u00e0 vacina\u00e7\u00e3o; Sa\u00fade se posiciona em nota - R\u00e1dio Life FM","og_description":"Nas \u00faltimas semanas, nas redes sociais, moradores de Adamantina t\u00eam publicado reclama\u00e7\u00f5es sobre dificuldades no acesso \u00e0 vacina\u00e7\u00e3o contra a Covid-19. A dificuldade ocorre sobretudo para quem tem segunda dose para receber, como tamb\u00e9m \u00e0queles idosos que buscam pela dose de refor\u00e7o. &nbsp; Na pr\u00e1tica, os moradores dizem que se dirigem ao CIS (Centro Integrado [&hellip;]","og_url":"https:\/\/radiolifefm.com.br\/noticias\/vai-e-vem-moradores-relatam-dificuldades-para-ter-acesso-a-vacinacao-saude-se-posiciona-em-nota\/","og_site_name":"R\u00e1dio Life FM","article_publisher":"https:\/\/www.facebook.com\/radiolifefm\/","article_published_time":"2021-09-25T11:18:08+00:00","article_modified_time":"2026-04-18T03:53:55+00:00","og_image":[{"width":600,"height":337,"url":"https:\/\/radiolifefm.com.br\/noticias\/wp-content\/uploads\/2021\/09\/51331657790972205d04acjpg1632494053614de1e5644e0.jpg","type":"image\/jpeg"}],"author":"ritanery","twitter_card":"summary_large_image","twitter_misc":{"Escrito por":"ritanery","Est. tempo de leitura":"3 minutos"},"schema":{"@context":"https:\/\/schema.org","@graph":[{"@type":"Article","@id":"https:\/\/radiolifefm.com.br\/noticias\/vai-e-vem-moradores-relatam-dificuldades-para-ter-acesso-a-vacinacao-saude-se-posiciona-em-nota\/#article","isPartOf":{"@id":"https:\/\/radiolifefm.com.br\/noticias\/vai-e-vem-moradores-relatam-dificuldades-para-ter-acesso-a-vacinacao-saude-se-posiciona-em-nota\/"},"author":{"name":"ritanery","@id":"https:\/\/radiolifefm.com.br\/noticias\/#\/schema\/person\/6339b9fac59d12b071dec680d7375d87"},"headline":"Vai e vem: moradores relatam dificuldades para ter acesso \u00e0 vacina\u00e7\u00e3o; Sa\u00fade se posiciona em nota","datePublished":"2021-09-25T11:18:08+00:00","dateModified":"2026-04-18T03:53:55+00:00","mainEntityOfPage":{"@id":"https:\/\/radiolifefm.com.br\/noticias\/vai-e-vem-moradores-relatam-dificuldades-para-ter-acesso-a-vacinacao-saude-se-posiciona-em-nota\/"},"wordCount":711,"publisher":{"@id":"https:\/\/radiolifefm.com.br\/noticias\/#organization"},"image":{"@id":"https:\/\/radiolifefm.com.br\/noticias\/vai-e-vem-moradores-relatam-dificuldades-para-ter-acesso-a-vacinacao-saude-se-posiciona-em-nota\/#primaryimage"},"thumbnailUrl":"https:\/\/radiolifefm.com.br\/noticias\/wp-content\/uploads\/2021\/09\/51331657790972205d04acjpg1632494053614de1e5644e0.jpg","articleSection":["Adamantina"],"inLanguage":"pt-BR"},{"@type":"WebPage","@id":"https:\/\/radiolifefm.com.br\/noticias\/vai-e-vem-moradores-relatam-dificuldades-para-ter-acesso-a-vacinacao-saude-se-posiciona-em-nota\/","url":"https:\/\/radiolifefm.com.br\/noticias\/vai-e-vem-moradores-relatam-dificuldades-para-ter-acesso-a-vacinacao-saude-se-posiciona-em-nota\/","name":"Vai e vem: moradores relatam dificuldades para ter acesso \u00e0 vacina\u00e7\u00e3o; Sa\u00fade se posiciona em nota - R\u00e1dio Life FM","isPartOf":{"@id":"https:\/\/radiolifefm.com.br\/noticias\/#website"},"primaryImageOfPage":{"@id":"https:\/\/radiolifefm.com.br\/noticias\/vai-e-vem-moradores-relatam-dificuldades-para-ter-acesso-a-vacinacao-saude-se-posiciona-em-nota\/#primaryimage"},"image":{"@id":"https:\/\/radiolifefm.com.br\/noticias\/vai-e-vem-moradores-relatam-dificuldades-para-ter-acesso-a-vacinacao-saude-se-posiciona-em-nota\/#primaryimage"},"thumbnailUrl":"https:\/\/radiolifefm.com.br\/noticias\/wp-content\/uploads\/2021\/09\/51331657790972205d04acjpg1632494053614de1e5644e0.jpg","datePublished":"2021-09-25T11:18:08+00:00","dateModified":"2026-04-18T03:53:55+00:00","breadcrumb":{"@id":"https:\/\/radiolifefm.com.br\/noticias\/vai-e-vem-moradores-relatam-dificuldades-para-ter-acesso-a-vacinacao-saude-se-posiciona-em-nota\/#breadcrumb"},"inLanguage":"pt-BR","potentialAction":[{"@type":"ReadAction","target":["https:\/\/radiolifefm.com.br\/noticias\/vai-e-vem-moradores-relatam-dificuldades-para-ter-acesso-a-vacinacao-saude-se-posiciona-em-nota\/"]}]},{"@type":"ImageObject","inLanguage":"pt-BR","@id":"https:\/\/radiolifefm.com.br\/noticias\/vai-e-vem-moradores-relatam-dificuldades-para-ter-acesso-a-vacinacao-saude-se-posiciona-em-nota\/#primaryimage","url":"https:\/\/radiolifefm.com.br\/noticias\/wp-content\/uploads\/2021\/09\/51331657790972205d04acjpg1632494053614de1e5644e0.jpg","contentUrl":"https:\/\/radiolifefm.com.br\/noticias\/wp-content\/uploads\/2021\/09\/51331657790972205d04acjpg1632494053614de1e5644e0.jpg","width":600,"height":337,"caption":"Para evitar desperd\u00edcio, Sa\u00fade diz que aguarda ter quantidade de pessoas para abertura do frasco."},{"@type":"BreadcrumbList","@id":"https:\/\/radiolifefm.com.br\/noticias\/vai-e-vem-moradores-relatam-dificuldades-para-ter-acesso-a-vacinacao-saude-se-posiciona-em-nota\/#breadcrumb","itemListElement":[{"@type":"ListItem","position":1,"name":"In\u00edcio","item":"https:\/\/radiolifefm.com.br\/noticias\/"},{"@type":"ListItem","position":2,"name":"Vai e vem: moradores relatam dificuldades para ter acesso \u00e0 vacina\u00e7\u00e3o; Sa\u00fade se posiciona em nota"}]},{"@type":"WebSite","@id":"https:\/\/radiolifefm.com.br\/noticias\/#website","url":"https:\/\/radiolifefm.com.br\/noticias\/","name":"R\u00e1dio Life FM","description":"O Portal de Not\u00edcias de Adamantina","publisher":{"@id":"https:\/\/radiolifefm.com.br\/noticias\/#organization"},"alternateName":"Life FM","potentialAction":[{"@type":"SearchAction","target":{"@type":"EntryPoint","urlTemplate":"https:\/\/radiolifefm.com.br\/noticias\/?s={search_term_string}"},"query-input":{"@type":"PropertyValueSpecification","valueRequired":true,"valueName":"search_term_string"}}],"inLanguage":"pt-BR"},{"@type":"Organization","@id":"https:\/\/radiolifefm.com.br\/noticias\/#organization","name":"R\u00e1dio Life FM","alternateName":"Life FM","url":"https:\/\/radiolifefm.com.br\/noticias\/","logo":{"@type":"ImageObject","inLanguage":"pt-BR","@id":"https:\/\/radiolifefm.com.br\/noticias\/#\/schema\/logo\/image\/","url":"https:\/\/static.radiolifefm.com.br\/noticias\/wp-content\/uploads\/2019\/10\/logo-lifefm.png","contentUrl":"https:\/\/static.radiolifefm.com.br\/noticias\/wp-content\/uploads\/2019\/10\/logo-lifefm.png","width":196,"height":47,"caption":"R\u00e1dio Life FM"},"image":{"@id":"https:\/\/radiolifefm.com.br\/noticias\/#\/schema\/logo\/image\/"},"sameAs":["https:\/\/www.facebook.com\/radiolifefm\/","https:\/\/www.instagram.com\/life1079fm\/"]},{"@type":"Person","@id":"https:\/\/radiolifefm.com.br\/noticias\/#\/schema\/person\/6339b9fac59d12b071dec680d7375d87","name":"ritanery","image":{"@type":"ImageObject","inLanguage":"pt-BR","@id":"https:\/\/secure.gravatar.com\/avatar\/0e37bb19071f47c0b8a23f62a903df117c5a0e75f65a0c2901562f97cd41cf86?s=96&d=mm&r=g","url":"https:\/\/secure.gravatar.com\/avatar\/0e37bb19071f47c0b8a23f62a903df117c5a0e75f65a0c2901562f97cd41cf86?s=96&d=mm&r=g","contentUrl":"https:\/\/secure.gravatar.com\/avatar\/0e37bb19071f47c0b8a23f62a903df117c5a0e75f65a0c2901562f97cd41cf86?s=96&d=mm&r=g","caption":"ritanery"}}]}},"amp_enabled":true,"_links":{"self":[{"href":"https:\/\/radiolifefm.com.br\/noticias\/wp-json\/wp\/v2\/posts\/43212","targetHints":{"allow":["GET"]}}],"collection":[{"href":"https:\/\/radiolifefm.com.br\/noticias\/wp-json\/wp\/v2\/posts"}],"about":[{"href":"https:\/\/radiolifefm.com.br\/noticias\/wp-json\/wp\/v2\/types\/post"}],"author":[{"embeddable":true,"href":"https:\/\/radiolifefm.com.br\/noticias\/wp-json\/wp\/v2\/users\/13"}],"replies":[{"embeddable":true,"href":"https:\/\/radiolifefm.com.br\/noticias\/wp-json\/wp\/v2\/comments?post=43212"}],"version-history":[{"count":2,"href":"https:\/\/radiolifefm.com.br\/noticias\/wp-json\/wp\/v2\/posts\/43212\/revisions"}],"predecessor-version":[{"id":43215,"href":"https:\/\/radiolifefm.com.br\/noticias\/wp-json\/wp\/v2\/posts\/43212\/revisions\/43215"}],"wp:featuredmedia":[{"embeddable":true,"href":"https:\/\/radiolifefm.com.br\/noticias\/wp-json\/wp\/v2\/media\/43213"}],"wp:attachment":[{"href":"https:\/\/radiolifefm.com.br\/noticias\/wp-json\/wp\/v2\/media?parent=43212"}],"wp:term":[{"taxonomy":"category","embeddable":true,"href":"https:\/\/radiolifefm.com.br\/noticias\/wp-json\/wp\/v2\/categories?post=43212"},{"taxonomy":"post_tag","embeddable":true,"href":"https:\/\/radiolifefm.com.br\/noticias\/wp-json\/wp\/v2\/tags?post=43212"}],"curies":[{"name":"wp","href":"https:\/\/api.w.org\/{rel}","templated":true}]}}