{"id":43119,"date":"2021-09-23T15:24:25","date_gmt":"2021-09-23T18:24:25","guid":{"rendered":"https:\/\/radiolifefm.com.br\/noticias\/?p=43119"},"modified":"2025-12-31T16:53:28","modified_gmt":"2025-12-31T19:53:28","slug":"conselho-municipal-do-idoso-de-adamantina-divulga-programacao-em-comemoracao-ao-dia-mundial-do-idosoadamantina","status":"publish","type":"post","link":"https:\/\/radiolifefm.com.br\/noticias\/conselho-municipal-do-idoso-de-adamantina-divulga-programacao-em-comemoracao-ao-dia-mundial-do-idosoadamantina\/","title":{"rendered":"Conselho Municipal do Idoso de Adamantina divulga programa\u00e7\u00e3o em comemora\u00e7\u00e3o ao Dia Mundial do Idoso"},"content":{"rendered":"<div id=\"fb-root\"><\/div>\n<p>Com o objetivo de comemorar o Dia Mundial do Idoso que ser\u00e1 celebrado no dia 1 de outubro, o Conselho Municipal do Idoso de Adamantina preparou uma semana de a\u00e7\u00f5es para marcar a data.<\/p>\n<p>&nbsp;<\/p>\n<p>A solenidade de abertura da Semana do Idoso ser\u00e1 na segunda-feira, 27 de setembro, a partir das 8h30 na Pra\u00e7a \u00c9lio Micheloni com uma apresenta\u00e7\u00e3o do quinteto de violas na Pra\u00e7a.<\/p>\n<p>&nbsp;<\/p>\n<p>Ainda na segunda-feira, a vice-presidente do Conselho Municipal do Idoso, Thais Sgorlon Carmona Laviani e diretora do Centro de Refer\u00eancia de Assist\u00eancia Social conceder\u00e1 uma entrevista \u00e0 Folha Regional a partir das 11h30 para tratar sobre as a\u00e7\u00f5es que o conselho vem desenvolvendo.<\/p>\n<p>&nbsp;<\/p>\n<p>Na ter\u00e7a-feira, dia 28 de setembro, a orientadora jur\u00eddica do CREAS e membro do Conselho Municipal do Idoso, Gabriela Lima Ramenzoni conceder\u00e1 uma entrevista \u00e0 R\u00e1dio Life para falar sobre os Direitos da Pessoa Idosa.<\/p>\n<p>&nbsp;<\/p>\n<p>Na quarta-feira, dia 29 de setembro, ser\u00e1 divulgado v\u00eddeo e fotos com os idosos do Lar dos Velhos e no dia 30 de setembro, quinta-feira, mais um v\u00eddeo produzido pela Villa Anna trar\u00e1 dicas e orienta\u00e7\u00f5es para estimular a mem\u00f3ria do idoso e mais um v\u00eddeo com a enfermeira Ilza Cilene Mota Constantino e pela assistente social Bruna Rafaela Ferreira Bazzo sobre os cuidados e preven\u00e7\u00e3o de quedas com idoso.<\/p>\n<p>&nbsp;<\/p>\n<p>O encerramento da semana do idoso ser\u00e1 com uma missa alusiva \u00e0 data na Par\u00f3quia Santo Ant\u00f4nio.<\/p>\n<p>&nbsp;<\/p>\n<p>Para a execu\u00e7\u00e3o de todas as a\u00e7\u00f5es, o Conselho Municipal do Idoso conta com as parcerias da Secretaria Municipal de Assist\u00eancia Social, CRAS, CREAS, Secretaria Municipal da Cultura, Secretaria Municipal da Sa\u00fade, Lar dos Velhos, Villa Anna, Conselho Municipal do Idoso e Prefeitura Municipal.<\/p>\n<p>&nbsp;<\/p>\n<p>Fonte: Assessoria de Imprensa<\/p>\n","protected":false},"excerpt":{"rendered":"<p>Com o objetivo de comemorar o Dia Mundial do Idoso que ser\u00e1 celebrado no dia 1 de outubro, o Conselho Municipal do Idoso de Adamantina preparou uma semana de a\u00e7\u00f5es para marcar a data. &nbsp; A solenidade de abertura da Semana do Idoso ser\u00e1 na segunda-feira, 27 de setembro, a partir das 8h30 na Pra\u00e7a [&hellip;]<\/p>\n","protected":false},"author":13,"featured_media":43120,"comment_status":"closed","ping_status":"open","sticky":false,"template":"","format":"standard","meta":{"_acf_changed":false,"_exactmetrics_skip_tracking":false,"_exactmetrics_sitenote_active":false,"_exactmetrics_sitenote_note":"","_exactmetrics_sitenote_category":0,"footnotes":""},"categories":[21],"tags":[],"class_list":["post-43119","post","type-post","status-publish","format-standard","has-post-thumbnail","hentry","category-adamantina"],"acf":[],"yoast_head":"<!-- This site is optimized with the Yoast SEO plugin v27.2 - https:\/\/yoast.com\/product\/yoast-seo-wordpress\/ -->\n<title>Conselho Municipal do Idoso de Adamantina divulga programa\u00e7\u00e3o em comemora\u00e7\u00e3o ao Dia Mundial do Idoso - R\u00e1dio Life FM<\/title>\n<meta name=\"robots\" content=\"index, follow, max-snippet:-1, max-image-preview:large, max-video-preview:-1\" \/>\n<link rel=\"canonical\" href=\"https:\/\/radiolifefm.com.br\/noticias\/conselho-municipal-do-idoso-de-adamantina-divulga-programacao-em-comemoracao-ao-dia-mundial-do-idosoadamantina\/\" \/>\n<meta property=\"og:locale\" content=\"pt_BR\" \/>\n<meta property=\"og:type\" content=\"article\" \/>\n<meta property=\"og:title\" content=\"Conselho Municipal do Idoso de Adamantina divulga programa\u00e7\u00e3o em comemora\u00e7\u00e3o ao Dia Mundial do Idoso - R\u00e1dio Life FM\" \/>\n<meta property=\"og:description\" content=\"Com o objetivo de comemorar o Dia Mundial do Idoso que ser\u00e1 celebrado no dia 1 de outubro, o Conselho Municipal do Idoso de Adamantina preparou uma semana de a\u00e7\u00f5es para marcar a data. &nbsp; A solenidade de abertura da Semana do Idoso ser\u00e1 na segunda-feira, 27 de setembro, a partir das 8h30 na Pra\u00e7a [&hellip;]\" \/>\n<meta property=\"og:url\" content=\"https:\/\/radiolifefm.com.br\/noticias\/conselho-municipal-do-idoso-de-adamantina-divulga-programacao-em-comemoracao-ao-dia-mundial-do-idosoadamantina\/\" \/>\n<meta property=\"og:site_name\" content=\"R\u00e1dio Life FM\" \/>\n<meta property=\"article:publisher\" content=\"https:\/\/www.facebook.com\/radiolifefm\/\" \/>\n<meta property=\"article:published_time\" content=\"2021-09-23T18:24:25+00:00\" \/>\n<meta property=\"article:modified_time\" content=\"2025-12-31T19:53:28+00:00\" \/>\n<meta property=\"og:image\" content=\"https:\/\/radiolifefm.com.br\/noticias\/wp-content\/uploads\/2021\/09\/e4b2352dc934c2d8a5a78cac70a404cc.jpg\" \/>\n\t<meta property=\"og:image:width\" content=\"848\" \/>\n\t<meta property=\"og:image:height\" content=\"307\" \/>\n\t<meta property=\"og:image:type\" content=\"image\/jpeg\" \/>\n<meta name=\"author\" content=\"ritanery\" \/>\n<meta name=\"twitter:card\" content=\"summary_large_image\" \/>\n<meta name=\"twitter:label1\" content=\"Escrito por\" \/>\n\t<meta name=\"twitter:data1\" content=\"ritanery\" \/>\n\t<meta name=\"twitter:label2\" content=\"Est. tempo de leitura\" \/>\n\t<meta name=\"twitter:data2\" content=\"1 minuto\" \/>\n<script type=\"application\/ld+json\" class=\"yoast-schema-graph\">{\"@context\":\"https:\/\/schema.org\",\"@graph\":[{\"@type\":\"Article\",\"@id\":\"https:\/\/radiolifefm.com.br\/noticias\/conselho-municipal-do-idoso-de-adamantina-divulga-programacao-em-comemoracao-ao-dia-mundial-do-idosoadamantina\/#article\",\"isPartOf\":{\"@id\":\"https:\/\/radiolifefm.com.br\/noticias\/conselho-municipal-do-idoso-de-adamantina-divulga-programacao-em-comemoracao-ao-dia-mundial-do-idosoadamantina\/\"},\"author\":{\"name\":\"ritanery\",\"@id\":\"https:\/\/radiolifefm.com.br\/noticias\/#\/schema\/person\/6339b9fac59d12b071dec680d7375d87\"},\"headline\":\"Conselho Municipal do Idoso de Adamantina divulga programa\u00e7\u00e3o em comemora\u00e7\u00e3o ao Dia Mundial do Idoso\",\"datePublished\":\"2021-09-23T18:24:25+00:00\",\"dateModified\":\"2025-12-31T19:53:28+00:00\",\"mainEntityOfPage\":{\"@id\":\"https:\/\/radiolifefm.com.br\/noticias\/conselho-municipal-do-idoso-de-adamantina-divulga-programacao-em-comemoracao-ao-dia-mundial-do-idosoadamantina\/\"},\"wordCount\":316,\"publisher\":{\"@id\":\"https:\/\/radiolifefm.com.br\/noticias\/#organization\"},\"image\":{\"@id\":\"https:\/\/radiolifefm.com.br\/noticias\/conselho-municipal-do-idoso-de-adamantina-divulga-programacao-em-comemoracao-ao-dia-mundial-do-idosoadamantina\/#primaryimage\"},\"thumbnailUrl\":\"https:\/\/radiolifefm.com.br\/noticias\/wp-content\/uploads\/2021\/09\/e4b2352dc934c2d8a5a78cac70a404cc.jpg\",\"articleSection\":[\"Adamantina\"],\"inLanguage\":\"pt-BR\"},{\"@type\":\"WebPage\",\"@id\":\"https:\/\/radiolifefm.com.br\/noticias\/conselho-municipal-do-idoso-de-adamantina-divulga-programacao-em-comemoracao-ao-dia-mundial-do-idosoadamantina\/\",\"url\":\"https:\/\/radiolifefm.com.br\/noticias\/conselho-municipal-do-idoso-de-adamantina-divulga-programacao-em-comemoracao-ao-dia-mundial-do-idosoadamantina\/\",\"name\":\"Conselho Municipal do Idoso de Adamantina divulga programa\u00e7\u00e3o em comemora\u00e7\u00e3o ao Dia Mundial do Idoso - R\u00e1dio Life FM\",\"isPartOf\":{\"@id\":\"https:\/\/radiolifefm.com.br\/noticias\/#website\"},\"primaryImageOfPage\":{\"@id\":\"https:\/\/radiolifefm.com.br\/noticias\/conselho-municipal-do-idoso-de-adamantina-divulga-programacao-em-comemoracao-ao-dia-mundial-do-idosoadamantina\/#primaryimage\"},\"image\":{\"@id\":\"https:\/\/radiolifefm.com.br\/noticias\/conselho-municipal-do-idoso-de-adamantina-divulga-programacao-em-comemoracao-ao-dia-mundial-do-idosoadamantina\/#primaryimage\"},\"thumbnailUrl\":\"https:\/\/radiolifefm.com.br\/noticias\/wp-content\/uploads\/2021\/09\/e4b2352dc934c2d8a5a78cac70a404cc.jpg\",\"datePublished\":\"2021-09-23T18:24:25+00:00\",\"dateModified\":\"2025-12-31T19:53:28+00:00\",\"breadcrumb\":{\"@id\":\"https:\/\/radiolifefm.com.br\/noticias\/conselho-municipal-do-idoso-de-adamantina-divulga-programacao-em-comemoracao-ao-dia-mundial-do-idosoadamantina\/#breadcrumb\"},\"inLanguage\":\"pt-BR\",\"potentialAction\":[{\"@type\":\"ReadAction\",\"target\":[\"https:\/\/radiolifefm.com.br\/noticias\/conselho-municipal-do-idoso-de-adamantina-divulga-programacao-em-comemoracao-ao-dia-mundial-do-idosoadamantina\/\"]}]},{\"@type\":\"ImageObject\",\"inLanguage\":\"pt-BR\",\"@id\":\"https:\/\/radiolifefm.com.br\/noticias\/conselho-municipal-do-idoso-de-adamantina-divulga-programacao-em-comemoracao-ao-dia-mundial-do-idosoadamantina\/#primaryimage\",\"url\":\"https:\/\/radiolifefm.com.br\/noticias\/wp-content\/uploads\/2021\/09\/e4b2352dc934c2d8a5a78cac70a404cc.jpg\",\"contentUrl\":\"https:\/\/radiolifefm.com.br\/noticias\/wp-content\/uploads\/2021\/09\/e4b2352dc934c2d8a5a78cac70a404cc.jpg\",\"width\":848,\"height\":307,\"caption\":\"Atividades acontecem de segunda-feira (27) a sexta-feira (1)\"},{\"@type\":\"BreadcrumbList\",\"@id\":\"https:\/\/radiolifefm.com.br\/noticias\/conselho-municipal-do-idoso-de-adamantina-divulga-programacao-em-comemoracao-ao-dia-mundial-do-idosoadamantina\/#breadcrumb\",\"itemListElement\":[{\"@type\":\"ListItem\",\"position\":1,\"name\":\"In\u00edcio\",\"item\":\"https:\/\/radiolifefm.com.br\/noticias\/\"},{\"@type\":\"ListItem\",\"position\":2,\"name\":\"Conselho Municipal do Idoso de Adamantina divulga programa\u00e7\u00e3o em comemora\u00e7\u00e3o ao Dia Mundial do Idoso\"}]},{\"@type\":\"WebSite\",\"@id\":\"https:\/\/radiolifefm.com.br\/noticias\/#website\",\"url\":\"https:\/\/radiolifefm.com.br\/noticias\/\",\"name\":\"R\u00e1dio Life FM\",\"description\":\"O Portal de Not\u00edcias de Adamantina\",\"publisher\":{\"@id\":\"https:\/\/radiolifefm.com.br\/noticias\/#organization\"},\"alternateName\":\"Life FM\",\"potentialAction\":[{\"@type\":\"SearchAction\",\"target\":{\"@type\":\"EntryPoint\",\"urlTemplate\":\"https:\/\/radiolifefm.com.br\/noticias\/?s={search_term_string}\"},\"query-input\":{\"@type\":\"PropertyValueSpecification\",\"valueRequired\":true,\"valueName\":\"search_term_string\"}}],\"inLanguage\":\"pt-BR\"},{\"@type\":\"Organization\",\"@id\":\"https:\/\/radiolifefm.com.br\/noticias\/#organization\",\"name\":\"R\u00e1dio Life FM\",\"alternateName\":\"Life FM\",\"url\":\"https:\/\/radiolifefm.com.br\/noticias\/\",\"logo\":{\"@type\":\"ImageObject\",\"inLanguage\":\"pt-BR\",\"@id\":\"https:\/\/radiolifefm.com.br\/noticias\/#\/schema\/logo\/image\/\",\"url\":\"https:\/\/static.radiolifefm.com.br\/noticias\/wp-content\/uploads\/2019\/10\/logo-lifefm.png\",\"contentUrl\":\"https:\/\/static.radiolifefm.com.br\/noticias\/wp-content\/uploads\/2019\/10\/logo-lifefm.png\",\"width\":196,\"height\":47,\"caption\":\"R\u00e1dio Life FM\"},\"image\":{\"@id\":\"https:\/\/radiolifefm.com.br\/noticias\/#\/schema\/logo\/image\/\"},\"sameAs\":[\"https:\/\/www.facebook.com\/radiolifefm\/\",\"https:\/\/www.instagram.com\/life1079fm\/\"]},{\"@type\":\"Person\",\"@id\":\"https:\/\/radiolifefm.com.br\/noticias\/#\/schema\/person\/6339b9fac59d12b071dec680d7375d87\",\"name\":\"ritanery\",\"image\":{\"@type\":\"ImageObject\",\"inLanguage\":\"pt-BR\",\"@id\":\"https:\/\/secure.gravatar.com\/avatar\/0e37bb19071f47c0b8a23f62a903df117c5a0e75f65a0c2901562f97cd41cf86?s=96&d=mm&r=g\",\"url\":\"https:\/\/secure.gravatar.com\/avatar\/0e37bb19071f47c0b8a23f62a903df117c5a0e75f65a0c2901562f97cd41cf86?s=96&d=mm&r=g\",\"contentUrl\":\"https:\/\/secure.gravatar.com\/avatar\/0e37bb19071f47c0b8a23f62a903df117c5a0e75f65a0c2901562f97cd41cf86?s=96&d=mm&r=g\",\"caption\":\"ritanery\"}}]}<\/script>\n<!-- \/ Yoast SEO plugin. -->","yoast_head_json":{"title":"Conselho Municipal do Idoso de Adamantina divulga programa\u00e7\u00e3o em comemora\u00e7\u00e3o ao Dia Mundial do Idoso - R\u00e1dio Life FM","robots":{"index":"index","follow":"follow","max-snippet":"max-snippet:-1","max-image-preview":"max-image-preview:large","max-video-preview":"max-video-preview:-1"},"canonical":"https:\/\/radiolifefm.com.br\/noticias\/conselho-municipal-do-idoso-de-adamantina-divulga-programacao-em-comemoracao-ao-dia-mundial-do-idosoadamantina\/","og_locale":"pt_BR","og_type":"article","og_title":"Conselho Municipal do Idoso de Adamantina divulga programa\u00e7\u00e3o em comemora\u00e7\u00e3o ao Dia Mundial do Idoso - R\u00e1dio Life FM","og_description":"Com o objetivo de comemorar o Dia Mundial do Idoso que ser\u00e1 celebrado no dia 1 de outubro, o Conselho Municipal do Idoso de Adamantina preparou uma semana de a\u00e7\u00f5es para marcar a data. &nbsp; A solenidade de abertura da Semana do Idoso ser\u00e1 na segunda-feira, 27 de setembro, a partir das 8h30 na Pra\u00e7a [&hellip;]","og_url":"https:\/\/radiolifefm.com.br\/noticias\/conselho-municipal-do-idoso-de-adamantina-divulga-programacao-em-comemoracao-ao-dia-mundial-do-idosoadamantina\/","og_site_name":"R\u00e1dio Life FM","article_publisher":"https:\/\/www.facebook.com\/radiolifefm\/","article_published_time":"2021-09-23T18:24:25+00:00","article_modified_time":"2025-12-31T19:53:28+00:00","og_image":[{"width":848,"height":307,"url":"https:\/\/radiolifefm.com.br\/noticias\/wp-content\/uploads\/2021\/09\/e4b2352dc934c2d8a5a78cac70a404cc.jpg","type":"image\/jpeg"}],"author":"ritanery","twitter_card":"summary_large_image","twitter_misc":{"Escrito por":"ritanery","Est. tempo de leitura":"1 minuto"},"schema":{"@context":"https:\/\/schema.org","@graph":[{"@type":"Article","@id":"https:\/\/radiolifefm.com.br\/noticias\/conselho-municipal-do-idoso-de-adamantina-divulga-programacao-em-comemoracao-ao-dia-mundial-do-idosoadamantina\/#article","isPartOf":{"@id":"https:\/\/radiolifefm.com.br\/noticias\/conselho-municipal-do-idoso-de-adamantina-divulga-programacao-em-comemoracao-ao-dia-mundial-do-idosoadamantina\/"},"author":{"name":"ritanery","@id":"https:\/\/radiolifefm.com.br\/noticias\/#\/schema\/person\/6339b9fac59d12b071dec680d7375d87"},"headline":"Conselho Municipal do Idoso de Adamantina divulga programa\u00e7\u00e3o em comemora\u00e7\u00e3o ao Dia Mundial do Idoso","datePublished":"2021-09-23T18:24:25+00:00","dateModified":"2025-12-31T19:53:28+00:00","mainEntityOfPage":{"@id":"https:\/\/radiolifefm.com.br\/noticias\/conselho-municipal-do-idoso-de-adamantina-divulga-programacao-em-comemoracao-ao-dia-mundial-do-idosoadamantina\/"},"wordCount":316,"publisher":{"@id":"https:\/\/radiolifefm.com.br\/noticias\/#organization"},"image":{"@id":"https:\/\/radiolifefm.com.br\/noticias\/conselho-municipal-do-idoso-de-adamantina-divulga-programacao-em-comemoracao-ao-dia-mundial-do-idosoadamantina\/#primaryimage"},"thumbnailUrl":"https:\/\/radiolifefm.com.br\/noticias\/wp-content\/uploads\/2021\/09\/e4b2352dc934c2d8a5a78cac70a404cc.jpg","articleSection":["Adamantina"],"inLanguage":"pt-BR"},{"@type":"WebPage","@id":"https:\/\/radiolifefm.com.br\/noticias\/conselho-municipal-do-idoso-de-adamantina-divulga-programacao-em-comemoracao-ao-dia-mundial-do-idosoadamantina\/","url":"https:\/\/radiolifefm.com.br\/noticias\/conselho-municipal-do-idoso-de-adamantina-divulga-programacao-em-comemoracao-ao-dia-mundial-do-idosoadamantina\/","name":"Conselho Municipal do Idoso de Adamantina divulga programa\u00e7\u00e3o em comemora\u00e7\u00e3o ao Dia Mundial do Idoso - R\u00e1dio Life FM","isPartOf":{"@id":"https:\/\/radiolifefm.com.br\/noticias\/#website"},"primaryImageOfPage":{"@id":"https:\/\/radiolifefm.com.br\/noticias\/conselho-municipal-do-idoso-de-adamantina-divulga-programacao-em-comemoracao-ao-dia-mundial-do-idosoadamantina\/#primaryimage"},"image":{"@id":"https:\/\/radiolifefm.com.br\/noticias\/conselho-municipal-do-idoso-de-adamantina-divulga-programacao-em-comemoracao-ao-dia-mundial-do-idosoadamantina\/#primaryimage"},"thumbnailUrl":"https:\/\/radiolifefm.com.br\/noticias\/wp-content\/uploads\/2021\/09\/e4b2352dc934c2d8a5a78cac70a404cc.jpg","datePublished":"2021-09-23T18:24:25+00:00","dateModified":"2025-12-31T19:53:28+00:00","breadcrumb":{"@id":"https:\/\/radiolifefm.com.br\/noticias\/conselho-municipal-do-idoso-de-adamantina-divulga-programacao-em-comemoracao-ao-dia-mundial-do-idosoadamantina\/#breadcrumb"},"inLanguage":"pt-BR","potentialAction":[{"@type":"ReadAction","target":["https:\/\/radiolifefm.com.br\/noticias\/conselho-municipal-do-idoso-de-adamantina-divulga-programacao-em-comemoracao-ao-dia-mundial-do-idosoadamantina\/"]}]},{"@type":"ImageObject","inLanguage":"pt-BR","@id":"https:\/\/radiolifefm.com.br\/noticias\/conselho-municipal-do-idoso-de-adamantina-divulga-programacao-em-comemoracao-ao-dia-mundial-do-idosoadamantina\/#primaryimage","url":"https:\/\/radiolifefm.com.br\/noticias\/wp-content\/uploads\/2021\/09\/e4b2352dc934c2d8a5a78cac70a404cc.jpg","contentUrl":"https:\/\/radiolifefm.com.br\/noticias\/wp-content\/uploads\/2021\/09\/e4b2352dc934c2d8a5a78cac70a404cc.jpg","width":848,"height":307,"caption":"Atividades acontecem de segunda-feira (27) a sexta-feira (1)"},{"@type":"BreadcrumbList","@id":"https:\/\/radiolifefm.com.br\/noticias\/conselho-municipal-do-idoso-de-adamantina-divulga-programacao-em-comemoracao-ao-dia-mundial-do-idosoadamantina\/#breadcrumb","itemListElement":[{"@type":"ListItem","position":1,"name":"In\u00edcio","item":"https:\/\/radiolifefm.com.br\/noticias\/"},{"@type":"ListItem","position":2,"name":"Conselho Municipal do Idoso de Adamantina divulga programa\u00e7\u00e3o em comemora\u00e7\u00e3o ao Dia Mundial do Idoso"}]},{"@type":"WebSite","@id":"https:\/\/radiolifefm.com.br\/noticias\/#website","url":"https:\/\/radiolifefm.com.br\/noticias\/","name":"R\u00e1dio Life FM","description":"O Portal de Not\u00edcias de Adamantina","publisher":{"@id":"https:\/\/radiolifefm.com.br\/noticias\/#organization"},"alternateName":"Life FM","potentialAction":[{"@type":"SearchAction","target":{"@type":"EntryPoint","urlTemplate":"https:\/\/radiolifefm.com.br\/noticias\/?s={search_term_string}"},"query-input":{"@type":"PropertyValueSpecification","valueRequired":true,"valueName":"search_term_string"}}],"inLanguage":"pt-BR"},{"@type":"Organization","@id":"https:\/\/radiolifefm.com.br\/noticias\/#organization","name":"R\u00e1dio Life FM","alternateName":"Life FM","url":"https:\/\/radiolifefm.com.br\/noticias\/","logo":{"@type":"ImageObject","inLanguage":"pt-BR","@id":"https:\/\/radiolifefm.com.br\/noticias\/#\/schema\/logo\/image\/","url":"https:\/\/static.radiolifefm.com.br\/noticias\/wp-content\/uploads\/2019\/10\/logo-lifefm.png","contentUrl":"https:\/\/static.radiolifefm.com.br\/noticias\/wp-content\/uploads\/2019\/10\/logo-lifefm.png","width":196,"height":47,"caption":"R\u00e1dio Life FM"},"image":{"@id":"https:\/\/radiolifefm.com.br\/noticias\/#\/schema\/logo\/image\/"},"sameAs":["https:\/\/www.facebook.com\/radiolifefm\/","https:\/\/www.instagram.com\/life1079fm\/"]},{"@type":"Person","@id":"https:\/\/radiolifefm.com.br\/noticias\/#\/schema\/person\/6339b9fac59d12b071dec680d7375d87","name":"ritanery","image":{"@type":"ImageObject","inLanguage":"pt-BR","@id":"https:\/\/secure.gravatar.com\/avatar\/0e37bb19071f47c0b8a23f62a903df117c5a0e75f65a0c2901562f97cd41cf86?s=96&d=mm&r=g","url":"https:\/\/secure.gravatar.com\/avatar\/0e37bb19071f47c0b8a23f62a903df117c5a0e75f65a0c2901562f97cd41cf86?s=96&d=mm&r=g","contentUrl":"https:\/\/secure.gravatar.com\/avatar\/0e37bb19071f47c0b8a23f62a903df117c5a0e75f65a0c2901562f97cd41cf86?s=96&d=mm&r=g","caption":"ritanery"}}]}},"amp_enabled":true,"_links":{"self":[{"href":"https:\/\/radiolifefm.com.br\/noticias\/wp-json\/wp\/v2\/posts\/43119","targetHints":{"allow":["GET"]}}],"collection":[{"href":"https:\/\/radiolifefm.com.br\/noticias\/wp-json\/wp\/v2\/posts"}],"about":[{"href":"https:\/\/radiolifefm.com.br\/noticias\/wp-json\/wp\/v2\/types\/post"}],"author":[{"embeddable":true,"href":"https:\/\/radiolifefm.com.br\/noticias\/wp-json\/wp\/v2\/users\/13"}],"replies":[{"embeddable":true,"href":"https:\/\/radiolifefm.com.br\/noticias\/wp-json\/wp\/v2\/comments?post=43119"}],"version-history":[{"count":2,"href":"https:\/\/radiolifefm.com.br\/noticias\/wp-json\/wp\/v2\/posts\/43119\/revisions"}],"predecessor-version":[{"id":43122,"href":"https:\/\/radiolifefm.com.br\/noticias\/wp-json\/wp\/v2\/posts\/43119\/revisions\/43122"}],"wp:featuredmedia":[{"embeddable":true,"href":"https:\/\/radiolifefm.com.br\/noticias\/wp-json\/wp\/v2\/media\/43120"}],"wp:attachment":[{"href":"https:\/\/radiolifefm.com.br\/noticias\/wp-json\/wp\/v2\/media?parent=43119"}],"wp:term":[{"taxonomy":"category","embeddable":true,"href":"https:\/\/radiolifefm.com.br\/noticias\/wp-json\/wp\/v2\/categories?post=43119"},{"taxonomy":"post_tag","embeddable":true,"href":"https:\/\/radiolifefm.com.br\/noticias\/wp-json\/wp\/v2\/tags?post=43119"}],"curies":[{"name":"wp","href":"https:\/\/api.w.org\/{rel}","templated":true}]}}