{"id":43115,"date":"2021-09-23T15:07:52","date_gmt":"2021-09-23T18:07:52","guid":{"rendered":"https:\/\/radiolifefm.com.br\/noticias\/?p=43115"},"modified":"2026-04-21T08:13:27","modified_gmt":"2026-04-21T11:13:27","slug":"construcao-de-sanitarios-e-vestiarios-no-parque-caldeira-e-praca-waldemar-romanini-esta-concluida","status":"publish","type":"post","link":"https:\/\/radiolifefm.com.br\/noticias\/construcao-de-sanitarios-e-vestiarios-no-parque-caldeira-e-praca-waldemar-romanini-esta-concluida\/","title":{"rendered":"Constru\u00e7\u00e3o de Sanit\u00e1rios e Vesti\u00e1rios no Parque Caldeira e Pra\u00e7a Waldemar Romanini est\u00e1 conclu\u00edda"},"content":{"rendered":"<div id=\"fb-root\"><\/div>\n<p>Chegaram ao fim as obras de constru\u00e7\u00e3o de sanit\u00e1rios e vesti\u00e1rios no Parque Caldeira e Pra\u00e7a Waldemar Romanini.\u00a0O contrato para a execu\u00e7\u00e3o foi celebrado entre o Minist\u00e9rio do Esporte, por meio do ent\u00e3o deputado federal Arnaldo Faria de S\u00e1 com a Prefeitura de Adamantina em 2013, por\u00e9m a obra estava parada e foi retomada pela administra\u00e7\u00e3o atual.<\/p>\n<p>&nbsp;<\/p>\n<p>Com a retomada\u00a0do respectivo\u00a0conv\u00eanio foi autorizada reprograma\u00e7\u00e3o da obra para realiza\u00e7\u00e3o de novo processo licitat\u00f3rio. O repasse recebido foi de R$243.735,00 com contrapartida de R$207.087,58.<\/p>\n<p>&nbsp;<\/p>\n<p>Al\u00e9m dos sanit\u00e1rios e vesti\u00e1rios, o Parque Caldeira recebeu uma pista de caminhada, brinquedos infantis e guarda corpo e recentemente a instala\u00e7\u00e3o de ilumina\u00e7\u00e3o sustent\u00e1vel. Foram colocadas 90 lumin\u00e1rias led na pista de caminhada que tem 1343 metros de comprimento.<\/p>\n<p>&nbsp;<\/p>\n<p>A a\u00e7\u00e3o \u00e9 sustent\u00e1vel, porque os postes que foram instalados no espa\u00e7o contam com placas que fazem a capta\u00e7\u00e3o de energia solar. Com isso, n\u00e3o \u00e9 necess\u00e1rio recorrer ao uso da energia el\u00e9trica, contribuindo assim para o meio ambiente.<\/p>\n<p>&nbsp;<\/p>\n<p>Ainda no Parque Caldeira foi constru\u00eddo um espa\u00e7o destinado a instala\u00e7\u00e3o de food trucks e a estimativa de capacidade \u00e9 de at\u00e9 7 trailers.<\/p>\n<p>&nbsp;<\/p>\n<p>Al\u00e9m dos sanit\u00e1rios e vesti\u00e1rios que foram conclu\u00eddos na Pra\u00e7a Waldemar Romanini no Jardim Adamantina, o espa\u00e7o tamb\u00e9m ganhou uma pista de caminhada. A data da inaugura\u00e7\u00e3o da obra ser\u00e1 anunciada em breve.<\/p>\n<p>&nbsp;<\/p>\n<p>Fonte: Assessoria de Imprensa<\/p>\n","protected":false},"excerpt":{"rendered":"<p>Chegaram ao fim as obras de constru\u00e7\u00e3o de sanit\u00e1rios e vesti\u00e1rios no Parque Caldeira e Pra\u00e7a Waldemar Romanini.\u00a0O contrato para a execu\u00e7\u00e3o foi celebrado entre o Minist\u00e9rio do Esporte, por meio do ent\u00e3o deputado federal Arnaldo Faria de S\u00e1 com a Prefeitura de Adamantina em 2013, por\u00e9m a obra estava parada e foi retomada pela [&hellip;]<\/p>\n","protected":false},"author":13,"featured_media":43116,"comment_status":"closed","ping_status":"open","sticky":false,"template":"","format":"standard","meta":{"_acf_changed":false,"_exactmetrics_skip_tracking":false,"_exactmetrics_sitenote_active":false,"_exactmetrics_sitenote_note":"","_exactmetrics_sitenote_category":0,"footnotes":""},"categories":[21],"tags":[],"class_list":["post-43115","post","type-post","status-publish","format-standard","has-post-thumbnail","hentry","category-adamantina"],"acf":[],"yoast_head":"<!-- This site is optimized with the Yoast SEO plugin v27.2 - https:\/\/yoast.com\/product\/yoast-seo-wordpress\/ -->\n<title>Constru\u00e7\u00e3o de Sanit\u00e1rios e Vesti\u00e1rios no Parque Caldeira e Pra\u00e7a Waldemar Romanini est\u00e1 conclu\u00edda - R\u00e1dio Life FM<\/title>\n<meta name=\"robots\" content=\"index, follow, max-snippet:-1, max-image-preview:large, max-video-preview:-1\" \/>\n<link rel=\"canonical\" href=\"https:\/\/radiolifefm.com.br\/noticias\/construcao-de-sanitarios-e-vestiarios-no-parque-caldeira-e-praca-waldemar-romanini-esta-concluida\/\" \/>\n<meta property=\"og:locale\" content=\"pt_BR\" \/>\n<meta property=\"og:type\" content=\"article\" \/>\n<meta property=\"og:title\" content=\"Constru\u00e7\u00e3o de Sanit\u00e1rios e Vesti\u00e1rios no Parque Caldeira e Pra\u00e7a Waldemar Romanini est\u00e1 conclu\u00edda - R\u00e1dio Life FM\" \/>\n<meta property=\"og:description\" content=\"Chegaram ao fim as obras de constru\u00e7\u00e3o de sanit\u00e1rios e vesti\u00e1rios no Parque Caldeira e Pra\u00e7a Waldemar Romanini.\u00a0O contrato para a execu\u00e7\u00e3o foi celebrado entre o Minist\u00e9rio do Esporte, por meio do ent\u00e3o deputado federal Arnaldo Faria de S\u00e1 com a Prefeitura de Adamantina em 2013, por\u00e9m a obra estava parada e foi retomada pela [&hellip;]\" \/>\n<meta property=\"og:url\" content=\"https:\/\/radiolifefm.com.br\/noticias\/construcao-de-sanitarios-e-vestiarios-no-parque-caldeira-e-praca-waldemar-romanini-esta-concluida\/\" \/>\n<meta property=\"og:site_name\" content=\"R\u00e1dio Life FM\" \/>\n<meta property=\"article:publisher\" content=\"https:\/\/www.facebook.com\/radiolifefm\/\" \/>\n<meta property=\"article:published_time\" content=\"2021-09-23T18:07:52+00:00\" \/>\n<meta property=\"article:modified_time\" content=\"2026-04-21T11:13:27+00:00\" \/>\n<meta property=\"og:image\" content=\"https:\/\/radiolifefm.com.br\/noticias\/wp-content\/uploads\/2021\/09\/25b7e4a5861b5f61879e8b42bf679cba.jpg\" \/>\n\t<meta property=\"og:image:width\" content=\"848\" \/>\n\t<meta property=\"og:image:height\" content=\"307\" \/>\n\t<meta property=\"og:image:type\" content=\"image\/jpeg\" \/>\n<meta name=\"author\" content=\"ritanery\" \/>\n<meta name=\"twitter:card\" content=\"summary_large_image\" \/>\n<meta name=\"twitter:label1\" content=\"Escrito por\" \/>\n\t<meta name=\"twitter:data1\" content=\"ritanery\" \/>\n\t<meta name=\"twitter:label2\" content=\"Est. tempo de leitura\" \/>\n\t<meta name=\"twitter:data2\" content=\"1 minuto\" \/>\n<script type=\"application\/ld+json\" class=\"yoast-schema-graph\">{\"@context\":\"https:\/\/schema.org\",\"@graph\":[{\"@type\":\"Article\",\"@id\":\"https:\/\/radiolifefm.com.br\/noticias\/construcao-de-sanitarios-e-vestiarios-no-parque-caldeira-e-praca-waldemar-romanini-esta-concluida\/#article\",\"isPartOf\":{\"@id\":\"https:\/\/radiolifefm.com.br\/noticias\/construcao-de-sanitarios-e-vestiarios-no-parque-caldeira-e-praca-waldemar-romanini-esta-concluida\/\"},\"author\":{\"name\":\"ritanery\",\"@id\":\"https:\/\/radiolifefm.com.br\/noticias\/#\/schema\/person\/6339b9fac59d12b071dec680d7375d87\"},\"headline\":\"Constru\u00e7\u00e3o de Sanit\u00e1rios e Vesti\u00e1rios no Parque Caldeira e Pra\u00e7a Waldemar Romanini est\u00e1 conclu\u00edda\",\"datePublished\":\"2021-09-23T18:07:52+00:00\",\"dateModified\":\"2026-04-21T11:13:27+00:00\",\"mainEntityOfPage\":{\"@id\":\"https:\/\/radiolifefm.com.br\/noticias\/construcao-de-sanitarios-e-vestiarios-no-parque-caldeira-e-praca-waldemar-romanini-esta-concluida\/\"},\"wordCount\":281,\"publisher\":{\"@id\":\"https:\/\/radiolifefm.com.br\/noticias\/#organization\"},\"image\":{\"@id\":\"https:\/\/radiolifefm.com.br\/noticias\/construcao-de-sanitarios-e-vestiarios-no-parque-caldeira-e-praca-waldemar-romanini-esta-concluida\/#primaryimage\"},\"thumbnailUrl\":\"https:\/\/radiolifefm.com.br\/noticias\/wp-content\/uploads\/2021\/09\/25b7e4a5861b5f61879e8b42bf679cba.jpg\",\"articleSection\":[\"Adamantina\"],\"inLanguage\":\"pt-BR\"},{\"@type\":\"WebPage\",\"@id\":\"https:\/\/radiolifefm.com.br\/noticias\/construcao-de-sanitarios-e-vestiarios-no-parque-caldeira-e-praca-waldemar-romanini-esta-concluida\/\",\"url\":\"https:\/\/radiolifefm.com.br\/noticias\/construcao-de-sanitarios-e-vestiarios-no-parque-caldeira-e-praca-waldemar-romanini-esta-concluida\/\",\"name\":\"Constru\u00e7\u00e3o de Sanit\u00e1rios e Vesti\u00e1rios no Parque Caldeira e Pra\u00e7a Waldemar Romanini est\u00e1 conclu\u00edda - R\u00e1dio Life FM\",\"isPartOf\":{\"@id\":\"https:\/\/radiolifefm.com.br\/noticias\/#website\"},\"primaryImageOfPage\":{\"@id\":\"https:\/\/radiolifefm.com.br\/noticias\/construcao-de-sanitarios-e-vestiarios-no-parque-caldeira-e-praca-waldemar-romanini-esta-concluida\/#primaryimage\"},\"image\":{\"@id\":\"https:\/\/radiolifefm.com.br\/noticias\/construcao-de-sanitarios-e-vestiarios-no-parque-caldeira-e-praca-waldemar-romanini-esta-concluida\/#primaryimage\"},\"thumbnailUrl\":\"https:\/\/radiolifefm.com.br\/noticias\/wp-content\/uploads\/2021\/09\/25b7e4a5861b5f61879e8b42bf679cba.jpg\",\"datePublished\":\"2021-09-23T18:07:52+00:00\",\"dateModified\":\"2026-04-21T11:13:27+00:00\",\"breadcrumb\":{\"@id\":\"https:\/\/radiolifefm.com.br\/noticias\/construcao-de-sanitarios-e-vestiarios-no-parque-caldeira-e-praca-waldemar-romanini-esta-concluida\/#breadcrumb\"},\"inLanguage\":\"pt-BR\",\"potentialAction\":[{\"@type\":\"ReadAction\",\"target\":[\"https:\/\/radiolifefm.com.br\/noticias\/construcao-de-sanitarios-e-vestiarios-no-parque-caldeira-e-praca-waldemar-romanini-esta-concluida\/\"]}]},{\"@type\":\"ImageObject\",\"inLanguage\":\"pt-BR\",\"@id\":\"https:\/\/radiolifefm.com.br\/noticias\/construcao-de-sanitarios-e-vestiarios-no-parque-caldeira-e-praca-waldemar-romanini-esta-concluida\/#primaryimage\",\"url\":\"https:\/\/radiolifefm.com.br\/noticias\/wp-content\/uploads\/2021\/09\/25b7e4a5861b5f61879e8b42bf679cba.jpg\",\"contentUrl\":\"https:\/\/radiolifefm.com.br\/noticias\/wp-content\/uploads\/2021\/09\/25b7e4a5861b5f61879e8b42bf679cba.jpg\",\"width\":848,\"height\":307},{\"@type\":\"BreadcrumbList\",\"@id\":\"https:\/\/radiolifefm.com.br\/noticias\/construcao-de-sanitarios-e-vestiarios-no-parque-caldeira-e-praca-waldemar-romanini-esta-concluida\/#breadcrumb\",\"itemListElement\":[{\"@type\":\"ListItem\",\"position\":1,\"name\":\"In\u00edcio\",\"item\":\"https:\/\/radiolifefm.com.br\/noticias\/\"},{\"@type\":\"ListItem\",\"position\":2,\"name\":\"Constru\u00e7\u00e3o de Sanit\u00e1rios e Vesti\u00e1rios no Parque Caldeira e Pra\u00e7a Waldemar Romanini est\u00e1 conclu\u00edda\"}]},{\"@type\":\"WebSite\",\"@id\":\"https:\/\/radiolifefm.com.br\/noticias\/#website\",\"url\":\"https:\/\/radiolifefm.com.br\/noticias\/\",\"name\":\"R\u00e1dio Life FM\",\"description\":\"O Portal de Not\u00edcias de Adamantina\",\"publisher\":{\"@id\":\"https:\/\/radiolifefm.com.br\/noticias\/#organization\"},\"alternateName\":\"Life FM\",\"potentialAction\":[{\"@type\":\"SearchAction\",\"target\":{\"@type\":\"EntryPoint\",\"urlTemplate\":\"https:\/\/radiolifefm.com.br\/noticias\/?s={search_term_string}\"},\"query-input\":{\"@type\":\"PropertyValueSpecification\",\"valueRequired\":true,\"valueName\":\"search_term_string\"}}],\"inLanguage\":\"pt-BR\"},{\"@type\":\"Organization\",\"@id\":\"https:\/\/radiolifefm.com.br\/noticias\/#organization\",\"name\":\"R\u00e1dio Life FM\",\"alternateName\":\"Life FM\",\"url\":\"https:\/\/radiolifefm.com.br\/noticias\/\",\"logo\":{\"@type\":\"ImageObject\",\"inLanguage\":\"pt-BR\",\"@id\":\"https:\/\/radiolifefm.com.br\/noticias\/#\/schema\/logo\/image\/\",\"url\":\"https:\/\/static.radiolifefm.com.br\/noticias\/wp-content\/uploads\/2019\/10\/logo-lifefm.png\",\"contentUrl\":\"https:\/\/static.radiolifefm.com.br\/noticias\/wp-content\/uploads\/2019\/10\/logo-lifefm.png\",\"width\":196,\"height\":47,\"caption\":\"R\u00e1dio Life FM\"},\"image\":{\"@id\":\"https:\/\/radiolifefm.com.br\/noticias\/#\/schema\/logo\/image\/\"},\"sameAs\":[\"https:\/\/www.facebook.com\/radiolifefm\/\",\"https:\/\/www.instagram.com\/life1079fm\/\"]},{\"@type\":\"Person\",\"@id\":\"https:\/\/radiolifefm.com.br\/noticias\/#\/schema\/person\/6339b9fac59d12b071dec680d7375d87\",\"name\":\"ritanery\",\"image\":{\"@type\":\"ImageObject\",\"inLanguage\":\"pt-BR\",\"@id\":\"https:\/\/secure.gravatar.com\/avatar\/0e37bb19071f47c0b8a23f62a903df117c5a0e75f65a0c2901562f97cd41cf86?s=96&d=mm&r=g\",\"url\":\"https:\/\/secure.gravatar.com\/avatar\/0e37bb19071f47c0b8a23f62a903df117c5a0e75f65a0c2901562f97cd41cf86?s=96&d=mm&r=g\",\"contentUrl\":\"https:\/\/secure.gravatar.com\/avatar\/0e37bb19071f47c0b8a23f62a903df117c5a0e75f65a0c2901562f97cd41cf86?s=96&d=mm&r=g\",\"caption\":\"ritanery\"}}]}<\/script>\n<!-- \/ Yoast SEO plugin. -->","yoast_head_json":{"title":"Constru\u00e7\u00e3o de Sanit\u00e1rios e Vesti\u00e1rios no Parque Caldeira e Pra\u00e7a Waldemar Romanini est\u00e1 conclu\u00edda - R\u00e1dio Life FM","robots":{"index":"index","follow":"follow","max-snippet":"max-snippet:-1","max-image-preview":"max-image-preview:large","max-video-preview":"max-video-preview:-1"},"canonical":"https:\/\/radiolifefm.com.br\/noticias\/construcao-de-sanitarios-e-vestiarios-no-parque-caldeira-e-praca-waldemar-romanini-esta-concluida\/","og_locale":"pt_BR","og_type":"article","og_title":"Constru\u00e7\u00e3o de Sanit\u00e1rios e Vesti\u00e1rios no Parque Caldeira e Pra\u00e7a Waldemar Romanini est\u00e1 conclu\u00edda - R\u00e1dio Life FM","og_description":"Chegaram ao fim as obras de constru\u00e7\u00e3o de sanit\u00e1rios e vesti\u00e1rios no Parque Caldeira e Pra\u00e7a Waldemar Romanini.\u00a0O contrato para a execu\u00e7\u00e3o foi celebrado entre o Minist\u00e9rio do Esporte, por meio do ent\u00e3o deputado federal Arnaldo Faria de S\u00e1 com a Prefeitura de Adamantina em 2013, por\u00e9m a obra estava parada e foi retomada pela [&hellip;]","og_url":"https:\/\/radiolifefm.com.br\/noticias\/construcao-de-sanitarios-e-vestiarios-no-parque-caldeira-e-praca-waldemar-romanini-esta-concluida\/","og_site_name":"R\u00e1dio Life FM","article_publisher":"https:\/\/www.facebook.com\/radiolifefm\/","article_published_time":"2021-09-23T18:07:52+00:00","article_modified_time":"2026-04-21T11:13:27+00:00","og_image":[{"width":848,"height":307,"url":"https:\/\/radiolifefm.com.br\/noticias\/wp-content\/uploads\/2021\/09\/25b7e4a5861b5f61879e8b42bf679cba.jpg","type":"image\/jpeg"}],"author":"ritanery","twitter_card":"summary_large_image","twitter_misc":{"Escrito por":"ritanery","Est. tempo de leitura":"1 minuto"},"schema":{"@context":"https:\/\/schema.org","@graph":[{"@type":"Article","@id":"https:\/\/radiolifefm.com.br\/noticias\/construcao-de-sanitarios-e-vestiarios-no-parque-caldeira-e-praca-waldemar-romanini-esta-concluida\/#article","isPartOf":{"@id":"https:\/\/radiolifefm.com.br\/noticias\/construcao-de-sanitarios-e-vestiarios-no-parque-caldeira-e-praca-waldemar-romanini-esta-concluida\/"},"author":{"name":"ritanery","@id":"https:\/\/radiolifefm.com.br\/noticias\/#\/schema\/person\/6339b9fac59d12b071dec680d7375d87"},"headline":"Constru\u00e7\u00e3o de Sanit\u00e1rios e Vesti\u00e1rios no Parque Caldeira e Pra\u00e7a Waldemar Romanini est\u00e1 conclu\u00edda","datePublished":"2021-09-23T18:07:52+00:00","dateModified":"2026-04-21T11:13:27+00:00","mainEntityOfPage":{"@id":"https:\/\/radiolifefm.com.br\/noticias\/construcao-de-sanitarios-e-vestiarios-no-parque-caldeira-e-praca-waldemar-romanini-esta-concluida\/"},"wordCount":281,"publisher":{"@id":"https:\/\/radiolifefm.com.br\/noticias\/#organization"},"image":{"@id":"https:\/\/radiolifefm.com.br\/noticias\/construcao-de-sanitarios-e-vestiarios-no-parque-caldeira-e-praca-waldemar-romanini-esta-concluida\/#primaryimage"},"thumbnailUrl":"https:\/\/radiolifefm.com.br\/noticias\/wp-content\/uploads\/2021\/09\/25b7e4a5861b5f61879e8b42bf679cba.jpg","articleSection":["Adamantina"],"inLanguage":"pt-BR"},{"@type":"WebPage","@id":"https:\/\/radiolifefm.com.br\/noticias\/construcao-de-sanitarios-e-vestiarios-no-parque-caldeira-e-praca-waldemar-romanini-esta-concluida\/","url":"https:\/\/radiolifefm.com.br\/noticias\/construcao-de-sanitarios-e-vestiarios-no-parque-caldeira-e-praca-waldemar-romanini-esta-concluida\/","name":"Constru\u00e7\u00e3o de Sanit\u00e1rios e Vesti\u00e1rios no Parque Caldeira e Pra\u00e7a Waldemar Romanini est\u00e1 conclu\u00edda - R\u00e1dio Life FM","isPartOf":{"@id":"https:\/\/radiolifefm.com.br\/noticias\/#website"},"primaryImageOfPage":{"@id":"https:\/\/radiolifefm.com.br\/noticias\/construcao-de-sanitarios-e-vestiarios-no-parque-caldeira-e-praca-waldemar-romanini-esta-concluida\/#primaryimage"},"image":{"@id":"https:\/\/radiolifefm.com.br\/noticias\/construcao-de-sanitarios-e-vestiarios-no-parque-caldeira-e-praca-waldemar-romanini-esta-concluida\/#primaryimage"},"thumbnailUrl":"https:\/\/radiolifefm.com.br\/noticias\/wp-content\/uploads\/2021\/09\/25b7e4a5861b5f61879e8b42bf679cba.jpg","datePublished":"2021-09-23T18:07:52+00:00","dateModified":"2026-04-21T11:13:27+00:00","breadcrumb":{"@id":"https:\/\/radiolifefm.com.br\/noticias\/construcao-de-sanitarios-e-vestiarios-no-parque-caldeira-e-praca-waldemar-romanini-esta-concluida\/#breadcrumb"},"inLanguage":"pt-BR","potentialAction":[{"@type":"ReadAction","target":["https:\/\/radiolifefm.com.br\/noticias\/construcao-de-sanitarios-e-vestiarios-no-parque-caldeira-e-praca-waldemar-romanini-esta-concluida\/"]}]},{"@type":"ImageObject","inLanguage":"pt-BR","@id":"https:\/\/radiolifefm.com.br\/noticias\/construcao-de-sanitarios-e-vestiarios-no-parque-caldeira-e-praca-waldemar-romanini-esta-concluida\/#primaryimage","url":"https:\/\/radiolifefm.com.br\/noticias\/wp-content\/uploads\/2021\/09\/25b7e4a5861b5f61879e8b42bf679cba.jpg","contentUrl":"https:\/\/radiolifefm.com.br\/noticias\/wp-content\/uploads\/2021\/09\/25b7e4a5861b5f61879e8b42bf679cba.jpg","width":848,"height":307},{"@type":"BreadcrumbList","@id":"https:\/\/radiolifefm.com.br\/noticias\/construcao-de-sanitarios-e-vestiarios-no-parque-caldeira-e-praca-waldemar-romanini-esta-concluida\/#breadcrumb","itemListElement":[{"@type":"ListItem","position":1,"name":"In\u00edcio","item":"https:\/\/radiolifefm.com.br\/noticias\/"},{"@type":"ListItem","position":2,"name":"Constru\u00e7\u00e3o de Sanit\u00e1rios e Vesti\u00e1rios no Parque Caldeira e Pra\u00e7a Waldemar Romanini est\u00e1 conclu\u00edda"}]},{"@type":"WebSite","@id":"https:\/\/radiolifefm.com.br\/noticias\/#website","url":"https:\/\/radiolifefm.com.br\/noticias\/","name":"R\u00e1dio Life FM","description":"O Portal de Not\u00edcias de Adamantina","publisher":{"@id":"https:\/\/radiolifefm.com.br\/noticias\/#organization"},"alternateName":"Life FM","potentialAction":[{"@type":"SearchAction","target":{"@type":"EntryPoint","urlTemplate":"https:\/\/radiolifefm.com.br\/noticias\/?s={search_term_string}"},"query-input":{"@type":"PropertyValueSpecification","valueRequired":true,"valueName":"search_term_string"}}],"inLanguage":"pt-BR"},{"@type":"Organization","@id":"https:\/\/radiolifefm.com.br\/noticias\/#organization","name":"R\u00e1dio Life FM","alternateName":"Life FM","url":"https:\/\/radiolifefm.com.br\/noticias\/","logo":{"@type":"ImageObject","inLanguage":"pt-BR","@id":"https:\/\/radiolifefm.com.br\/noticias\/#\/schema\/logo\/image\/","url":"https:\/\/static.radiolifefm.com.br\/noticias\/wp-content\/uploads\/2019\/10\/logo-lifefm.png","contentUrl":"https:\/\/static.radiolifefm.com.br\/noticias\/wp-content\/uploads\/2019\/10\/logo-lifefm.png","width":196,"height":47,"caption":"R\u00e1dio Life FM"},"image":{"@id":"https:\/\/radiolifefm.com.br\/noticias\/#\/schema\/logo\/image\/"},"sameAs":["https:\/\/www.facebook.com\/radiolifefm\/","https:\/\/www.instagram.com\/life1079fm\/"]},{"@type":"Person","@id":"https:\/\/radiolifefm.com.br\/noticias\/#\/schema\/person\/6339b9fac59d12b071dec680d7375d87","name":"ritanery","image":{"@type":"ImageObject","inLanguage":"pt-BR","@id":"https:\/\/secure.gravatar.com\/avatar\/0e37bb19071f47c0b8a23f62a903df117c5a0e75f65a0c2901562f97cd41cf86?s=96&d=mm&r=g","url":"https:\/\/secure.gravatar.com\/avatar\/0e37bb19071f47c0b8a23f62a903df117c5a0e75f65a0c2901562f97cd41cf86?s=96&d=mm&r=g","contentUrl":"https:\/\/secure.gravatar.com\/avatar\/0e37bb19071f47c0b8a23f62a903df117c5a0e75f65a0c2901562f97cd41cf86?s=96&d=mm&r=g","caption":"ritanery"}}]}},"amp_enabled":true,"_links":{"self":[{"href":"https:\/\/radiolifefm.com.br\/noticias\/wp-json\/wp\/v2\/posts\/43115","targetHints":{"allow":["GET"]}}],"collection":[{"href":"https:\/\/radiolifefm.com.br\/noticias\/wp-json\/wp\/v2\/posts"}],"about":[{"href":"https:\/\/radiolifefm.com.br\/noticias\/wp-json\/wp\/v2\/types\/post"}],"author":[{"embeddable":true,"href":"https:\/\/radiolifefm.com.br\/noticias\/wp-json\/wp\/v2\/users\/13"}],"replies":[{"embeddable":true,"href":"https:\/\/radiolifefm.com.br\/noticias\/wp-json\/wp\/v2\/comments?post=43115"}],"version-history":[{"count":1,"href":"https:\/\/radiolifefm.com.br\/noticias\/wp-json\/wp\/v2\/posts\/43115\/revisions"}],"predecessor-version":[{"id":43117,"href":"https:\/\/radiolifefm.com.br\/noticias\/wp-json\/wp\/v2\/posts\/43115\/revisions\/43117"}],"wp:featuredmedia":[{"embeddable":true,"href":"https:\/\/radiolifefm.com.br\/noticias\/wp-json\/wp\/v2\/media\/43116"}],"wp:attachment":[{"href":"https:\/\/radiolifefm.com.br\/noticias\/wp-json\/wp\/v2\/media?parent=43115"}],"wp:term":[{"taxonomy":"category","embeddable":true,"href":"https:\/\/radiolifefm.com.br\/noticias\/wp-json\/wp\/v2\/categories?post=43115"},{"taxonomy":"post_tag","embeddable":true,"href":"https:\/\/radiolifefm.com.br\/noticias\/wp-json\/wp\/v2\/tags?post=43115"}],"curies":[{"name":"wp","href":"https:\/\/api.w.org\/{rel}","templated":true}]}}