{"id":43070,"date":"2021-09-22T22:06:37","date_gmt":"2021-09-23T01:06:37","guid":{"rendered":"https:\/\/radiolifefm.com.br\/noticias\/?p=43070"},"modified":"2026-04-08T22:41:25","modified_gmt":"2026-04-09T01:41:25","slug":"recem-instaladas-10-das-luminarias-led-ja-foram-danificadas-por-vandalos-no-parque-caldeira","status":"publish","type":"post","link":"https:\/\/radiolifefm.com.br\/noticias\/recem-instaladas-10-das-luminarias-led-ja-foram-danificadas-por-vandalos-no-parque-caldeira\/","title":{"rendered":"Rec\u00e9m instaladas, 10% das lumin\u00e1rias led j\u00e1 foram danificadas por v\u00e2ndalos no Parque Caldeira"},"content":{"rendered":"<div id=\"fb-root\"><\/div>\n<p>As rec\u00e9m instaladas lumin\u00e1rias led com alimenta\u00e7\u00e3o por energia solar, no Parque Caldeira, em Adamantina, j\u00e1 s\u00e3o alvo de vandalismo. Dos 90 pontos colocados pela Prefeitura de Adamantina ao longo dos 1.343 metros da pista de caminhada, pelo menos nove (10%) j\u00e1 est\u00e3o sem o dispositivo de ilumina\u00e7\u00e3o, permanecendo apenas o poste, conforme verificou o SIGA MAIS na manh\u00e3 desta quarta-feira (22), no local.<\/p>\n<p>&nbsp;<\/p>\n<p>A reportagem encontrou uma lumin\u00e1ria no local, na altura da esquina da Rua Turquesa com a Rua Diamante, no Residencial Eldorado I, e foi abordada por um morador que fazia caminhada. Ele contou nove postes j\u00e1 sem o dispositivo. Ap\u00f3s o registro da imagem, fez contato com o secret\u00e1rio municipal de obras, que orientou a deixar a lumin\u00e1ria no Almoxarifado Municipal, onde foi entregue.<\/p>\n<p>&nbsp;<\/p>\n<p>As melhorias executadas pela Prefeitura foram realizadas para ampliar a ilumina\u00e7\u00e3o do local, frequentado para a pr\u00e1tica de caminhada. A divulga\u00e7\u00e3o sobre os investimentos foi feita h\u00e1\u00a0<a href=\"https:\/\/www.sigamais.com\/noticias\/cidades\/parque-caldeira-recebe-90-luminarias-led-com-captacao-de-energia-solar\/\"><strong>uma semana<\/strong><\/a>. A instala\u00e7\u00e3o das lumin\u00e1rias foi elogiada pelos moradores, que agora desaprovam o vandalismo. O local n\u00e3o tem monitoramento por c\u00e2meras.<\/p>\n<p>&nbsp;<\/p>\n<p>Al\u00e9m da supress\u00e3o de nove dispositivos de ilumina\u00e7\u00e3o, possivelmente levados por v\u00e2ndalos, h\u00e1 outras situa\u00e7\u00f5es que podem sinalizar a tentativa de remov\u00ea-los, o que pode ser visualmente constatado. A reposi\u00e7\u00e3o das lumin\u00e1rias vai gerar novas despesas aos cofres p\u00fablicos.<\/p>\n<p>&nbsp;<\/p>\n<p>Outro investimento recente no Parque Caldeira foi a constru\u00e7\u00e3o da pista de caminhada, que atualmente recebe pintura. Est\u00e3o em andamento tamb\u00e9m as obras para constru\u00e7\u00e3o de banheiro no local.<\/p>\n<p>&nbsp;<\/p>\n<p><strong>Danificar o patrim\u00f4nio p\u00fablico \u00e9 crime<\/strong><\/p>\n<p>O crime contra o patrim\u00f4nio p\u00fablico se configura nos atos de vandalismo contra bens p\u00fablicos e de uso coletivo, tais como a destrui\u00e7\u00e3o da sinaliza\u00e7\u00e3o rodovi\u00e1ria, inc\u00eandios criminosos de transportes p\u00fablicos, destrui\u00e7\u00e3o do sistema de ilumina\u00e7\u00e3o p\u00fablica, de gramados e jardins. O conjunto de bens e direitos de valor econ\u00f4mico, est\u00e9tico, hist\u00f3rico, art\u00edstico, ou tur\u00edstico, que pertencem a administra\u00e7\u00e3o p\u00fablica configuram o chamado patrim\u00f4nio p\u00fablico.<\/p>\n<p>&nbsp;<\/p>\n<p><strong>O que diz a lei<\/strong><\/p>\n<p>O C\u00f3digo Penal (Lei n\u00ba 2.848\/40) prev\u00ea penas para quem causa dano ao patrim\u00f4nio p\u00fablico:<\/p>\n<p>&nbsp;<\/p>\n<p>Art. 163 \u2013 Destruir, inutilizar ou deteriorar coisa alheia:<\/p>\n<p>Pena \u2013 deten\u00e7\u00e3o, de 1 (um) a 6 (seis) meses, ou multa.<\/p>\n<p>Par\u00e1grafo \u00fanico \u2013 Se o crime \u00e9 cometido:<\/p>\n<p>I \u2013 com viol\u00eancia \u00e0 pessoa ou grave amea\u00e7a;<\/p>\n<p>II \u2013 com emprego de subst\u00e2ncia inflam\u00e1vel ou explosiva, se o fato n\u00e3o constitui crime mais grave;<\/p>\n<p>III \u2013 contra o patrim\u00f4nio da Uni\u00e3o, Estado, Munic\u00edpio, empresa concession\u00e1ria de servi\u00e7os p\u00fablicos ou sociedade de economia mista;<\/p>\n<p>IV \u2013 por motivo ego\u00edstico ou com preju\u00edzo consider\u00e1vel para a v\u00edtima<\/p>\n<p>Pena \u2013 deten\u00e7\u00e3o, de 6 (seis) meses a 3 (tr\u00eas) anos, e multa, al\u00e9m da pena correspondente \u00e0 viol\u00eancia.<\/p>\n<p>&nbsp;<\/p>\n<div class='flex flex-wrap items-center -mx-1'>\r\n<a class='thumbnail gallery p-1 w-1\/2 md:w-1\/4' href='https:\/\/radiolifefm.com.br\/noticias\/wp-content\/uploads\/2021\/09\/img7725jpg1632323694614b486e19007.jpg'><img class='border border-white' src='https:\/\/radiolifefm.com.br\/noticias\/wp-content\/uploads\/2021\/09\/img7725jpg1632323694614b486e19007-200x200.jpg' alt='Img7725jpg1632323694614b486e19007' \/><\/a><a class='thumbnail gallery p-1 w-1\/2 md:w-1\/4' href='https:\/\/radiolifefm.com.br\/noticias\/wp-content\/uploads\/2021\/09\/img7728jpg1632323710614b487e3e515.jpg'><img class='border border-white' src='https:\/\/radiolifefm.com.br\/noticias\/wp-content\/uploads\/2021\/09\/img7728jpg1632323710614b487e3e515-200x200.jpg' alt='Img7728jpg1632323710614b487e3e515' \/><\/a><a class='thumbnail gallery p-1 w-1\/2 md:w-1\/4' href='https:\/\/radiolifefm.com.br\/noticias\/wp-content\/uploads\/2021\/09\/img7731jpg1632323722614b488abeccc.jpg'><img class='border border-white' src='https:\/\/radiolifefm.com.br\/noticias\/wp-content\/uploads\/2021\/09\/img7731jpg1632323722614b488abeccc-200x200.jpg' alt='Img7731jpg1632323722614b488abeccc' \/><\/a><a class='thumbnail gallery p-1 w-1\/2 md:w-1\/4' href='https:\/\/radiolifefm.com.br\/noticias\/wp-content\/uploads\/2021\/09\/img7733jpg1632323797614b48d516227.jpg'><img class='border border-white' src='https:\/\/radiolifefm.com.br\/noticias\/wp-content\/uploads\/2021\/09\/img7733jpg1632323797614b48d516227-200x200.jpg' alt='Img7733jpg1632323797614b48d516227' \/><\/a><a class='thumbnail gallery p-1 w-1\/2 md:w-1\/4' href='https:\/\/radiolifefm.com.br\/noticias\/wp-content\/uploads\/2021\/09\/img7734jpg1632323783614b48c7588b7.jpg'><img class='border border-white' src='https:\/\/radiolifefm.com.br\/noticias\/wp-content\/uploads\/2021\/09\/img7734jpg1632323783614b48c7588b7-200x200.jpg' alt='Img7734jpg1632323783614b48c7588b7' \/><\/a><a class='thumbnail gallery p-1 w-1\/2 md:w-1\/4' href='https:\/\/radiolifefm.com.br\/noticias\/wp-content\/uploads\/2021\/09\/img7737jpg1632323760614b48b01c496.jpg'><img class='border border-white' src='https:\/\/radiolifefm.com.br\/noticias\/wp-content\/uploads\/2021\/09\/img7737jpg1632323760614b48b01c496-200x200.jpg' alt='Img7737jpg1632323760614b48b01c496' \/><\/a><\/div>\n<p>Fonte: Siga Mais<\/p>\n","protected":false},"excerpt":{"rendered":"<p>As rec\u00e9m instaladas lumin\u00e1rias led com alimenta\u00e7\u00e3o por energia solar, no Parque Caldeira, em Adamantina, j\u00e1 s\u00e3o alvo de vandalismo. Dos 90 pontos colocados pela Prefeitura de Adamantina ao longo dos 1.343 metros da pista de caminhada, pelo menos nove (10%) j\u00e1 est\u00e3o sem o dispositivo de ilumina\u00e7\u00e3o, permanecendo apenas o poste, conforme verificou o [&hellip;]<\/p>\n","protected":false},"author":13,"featured_media":43071,"comment_status":"closed","ping_status":"open","sticky":false,"template":"","format":"standard","meta":{"_acf_changed":false,"_exactmetrics_skip_tracking":false,"_exactmetrics_sitenote_active":false,"_exactmetrics_sitenote_note":"","_exactmetrics_sitenote_category":0,"footnotes":""},"categories":[21],"tags":[],"class_list":["post-43070","post","type-post","status-publish","format-standard","has-post-thumbnail","hentry","category-adamantina"],"acf":[],"yoast_head":"<!-- This site is optimized with the Yoast SEO plugin v27.2 - https:\/\/yoast.com\/product\/yoast-seo-wordpress\/ -->\n<title>Rec\u00e9m instaladas, 10% das lumin\u00e1rias led j\u00e1 foram danificadas por v\u00e2ndalos no Parque Caldeira - R\u00e1dio Life FM<\/title>\n<meta name=\"robots\" content=\"index, follow, max-snippet:-1, max-image-preview:large, max-video-preview:-1\" \/>\n<link rel=\"canonical\" href=\"https:\/\/radiolifefm.com.br\/noticias\/recem-instaladas-10-das-luminarias-led-ja-foram-danificadas-por-vandalos-no-parque-caldeira\/\" \/>\n<meta property=\"og:locale\" content=\"pt_BR\" \/>\n<meta property=\"og:type\" content=\"article\" \/>\n<meta property=\"og:title\" content=\"Rec\u00e9m instaladas, 10% das lumin\u00e1rias led j\u00e1 foram danificadas por v\u00e2ndalos no Parque Caldeira - R\u00e1dio Life FM\" \/>\n<meta property=\"og:description\" content=\"As rec\u00e9m instaladas lumin\u00e1rias led com alimenta\u00e7\u00e3o por energia solar, no Parque Caldeira, em Adamantina, j\u00e1 s\u00e3o alvo de vandalismo. Dos 90 pontos colocados pela Prefeitura de Adamantina ao longo dos 1.343 metros da pista de caminhada, pelo menos nove (10%) j\u00e1 est\u00e3o sem o dispositivo de ilumina\u00e7\u00e3o, permanecendo apenas o poste, conforme verificou o [&hellip;]\" \/>\n<meta property=\"og:url\" content=\"https:\/\/radiolifefm.com.br\/noticias\/recem-instaladas-10-das-luminarias-led-ja-foram-danificadas-por-vandalos-no-parque-caldeira\/\" \/>\n<meta property=\"og:site_name\" content=\"R\u00e1dio Life FM\" \/>\n<meta property=\"article:publisher\" content=\"https:\/\/www.facebook.com\/radiolifefm\/\" \/>\n<meta property=\"article:published_time\" content=\"2021-09-23T01:06:37+00:00\" \/>\n<meta property=\"article:modified_time\" content=\"2026-04-09T01:41:25+00:00\" \/>\n<meta property=\"og:image\" content=\"https:\/\/radiolifefm.com.br\/noticias\/wp-content\/uploads\/2021\/09\/vandpng1632323242614b46aa6a720.jpg\" \/>\n\t<meta property=\"og:image:width\" content=\"600\" \/>\n\t<meta property=\"og:image:height\" content=\"337\" \/>\n\t<meta property=\"og:image:type\" content=\"image\/jpeg\" \/>\n<meta name=\"author\" content=\"ritanery\" \/>\n<meta name=\"twitter:card\" content=\"summary_large_image\" \/>\n<meta name=\"twitter:label1\" content=\"Escrito por\" \/>\n\t<meta name=\"twitter:data1\" content=\"ritanery\" \/>\n\t<meta name=\"twitter:label2\" content=\"Est. tempo de leitura\" \/>\n\t<meta name=\"twitter:data2\" content=\"2 minutos\" \/>\n<script type=\"application\/ld+json\" class=\"yoast-schema-graph\">{\"@context\":\"https:\/\/schema.org\",\"@graph\":[{\"@type\":\"Article\",\"@id\":\"https:\/\/radiolifefm.com.br\/noticias\/recem-instaladas-10-das-luminarias-led-ja-foram-danificadas-por-vandalos-no-parque-caldeira\/#article\",\"isPartOf\":{\"@id\":\"https:\/\/radiolifefm.com.br\/noticias\/recem-instaladas-10-das-luminarias-led-ja-foram-danificadas-por-vandalos-no-parque-caldeira\/\"},\"author\":{\"name\":\"ritanery\",\"@id\":\"https:\/\/radiolifefm.com.br\/noticias\/#\/schema\/person\/6339b9fac59d12b071dec680d7375d87\"},\"headline\":\"Rec\u00e9m instaladas, 10% das lumin\u00e1rias led j\u00e1 foram danificadas por v\u00e2ndalos no Parque Caldeira\",\"datePublished\":\"2021-09-23T01:06:37+00:00\",\"dateModified\":\"2026-04-09T01:41:25+00:00\",\"mainEntityOfPage\":{\"@id\":\"https:\/\/radiolifefm.com.br\/noticias\/recem-instaladas-10-das-luminarias-led-ja-foram-danificadas-por-vandalos-no-parque-caldeira\/\"},\"wordCount\":526,\"publisher\":{\"@id\":\"https:\/\/radiolifefm.com.br\/noticias\/#organization\"},\"image\":{\"@id\":\"https:\/\/radiolifefm.com.br\/noticias\/recem-instaladas-10-das-luminarias-led-ja-foram-danificadas-por-vandalos-no-parque-caldeira\/#primaryimage\"},\"thumbnailUrl\":\"https:\/\/radiolifefm.com.br\/noticias\/wp-content\/uploads\/2021\/09\/vandpng1632323242614b46aa6a720.jpg\",\"articleSection\":[\"Adamantina\"],\"inLanguage\":\"pt-BR\"},{\"@type\":\"WebPage\",\"@id\":\"https:\/\/radiolifefm.com.br\/noticias\/recem-instaladas-10-das-luminarias-led-ja-foram-danificadas-por-vandalos-no-parque-caldeira\/\",\"url\":\"https:\/\/radiolifefm.com.br\/noticias\/recem-instaladas-10-das-luminarias-led-ja-foram-danificadas-por-vandalos-no-parque-caldeira\/\",\"name\":\"Rec\u00e9m instaladas, 10% das lumin\u00e1rias led j\u00e1 foram danificadas por v\u00e2ndalos no Parque Caldeira - R\u00e1dio Life FM\",\"isPartOf\":{\"@id\":\"https:\/\/radiolifefm.com.br\/noticias\/#website\"},\"primaryImageOfPage\":{\"@id\":\"https:\/\/radiolifefm.com.br\/noticias\/recem-instaladas-10-das-luminarias-led-ja-foram-danificadas-por-vandalos-no-parque-caldeira\/#primaryimage\"},\"image\":{\"@id\":\"https:\/\/radiolifefm.com.br\/noticias\/recem-instaladas-10-das-luminarias-led-ja-foram-danificadas-por-vandalos-no-parque-caldeira\/#primaryimage\"},\"thumbnailUrl\":\"https:\/\/radiolifefm.com.br\/noticias\/wp-content\/uploads\/2021\/09\/vandpng1632323242614b46aa6a720.jpg\",\"datePublished\":\"2021-09-23T01:06:37+00:00\",\"dateModified\":\"2026-04-09T01:41:25+00:00\",\"breadcrumb\":{\"@id\":\"https:\/\/radiolifefm.com.br\/noticias\/recem-instaladas-10-das-luminarias-led-ja-foram-danificadas-por-vandalos-no-parque-caldeira\/#breadcrumb\"},\"inLanguage\":\"pt-BR\",\"potentialAction\":[{\"@type\":\"ReadAction\",\"target\":[\"https:\/\/radiolifefm.com.br\/noticias\/recem-instaladas-10-das-luminarias-led-ja-foram-danificadas-por-vandalos-no-parque-caldeira\/\"]}]},{\"@type\":\"ImageObject\",\"inLanguage\":\"pt-BR\",\"@id\":\"https:\/\/radiolifefm.com.br\/noticias\/recem-instaladas-10-das-luminarias-led-ja-foram-danificadas-por-vandalos-no-parque-caldeira\/#primaryimage\",\"url\":\"https:\/\/radiolifefm.com.br\/noticias\/wp-content\/uploads\/2021\/09\/vandpng1632323242614b46aa6a720.jpg\",\"contentUrl\":\"https:\/\/radiolifefm.com.br\/noticias\/wp-content\/uploads\/2021\/09\/vandpng1632323242614b46aa6a720.jpg\",\"width\":600,\"height\":337,\"caption\":\"Prefeitura instalou 90 lumin\u00e1rias led. Nesta quarta (22), nove pontos j\u00e1 est\u00e3o sem o dispositivo.\"},{\"@type\":\"BreadcrumbList\",\"@id\":\"https:\/\/radiolifefm.com.br\/noticias\/recem-instaladas-10-das-luminarias-led-ja-foram-danificadas-por-vandalos-no-parque-caldeira\/#breadcrumb\",\"itemListElement\":[{\"@type\":\"ListItem\",\"position\":1,\"name\":\"In\u00edcio\",\"item\":\"https:\/\/radiolifefm.com.br\/noticias\/\"},{\"@type\":\"ListItem\",\"position\":2,\"name\":\"Rec\u00e9m instaladas, 10% das lumin\u00e1rias led j\u00e1 foram danificadas por v\u00e2ndalos no Parque Caldeira\"}]},{\"@type\":\"WebSite\",\"@id\":\"https:\/\/radiolifefm.com.br\/noticias\/#website\",\"url\":\"https:\/\/radiolifefm.com.br\/noticias\/\",\"name\":\"R\u00e1dio Life FM\",\"description\":\"O Portal de Not\u00edcias de Adamantina\",\"publisher\":{\"@id\":\"https:\/\/radiolifefm.com.br\/noticias\/#organization\"},\"alternateName\":\"Life FM\",\"potentialAction\":[{\"@type\":\"SearchAction\",\"target\":{\"@type\":\"EntryPoint\",\"urlTemplate\":\"https:\/\/radiolifefm.com.br\/noticias\/?s={search_term_string}\"},\"query-input\":{\"@type\":\"PropertyValueSpecification\",\"valueRequired\":true,\"valueName\":\"search_term_string\"}}],\"inLanguage\":\"pt-BR\"},{\"@type\":\"Organization\",\"@id\":\"https:\/\/radiolifefm.com.br\/noticias\/#organization\",\"name\":\"R\u00e1dio Life FM\",\"alternateName\":\"Life FM\",\"url\":\"https:\/\/radiolifefm.com.br\/noticias\/\",\"logo\":{\"@type\":\"ImageObject\",\"inLanguage\":\"pt-BR\",\"@id\":\"https:\/\/radiolifefm.com.br\/noticias\/#\/schema\/logo\/image\/\",\"url\":\"https:\/\/static.radiolifefm.com.br\/noticias\/wp-content\/uploads\/2019\/10\/logo-lifefm.png\",\"contentUrl\":\"https:\/\/static.radiolifefm.com.br\/noticias\/wp-content\/uploads\/2019\/10\/logo-lifefm.png\",\"width\":196,\"height\":47,\"caption\":\"R\u00e1dio Life FM\"},\"image\":{\"@id\":\"https:\/\/radiolifefm.com.br\/noticias\/#\/schema\/logo\/image\/\"},\"sameAs\":[\"https:\/\/www.facebook.com\/radiolifefm\/\",\"https:\/\/www.instagram.com\/life1079fm\/\"]},{\"@type\":\"Person\",\"@id\":\"https:\/\/radiolifefm.com.br\/noticias\/#\/schema\/person\/6339b9fac59d12b071dec680d7375d87\",\"name\":\"ritanery\",\"image\":{\"@type\":\"ImageObject\",\"inLanguage\":\"pt-BR\",\"@id\":\"https:\/\/secure.gravatar.com\/avatar\/0e37bb19071f47c0b8a23f62a903df117c5a0e75f65a0c2901562f97cd41cf86?s=96&d=mm&r=g\",\"url\":\"https:\/\/secure.gravatar.com\/avatar\/0e37bb19071f47c0b8a23f62a903df117c5a0e75f65a0c2901562f97cd41cf86?s=96&d=mm&r=g\",\"contentUrl\":\"https:\/\/secure.gravatar.com\/avatar\/0e37bb19071f47c0b8a23f62a903df117c5a0e75f65a0c2901562f97cd41cf86?s=96&d=mm&r=g\",\"caption\":\"ritanery\"}}]}<\/script>\n<!-- \/ Yoast SEO plugin. -->","yoast_head_json":{"title":"Rec\u00e9m instaladas, 10% das lumin\u00e1rias led j\u00e1 foram danificadas por v\u00e2ndalos no Parque Caldeira - R\u00e1dio Life FM","robots":{"index":"index","follow":"follow","max-snippet":"max-snippet:-1","max-image-preview":"max-image-preview:large","max-video-preview":"max-video-preview:-1"},"canonical":"https:\/\/radiolifefm.com.br\/noticias\/recem-instaladas-10-das-luminarias-led-ja-foram-danificadas-por-vandalos-no-parque-caldeira\/","og_locale":"pt_BR","og_type":"article","og_title":"Rec\u00e9m instaladas, 10% das lumin\u00e1rias led j\u00e1 foram danificadas por v\u00e2ndalos no Parque Caldeira - R\u00e1dio Life FM","og_description":"As rec\u00e9m instaladas lumin\u00e1rias led com alimenta\u00e7\u00e3o por energia solar, no Parque Caldeira, em Adamantina, j\u00e1 s\u00e3o alvo de vandalismo. Dos 90 pontos colocados pela Prefeitura de Adamantina ao longo dos 1.343 metros da pista de caminhada, pelo menos nove (10%) j\u00e1 est\u00e3o sem o dispositivo de ilumina\u00e7\u00e3o, permanecendo apenas o poste, conforme verificou o [&hellip;]","og_url":"https:\/\/radiolifefm.com.br\/noticias\/recem-instaladas-10-das-luminarias-led-ja-foram-danificadas-por-vandalos-no-parque-caldeira\/","og_site_name":"R\u00e1dio Life FM","article_publisher":"https:\/\/www.facebook.com\/radiolifefm\/","article_published_time":"2021-09-23T01:06:37+00:00","article_modified_time":"2026-04-09T01:41:25+00:00","og_image":[{"width":600,"height":337,"url":"https:\/\/radiolifefm.com.br\/noticias\/wp-content\/uploads\/2021\/09\/vandpng1632323242614b46aa6a720.jpg","type":"image\/jpeg"}],"author":"ritanery","twitter_card":"summary_large_image","twitter_misc":{"Escrito por":"ritanery","Est. tempo de leitura":"2 minutos"},"schema":{"@context":"https:\/\/schema.org","@graph":[{"@type":"Article","@id":"https:\/\/radiolifefm.com.br\/noticias\/recem-instaladas-10-das-luminarias-led-ja-foram-danificadas-por-vandalos-no-parque-caldeira\/#article","isPartOf":{"@id":"https:\/\/radiolifefm.com.br\/noticias\/recem-instaladas-10-das-luminarias-led-ja-foram-danificadas-por-vandalos-no-parque-caldeira\/"},"author":{"name":"ritanery","@id":"https:\/\/radiolifefm.com.br\/noticias\/#\/schema\/person\/6339b9fac59d12b071dec680d7375d87"},"headline":"Rec\u00e9m instaladas, 10% das lumin\u00e1rias led j\u00e1 foram danificadas por v\u00e2ndalos no Parque Caldeira","datePublished":"2021-09-23T01:06:37+00:00","dateModified":"2026-04-09T01:41:25+00:00","mainEntityOfPage":{"@id":"https:\/\/radiolifefm.com.br\/noticias\/recem-instaladas-10-das-luminarias-led-ja-foram-danificadas-por-vandalos-no-parque-caldeira\/"},"wordCount":526,"publisher":{"@id":"https:\/\/radiolifefm.com.br\/noticias\/#organization"},"image":{"@id":"https:\/\/radiolifefm.com.br\/noticias\/recem-instaladas-10-das-luminarias-led-ja-foram-danificadas-por-vandalos-no-parque-caldeira\/#primaryimage"},"thumbnailUrl":"https:\/\/radiolifefm.com.br\/noticias\/wp-content\/uploads\/2021\/09\/vandpng1632323242614b46aa6a720.jpg","articleSection":["Adamantina"],"inLanguage":"pt-BR"},{"@type":"WebPage","@id":"https:\/\/radiolifefm.com.br\/noticias\/recem-instaladas-10-das-luminarias-led-ja-foram-danificadas-por-vandalos-no-parque-caldeira\/","url":"https:\/\/radiolifefm.com.br\/noticias\/recem-instaladas-10-das-luminarias-led-ja-foram-danificadas-por-vandalos-no-parque-caldeira\/","name":"Rec\u00e9m instaladas, 10% das lumin\u00e1rias led j\u00e1 foram danificadas por v\u00e2ndalos no Parque Caldeira - R\u00e1dio Life FM","isPartOf":{"@id":"https:\/\/radiolifefm.com.br\/noticias\/#website"},"primaryImageOfPage":{"@id":"https:\/\/radiolifefm.com.br\/noticias\/recem-instaladas-10-das-luminarias-led-ja-foram-danificadas-por-vandalos-no-parque-caldeira\/#primaryimage"},"image":{"@id":"https:\/\/radiolifefm.com.br\/noticias\/recem-instaladas-10-das-luminarias-led-ja-foram-danificadas-por-vandalos-no-parque-caldeira\/#primaryimage"},"thumbnailUrl":"https:\/\/radiolifefm.com.br\/noticias\/wp-content\/uploads\/2021\/09\/vandpng1632323242614b46aa6a720.jpg","datePublished":"2021-09-23T01:06:37+00:00","dateModified":"2026-04-09T01:41:25+00:00","breadcrumb":{"@id":"https:\/\/radiolifefm.com.br\/noticias\/recem-instaladas-10-das-luminarias-led-ja-foram-danificadas-por-vandalos-no-parque-caldeira\/#breadcrumb"},"inLanguage":"pt-BR","potentialAction":[{"@type":"ReadAction","target":["https:\/\/radiolifefm.com.br\/noticias\/recem-instaladas-10-das-luminarias-led-ja-foram-danificadas-por-vandalos-no-parque-caldeira\/"]}]},{"@type":"ImageObject","inLanguage":"pt-BR","@id":"https:\/\/radiolifefm.com.br\/noticias\/recem-instaladas-10-das-luminarias-led-ja-foram-danificadas-por-vandalos-no-parque-caldeira\/#primaryimage","url":"https:\/\/radiolifefm.com.br\/noticias\/wp-content\/uploads\/2021\/09\/vandpng1632323242614b46aa6a720.jpg","contentUrl":"https:\/\/radiolifefm.com.br\/noticias\/wp-content\/uploads\/2021\/09\/vandpng1632323242614b46aa6a720.jpg","width":600,"height":337,"caption":"Prefeitura instalou 90 lumin\u00e1rias led. Nesta quarta (22), nove pontos j\u00e1 est\u00e3o sem o dispositivo."},{"@type":"BreadcrumbList","@id":"https:\/\/radiolifefm.com.br\/noticias\/recem-instaladas-10-das-luminarias-led-ja-foram-danificadas-por-vandalos-no-parque-caldeira\/#breadcrumb","itemListElement":[{"@type":"ListItem","position":1,"name":"In\u00edcio","item":"https:\/\/radiolifefm.com.br\/noticias\/"},{"@type":"ListItem","position":2,"name":"Rec\u00e9m instaladas, 10% das lumin\u00e1rias led j\u00e1 foram danificadas por v\u00e2ndalos no Parque Caldeira"}]},{"@type":"WebSite","@id":"https:\/\/radiolifefm.com.br\/noticias\/#website","url":"https:\/\/radiolifefm.com.br\/noticias\/","name":"R\u00e1dio Life FM","description":"O Portal de Not\u00edcias de Adamantina","publisher":{"@id":"https:\/\/radiolifefm.com.br\/noticias\/#organization"},"alternateName":"Life FM","potentialAction":[{"@type":"SearchAction","target":{"@type":"EntryPoint","urlTemplate":"https:\/\/radiolifefm.com.br\/noticias\/?s={search_term_string}"},"query-input":{"@type":"PropertyValueSpecification","valueRequired":true,"valueName":"search_term_string"}}],"inLanguage":"pt-BR"},{"@type":"Organization","@id":"https:\/\/radiolifefm.com.br\/noticias\/#organization","name":"R\u00e1dio Life FM","alternateName":"Life FM","url":"https:\/\/radiolifefm.com.br\/noticias\/","logo":{"@type":"ImageObject","inLanguage":"pt-BR","@id":"https:\/\/radiolifefm.com.br\/noticias\/#\/schema\/logo\/image\/","url":"https:\/\/static.radiolifefm.com.br\/noticias\/wp-content\/uploads\/2019\/10\/logo-lifefm.png","contentUrl":"https:\/\/static.radiolifefm.com.br\/noticias\/wp-content\/uploads\/2019\/10\/logo-lifefm.png","width":196,"height":47,"caption":"R\u00e1dio Life FM"},"image":{"@id":"https:\/\/radiolifefm.com.br\/noticias\/#\/schema\/logo\/image\/"},"sameAs":["https:\/\/www.facebook.com\/radiolifefm\/","https:\/\/www.instagram.com\/life1079fm\/"]},{"@type":"Person","@id":"https:\/\/radiolifefm.com.br\/noticias\/#\/schema\/person\/6339b9fac59d12b071dec680d7375d87","name":"ritanery","image":{"@type":"ImageObject","inLanguage":"pt-BR","@id":"https:\/\/secure.gravatar.com\/avatar\/0e37bb19071f47c0b8a23f62a903df117c5a0e75f65a0c2901562f97cd41cf86?s=96&d=mm&r=g","url":"https:\/\/secure.gravatar.com\/avatar\/0e37bb19071f47c0b8a23f62a903df117c5a0e75f65a0c2901562f97cd41cf86?s=96&d=mm&r=g","contentUrl":"https:\/\/secure.gravatar.com\/avatar\/0e37bb19071f47c0b8a23f62a903df117c5a0e75f65a0c2901562f97cd41cf86?s=96&d=mm&r=g","caption":"ritanery"}}]}},"amp_enabled":true,"_links":{"self":[{"href":"https:\/\/radiolifefm.com.br\/noticias\/wp-json\/wp\/v2\/posts\/43070","targetHints":{"allow":["GET"]}}],"collection":[{"href":"https:\/\/radiolifefm.com.br\/noticias\/wp-json\/wp\/v2\/posts"}],"about":[{"href":"https:\/\/radiolifefm.com.br\/noticias\/wp-json\/wp\/v2\/types\/post"}],"author":[{"embeddable":true,"href":"https:\/\/radiolifefm.com.br\/noticias\/wp-json\/wp\/v2\/users\/13"}],"replies":[{"embeddable":true,"href":"https:\/\/radiolifefm.com.br\/noticias\/wp-json\/wp\/v2\/comments?post=43070"}],"version-history":[{"count":2,"href":"https:\/\/radiolifefm.com.br\/noticias\/wp-json\/wp\/v2\/posts\/43070\/revisions"}],"predecessor-version":[{"id":43079,"href":"https:\/\/radiolifefm.com.br\/noticias\/wp-json\/wp\/v2\/posts\/43070\/revisions\/43079"}],"wp:featuredmedia":[{"embeddable":true,"href":"https:\/\/radiolifefm.com.br\/noticias\/wp-json\/wp\/v2\/media\/43071"}],"wp:attachment":[{"href":"https:\/\/radiolifefm.com.br\/noticias\/wp-json\/wp\/v2\/media?parent=43070"}],"wp:term":[{"taxonomy":"category","embeddable":true,"href":"https:\/\/radiolifefm.com.br\/noticias\/wp-json\/wp\/v2\/categories?post=43070"},{"taxonomy":"post_tag","embeddable":true,"href":"https:\/\/radiolifefm.com.br\/noticias\/wp-json\/wp\/v2\/tags?post=43070"}],"curies":[{"name":"wp","href":"https:\/\/api.w.org\/{rel}","templated":true}]}}