{"id":43032,"date":"2021-09-22T09:33:54","date_gmt":"2021-09-22T12:33:54","guid":{"rendered":"https:\/\/radiolifefm.com.br\/noticias\/?p=43032"},"modified":"2026-03-28T06:36:53","modified_gmt":"2026-03-28T09:36:53","slug":"construcao-de-passagem-para-moradores-do-parque-do-sol-volta-a-ser-reivindicada-na-camaraadamantina","status":"publish","type":"post","link":"https:\/\/radiolifefm.com.br\/noticias\/construcao-de-passagem-para-moradores-do-parque-do-sol-volta-a-ser-reivindicada-na-camaraadamantina\/","title":{"rendered":"Constru\u00e7\u00e3o de passagem para moradores do Parque do Sol volta a ser reivindicada na C\u00e2mara"},"content":{"rendered":"<div id=\"fb-root\"><\/div>\n<p>Em sess\u00e3o ordin\u00e1ria da C\u00e2mara Municipal ocorrida na noite da segunda-feira (13) um antigo pedido voltou a ser apresentado no plen\u00e1rio da C\u00e2mara Municipal, endere\u00e7ado \u00e0 Prefeitura de Adamantina. Trata-se da constru\u00e7\u00e3o de uma passagem adequada para os pedestres residentes no Parque do Sol.<\/p>\n<p>&nbsp;<\/p>\n<p>Na indica\u00e7\u00e3o n\u00ba 645\/21 \u00e9 solicitada a viabiliza\u00e7\u00e3o de uma passagem segura, por\u00e9m, sem especificar o modelo. Em mandatos anteriores outros vereadores tamb\u00e9m pleitearam a obra. Inclusive, na Legislatura 2017\/2020 a vereadora Dinha Santos Gil (DEM) e na Legislatura 2013\/2016 a vereadora Noriko Saito (PV) apresentaram reivindica\u00e7\u00f5es de uma passarela no local.<\/p>\n<p>&nbsp;<\/p>\n<p>O risco enfrentado pela popula\u00e7\u00e3o daquela regi\u00e3o se d\u00e1 em raz\u00e3o de o bairro ficar separado da \u00e1rea urbana da cidade pela Rodovia Comandante Jo\u00e3o Ribeiro de Barros (SP-294), dessa forma, precisam diariamente cruzar a pista de tr\u00e1fego intenso.<\/p>\n<p>&nbsp;<\/p>\n<p>\u201cOs moradores n\u00e3o t\u00eam outra alternativa a n\u00e3o ser cruzar a Rodovia para fazer o trajeto Bairro-Cidade e vice versa, colocando suas vidas em risco diariamente\u201d, disse o vereador Rafael Pacheco (PODE).<\/p>\n<p>&nbsp;<\/p>\n<p>A Indica\u00e7\u00e3o passou pelo plen\u00e1rio do legislativo e foi encaminha ao Executivo para an\u00e1lise e poss\u00edveis provid\u00eancias.<\/p>\n<p>&nbsp;<\/p>\n<p>&nbsp;<\/p>\n<p>Fonte: Adamantina Net<\/p>\n","protected":false},"excerpt":{"rendered":"<p>Em sess\u00e3o ordin\u00e1ria da C\u00e2mara Municipal ocorrida na noite da segunda-feira (13) um antigo pedido voltou a ser apresentado no plen\u00e1rio da C\u00e2mara Municipal, endere\u00e7ado \u00e0 Prefeitura de Adamantina. Trata-se da constru\u00e7\u00e3o de uma passagem adequada para os pedestres residentes no Parque do Sol. &nbsp; Na indica\u00e7\u00e3o n\u00ba 645\/21 \u00e9 solicitada a viabiliza\u00e7\u00e3o de uma [&hellip;]<\/p>\n","protected":false},"author":13,"featured_media":43033,"comment_status":"closed","ping_status":"open","sticky":false,"template":"","format":"standard","meta":{"_acf_changed":false,"_exactmetrics_skip_tracking":false,"_exactmetrics_sitenote_active":false,"_exactmetrics_sitenote_note":"","_exactmetrics_sitenote_category":0,"footnotes":""},"categories":[21],"tags":[],"class_list":["post-43032","post","type-post","status-publish","format-standard","has-post-thumbnail","hentry","category-adamantina"],"acf":[],"yoast_head":"<!-- This site is optimized with the Yoast SEO plugin v27.2 - https:\/\/yoast.com\/product\/yoast-seo-wordpress\/ -->\n<title>Constru\u00e7\u00e3o de passagem para moradores do Parque do Sol volta a ser reivindicada na C\u00e2mara - R\u00e1dio Life FM<\/title>\n<meta name=\"robots\" content=\"index, follow, max-snippet:-1, max-image-preview:large, max-video-preview:-1\" \/>\n<link rel=\"canonical\" href=\"https:\/\/radiolifefm.com.br\/noticias\/construcao-de-passagem-para-moradores-do-parque-do-sol-volta-a-ser-reivindicada-na-camaraadamantina\/\" \/>\n<meta property=\"og:locale\" content=\"pt_BR\" \/>\n<meta property=\"og:type\" content=\"article\" \/>\n<meta property=\"og:title\" content=\"Constru\u00e7\u00e3o de passagem para moradores do Parque do Sol volta a ser reivindicada na C\u00e2mara - R\u00e1dio Life FM\" \/>\n<meta property=\"og:description\" content=\"Em sess\u00e3o ordin\u00e1ria da C\u00e2mara Municipal ocorrida na noite da segunda-feira (13) um antigo pedido voltou a ser apresentado no plen\u00e1rio da C\u00e2mara Municipal, endere\u00e7ado \u00e0 Prefeitura de Adamantina. Trata-se da constru\u00e7\u00e3o de uma passagem adequada para os pedestres residentes no Parque do Sol. &nbsp; Na indica\u00e7\u00e3o n\u00ba 645\/21 \u00e9 solicitada a viabiliza\u00e7\u00e3o de uma [&hellip;]\" \/>\n<meta property=\"og:url\" content=\"https:\/\/radiolifefm.com.br\/noticias\/construcao-de-passagem-para-moradores-do-parque-do-sol-volta-a-ser-reivindicada-na-camaraadamantina\/\" \/>\n<meta property=\"og:site_name\" content=\"R\u00e1dio Life FM\" \/>\n<meta property=\"article:publisher\" content=\"https:\/\/www.facebook.com\/radiolifefm\/\" \/>\n<meta property=\"article:published_time\" content=\"2021-09-22T12:33:54+00:00\" \/>\n<meta property=\"article:modified_time\" content=\"2026-03-28T09:36:53+00:00\" \/>\n<meta property=\"og:image\" content=\"https:\/\/radiolifefm.com.br\/noticias\/wp-content\/uploads\/2021\/09\/F49-2.jpg\" \/>\n\t<meta property=\"og:image:width\" content=\"1480\" \/>\n\t<meta property=\"og:image:height\" content=\"832\" \/>\n\t<meta property=\"og:image:type\" content=\"image\/jpeg\" \/>\n<meta name=\"author\" content=\"ritanery\" \/>\n<meta name=\"twitter:card\" content=\"summary_large_image\" \/>\n<meta name=\"twitter:label1\" content=\"Escrito por\" \/>\n\t<meta name=\"twitter:data1\" content=\"ritanery\" \/>\n\t<meta name=\"twitter:label2\" content=\"Est. tempo de leitura\" \/>\n\t<meta name=\"twitter:data2\" content=\"1 minuto\" \/>\n<script type=\"application\/ld+json\" class=\"yoast-schema-graph\">{\"@context\":\"https:\/\/schema.org\",\"@graph\":[{\"@type\":\"Article\",\"@id\":\"https:\/\/radiolifefm.com.br\/noticias\/construcao-de-passagem-para-moradores-do-parque-do-sol-volta-a-ser-reivindicada-na-camaraadamantina\/#article\",\"isPartOf\":{\"@id\":\"https:\/\/radiolifefm.com.br\/noticias\/construcao-de-passagem-para-moradores-do-parque-do-sol-volta-a-ser-reivindicada-na-camaraadamantina\/\"},\"author\":{\"name\":\"ritanery\",\"@id\":\"https:\/\/radiolifefm.com.br\/noticias\/#\/schema\/person\/6339b9fac59d12b071dec680d7375d87\"},\"headline\":\"Constru\u00e7\u00e3o de passagem para moradores do Parque do Sol volta a ser reivindicada na C\u00e2mara\",\"datePublished\":\"2021-09-22T12:33:54+00:00\",\"dateModified\":\"2026-03-28T09:36:53+00:00\",\"mainEntityOfPage\":{\"@id\":\"https:\/\/radiolifefm.com.br\/noticias\/construcao-de-passagem-para-moradores-do-parque-do-sol-volta-a-ser-reivindicada-na-camaraadamantina\/\"},\"wordCount\":229,\"publisher\":{\"@id\":\"https:\/\/radiolifefm.com.br\/noticias\/#organization\"},\"image\":{\"@id\":\"https:\/\/radiolifefm.com.br\/noticias\/construcao-de-passagem-para-moradores-do-parque-do-sol-volta-a-ser-reivindicada-na-camaraadamantina\/#primaryimage\"},\"thumbnailUrl\":\"https:\/\/radiolifefm.com.br\/noticias\/wp-content\/uploads\/2021\/09\/F49-2.jpg\",\"articleSection\":[\"Adamantina\"],\"inLanguage\":\"pt-BR\"},{\"@type\":\"WebPage\",\"@id\":\"https:\/\/radiolifefm.com.br\/noticias\/construcao-de-passagem-para-moradores-do-parque-do-sol-volta-a-ser-reivindicada-na-camaraadamantina\/\",\"url\":\"https:\/\/radiolifefm.com.br\/noticias\/construcao-de-passagem-para-moradores-do-parque-do-sol-volta-a-ser-reivindicada-na-camaraadamantina\/\",\"name\":\"Constru\u00e7\u00e3o de passagem para moradores do Parque do Sol volta a ser reivindicada na C\u00e2mara - R\u00e1dio Life FM\",\"isPartOf\":{\"@id\":\"https:\/\/radiolifefm.com.br\/noticias\/#website\"},\"primaryImageOfPage\":{\"@id\":\"https:\/\/radiolifefm.com.br\/noticias\/construcao-de-passagem-para-moradores-do-parque-do-sol-volta-a-ser-reivindicada-na-camaraadamantina\/#primaryimage\"},\"image\":{\"@id\":\"https:\/\/radiolifefm.com.br\/noticias\/construcao-de-passagem-para-moradores-do-parque-do-sol-volta-a-ser-reivindicada-na-camaraadamantina\/#primaryimage\"},\"thumbnailUrl\":\"https:\/\/radiolifefm.com.br\/noticias\/wp-content\/uploads\/2021\/09\/F49-2.jpg\",\"datePublished\":\"2021-09-22T12:33:54+00:00\",\"dateModified\":\"2026-03-28T09:36:53+00:00\",\"breadcrumb\":{\"@id\":\"https:\/\/radiolifefm.com.br\/noticias\/construcao-de-passagem-para-moradores-do-parque-do-sol-volta-a-ser-reivindicada-na-camaraadamantina\/#breadcrumb\"},\"inLanguage\":\"pt-BR\",\"potentialAction\":[{\"@type\":\"ReadAction\",\"target\":[\"https:\/\/radiolifefm.com.br\/noticias\/construcao-de-passagem-para-moradores-do-parque-do-sol-volta-a-ser-reivindicada-na-camaraadamantina\/\"]}]},{\"@type\":\"ImageObject\",\"inLanguage\":\"pt-BR\",\"@id\":\"https:\/\/radiolifefm.com.br\/noticias\/construcao-de-passagem-para-moradores-do-parque-do-sol-volta-a-ser-reivindicada-na-camaraadamantina\/#primaryimage\",\"url\":\"https:\/\/radiolifefm.com.br\/noticias\/wp-content\/uploads\/2021\/09\/F49-2.jpg\",\"contentUrl\":\"https:\/\/radiolifefm.com.br\/noticias\/wp-content\/uploads\/2021\/09\/F49-2.jpg\",\"width\":1480,\"height\":832},{\"@type\":\"BreadcrumbList\",\"@id\":\"https:\/\/radiolifefm.com.br\/noticias\/construcao-de-passagem-para-moradores-do-parque-do-sol-volta-a-ser-reivindicada-na-camaraadamantina\/#breadcrumb\",\"itemListElement\":[{\"@type\":\"ListItem\",\"position\":1,\"name\":\"In\u00edcio\",\"item\":\"https:\/\/radiolifefm.com.br\/noticias\/\"},{\"@type\":\"ListItem\",\"position\":2,\"name\":\"Constru\u00e7\u00e3o de passagem para moradores do Parque do Sol volta a ser reivindicada na C\u00e2mara\"}]},{\"@type\":\"WebSite\",\"@id\":\"https:\/\/radiolifefm.com.br\/noticias\/#website\",\"url\":\"https:\/\/radiolifefm.com.br\/noticias\/\",\"name\":\"R\u00e1dio Life FM\",\"description\":\"O Portal de Not\u00edcias de Adamantina\",\"publisher\":{\"@id\":\"https:\/\/radiolifefm.com.br\/noticias\/#organization\"},\"alternateName\":\"Life FM\",\"potentialAction\":[{\"@type\":\"SearchAction\",\"target\":{\"@type\":\"EntryPoint\",\"urlTemplate\":\"https:\/\/radiolifefm.com.br\/noticias\/?s={search_term_string}\"},\"query-input\":{\"@type\":\"PropertyValueSpecification\",\"valueRequired\":true,\"valueName\":\"search_term_string\"}}],\"inLanguage\":\"pt-BR\"},{\"@type\":\"Organization\",\"@id\":\"https:\/\/radiolifefm.com.br\/noticias\/#organization\",\"name\":\"R\u00e1dio Life FM\",\"alternateName\":\"Life FM\",\"url\":\"https:\/\/radiolifefm.com.br\/noticias\/\",\"logo\":{\"@type\":\"ImageObject\",\"inLanguage\":\"pt-BR\",\"@id\":\"https:\/\/radiolifefm.com.br\/noticias\/#\/schema\/logo\/image\/\",\"url\":\"https:\/\/static.radiolifefm.com.br\/noticias\/wp-content\/uploads\/2019\/10\/logo-lifefm.png\",\"contentUrl\":\"https:\/\/static.radiolifefm.com.br\/noticias\/wp-content\/uploads\/2019\/10\/logo-lifefm.png\",\"width\":196,\"height\":47,\"caption\":\"R\u00e1dio Life FM\"},\"image\":{\"@id\":\"https:\/\/radiolifefm.com.br\/noticias\/#\/schema\/logo\/image\/\"},\"sameAs\":[\"https:\/\/www.facebook.com\/radiolifefm\/\",\"https:\/\/www.instagram.com\/life1079fm\/\"]},{\"@type\":\"Person\",\"@id\":\"https:\/\/radiolifefm.com.br\/noticias\/#\/schema\/person\/6339b9fac59d12b071dec680d7375d87\",\"name\":\"ritanery\",\"image\":{\"@type\":\"ImageObject\",\"inLanguage\":\"pt-BR\",\"@id\":\"https:\/\/secure.gravatar.com\/avatar\/0e37bb19071f47c0b8a23f62a903df117c5a0e75f65a0c2901562f97cd41cf86?s=96&d=mm&r=g\",\"url\":\"https:\/\/secure.gravatar.com\/avatar\/0e37bb19071f47c0b8a23f62a903df117c5a0e75f65a0c2901562f97cd41cf86?s=96&d=mm&r=g\",\"contentUrl\":\"https:\/\/secure.gravatar.com\/avatar\/0e37bb19071f47c0b8a23f62a903df117c5a0e75f65a0c2901562f97cd41cf86?s=96&d=mm&r=g\",\"caption\":\"ritanery\"}}]}<\/script>\n<!-- \/ Yoast SEO plugin. -->","yoast_head_json":{"title":"Constru\u00e7\u00e3o de passagem para moradores do Parque do Sol volta a ser reivindicada na C\u00e2mara - R\u00e1dio Life FM","robots":{"index":"index","follow":"follow","max-snippet":"max-snippet:-1","max-image-preview":"max-image-preview:large","max-video-preview":"max-video-preview:-1"},"canonical":"https:\/\/radiolifefm.com.br\/noticias\/construcao-de-passagem-para-moradores-do-parque-do-sol-volta-a-ser-reivindicada-na-camaraadamantina\/","og_locale":"pt_BR","og_type":"article","og_title":"Constru\u00e7\u00e3o de passagem para moradores do Parque do Sol volta a ser reivindicada na C\u00e2mara - R\u00e1dio Life FM","og_description":"Em sess\u00e3o ordin\u00e1ria da C\u00e2mara Municipal ocorrida na noite da segunda-feira (13) um antigo pedido voltou a ser apresentado no plen\u00e1rio da C\u00e2mara Municipal, endere\u00e7ado \u00e0 Prefeitura de Adamantina. Trata-se da constru\u00e7\u00e3o de uma passagem adequada para os pedestres residentes no Parque do Sol. &nbsp; Na indica\u00e7\u00e3o n\u00ba 645\/21 \u00e9 solicitada a viabiliza\u00e7\u00e3o de uma [&hellip;]","og_url":"https:\/\/radiolifefm.com.br\/noticias\/construcao-de-passagem-para-moradores-do-parque-do-sol-volta-a-ser-reivindicada-na-camaraadamantina\/","og_site_name":"R\u00e1dio Life FM","article_publisher":"https:\/\/www.facebook.com\/radiolifefm\/","article_published_time":"2021-09-22T12:33:54+00:00","article_modified_time":"2026-03-28T09:36:53+00:00","og_image":[{"width":1480,"height":832,"url":"https:\/\/radiolifefm.com.br\/noticias\/wp-content\/uploads\/2021\/09\/F49-2.jpg","type":"image\/jpeg"}],"author":"ritanery","twitter_card":"summary_large_image","twitter_misc":{"Escrito por":"ritanery","Est. tempo de leitura":"1 minuto"},"schema":{"@context":"https:\/\/schema.org","@graph":[{"@type":"Article","@id":"https:\/\/radiolifefm.com.br\/noticias\/construcao-de-passagem-para-moradores-do-parque-do-sol-volta-a-ser-reivindicada-na-camaraadamantina\/#article","isPartOf":{"@id":"https:\/\/radiolifefm.com.br\/noticias\/construcao-de-passagem-para-moradores-do-parque-do-sol-volta-a-ser-reivindicada-na-camaraadamantina\/"},"author":{"name":"ritanery","@id":"https:\/\/radiolifefm.com.br\/noticias\/#\/schema\/person\/6339b9fac59d12b071dec680d7375d87"},"headline":"Constru\u00e7\u00e3o de passagem para moradores do Parque do Sol volta a ser reivindicada na C\u00e2mara","datePublished":"2021-09-22T12:33:54+00:00","dateModified":"2026-03-28T09:36:53+00:00","mainEntityOfPage":{"@id":"https:\/\/radiolifefm.com.br\/noticias\/construcao-de-passagem-para-moradores-do-parque-do-sol-volta-a-ser-reivindicada-na-camaraadamantina\/"},"wordCount":229,"publisher":{"@id":"https:\/\/radiolifefm.com.br\/noticias\/#organization"},"image":{"@id":"https:\/\/radiolifefm.com.br\/noticias\/construcao-de-passagem-para-moradores-do-parque-do-sol-volta-a-ser-reivindicada-na-camaraadamantina\/#primaryimage"},"thumbnailUrl":"https:\/\/radiolifefm.com.br\/noticias\/wp-content\/uploads\/2021\/09\/F49-2.jpg","articleSection":["Adamantina"],"inLanguage":"pt-BR"},{"@type":"WebPage","@id":"https:\/\/radiolifefm.com.br\/noticias\/construcao-de-passagem-para-moradores-do-parque-do-sol-volta-a-ser-reivindicada-na-camaraadamantina\/","url":"https:\/\/radiolifefm.com.br\/noticias\/construcao-de-passagem-para-moradores-do-parque-do-sol-volta-a-ser-reivindicada-na-camaraadamantina\/","name":"Constru\u00e7\u00e3o de passagem para moradores do Parque do Sol volta a ser reivindicada na C\u00e2mara - R\u00e1dio Life FM","isPartOf":{"@id":"https:\/\/radiolifefm.com.br\/noticias\/#website"},"primaryImageOfPage":{"@id":"https:\/\/radiolifefm.com.br\/noticias\/construcao-de-passagem-para-moradores-do-parque-do-sol-volta-a-ser-reivindicada-na-camaraadamantina\/#primaryimage"},"image":{"@id":"https:\/\/radiolifefm.com.br\/noticias\/construcao-de-passagem-para-moradores-do-parque-do-sol-volta-a-ser-reivindicada-na-camaraadamantina\/#primaryimage"},"thumbnailUrl":"https:\/\/radiolifefm.com.br\/noticias\/wp-content\/uploads\/2021\/09\/F49-2.jpg","datePublished":"2021-09-22T12:33:54+00:00","dateModified":"2026-03-28T09:36:53+00:00","breadcrumb":{"@id":"https:\/\/radiolifefm.com.br\/noticias\/construcao-de-passagem-para-moradores-do-parque-do-sol-volta-a-ser-reivindicada-na-camaraadamantina\/#breadcrumb"},"inLanguage":"pt-BR","potentialAction":[{"@type":"ReadAction","target":["https:\/\/radiolifefm.com.br\/noticias\/construcao-de-passagem-para-moradores-do-parque-do-sol-volta-a-ser-reivindicada-na-camaraadamantina\/"]}]},{"@type":"ImageObject","inLanguage":"pt-BR","@id":"https:\/\/radiolifefm.com.br\/noticias\/construcao-de-passagem-para-moradores-do-parque-do-sol-volta-a-ser-reivindicada-na-camaraadamantina\/#primaryimage","url":"https:\/\/radiolifefm.com.br\/noticias\/wp-content\/uploads\/2021\/09\/F49-2.jpg","contentUrl":"https:\/\/radiolifefm.com.br\/noticias\/wp-content\/uploads\/2021\/09\/F49-2.jpg","width":1480,"height":832},{"@type":"BreadcrumbList","@id":"https:\/\/radiolifefm.com.br\/noticias\/construcao-de-passagem-para-moradores-do-parque-do-sol-volta-a-ser-reivindicada-na-camaraadamantina\/#breadcrumb","itemListElement":[{"@type":"ListItem","position":1,"name":"In\u00edcio","item":"https:\/\/radiolifefm.com.br\/noticias\/"},{"@type":"ListItem","position":2,"name":"Constru\u00e7\u00e3o de passagem para moradores do Parque do Sol volta a ser reivindicada na C\u00e2mara"}]},{"@type":"WebSite","@id":"https:\/\/radiolifefm.com.br\/noticias\/#website","url":"https:\/\/radiolifefm.com.br\/noticias\/","name":"R\u00e1dio Life FM","description":"O Portal de Not\u00edcias de Adamantina","publisher":{"@id":"https:\/\/radiolifefm.com.br\/noticias\/#organization"},"alternateName":"Life FM","potentialAction":[{"@type":"SearchAction","target":{"@type":"EntryPoint","urlTemplate":"https:\/\/radiolifefm.com.br\/noticias\/?s={search_term_string}"},"query-input":{"@type":"PropertyValueSpecification","valueRequired":true,"valueName":"search_term_string"}}],"inLanguage":"pt-BR"},{"@type":"Organization","@id":"https:\/\/radiolifefm.com.br\/noticias\/#organization","name":"R\u00e1dio Life FM","alternateName":"Life FM","url":"https:\/\/radiolifefm.com.br\/noticias\/","logo":{"@type":"ImageObject","inLanguage":"pt-BR","@id":"https:\/\/radiolifefm.com.br\/noticias\/#\/schema\/logo\/image\/","url":"https:\/\/static.radiolifefm.com.br\/noticias\/wp-content\/uploads\/2019\/10\/logo-lifefm.png","contentUrl":"https:\/\/static.radiolifefm.com.br\/noticias\/wp-content\/uploads\/2019\/10\/logo-lifefm.png","width":196,"height":47,"caption":"R\u00e1dio Life FM"},"image":{"@id":"https:\/\/radiolifefm.com.br\/noticias\/#\/schema\/logo\/image\/"},"sameAs":["https:\/\/www.facebook.com\/radiolifefm\/","https:\/\/www.instagram.com\/life1079fm\/"]},{"@type":"Person","@id":"https:\/\/radiolifefm.com.br\/noticias\/#\/schema\/person\/6339b9fac59d12b071dec680d7375d87","name":"ritanery","image":{"@type":"ImageObject","inLanguage":"pt-BR","@id":"https:\/\/secure.gravatar.com\/avatar\/0e37bb19071f47c0b8a23f62a903df117c5a0e75f65a0c2901562f97cd41cf86?s=96&d=mm&r=g","url":"https:\/\/secure.gravatar.com\/avatar\/0e37bb19071f47c0b8a23f62a903df117c5a0e75f65a0c2901562f97cd41cf86?s=96&d=mm&r=g","contentUrl":"https:\/\/secure.gravatar.com\/avatar\/0e37bb19071f47c0b8a23f62a903df117c5a0e75f65a0c2901562f97cd41cf86?s=96&d=mm&r=g","caption":"ritanery"}}]}},"amp_enabled":true,"_links":{"self":[{"href":"https:\/\/radiolifefm.com.br\/noticias\/wp-json\/wp\/v2\/posts\/43032","targetHints":{"allow":["GET"]}}],"collection":[{"href":"https:\/\/radiolifefm.com.br\/noticias\/wp-json\/wp\/v2\/posts"}],"about":[{"href":"https:\/\/radiolifefm.com.br\/noticias\/wp-json\/wp\/v2\/types\/post"}],"author":[{"embeddable":true,"href":"https:\/\/radiolifefm.com.br\/noticias\/wp-json\/wp\/v2\/users\/13"}],"replies":[{"embeddable":true,"href":"https:\/\/radiolifefm.com.br\/noticias\/wp-json\/wp\/v2\/comments?post=43032"}],"version-history":[{"count":1,"href":"https:\/\/radiolifefm.com.br\/noticias\/wp-json\/wp\/v2\/posts\/43032\/revisions"}],"predecessor-version":[{"id":43034,"href":"https:\/\/radiolifefm.com.br\/noticias\/wp-json\/wp\/v2\/posts\/43032\/revisions\/43034"}],"wp:featuredmedia":[{"embeddable":true,"href":"https:\/\/radiolifefm.com.br\/noticias\/wp-json\/wp\/v2\/media\/43033"}],"wp:attachment":[{"href":"https:\/\/radiolifefm.com.br\/noticias\/wp-json\/wp\/v2\/media?parent=43032"}],"wp:term":[{"taxonomy":"category","embeddable":true,"href":"https:\/\/radiolifefm.com.br\/noticias\/wp-json\/wp\/v2\/categories?post=43032"},{"taxonomy":"post_tag","embeddable":true,"href":"https:\/\/radiolifefm.com.br\/noticias\/wp-json\/wp\/v2\/tags?post=43032"}],"curies":[{"name":"wp","href":"https:\/\/api.w.org\/{rel}","templated":true}]}}