{"id":43028,"date":"2021-09-21T22:55:39","date_gmt":"2021-09-22T01:55:39","guid":{"rendered":"https:\/\/radiolifefm.com.br\/noticias\/?p=43028"},"modified":"2026-04-12T07:11:08","modified_gmt":"2026-04-12T10:11:08","slug":"titulo-de-cidadao-adamantinense-ao-professor-francisco-torturello-xycao-e-aprovado-por-unanimidade-no-legislativo","status":"publish","type":"post","link":"https:\/\/radiolifefm.com.br\/noticias\/titulo-de-cidadao-adamantinense-ao-professor-francisco-torturello-xycao-e-aprovado-por-unanimidade-no-legislativo\/","title":{"rendered":"T\u00edtulo de Cidad\u00e3o Adamantinense ao professor Francisco Torturello \u2018Xyc\u00e3o\u2019 \u00e9 aprovado por unanimidade no Legislativo"},"content":{"rendered":"<div id=\"fb-root\"><\/div>\n<p>Durante a sess\u00e3o ordin\u00e1ria realizada na noite de ontem (segunda-feira) foi aprovado no plen\u00e1rio da C\u00e2mara Municipal o Projeto de Decreto Legislativo n\u00ba 4, de 20 de setembro de 2021, que concede o T\u00edtulo de Cidad\u00e3o Adamantina ao professor Francisco Torturello, chamado carinhosamente pelos amigos por \u2018Xyc\u00e3o\u2019.<\/p>\n<p>&nbsp;<\/p>\n<p>O PDL \u00e9 de autoria dos vereadores H\u00e9lio Santos (PL), Aguinaldo Galv\u00e3o (DEM), Noriko Saito (PV), Cid Santos (DEM) e Ricardo Cangir\u00e3o (DEM).<\/p>\n<p>&nbsp;<\/p>\n<p>A aprova\u00e7\u00e3o ocorreu por unanimidade dos votos, sendo assim, os nove vereadores subscreveram a iniciativa.<\/p>\n<p>&nbsp;<\/p>\n<p>O professor Francisco Torturello ocupa atualmente o cargo de Diretor do Escrit\u00f3rio de Desenvolvimento Regional em Presidente Prudente, que atende os 53 munic\u00edpios da 10\u00aa regi\u00e3o administrativa.<\/p>\n<p>&nbsp;<\/p>\n<p>Na justificativa, os autores, representados por H\u00e9lio Santos, expuseram uma breve biografia de Xyc\u00e3o: \u201cO Professor Francisco Torturelo, nasceu em 08 de mar\u00e7o de 1948, no C\u00f3rrego da On\u00e7a (Fazenda Santa B\u00e1rbara e S\u00edtio S\u00e3o Pedro), munic\u00edpio de Adamantina, mas foi registrado na cidade de Luc\u00e9lia (Comarca de Luc\u00e9lia). Filia\u00e7\u00e3o: Pedro Torturelo e Sav\u00e9ria Camilo Torturelo e teve 10 (dez) irm\u00e3os. Casou-se em Adamantina em 1971, na Matriz de Santo Ant\u00f4nio, com a Prof\u00aa. Neide Izabel e as duas filhas mais velhas Marusca e Priscila e Christiane, nasceram em Adamantina. A fam\u00edlia Residiu no C\u00f3rrego da On\u00e7a de 1947 at\u00e9 1961. Veio morar na cidade de Adamantina, principalmente para os filhos estudarem. Na Rua Dona Josefina Dalla Ant\u00f4nia Tiveron, em frente Esta\u00e7\u00e3o da FEPASA. Atualmente ele reside no munic\u00edpio de Presidente Prudente, mas ainda possui muitos familiares em Adamantina. Em 1975 mudou-se para a cidade Osvaldo Cruz para atuar no cargo de Professor Efetivo da Secretaria Estadual de Educa\u00e7\u00e3o (professor, vice-diretor, diretor, supervisor de ensino e delegado de ensino). Em 1995 mudou-se para a cidade de Presidente Prudente, onde permanece at\u00e9 os dias de hoje\u201d.<\/p>\n<p>&nbsp;<\/p>\n<p>A forma de entrega da honraria ainda ser\u00e1 definida pela C\u00e2mara de Adamantina: em sess\u00e3o solene convocada para esse fim, ficando vedada sua realiza\u00e7\u00e3o no per\u00edodo de 90 dias que antecede as datas de elei\u00e7\u00f5es municipais, estaduais ou federais e 30 dias ap\u00f3s sua realiza\u00e7\u00e3o, em conson\u00e2ncia com as veda\u00e7\u00f5es previstas na legisla\u00e7\u00e3o eleitoral vigente; enviada ao homenageado, que poder\u00e1 ser entregue por representante do Poder Legislativo em qualquer tempo e dispensadas as formalidades e cerimonial.<\/p>\n<p>&nbsp;<\/p>\n<p>&nbsp;<\/p>\n<p>Fonte: Adamantina Net<\/p>\n","protected":false},"excerpt":{"rendered":"<p>Durante a sess\u00e3o ordin\u00e1ria realizada na noite de ontem (segunda-feira) foi aprovado no plen\u00e1rio da C\u00e2mara Municipal o Projeto de Decreto Legislativo n\u00ba 4, de 20 de setembro de 2021, que concede o T\u00edtulo de Cidad\u00e3o Adamantina ao professor Francisco Torturello, chamado carinhosamente pelos amigos por \u2018Xyc\u00e3o\u2019. &nbsp; O PDL \u00e9 de autoria dos vereadores [&hellip;]<\/p>\n","protected":false},"author":13,"featured_media":43029,"comment_status":"open","ping_status":"open","sticky":false,"template":"","format":"standard","meta":{"_acf_changed":false,"_exactmetrics_skip_tracking":false,"_exactmetrics_sitenote_active":false,"_exactmetrics_sitenote_note":"","_exactmetrics_sitenote_category":0,"footnotes":""},"categories":[21],"tags":[],"class_list":["post-43028","post","type-post","status-publish","format-standard","has-post-thumbnail","hentry","category-adamantina"],"acf":[],"yoast_head":"<!-- This site is optimized with the Yoast SEO plugin v27.2 - https:\/\/yoast.com\/product\/yoast-seo-wordpress\/ -->\n<title>T\u00edtulo de Cidad\u00e3o Adamantinense ao professor Francisco Torturello \u2018Xyc\u00e3o\u2019 \u00e9 aprovado por unanimidade no Legislativo - R\u00e1dio Life FM<\/title>\n<meta name=\"robots\" content=\"index, follow, max-snippet:-1, max-image-preview:large, max-video-preview:-1\" \/>\n<link rel=\"canonical\" href=\"https:\/\/radiolifefm.com.br\/noticias\/titulo-de-cidadao-adamantinense-ao-professor-francisco-torturello-xycao-e-aprovado-por-unanimidade-no-legislativo\/\" \/>\n<meta property=\"og:locale\" content=\"pt_BR\" \/>\n<meta property=\"og:type\" content=\"article\" \/>\n<meta property=\"og:title\" content=\"T\u00edtulo de Cidad\u00e3o Adamantinense ao professor Francisco Torturello \u2018Xyc\u00e3o\u2019 \u00e9 aprovado por unanimidade no Legislativo - R\u00e1dio Life FM\" \/>\n<meta property=\"og:description\" content=\"Durante a sess\u00e3o ordin\u00e1ria realizada na noite de ontem (segunda-feira) foi aprovado no plen\u00e1rio da C\u00e2mara Municipal o Projeto de Decreto Legislativo n\u00ba 4, de 20 de setembro de 2021, que concede o T\u00edtulo de Cidad\u00e3o Adamantina ao professor Francisco Torturello, chamado carinhosamente pelos amigos por \u2018Xyc\u00e3o\u2019. &nbsp; O PDL \u00e9 de autoria dos vereadores [&hellip;]\" \/>\n<meta property=\"og:url\" content=\"https:\/\/radiolifefm.com.br\/noticias\/titulo-de-cidadao-adamantinense-ao-professor-francisco-torturello-xycao-e-aprovado-por-unanimidade-no-legislativo\/\" \/>\n<meta property=\"og:site_name\" content=\"R\u00e1dio Life FM\" \/>\n<meta property=\"article:publisher\" content=\"https:\/\/www.facebook.com\/radiolifefm\/\" \/>\n<meta property=\"article:published_time\" content=\"2021-09-22T01:55:39+00:00\" \/>\n<meta property=\"article:modified_time\" content=\"2026-04-12T10:11:08+00:00\" \/>\n<meta property=\"og:image\" content=\"https:\/\/radiolifefm.com.br\/noticias\/wp-content\/uploads\/2021\/09\/COR-CHICAO-ENTREVISTA-1.jpg\" \/>\n\t<meta property=\"og:image:width\" content=\"1000\" \/>\n\t<meta property=\"og:image:height\" content=\"643\" \/>\n\t<meta property=\"og:image:type\" content=\"image\/jpeg\" \/>\n<meta name=\"author\" content=\"ritanery\" \/>\n<meta name=\"twitter:card\" content=\"summary_large_image\" \/>\n<meta name=\"twitter:label1\" content=\"Escrito por\" \/>\n\t<meta name=\"twitter:data1\" content=\"ritanery\" \/>\n\t<meta name=\"twitter:label2\" content=\"Est. tempo de leitura\" \/>\n\t<meta name=\"twitter:data2\" content=\"2 minutos\" \/>\n<script type=\"application\/ld+json\" class=\"yoast-schema-graph\">{\"@context\":\"https:\/\/schema.org\",\"@graph\":[{\"@type\":\"Article\",\"@id\":\"https:\/\/radiolifefm.com.br\/noticias\/titulo-de-cidadao-adamantinense-ao-professor-francisco-torturello-xycao-e-aprovado-por-unanimidade-no-legislativo\/#article\",\"isPartOf\":{\"@id\":\"https:\/\/radiolifefm.com.br\/noticias\/titulo-de-cidadao-adamantinense-ao-professor-francisco-torturello-xycao-e-aprovado-por-unanimidade-no-legislativo\/\"},\"author\":{\"name\":\"ritanery\",\"@id\":\"https:\/\/radiolifefm.com.br\/noticias\/#\/schema\/person\/6339b9fac59d12b071dec680d7375d87\"},\"headline\":\"T\u00edtulo de Cidad\u00e3o Adamantinense ao professor Francisco Torturello \u2018Xyc\u00e3o\u2019 \u00e9 aprovado por unanimidade no Legislativo\",\"datePublished\":\"2021-09-22T01:55:39+00:00\",\"dateModified\":\"2026-04-12T10:11:08+00:00\",\"mainEntityOfPage\":{\"@id\":\"https:\/\/radiolifefm.com.br\/noticias\/titulo-de-cidadao-adamantinense-ao-professor-francisco-torturello-xycao-e-aprovado-por-unanimidade-no-legislativo\/\"},\"wordCount\":430,\"commentCount\":0,\"publisher\":{\"@id\":\"https:\/\/radiolifefm.com.br\/noticias\/#organization\"},\"image\":{\"@id\":\"https:\/\/radiolifefm.com.br\/noticias\/titulo-de-cidadao-adamantinense-ao-professor-francisco-torturello-xycao-e-aprovado-por-unanimidade-no-legislativo\/#primaryimage\"},\"thumbnailUrl\":\"https:\/\/radiolifefm.com.br\/noticias\/wp-content\/uploads\/2021\/09\/COR-CHICAO-ENTREVISTA-1.jpg\",\"articleSection\":[\"Adamantina\"],\"inLanguage\":\"pt-BR\",\"potentialAction\":[{\"@type\":\"CommentAction\",\"name\":\"Comment\",\"target\":[\"https:\/\/radiolifefm.com.br\/noticias\/titulo-de-cidadao-adamantinense-ao-professor-francisco-torturello-xycao-e-aprovado-por-unanimidade-no-legislativo\/#respond\"]}]},{\"@type\":\"WebPage\",\"@id\":\"https:\/\/radiolifefm.com.br\/noticias\/titulo-de-cidadao-adamantinense-ao-professor-francisco-torturello-xycao-e-aprovado-por-unanimidade-no-legislativo\/\",\"url\":\"https:\/\/radiolifefm.com.br\/noticias\/titulo-de-cidadao-adamantinense-ao-professor-francisco-torturello-xycao-e-aprovado-por-unanimidade-no-legislativo\/\",\"name\":\"T\u00edtulo de Cidad\u00e3o Adamantinense ao professor Francisco Torturello \u2018Xyc\u00e3o\u2019 \u00e9 aprovado por unanimidade no Legislativo - R\u00e1dio Life FM\",\"isPartOf\":{\"@id\":\"https:\/\/radiolifefm.com.br\/noticias\/#website\"},\"primaryImageOfPage\":{\"@id\":\"https:\/\/radiolifefm.com.br\/noticias\/titulo-de-cidadao-adamantinense-ao-professor-francisco-torturello-xycao-e-aprovado-por-unanimidade-no-legislativo\/#primaryimage\"},\"image\":{\"@id\":\"https:\/\/radiolifefm.com.br\/noticias\/titulo-de-cidadao-adamantinense-ao-professor-francisco-torturello-xycao-e-aprovado-por-unanimidade-no-legislativo\/#primaryimage\"},\"thumbnailUrl\":\"https:\/\/radiolifefm.com.br\/noticias\/wp-content\/uploads\/2021\/09\/COR-CHICAO-ENTREVISTA-1.jpg\",\"datePublished\":\"2021-09-22T01:55:39+00:00\",\"dateModified\":\"2026-04-12T10:11:08+00:00\",\"breadcrumb\":{\"@id\":\"https:\/\/radiolifefm.com.br\/noticias\/titulo-de-cidadao-adamantinense-ao-professor-francisco-torturello-xycao-e-aprovado-por-unanimidade-no-legislativo\/#breadcrumb\"},\"inLanguage\":\"pt-BR\",\"potentialAction\":[{\"@type\":\"ReadAction\",\"target\":[\"https:\/\/radiolifefm.com.br\/noticias\/titulo-de-cidadao-adamantinense-ao-professor-francisco-torturello-xycao-e-aprovado-por-unanimidade-no-legislativo\/\"]}]},{\"@type\":\"ImageObject\",\"inLanguage\":\"pt-BR\",\"@id\":\"https:\/\/radiolifefm.com.br\/noticias\/titulo-de-cidadao-adamantinense-ao-professor-francisco-torturello-xycao-e-aprovado-por-unanimidade-no-legislativo\/#primaryimage\",\"url\":\"https:\/\/radiolifefm.com.br\/noticias\/wp-content\/uploads\/2021\/09\/COR-CHICAO-ENTREVISTA-1.jpg\",\"contentUrl\":\"https:\/\/radiolifefm.com.br\/noticias\/wp-content\/uploads\/2021\/09\/COR-CHICAO-ENTREVISTA-1.jpg\",\"width\":1000,\"height\":643},{\"@type\":\"BreadcrumbList\",\"@id\":\"https:\/\/radiolifefm.com.br\/noticias\/titulo-de-cidadao-adamantinense-ao-professor-francisco-torturello-xycao-e-aprovado-por-unanimidade-no-legislativo\/#breadcrumb\",\"itemListElement\":[{\"@type\":\"ListItem\",\"position\":1,\"name\":\"In\u00edcio\",\"item\":\"https:\/\/radiolifefm.com.br\/noticias\/\"},{\"@type\":\"ListItem\",\"position\":2,\"name\":\"T\u00edtulo de Cidad\u00e3o Adamantinense ao professor Francisco Torturello \u2018Xyc\u00e3o\u2019 \u00e9 aprovado por unanimidade no Legislativo\"}]},{\"@type\":\"WebSite\",\"@id\":\"https:\/\/radiolifefm.com.br\/noticias\/#website\",\"url\":\"https:\/\/radiolifefm.com.br\/noticias\/\",\"name\":\"R\u00e1dio Life FM\",\"description\":\"O Portal de Not\u00edcias de Adamantina\",\"publisher\":{\"@id\":\"https:\/\/radiolifefm.com.br\/noticias\/#organization\"},\"alternateName\":\"Life FM\",\"potentialAction\":[{\"@type\":\"SearchAction\",\"target\":{\"@type\":\"EntryPoint\",\"urlTemplate\":\"https:\/\/radiolifefm.com.br\/noticias\/?s={search_term_string}\"},\"query-input\":{\"@type\":\"PropertyValueSpecification\",\"valueRequired\":true,\"valueName\":\"search_term_string\"}}],\"inLanguage\":\"pt-BR\"},{\"@type\":\"Organization\",\"@id\":\"https:\/\/radiolifefm.com.br\/noticias\/#organization\",\"name\":\"R\u00e1dio Life FM\",\"alternateName\":\"Life FM\",\"url\":\"https:\/\/radiolifefm.com.br\/noticias\/\",\"logo\":{\"@type\":\"ImageObject\",\"inLanguage\":\"pt-BR\",\"@id\":\"https:\/\/radiolifefm.com.br\/noticias\/#\/schema\/logo\/image\/\",\"url\":\"https:\/\/static.radiolifefm.com.br\/noticias\/wp-content\/uploads\/2019\/10\/logo-lifefm.png\",\"contentUrl\":\"https:\/\/static.radiolifefm.com.br\/noticias\/wp-content\/uploads\/2019\/10\/logo-lifefm.png\",\"width\":196,\"height\":47,\"caption\":\"R\u00e1dio Life FM\"},\"image\":{\"@id\":\"https:\/\/radiolifefm.com.br\/noticias\/#\/schema\/logo\/image\/\"},\"sameAs\":[\"https:\/\/www.facebook.com\/radiolifefm\/\",\"https:\/\/www.instagram.com\/life1079fm\/\"]},{\"@type\":\"Person\",\"@id\":\"https:\/\/radiolifefm.com.br\/noticias\/#\/schema\/person\/6339b9fac59d12b071dec680d7375d87\",\"name\":\"ritanery\",\"image\":{\"@type\":\"ImageObject\",\"inLanguage\":\"pt-BR\",\"@id\":\"https:\/\/secure.gravatar.com\/avatar\/0e37bb19071f47c0b8a23f62a903df117c5a0e75f65a0c2901562f97cd41cf86?s=96&d=mm&r=g\",\"url\":\"https:\/\/secure.gravatar.com\/avatar\/0e37bb19071f47c0b8a23f62a903df117c5a0e75f65a0c2901562f97cd41cf86?s=96&d=mm&r=g\",\"contentUrl\":\"https:\/\/secure.gravatar.com\/avatar\/0e37bb19071f47c0b8a23f62a903df117c5a0e75f65a0c2901562f97cd41cf86?s=96&d=mm&r=g\",\"caption\":\"ritanery\"}}]}<\/script>\n<!-- \/ Yoast SEO plugin. -->","yoast_head_json":{"title":"T\u00edtulo de Cidad\u00e3o Adamantinense ao professor Francisco Torturello \u2018Xyc\u00e3o\u2019 \u00e9 aprovado por unanimidade no Legislativo - R\u00e1dio Life FM","robots":{"index":"index","follow":"follow","max-snippet":"max-snippet:-1","max-image-preview":"max-image-preview:large","max-video-preview":"max-video-preview:-1"},"canonical":"https:\/\/radiolifefm.com.br\/noticias\/titulo-de-cidadao-adamantinense-ao-professor-francisco-torturello-xycao-e-aprovado-por-unanimidade-no-legislativo\/","og_locale":"pt_BR","og_type":"article","og_title":"T\u00edtulo de Cidad\u00e3o Adamantinense ao professor Francisco Torturello \u2018Xyc\u00e3o\u2019 \u00e9 aprovado por unanimidade no Legislativo - R\u00e1dio Life FM","og_description":"Durante a sess\u00e3o ordin\u00e1ria realizada na noite de ontem (segunda-feira) foi aprovado no plen\u00e1rio da C\u00e2mara Municipal o Projeto de Decreto Legislativo n\u00ba 4, de 20 de setembro de 2021, que concede o T\u00edtulo de Cidad\u00e3o Adamantina ao professor Francisco Torturello, chamado carinhosamente pelos amigos por \u2018Xyc\u00e3o\u2019. &nbsp; O PDL \u00e9 de autoria dos vereadores [&hellip;]","og_url":"https:\/\/radiolifefm.com.br\/noticias\/titulo-de-cidadao-adamantinense-ao-professor-francisco-torturello-xycao-e-aprovado-por-unanimidade-no-legislativo\/","og_site_name":"R\u00e1dio Life FM","article_publisher":"https:\/\/www.facebook.com\/radiolifefm\/","article_published_time":"2021-09-22T01:55:39+00:00","article_modified_time":"2026-04-12T10:11:08+00:00","og_image":[{"width":1000,"height":643,"url":"https:\/\/radiolifefm.com.br\/noticias\/wp-content\/uploads\/2021\/09\/COR-CHICAO-ENTREVISTA-1.jpg","type":"image\/jpeg"}],"author":"ritanery","twitter_card":"summary_large_image","twitter_misc":{"Escrito por":"ritanery","Est. tempo de leitura":"2 minutos"},"schema":{"@context":"https:\/\/schema.org","@graph":[{"@type":"Article","@id":"https:\/\/radiolifefm.com.br\/noticias\/titulo-de-cidadao-adamantinense-ao-professor-francisco-torturello-xycao-e-aprovado-por-unanimidade-no-legislativo\/#article","isPartOf":{"@id":"https:\/\/radiolifefm.com.br\/noticias\/titulo-de-cidadao-adamantinense-ao-professor-francisco-torturello-xycao-e-aprovado-por-unanimidade-no-legislativo\/"},"author":{"name":"ritanery","@id":"https:\/\/radiolifefm.com.br\/noticias\/#\/schema\/person\/6339b9fac59d12b071dec680d7375d87"},"headline":"T\u00edtulo de Cidad\u00e3o Adamantinense ao professor Francisco Torturello \u2018Xyc\u00e3o\u2019 \u00e9 aprovado por unanimidade no Legislativo","datePublished":"2021-09-22T01:55:39+00:00","dateModified":"2026-04-12T10:11:08+00:00","mainEntityOfPage":{"@id":"https:\/\/radiolifefm.com.br\/noticias\/titulo-de-cidadao-adamantinense-ao-professor-francisco-torturello-xycao-e-aprovado-por-unanimidade-no-legislativo\/"},"wordCount":430,"commentCount":0,"publisher":{"@id":"https:\/\/radiolifefm.com.br\/noticias\/#organization"},"image":{"@id":"https:\/\/radiolifefm.com.br\/noticias\/titulo-de-cidadao-adamantinense-ao-professor-francisco-torturello-xycao-e-aprovado-por-unanimidade-no-legislativo\/#primaryimage"},"thumbnailUrl":"https:\/\/radiolifefm.com.br\/noticias\/wp-content\/uploads\/2021\/09\/COR-CHICAO-ENTREVISTA-1.jpg","articleSection":["Adamantina"],"inLanguage":"pt-BR","potentialAction":[{"@type":"CommentAction","name":"Comment","target":["https:\/\/radiolifefm.com.br\/noticias\/titulo-de-cidadao-adamantinense-ao-professor-francisco-torturello-xycao-e-aprovado-por-unanimidade-no-legislativo\/#respond"]}]},{"@type":"WebPage","@id":"https:\/\/radiolifefm.com.br\/noticias\/titulo-de-cidadao-adamantinense-ao-professor-francisco-torturello-xycao-e-aprovado-por-unanimidade-no-legislativo\/","url":"https:\/\/radiolifefm.com.br\/noticias\/titulo-de-cidadao-adamantinense-ao-professor-francisco-torturello-xycao-e-aprovado-por-unanimidade-no-legislativo\/","name":"T\u00edtulo de Cidad\u00e3o Adamantinense ao professor Francisco Torturello \u2018Xyc\u00e3o\u2019 \u00e9 aprovado por unanimidade no Legislativo - R\u00e1dio Life FM","isPartOf":{"@id":"https:\/\/radiolifefm.com.br\/noticias\/#website"},"primaryImageOfPage":{"@id":"https:\/\/radiolifefm.com.br\/noticias\/titulo-de-cidadao-adamantinense-ao-professor-francisco-torturello-xycao-e-aprovado-por-unanimidade-no-legislativo\/#primaryimage"},"image":{"@id":"https:\/\/radiolifefm.com.br\/noticias\/titulo-de-cidadao-adamantinense-ao-professor-francisco-torturello-xycao-e-aprovado-por-unanimidade-no-legislativo\/#primaryimage"},"thumbnailUrl":"https:\/\/radiolifefm.com.br\/noticias\/wp-content\/uploads\/2021\/09\/COR-CHICAO-ENTREVISTA-1.jpg","datePublished":"2021-09-22T01:55:39+00:00","dateModified":"2026-04-12T10:11:08+00:00","breadcrumb":{"@id":"https:\/\/radiolifefm.com.br\/noticias\/titulo-de-cidadao-adamantinense-ao-professor-francisco-torturello-xycao-e-aprovado-por-unanimidade-no-legislativo\/#breadcrumb"},"inLanguage":"pt-BR","potentialAction":[{"@type":"ReadAction","target":["https:\/\/radiolifefm.com.br\/noticias\/titulo-de-cidadao-adamantinense-ao-professor-francisco-torturello-xycao-e-aprovado-por-unanimidade-no-legislativo\/"]}]},{"@type":"ImageObject","inLanguage":"pt-BR","@id":"https:\/\/radiolifefm.com.br\/noticias\/titulo-de-cidadao-adamantinense-ao-professor-francisco-torturello-xycao-e-aprovado-por-unanimidade-no-legislativo\/#primaryimage","url":"https:\/\/radiolifefm.com.br\/noticias\/wp-content\/uploads\/2021\/09\/COR-CHICAO-ENTREVISTA-1.jpg","contentUrl":"https:\/\/radiolifefm.com.br\/noticias\/wp-content\/uploads\/2021\/09\/COR-CHICAO-ENTREVISTA-1.jpg","width":1000,"height":643},{"@type":"BreadcrumbList","@id":"https:\/\/radiolifefm.com.br\/noticias\/titulo-de-cidadao-adamantinense-ao-professor-francisco-torturello-xycao-e-aprovado-por-unanimidade-no-legislativo\/#breadcrumb","itemListElement":[{"@type":"ListItem","position":1,"name":"In\u00edcio","item":"https:\/\/radiolifefm.com.br\/noticias\/"},{"@type":"ListItem","position":2,"name":"T\u00edtulo de Cidad\u00e3o Adamantinense ao professor Francisco Torturello \u2018Xyc\u00e3o\u2019 \u00e9 aprovado por unanimidade no Legislativo"}]},{"@type":"WebSite","@id":"https:\/\/radiolifefm.com.br\/noticias\/#website","url":"https:\/\/radiolifefm.com.br\/noticias\/","name":"R\u00e1dio Life FM","description":"O Portal de Not\u00edcias de Adamantina","publisher":{"@id":"https:\/\/radiolifefm.com.br\/noticias\/#organization"},"alternateName":"Life FM","potentialAction":[{"@type":"SearchAction","target":{"@type":"EntryPoint","urlTemplate":"https:\/\/radiolifefm.com.br\/noticias\/?s={search_term_string}"},"query-input":{"@type":"PropertyValueSpecification","valueRequired":true,"valueName":"search_term_string"}}],"inLanguage":"pt-BR"},{"@type":"Organization","@id":"https:\/\/radiolifefm.com.br\/noticias\/#organization","name":"R\u00e1dio Life FM","alternateName":"Life FM","url":"https:\/\/radiolifefm.com.br\/noticias\/","logo":{"@type":"ImageObject","inLanguage":"pt-BR","@id":"https:\/\/radiolifefm.com.br\/noticias\/#\/schema\/logo\/image\/","url":"https:\/\/static.radiolifefm.com.br\/noticias\/wp-content\/uploads\/2019\/10\/logo-lifefm.png","contentUrl":"https:\/\/static.radiolifefm.com.br\/noticias\/wp-content\/uploads\/2019\/10\/logo-lifefm.png","width":196,"height":47,"caption":"R\u00e1dio Life FM"},"image":{"@id":"https:\/\/radiolifefm.com.br\/noticias\/#\/schema\/logo\/image\/"},"sameAs":["https:\/\/www.facebook.com\/radiolifefm\/","https:\/\/www.instagram.com\/life1079fm\/"]},{"@type":"Person","@id":"https:\/\/radiolifefm.com.br\/noticias\/#\/schema\/person\/6339b9fac59d12b071dec680d7375d87","name":"ritanery","image":{"@type":"ImageObject","inLanguage":"pt-BR","@id":"https:\/\/secure.gravatar.com\/avatar\/0e37bb19071f47c0b8a23f62a903df117c5a0e75f65a0c2901562f97cd41cf86?s=96&d=mm&r=g","url":"https:\/\/secure.gravatar.com\/avatar\/0e37bb19071f47c0b8a23f62a903df117c5a0e75f65a0c2901562f97cd41cf86?s=96&d=mm&r=g","contentUrl":"https:\/\/secure.gravatar.com\/avatar\/0e37bb19071f47c0b8a23f62a903df117c5a0e75f65a0c2901562f97cd41cf86?s=96&d=mm&r=g","caption":"ritanery"}}]}},"amp_enabled":true,"_links":{"self":[{"href":"https:\/\/radiolifefm.com.br\/noticias\/wp-json\/wp\/v2\/posts\/43028","targetHints":{"allow":["GET"]}}],"collection":[{"href":"https:\/\/radiolifefm.com.br\/noticias\/wp-json\/wp\/v2\/posts"}],"about":[{"href":"https:\/\/radiolifefm.com.br\/noticias\/wp-json\/wp\/v2\/types\/post"}],"author":[{"embeddable":true,"href":"https:\/\/radiolifefm.com.br\/noticias\/wp-json\/wp\/v2\/users\/13"}],"replies":[{"embeddable":true,"href":"https:\/\/radiolifefm.com.br\/noticias\/wp-json\/wp\/v2\/comments?post=43028"}],"version-history":[{"count":2,"href":"https:\/\/radiolifefm.com.br\/noticias\/wp-json\/wp\/v2\/posts\/43028\/revisions"}],"predecessor-version":[{"id":43031,"href":"https:\/\/radiolifefm.com.br\/noticias\/wp-json\/wp\/v2\/posts\/43028\/revisions\/43031"}],"wp:featuredmedia":[{"embeddable":true,"href":"https:\/\/radiolifefm.com.br\/noticias\/wp-json\/wp\/v2\/media\/43029"}],"wp:attachment":[{"href":"https:\/\/radiolifefm.com.br\/noticias\/wp-json\/wp\/v2\/media?parent=43028"}],"wp:term":[{"taxonomy":"category","embeddable":true,"href":"https:\/\/radiolifefm.com.br\/noticias\/wp-json\/wp\/v2\/categories?post=43028"},{"taxonomy":"post_tag","embeddable":true,"href":"https:\/\/radiolifefm.com.br\/noticias\/wp-json\/wp\/v2\/tags?post=43028"}],"curies":[{"name":"wp","href":"https:\/\/api.w.org\/{rel}","templated":true}]}}