{"id":42976,"date":"2021-09-20T21:39:18","date_gmt":"2021-09-21T00:39:18","guid":{"rendered":"https:\/\/radiolifefm.com.br\/noticias\/?p=42976"},"modified":"2026-04-09T10:44:09","modified_gmt":"2026-04-09T13:44:09","slug":"prefeitura-arranca-arvores-para-implantar-calcada-na-antonio-tiveron-e-informa-que-ira-repor","status":"publish","type":"post","link":"https:\/\/radiolifefm.com.br\/noticias\/prefeitura-arranca-arvores-para-implantar-calcada-na-antonio-tiveron-e-informa-que-ira-repor\/","title":{"rendered":"Prefeitura arranca \u00e1rvores para implantar cal\u00e7ada na Ant\u00f4nio Tiveron, e informa que ir\u00e1 repor"},"content":{"rendered":"<div id=\"fb-root\"><\/div>\n<p>Uma sequ\u00eancia de \u00e1rvores foi totalmente suprimida pela Prefeitura de Adamantina na Avenida Ant\u00f4nio Tiveron, na Vila Jamil de Lima, trecho entre o antigo Armaz\u00e9m da Fepasa e o almoxarifado municipal.<\/p>\n<p>&nbsp;<\/p>\n<p>A poda radical \u2013 em dias em que o calor chega a registrar temperaturas de 39\u00b0C na cidade, que tamb\u00e9m \u00e9 certificada pelo Governo do Estado de S\u00e3o Paulo com o selo\u00a0<a href=\"https:\/\/www.sigamais.com\/noticias\/cidades\/adamantina-mais-uma-vez-recebe-o-certificado-municipio-verdeazul\/\"><strong>Munic\u00edpio VerdeAzul<\/strong><\/a>\u00a0\u2013 chamou a aten\u00e7\u00e3o de moradores pr\u00f3ximos, que questionaram a medida, e de populares que presenciaram a a\u00e7\u00e3o do poder p\u00fablico municipal. Imagens foram enviadas por internautas ao SIGA MAIS.<\/p>\n<div class='flex flex-wrap items-center -mx-1'>\r\n<a class='thumbnail gallery p-1 w-1\/2 md:w-1\/4' href='https:\/\/radiolifefm.com.br\/noticias\/wp-content\/uploads\/2021\/09\/2222png16321593026148c6467cd28.png'><img class='border border-white' src='https:\/\/radiolifefm.com.br\/noticias\/wp-content\/uploads\/2021\/09\/2222png16321593026148c6467cd28-200x200.png' alt='2222png16321593026148c6467cd28' \/><\/a><a class='thumbnail gallery p-1 w-1\/2 md:w-1\/4' href='https:\/\/radiolifefm.com.br\/noticias\/wp-content\/uploads\/2021\/09\/arvorespng16321591866148c5d26f6d0.jpg'><img class='border border-white' src='https:\/\/radiolifefm.com.br\/noticias\/wp-content\/uploads\/2021\/09\/arvorespng16321591866148c5d26f6d0-200x200.jpg' alt='Arvorespng16321591866148c5d26f6d0' \/><\/a><a class='thumbnail gallery p-1 w-1\/2 md:w-1\/4' href='https:\/\/radiolifefm.com.br\/noticias\/wp-content\/uploads\/2021\/09\/whatsapp-image-20210919-at-30843-pm-1jpg16321592416148c609d0d99.jpg'><img class='border border-white' src='https:\/\/radiolifefm.com.br\/noticias\/wp-content\/uploads\/2021\/09\/whatsapp-image-20210919-at-30843-pm-1jpg16321592416148c609d0d99-200x200.jpg' alt='Whatsapp Image 20210919 At 30843 Pm 1jpg16321592416148c609d0d99' \/><\/a><a class='thumbnail gallery p-1 w-1\/2 md:w-1\/4' href='https:\/\/radiolifefm.com.br\/noticias\/wp-content\/uploads\/2021\/09\/whatsapp-image-20210919-at-30844-pm-1jpg16321594986148c70aacb1e.jpg'><img class='border border-white' src='https:\/\/radiolifefm.com.br\/noticias\/wp-content\/uploads\/2021\/09\/whatsapp-image-20210919-at-30844-pm-1jpg16321594986148c70aacb1e-200x200.jpg' alt='Whatsapp Image 20210919 At 30844 Pm 1jpg16321594986148c70aacb1e' \/><\/a><\/div>\n<p>Em nota \u00e0 reportagem, a Prefeitura de Adamanina afirmou que arrancou as \u00e1rvores para implanta\u00e7\u00e3o do cal\u00e7adas, em raz\u00e3o das ra\u00edzes estarem expostas, e disse que ao final da obra far\u00e1 o plantio de novas esp\u00e9cies. Veja a nota, na \u00edntegra:<\/p>\n<p>&nbsp;<\/p>\n<p>\u201cA Prefeitura de Adamantina, por meio da Secretaria de Agricultura, Abastecimento e Meio Ambiente (SAAMA), informa que as supress\u00f5es foram executadas devido \u00e0 implanta\u00e7\u00e3o de cal\u00e7amento nos passeios e ressalta que as mesmas apresentavam ra\u00edzes expostas. Ao t\u00e9rmino das obras ser\u00e1 realizado o plantio de novas esp\u00e9cies arb\u00f3reas adequadas\u201d.<\/p>\n<p>&nbsp;<\/p>\n<p><strong>SIGA MAIS compara imagens de 2012 e 2019: cad\u00ea a \u00e1rvore que estava aqui?<\/strong><\/p>\n<p>H\u00e1 dois anos, o SIGA MAIS fez um levantamento e pesquisou imagens p\u00fablicas do Google Street View, que foram captadas pela plataforma em julho de 2012, em Adamantina, e comparou com imagens atuais, em 2019. O resultado do comparativo antes e depois revela situa\u00e7\u00f5es de erradica\u00e7\u00e3o total de \u00e1rvores, muitas das quais sem reposi\u00e7\u00e3o, em diversos pontos da cidade\u00a0<a href=\"https:\/\/www.sigamais.com\/noticias\/cidades\/siga-mais-compara-imagens-de-2012-e-2019-cade-a-arvore-que-estava-aqui\/\"><strong>(reveja)<\/strong><\/a>.<\/p>\n<div class='flex flex-wrap items-center -mx-1'>\r\n<a class='thumbnail gallery p-1 w-1\/2 md:w-1\/4' href='https:\/\/radiolifefm.com.br\/noticias\/wp-content\/uploads\/2021\/09\/01jpg15694469585d8bdc2e3f5bcjpg16321591556148c5b3850cf.jpg'><img class='border border-white' src='https:\/\/radiolifefm.com.br\/noticias\/wp-content\/uploads\/2021\/09\/01jpg15694469585d8bdc2e3f5bcjpg16321591556148c5b3850cf-200x200.jpg' alt='01jpg15694469585d8bdc2e3f5bcjpg16321591556148c5b3850cf' \/><\/a><\/div>\n<p>Diante da onda de calor e com a tend\u00eancia de eleva\u00e7\u00e3o da temperatura m\u00e9dia do planeta, a quest\u00e3o da arboriza\u00e7\u00e3o urbana \u00e9 um tema que sempre discuss\u00f5es entre o p\u00fablico. A cr\u00edtica se faz em torno do aumento das \u00e1reas descobertas por arboriza\u00e7\u00e3o urbana, sobretudo no per\u00edmetro central da cidade.<\/p>\n<p>&nbsp;<\/p>\n<p>Fonte: Siga Mais<\/p>\n","protected":false},"excerpt":{"rendered":"<p>Uma sequ\u00eancia de \u00e1rvores foi totalmente suprimida pela Prefeitura de Adamantina na Avenida Ant\u00f4nio Tiveron, na Vila Jamil de Lima, trecho entre o antigo Armaz\u00e9m da Fepasa e o almoxarifado municipal. &nbsp; A poda radical \u2013 em dias em que o calor chega a registrar temperaturas de 39\u00b0C na cidade, que tamb\u00e9m \u00e9 certificada pelo [&hellip;]<\/p>\n","protected":false},"author":13,"featured_media":42977,"comment_status":"closed","ping_status":"open","sticky":false,"template":"","format":"standard","meta":{"_acf_changed":false,"_exactmetrics_skip_tracking":false,"_exactmetrics_sitenote_active":false,"_exactmetrics_sitenote_note":"","_exactmetrics_sitenote_category":0,"footnotes":""},"categories":[21],"tags":[],"class_list":["post-42976","post","type-post","status-publish","format-standard","has-post-thumbnail","hentry","category-adamantina"],"acf":[],"yoast_head":"<!-- This site is optimized with the Yoast SEO plugin v27.2 - https:\/\/yoast.com\/product\/yoast-seo-wordpress\/ -->\n<title>Prefeitura arranca \u00e1rvores para implantar cal\u00e7ada na Ant\u00f4nio Tiveron, e informa que ir\u00e1 repor - R\u00e1dio Life FM<\/title>\n<meta name=\"robots\" content=\"index, follow, max-snippet:-1, max-image-preview:large, max-video-preview:-1\" \/>\n<link rel=\"canonical\" href=\"https:\/\/radiolifefm.com.br\/noticias\/prefeitura-arranca-arvores-para-implantar-calcada-na-antonio-tiveron-e-informa-que-ira-repor\/\" \/>\n<meta property=\"og:locale\" content=\"pt_BR\" \/>\n<meta property=\"og:type\" content=\"article\" \/>\n<meta property=\"og:title\" content=\"Prefeitura arranca \u00e1rvores para implantar cal\u00e7ada na Ant\u00f4nio Tiveron, e informa que ir\u00e1 repor - R\u00e1dio Life FM\" \/>\n<meta property=\"og:description\" content=\"Uma sequ\u00eancia de \u00e1rvores foi totalmente suprimida pela Prefeitura de Adamantina na Avenida Ant\u00f4nio Tiveron, na Vila Jamil de Lima, trecho entre o antigo Armaz\u00e9m da Fepasa e o almoxarifado municipal. &nbsp; A poda radical \u2013 em dias em que o calor chega a registrar temperaturas de 39\u00b0C na cidade, que tamb\u00e9m \u00e9 certificada pelo [&hellip;]\" \/>\n<meta property=\"og:url\" content=\"https:\/\/radiolifefm.com.br\/noticias\/prefeitura-arranca-arvores-para-implantar-calcada-na-antonio-tiveron-e-informa-que-ira-repor\/\" \/>\n<meta property=\"og:site_name\" content=\"R\u00e1dio Life FM\" \/>\n<meta property=\"article:publisher\" content=\"https:\/\/www.facebook.com\/radiolifefm\/\" \/>\n<meta property=\"article:published_time\" content=\"2021-09-21T00:39:18+00:00\" \/>\n<meta property=\"article:modified_time\" content=\"2026-04-09T13:44:09+00:00\" \/>\n<meta property=\"og:image\" content=\"https:\/\/radiolifefm.com.br\/noticias\/wp-content\/uploads\/2021\/09\/arvores2png16321596516148c7a39c061-1.jpg\" \/>\n\t<meta property=\"og:image:width\" content=\"600\" \/>\n\t<meta property=\"og:image:height\" content=\"337\" \/>\n\t<meta property=\"og:image:type\" content=\"image\/jpeg\" \/>\n<meta name=\"author\" content=\"ritanery\" \/>\n<meta name=\"twitter:card\" content=\"summary_large_image\" \/>\n<meta name=\"twitter:label1\" content=\"Escrito por\" \/>\n\t<meta name=\"twitter:data1\" content=\"ritanery\" \/>\n\t<meta name=\"twitter:label2\" content=\"Est. tempo de leitura\" \/>\n\t<meta name=\"twitter:data2\" content=\"2 minutos\" \/>\n<script type=\"application\/ld+json\" class=\"yoast-schema-graph\">{\"@context\":\"https:\/\/schema.org\",\"@graph\":[{\"@type\":\"Article\",\"@id\":\"https:\/\/radiolifefm.com.br\/noticias\/prefeitura-arranca-arvores-para-implantar-calcada-na-antonio-tiveron-e-informa-que-ira-repor\/#article\",\"isPartOf\":{\"@id\":\"https:\/\/radiolifefm.com.br\/noticias\/prefeitura-arranca-arvores-para-implantar-calcada-na-antonio-tiveron-e-informa-que-ira-repor\/\"},\"author\":{\"name\":\"ritanery\",\"@id\":\"https:\/\/radiolifefm.com.br\/noticias\/#\/schema\/person\/6339b9fac59d12b071dec680d7375d87\"},\"headline\":\"Prefeitura arranca \u00e1rvores para implantar cal\u00e7ada na Ant\u00f4nio Tiveron, e informa que ir\u00e1 repor\",\"datePublished\":\"2021-09-21T00:39:18+00:00\",\"dateModified\":\"2026-04-09T13:44:09+00:00\",\"mainEntityOfPage\":{\"@id\":\"https:\/\/radiolifefm.com.br\/noticias\/prefeitura-arranca-arvores-para-implantar-calcada-na-antonio-tiveron-e-informa-que-ira-repor\/\"},\"wordCount\":368,\"publisher\":{\"@id\":\"https:\/\/radiolifefm.com.br\/noticias\/#organization\"},\"image\":{\"@id\":\"https:\/\/radiolifefm.com.br\/noticias\/prefeitura-arranca-arvores-para-implantar-calcada-na-antonio-tiveron-e-informa-que-ira-repor\/#primaryimage\"},\"thumbnailUrl\":\"https:\/\/radiolifefm.com.br\/noticias\/wp-content\/uploads\/2021\/09\/arvores2png16321596516148c7a39c061-1.jpg\",\"articleSection\":[\"Adamantina\"],\"inLanguage\":\"pt-BR\"},{\"@type\":\"WebPage\",\"@id\":\"https:\/\/radiolifefm.com.br\/noticias\/prefeitura-arranca-arvores-para-implantar-calcada-na-antonio-tiveron-e-informa-que-ira-repor\/\",\"url\":\"https:\/\/radiolifefm.com.br\/noticias\/prefeitura-arranca-arvores-para-implantar-calcada-na-antonio-tiveron-e-informa-que-ira-repor\/\",\"name\":\"Prefeitura arranca \u00e1rvores para implantar cal\u00e7ada na Ant\u00f4nio Tiveron, e informa que ir\u00e1 repor - R\u00e1dio Life FM\",\"isPartOf\":{\"@id\":\"https:\/\/radiolifefm.com.br\/noticias\/#website\"},\"primaryImageOfPage\":{\"@id\":\"https:\/\/radiolifefm.com.br\/noticias\/prefeitura-arranca-arvores-para-implantar-calcada-na-antonio-tiveron-e-informa-que-ira-repor\/#primaryimage\"},\"image\":{\"@id\":\"https:\/\/radiolifefm.com.br\/noticias\/prefeitura-arranca-arvores-para-implantar-calcada-na-antonio-tiveron-e-informa-que-ira-repor\/#primaryimage\"},\"thumbnailUrl\":\"https:\/\/radiolifefm.com.br\/noticias\/wp-content\/uploads\/2021\/09\/arvores2png16321596516148c7a39c061-1.jpg\",\"datePublished\":\"2021-09-21T00:39:18+00:00\",\"dateModified\":\"2026-04-09T13:44:09+00:00\",\"breadcrumb\":{\"@id\":\"https:\/\/radiolifefm.com.br\/noticias\/prefeitura-arranca-arvores-para-implantar-calcada-na-antonio-tiveron-e-informa-que-ira-repor\/#breadcrumb\"},\"inLanguage\":\"pt-BR\",\"potentialAction\":[{\"@type\":\"ReadAction\",\"target\":[\"https:\/\/radiolifefm.com.br\/noticias\/prefeitura-arranca-arvores-para-implantar-calcada-na-antonio-tiveron-e-informa-que-ira-repor\/\"]}]},{\"@type\":\"ImageObject\",\"inLanguage\":\"pt-BR\",\"@id\":\"https:\/\/radiolifefm.com.br\/noticias\/prefeitura-arranca-arvores-para-implantar-calcada-na-antonio-tiveron-e-informa-que-ira-repor\/#primaryimage\",\"url\":\"https:\/\/radiolifefm.com.br\/noticias\/wp-content\/uploads\/2021\/09\/arvores2png16321596516148c7a39c061-1.jpg\",\"contentUrl\":\"https:\/\/radiolifefm.com.br\/noticias\/wp-content\/uploads\/2021\/09\/arvores2png16321596516148c7a39c061-1.jpg\",\"width\":600,\"height\":337,\"caption\":\"\u00c1rvores foram arrancadas para a concretagem do passeio p\u00fablico. Prefeitura diz que ir\u00e1 rep\u00f4-las.\"},{\"@type\":\"BreadcrumbList\",\"@id\":\"https:\/\/radiolifefm.com.br\/noticias\/prefeitura-arranca-arvores-para-implantar-calcada-na-antonio-tiveron-e-informa-que-ira-repor\/#breadcrumb\",\"itemListElement\":[{\"@type\":\"ListItem\",\"position\":1,\"name\":\"In\u00edcio\",\"item\":\"https:\/\/radiolifefm.com.br\/noticias\/\"},{\"@type\":\"ListItem\",\"position\":2,\"name\":\"Prefeitura arranca \u00e1rvores para implantar cal\u00e7ada na Ant\u00f4nio Tiveron, e informa que ir\u00e1 repor\"}]},{\"@type\":\"WebSite\",\"@id\":\"https:\/\/radiolifefm.com.br\/noticias\/#website\",\"url\":\"https:\/\/radiolifefm.com.br\/noticias\/\",\"name\":\"R\u00e1dio Life FM\",\"description\":\"O Portal de Not\u00edcias de Adamantina\",\"publisher\":{\"@id\":\"https:\/\/radiolifefm.com.br\/noticias\/#organization\"},\"alternateName\":\"Life FM\",\"potentialAction\":[{\"@type\":\"SearchAction\",\"target\":{\"@type\":\"EntryPoint\",\"urlTemplate\":\"https:\/\/radiolifefm.com.br\/noticias\/?s={search_term_string}\"},\"query-input\":{\"@type\":\"PropertyValueSpecification\",\"valueRequired\":true,\"valueName\":\"search_term_string\"}}],\"inLanguage\":\"pt-BR\"},{\"@type\":\"Organization\",\"@id\":\"https:\/\/radiolifefm.com.br\/noticias\/#organization\",\"name\":\"R\u00e1dio Life FM\",\"alternateName\":\"Life FM\",\"url\":\"https:\/\/radiolifefm.com.br\/noticias\/\",\"logo\":{\"@type\":\"ImageObject\",\"inLanguage\":\"pt-BR\",\"@id\":\"https:\/\/radiolifefm.com.br\/noticias\/#\/schema\/logo\/image\/\",\"url\":\"https:\/\/static.radiolifefm.com.br\/noticias\/wp-content\/uploads\/2019\/10\/logo-lifefm.png\",\"contentUrl\":\"https:\/\/static.radiolifefm.com.br\/noticias\/wp-content\/uploads\/2019\/10\/logo-lifefm.png\",\"width\":196,\"height\":47,\"caption\":\"R\u00e1dio Life FM\"},\"image\":{\"@id\":\"https:\/\/radiolifefm.com.br\/noticias\/#\/schema\/logo\/image\/\"},\"sameAs\":[\"https:\/\/www.facebook.com\/radiolifefm\/\",\"https:\/\/www.instagram.com\/life1079fm\/\"]},{\"@type\":\"Person\",\"@id\":\"https:\/\/radiolifefm.com.br\/noticias\/#\/schema\/person\/6339b9fac59d12b071dec680d7375d87\",\"name\":\"ritanery\",\"image\":{\"@type\":\"ImageObject\",\"inLanguage\":\"pt-BR\",\"@id\":\"https:\/\/secure.gravatar.com\/avatar\/0e37bb19071f47c0b8a23f62a903df117c5a0e75f65a0c2901562f97cd41cf86?s=96&d=mm&r=g\",\"url\":\"https:\/\/secure.gravatar.com\/avatar\/0e37bb19071f47c0b8a23f62a903df117c5a0e75f65a0c2901562f97cd41cf86?s=96&d=mm&r=g\",\"contentUrl\":\"https:\/\/secure.gravatar.com\/avatar\/0e37bb19071f47c0b8a23f62a903df117c5a0e75f65a0c2901562f97cd41cf86?s=96&d=mm&r=g\",\"caption\":\"ritanery\"}}]}<\/script>\n<!-- \/ Yoast SEO plugin. -->","yoast_head_json":{"title":"Prefeitura arranca \u00e1rvores para implantar cal\u00e7ada na Ant\u00f4nio Tiveron, e informa que ir\u00e1 repor - R\u00e1dio Life FM","robots":{"index":"index","follow":"follow","max-snippet":"max-snippet:-1","max-image-preview":"max-image-preview:large","max-video-preview":"max-video-preview:-1"},"canonical":"https:\/\/radiolifefm.com.br\/noticias\/prefeitura-arranca-arvores-para-implantar-calcada-na-antonio-tiveron-e-informa-que-ira-repor\/","og_locale":"pt_BR","og_type":"article","og_title":"Prefeitura arranca \u00e1rvores para implantar cal\u00e7ada na Ant\u00f4nio Tiveron, e informa que ir\u00e1 repor - R\u00e1dio Life FM","og_description":"Uma sequ\u00eancia de \u00e1rvores foi totalmente suprimida pela Prefeitura de Adamantina na Avenida Ant\u00f4nio Tiveron, na Vila Jamil de Lima, trecho entre o antigo Armaz\u00e9m da Fepasa e o almoxarifado municipal. &nbsp; A poda radical \u2013 em dias em que o calor chega a registrar temperaturas de 39\u00b0C na cidade, que tamb\u00e9m \u00e9 certificada pelo [&hellip;]","og_url":"https:\/\/radiolifefm.com.br\/noticias\/prefeitura-arranca-arvores-para-implantar-calcada-na-antonio-tiveron-e-informa-que-ira-repor\/","og_site_name":"R\u00e1dio Life FM","article_publisher":"https:\/\/www.facebook.com\/radiolifefm\/","article_published_time":"2021-09-21T00:39:18+00:00","article_modified_time":"2026-04-09T13:44:09+00:00","og_image":[{"width":600,"height":337,"url":"https:\/\/radiolifefm.com.br\/noticias\/wp-content\/uploads\/2021\/09\/arvores2png16321596516148c7a39c061-1.jpg","type":"image\/jpeg"}],"author":"ritanery","twitter_card":"summary_large_image","twitter_misc":{"Escrito por":"ritanery","Est. tempo de leitura":"2 minutos"},"schema":{"@context":"https:\/\/schema.org","@graph":[{"@type":"Article","@id":"https:\/\/radiolifefm.com.br\/noticias\/prefeitura-arranca-arvores-para-implantar-calcada-na-antonio-tiveron-e-informa-que-ira-repor\/#article","isPartOf":{"@id":"https:\/\/radiolifefm.com.br\/noticias\/prefeitura-arranca-arvores-para-implantar-calcada-na-antonio-tiveron-e-informa-que-ira-repor\/"},"author":{"name":"ritanery","@id":"https:\/\/radiolifefm.com.br\/noticias\/#\/schema\/person\/6339b9fac59d12b071dec680d7375d87"},"headline":"Prefeitura arranca \u00e1rvores para implantar cal\u00e7ada na Ant\u00f4nio Tiveron, e informa que ir\u00e1 repor","datePublished":"2021-09-21T00:39:18+00:00","dateModified":"2026-04-09T13:44:09+00:00","mainEntityOfPage":{"@id":"https:\/\/radiolifefm.com.br\/noticias\/prefeitura-arranca-arvores-para-implantar-calcada-na-antonio-tiveron-e-informa-que-ira-repor\/"},"wordCount":368,"publisher":{"@id":"https:\/\/radiolifefm.com.br\/noticias\/#organization"},"image":{"@id":"https:\/\/radiolifefm.com.br\/noticias\/prefeitura-arranca-arvores-para-implantar-calcada-na-antonio-tiveron-e-informa-que-ira-repor\/#primaryimage"},"thumbnailUrl":"https:\/\/radiolifefm.com.br\/noticias\/wp-content\/uploads\/2021\/09\/arvores2png16321596516148c7a39c061-1.jpg","articleSection":["Adamantina"],"inLanguage":"pt-BR"},{"@type":"WebPage","@id":"https:\/\/radiolifefm.com.br\/noticias\/prefeitura-arranca-arvores-para-implantar-calcada-na-antonio-tiveron-e-informa-que-ira-repor\/","url":"https:\/\/radiolifefm.com.br\/noticias\/prefeitura-arranca-arvores-para-implantar-calcada-na-antonio-tiveron-e-informa-que-ira-repor\/","name":"Prefeitura arranca \u00e1rvores para implantar cal\u00e7ada na Ant\u00f4nio Tiveron, e informa que ir\u00e1 repor - R\u00e1dio Life FM","isPartOf":{"@id":"https:\/\/radiolifefm.com.br\/noticias\/#website"},"primaryImageOfPage":{"@id":"https:\/\/radiolifefm.com.br\/noticias\/prefeitura-arranca-arvores-para-implantar-calcada-na-antonio-tiveron-e-informa-que-ira-repor\/#primaryimage"},"image":{"@id":"https:\/\/radiolifefm.com.br\/noticias\/prefeitura-arranca-arvores-para-implantar-calcada-na-antonio-tiveron-e-informa-que-ira-repor\/#primaryimage"},"thumbnailUrl":"https:\/\/radiolifefm.com.br\/noticias\/wp-content\/uploads\/2021\/09\/arvores2png16321596516148c7a39c061-1.jpg","datePublished":"2021-09-21T00:39:18+00:00","dateModified":"2026-04-09T13:44:09+00:00","breadcrumb":{"@id":"https:\/\/radiolifefm.com.br\/noticias\/prefeitura-arranca-arvores-para-implantar-calcada-na-antonio-tiveron-e-informa-que-ira-repor\/#breadcrumb"},"inLanguage":"pt-BR","potentialAction":[{"@type":"ReadAction","target":["https:\/\/radiolifefm.com.br\/noticias\/prefeitura-arranca-arvores-para-implantar-calcada-na-antonio-tiveron-e-informa-que-ira-repor\/"]}]},{"@type":"ImageObject","inLanguage":"pt-BR","@id":"https:\/\/radiolifefm.com.br\/noticias\/prefeitura-arranca-arvores-para-implantar-calcada-na-antonio-tiveron-e-informa-que-ira-repor\/#primaryimage","url":"https:\/\/radiolifefm.com.br\/noticias\/wp-content\/uploads\/2021\/09\/arvores2png16321596516148c7a39c061-1.jpg","contentUrl":"https:\/\/radiolifefm.com.br\/noticias\/wp-content\/uploads\/2021\/09\/arvores2png16321596516148c7a39c061-1.jpg","width":600,"height":337,"caption":"\u00c1rvores foram arrancadas para a concretagem do passeio p\u00fablico. Prefeitura diz que ir\u00e1 rep\u00f4-las."},{"@type":"BreadcrumbList","@id":"https:\/\/radiolifefm.com.br\/noticias\/prefeitura-arranca-arvores-para-implantar-calcada-na-antonio-tiveron-e-informa-que-ira-repor\/#breadcrumb","itemListElement":[{"@type":"ListItem","position":1,"name":"In\u00edcio","item":"https:\/\/radiolifefm.com.br\/noticias\/"},{"@type":"ListItem","position":2,"name":"Prefeitura arranca \u00e1rvores para implantar cal\u00e7ada na Ant\u00f4nio Tiveron, e informa que ir\u00e1 repor"}]},{"@type":"WebSite","@id":"https:\/\/radiolifefm.com.br\/noticias\/#website","url":"https:\/\/radiolifefm.com.br\/noticias\/","name":"R\u00e1dio Life FM","description":"O Portal de Not\u00edcias de Adamantina","publisher":{"@id":"https:\/\/radiolifefm.com.br\/noticias\/#organization"},"alternateName":"Life FM","potentialAction":[{"@type":"SearchAction","target":{"@type":"EntryPoint","urlTemplate":"https:\/\/radiolifefm.com.br\/noticias\/?s={search_term_string}"},"query-input":{"@type":"PropertyValueSpecification","valueRequired":true,"valueName":"search_term_string"}}],"inLanguage":"pt-BR"},{"@type":"Organization","@id":"https:\/\/radiolifefm.com.br\/noticias\/#organization","name":"R\u00e1dio Life FM","alternateName":"Life FM","url":"https:\/\/radiolifefm.com.br\/noticias\/","logo":{"@type":"ImageObject","inLanguage":"pt-BR","@id":"https:\/\/radiolifefm.com.br\/noticias\/#\/schema\/logo\/image\/","url":"https:\/\/static.radiolifefm.com.br\/noticias\/wp-content\/uploads\/2019\/10\/logo-lifefm.png","contentUrl":"https:\/\/static.radiolifefm.com.br\/noticias\/wp-content\/uploads\/2019\/10\/logo-lifefm.png","width":196,"height":47,"caption":"R\u00e1dio Life FM"},"image":{"@id":"https:\/\/radiolifefm.com.br\/noticias\/#\/schema\/logo\/image\/"},"sameAs":["https:\/\/www.facebook.com\/radiolifefm\/","https:\/\/www.instagram.com\/life1079fm\/"]},{"@type":"Person","@id":"https:\/\/radiolifefm.com.br\/noticias\/#\/schema\/person\/6339b9fac59d12b071dec680d7375d87","name":"ritanery","image":{"@type":"ImageObject","inLanguage":"pt-BR","@id":"https:\/\/secure.gravatar.com\/avatar\/0e37bb19071f47c0b8a23f62a903df117c5a0e75f65a0c2901562f97cd41cf86?s=96&d=mm&r=g","url":"https:\/\/secure.gravatar.com\/avatar\/0e37bb19071f47c0b8a23f62a903df117c5a0e75f65a0c2901562f97cd41cf86?s=96&d=mm&r=g","contentUrl":"https:\/\/secure.gravatar.com\/avatar\/0e37bb19071f47c0b8a23f62a903df117c5a0e75f65a0c2901562f97cd41cf86?s=96&d=mm&r=g","caption":"ritanery"}}]}},"amp_enabled":true,"_links":{"self":[{"href":"https:\/\/radiolifefm.com.br\/noticias\/wp-json\/wp\/v2\/posts\/42976","targetHints":{"allow":["GET"]}}],"collection":[{"href":"https:\/\/radiolifefm.com.br\/noticias\/wp-json\/wp\/v2\/posts"}],"about":[{"href":"https:\/\/radiolifefm.com.br\/noticias\/wp-json\/wp\/v2\/types\/post"}],"author":[{"embeddable":true,"href":"https:\/\/radiolifefm.com.br\/noticias\/wp-json\/wp\/v2\/users\/13"}],"replies":[{"embeddable":true,"href":"https:\/\/radiolifefm.com.br\/noticias\/wp-json\/wp\/v2\/comments?post=42976"}],"version-history":[{"count":1,"href":"https:\/\/radiolifefm.com.br\/noticias\/wp-json\/wp\/v2\/posts\/42976\/revisions"}],"predecessor-version":[{"id":42984,"href":"https:\/\/radiolifefm.com.br\/noticias\/wp-json\/wp\/v2\/posts\/42976\/revisions\/42984"}],"wp:featuredmedia":[{"embeddable":true,"href":"https:\/\/radiolifefm.com.br\/noticias\/wp-json\/wp\/v2\/media\/42977"}],"wp:attachment":[{"href":"https:\/\/radiolifefm.com.br\/noticias\/wp-json\/wp\/v2\/media?parent=42976"}],"wp:term":[{"taxonomy":"category","embeddable":true,"href":"https:\/\/radiolifefm.com.br\/noticias\/wp-json\/wp\/v2\/categories?post=42976"},{"taxonomy":"post_tag","embeddable":true,"href":"https:\/\/radiolifefm.com.br\/noticias\/wp-json\/wp\/v2\/tags?post=42976"}],"curies":[{"name":"wp","href":"https:\/\/api.w.org\/{rel}","templated":true}]}}