{"id":42952,"date":"2021-09-20T09:03:57","date_gmt":"2021-09-20T12:03:57","guid":{"rendered":"https:\/\/radiolifefm.com.br\/noticias\/?p=42952"},"modified":"2026-04-16T22:32:05","modified_gmt":"2026-04-17T01:32:05","slug":"helio-santos-e-ricardo-cangirao-sao-definidos-pelo-prefeito-marcio-cardim-como-seus-lideres-na-camaraadamantina","status":"publish","type":"post","link":"https:\/\/radiolifefm.com.br\/noticias\/helio-santos-e-ricardo-cangirao-sao-definidos-pelo-prefeito-marcio-cardim-como-seus-lideres-na-camaraadamantina\/","title":{"rendered":"H\u00e9lio Santos e Ricardo Cangir\u00e3o s\u00e3o definidos pelo prefeito M\u00e1rcio Cardim como seus l\u00edderes na C\u00e2mara"},"content":{"rendered":"<div id=\"fb-root\"><\/div>\n<p>O prefeito M\u00e1rcio Cardim (DEM) definiu os dois vereadores que representar\u00e3o a Administra\u00e7\u00e3o Municipal junto \u00e0 C\u00e2mara de Adamantina.<\/p>\n<p>&nbsp;<\/p>\n<p>A decis\u00e3o foi oficializada por meio do Of\u00edcio n\u00ba 451\/2021\/ GAB, com data de 1\u00ba de setembro deste ano, protocolado no Poder Legislativo. O chefe do executivo nomeou como l\u00edder da Bancada do Democratas \u2013 partido do qual inclusive o prefeito \u00e9 tamb\u00e9m presidente \u2013 o vereador Ricardo Cangir\u00e3o (DEM), que exerce o primeiro mandato.<\/p>\n<p>&nbsp;<\/p>\n<p>O partido conta ainda na C\u00e2mara com Aguinaldo Galv\u00e3o e Cid Santos. J\u00e1 para o posto de l\u00edder do Governo, o prefeito optou pelo vereador H\u00e9lio Santos (PL), que est\u00e1 no 5\u00ba mandato.<\/p>\n<p>&nbsp;<\/p>\n<p>\u201cA partir de hoje assumimos uma nova miss\u00e3o na C\u00e2mara Municipal de Adamantina, quando iremos desempenhar a fun\u00e7\u00e3o de L\u00edder do governo \u00e9 o porta-voz do Prefeito na C\u00e2mara Municipal. Lembro que o l\u00edder do governo deve prestar esclarecimentos sobre mat\u00e9rias em tramita\u00e7\u00e3o de origem executiva; defender projetos de interesse do Executivo; e intermediar, entre o Legislativo e os \u00f3rg\u00e3os da administra\u00e7\u00e3o. Pretendo ser o elo entre os Poderes Legislativo e Executivo, defendendo, durante as reuni\u00f5es ordin\u00e1rias e extraordin\u00e1rias, os interesses p\u00fablicos atrav\u00e9s dos projetos encaminhados pelo prefeito \u00e0 C\u00e2mara de Vereadores\u201d, declarou H\u00e9lio em seu discurso no plen\u00e1rio do Legislativo, durante a sess\u00e3o ordin\u00e1ria realizada na noite da \u00faltima segunda-feira (13).<\/p>\n<p>O Jornal Folha Regional solicitou posicionamento do chefe do executivo que explicassem as escolhas aos postos.<\/p>\n<p>&nbsp;<\/p>\n<p>\u201cA escolha do nome do Riquinha para l\u00edder da Bancada se deu por meio de reuni\u00f5es que foram realizadas com a bancada do DEM. A indica\u00e7\u00e3o do H\u00e9lio para l\u00edder do governo se deu em fun\u00e7\u00e3o da experi\u00eancia de exercer o 5\u00ba mandato legislativo, tendo ocupado a presid\u00eancia e a vice-presid\u00eancia da C\u00e2mara, cargos na mesa de secret\u00e1rio e presidente das comiss\u00f5es mais importantes do legislativo e, tamb\u00e9m pelo fato da proximidade do Partido Liberal (PL) com a administra\u00e7\u00e3o, o que tem resultado em importantes conquistas para o munic\u00edpio, tais como o projeto que reconheceu Adamantina Munic\u00edpio de Interesse Tur\u00edstico (MIT), de autoria do deputado estadual Andr\u00e9 do Prado (PL). As pol\u00edticas p\u00fablicas defendidas pelo vereador H\u00e9lio e pelo PL s\u00e3o as mesmas pautadas pela atual administra\u00e7\u00e3o\u201d, afirmou Cardim. E completou: \u201cRecomendamos aos dois l\u00edderes que atuem de forma harmoniosa e colaborativa com os demais vereadores, pois entendemos que esse tipo de relacionamento contribui de forma significativa para que os interesses maiores do munic\u00edpio sejam devidamente alcan\u00e7ados por interm\u00e9dio do trabalho coletivo do Executivo com o Legislativo\u201d.<\/p>\n<p>&nbsp;<\/p>\n<p>O Of\u00edcio com a indica\u00e7\u00e3o dos l\u00edderes tamb\u00e9m foi lido na \u00faltima sess\u00e3o da C\u00e2mara.<\/p>\n<p>&nbsp;<\/p>\n<p>Fonte: Adamantina Net<\/p>\n","protected":false},"excerpt":{"rendered":"<p>O prefeito M\u00e1rcio Cardim (DEM) definiu os dois vereadores que representar\u00e3o a Administra\u00e7\u00e3o Municipal junto \u00e0 C\u00e2mara de Adamantina. &nbsp; A decis\u00e3o foi oficializada por meio do Of\u00edcio n\u00ba 451\/2021\/ GAB, com data de 1\u00ba de setembro deste ano, protocolado no Poder Legislativo. O chefe do executivo nomeou como l\u00edder da Bancada do Democratas \u2013 [&hellip;]<\/p>\n","protected":false},"author":13,"featured_media":42953,"comment_status":"open","ping_status":"open","sticky":false,"template":"","format":"standard","meta":{"_acf_changed":false,"_exactmetrics_skip_tracking":false,"_exactmetrics_sitenote_active":false,"_exactmetrics_sitenote_note":"","_exactmetrics_sitenote_category":0,"footnotes":""},"categories":[21],"tags":[],"class_list":["post-42952","post","type-post","status-publish","format-standard","has-post-thumbnail","hentry","category-adamantina"],"acf":[],"yoast_head":"<!-- This site is optimized with the Yoast SEO plugin v27.2 - https:\/\/yoast.com\/product\/yoast-seo-wordpress\/ -->\n<title>H\u00e9lio Santos e Ricardo Cangir\u00e3o s\u00e3o definidos pelo prefeito M\u00e1rcio Cardim como seus l\u00edderes na C\u00e2mara - R\u00e1dio Life FM<\/title>\n<meta name=\"robots\" content=\"index, follow, max-snippet:-1, max-image-preview:large, max-video-preview:-1\" \/>\n<link rel=\"canonical\" href=\"https:\/\/radiolifefm.com.br\/noticias\/helio-santos-e-ricardo-cangirao-sao-definidos-pelo-prefeito-marcio-cardim-como-seus-lideres-na-camaraadamantina\/\" \/>\n<meta property=\"og:locale\" content=\"pt_BR\" \/>\n<meta property=\"og:type\" content=\"article\" \/>\n<meta property=\"og:title\" content=\"H\u00e9lio Santos e Ricardo Cangir\u00e3o s\u00e3o definidos pelo prefeito M\u00e1rcio Cardim como seus l\u00edderes na C\u00e2mara - R\u00e1dio Life FM\" \/>\n<meta property=\"og:description\" content=\"O prefeito M\u00e1rcio Cardim (DEM) definiu os dois vereadores que representar\u00e3o a Administra\u00e7\u00e3o Municipal junto \u00e0 C\u00e2mara de Adamantina. &nbsp; A decis\u00e3o foi oficializada por meio do Of\u00edcio n\u00ba 451\/2021\/ GAB, com data de 1\u00ba de setembro deste ano, protocolado no Poder Legislativo. O chefe do executivo nomeou como l\u00edder da Bancada do Democratas \u2013 [&hellip;]\" \/>\n<meta property=\"og:url\" content=\"https:\/\/radiolifefm.com.br\/noticias\/helio-santos-e-ricardo-cangirao-sao-definidos-pelo-prefeito-marcio-cardim-como-seus-lideres-na-camaraadamantina\/\" \/>\n<meta property=\"og:site_name\" content=\"R\u00e1dio Life FM\" \/>\n<meta property=\"article:publisher\" content=\"https:\/\/www.facebook.com\/radiolifefm\/\" \/>\n<meta property=\"article:published_time\" content=\"2021-09-20T12:03:57+00:00\" \/>\n<meta property=\"article:modified_time\" content=\"2026-04-17T01:32:05+00:00\" \/>\n<meta property=\"og:image\" content=\"https:\/\/radiolifefm.com.br\/noticias\/wp-content\/uploads\/2021\/09\/F47.jpg\" \/>\n\t<meta property=\"og:image:width\" content=\"1000\" \/>\n\t<meta property=\"og:image:height\" content=\"574\" \/>\n\t<meta property=\"og:image:type\" content=\"image\/jpeg\" \/>\n<meta name=\"author\" content=\"ritanery\" \/>\n<meta name=\"twitter:card\" content=\"summary_large_image\" \/>\n<meta name=\"twitter:label1\" content=\"Escrito por\" \/>\n\t<meta name=\"twitter:data1\" content=\"ritanery\" \/>\n\t<meta name=\"twitter:label2\" content=\"Est. tempo de leitura\" \/>\n\t<meta name=\"twitter:data2\" content=\"2 minutos\" \/>\n<script type=\"application\/ld+json\" class=\"yoast-schema-graph\">{\"@context\":\"https:\/\/schema.org\",\"@graph\":[{\"@type\":\"Article\",\"@id\":\"https:\/\/radiolifefm.com.br\/noticias\/helio-santos-e-ricardo-cangirao-sao-definidos-pelo-prefeito-marcio-cardim-como-seus-lideres-na-camaraadamantina\/#article\",\"isPartOf\":{\"@id\":\"https:\/\/radiolifefm.com.br\/noticias\/helio-santos-e-ricardo-cangirao-sao-definidos-pelo-prefeito-marcio-cardim-como-seus-lideres-na-camaraadamantina\/\"},\"author\":{\"name\":\"ritanery\",\"@id\":\"https:\/\/radiolifefm.com.br\/noticias\/#\/schema\/person\/6339b9fac59d12b071dec680d7375d87\"},\"headline\":\"H\u00e9lio Santos e Ricardo Cangir\u00e3o s\u00e3o definidos pelo prefeito M\u00e1rcio Cardim como seus l\u00edderes na C\u00e2mara\",\"datePublished\":\"2021-09-20T12:03:57+00:00\",\"dateModified\":\"2026-04-17T01:32:05+00:00\",\"mainEntityOfPage\":{\"@id\":\"https:\/\/radiolifefm.com.br\/noticias\/helio-santos-e-ricardo-cangirao-sao-definidos-pelo-prefeito-marcio-cardim-como-seus-lideres-na-camaraadamantina\/\"},\"wordCount\":512,\"commentCount\":0,\"publisher\":{\"@id\":\"https:\/\/radiolifefm.com.br\/noticias\/#organization\"},\"image\":{\"@id\":\"https:\/\/radiolifefm.com.br\/noticias\/helio-santos-e-ricardo-cangirao-sao-definidos-pelo-prefeito-marcio-cardim-como-seus-lideres-na-camaraadamantina\/#primaryimage\"},\"thumbnailUrl\":\"https:\/\/radiolifefm.com.br\/noticias\/wp-content\/uploads\/2021\/09\/F47.jpg\",\"articleSection\":[\"Adamantina\"],\"inLanguage\":\"pt-BR\",\"potentialAction\":[{\"@type\":\"CommentAction\",\"name\":\"Comment\",\"target\":[\"https:\/\/radiolifefm.com.br\/noticias\/helio-santos-e-ricardo-cangirao-sao-definidos-pelo-prefeito-marcio-cardim-como-seus-lideres-na-camaraadamantina\/#respond\"]}]},{\"@type\":\"WebPage\",\"@id\":\"https:\/\/radiolifefm.com.br\/noticias\/helio-santos-e-ricardo-cangirao-sao-definidos-pelo-prefeito-marcio-cardim-como-seus-lideres-na-camaraadamantina\/\",\"url\":\"https:\/\/radiolifefm.com.br\/noticias\/helio-santos-e-ricardo-cangirao-sao-definidos-pelo-prefeito-marcio-cardim-como-seus-lideres-na-camaraadamantina\/\",\"name\":\"H\u00e9lio Santos e Ricardo Cangir\u00e3o s\u00e3o definidos pelo prefeito M\u00e1rcio Cardim como seus l\u00edderes na C\u00e2mara - R\u00e1dio Life FM\",\"isPartOf\":{\"@id\":\"https:\/\/radiolifefm.com.br\/noticias\/#website\"},\"primaryImageOfPage\":{\"@id\":\"https:\/\/radiolifefm.com.br\/noticias\/helio-santos-e-ricardo-cangirao-sao-definidos-pelo-prefeito-marcio-cardim-como-seus-lideres-na-camaraadamantina\/#primaryimage\"},\"image\":{\"@id\":\"https:\/\/radiolifefm.com.br\/noticias\/helio-santos-e-ricardo-cangirao-sao-definidos-pelo-prefeito-marcio-cardim-como-seus-lideres-na-camaraadamantina\/#primaryimage\"},\"thumbnailUrl\":\"https:\/\/radiolifefm.com.br\/noticias\/wp-content\/uploads\/2021\/09\/F47.jpg\",\"datePublished\":\"2021-09-20T12:03:57+00:00\",\"dateModified\":\"2026-04-17T01:32:05+00:00\",\"breadcrumb\":{\"@id\":\"https:\/\/radiolifefm.com.br\/noticias\/helio-santos-e-ricardo-cangirao-sao-definidos-pelo-prefeito-marcio-cardim-como-seus-lideres-na-camaraadamantina\/#breadcrumb\"},\"inLanguage\":\"pt-BR\",\"potentialAction\":[{\"@type\":\"ReadAction\",\"target\":[\"https:\/\/radiolifefm.com.br\/noticias\/helio-santos-e-ricardo-cangirao-sao-definidos-pelo-prefeito-marcio-cardim-como-seus-lideres-na-camaraadamantina\/\"]}]},{\"@type\":\"ImageObject\",\"inLanguage\":\"pt-BR\",\"@id\":\"https:\/\/radiolifefm.com.br\/noticias\/helio-santos-e-ricardo-cangirao-sao-definidos-pelo-prefeito-marcio-cardim-como-seus-lideres-na-camaraadamantina\/#primaryimage\",\"url\":\"https:\/\/radiolifefm.com.br\/noticias\/wp-content\/uploads\/2021\/09\/F47.jpg\",\"contentUrl\":\"https:\/\/radiolifefm.com.br\/noticias\/wp-content\/uploads\/2021\/09\/F47.jpg\",\"width\":1000,\"height\":574},{\"@type\":\"BreadcrumbList\",\"@id\":\"https:\/\/radiolifefm.com.br\/noticias\/helio-santos-e-ricardo-cangirao-sao-definidos-pelo-prefeito-marcio-cardim-como-seus-lideres-na-camaraadamantina\/#breadcrumb\",\"itemListElement\":[{\"@type\":\"ListItem\",\"position\":1,\"name\":\"In\u00edcio\",\"item\":\"https:\/\/radiolifefm.com.br\/noticias\/\"},{\"@type\":\"ListItem\",\"position\":2,\"name\":\"H\u00e9lio Santos e Ricardo Cangir\u00e3o s\u00e3o definidos pelo prefeito M\u00e1rcio Cardim como seus l\u00edderes na C\u00e2mara\"}]},{\"@type\":\"WebSite\",\"@id\":\"https:\/\/radiolifefm.com.br\/noticias\/#website\",\"url\":\"https:\/\/radiolifefm.com.br\/noticias\/\",\"name\":\"R\u00e1dio Life FM\",\"description\":\"O Portal de Not\u00edcias de Adamantina\",\"publisher\":{\"@id\":\"https:\/\/radiolifefm.com.br\/noticias\/#organization\"},\"alternateName\":\"Life FM\",\"potentialAction\":[{\"@type\":\"SearchAction\",\"target\":{\"@type\":\"EntryPoint\",\"urlTemplate\":\"https:\/\/radiolifefm.com.br\/noticias\/?s={search_term_string}\"},\"query-input\":{\"@type\":\"PropertyValueSpecification\",\"valueRequired\":true,\"valueName\":\"search_term_string\"}}],\"inLanguage\":\"pt-BR\"},{\"@type\":\"Organization\",\"@id\":\"https:\/\/radiolifefm.com.br\/noticias\/#organization\",\"name\":\"R\u00e1dio Life FM\",\"alternateName\":\"Life FM\",\"url\":\"https:\/\/radiolifefm.com.br\/noticias\/\",\"logo\":{\"@type\":\"ImageObject\",\"inLanguage\":\"pt-BR\",\"@id\":\"https:\/\/radiolifefm.com.br\/noticias\/#\/schema\/logo\/image\/\",\"url\":\"https:\/\/static.radiolifefm.com.br\/noticias\/wp-content\/uploads\/2019\/10\/logo-lifefm.png\",\"contentUrl\":\"https:\/\/static.radiolifefm.com.br\/noticias\/wp-content\/uploads\/2019\/10\/logo-lifefm.png\",\"width\":196,\"height\":47,\"caption\":\"R\u00e1dio Life FM\"},\"image\":{\"@id\":\"https:\/\/radiolifefm.com.br\/noticias\/#\/schema\/logo\/image\/\"},\"sameAs\":[\"https:\/\/www.facebook.com\/radiolifefm\/\",\"https:\/\/www.instagram.com\/life1079fm\/\"]},{\"@type\":\"Person\",\"@id\":\"https:\/\/radiolifefm.com.br\/noticias\/#\/schema\/person\/6339b9fac59d12b071dec680d7375d87\",\"name\":\"ritanery\",\"image\":{\"@type\":\"ImageObject\",\"inLanguage\":\"pt-BR\",\"@id\":\"https:\/\/secure.gravatar.com\/avatar\/0e37bb19071f47c0b8a23f62a903df117c5a0e75f65a0c2901562f97cd41cf86?s=96&d=mm&r=g\",\"url\":\"https:\/\/secure.gravatar.com\/avatar\/0e37bb19071f47c0b8a23f62a903df117c5a0e75f65a0c2901562f97cd41cf86?s=96&d=mm&r=g\",\"contentUrl\":\"https:\/\/secure.gravatar.com\/avatar\/0e37bb19071f47c0b8a23f62a903df117c5a0e75f65a0c2901562f97cd41cf86?s=96&d=mm&r=g\",\"caption\":\"ritanery\"}}]}<\/script>\n<!-- \/ Yoast SEO plugin. -->","yoast_head_json":{"title":"H\u00e9lio Santos e Ricardo Cangir\u00e3o s\u00e3o definidos pelo prefeito M\u00e1rcio Cardim como seus l\u00edderes na C\u00e2mara - R\u00e1dio Life FM","robots":{"index":"index","follow":"follow","max-snippet":"max-snippet:-1","max-image-preview":"max-image-preview:large","max-video-preview":"max-video-preview:-1"},"canonical":"https:\/\/radiolifefm.com.br\/noticias\/helio-santos-e-ricardo-cangirao-sao-definidos-pelo-prefeito-marcio-cardim-como-seus-lideres-na-camaraadamantina\/","og_locale":"pt_BR","og_type":"article","og_title":"H\u00e9lio Santos e Ricardo Cangir\u00e3o s\u00e3o definidos pelo prefeito M\u00e1rcio Cardim como seus l\u00edderes na C\u00e2mara - R\u00e1dio Life FM","og_description":"O prefeito M\u00e1rcio Cardim (DEM) definiu os dois vereadores que representar\u00e3o a Administra\u00e7\u00e3o Municipal junto \u00e0 C\u00e2mara de Adamantina. &nbsp; A decis\u00e3o foi oficializada por meio do Of\u00edcio n\u00ba 451\/2021\/ GAB, com data de 1\u00ba de setembro deste ano, protocolado no Poder Legislativo. O chefe do executivo nomeou como l\u00edder da Bancada do Democratas \u2013 [&hellip;]","og_url":"https:\/\/radiolifefm.com.br\/noticias\/helio-santos-e-ricardo-cangirao-sao-definidos-pelo-prefeito-marcio-cardim-como-seus-lideres-na-camaraadamantina\/","og_site_name":"R\u00e1dio Life FM","article_publisher":"https:\/\/www.facebook.com\/radiolifefm\/","article_published_time":"2021-09-20T12:03:57+00:00","article_modified_time":"2026-04-17T01:32:05+00:00","og_image":[{"width":1000,"height":574,"url":"https:\/\/radiolifefm.com.br\/noticias\/wp-content\/uploads\/2021\/09\/F47.jpg","type":"image\/jpeg"}],"author":"ritanery","twitter_card":"summary_large_image","twitter_misc":{"Escrito por":"ritanery","Est. tempo de leitura":"2 minutos"},"schema":{"@context":"https:\/\/schema.org","@graph":[{"@type":"Article","@id":"https:\/\/radiolifefm.com.br\/noticias\/helio-santos-e-ricardo-cangirao-sao-definidos-pelo-prefeito-marcio-cardim-como-seus-lideres-na-camaraadamantina\/#article","isPartOf":{"@id":"https:\/\/radiolifefm.com.br\/noticias\/helio-santos-e-ricardo-cangirao-sao-definidos-pelo-prefeito-marcio-cardim-como-seus-lideres-na-camaraadamantina\/"},"author":{"name":"ritanery","@id":"https:\/\/radiolifefm.com.br\/noticias\/#\/schema\/person\/6339b9fac59d12b071dec680d7375d87"},"headline":"H\u00e9lio Santos e Ricardo Cangir\u00e3o s\u00e3o definidos pelo prefeito M\u00e1rcio Cardim como seus l\u00edderes na C\u00e2mara","datePublished":"2021-09-20T12:03:57+00:00","dateModified":"2026-04-17T01:32:05+00:00","mainEntityOfPage":{"@id":"https:\/\/radiolifefm.com.br\/noticias\/helio-santos-e-ricardo-cangirao-sao-definidos-pelo-prefeito-marcio-cardim-como-seus-lideres-na-camaraadamantina\/"},"wordCount":512,"commentCount":0,"publisher":{"@id":"https:\/\/radiolifefm.com.br\/noticias\/#organization"},"image":{"@id":"https:\/\/radiolifefm.com.br\/noticias\/helio-santos-e-ricardo-cangirao-sao-definidos-pelo-prefeito-marcio-cardim-como-seus-lideres-na-camaraadamantina\/#primaryimage"},"thumbnailUrl":"https:\/\/radiolifefm.com.br\/noticias\/wp-content\/uploads\/2021\/09\/F47.jpg","articleSection":["Adamantina"],"inLanguage":"pt-BR","potentialAction":[{"@type":"CommentAction","name":"Comment","target":["https:\/\/radiolifefm.com.br\/noticias\/helio-santos-e-ricardo-cangirao-sao-definidos-pelo-prefeito-marcio-cardim-como-seus-lideres-na-camaraadamantina\/#respond"]}]},{"@type":"WebPage","@id":"https:\/\/radiolifefm.com.br\/noticias\/helio-santos-e-ricardo-cangirao-sao-definidos-pelo-prefeito-marcio-cardim-como-seus-lideres-na-camaraadamantina\/","url":"https:\/\/radiolifefm.com.br\/noticias\/helio-santos-e-ricardo-cangirao-sao-definidos-pelo-prefeito-marcio-cardim-como-seus-lideres-na-camaraadamantina\/","name":"H\u00e9lio Santos e Ricardo Cangir\u00e3o s\u00e3o definidos pelo prefeito M\u00e1rcio Cardim como seus l\u00edderes na C\u00e2mara - R\u00e1dio Life FM","isPartOf":{"@id":"https:\/\/radiolifefm.com.br\/noticias\/#website"},"primaryImageOfPage":{"@id":"https:\/\/radiolifefm.com.br\/noticias\/helio-santos-e-ricardo-cangirao-sao-definidos-pelo-prefeito-marcio-cardim-como-seus-lideres-na-camaraadamantina\/#primaryimage"},"image":{"@id":"https:\/\/radiolifefm.com.br\/noticias\/helio-santos-e-ricardo-cangirao-sao-definidos-pelo-prefeito-marcio-cardim-como-seus-lideres-na-camaraadamantina\/#primaryimage"},"thumbnailUrl":"https:\/\/radiolifefm.com.br\/noticias\/wp-content\/uploads\/2021\/09\/F47.jpg","datePublished":"2021-09-20T12:03:57+00:00","dateModified":"2026-04-17T01:32:05+00:00","breadcrumb":{"@id":"https:\/\/radiolifefm.com.br\/noticias\/helio-santos-e-ricardo-cangirao-sao-definidos-pelo-prefeito-marcio-cardim-como-seus-lideres-na-camaraadamantina\/#breadcrumb"},"inLanguage":"pt-BR","potentialAction":[{"@type":"ReadAction","target":["https:\/\/radiolifefm.com.br\/noticias\/helio-santos-e-ricardo-cangirao-sao-definidos-pelo-prefeito-marcio-cardim-como-seus-lideres-na-camaraadamantina\/"]}]},{"@type":"ImageObject","inLanguage":"pt-BR","@id":"https:\/\/radiolifefm.com.br\/noticias\/helio-santos-e-ricardo-cangirao-sao-definidos-pelo-prefeito-marcio-cardim-como-seus-lideres-na-camaraadamantina\/#primaryimage","url":"https:\/\/radiolifefm.com.br\/noticias\/wp-content\/uploads\/2021\/09\/F47.jpg","contentUrl":"https:\/\/radiolifefm.com.br\/noticias\/wp-content\/uploads\/2021\/09\/F47.jpg","width":1000,"height":574},{"@type":"BreadcrumbList","@id":"https:\/\/radiolifefm.com.br\/noticias\/helio-santos-e-ricardo-cangirao-sao-definidos-pelo-prefeito-marcio-cardim-como-seus-lideres-na-camaraadamantina\/#breadcrumb","itemListElement":[{"@type":"ListItem","position":1,"name":"In\u00edcio","item":"https:\/\/radiolifefm.com.br\/noticias\/"},{"@type":"ListItem","position":2,"name":"H\u00e9lio Santos e Ricardo Cangir\u00e3o s\u00e3o definidos pelo prefeito M\u00e1rcio Cardim como seus l\u00edderes na C\u00e2mara"}]},{"@type":"WebSite","@id":"https:\/\/radiolifefm.com.br\/noticias\/#website","url":"https:\/\/radiolifefm.com.br\/noticias\/","name":"R\u00e1dio Life FM","description":"O Portal de Not\u00edcias de Adamantina","publisher":{"@id":"https:\/\/radiolifefm.com.br\/noticias\/#organization"},"alternateName":"Life FM","potentialAction":[{"@type":"SearchAction","target":{"@type":"EntryPoint","urlTemplate":"https:\/\/radiolifefm.com.br\/noticias\/?s={search_term_string}"},"query-input":{"@type":"PropertyValueSpecification","valueRequired":true,"valueName":"search_term_string"}}],"inLanguage":"pt-BR"},{"@type":"Organization","@id":"https:\/\/radiolifefm.com.br\/noticias\/#organization","name":"R\u00e1dio Life FM","alternateName":"Life FM","url":"https:\/\/radiolifefm.com.br\/noticias\/","logo":{"@type":"ImageObject","inLanguage":"pt-BR","@id":"https:\/\/radiolifefm.com.br\/noticias\/#\/schema\/logo\/image\/","url":"https:\/\/static.radiolifefm.com.br\/noticias\/wp-content\/uploads\/2019\/10\/logo-lifefm.png","contentUrl":"https:\/\/static.radiolifefm.com.br\/noticias\/wp-content\/uploads\/2019\/10\/logo-lifefm.png","width":196,"height":47,"caption":"R\u00e1dio Life FM"},"image":{"@id":"https:\/\/radiolifefm.com.br\/noticias\/#\/schema\/logo\/image\/"},"sameAs":["https:\/\/www.facebook.com\/radiolifefm\/","https:\/\/www.instagram.com\/life1079fm\/"]},{"@type":"Person","@id":"https:\/\/radiolifefm.com.br\/noticias\/#\/schema\/person\/6339b9fac59d12b071dec680d7375d87","name":"ritanery","image":{"@type":"ImageObject","inLanguage":"pt-BR","@id":"https:\/\/secure.gravatar.com\/avatar\/0e37bb19071f47c0b8a23f62a903df117c5a0e75f65a0c2901562f97cd41cf86?s=96&d=mm&r=g","url":"https:\/\/secure.gravatar.com\/avatar\/0e37bb19071f47c0b8a23f62a903df117c5a0e75f65a0c2901562f97cd41cf86?s=96&d=mm&r=g","contentUrl":"https:\/\/secure.gravatar.com\/avatar\/0e37bb19071f47c0b8a23f62a903df117c5a0e75f65a0c2901562f97cd41cf86?s=96&d=mm&r=g","caption":"ritanery"}}]}},"amp_enabled":true,"_links":{"self":[{"href":"https:\/\/radiolifefm.com.br\/noticias\/wp-json\/wp\/v2\/posts\/42952","targetHints":{"allow":["GET"]}}],"collection":[{"href":"https:\/\/radiolifefm.com.br\/noticias\/wp-json\/wp\/v2\/posts"}],"about":[{"href":"https:\/\/radiolifefm.com.br\/noticias\/wp-json\/wp\/v2\/types\/post"}],"author":[{"embeddable":true,"href":"https:\/\/radiolifefm.com.br\/noticias\/wp-json\/wp\/v2\/users\/13"}],"replies":[{"embeddable":true,"href":"https:\/\/radiolifefm.com.br\/noticias\/wp-json\/wp\/v2\/comments?post=42952"}],"version-history":[{"count":2,"href":"https:\/\/radiolifefm.com.br\/noticias\/wp-json\/wp\/v2\/posts\/42952\/revisions"}],"predecessor-version":[{"id":42955,"href":"https:\/\/radiolifefm.com.br\/noticias\/wp-json\/wp\/v2\/posts\/42952\/revisions\/42955"}],"wp:featuredmedia":[{"embeddable":true,"href":"https:\/\/radiolifefm.com.br\/noticias\/wp-json\/wp\/v2\/media\/42953"}],"wp:attachment":[{"href":"https:\/\/radiolifefm.com.br\/noticias\/wp-json\/wp\/v2\/media?parent=42952"}],"wp:term":[{"taxonomy":"category","embeddable":true,"href":"https:\/\/radiolifefm.com.br\/noticias\/wp-json\/wp\/v2\/categories?post=42952"},{"taxonomy":"post_tag","embeddable":true,"href":"https:\/\/radiolifefm.com.br\/noticias\/wp-json\/wp\/v2\/tags?post=42952"}],"curies":[{"name":"wp","href":"https:\/\/api.w.org\/{rel}","templated":true}]}}