{"id":42925,"date":"2021-09-18T13:47:57","date_gmt":"2021-09-18T16:47:57","guid":{"rendered":"https:\/\/radiolifefm.com.br\/noticias\/?p=42925"},"modified":"2026-04-11T00:37:29","modified_gmt":"2026-04-11T03:37:29","slug":"na-camara-vereadores-pedem-que-nova-reitora-da-unifai-faca-auditoria-na-instituicao","status":"publish","type":"post","link":"https:\/\/radiolifefm.com.br\/noticias\/na-camara-vereadores-pedem-que-nova-reitora-da-unifai-faca-auditoria-na-instituicao\/","title":{"rendered":"Na C\u00e2mara, vereadores pedem que nova reitora da UniFAI fa\u00e7a auditoria na institui\u00e7\u00e3o"},"content":{"rendered":"<div id=\"fb-root\"><\/div>\n<p>Na sess\u00e3o da C\u00e2mara Municipal da \u00faltima segunda-feira (13), os vereadores da bancada do Podemos \u2013 Alcio Ikeda, Bigode da Capoeira e Rafael Pacheco \u2013 apresentaram a\u00a0<a href=\"https:\/\/sapl.adamantina.sp.leg.br\/media\/sapl\/public\/materialegislativa\/2021\/13035\/indicacao_615_14a_ordinaria.pdf\"><strong>Indica\u00e7\u00e3o N\u00ba 615\/2021<\/strong><\/a>, onde pedem que a nova reitoria do Centro Universit\u00e1rio de Adamantina (UniFAI), nomeada em julho, realize uma auditoria institucional que permita uma radiografia da autarquia e oriente a tomada de decis\u00f5es. \u201cIndicamos, regimentalmente, ao Magn\u00edfico Reitor da UniFAI, que seja estudada a possibilidade de promover uma auditoria institucional a fim de que a nova administra\u00e7\u00e3o tenha em m\u00e3os um \u201craio-x\u201d cont\u00e1bil, financeiro, acad\u00eamico e administrativo da UniFAI. Se pertinente e adequado, indicamos a contrata\u00e7\u00e3o, pelas vias legais, de empresa especializada no assunto, objetivando uma an\u00e1lise com crit\u00e9rios t\u00e9cnicos e imparciais\u201d, diz o documento legislativo.<\/p>\n<p>Na sequ\u00eancia do texto da Indica\u00e7\u00e3o, os vereadores justificam o pedido. \u201cN\u00e3o h\u00e1 como tra\u00e7ar um caminho, sem saber a posi\u00e7\u00e3o atual. A atual reitoria n\u00e3o teve tempo para realizar a transi\u00e7\u00e3o na administra\u00e7\u00e3o da UniFAI. Al\u00e9m disso, \u00e9 importante salientar que processo de escolha dos nomes para a reitoria foi consideravelmente conturbado e pol\u00eamico por provoca\u00e7\u00e3o de terceiros, o que ainda traz reflexos externos e internos na institui\u00e7\u00e3o. Neste sentido, visando preservar este importante patrim\u00f4nio p\u00fablico municipal que \u00e9 a UniFAI, a auditoria pode ser uma ferramenta importante para apresentar a atual administra\u00e7\u00e3o, a situa\u00e7\u00e3o real da autarquia, corrigindo o que for necess\u00e1rio\u201d.<\/p>\n<p>&nbsp;<\/p>\n<p>A Indica\u00e7\u00e3o \u00e9 uma sugest\u00e3o. O documento foi enviado para a reitoria da institui\u00e7\u00e3o de ensino.<\/p>\n<p>Fonte: Siga Mais<\/p>\n","protected":false},"excerpt":{"rendered":"<p>Na sess\u00e3o da C\u00e2mara Municipal da \u00faltima segunda-feira (13), os vereadores da bancada do Podemos \u2013 Alcio Ikeda, Bigode da Capoeira e Rafael Pacheco \u2013 apresentaram a\u00a0Indica\u00e7\u00e3o N\u00ba 615\/2021, onde pedem que a nova reitoria do Centro Universit\u00e1rio de Adamantina (UniFAI), nomeada em julho, realize uma auditoria institucional que permita uma radiografia da autarquia e [&hellip;]<\/p>\n","protected":false},"author":13,"featured_media":42926,"comment_status":"closed","ping_status":"open","sticky":false,"template":"","format":"standard","meta":{"_acf_changed":false,"_exactmetrics_skip_tracking":false,"_exactmetrics_sitenote_active":false,"_exactmetrics_sitenote_note":"","_exactmetrics_sitenote_category":0,"footnotes":""},"categories":[21],"tags":[],"class_list":["post-42925","post","type-post","status-publish","format-standard","has-post-thumbnail","hentry","category-adamantina"],"acf":[],"yoast_head":"<!-- This site is optimized with the Yoast SEO plugin v27.2 - https:\/\/yoast.com\/product\/yoast-seo-wordpress\/ -->\n<title>Na C\u00e2mara, vereadores pedem que nova reitora da UniFAI fa\u00e7a auditoria na institui\u00e7\u00e3o - R\u00e1dio Life FM<\/title>\n<meta name=\"robots\" content=\"index, follow, max-snippet:-1, max-image-preview:large, max-video-preview:-1\" \/>\n<link rel=\"canonical\" href=\"https:\/\/radiolifefm.com.br\/noticias\/na-camara-vereadores-pedem-que-nova-reitora-da-unifai-faca-auditoria-na-instituicao\/\" \/>\n<meta property=\"og:locale\" content=\"pt_BR\" \/>\n<meta property=\"og:type\" content=\"article\" \/>\n<meta property=\"og:title\" content=\"Na C\u00e2mara, vereadores pedem que nova reitora da UniFAI fa\u00e7a auditoria na institui\u00e7\u00e3o - R\u00e1dio Life FM\" \/>\n<meta property=\"og:description\" content=\"Na sess\u00e3o da C\u00e2mara Municipal da \u00faltima segunda-feira (13), os vereadores da bancada do Podemos \u2013 Alcio Ikeda, Bigode da Capoeira e Rafael Pacheco \u2013 apresentaram a\u00a0Indica\u00e7\u00e3o N\u00ba 615\/2021, onde pedem que a nova reitoria do Centro Universit\u00e1rio de Adamantina (UniFAI), nomeada em julho, realize uma auditoria institucional que permita uma radiografia da autarquia e [&hellip;]\" \/>\n<meta property=\"og:url\" content=\"https:\/\/radiolifefm.com.br\/noticias\/na-camara-vereadores-pedem-que-nova-reitora-da-unifai-faca-auditoria-na-instituicao\/\" \/>\n<meta property=\"og:site_name\" content=\"R\u00e1dio Life FM\" \/>\n<meta property=\"article:publisher\" content=\"https:\/\/www.facebook.com\/radiolifefm\/\" \/>\n<meta property=\"article:published_time\" content=\"2021-09-18T16:47:57+00:00\" \/>\n<meta property=\"article:modified_time\" content=\"2026-04-11T03:37:29+00:00\" \/>\n<meta property=\"og:image\" content=\"https:\/\/radiolifefm.com.br\/noticias\/wp-content\/uploads\/2021\/09\/14017350225176502117150453749546700115397060njpg16318911296144aeb9a429e.jpg\" \/>\n\t<meta property=\"og:image:width\" content=\"600\" \/>\n\t<meta property=\"og:image:height\" content=\"337\" \/>\n\t<meta property=\"og:image:type\" content=\"image\/jpeg\" \/>\n<meta name=\"author\" content=\"ritanery\" \/>\n<meta name=\"twitter:card\" content=\"summary_large_image\" \/>\n<meta name=\"twitter:label1\" content=\"Escrito por\" \/>\n\t<meta name=\"twitter:data1\" content=\"ritanery\" \/>\n\t<meta name=\"twitter:label2\" content=\"Est. tempo de leitura\" \/>\n\t<meta name=\"twitter:data2\" content=\"2 minutos\" \/>\n<script type=\"application\/ld+json\" class=\"yoast-schema-graph\">{\"@context\":\"https:\/\/schema.org\",\"@graph\":[{\"@type\":\"Article\",\"@id\":\"https:\/\/radiolifefm.com.br\/noticias\/na-camara-vereadores-pedem-que-nova-reitora-da-unifai-faca-auditoria-na-instituicao\/#article\",\"isPartOf\":{\"@id\":\"https:\/\/radiolifefm.com.br\/noticias\/na-camara-vereadores-pedem-que-nova-reitora-da-unifai-faca-auditoria-na-instituicao\/\"},\"author\":{\"name\":\"ritanery\",\"@id\":\"https:\/\/radiolifefm.com.br\/noticias\/#\/schema\/person\/6339b9fac59d12b071dec680d7375d87\"},\"headline\":\"Na C\u00e2mara, vereadores pedem que nova reitora da UniFAI fa\u00e7a auditoria na institui\u00e7\u00e3o\",\"datePublished\":\"2021-09-18T16:47:57+00:00\",\"dateModified\":\"2026-04-11T03:37:29+00:00\",\"mainEntityOfPage\":{\"@id\":\"https:\/\/radiolifefm.com.br\/noticias\/na-camara-vereadores-pedem-que-nova-reitora-da-unifai-faca-auditoria-na-instituicao\/\"},\"wordCount\":291,\"publisher\":{\"@id\":\"https:\/\/radiolifefm.com.br\/noticias\/#organization\"},\"image\":{\"@id\":\"https:\/\/radiolifefm.com.br\/noticias\/na-camara-vereadores-pedem-que-nova-reitora-da-unifai-faca-auditoria-na-instituicao\/#primaryimage\"},\"thumbnailUrl\":\"https:\/\/radiolifefm.com.br\/noticias\/wp-content\/uploads\/2021\/09\/14017350225176502117150453749546700115397060njpg16318911296144aeb9a429e.jpg\",\"articleSection\":[\"Adamantina\"],\"inLanguage\":\"pt-BR\"},{\"@type\":\"WebPage\",\"@id\":\"https:\/\/radiolifefm.com.br\/noticias\/na-camara-vereadores-pedem-que-nova-reitora-da-unifai-faca-auditoria-na-instituicao\/\",\"url\":\"https:\/\/radiolifefm.com.br\/noticias\/na-camara-vereadores-pedem-que-nova-reitora-da-unifai-faca-auditoria-na-instituicao\/\",\"name\":\"Na C\u00e2mara, vereadores pedem que nova reitora da UniFAI fa\u00e7a auditoria na institui\u00e7\u00e3o - R\u00e1dio Life FM\",\"isPartOf\":{\"@id\":\"https:\/\/radiolifefm.com.br\/noticias\/#website\"},\"primaryImageOfPage\":{\"@id\":\"https:\/\/radiolifefm.com.br\/noticias\/na-camara-vereadores-pedem-que-nova-reitora-da-unifai-faca-auditoria-na-instituicao\/#primaryimage\"},\"image\":{\"@id\":\"https:\/\/radiolifefm.com.br\/noticias\/na-camara-vereadores-pedem-que-nova-reitora-da-unifai-faca-auditoria-na-instituicao\/#primaryimage\"},\"thumbnailUrl\":\"https:\/\/radiolifefm.com.br\/noticias\/wp-content\/uploads\/2021\/09\/14017350225176502117150453749546700115397060njpg16318911296144aeb9a429e.jpg\",\"datePublished\":\"2021-09-18T16:47:57+00:00\",\"dateModified\":\"2026-04-11T03:37:29+00:00\",\"breadcrumb\":{\"@id\":\"https:\/\/radiolifefm.com.br\/noticias\/na-camara-vereadores-pedem-que-nova-reitora-da-unifai-faca-auditoria-na-instituicao\/#breadcrumb\"},\"inLanguage\":\"pt-BR\",\"potentialAction\":[{\"@type\":\"ReadAction\",\"target\":[\"https:\/\/radiolifefm.com.br\/noticias\/na-camara-vereadores-pedem-que-nova-reitora-da-unifai-faca-auditoria-na-instituicao\/\"]}]},{\"@type\":\"ImageObject\",\"inLanguage\":\"pt-BR\",\"@id\":\"https:\/\/radiolifefm.com.br\/noticias\/na-camara-vereadores-pedem-que-nova-reitora-da-unifai-faca-auditoria-na-instituicao\/#primaryimage\",\"url\":\"https:\/\/radiolifefm.com.br\/noticias\/wp-content\/uploads\/2021\/09\/14017350225176502117150453749546700115397060njpg16318911296144aeb9a429e.jpg\",\"contentUrl\":\"https:\/\/radiolifefm.com.br\/noticias\/wp-content\/uploads\/2021\/09\/14017350225176502117150453749546700115397060njpg16318911296144aeb9a429e.jpg\",\"width\":600,\"height\":337,\"caption\":\"Sugest\u00e3o \u00e9 assinada pelos vereadores Alcio Ikeda, Bigode da Capoeira e Rafael Pacheco.\"},{\"@type\":\"BreadcrumbList\",\"@id\":\"https:\/\/radiolifefm.com.br\/noticias\/na-camara-vereadores-pedem-que-nova-reitora-da-unifai-faca-auditoria-na-instituicao\/#breadcrumb\",\"itemListElement\":[{\"@type\":\"ListItem\",\"position\":1,\"name\":\"In\u00edcio\",\"item\":\"https:\/\/radiolifefm.com.br\/noticias\/\"},{\"@type\":\"ListItem\",\"position\":2,\"name\":\"Na C\u00e2mara, vereadores pedem que nova reitora da UniFAI fa\u00e7a auditoria na institui\u00e7\u00e3o\"}]},{\"@type\":\"WebSite\",\"@id\":\"https:\/\/radiolifefm.com.br\/noticias\/#website\",\"url\":\"https:\/\/radiolifefm.com.br\/noticias\/\",\"name\":\"R\u00e1dio Life FM\",\"description\":\"O Portal de Not\u00edcias de Adamantina\",\"publisher\":{\"@id\":\"https:\/\/radiolifefm.com.br\/noticias\/#organization\"},\"alternateName\":\"Life FM\",\"potentialAction\":[{\"@type\":\"SearchAction\",\"target\":{\"@type\":\"EntryPoint\",\"urlTemplate\":\"https:\/\/radiolifefm.com.br\/noticias\/?s={search_term_string}\"},\"query-input\":{\"@type\":\"PropertyValueSpecification\",\"valueRequired\":true,\"valueName\":\"search_term_string\"}}],\"inLanguage\":\"pt-BR\"},{\"@type\":\"Organization\",\"@id\":\"https:\/\/radiolifefm.com.br\/noticias\/#organization\",\"name\":\"R\u00e1dio Life FM\",\"alternateName\":\"Life FM\",\"url\":\"https:\/\/radiolifefm.com.br\/noticias\/\",\"logo\":{\"@type\":\"ImageObject\",\"inLanguage\":\"pt-BR\",\"@id\":\"https:\/\/radiolifefm.com.br\/noticias\/#\/schema\/logo\/image\/\",\"url\":\"https:\/\/static.radiolifefm.com.br\/noticias\/wp-content\/uploads\/2019\/10\/logo-lifefm.png\",\"contentUrl\":\"https:\/\/static.radiolifefm.com.br\/noticias\/wp-content\/uploads\/2019\/10\/logo-lifefm.png\",\"width\":196,\"height\":47,\"caption\":\"R\u00e1dio Life FM\"},\"image\":{\"@id\":\"https:\/\/radiolifefm.com.br\/noticias\/#\/schema\/logo\/image\/\"},\"sameAs\":[\"https:\/\/www.facebook.com\/radiolifefm\/\",\"https:\/\/www.instagram.com\/life1079fm\/\"]},{\"@type\":\"Person\",\"@id\":\"https:\/\/radiolifefm.com.br\/noticias\/#\/schema\/person\/6339b9fac59d12b071dec680d7375d87\",\"name\":\"ritanery\",\"image\":{\"@type\":\"ImageObject\",\"inLanguage\":\"pt-BR\",\"@id\":\"https:\/\/secure.gravatar.com\/avatar\/0e37bb19071f47c0b8a23f62a903df117c5a0e75f65a0c2901562f97cd41cf86?s=96&d=mm&r=g\",\"url\":\"https:\/\/secure.gravatar.com\/avatar\/0e37bb19071f47c0b8a23f62a903df117c5a0e75f65a0c2901562f97cd41cf86?s=96&d=mm&r=g\",\"contentUrl\":\"https:\/\/secure.gravatar.com\/avatar\/0e37bb19071f47c0b8a23f62a903df117c5a0e75f65a0c2901562f97cd41cf86?s=96&d=mm&r=g\",\"caption\":\"ritanery\"}}]}<\/script>\n<!-- \/ Yoast SEO plugin. -->","yoast_head_json":{"title":"Na C\u00e2mara, vereadores pedem que nova reitora da UniFAI fa\u00e7a auditoria na institui\u00e7\u00e3o - R\u00e1dio Life FM","robots":{"index":"index","follow":"follow","max-snippet":"max-snippet:-1","max-image-preview":"max-image-preview:large","max-video-preview":"max-video-preview:-1"},"canonical":"https:\/\/radiolifefm.com.br\/noticias\/na-camara-vereadores-pedem-que-nova-reitora-da-unifai-faca-auditoria-na-instituicao\/","og_locale":"pt_BR","og_type":"article","og_title":"Na C\u00e2mara, vereadores pedem que nova reitora da UniFAI fa\u00e7a auditoria na institui\u00e7\u00e3o - R\u00e1dio Life FM","og_description":"Na sess\u00e3o da C\u00e2mara Municipal da \u00faltima segunda-feira (13), os vereadores da bancada do Podemos \u2013 Alcio Ikeda, Bigode da Capoeira e Rafael Pacheco \u2013 apresentaram a\u00a0Indica\u00e7\u00e3o N\u00ba 615\/2021, onde pedem que a nova reitoria do Centro Universit\u00e1rio de Adamantina (UniFAI), nomeada em julho, realize uma auditoria institucional que permita uma radiografia da autarquia e [&hellip;]","og_url":"https:\/\/radiolifefm.com.br\/noticias\/na-camara-vereadores-pedem-que-nova-reitora-da-unifai-faca-auditoria-na-instituicao\/","og_site_name":"R\u00e1dio Life FM","article_publisher":"https:\/\/www.facebook.com\/radiolifefm\/","article_published_time":"2021-09-18T16:47:57+00:00","article_modified_time":"2026-04-11T03:37:29+00:00","og_image":[{"width":600,"height":337,"url":"https:\/\/radiolifefm.com.br\/noticias\/wp-content\/uploads\/2021\/09\/14017350225176502117150453749546700115397060njpg16318911296144aeb9a429e.jpg","type":"image\/jpeg"}],"author":"ritanery","twitter_card":"summary_large_image","twitter_misc":{"Escrito por":"ritanery","Est. tempo de leitura":"2 minutos"},"schema":{"@context":"https:\/\/schema.org","@graph":[{"@type":"Article","@id":"https:\/\/radiolifefm.com.br\/noticias\/na-camara-vereadores-pedem-que-nova-reitora-da-unifai-faca-auditoria-na-instituicao\/#article","isPartOf":{"@id":"https:\/\/radiolifefm.com.br\/noticias\/na-camara-vereadores-pedem-que-nova-reitora-da-unifai-faca-auditoria-na-instituicao\/"},"author":{"name":"ritanery","@id":"https:\/\/radiolifefm.com.br\/noticias\/#\/schema\/person\/6339b9fac59d12b071dec680d7375d87"},"headline":"Na C\u00e2mara, vereadores pedem que nova reitora da UniFAI fa\u00e7a auditoria na institui\u00e7\u00e3o","datePublished":"2021-09-18T16:47:57+00:00","dateModified":"2026-04-11T03:37:29+00:00","mainEntityOfPage":{"@id":"https:\/\/radiolifefm.com.br\/noticias\/na-camara-vereadores-pedem-que-nova-reitora-da-unifai-faca-auditoria-na-instituicao\/"},"wordCount":291,"publisher":{"@id":"https:\/\/radiolifefm.com.br\/noticias\/#organization"},"image":{"@id":"https:\/\/radiolifefm.com.br\/noticias\/na-camara-vereadores-pedem-que-nova-reitora-da-unifai-faca-auditoria-na-instituicao\/#primaryimage"},"thumbnailUrl":"https:\/\/radiolifefm.com.br\/noticias\/wp-content\/uploads\/2021\/09\/14017350225176502117150453749546700115397060njpg16318911296144aeb9a429e.jpg","articleSection":["Adamantina"],"inLanguage":"pt-BR"},{"@type":"WebPage","@id":"https:\/\/radiolifefm.com.br\/noticias\/na-camara-vereadores-pedem-que-nova-reitora-da-unifai-faca-auditoria-na-instituicao\/","url":"https:\/\/radiolifefm.com.br\/noticias\/na-camara-vereadores-pedem-que-nova-reitora-da-unifai-faca-auditoria-na-instituicao\/","name":"Na C\u00e2mara, vereadores pedem que nova reitora da UniFAI fa\u00e7a auditoria na institui\u00e7\u00e3o - R\u00e1dio Life FM","isPartOf":{"@id":"https:\/\/radiolifefm.com.br\/noticias\/#website"},"primaryImageOfPage":{"@id":"https:\/\/radiolifefm.com.br\/noticias\/na-camara-vereadores-pedem-que-nova-reitora-da-unifai-faca-auditoria-na-instituicao\/#primaryimage"},"image":{"@id":"https:\/\/radiolifefm.com.br\/noticias\/na-camara-vereadores-pedem-que-nova-reitora-da-unifai-faca-auditoria-na-instituicao\/#primaryimage"},"thumbnailUrl":"https:\/\/radiolifefm.com.br\/noticias\/wp-content\/uploads\/2021\/09\/14017350225176502117150453749546700115397060njpg16318911296144aeb9a429e.jpg","datePublished":"2021-09-18T16:47:57+00:00","dateModified":"2026-04-11T03:37:29+00:00","breadcrumb":{"@id":"https:\/\/radiolifefm.com.br\/noticias\/na-camara-vereadores-pedem-que-nova-reitora-da-unifai-faca-auditoria-na-instituicao\/#breadcrumb"},"inLanguage":"pt-BR","potentialAction":[{"@type":"ReadAction","target":["https:\/\/radiolifefm.com.br\/noticias\/na-camara-vereadores-pedem-que-nova-reitora-da-unifai-faca-auditoria-na-instituicao\/"]}]},{"@type":"ImageObject","inLanguage":"pt-BR","@id":"https:\/\/radiolifefm.com.br\/noticias\/na-camara-vereadores-pedem-que-nova-reitora-da-unifai-faca-auditoria-na-instituicao\/#primaryimage","url":"https:\/\/radiolifefm.com.br\/noticias\/wp-content\/uploads\/2021\/09\/14017350225176502117150453749546700115397060njpg16318911296144aeb9a429e.jpg","contentUrl":"https:\/\/radiolifefm.com.br\/noticias\/wp-content\/uploads\/2021\/09\/14017350225176502117150453749546700115397060njpg16318911296144aeb9a429e.jpg","width":600,"height":337,"caption":"Sugest\u00e3o \u00e9 assinada pelos vereadores Alcio Ikeda, Bigode da Capoeira e Rafael Pacheco."},{"@type":"BreadcrumbList","@id":"https:\/\/radiolifefm.com.br\/noticias\/na-camara-vereadores-pedem-que-nova-reitora-da-unifai-faca-auditoria-na-instituicao\/#breadcrumb","itemListElement":[{"@type":"ListItem","position":1,"name":"In\u00edcio","item":"https:\/\/radiolifefm.com.br\/noticias\/"},{"@type":"ListItem","position":2,"name":"Na C\u00e2mara, vereadores pedem que nova reitora da UniFAI fa\u00e7a auditoria na institui\u00e7\u00e3o"}]},{"@type":"WebSite","@id":"https:\/\/radiolifefm.com.br\/noticias\/#website","url":"https:\/\/radiolifefm.com.br\/noticias\/","name":"R\u00e1dio Life FM","description":"O Portal de Not\u00edcias de Adamantina","publisher":{"@id":"https:\/\/radiolifefm.com.br\/noticias\/#organization"},"alternateName":"Life FM","potentialAction":[{"@type":"SearchAction","target":{"@type":"EntryPoint","urlTemplate":"https:\/\/radiolifefm.com.br\/noticias\/?s={search_term_string}"},"query-input":{"@type":"PropertyValueSpecification","valueRequired":true,"valueName":"search_term_string"}}],"inLanguage":"pt-BR"},{"@type":"Organization","@id":"https:\/\/radiolifefm.com.br\/noticias\/#organization","name":"R\u00e1dio Life FM","alternateName":"Life FM","url":"https:\/\/radiolifefm.com.br\/noticias\/","logo":{"@type":"ImageObject","inLanguage":"pt-BR","@id":"https:\/\/radiolifefm.com.br\/noticias\/#\/schema\/logo\/image\/","url":"https:\/\/static.radiolifefm.com.br\/noticias\/wp-content\/uploads\/2019\/10\/logo-lifefm.png","contentUrl":"https:\/\/static.radiolifefm.com.br\/noticias\/wp-content\/uploads\/2019\/10\/logo-lifefm.png","width":196,"height":47,"caption":"R\u00e1dio Life FM"},"image":{"@id":"https:\/\/radiolifefm.com.br\/noticias\/#\/schema\/logo\/image\/"},"sameAs":["https:\/\/www.facebook.com\/radiolifefm\/","https:\/\/www.instagram.com\/life1079fm\/"]},{"@type":"Person","@id":"https:\/\/radiolifefm.com.br\/noticias\/#\/schema\/person\/6339b9fac59d12b071dec680d7375d87","name":"ritanery","image":{"@type":"ImageObject","inLanguage":"pt-BR","@id":"https:\/\/secure.gravatar.com\/avatar\/0e37bb19071f47c0b8a23f62a903df117c5a0e75f65a0c2901562f97cd41cf86?s=96&d=mm&r=g","url":"https:\/\/secure.gravatar.com\/avatar\/0e37bb19071f47c0b8a23f62a903df117c5a0e75f65a0c2901562f97cd41cf86?s=96&d=mm&r=g","contentUrl":"https:\/\/secure.gravatar.com\/avatar\/0e37bb19071f47c0b8a23f62a903df117c5a0e75f65a0c2901562f97cd41cf86?s=96&d=mm&r=g","caption":"ritanery"}}]}},"amp_enabled":true,"_links":{"self":[{"href":"https:\/\/radiolifefm.com.br\/noticias\/wp-json\/wp\/v2\/posts\/42925","targetHints":{"allow":["GET"]}}],"collection":[{"href":"https:\/\/radiolifefm.com.br\/noticias\/wp-json\/wp\/v2\/posts"}],"about":[{"href":"https:\/\/radiolifefm.com.br\/noticias\/wp-json\/wp\/v2\/types\/post"}],"author":[{"embeddable":true,"href":"https:\/\/radiolifefm.com.br\/noticias\/wp-json\/wp\/v2\/users\/13"}],"replies":[{"embeddable":true,"href":"https:\/\/radiolifefm.com.br\/noticias\/wp-json\/wp\/v2\/comments?post=42925"}],"version-history":[{"count":1,"href":"https:\/\/radiolifefm.com.br\/noticias\/wp-json\/wp\/v2\/posts\/42925\/revisions"}],"predecessor-version":[{"id":42927,"href":"https:\/\/radiolifefm.com.br\/noticias\/wp-json\/wp\/v2\/posts\/42925\/revisions\/42927"}],"wp:featuredmedia":[{"embeddable":true,"href":"https:\/\/radiolifefm.com.br\/noticias\/wp-json\/wp\/v2\/media\/42926"}],"wp:attachment":[{"href":"https:\/\/radiolifefm.com.br\/noticias\/wp-json\/wp\/v2\/media?parent=42925"}],"wp:term":[{"taxonomy":"category","embeddable":true,"href":"https:\/\/radiolifefm.com.br\/noticias\/wp-json\/wp\/v2\/categories?post=42925"},{"taxonomy":"post_tag","embeddable":true,"href":"https:\/\/radiolifefm.com.br\/noticias\/wp-json\/wp\/v2\/tags?post=42925"}],"curies":[{"name":"wp","href":"https:\/\/api.w.org\/{rel}","templated":true}]}}