{"id":42879,"date":"2021-09-17T20:49:44","date_gmt":"2021-09-17T23:49:44","guid":{"rendered":"https:\/\/radiolifefm.com.br\/noticias\/?p=42879"},"modified":"2026-04-18T01:11:18","modified_gmt":"2026-04-18T04:11:18","slug":"prefeitura-quer-construir-complexo-esportivo-na-entrada-de-adamantina","status":"publish","type":"post","link":"https:\/\/radiolifefm.com.br\/noticias\/prefeitura-quer-construir-complexo-esportivo-na-entrada-de-adamantina\/","title":{"rendered":"Prefeitura quer construir complexo esportivo na entrada de Adamantina"},"content":{"rendered":"<div id=\"fb-root\"><\/div>\n<p>O projeto de constru\u00e7\u00e3o de um complexo esportivo em \u00e1rea situada no trevo de Adamantina foi resgatado pela Prefeitura. Por\u00e9m, para sair do papel, \u00e9 necess\u00e1rio a cess\u00e3o da \u00e1rea de 18 mil m\u00b2 pelo Governo do Estado para a municipalidade.<\/p>\n<p>&nbsp;<\/p>\n<p>O terreno fica entre os fundos do Campus III da UniFAI (Centro Universit\u00e1rio de Adamantina) e o recinto poliesportivo. Conforme a Selar (Secretaria de Esportes, Lazer e Recrea\u00e7\u00e3o), os tr\u00e2mites para a implanta\u00e7\u00e3o da nova estrutura esportiva j\u00e1 tiveram in\u00edcio, com a busca do direito de uso do espa\u00e7o e de recursos para viabilizar a estrutura.<\/p>\n<p>A pasta deseja tornar o local refer\u00eancia para a pr\u00e1tica do atletismo na cidade, com pistas de corrida, salto em dist\u00e2ncia, salto em altura, lan\u00e7amento de disco, entre outras modalidades ol\u00edmpicas.<\/p>\n<p>&nbsp;<\/p>\n<p>\u201cNas mais diversas modalidades do atletismo descobrimos e revelamos em nossa cidade muitos talentos, como Matheus Bordinhon Monari, que integrou a sele\u00e7\u00e3o brasileira em campeonato mundial e sul-americano (arremesso de peso), Liliane dos Santos integrante da sele\u00e7\u00e3o brasileira (meio fundista), Rubens dos Santos J\u00fanior integrante da sele\u00e7\u00e3o brasileira (salto em dist\u00e2ncia), Lucas Marcelino integrante da sele\u00e7\u00e3o brasileira, (salto em dist\u00e2ncia) e, mais recentemente, a atleta Isabela Rodrigues da Silva, que disputou os Jogos Ol\u00edmpicos em T\u00f3quio na modalidade de (lan\u00e7amento de disco), sendo a primeira brasileira em toda hist\u00f3ria a ser finalista ol\u00edmpica nesta prova\u201d, destacou o secret\u00e1rio Ronaldo Pereira Dutra ao jornal Di\u00e1rio do Oeste.<\/p>\n<p>&nbsp;<\/p>\n<p>O complexo esportivo contar\u00e1 ainda com campo de futebol, arquibancada e vesti\u00e1rios.<\/p>\n<p>&nbsp;<\/p>\n<p>Fonte: Impacto Noticias<\/p>\n","protected":false},"excerpt":{"rendered":"<p>O projeto de constru\u00e7\u00e3o de um complexo esportivo em \u00e1rea situada no trevo de Adamantina foi resgatado pela Prefeitura. Por\u00e9m, para sair do papel, \u00e9 necess\u00e1rio a cess\u00e3o da \u00e1rea de 18 mil m\u00b2 pelo Governo do Estado para a municipalidade. &nbsp; O terreno fica entre os fundos do Campus III da UniFAI (Centro Universit\u00e1rio [&hellip;]<\/p>\n","protected":false},"author":13,"featured_media":42880,"comment_status":"closed","ping_status":"open","sticky":false,"template":"","format":"standard","meta":{"_acf_changed":false,"_exactmetrics_skip_tracking":false,"_exactmetrics_sitenote_active":false,"_exactmetrics_sitenote_note":"","_exactmetrics_sitenote_category":0,"footnotes":""},"categories":[21],"tags":[],"class_list":["post-42879","post","type-post","status-publish","format-standard","has-post-thumbnail","hentry","category-adamantina"],"acf":[],"yoast_head":"<!-- This site is optimized with the Yoast SEO plugin v27.2 - https:\/\/yoast.com\/product\/yoast-seo-wordpress\/ -->\n<title>Prefeitura quer construir complexo esportivo na entrada de Adamantina - R\u00e1dio Life FM<\/title>\n<meta name=\"robots\" content=\"index, follow, max-snippet:-1, max-image-preview:large, max-video-preview:-1\" \/>\n<link rel=\"canonical\" href=\"https:\/\/radiolifefm.com.br\/noticias\/prefeitura-quer-construir-complexo-esportivo-na-entrada-de-adamantina\/\" \/>\n<meta property=\"og:locale\" content=\"pt_BR\" \/>\n<meta property=\"og:type\" content=\"article\" \/>\n<meta property=\"og:title\" content=\"Prefeitura quer construir complexo esportivo na entrada de Adamantina - R\u00e1dio Life FM\" \/>\n<meta property=\"og:description\" content=\"O projeto de constru\u00e7\u00e3o de um complexo esportivo em \u00e1rea situada no trevo de Adamantina foi resgatado pela Prefeitura. Por\u00e9m, para sair do papel, \u00e9 necess\u00e1rio a cess\u00e3o da \u00e1rea de 18 mil m\u00b2 pelo Governo do Estado para a municipalidade. &nbsp; O terreno fica entre os fundos do Campus III da UniFAI (Centro Universit\u00e1rio [&hellip;]\" \/>\n<meta property=\"og:url\" content=\"https:\/\/radiolifefm.com.br\/noticias\/prefeitura-quer-construir-complexo-esportivo-na-entrada-de-adamantina\/\" \/>\n<meta property=\"og:site_name\" content=\"R\u00e1dio Life FM\" \/>\n<meta property=\"article:publisher\" content=\"https:\/\/www.facebook.com\/radiolifefm\/\" \/>\n<meta property=\"article:published_time\" content=\"2021-09-17T23:49:44+00:00\" \/>\n<meta property=\"article:modified_time\" content=\"2026-04-18T04:11:18+00:00\" \/>\n<meta property=\"og:image\" content=\"https:\/\/radiolifefm.com.br\/noticias\/wp-content\/uploads\/2021\/09\/complexo-de-atletismo.jpeg\" \/>\n\t<meta property=\"og:image:width\" content=\"750\" \/>\n\t<meta property=\"og:image:height\" content=\"375\" \/>\n\t<meta property=\"og:image:type\" content=\"image\/jpeg\" \/>\n<meta name=\"author\" content=\"ritanery\" \/>\n<meta name=\"twitter:card\" content=\"summary_large_image\" \/>\n<meta name=\"twitter:label1\" content=\"Escrito por\" \/>\n\t<meta name=\"twitter:data1\" content=\"ritanery\" \/>\n\t<meta name=\"twitter:label2\" content=\"Est. tempo de leitura\" \/>\n\t<meta name=\"twitter:data2\" content=\"2 minutos\" \/>\n<script type=\"application\/ld+json\" class=\"yoast-schema-graph\">{\"@context\":\"https:\/\/schema.org\",\"@graph\":[{\"@type\":\"Article\",\"@id\":\"https:\/\/radiolifefm.com.br\/noticias\/prefeitura-quer-construir-complexo-esportivo-na-entrada-de-adamantina\/#article\",\"isPartOf\":{\"@id\":\"https:\/\/radiolifefm.com.br\/noticias\/prefeitura-quer-construir-complexo-esportivo-na-entrada-de-adamantina\/\"},\"author\":{\"name\":\"ritanery\",\"@id\":\"https:\/\/radiolifefm.com.br\/noticias\/#\/schema\/person\/6339b9fac59d12b071dec680d7375d87\"},\"headline\":\"Prefeitura quer construir complexo esportivo na entrada de Adamantina\",\"datePublished\":\"2021-09-17T23:49:44+00:00\",\"dateModified\":\"2026-04-18T04:11:18+00:00\",\"mainEntityOfPage\":{\"@id\":\"https:\/\/radiolifefm.com.br\/noticias\/prefeitura-quer-construir-complexo-esportivo-na-entrada-de-adamantina\/\"},\"wordCount\":290,\"publisher\":{\"@id\":\"https:\/\/radiolifefm.com.br\/noticias\/#organization\"},\"image\":{\"@id\":\"https:\/\/radiolifefm.com.br\/noticias\/prefeitura-quer-construir-complexo-esportivo-na-entrada-de-adamantina\/#primaryimage\"},\"thumbnailUrl\":\"https:\/\/radiolifefm.com.br\/noticias\/wp-content\/uploads\/2021\/09\/complexo-de-atletismo.jpeg\",\"articleSection\":[\"Adamantina\"],\"inLanguage\":\"pt-BR\"},{\"@type\":\"WebPage\",\"@id\":\"https:\/\/radiolifefm.com.br\/noticias\/prefeitura-quer-construir-complexo-esportivo-na-entrada-de-adamantina\/\",\"url\":\"https:\/\/radiolifefm.com.br\/noticias\/prefeitura-quer-construir-complexo-esportivo-na-entrada-de-adamantina\/\",\"name\":\"Prefeitura quer construir complexo esportivo na entrada de Adamantina - R\u00e1dio Life FM\",\"isPartOf\":{\"@id\":\"https:\/\/radiolifefm.com.br\/noticias\/#website\"},\"primaryImageOfPage\":{\"@id\":\"https:\/\/radiolifefm.com.br\/noticias\/prefeitura-quer-construir-complexo-esportivo-na-entrada-de-adamantina\/#primaryimage\"},\"image\":{\"@id\":\"https:\/\/radiolifefm.com.br\/noticias\/prefeitura-quer-construir-complexo-esportivo-na-entrada-de-adamantina\/#primaryimage\"},\"thumbnailUrl\":\"https:\/\/radiolifefm.com.br\/noticias\/wp-content\/uploads\/2021\/09\/complexo-de-atletismo.jpeg\",\"datePublished\":\"2021-09-17T23:49:44+00:00\",\"dateModified\":\"2026-04-18T04:11:18+00:00\",\"breadcrumb\":{\"@id\":\"https:\/\/radiolifefm.com.br\/noticias\/prefeitura-quer-construir-complexo-esportivo-na-entrada-de-adamantina\/#breadcrumb\"},\"inLanguage\":\"pt-BR\",\"potentialAction\":[{\"@type\":\"ReadAction\",\"target\":[\"https:\/\/radiolifefm.com.br\/noticias\/prefeitura-quer-construir-complexo-esportivo-na-entrada-de-adamantina\/\"]}]},{\"@type\":\"ImageObject\",\"inLanguage\":\"pt-BR\",\"@id\":\"https:\/\/radiolifefm.com.br\/noticias\/prefeitura-quer-construir-complexo-esportivo-na-entrada-de-adamantina\/#primaryimage\",\"url\":\"https:\/\/radiolifefm.com.br\/noticias\/wp-content\/uploads\/2021\/09\/complexo-de-atletismo.jpeg\",\"contentUrl\":\"https:\/\/radiolifefm.com.br\/noticias\/wp-content\/uploads\/2021\/09\/complexo-de-atletismo.jpeg\",\"width\":750,\"height\":375,\"caption\":\"Conforme a Selar, os tr\u00e2mites para a implanta\u00e7\u00e3o da nova estrutura esportiva j\u00e1 tiveram in\u00edcio, com a busca do direito de uso do espa\u00e7o e de recursos para viabilizar a estrutura\"},{\"@type\":\"BreadcrumbList\",\"@id\":\"https:\/\/radiolifefm.com.br\/noticias\/prefeitura-quer-construir-complexo-esportivo-na-entrada-de-adamantina\/#breadcrumb\",\"itemListElement\":[{\"@type\":\"ListItem\",\"position\":1,\"name\":\"In\u00edcio\",\"item\":\"https:\/\/radiolifefm.com.br\/noticias\/\"},{\"@type\":\"ListItem\",\"position\":2,\"name\":\"Prefeitura quer construir complexo esportivo na entrada de Adamantina\"}]},{\"@type\":\"WebSite\",\"@id\":\"https:\/\/radiolifefm.com.br\/noticias\/#website\",\"url\":\"https:\/\/radiolifefm.com.br\/noticias\/\",\"name\":\"R\u00e1dio Life FM\",\"description\":\"O Portal de Not\u00edcias de Adamantina\",\"publisher\":{\"@id\":\"https:\/\/radiolifefm.com.br\/noticias\/#organization\"},\"alternateName\":\"Life FM\",\"potentialAction\":[{\"@type\":\"SearchAction\",\"target\":{\"@type\":\"EntryPoint\",\"urlTemplate\":\"https:\/\/radiolifefm.com.br\/noticias\/?s={search_term_string}\"},\"query-input\":{\"@type\":\"PropertyValueSpecification\",\"valueRequired\":true,\"valueName\":\"search_term_string\"}}],\"inLanguage\":\"pt-BR\"},{\"@type\":\"Organization\",\"@id\":\"https:\/\/radiolifefm.com.br\/noticias\/#organization\",\"name\":\"R\u00e1dio Life FM\",\"alternateName\":\"Life FM\",\"url\":\"https:\/\/radiolifefm.com.br\/noticias\/\",\"logo\":{\"@type\":\"ImageObject\",\"inLanguage\":\"pt-BR\",\"@id\":\"https:\/\/radiolifefm.com.br\/noticias\/#\/schema\/logo\/image\/\",\"url\":\"https:\/\/static.radiolifefm.com.br\/noticias\/wp-content\/uploads\/2019\/10\/logo-lifefm.png\",\"contentUrl\":\"https:\/\/static.radiolifefm.com.br\/noticias\/wp-content\/uploads\/2019\/10\/logo-lifefm.png\",\"width\":196,\"height\":47,\"caption\":\"R\u00e1dio Life FM\"},\"image\":{\"@id\":\"https:\/\/radiolifefm.com.br\/noticias\/#\/schema\/logo\/image\/\"},\"sameAs\":[\"https:\/\/www.facebook.com\/radiolifefm\/\",\"https:\/\/www.instagram.com\/life1079fm\/\"]},{\"@type\":\"Person\",\"@id\":\"https:\/\/radiolifefm.com.br\/noticias\/#\/schema\/person\/6339b9fac59d12b071dec680d7375d87\",\"name\":\"ritanery\",\"image\":{\"@type\":\"ImageObject\",\"inLanguage\":\"pt-BR\",\"@id\":\"https:\/\/secure.gravatar.com\/avatar\/0e37bb19071f47c0b8a23f62a903df117c5a0e75f65a0c2901562f97cd41cf86?s=96&d=mm&r=g\",\"url\":\"https:\/\/secure.gravatar.com\/avatar\/0e37bb19071f47c0b8a23f62a903df117c5a0e75f65a0c2901562f97cd41cf86?s=96&d=mm&r=g\",\"contentUrl\":\"https:\/\/secure.gravatar.com\/avatar\/0e37bb19071f47c0b8a23f62a903df117c5a0e75f65a0c2901562f97cd41cf86?s=96&d=mm&r=g\",\"caption\":\"ritanery\"}}]}<\/script>\n<!-- \/ Yoast SEO plugin. -->","yoast_head_json":{"title":"Prefeitura quer construir complexo esportivo na entrada de Adamantina - R\u00e1dio Life FM","robots":{"index":"index","follow":"follow","max-snippet":"max-snippet:-1","max-image-preview":"max-image-preview:large","max-video-preview":"max-video-preview:-1"},"canonical":"https:\/\/radiolifefm.com.br\/noticias\/prefeitura-quer-construir-complexo-esportivo-na-entrada-de-adamantina\/","og_locale":"pt_BR","og_type":"article","og_title":"Prefeitura quer construir complexo esportivo na entrada de Adamantina - R\u00e1dio Life FM","og_description":"O projeto de constru\u00e7\u00e3o de um complexo esportivo em \u00e1rea situada no trevo de Adamantina foi resgatado pela Prefeitura. Por\u00e9m, para sair do papel, \u00e9 necess\u00e1rio a cess\u00e3o da \u00e1rea de 18 mil m\u00b2 pelo Governo do Estado para a municipalidade. &nbsp; O terreno fica entre os fundos do Campus III da UniFAI (Centro Universit\u00e1rio [&hellip;]","og_url":"https:\/\/radiolifefm.com.br\/noticias\/prefeitura-quer-construir-complexo-esportivo-na-entrada-de-adamantina\/","og_site_name":"R\u00e1dio Life FM","article_publisher":"https:\/\/www.facebook.com\/radiolifefm\/","article_published_time":"2021-09-17T23:49:44+00:00","article_modified_time":"2026-04-18T04:11:18+00:00","og_image":[{"width":750,"height":375,"url":"https:\/\/radiolifefm.com.br\/noticias\/wp-content\/uploads\/2021\/09\/complexo-de-atletismo.jpeg","type":"image\/jpeg"}],"author":"ritanery","twitter_card":"summary_large_image","twitter_misc":{"Escrito por":"ritanery","Est. tempo de leitura":"2 minutos"},"schema":{"@context":"https:\/\/schema.org","@graph":[{"@type":"Article","@id":"https:\/\/radiolifefm.com.br\/noticias\/prefeitura-quer-construir-complexo-esportivo-na-entrada-de-adamantina\/#article","isPartOf":{"@id":"https:\/\/radiolifefm.com.br\/noticias\/prefeitura-quer-construir-complexo-esportivo-na-entrada-de-adamantina\/"},"author":{"name":"ritanery","@id":"https:\/\/radiolifefm.com.br\/noticias\/#\/schema\/person\/6339b9fac59d12b071dec680d7375d87"},"headline":"Prefeitura quer construir complexo esportivo na entrada de Adamantina","datePublished":"2021-09-17T23:49:44+00:00","dateModified":"2026-04-18T04:11:18+00:00","mainEntityOfPage":{"@id":"https:\/\/radiolifefm.com.br\/noticias\/prefeitura-quer-construir-complexo-esportivo-na-entrada-de-adamantina\/"},"wordCount":290,"publisher":{"@id":"https:\/\/radiolifefm.com.br\/noticias\/#organization"},"image":{"@id":"https:\/\/radiolifefm.com.br\/noticias\/prefeitura-quer-construir-complexo-esportivo-na-entrada-de-adamantina\/#primaryimage"},"thumbnailUrl":"https:\/\/radiolifefm.com.br\/noticias\/wp-content\/uploads\/2021\/09\/complexo-de-atletismo.jpeg","articleSection":["Adamantina"],"inLanguage":"pt-BR"},{"@type":"WebPage","@id":"https:\/\/radiolifefm.com.br\/noticias\/prefeitura-quer-construir-complexo-esportivo-na-entrada-de-adamantina\/","url":"https:\/\/radiolifefm.com.br\/noticias\/prefeitura-quer-construir-complexo-esportivo-na-entrada-de-adamantina\/","name":"Prefeitura quer construir complexo esportivo na entrada de Adamantina - R\u00e1dio Life FM","isPartOf":{"@id":"https:\/\/radiolifefm.com.br\/noticias\/#website"},"primaryImageOfPage":{"@id":"https:\/\/radiolifefm.com.br\/noticias\/prefeitura-quer-construir-complexo-esportivo-na-entrada-de-adamantina\/#primaryimage"},"image":{"@id":"https:\/\/radiolifefm.com.br\/noticias\/prefeitura-quer-construir-complexo-esportivo-na-entrada-de-adamantina\/#primaryimage"},"thumbnailUrl":"https:\/\/radiolifefm.com.br\/noticias\/wp-content\/uploads\/2021\/09\/complexo-de-atletismo.jpeg","datePublished":"2021-09-17T23:49:44+00:00","dateModified":"2026-04-18T04:11:18+00:00","breadcrumb":{"@id":"https:\/\/radiolifefm.com.br\/noticias\/prefeitura-quer-construir-complexo-esportivo-na-entrada-de-adamantina\/#breadcrumb"},"inLanguage":"pt-BR","potentialAction":[{"@type":"ReadAction","target":["https:\/\/radiolifefm.com.br\/noticias\/prefeitura-quer-construir-complexo-esportivo-na-entrada-de-adamantina\/"]}]},{"@type":"ImageObject","inLanguage":"pt-BR","@id":"https:\/\/radiolifefm.com.br\/noticias\/prefeitura-quer-construir-complexo-esportivo-na-entrada-de-adamantina\/#primaryimage","url":"https:\/\/radiolifefm.com.br\/noticias\/wp-content\/uploads\/2021\/09\/complexo-de-atletismo.jpeg","contentUrl":"https:\/\/radiolifefm.com.br\/noticias\/wp-content\/uploads\/2021\/09\/complexo-de-atletismo.jpeg","width":750,"height":375,"caption":"Conforme a Selar, os tr\u00e2mites para a implanta\u00e7\u00e3o da nova estrutura esportiva j\u00e1 tiveram in\u00edcio, com a busca do direito de uso do espa\u00e7o e de recursos para viabilizar a estrutura"},{"@type":"BreadcrumbList","@id":"https:\/\/radiolifefm.com.br\/noticias\/prefeitura-quer-construir-complexo-esportivo-na-entrada-de-adamantina\/#breadcrumb","itemListElement":[{"@type":"ListItem","position":1,"name":"In\u00edcio","item":"https:\/\/radiolifefm.com.br\/noticias\/"},{"@type":"ListItem","position":2,"name":"Prefeitura quer construir complexo esportivo na entrada de Adamantina"}]},{"@type":"WebSite","@id":"https:\/\/radiolifefm.com.br\/noticias\/#website","url":"https:\/\/radiolifefm.com.br\/noticias\/","name":"R\u00e1dio Life FM","description":"O Portal de Not\u00edcias de Adamantina","publisher":{"@id":"https:\/\/radiolifefm.com.br\/noticias\/#organization"},"alternateName":"Life FM","potentialAction":[{"@type":"SearchAction","target":{"@type":"EntryPoint","urlTemplate":"https:\/\/radiolifefm.com.br\/noticias\/?s={search_term_string}"},"query-input":{"@type":"PropertyValueSpecification","valueRequired":true,"valueName":"search_term_string"}}],"inLanguage":"pt-BR"},{"@type":"Organization","@id":"https:\/\/radiolifefm.com.br\/noticias\/#organization","name":"R\u00e1dio Life FM","alternateName":"Life FM","url":"https:\/\/radiolifefm.com.br\/noticias\/","logo":{"@type":"ImageObject","inLanguage":"pt-BR","@id":"https:\/\/radiolifefm.com.br\/noticias\/#\/schema\/logo\/image\/","url":"https:\/\/static.radiolifefm.com.br\/noticias\/wp-content\/uploads\/2019\/10\/logo-lifefm.png","contentUrl":"https:\/\/static.radiolifefm.com.br\/noticias\/wp-content\/uploads\/2019\/10\/logo-lifefm.png","width":196,"height":47,"caption":"R\u00e1dio Life FM"},"image":{"@id":"https:\/\/radiolifefm.com.br\/noticias\/#\/schema\/logo\/image\/"},"sameAs":["https:\/\/www.facebook.com\/radiolifefm\/","https:\/\/www.instagram.com\/life1079fm\/"]},{"@type":"Person","@id":"https:\/\/radiolifefm.com.br\/noticias\/#\/schema\/person\/6339b9fac59d12b071dec680d7375d87","name":"ritanery","image":{"@type":"ImageObject","inLanguage":"pt-BR","@id":"https:\/\/secure.gravatar.com\/avatar\/0e37bb19071f47c0b8a23f62a903df117c5a0e75f65a0c2901562f97cd41cf86?s=96&d=mm&r=g","url":"https:\/\/secure.gravatar.com\/avatar\/0e37bb19071f47c0b8a23f62a903df117c5a0e75f65a0c2901562f97cd41cf86?s=96&d=mm&r=g","contentUrl":"https:\/\/secure.gravatar.com\/avatar\/0e37bb19071f47c0b8a23f62a903df117c5a0e75f65a0c2901562f97cd41cf86?s=96&d=mm&r=g","caption":"ritanery"}}]}},"amp_enabled":true,"_links":{"self":[{"href":"https:\/\/radiolifefm.com.br\/noticias\/wp-json\/wp\/v2\/posts\/42879","targetHints":{"allow":["GET"]}}],"collection":[{"href":"https:\/\/radiolifefm.com.br\/noticias\/wp-json\/wp\/v2\/posts"}],"about":[{"href":"https:\/\/radiolifefm.com.br\/noticias\/wp-json\/wp\/v2\/types\/post"}],"author":[{"embeddable":true,"href":"https:\/\/radiolifefm.com.br\/noticias\/wp-json\/wp\/v2\/users\/13"}],"replies":[{"embeddable":true,"href":"https:\/\/radiolifefm.com.br\/noticias\/wp-json\/wp\/v2\/comments?post=42879"}],"version-history":[{"count":1,"href":"https:\/\/radiolifefm.com.br\/noticias\/wp-json\/wp\/v2\/posts\/42879\/revisions"}],"predecessor-version":[{"id":42881,"href":"https:\/\/radiolifefm.com.br\/noticias\/wp-json\/wp\/v2\/posts\/42879\/revisions\/42881"}],"wp:featuredmedia":[{"embeddable":true,"href":"https:\/\/radiolifefm.com.br\/noticias\/wp-json\/wp\/v2\/media\/42880"}],"wp:attachment":[{"href":"https:\/\/radiolifefm.com.br\/noticias\/wp-json\/wp\/v2\/media?parent=42879"}],"wp:term":[{"taxonomy":"category","embeddable":true,"href":"https:\/\/radiolifefm.com.br\/noticias\/wp-json\/wp\/v2\/categories?post=42879"},{"taxonomy":"post_tag","embeddable":true,"href":"https:\/\/radiolifefm.com.br\/noticias\/wp-json\/wp\/v2\/tags?post=42879"}],"curies":[{"name":"wp","href":"https:\/\/api.w.org\/{rel}","templated":true}]}}