{"id":42876,"date":"2021-09-17T20:41:56","date_gmt":"2021-09-17T23:41:56","guid":{"rendered":"https:\/\/radiolifefm.com.br\/noticias\/?p=42876"},"modified":"2026-02-07T08:15:55","modified_gmt":"2026-02-07T11:15:55","slug":"em-20-anos-quantidade-de-veiculos-cresce-1468-em-adamantina","status":"publish","type":"post","link":"https:\/\/radiolifefm.com.br\/noticias\/em-20-anos-quantidade-de-veiculos-cresce-1468-em-adamantina\/","title":{"rendered":"Em 20 anos, quantidade de ve\u00edculos cresce 146,8% em Adamantina"},"content":{"rendered":"<div id=\"fb-root\"><\/div>\n<p>Adamantina est\u00e1 cada vez mais motorizada. E uma prova disso \u00e9 o expressivo crescimento na quantidade de ve\u00edculos nas \u00faltimas duas d\u00e9cadas. Dados do Denatran (Departamento Nacional de Tr\u00e2nsito) apontam que a frota de autom\u00f3veis, caminh\u00f5es e motocicletas (entre outros) teve avan\u00e7o de 146,8% na cidade.<\/p>\n<p>&nbsp;<\/p>\n<p>Em 2.001, o Munic\u00edpio tinha 11572 ve\u00edculos registrados no sistema do Governo Federal. Este ano o n\u00famero chegou a 28571. Resultado: caos!<\/p>\n<p>&nbsp;<\/p>\n<p>Visando melhorar a mobilidade das principais vias de acesso, al\u00e9m de oferecer mais seguran\u00e7a aos motoristas, motociclistas e pedestres, a Prefeitura desenvolve o \u2018Avenidas Respons\u00e1veis\u2019. E, na \u00faltima semana, foi iniciada o debate sobre as a\u00e7\u00f5es que contemplar\u00e3o a avenida Marechal Castello Branco, a Via de Acesso.<\/p>\n<p>&nbsp;<\/p>\n<p><strong>VIA DE ACESSO<\/strong><\/p>\n<p>Entrada principal de Adamantina, o trecho entre a SP-294 (rodovia Comandante Jo\u00e3o Ribeiro de Barros) e a rotat\u00f3rio do Cristo \u00e9 um dos mais movimentados em dias \u00fateis.<\/p>\n<p>Por isso, a Secretaria de Planejamento e Desenvolvimento apresentou um novo ordenamento de tr\u00e1fego, visando o controle da velocidade e seguran\u00e7a dos usu\u00e1rios. O local tamb\u00e9m deve receber canteiro central, com paisagismo e ilumina\u00e7\u00e3o p\u00fablica.<\/p>\n<p>&nbsp;<\/p>\n<p>\u201cPensamos em a\u00e7\u00f5es que v\u00e3o beneficiar os comerciantes que t\u00eam suas empresas no local e para fazer com que todos os usu\u00e1rios, pedestres e motoristas respeitem as regras de tr\u00e2nsito. Al\u00e9m de deixar a entrada da cidade mais atrativa\u201d, pontua Jo\u00e3o Vitor Marega, secret\u00e1rio de Planejamento.<\/p>\n<p>&nbsp;<\/p>\n<p>Entre os comerciantes presentes na audi\u00eancia realizada no dia 9, o principal questionamento foi relacionado a implanta\u00e7\u00e3o do canteiro central, pois acreditam que trar\u00e1 dificuldades para as manobras de caminh\u00f5es e ve\u00edculos de grande porte.<\/p>\n<p>&nbsp;<\/p>\n<p>\u201cJ\u00e1 fizemos todos os testes. \u00c9 poss\u00edvel que caminh\u00f5es e \u00f4nibus fa\u00e7am manobras para entrar e sair dos estabelecimentos comerciais, mas, a fim de tranquilizar os empres\u00e1rios, faremos novas demarca\u00e7\u00f5es e uma nova apresenta\u00e7\u00e3o ser\u00e1 marcada\u201d, afirma.<\/p>\n<p>O secret\u00e1rio de Planejamento pediu que quando os comerciantes receberem ve\u00edculos de grande porte entrem em contato com a pasta para que a equipe t\u00e9cnica v\u00e1 at\u00e9 ao local e fa\u00e7a todas as marca\u00e7\u00f5es.<\/p>\n<p>&nbsp;<\/p>\n<p>\u201cO resultado da reuni\u00e3o foi incentivador para as pr\u00f3ximas etapas deste projeto. A Via de Acesso \u00e9 a entrada da cidade, muito mais que deixar tudo bonito, nosso projeto est\u00e1 voltado para a ordena\u00e7\u00e3o do tr\u00e1fego, controle da velocidade dos ve\u00edculos e seguran\u00e7a aos pedestres. Nosso estudo quer que a mobilidade urbana seja acess\u00edvel a todos os usu\u00e1rios da via\u201d, salienta o secret\u00e1rio.<\/p>\n<p>&nbsp;<\/p>\n<p><strong>SEMANA DE TR\u00c2NSITO<\/strong><\/p>\n<p>Al\u00e9m de melhorar a estrutura vi\u00e1ria, a Prefeitura tamb\u00e9m promove a\u00e7\u00f5es de conscientiza\u00e7\u00e3o. E, de s\u00e1bado (18) at\u00e9 o dia 25, a Semana Nacional de Tr\u00e2nsito tamb\u00e9m contar\u00e1 com programa\u00e7\u00e3o educativa em Adamantina.<\/p>\n<p>&nbsp;<\/p>\n<p>A abertura ocorre \u00e0s 16h, deste s\u00e1bado, com a entrega de panfletos de conscientiza\u00e7\u00e3o no Parque dos Pioneiros. A iniciativa conta com a participa\u00e7\u00e3o do Interact Club.<\/p>\n<p>A partir das 16h30, ser\u00e1 realizada a simula\u00e7\u00e3o de resgate em acidente de tr\u00e2nsito com a participa\u00e7\u00e3o da Pol\u00edcia Militar e Corpo de Bombeiros e, ainda, uma exposi\u00e7\u00e3o do DEMTRAN (Departamento Municipal de Tr\u00e2nsito).<\/p>\n<p>&nbsp;<\/p>\n<p>No domingo (19), o \u00f3rg\u00e3o promover\u00e1, das 16h \u00e0s 20h, uma exposi\u00e7\u00e3o tamb\u00e9m no Parque dos Pioneiros.<\/p>\n<p>&nbsp;<\/p>\n<p>J\u00e1 na ter\u00e7a-feira (21), \u00e0s 17h, ser\u00e1 realizada uma opera\u00e7\u00e3o com a participa\u00e7\u00e3o da Pol\u00edcia Militar visando a entrega de panfletos e orienta\u00e7\u00e3o dos motoristas na avenida Moys\u00e9s Justino da Silva.<\/p>\n<p>&nbsp;<\/p>\n<p>Na quarta-feira (22), outra opera\u00e7\u00e3o de conscientiza\u00e7\u00e3o tamb\u00e9m ser\u00e1 realizada na avenida Marechal Castelo Branco.<\/p>\n<p>&nbsp;<\/p>\n<p>A Semana Nacional de Tr\u00e2nsito contar\u00e1, na quinta-feira (23), com a participa\u00e7\u00e3o da escolinha de ciclismo em parceria com o Lions Clube. E nos dias 24 e 25 de setembro estar\u00e3o expostas, das 16h \u00e0s 20h, imagens da Semana Nacional de Tr\u00e2nsito no Parque dos Pioneiros.<\/p>\n<p>&nbsp;<\/p>\n<p>Fonte: Impacto Not\u00edcias<\/p>\n","protected":false},"excerpt":{"rendered":"<p>Adamantina est\u00e1 cada vez mais motorizada. E uma prova disso \u00e9 o expressivo crescimento na quantidade de ve\u00edculos nas \u00faltimas duas d\u00e9cadas. Dados do Denatran (Departamento Nacional de Tr\u00e2nsito) apontam que a frota de autom\u00f3veis, caminh\u00f5es e motocicletas (entre outros) teve avan\u00e7o de 146,8% na cidade. &nbsp; Em 2.001, o Munic\u00edpio tinha 11572 ve\u00edculos registrados [&hellip;]<\/p>\n","protected":false},"author":13,"featured_media":42877,"comment_status":"closed","ping_status":"open","sticky":false,"template":"","format":"standard","meta":{"_acf_changed":false,"_exactmetrics_skip_tracking":false,"_exactmetrics_sitenote_active":false,"_exactmetrics_sitenote_note":"","_exactmetrics_sitenote_category":0,"footnotes":""},"categories":[21],"tags":[],"class_list":["post-42876","post","type-post","status-publish","format-standard","has-post-thumbnail","hentry","category-adamantina"],"acf":[],"yoast_head":"<!-- This site is optimized with the Yoast SEO plugin v27.2 - https:\/\/yoast.com\/product\/yoast-seo-wordpress\/ -->\n<title>Em 20 anos, quantidade de ve\u00edculos cresce 146,8% em Adamantina - R\u00e1dio Life FM<\/title>\n<meta name=\"robots\" content=\"index, follow, max-snippet:-1, max-image-preview:large, max-video-preview:-1\" \/>\n<link rel=\"canonical\" href=\"https:\/\/radiolifefm.com.br\/noticias\/em-20-anos-quantidade-de-veiculos-cresce-1468-em-adamantina\/\" \/>\n<meta property=\"og:locale\" content=\"pt_BR\" \/>\n<meta property=\"og:type\" content=\"article\" \/>\n<meta property=\"og:title\" content=\"Em 20 anos, quantidade de ve\u00edculos cresce 146,8% em Adamantina - R\u00e1dio Life FM\" \/>\n<meta property=\"og:description\" content=\"Adamantina est\u00e1 cada vez mais motorizada. E uma prova disso \u00e9 o expressivo crescimento na quantidade de ve\u00edculos nas \u00faltimas duas d\u00e9cadas. Dados do Denatran (Departamento Nacional de Tr\u00e2nsito) apontam que a frota de autom\u00f3veis, caminh\u00f5es e motocicletas (entre outros) teve avan\u00e7o de 146,8% na cidade. &nbsp; Em 2.001, o Munic\u00edpio tinha 11572 ve\u00edculos registrados [&hellip;]\" \/>\n<meta property=\"og:url\" content=\"https:\/\/radiolifefm.com.br\/noticias\/em-20-anos-quantidade-de-veiculos-cresce-1468-em-adamantina\/\" \/>\n<meta property=\"og:site_name\" content=\"R\u00e1dio Life FM\" \/>\n<meta property=\"article:publisher\" content=\"https:\/\/www.facebook.com\/radiolifefm\/\" \/>\n<meta property=\"article:published_time\" content=\"2021-09-17T23:41:56+00:00\" \/>\n<meta property=\"article:modified_time\" content=\"2026-02-07T11:15:55+00:00\" \/>\n<meta property=\"og:image\" content=\"https:\/\/radiolifefm.com.br\/noticias\/wp-content\/uploads\/2021\/09\/WhatsApp-Image-2021-09-16-at-14.36.12-1.jpeg\" \/>\n\t<meta property=\"og:image:width\" content=\"750\" \/>\n\t<meta property=\"og:image:height\" content=\"375\" \/>\n\t<meta property=\"og:image:type\" content=\"image\/jpeg\" \/>\n<meta name=\"author\" content=\"ritanery\" \/>\n<meta name=\"twitter:card\" content=\"summary_large_image\" \/>\n<meta name=\"twitter:label1\" content=\"Escrito por\" \/>\n\t<meta name=\"twitter:data1\" content=\"ritanery\" \/>\n\t<meta name=\"twitter:label2\" content=\"Est. tempo de leitura\" \/>\n\t<meta name=\"twitter:data2\" content=\"3 minutos\" \/>\n<script type=\"application\/ld+json\" class=\"yoast-schema-graph\">{\"@context\":\"https:\/\/schema.org\",\"@graph\":[{\"@type\":\"Article\",\"@id\":\"https:\/\/radiolifefm.com.br\/noticias\/em-20-anos-quantidade-de-veiculos-cresce-1468-em-adamantina\/#article\",\"isPartOf\":{\"@id\":\"https:\/\/radiolifefm.com.br\/noticias\/em-20-anos-quantidade-de-veiculos-cresce-1468-em-adamantina\/\"},\"author\":{\"name\":\"ritanery\",\"@id\":\"https:\/\/radiolifefm.com.br\/noticias\/#\/schema\/person\/6339b9fac59d12b071dec680d7375d87\"},\"headline\":\"Em 20 anos, quantidade de ve\u00edculos cresce 146,8% em Adamantina\",\"datePublished\":\"2021-09-17T23:41:56+00:00\",\"dateModified\":\"2026-02-07T11:15:55+00:00\",\"mainEntityOfPage\":{\"@id\":\"https:\/\/radiolifefm.com.br\/noticias\/em-20-anos-quantidade-de-veiculos-cresce-1468-em-adamantina\/\"},\"wordCount\":701,\"publisher\":{\"@id\":\"https:\/\/radiolifefm.com.br\/noticias\/#organization\"},\"image\":{\"@id\":\"https:\/\/radiolifefm.com.br\/noticias\/em-20-anos-quantidade-de-veiculos-cresce-1468-em-adamantina\/#primaryimage\"},\"thumbnailUrl\":\"https:\/\/radiolifefm.com.br\/noticias\/wp-content\/uploads\/2021\/09\/WhatsApp-Image-2021-09-16-at-14.36.12-1.jpeg\",\"articleSection\":[\"Adamantina\"],\"inLanguage\":\"pt-BR\"},{\"@type\":\"WebPage\",\"@id\":\"https:\/\/radiolifefm.com.br\/noticias\/em-20-anos-quantidade-de-veiculos-cresce-1468-em-adamantina\/\",\"url\":\"https:\/\/radiolifefm.com.br\/noticias\/em-20-anos-quantidade-de-veiculos-cresce-1468-em-adamantina\/\",\"name\":\"Em 20 anos, quantidade de ve\u00edculos cresce 146,8% em Adamantina - R\u00e1dio Life FM\",\"isPartOf\":{\"@id\":\"https:\/\/radiolifefm.com.br\/noticias\/#website\"},\"primaryImageOfPage\":{\"@id\":\"https:\/\/radiolifefm.com.br\/noticias\/em-20-anos-quantidade-de-veiculos-cresce-1468-em-adamantina\/#primaryimage\"},\"image\":{\"@id\":\"https:\/\/radiolifefm.com.br\/noticias\/em-20-anos-quantidade-de-veiculos-cresce-1468-em-adamantina\/#primaryimage\"},\"thumbnailUrl\":\"https:\/\/radiolifefm.com.br\/noticias\/wp-content\/uploads\/2021\/09\/WhatsApp-Image-2021-09-16-at-14.36.12-1.jpeg\",\"datePublished\":\"2021-09-17T23:41:56+00:00\",\"dateModified\":\"2026-02-07T11:15:55+00:00\",\"breadcrumb\":{\"@id\":\"https:\/\/radiolifefm.com.br\/noticias\/em-20-anos-quantidade-de-veiculos-cresce-1468-em-adamantina\/#breadcrumb\"},\"inLanguage\":\"pt-BR\",\"potentialAction\":[{\"@type\":\"ReadAction\",\"target\":[\"https:\/\/radiolifefm.com.br\/noticias\/em-20-anos-quantidade-de-veiculos-cresce-1468-em-adamantina\/\"]}]},{\"@type\":\"ImageObject\",\"inLanguage\":\"pt-BR\",\"@id\":\"https:\/\/radiolifefm.com.br\/noticias\/em-20-anos-quantidade-de-veiculos-cresce-1468-em-adamantina\/#primaryimage\",\"url\":\"https:\/\/radiolifefm.com.br\/noticias\/wp-content\/uploads\/2021\/09\/WhatsApp-Image-2021-09-16-at-14.36.12-1.jpeg\",\"contentUrl\":\"https:\/\/radiolifefm.com.br\/noticias\/wp-content\/uploads\/2021\/09\/WhatsApp-Image-2021-09-16-at-14.36.12-1.jpeg\",\"width\":750,\"height\":375,\"caption\":\"Semana do Tr\u00e2nsito conscientiza motoristas a partir deste s\u00e1bado, no Parque dos Pioneiros\"},{\"@type\":\"BreadcrumbList\",\"@id\":\"https:\/\/radiolifefm.com.br\/noticias\/em-20-anos-quantidade-de-veiculos-cresce-1468-em-adamantina\/#breadcrumb\",\"itemListElement\":[{\"@type\":\"ListItem\",\"position\":1,\"name\":\"In\u00edcio\",\"item\":\"https:\/\/radiolifefm.com.br\/noticias\/\"},{\"@type\":\"ListItem\",\"position\":2,\"name\":\"Em 20 anos, quantidade de ve\u00edculos cresce 146,8% em Adamantina\"}]},{\"@type\":\"WebSite\",\"@id\":\"https:\/\/radiolifefm.com.br\/noticias\/#website\",\"url\":\"https:\/\/radiolifefm.com.br\/noticias\/\",\"name\":\"R\u00e1dio Life FM\",\"description\":\"O Portal de Not\u00edcias de Adamantina\",\"publisher\":{\"@id\":\"https:\/\/radiolifefm.com.br\/noticias\/#organization\"},\"alternateName\":\"Life FM\",\"potentialAction\":[{\"@type\":\"SearchAction\",\"target\":{\"@type\":\"EntryPoint\",\"urlTemplate\":\"https:\/\/radiolifefm.com.br\/noticias\/?s={search_term_string}\"},\"query-input\":{\"@type\":\"PropertyValueSpecification\",\"valueRequired\":true,\"valueName\":\"search_term_string\"}}],\"inLanguage\":\"pt-BR\"},{\"@type\":\"Organization\",\"@id\":\"https:\/\/radiolifefm.com.br\/noticias\/#organization\",\"name\":\"R\u00e1dio Life FM\",\"alternateName\":\"Life FM\",\"url\":\"https:\/\/radiolifefm.com.br\/noticias\/\",\"logo\":{\"@type\":\"ImageObject\",\"inLanguage\":\"pt-BR\",\"@id\":\"https:\/\/radiolifefm.com.br\/noticias\/#\/schema\/logo\/image\/\",\"url\":\"https:\/\/static.radiolifefm.com.br\/noticias\/wp-content\/uploads\/2019\/10\/logo-lifefm.png\",\"contentUrl\":\"https:\/\/static.radiolifefm.com.br\/noticias\/wp-content\/uploads\/2019\/10\/logo-lifefm.png\",\"width\":196,\"height\":47,\"caption\":\"R\u00e1dio Life FM\"},\"image\":{\"@id\":\"https:\/\/radiolifefm.com.br\/noticias\/#\/schema\/logo\/image\/\"},\"sameAs\":[\"https:\/\/www.facebook.com\/radiolifefm\/\",\"https:\/\/www.instagram.com\/life1079fm\/\"]},{\"@type\":\"Person\",\"@id\":\"https:\/\/radiolifefm.com.br\/noticias\/#\/schema\/person\/6339b9fac59d12b071dec680d7375d87\",\"name\":\"ritanery\",\"image\":{\"@type\":\"ImageObject\",\"inLanguage\":\"pt-BR\",\"@id\":\"https:\/\/secure.gravatar.com\/avatar\/0e37bb19071f47c0b8a23f62a903df117c5a0e75f65a0c2901562f97cd41cf86?s=96&d=mm&r=g\",\"url\":\"https:\/\/secure.gravatar.com\/avatar\/0e37bb19071f47c0b8a23f62a903df117c5a0e75f65a0c2901562f97cd41cf86?s=96&d=mm&r=g\",\"contentUrl\":\"https:\/\/secure.gravatar.com\/avatar\/0e37bb19071f47c0b8a23f62a903df117c5a0e75f65a0c2901562f97cd41cf86?s=96&d=mm&r=g\",\"caption\":\"ritanery\"}}]}<\/script>\n<!-- \/ Yoast SEO plugin. -->","yoast_head_json":{"title":"Em 20 anos, quantidade de ve\u00edculos cresce 146,8% em Adamantina - R\u00e1dio Life FM","robots":{"index":"index","follow":"follow","max-snippet":"max-snippet:-1","max-image-preview":"max-image-preview:large","max-video-preview":"max-video-preview:-1"},"canonical":"https:\/\/radiolifefm.com.br\/noticias\/em-20-anos-quantidade-de-veiculos-cresce-1468-em-adamantina\/","og_locale":"pt_BR","og_type":"article","og_title":"Em 20 anos, quantidade de ve\u00edculos cresce 146,8% em Adamantina - R\u00e1dio Life FM","og_description":"Adamantina est\u00e1 cada vez mais motorizada. E uma prova disso \u00e9 o expressivo crescimento na quantidade de ve\u00edculos nas \u00faltimas duas d\u00e9cadas. Dados do Denatran (Departamento Nacional de Tr\u00e2nsito) apontam que a frota de autom\u00f3veis, caminh\u00f5es e motocicletas (entre outros) teve avan\u00e7o de 146,8% na cidade. &nbsp; Em 2.001, o Munic\u00edpio tinha 11572 ve\u00edculos registrados [&hellip;]","og_url":"https:\/\/radiolifefm.com.br\/noticias\/em-20-anos-quantidade-de-veiculos-cresce-1468-em-adamantina\/","og_site_name":"R\u00e1dio Life FM","article_publisher":"https:\/\/www.facebook.com\/radiolifefm\/","article_published_time":"2021-09-17T23:41:56+00:00","article_modified_time":"2026-02-07T11:15:55+00:00","og_image":[{"width":750,"height":375,"url":"https:\/\/radiolifefm.com.br\/noticias\/wp-content\/uploads\/2021\/09\/WhatsApp-Image-2021-09-16-at-14.36.12-1.jpeg","type":"image\/jpeg"}],"author":"ritanery","twitter_card":"summary_large_image","twitter_misc":{"Escrito por":"ritanery","Est. tempo de leitura":"3 minutos"},"schema":{"@context":"https:\/\/schema.org","@graph":[{"@type":"Article","@id":"https:\/\/radiolifefm.com.br\/noticias\/em-20-anos-quantidade-de-veiculos-cresce-1468-em-adamantina\/#article","isPartOf":{"@id":"https:\/\/radiolifefm.com.br\/noticias\/em-20-anos-quantidade-de-veiculos-cresce-1468-em-adamantina\/"},"author":{"name":"ritanery","@id":"https:\/\/radiolifefm.com.br\/noticias\/#\/schema\/person\/6339b9fac59d12b071dec680d7375d87"},"headline":"Em 20 anos, quantidade de ve\u00edculos cresce 146,8% em Adamantina","datePublished":"2021-09-17T23:41:56+00:00","dateModified":"2026-02-07T11:15:55+00:00","mainEntityOfPage":{"@id":"https:\/\/radiolifefm.com.br\/noticias\/em-20-anos-quantidade-de-veiculos-cresce-1468-em-adamantina\/"},"wordCount":701,"publisher":{"@id":"https:\/\/radiolifefm.com.br\/noticias\/#organization"},"image":{"@id":"https:\/\/radiolifefm.com.br\/noticias\/em-20-anos-quantidade-de-veiculos-cresce-1468-em-adamantina\/#primaryimage"},"thumbnailUrl":"https:\/\/radiolifefm.com.br\/noticias\/wp-content\/uploads\/2021\/09\/WhatsApp-Image-2021-09-16-at-14.36.12-1.jpeg","articleSection":["Adamantina"],"inLanguage":"pt-BR"},{"@type":"WebPage","@id":"https:\/\/radiolifefm.com.br\/noticias\/em-20-anos-quantidade-de-veiculos-cresce-1468-em-adamantina\/","url":"https:\/\/radiolifefm.com.br\/noticias\/em-20-anos-quantidade-de-veiculos-cresce-1468-em-adamantina\/","name":"Em 20 anos, quantidade de ve\u00edculos cresce 146,8% em Adamantina - R\u00e1dio Life FM","isPartOf":{"@id":"https:\/\/radiolifefm.com.br\/noticias\/#website"},"primaryImageOfPage":{"@id":"https:\/\/radiolifefm.com.br\/noticias\/em-20-anos-quantidade-de-veiculos-cresce-1468-em-adamantina\/#primaryimage"},"image":{"@id":"https:\/\/radiolifefm.com.br\/noticias\/em-20-anos-quantidade-de-veiculos-cresce-1468-em-adamantina\/#primaryimage"},"thumbnailUrl":"https:\/\/radiolifefm.com.br\/noticias\/wp-content\/uploads\/2021\/09\/WhatsApp-Image-2021-09-16-at-14.36.12-1.jpeg","datePublished":"2021-09-17T23:41:56+00:00","dateModified":"2026-02-07T11:15:55+00:00","breadcrumb":{"@id":"https:\/\/radiolifefm.com.br\/noticias\/em-20-anos-quantidade-de-veiculos-cresce-1468-em-adamantina\/#breadcrumb"},"inLanguage":"pt-BR","potentialAction":[{"@type":"ReadAction","target":["https:\/\/radiolifefm.com.br\/noticias\/em-20-anos-quantidade-de-veiculos-cresce-1468-em-adamantina\/"]}]},{"@type":"ImageObject","inLanguage":"pt-BR","@id":"https:\/\/radiolifefm.com.br\/noticias\/em-20-anos-quantidade-de-veiculos-cresce-1468-em-adamantina\/#primaryimage","url":"https:\/\/radiolifefm.com.br\/noticias\/wp-content\/uploads\/2021\/09\/WhatsApp-Image-2021-09-16-at-14.36.12-1.jpeg","contentUrl":"https:\/\/radiolifefm.com.br\/noticias\/wp-content\/uploads\/2021\/09\/WhatsApp-Image-2021-09-16-at-14.36.12-1.jpeg","width":750,"height":375,"caption":"Semana do Tr\u00e2nsito conscientiza motoristas a partir deste s\u00e1bado, no Parque dos Pioneiros"},{"@type":"BreadcrumbList","@id":"https:\/\/radiolifefm.com.br\/noticias\/em-20-anos-quantidade-de-veiculos-cresce-1468-em-adamantina\/#breadcrumb","itemListElement":[{"@type":"ListItem","position":1,"name":"In\u00edcio","item":"https:\/\/radiolifefm.com.br\/noticias\/"},{"@type":"ListItem","position":2,"name":"Em 20 anos, quantidade de ve\u00edculos cresce 146,8% em Adamantina"}]},{"@type":"WebSite","@id":"https:\/\/radiolifefm.com.br\/noticias\/#website","url":"https:\/\/radiolifefm.com.br\/noticias\/","name":"R\u00e1dio Life FM","description":"O Portal de Not\u00edcias de Adamantina","publisher":{"@id":"https:\/\/radiolifefm.com.br\/noticias\/#organization"},"alternateName":"Life FM","potentialAction":[{"@type":"SearchAction","target":{"@type":"EntryPoint","urlTemplate":"https:\/\/radiolifefm.com.br\/noticias\/?s={search_term_string}"},"query-input":{"@type":"PropertyValueSpecification","valueRequired":true,"valueName":"search_term_string"}}],"inLanguage":"pt-BR"},{"@type":"Organization","@id":"https:\/\/radiolifefm.com.br\/noticias\/#organization","name":"R\u00e1dio Life FM","alternateName":"Life FM","url":"https:\/\/radiolifefm.com.br\/noticias\/","logo":{"@type":"ImageObject","inLanguage":"pt-BR","@id":"https:\/\/radiolifefm.com.br\/noticias\/#\/schema\/logo\/image\/","url":"https:\/\/static.radiolifefm.com.br\/noticias\/wp-content\/uploads\/2019\/10\/logo-lifefm.png","contentUrl":"https:\/\/static.radiolifefm.com.br\/noticias\/wp-content\/uploads\/2019\/10\/logo-lifefm.png","width":196,"height":47,"caption":"R\u00e1dio Life FM"},"image":{"@id":"https:\/\/radiolifefm.com.br\/noticias\/#\/schema\/logo\/image\/"},"sameAs":["https:\/\/www.facebook.com\/radiolifefm\/","https:\/\/www.instagram.com\/life1079fm\/"]},{"@type":"Person","@id":"https:\/\/radiolifefm.com.br\/noticias\/#\/schema\/person\/6339b9fac59d12b071dec680d7375d87","name":"ritanery","image":{"@type":"ImageObject","inLanguage":"pt-BR","@id":"https:\/\/secure.gravatar.com\/avatar\/0e37bb19071f47c0b8a23f62a903df117c5a0e75f65a0c2901562f97cd41cf86?s=96&d=mm&r=g","url":"https:\/\/secure.gravatar.com\/avatar\/0e37bb19071f47c0b8a23f62a903df117c5a0e75f65a0c2901562f97cd41cf86?s=96&d=mm&r=g","contentUrl":"https:\/\/secure.gravatar.com\/avatar\/0e37bb19071f47c0b8a23f62a903df117c5a0e75f65a0c2901562f97cd41cf86?s=96&d=mm&r=g","caption":"ritanery"}}]}},"amp_enabled":true,"_links":{"self":[{"href":"https:\/\/radiolifefm.com.br\/noticias\/wp-json\/wp\/v2\/posts\/42876","targetHints":{"allow":["GET"]}}],"collection":[{"href":"https:\/\/radiolifefm.com.br\/noticias\/wp-json\/wp\/v2\/posts"}],"about":[{"href":"https:\/\/radiolifefm.com.br\/noticias\/wp-json\/wp\/v2\/types\/post"}],"author":[{"embeddable":true,"href":"https:\/\/radiolifefm.com.br\/noticias\/wp-json\/wp\/v2\/users\/13"}],"replies":[{"embeddable":true,"href":"https:\/\/radiolifefm.com.br\/noticias\/wp-json\/wp\/v2\/comments?post=42876"}],"version-history":[{"count":1,"href":"https:\/\/radiolifefm.com.br\/noticias\/wp-json\/wp\/v2\/posts\/42876\/revisions"}],"predecessor-version":[{"id":42878,"href":"https:\/\/radiolifefm.com.br\/noticias\/wp-json\/wp\/v2\/posts\/42876\/revisions\/42878"}],"wp:featuredmedia":[{"embeddable":true,"href":"https:\/\/radiolifefm.com.br\/noticias\/wp-json\/wp\/v2\/media\/42877"}],"wp:attachment":[{"href":"https:\/\/radiolifefm.com.br\/noticias\/wp-json\/wp\/v2\/media?parent=42876"}],"wp:term":[{"taxonomy":"category","embeddable":true,"href":"https:\/\/radiolifefm.com.br\/noticias\/wp-json\/wp\/v2\/categories?post=42876"},{"taxonomy":"post_tag","embeddable":true,"href":"https:\/\/radiolifefm.com.br\/noticias\/wp-json\/wp\/v2\/tags?post=42876"}],"curies":[{"name":"wp","href":"https:\/\/api.w.org\/{rel}","templated":true}]}}