{"id":42858,"date":"2021-09-17T10:29:45","date_gmt":"2021-09-17T13:29:45","guid":{"rendered":"https:\/\/radiolifefm.com.br\/noticias\/?p=42858"},"modified":"2026-04-25T01:22:32","modified_gmt":"2026-04-25T04:22:32","slug":"instituicao-capaz-revitaliza-visual-e-inova-com-arte-urbana-em-grafite-na-parede-da-sedeadamantina","status":"publish","type":"post","link":"https:\/\/radiolifefm.com.br\/noticias\/instituicao-capaz-revitaliza-visual-e-inova-com-arte-urbana-em-grafite-na-parede-da-sedeadamantina\/","title":{"rendered":"Institui\u00e7\u00e3o Capaz revitaliza visual e inova com arte urbana em grafite na parede da sede"},"content":{"rendered":"<div id=\"fb-root\"><\/div>\n<p>Uma verdadeira obra de arte urbana faz parte do novo visual da Institui\u00e7\u00e3o Capaz de Adamantina! Agora a sede se tornou o mural de uma pintura em grafite feita na parede do novo audit\u00f3rio constru\u00eddo, mais precisamente no entorno da Pra\u00e7a Tiradentes, defronte do port\u00e3o de entrada de alunos da Escola Navarro de Andrade.<\/p>\n<p>&nbsp;<\/p>\n<p>O \u2018desenho\u2019, al\u00e9m de ser marcado pela diversidade de cores, traz no contexto geral a imagem de um jovem escalando com o objetivo de alcan\u00e7ar o mundo (globo terrestre) e, para isto, se utilizaria do aprendizado\/conhecimento adquirido por meio dos livros, cursos e dos estudos.<\/p>\n<div class='flex flex-wrap items-center -mx-1'>\r\n<a class='thumbnail gallery p-1 w-1\/2 md:w-1\/4' href='https:\/\/radiolifefm.com.br\/noticias\/wp-content\/uploads\/2021\/09\/02-2.jpg'><img class='border border-white' src='https:\/\/radiolifefm.com.br\/noticias\/wp-content\/uploads\/2021\/09\/02-2-200x200.jpg' alt='02 2' \/><\/a><a class='thumbnail gallery p-1 w-1\/2 md:w-1\/4' href='https:\/\/radiolifefm.com.br\/noticias\/wp-content\/uploads\/2021\/09\/03.jpg'><img class='border border-white' src='https:\/\/radiolifefm.com.br\/noticias\/wp-content\/uploads\/2021\/09\/03-200x200.jpg' alt='03' \/><\/a><\/div>\n<p>\u201cA ideia do grafite veio atrav\u00e9s de pesquisas e da criatividade da nossa equipe. Quer\u00edamos algo jovem, atemporal e que interligasse o jovem a um mundo de possibilidades. Buscamos refer\u00eancias em uma obra do artista pl\u00e1stico Kobra em uma escola de Sorocaba, onde um menino escala uma estante de livros. Ent\u00e3o, achamos ideal unir os dois conceitos: Mundo e leitura, afinal, quando o jovem l\u00ea, estuda e se descobre, expande seus horizontes, sonha ser quem quiser e desbrava o mundo\u201d, revelou a gerente administrativa da Capaz, Jaqueline Ruiz.<\/p>\n<p>&nbsp;<\/p>\n<p>A imagem grafitada tem dimens\u00f5es de 8 metros de altura por 5 metros de largura e tem atra\u00eddo os olhares e sido digno de elogio por quem passa na frente da Institui\u00e7\u00e3o.<\/p>\n<p>A obra \u00e9 assinada por Eraldo Rodrigues de Jesus Neto, formado em Artes e \u00e9 grafiteiro desde 2011. Ele teve a colabora\u00e7\u00e3o de outro grafiteiro, Guilherme Fuchs. E contou que foram necess\u00e1rios dois dias, 10h de trabalho em cada, para iniciar e chegar ao resultado final.<\/p>\n<p>&nbsp;<\/p>\n<p>Portanto, a arte urbana agora estampada na parede confirma mais uma vez que a Capaz n\u00e3o para de se reinventar e se junta \u00e0s obras j\u00e1 executadas para amplia\u00e7\u00e3o de 174,4m\u00b2 do espa\u00e7o f\u00edsico e \u00e0s melhorias voltadas \u00e0 completa revitaliza\u00e7\u00e3o do visual externo do pr\u00e9dio. Inclusive, novas logomarcas foram pintadas para marcar a identidade da Institui\u00e7\u00e3o. Enfim, tudo isto acrescenta modernidade, acessibilidade e beleza \u00e0 sede da Institui\u00e7\u00e3o Capaz de Adamantina.<\/p>\n<p>&nbsp;<\/p>\n<p>QUEM SOMOS<br \/>\nA Capaz, al\u00e9m de sua fun\u00e7\u00e3o original, de treinamento e encaminhamento de jovens ao mercado de trabalho, tem implantado o SCFV (Servi\u00e7o de Conviv\u00eancia e Fortalecimento de V\u00ednculo) que atende jovens entre 15 e 17 anos de idade com dificuldades de aprendizado e\/ou relacionamento familiar ou social, bem como tem implantado tamb\u00e9m o Departamento de Esporte que atende crian\u00e7as, adolescentes e jovens com idades entre 7 e 17 anos, incentivando-os \u00e0 pr\u00e1tica esportiva e \u00e0 vida saud\u00e1vel.<\/p>\n<p>&nbsp;<\/p>\n<p>Fonte:\u00a0 Adamantina Net<\/p>\n","protected":false},"excerpt":{"rendered":"<p>Uma verdadeira obra de arte urbana faz parte do novo visual da Institui\u00e7\u00e3o Capaz de Adamantina! Agora a sede se tornou o mural de uma pintura em grafite feita na parede do novo audit\u00f3rio constru\u00eddo, mais precisamente no entorno da Pra\u00e7a Tiradentes, defronte do port\u00e3o de entrada de alunos da Escola Navarro de Andrade. &nbsp; [&hellip;]<\/p>\n","protected":false},"author":13,"featured_media":42861,"comment_status":"open","ping_status":"open","sticky":false,"template":"","format":"standard","meta":{"_acf_changed":false,"_exactmetrics_skip_tracking":false,"_exactmetrics_sitenote_active":false,"_exactmetrics_sitenote_note":"","_exactmetrics_sitenote_category":0,"footnotes":""},"categories":[21],"tags":[],"class_list":["post-42858","post","type-post","status-publish","format-standard","has-post-thumbnail","hentry","category-adamantina"],"acf":[],"yoast_head":"<!-- This site is optimized with the Yoast SEO plugin v27.2 - https:\/\/yoast.com\/product\/yoast-seo-wordpress\/ -->\n<title>Institui\u00e7\u00e3o Capaz revitaliza visual e inova com arte urbana em grafite na parede da sede - R\u00e1dio Life FM<\/title>\n<meta name=\"robots\" content=\"index, follow, max-snippet:-1, max-image-preview:large, max-video-preview:-1\" \/>\n<link rel=\"canonical\" href=\"https:\/\/radiolifefm.com.br\/noticias\/instituicao-capaz-revitaliza-visual-e-inova-com-arte-urbana-em-grafite-na-parede-da-sedeadamantina\/\" \/>\n<meta property=\"og:locale\" content=\"pt_BR\" \/>\n<meta property=\"og:type\" content=\"article\" \/>\n<meta property=\"og:title\" content=\"Institui\u00e7\u00e3o Capaz revitaliza visual e inova com arte urbana em grafite na parede da sede - R\u00e1dio Life FM\" \/>\n<meta property=\"og:description\" content=\"Uma verdadeira obra de arte urbana faz parte do novo visual da Institui\u00e7\u00e3o Capaz de Adamantina! Agora a sede se tornou o mural de uma pintura em grafite feita na parede do novo audit\u00f3rio constru\u00eddo, mais precisamente no entorno da Pra\u00e7a Tiradentes, defronte do port\u00e3o de entrada de alunos da Escola Navarro de Andrade. &nbsp; [&hellip;]\" \/>\n<meta property=\"og:url\" content=\"https:\/\/radiolifefm.com.br\/noticias\/instituicao-capaz-revitaliza-visual-e-inova-com-arte-urbana-em-grafite-na-parede-da-sedeadamantina\/\" \/>\n<meta property=\"og:site_name\" content=\"R\u00e1dio Life FM\" \/>\n<meta property=\"article:publisher\" content=\"https:\/\/www.facebook.com\/radiolifefm\/\" \/>\n<meta property=\"article:published_time\" content=\"2021-09-17T13:29:45+00:00\" \/>\n<meta property=\"article:modified_time\" content=\"2026-04-25T04:22:32+00:00\" \/>\n<meta property=\"og:image\" content=\"https:\/\/radiolifefm.com.br\/noticias\/wp-content\/uploads\/2021\/09\/01-3.jpg\" \/>\n\t<meta property=\"og:image:width\" content=\"1252\" \/>\n\t<meta property=\"og:image:height\" content=\"989\" \/>\n\t<meta property=\"og:image:type\" content=\"image\/jpeg\" \/>\n<meta name=\"author\" content=\"ritanery\" \/>\n<meta name=\"twitter:card\" content=\"summary_large_image\" \/>\n<meta name=\"twitter:label1\" content=\"Escrito por\" \/>\n\t<meta name=\"twitter:data1\" content=\"ritanery\" \/>\n\t<meta name=\"twitter:label2\" content=\"Est. tempo de leitura\" \/>\n\t<meta name=\"twitter:data2\" content=\"2 minutos\" \/>\n<script type=\"application\/ld+json\" class=\"yoast-schema-graph\">{\"@context\":\"https:\/\/schema.org\",\"@graph\":[{\"@type\":\"Article\",\"@id\":\"https:\/\/radiolifefm.com.br\/noticias\/instituicao-capaz-revitaliza-visual-e-inova-com-arte-urbana-em-grafite-na-parede-da-sedeadamantina\/#article\",\"isPartOf\":{\"@id\":\"https:\/\/radiolifefm.com.br\/noticias\/instituicao-capaz-revitaliza-visual-e-inova-com-arte-urbana-em-grafite-na-parede-da-sedeadamantina\/\"},\"author\":{\"name\":\"ritanery\",\"@id\":\"https:\/\/radiolifefm.com.br\/noticias\/#\/schema\/person\/6339b9fac59d12b071dec680d7375d87\"},\"headline\":\"Institui\u00e7\u00e3o Capaz revitaliza visual e inova com arte urbana em grafite na parede da sede\",\"datePublished\":\"2021-09-17T13:29:45+00:00\",\"dateModified\":\"2026-04-25T04:22:32+00:00\",\"mainEntityOfPage\":{\"@id\":\"https:\/\/radiolifefm.com.br\/noticias\/instituicao-capaz-revitaliza-visual-e-inova-com-arte-urbana-em-grafite-na-parede-da-sedeadamantina\/\"},\"wordCount\":468,\"commentCount\":0,\"publisher\":{\"@id\":\"https:\/\/radiolifefm.com.br\/noticias\/#organization\"},\"image\":{\"@id\":\"https:\/\/radiolifefm.com.br\/noticias\/instituicao-capaz-revitaliza-visual-e-inova-com-arte-urbana-em-grafite-na-parede-da-sedeadamantina\/#primaryimage\"},\"thumbnailUrl\":\"https:\/\/radiolifefm.com.br\/noticias\/wp-content\/uploads\/2021\/09\/01-3.jpg\",\"articleSection\":[\"Adamantina\"],\"inLanguage\":\"pt-BR\",\"potentialAction\":[{\"@type\":\"CommentAction\",\"name\":\"Comment\",\"target\":[\"https:\/\/radiolifefm.com.br\/noticias\/instituicao-capaz-revitaliza-visual-e-inova-com-arte-urbana-em-grafite-na-parede-da-sedeadamantina\/#respond\"]}]},{\"@type\":\"WebPage\",\"@id\":\"https:\/\/radiolifefm.com.br\/noticias\/instituicao-capaz-revitaliza-visual-e-inova-com-arte-urbana-em-grafite-na-parede-da-sedeadamantina\/\",\"url\":\"https:\/\/radiolifefm.com.br\/noticias\/instituicao-capaz-revitaliza-visual-e-inova-com-arte-urbana-em-grafite-na-parede-da-sedeadamantina\/\",\"name\":\"Institui\u00e7\u00e3o Capaz revitaliza visual e inova com arte urbana em grafite na parede da sede - R\u00e1dio Life FM\",\"isPartOf\":{\"@id\":\"https:\/\/radiolifefm.com.br\/noticias\/#website\"},\"primaryImageOfPage\":{\"@id\":\"https:\/\/radiolifefm.com.br\/noticias\/instituicao-capaz-revitaliza-visual-e-inova-com-arte-urbana-em-grafite-na-parede-da-sedeadamantina\/#primaryimage\"},\"image\":{\"@id\":\"https:\/\/radiolifefm.com.br\/noticias\/instituicao-capaz-revitaliza-visual-e-inova-com-arte-urbana-em-grafite-na-parede-da-sedeadamantina\/#primaryimage\"},\"thumbnailUrl\":\"https:\/\/radiolifefm.com.br\/noticias\/wp-content\/uploads\/2021\/09\/01-3.jpg\",\"datePublished\":\"2021-09-17T13:29:45+00:00\",\"dateModified\":\"2026-04-25T04:22:32+00:00\",\"breadcrumb\":{\"@id\":\"https:\/\/radiolifefm.com.br\/noticias\/instituicao-capaz-revitaliza-visual-e-inova-com-arte-urbana-em-grafite-na-parede-da-sedeadamantina\/#breadcrumb\"},\"inLanguage\":\"pt-BR\",\"potentialAction\":[{\"@type\":\"ReadAction\",\"target\":[\"https:\/\/radiolifefm.com.br\/noticias\/instituicao-capaz-revitaliza-visual-e-inova-com-arte-urbana-em-grafite-na-parede-da-sedeadamantina\/\"]}]},{\"@type\":\"ImageObject\",\"inLanguage\":\"pt-BR\",\"@id\":\"https:\/\/radiolifefm.com.br\/noticias\/instituicao-capaz-revitaliza-visual-e-inova-com-arte-urbana-em-grafite-na-parede-da-sedeadamantina\/#primaryimage\",\"url\":\"https:\/\/radiolifefm.com.br\/noticias\/wp-content\/uploads\/2021\/09\/01-3.jpg\",\"contentUrl\":\"https:\/\/radiolifefm.com.br\/noticias\/wp-content\/uploads\/2021\/09\/01-3.jpg\",\"width\":1252,\"height\":989},{\"@type\":\"BreadcrumbList\",\"@id\":\"https:\/\/radiolifefm.com.br\/noticias\/instituicao-capaz-revitaliza-visual-e-inova-com-arte-urbana-em-grafite-na-parede-da-sedeadamantina\/#breadcrumb\",\"itemListElement\":[{\"@type\":\"ListItem\",\"position\":1,\"name\":\"In\u00edcio\",\"item\":\"https:\/\/radiolifefm.com.br\/noticias\/\"},{\"@type\":\"ListItem\",\"position\":2,\"name\":\"Institui\u00e7\u00e3o Capaz revitaliza visual e inova com arte urbana em grafite na parede da sede\"}]},{\"@type\":\"WebSite\",\"@id\":\"https:\/\/radiolifefm.com.br\/noticias\/#website\",\"url\":\"https:\/\/radiolifefm.com.br\/noticias\/\",\"name\":\"R\u00e1dio Life FM\",\"description\":\"O Portal de Not\u00edcias de Adamantina\",\"publisher\":{\"@id\":\"https:\/\/radiolifefm.com.br\/noticias\/#organization\"},\"alternateName\":\"Life FM\",\"potentialAction\":[{\"@type\":\"SearchAction\",\"target\":{\"@type\":\"EntryPoint\",\"urlTemplate\":\"https:\/\/radiolifefm.com.br\/noticias\/?s={search_term_string}\"},\"query-input\":{\"@type\":\"PropertyValueSpecification\",\"valueRequired\":true,\"valueName\":\"search_term_string\"}}],\"inLanguage\":\"pt-BR\"},{\"@type\":\"Organization\",\"@id\":\"https:\/\/radiolifefm.com.br\/noticias\/#organization\",\"name\":\"R\u00e1dio Life FM\",\"alternateName\":\"Life FM\",\"url\":\"https:\/\/radiolifefm.com.br\/noticias\/\",\"logo\":{\"@type\":\"ImageObject\",\"inLanguage\":\"pt-BR\",\"@id\":\"https:\/\/radiolifefm.com.br\/noticias\/#\/schema\/logo\/image\/\",\"url\":\"https:\/\/static.radiolifefm.com.br\/noticias\/wp-content\/uploads\/2019\/10\/logo-lifefm.png\",\"contentUrl\":\"https:\/\/static.radiolifefm.com.br\/noticias\/wp-content\/uploads\/2019\/10\/logo-lifefm.png\",\"width\":196,\"height\":47,\"caption\":\"R\u00e1dio Life FM\"},\"image\":{\"@id\":\"https:\/\/radiolifefm.com.br\/noticias\/#\/schema\/logo\/image\/\"},\"sameAs\":[\"https:\/\/www.facebook.com\/radiolifefm\/\",\"https:\/\/www.instagram.com\/life1079fm\/\"]},{\"@type\":\"Person\",\"@id\":\"https:\/\/radiolifefm.com.br\/noticias\/#\/schema\/person\/6339b9fac59d12b071dec680d7375d87\",\"name\":\"ritanery\",\"image\":{\"@type\":\"ImageObject\",\"inLanguage\":\"pt-BR\",\"@id\":\"https:\/\/secure.gravatar.com\/avatar\/0e37bb19071f47c0b8a23f62a903df117c5a0e75f65a0c2901562f97cd41cf86?s=96&d=mm&r=g\",\"url\":\"https:\/\/secure.gravatar.com\/avatar\/0e37bb19071f47c0b8a23f62a903df117c5a0e75f65a0c2901562f97cd41cf86?s=96&d=mm&r=g\",\"contentUrl\":\"https:\/\/secure.gravatar.com\/avatar\/0e37bb19071f47c0b8a23f62a903df117c5a0e75f65a0c2901562f97cd41cf86?s=96&d=mm&r=g\",\"caption\":\"ritanery\"}}]}<\/script>\n<!-- \/ Yoast SEO plugin. -->","yoast_head_json":{"title":"Institui\u00e7\u00e3o Capaz revitaliza visual e inova com arte urbana em grafite na parede da sede - R\u00e1dio Life FM","robots":{"index":"index","follow":"follow","max-snippet":"max-snippet:-1","max-image-preview":"max-image-preview:large","max-video-preview":"max-video-preview:-1"},"canonical":"https:\/\/radiolifefm.com.br\/noticias\/instituicao-capaz-revitaliza-visual-e-inova-com-arte-urbana-em-grafite-na-parede-da-sedeadamantina\/","og_locale":"pt_BR","og_type":"article","og_title":"Institui\u00e7\u00e3o Capaz revitaliza visual e inova com arte urbana em grafite na parede da sede - R\u00e1dio Life FM","og_description":"Uma verdadeira obra de arte urbana faz parte do novo visual da Institui\u00e7\u00e3o Capaz de Adamantina! Agora a sede se tornou o mural de uma pintura em grafite feita na parede do novo audit\u00f3rio constru\u00eddo, mais precisamente no entorno da Pra\u00e7a Tiradentes, defronte do port\u00e3o de entrada de alunos da Escola Navarro de Andrade. &nbsp; [&hellip;]","og_url":"https:\/\/radiolifefm.com.br\/noticias\/instituicao-capaz-revitaliza-visual-e-inova-com-arte-urbana-em-grafite-na-parede-da-sedeadamantina\/","og_site_name":"R\u00e1dio Life FM","article_publisher":"https:\/\/www.facebook.com\/radiolifefm\/","article_published_time":"2021-09-17T13:29:45+00:00","article_modified_time":"2026-04-25T04:22:32+00:00","og_image":[{"width":1252,"height":989,"url":"https:\/\/radiolifefm.com.br\/noticias\/wp-content\/uploads\/2021\/09\/01-3.jpg","type":"image\/jpeg"}],"author":"ritanery","twitter_card":"summary_large_image","twitter_misc":{"Escrito por":"ritanery","Est. tempo de leitura":"2 minutos"},"schema":{"@context":"https:\/\/schema.org","@graph":[{"@type":"Article","@id":"https:\/\/radiolifefm.com.br\/noticias\/instituicao-capaz-revitaliza-visual-e-inova-com-arte-urbana-em-grafite-na-parede-da-sedeadamantina\/#article","isPartOf":{"@id":"https:\/\/radiolifefm.com.br\/noticias\/instituicao-capaz-revitaliza-visual-e-inova-com-arte-urbana-em-grafite-na-parede-da-sedeadamantina\/"},"author":{"name":"ritanery","@id":"https:\/\/radiolifefm.com.br\/noticias\/#\/schema\/person\/6339b9fac59d12b071dec680d7375d87"},"headline":"Institui\u00e7\u00e3o Capaz revitaliza visual e inova com arte urbana em grafite na parede da sede","datePublished":"2021-09-17T13:29:45+00:00","dateModified":"2026-04-25T04:22:32+00:00","mainEntityOfPage":{"@id":"https:\/\/radiolifefm.com.br\/noticias\/instituicao-capaz-revitaliza-visual-e-inova-com-arte-urbana-em-grafite-na-parede-da-sedeadamantina\/"},"wordCount":468,"commentCount":0,"publisher":{"@id":"https:\/\/radiolifefm.com.br\/noticias\/#organization"},"image":{"@id":"https:\/\/radiolifefm.com.br\/noticias\/instituicao-capaz-revitaliza-visual-e-inova-com-arte-urbana-em-grafite-na-parede-da-sedeadamantina\/#primaryimage"},"thumbnailUrl":"https:\/\/radiolifefm.com.br\/noticias\/wp-content\/uploads\/2021\/09\/01-3.jpg","articleSection":["Adamantina"],"inLanguage":"pt-BR","potentialAction":[{"@type":"CommentAction","name":"Comment","target":["https:\/\/radiolifefm.com.br\/noticias\/instituicao-capaz-revitaliza-visual-e-inova-com-arte-urbana-em-grafite-na-parede-da-sedeadamantina\/#respond"]}]},{"@type":"WebPage","@id":"https:\/\/radiolifefm.com.br\/noticias\/instituicao-capaz-revitaliza-visual-e-inova-com-arte-urbana-em-grafite-na-parede-da-sedeadamantina\/","url":"https:\/\/radiolifefm.com.br\/noticias\/instituicao-capaz-revitaliza-visual-e-inova-com-arte-urbana-em-grafite-na-parede-da-sedeadamantina\/","name":"Institui\u00e7\u00e3o Capaz revitaliza visual e inova com arte urbana em grafite na parede da sede - R\u00e1dio Life FM","isPartOf":{"@id":"https:\/\/radiolifefm.com.br\/noticias\/#website"},"primaryImageOfPage":{"@id":"https:\/\/radiolifefm.com.br\/noticias\/instituicao-capaz-revitaliza-visual-e-inova-com-arte-urbana-em-grafite-na-parede-da-sedeadamantina\/#primaryimage"},"image":{"@id":"https:\/\/radiolifefm.com.br\/noticias\/instituicao-capaz-revitaliza-visual-e-inova-com-arte-urbana-em-grafite-na-parede-da-sedeadamantina\/#primaryimage"},"thumbnailUrl":"https:\/\/radiolifefm.com.br\/noticias\/wp-content\/uploads\/2021\/09\/01-3.jpg","datePublished":"2021-09-17T13:29:45+00:00","dateModified":"2026-04-25T04:22:32+00:00","breadcrumb":{"@id":"https:\/\/radiolifefm.com.br\/noticias\/instituicao-capaz-revitaliza-visual-e-inova-com-arte-urbana-em-grafite-na-parede-da-sedeadamantina\/#breadcrumb"},"inLanguage":"pt-BR","potentialAction":[{"@type":"ReadAction","target":["https:\/\/radiolifefm.com.br\/noticias\/instituicao-capaz-revitaliza-visual-e-inova-com-arte-urbana-em-grafite-na-parede-da-sedeadamantina\/"]}]},{"@type":"ImageObject","inLanguage":"pt-BR","@id":"https:\/\/radiolifefm.com.br\/noticias\/instituicao-capaz-revitaliza-visual-e-inova-com-arte-urbana-em-grafite-na-parede-da-sedeadamantina\/#primaryimage","url":"https:\/\/radiolifefm.com.br\/noticias\/wp-content\/uploads\/2021\/09\/01-3.jpg","contentUrl":"https:\/\/radiolifefm.com.br\/noticias\/wp-content\/uploads\/2021\/09\/01-3.jpg","width":1252,"height":989},{"@type":"BreadcrumbList","@id":"https:\/\/radiolifefm.com.br\/noticias\/instituicao-capaz-revitaliza-visual-e-inova-com-arte-urbana-em-grafite-na-parede-da-sedeadamantina\/#breadcrumb","itemListElement":[{"@type":"ListItem","position":1,"name":"In\u00edcio","item":"https:\/\/radiolifefm.com.br\/noticias\/"},{"@type":"ListItem","position":2,"name":"Institui\u00e7\u00e3o Capaz revitaliza visual e inova com arte urbana em grafite na parede da sede"}]},{"@type":"WebSite","@id":"https:\/\/radiolifefm.com.br\/noticias\/#website","url":"https:\/\/radiolifefm.com.br\/noticias\/","name":"R\u00e1dio Life FM","description":"O Portal de Not\u00edcias de Adamantina","publisher":{"@id":"https:\/\/radiolifefm.com.br\/noticias\/#organization"},"alternateName":"Life FM","potentialAction":[{"@type":"SearchAction","target":{"@type":"EntryPoint","urlTemplate":"https:\/\/radiolifefm.com.br\/noticias\/?s={search_term_string}"},"query-input":{"@type":"PropertyValueSpecification","valueRequired":true,"valueName":"search_term_string"}}],"inLanguage":"pt-BR"},{"@type":"Organization","@id":"https:\/\/radiolifefm.com.br\/noticias\/#organization","name":"R\u00e1dio Life FM","alternateName":"Life FM","url":"https:\/\/radiolifefm.com.br\/noticias\/","logo":{"@type":"ImageObject","inLanguage":"pt-BR","@id":"https:\/\/radiolifefm.com.br\/noticias\/#\/schema\/logo\/image\/","url":"https:\/\/static.radiolifefm.com.br\/noticias\/wp-content\/uploads\/2019\/10\/logo-lifefm.png","contentUrl":"https:\/\/static.radiolifefm.com.br\/noticias\/wp-content\/uploads\/2019\/10\/logo-lifefm.png","width":196,"height":47,"caption":"R\u00e1dio Life FM"},"image":{"@id":"https:\/\/radiolifefm.com.br\/noticias\/#\/schema\/logo\/image\/"},"sameAs":["https:\/\/www.facebook.com\/radiolifefm\/","https:\/\/www.instagram.com\/life1079fm\/"]},{"@type":"Person","@id":"https:\/\/radiolifefm.com.br\/noticias\/#\/schema\/person\/6339b9fac59d12b071dec680d7375d87","name":"ritanery","image":{"@type":"ImageObject","inLanguage":"pt-BR","@id":"https:\/\/secure.gravatar.com\/avatar\/0e37bb19071f47c0b8a23f62a903df117c5a0e75f65a0c2901562f97cd41cf86?s=96&d=mm&r=g","url":"https:\/\/secure.gravatar.com\/avatar\/0e37bb19071f47c0b8a23f62a903df117c5a0e75f65a0c2901562f97cd41cf86?s=96&d=mm&r=g","contentUrl":"https:\/\/secure.gravatar.com\/avatar\/0e37bb19071f47c0b8a23f62a903df117c5a0e75f65a0c2901562f97cd41cf86?s=96&d=mm&r=g","caption":"ritanery"}}]}},"amp_enabled":true,"_links":{"self":[{"href":"https:\/\/radiolifefm.com.br\/noticias\/wp-json\/wp\/v2\/posts\/42858","targetHints":{"allow":["GET"]}}],"collection":[{"href":"https:\/\/radiolifefm.com.br\/noticias\/wp-json\/wp\/v2\/posts"}],"about":[{"href":"https:\/\/radiolifefm.com.br\/noticias\/wp-json\/wp\/v2\/types\/post"}],"author":[{"embeddable":true,"href":"https:\/\/radiolifefm.com.br\/noticias\/wp-json\/wp\/v2\/users\/13"}],"replies":[{"embeddable":true,"href":"https:\/\/radiolifefm.com.br\/noticias\/wp-json\/wp\/v2\/comments?post=42858"}],"version-history":[{"count":2,"href":"https:\/\/radiolifefm.com.br\/noticias\/wp-json\/wp\/v2\/posts\/42858\/revisions"}],"predecessor-version":[{"id":42863,"href":"https:\/\/radiolifefm.com.br\/noticias\/wp-json\/wp\/v2\/posts\/42858\/revisions\/42863"}],"wp:featuredmedia":[{"embeddable":true,"href":"https:\/\/radiolifefm.com.br\/noticias\/wp-json\/wp\/v2\/media\/42861"}],"wp:attachment":[{"href":"https:\/\/radiolifefm.com.br\/noticias\/wp-json\/wp\/v2\/media?parent=42858"}],"wp:term":[{"taxonomy":"category","embeddable":true,"href":"https:\/\/radiolifefm.com.br\/noticias\/wp-json\/wp\/v2\/categories?post=42858"},{"taxonomy":"post_tag","embeddable":true,"href":"https:\/\/radiolifefm.com.br\/noticias\/wp-json\/wp\/v2\/tags?post=42858"}],"curies":[{"name":"wp","href":"https:\/\/api.w.org\/{rel}","templated":true}]}}