{"id":42846,"date":"2021-09-16T22:06:03","date_gmt":"2021-09-17T01:06:03","guid":{"rendered":"https:\/\/radiolifefm.com.br\/noticias\/?p=42846"},"modified":"2026-04-07T20:42:31","modified_gmt":"2026-04-07T23:42:31","slug":"sabesp-retira-17-toneladas-de-lixo-e-areia-por-mes-dos-sistemas-de-esgoto-em-adamantina","status":"publish","type":"post","link":"https:\/\/radiolifefm.com.br\/noticias\/sabesp-retira-17-toneladas-de-lixo-e-areia-por-mes-dos-sistemas-de-esgoto-em-adamantina\/","title":{"rendered":"Sabesp retira 17 toneladas de lixo e areia por m\u00eas dos sistemas de esgoto em Adamantina"},"content":{"rendered":"<div id=\"fb-root\"><\/div>\n<p>Um levantamento da Sabesp divulgado nesta quinta-feira (16) aponta que s\u00e3o retiradas, em m\u00e9dia, 293,5 toneladas de lixo e areia por m\u00eas dos sistemas de esgoto nas 62 cidades atendidas pela empresa na regi\u00e3o de Presidente Prudente. O estudo considera os sete primeiros meses (janeiro a julho) de 2021 e aponta que cada im\u00f3vel conectado \u00e0 rede de esgoto na regi\u00e3o descarta, por m\u00eas, 750 gramas de res\u00edduos que n\u00e3o deveriam ser lan\u00e7ados no sistema de esgoto.<\/p>\n<p>&nbsp;<\/p>\n<p>Em Adamantina, segundo a Sabesp, o volume de lixo e areia retirado da rede de esgoto local \u00e9 de 17 toneladas, em m\u00e9dia, a cada m\u00eas. Esse cen\u00e1rio gera, em m\u00e9dia, 17 manuten\u00e7\u00f5es em redes e ramais de esgoto na cidade, todos os meses. J\u00e1 na regi\u00e3o, s\u00e3o cerca de 600 desobstru\u00e7\u00f5es de rede e ramais de esgoto por m\u00eas, nas 62 cidades atendidas pela empresa.<\/p>\n<p>&nbsp;<\/p>\n<p>Entre os motivos das manuten\u00e7\u00f5es, segundo a Sabesp, est\u00e3o justamente os entupimentos devido ao lan\u00e7amento indevido de lixo e gordura na rede. O material descartado, al\u00e9m de causar obstru\u00e7\u00e3o e rompimento das redes coletoras, provoca transtornos aos pr\u00f3prios clientes, como o retorno do esgoto para dentro dos im\u00f3veis, ou transbordamento dos po\u00e7os de vistoria (PV).<\/p>\n<p>&nbsp;<\/p>\n<p>Em Adamantina, um caso recente, na cidade, ocorreu na Rua Prefeito Ant\u00f4nio Cescon, altura da Alameda Giusseppe Manfrin, \u00fanico acesso ao Residencial Santa Adelaide, no Parque dos Pioneiros.<\/p>\n<p><img loading=\"lazy\" decoding=\"async\" class=\"alignnone size-full wp-image-42847\" src=\"https:\/\/static.radiolifefm.com.br\/wp-content\/uploads\/sites\/2\/2021\/09\/semtatulo1jpg162266862760b7f553b02cajpg163182059661439b340b7f9.jpg\" alt=\"\" width=\"600\" height=\"337\" srcset=\"https:\/\/radiolifefm.com.br\/noticias\/wp-content\/uploads\/2021\/09\/semtatulo1jpg162266862760b7f553b02cajpg163182059661439b340b7f9.jpg 600w, https:\/\/radiolifefm.com.br\/noticias\/wp-content\/uploads\/2021\/09\/semtatulo1jpg162266862760b7f553b02cajpg163182059661439b340b7f9-300x169.jpg 300w\" sizes=\"auto, (max-width: 600px) 100vw, 600px\" \/><\/p>\n<p>O caso foi\u00a0<a href=\"https:\/\/www.sigamais.com\/noticias\/cidades\/esgoto-transborda-e-ao-desobstruir-sabesp-encontra-camiseta-na-tubulacao\/\"><strong>noticiado pelo SIGA MAIS<\/strong><\/a>\u00a0em junho, ap\u00f3s reclama\u00e7\u00e3o de moradores. Na manuten\u00e7\u00e3o realizada pela Sabesp, os t\u00e9cnicos da empresa retiraram uma camiseta, que obstru\u00eda a passagem do esgoto pela tubula\u00e7\u00e3o.<\/p>\n<p>&nbsp;<\/p>\n<p><strong>Detritos encontrados nas redes<\/strong><\/p>\n<p>Entre os detritos encontrados nas redes coletoras e nas esta\u00e7\u00f5es elevat\u00f3rias e de tratamento de esgoto est\u00e3o pe\u00e7as de roupas, fraldas descart\u00e1veis, escovas, pastas de dentes e embalagens pl\u00e1sticas em geral. Todos estes materiais deveriam ser destinados \u00e0s lixeiras e n\u00e3o a pias, ralos e vasos sanit\u00e1rio. J\u00e1 o \u00f3leo de cozinha deve ser armazenado em garrafas pl\u00e1sticas e entregue em pontos de coleta para reciclagem.<\/p>\n<p>&nbsp;<\/p>\n<p>A areia \u2013 outro material encontrado em grande quantidade entre os res\u00edduos \u2013 muitas vezes \u00e9 carreada pela \u00e1gua da chuva para os sistemas da Companhia. Isso se d\u00e1 em decorr\u00eancia das liga\u00e7\u00f5es irregulares de \u00e1guas pluviais na rede coletora de esgoto. \u201cPor isso, \u00e9 importante que as resid\u00eancias tenham sa\u00eddas separadas: uma para a \u00e1gua da chuva, que segue para as galerias de \u00e1guas pluviais, e outra para o esgoto, que necessita de tratamento antes de retornar ao meio ambiente\u201d, orienta a Sabesp.<\/p>\n<p>&nbsp;<\/p>\n<p>Fonte: Siga Mais<\/p>\n<p>&nbsp;<\/p>\n","protected":false},"excerpt":{"rendered":"<p>Um levantamento da Sabesp divulgado nesta quinta-feira (16) aponta que s\u00e3o retiradas, em m\u00e9dia, 293,5 toneladas de lixo e areia por m\u00eas dos sistemas de esgoto nas 62 cidades atendidas pela empresa na regi\u00e3o de Presidente Prudente. O estudo considera os sete primeiros meses (janeiro a julho) de 2021 e aponta que cada im\u00f3vel conectado [&hellip;]<\/p>\n","protected":false},"author":13,"featured_media":42848,"comment_status":"closed","ping_status":"open","sticky":false,"template":"","format":"standard","meta":{"_acf_changed":false,"_exactmetrics_skip_tracking":false,"_exactmetrics_sitenote_active":false,"_exactmetrics_sitenote_note":"","_exactmetrics_sitenote_category":0,"footnotes":""},"categories":[21],"tags":[],"class_list":["post-42846","post","type-post","status-publish","format-standard","has-post-thumbnail","hentry","category-adamantina"],"acf":[],"yoast_head":"<!-- This site is optimized with the Yoast SEO plugin v27.2 - https:\/\/yoast.com\/product\/yoast-seo-wordpress\/ -->\n<title>Sabesp retira 17 toneladas de lixo e areia por m\u00eas dos sistemas de esgoto em Adamantina - R\u00e1dio Life FM<\/title>\n<meta name=\"robots\" content=\"index, follow, max-snippet:-1, max-image-preview:large, max-video-preview:-1\" \/>\n<link rel=\"canonical\" href=\"https:\/\/radiolifefm.com.br\/noticias\/sabesp-retira-17-toneladas-de-lixo-e-areia-por-mes-dos-sistemas-de-esgoto-em-adamantina\/\" \/>\n<meta property=\"og:locale\" content=\"pt_BR\" \/>\n<meta property=\"og:type\" content=\"article\" \/>\n<meta property=\"og:title\" content=\"Sabesp retira 17 toneladas de lixo e areia por m\u00eas dos sistemas de esgoto em Adamantina - R\u00e1dio Life FM\" \/>\n<meta property=\"og:description\" content=\"Um levantamento da Sabesp divulgado nesta quinta-feira (16) aponta que s\u00e3o retiradas, em m\u00e9dia, 293,5 toneladas de lixo e areia por m\u00eas dos sistemas de esgoto nas 62 cidades atendidas pela empresa na regi\u00e3o de Presidente Prudente. O estudo considera os sete primeiros meses (janeiro a julho) de 2021 e aponta que cada im\u00f3vel conectado [&hellip;]\" \/>\n<meta property=\"og:url\" content=\"https:\/\/radiolifefm.com.br\/noticias\/sabesp-retira-17-toneladas-de-lixo-e-areia-por-mes-dos-sistemas-de-esgoto-em-adamantina\/\" \/>\n<meta property=\"og:site_name\" content=\"R\u00e1dio Life FM\" \/>\n<meta property=\"article:publisher\" content=\"https:\/\/www.facebook.com\/radiolifefm\/\" \/>\n<meta property=\"article:published_time\" content=\"2021-09-17T01:06:03+00:00\" \/>\n<meta property=\"article:modified_time\" content=\"2026-04-07T23:42:31+00:00\" \/>\n<meta property=\"og:image\" content=\"https:\/\/radiolifefm.com.br\/noticias\/wp-content\/uploads\/2021\/09\/a1jpg163182073261439bbc09937.jpg\" \/>\n\t<meta property=\"og:image:width\" content=\"600\" \/>\n\t<meta property=\"og:image:height\" content=\"332\" \/>\n\t<meta property=\"og:image:type\" content=\"image\/jpeg\" \/>\n<meta name=\"author\" content=\"ritanery\" \/>\n<meta name=\"twitter:card\" content=\"summary_large_image\" \/>\n<meta name=\"twitter:label1\" content=\"Escrito por\" \/>\n\t<meta name=\"twitter:data1\" content=\"ritanery\" \/>\n\t<meta name=\"twitter:label2\" content=\"Est. tempo de leitura\" \/>\n\t<meta name=\"twitter:data2\" content=\"3 minutos\" \/>\n<script type=\"application\/ld+json\" class=\"yoast-schema-graph\">{\"@context\":\"https:\/\/schema.org\",\"@graph\":[{\"@type\":\"Article\",\"@id\":\"https:\/\/radiolifefm.com.br\/noticias\/sabesp-retira-17-toneladas-de-lixo-e-areia-por-mes-dos-sistemas-de-esgoto-em-adamantina\/#article\",\"isPartOf\":{\"@id\":\"https:\/\/radiolifefm.com.br\/noticias\/sabesp-retira-17-toneladas-de-lixo-e-areia-por-mes-dos-sistemas-de-esgoto-em-adamantina\/\"},\"author\":{\"name\":\"ritanery\",\"@id\":\"https:\/\/radiolifefm.com.br\/noticias\/#\/schema\/person\/6339b9fac59d12b071dec680d7375d87\"},\"headline\":\"Sabesp retira 17 toneladas de lixo e areia por m\u00eas dos sistemas de esgoto em Adamantina\",\"datePublished\":\"2021-09-17T01:06:03+00:00\",\"dateModified\":\"2026-04-07T23:42:31+00:00\",\"mainEntityOfPage\":{\"@id\":\"https:\/\/radiolifefm.com.br\/noticias\/sabesp-retira-17-toneladas-de-lixo-e-areia-por-mes-dos-sistemas-de-esgoto-em-adamantina\/\"},\"wordCount\":472,\"publisher\":{\"@id\":\"https:\/\/radiolifefm.com.br\/noticias\/#organization\"},\"image\":{\"@id\":\"https:\/\/radiolifefm.com.br\/noticias\/sabesp-retira-17-toneladas-de-lixo-e-areia-por-mes-dos-sistemas-de-esgoto-em-adamantina\/#primaryimage\"},\"thumbnailUrl\":\"https:\/\/radiolifefm.com.br\/noticias\/wp-content\/uploads\/2021\/09\/a1jpg163182073261439bbc09937.jpg\",\"articleSection\":[\"Adamantina\"],\"inLanguage\":\"pt-BR\"},{\"@type\":\"WebPage\",\"@id\":\"https:\/\/radiolifefm.com.br\/noticias\/sabesp-retira-17-toneladas-de-lixo-e-areia-por-mes-dos-sistemas-de-esgoto-em-adamantina\/\",\"url\":\"https:\/\/radiolifefm.com.br\/noticias\/sabesp-retira-17-toneladas-de-lixo-e-areia-por-mes-dos-sistemas-de-esgoto-em-adamantina\/\",\"name\":\"Sabesp retira 17 toneladas de lixo e areia por m\u00eas dos sistemas de esgoto em Adamantina - R\u00e1dio Life FM\",\"isPartOf\":{\"@id\":\"https:\/\/radiolifefm.com.br\/noticias\/#website\"},\"primaryImageOfPage\":{\"@id\":\"https:\/\/radiolifefm.com.br\/noticias\/sabesp-retira-17-toneladas-de-lixo-e-areia-por-mes-dos-sistemas-de-esgoto-em-adamantina\/#primaryimage\"},\"image\":{\"@id\":\"https:\/\/radiolifefm.com.br\/noticias\/sabesp-retira-17-toneladas-de-lixo-e-areia-por-mes-dos-sistemas-de-esgoto-em-adamantina\/#primaryimage\"},\"thumbnailUrl\":\"https:\/\/radiolifefm.com.br\/noticias\/wp-content\/uploads\/2021\/09\/a1jpg163182073261439bbc09937.jpg\",\"datePublished\":\"2021-09-17T01:06:03+00:00\",\"dateModified\":\"2026-04-07T23:42:31+00:00\",\"breadcrumb\":{\"@id\":\"https:\/\/radiolifefm.com.br\/noticias\/sabesp-retira-17-toneladas-de-lixo-e-areia-por-mes-dos-sistemas-de-esgoto-em-adamantina\/#breadcrumb\"},\"inLanguage\":\"pt-BR\",\"potentialAction\":[{\"@type\":\"ReadAction\",\"target\":[\"https:\/\/radiolifefm.com.br\/noticias\/sabesp-retira-17-toneladas-de-lixo-e-areia-por-mes-dos-sistemas-de-esgoto-em-adamantina\/\"]}]},{\"@type\":\"ImageObject\",\"inLanguage\":\"pt-BR\",\"@id\":\"https:\/\/radiolifefm.com.br\/noticias\/sabesp-retira-17-toneladas-de-lixo-e-areia-por-mes-dos-sistemas-de-esgoto-em-adamantina\/#primaryimage\",\"url\":\"https:\/\/radiolifefm.com.br\/noticias\/wp-content\/uploads\/2021\/09\/a1jpg163182073261439bbc09937.jpg\",\"contentUrl\":\"https:\/\/radiolifefm.com.br\/noticias\/wp-content\/uploads\/2021\/09\/a1jpg163182073261439bbc09937.jpg\",\"width\":600,\"height\":332,\"caption\":\"Nas 62 cidades da regi\u00e3o de Presidente Prudente, atendidas pela Sabesp, s\u00e3o 300 toneladas por m\u00eas.\"},{\"@type\":\"BreadcrumbList\",\"@id\":\"https:\/\/radiolifefm.com.br\/noticias\/sabesp-retira-17-toneladas-de-lixo-e-areia-por-mes-dos-sistemas-de-esgoto-em-adamantina\/#breadcrumb\",\"itemListElement\":[{\"@type\":\"ListItem\",\"position\":1,\"name\":\"In\u00edcio\",\"item\":\"https:\/\/radiolifefm.com.br\/noticias\/\"},{\"@type\":\"ListItem\",\"position\":2,\"name\":\"Sabesp retira 17 toneladas de lixo e areia por m\u00eas dos sistemas de esgoto em Adamantina\"}]},{\"@type\":\"WebSite\",\"@id\":\"https:\/\/radiolifefm.com.br\/noticias\/#website\",\"url\":\"https:\/\/radiolifefm.com.br\/noticias\/\",\"name\":\"R\u00e1dio Life FM\",\"description\":\"O Portal de Not\u00edcias de Adamantina\",\"publisher\":{\"@id\":\"https:\/\/radiolifefm.com.br\/noticias\/#organization\"},\"alternateName\":\"Life FM\",\"potentialAction\":[{\"@type\":\"SearchAction\",\"target\":{\"@type\":\"EntryPoint\",\"urlTemplate\":\"https:\/\/radiolifefm.com.br\/noticias\/?s={search_term_string}\"},\"query-input\":{\"@type\":\"PropertyValueSpecification\",\"valueRequired\":true,\"valueName\":\"search_term_string\"}}],\"inLanguage\":\"pt-BR\"},{\"@type\":\"Organization\",\"@id\":\"https:\/\/radiolifefm.com.br\/noticias\/#organization\",\"name\":\"R\u00e1dio Life FM\",\"alternateName\":\"Life FM\",\"url\":\"https:\/\/radiolifefm.com.br\/noticias\/\",\"logo\":{\"@type\":\"ImageObject\",\"inLanguage\":\"pt-BR\",\"@id\":\"https:\/\/radiolifefm.com.br\/noticias\/#\/schema\/logo\/image\/\",\"url\":\"https:\/\/static.radiolifefm.com.br\/noticias\/wp-content\/uploads\/2019\/10\/logo-lifefm.png\",\"contentUrl\":\"https:\/\/static.radiolifefm.com.br\/noticias\/wp-content\/uploads\/2019\/10\/logo-lifefm.png\",\"width\":196,\"height\":47,\"caption\":\"R\u00e1dio Life FM\"},\"image\":{\"@id\":\"https:\/\/radiolifefm.com.br\/noticias\/#\/schema\/logo\/image\/\"},\"sameAs\":[\"https:\/\/www.facebook.com\/radiolifefm\/\",\"https:\/\/www.instagram.com\/life1079fm\/\"]},{\"@type\":\"Person\",\"@id\":\"https:\/\/radiolifefm.com.br\/noticias\/#\/schema\/person\/6339b9fac59d12b071dec680d7375d87\",\"name\":\"ritanery\",\"image\":{\"@type\":\"ImageObject\",\"inLanguage\":\"pt-BR\",\"@id\":\"https:\/\/secure.gravatar.com\/avatar\/0e37bb19071f47c0b8a23f62a903df117c5a0e75f65a0c2901562f97cd41cf86?s=96&d=mm&r=g\",\"url\":\"https:\/\/secure.gravatar.com\/avatar\/0e37bb19071f47c0b8a23f62a903df117c5a0e75f65a0c2901562f97cd41cf86?s=96&d=mm&r=g\",\"contentUrl\":\"https:\/\/secure.gravatar.com\/avatar\/0e37bb19071f47c0b8a23f62a903df117c5a0e75f65a0c2901562f97cd41cf86?s=96&d=mm&r=g\",\"caption\":\"ritanery\"}}]}<\/script>\n<!-- \/ Yoast SEO plugin. -->","yoast_head_json":{"title":"Sabesp retira 17 toneladas de lixo e areia por m\u00eas dos sistemas de esgoto em Adamantina - R\u00e1dio Life FM","robots":{"index":"index","follow":"follow","max-snippet":"max-snippet:-1","max-image-preview":"max-image-preview:large","max-video-preview":"max-video-preview:-1"},"canonical":"https:\/\/radiolifefm.com.br\/noticias\/sabesp-retira-17-toneladas-de-lixo-e-areia-por-mes-dos-sistemas-de-esgoto-em-adamantina\/","og_locale":"pt_BR","og_type":"article","og_title":"Sabesp retira 17 toneladas de lixo e areia por m\u00eas dos sistemas de esgoto em Adamantina - R\u00e1dio Life FM","og_description":"Um levantamento da Sabesp divulgado nesta quinta-feira (16) aponta que s\u00e3o retiradas, em m\u00e9dia, 293,5 toneladas de lixo e areia por m\u00eas dos sistemas de esgoto nas 62 cidades atendidas pela empresa na regi\u00e3o de Presidente Prudente. O estudo considera os sete primeiros meses (janeiro a julho) de 2021 e aponta que cada im\u00f3vel conectado [&hellip;]","og_url":"https:\/\/radiolifefm.com.br\/noticias\/sabesp-retira-17-toneladas-de-lixo-e-areia-por-mes-dos-sistemas-de-esgoto-em-adamantina\/","og_site_name":"R\u00e1dio Life FM","article_publisher":"https:\/\/www.facebook.com\/radiolifefm\/","article_published_time":"2021-09-17T01:06:03+00:00","article_modified_time":"2026-04-07T23:42:31+00:00","og_image":[{"width":600,"height":332,"url":"https:\/\/radiolifefm.com.br\/noticias\/wp-content\/uploads\/2021\/09\/a1jpg163182073261439bbc09937.jpg","type":"image\/jpeg"}],"author":"ritanery","twitter_card":"summary_large_image","twitter_misc":{"Escrito por":"ritanery","Est. tempo de leitura":"3 minutos"},"schema":{"@context":"https:\/\/schema.org","@graph":[{"@type":"Article","@id":"https:\/\/radiolifefm.com.br\/noticias\/sabesp-retira-17-toneladas-de-lixo-e-areia-por-mes-dos-sistemas-de-esgoto-em-adamantina\/#article","isPartOf":{"@id":"https:\/\/radiolifefm.com.br\/noticias\/sabesp-retira-17-toneladas-de-lixo-e-areia-por-mes-dos-sistemas-de-esgoto-em-adamantina\/"},"author":{"name":"ritanery","@id":"https:\/\/radiolifefm.com.br\/noticias\/#\/schema\/person\/6339b9fac59d12b071dec680d7375d87"},"headline":"Sabesp retira 17 toneladas de lixo e areia por m\u00eas dos sistemas de esgoto em Adamantina","datePublished":"2021-09-17T01:06:03+00:00","dateModified":"2026-04-07T23:42:31+00:00","mainEntityOfPage":{"@id":"https:\/\/radiolifefm.com.br\/noticias\/sabesp-retira-17-toneladas-de-lixo-e-areia-por-mes-dos-sistemas-de-esgoto-em-adamantina\/"},"wordCount":472,"publisher":{"@id":"https:\/\/radiolifefm.com.br\/noticias\/#organization"},"image":{"@id":"https:\/\/radiolifefm.com.br\/noticias\/sabesp-retira-17-toneladas-de-lixo-e-areia-por-mes-dos-sistemas-de-esgoto-em-adamantina\/#primaryimage"},"thumbnailUrl":"https:\/\/radiolifefm.com.br\/noticias\/wp-content\/uploads\/2021\/09\/a1jpg163182073261439bbc09937.jpg","articleSection":["Adamantina"],"inLanguage":"pt-BR"},{"@type":"WebPage","@id":"https:\/\/radiolifefm.com.br\/noticias\/sabesp-retira-17-toneladas-de-lixo-e-areia-por-mes-dos-sistemas-de-esgoto-em-adamantina\/","url":"https:\/\/radiolifefm.com.br\/noticias\/sabesp-retira-17-toneladas-de-lixo-e-areia-por-mes-dos-sistemas-de-esgoto-em-adamantina\/","name":"Sabesp retira 17 toneladas de lixo e areia por m\u00eas dos sistemas de esgoto em Adamantina - R\u00e1dio Life FM","isPartOf":{"@id":"https:\/\/radiolifefm.com.br\/noticias\/#website"},"primaryImageOfPage":{"@id":"https:\/\/radiolifefm.com.br\/noticias\/sabesp-retira-17-toneladas-de-lixo-e-areia-por-mes-dos-sistemas-de-esgoto-em-adamantina\/#primaryimage"},"image":{"@id":"https:\/\/radiolifefm.com.br\/noticias\/sabesp-retira-17-toneladas-de-lixo-e-areia-por-mes-dos-sistemas-de-esgoto-em-adamantina\/#primaryimage"},"thumbnailUrl":"https:\/\/radiolifefm.com.br\/noticias\/wp-content\/uploads\/2021\/09\/a1jpg163182073261439bbc09937.jpg","datePublished":"2021-09-17T01:06:03+00:00","dateModified":"2026-04-07T23:42:31+00:00","breadcrumb":{"@id":"https:\/\/radiolifefm.com.br\/noticias\/sabesp-retira-17-toneladas-de-lixo-e-areia-por-mes-dos-sistemas-de-esgoto-em-adamantina\/#breadcrumb"},"inLanguage":"pt-BR","potentialAction":[{"@type":"ReadAction","target":["https:\/\/radiolifefm.com.br\/noticias\/sabesp-retira-17-toneladas-de-lixo-e-areia-por-mes-dos-sistemas-de-esgoto-em-adamantina\/"]}]},{"@type":"ImageObject","inLanguage":"pt-BR","@id":"https:\/\/radiolifefm.com.br\/noticias\/sabesp-retira-17-toneladas-de-lixo-e-areia-por-mes-dos-sistemas-de-esgoto-em-adamantina\/#primaryimage","url":"https:\/\/radiolifefm.com.br\/noticias\/wp-content\/uploads\/2021\/09\/a1jpg163182073261439bbc09937.jpg","contentUrl":"https:\/\/radiolifefm.com.br\/noticias\/wp-content\/uploads\/2021\/09\/a1jpg163182073261439bbc09937.jpg","width":600,"height":332,"caption":"Nas 62 cidades da regi\u00e3o de Presidente Prudente, atendidas pela Sabesp, s\u00e3o 300 toneladas por m\u00eas."},{"@type":"BreadcrumbList","@id":"https:\/\/radiolifefm.com.br\/noticias\/sabesp-retira-17-toneladas-de-lixo-e-areia-por-mes-dos-sistemas-de-esgoto-em-adamantina\/#breadcrumb","itemListElement":[{"@type":"ListItem","position":1,"name":"In\u00edcio","item":"https:\/\/radiolifefm.com.br\/noticias\/"},{"@type":"ListItem","position":2,"name":"Sabesp retira 17 toneladas de lixo e areia por m\u00eas dos sistemas de esgoto em Adamantina"}]},{"@type":"WebSite","@id":"https:\/\/radiolifefm.com.br\/noticias\/#website","url":"https:\/\/radiolifefm.com.br\/noticias\/","name":"R\u00e1dio Life FM","description":"O Portal de Not\u00edcias de Adamantina","publisher":{"@id":"https:\/\/radiolifefm.com.br\/noticias\/#organization"},"alternateName":"Life FM","potentialAction":[{"@type":"SearchAction","target":{"@type":"EntryPoint","urlTemplate":"https:\/\/radiolifefm.com.br\/noticias\/?s={search_term_string}"},"query-input":{"@type":"PropertyValueSpecification","valueRequired":true,"valueName":"search_term_string"}}],"inLanguage":"pt-BR"},{"@type":"Organization","@id":"https:\/\/radiolifefm.com.br\/noticias\/#organization","name":"R\u00e1dio Life FM","alternateName":"Life FM","url":"https:\/\/radiolifefm.com.br\/noticias\/","logo":{"@type":"ImageObject","inLanguage":"pt-BR","@id":"https:\/\/radiolifefm.com.br\/noticias\/#\/schema\/logo\/image\/","url":"https:\/\/static.radiolifefm.com.br\/noticias\/wp-content\/uploads\/2019\/10\/logo-lifefm.png","contentUrl":"https:\/\/static.radiolifefm.com.br\/noticias\/wp-content\/uploads\/2019\/10\/logo-lifefm.png","width":196,"height":47,"caption":"R\u00e1dio Life FM"},"image":{"@id":"https:\/\/radiolifefm.com.br\/noticias\/#\/schema\/logo\/image\/"},"sameAs":["https:\/\/www.facebook.com\/radiolifefm\/","https:\/\/www.instagram.com\/life1079fm\/"]},{"@type":"Person","@id":"https:\/\/radiolifefm.com.br\/noticias\/#\/schema\/person\/6339b9fac59d12b071dec680d7375d87","name":"ritanery","image":{"@type":"ImageObject","inLanguage":"pt-BR","@id":"https:\/\/secure.gravatar.com\/avatar\/0e37bb19071f47c0b8a23f62a903df117c5a0e75f65a0c2901562f97cd41cf86?s=96&d=mm&r=g","url":"https:\/\/secure.gravatar.com\/avatar\/0e37bb19071f47c0b8a23f62a903df117c5a0e75f65a0c2901562f97cd41cf86?s=96&d=mm&r=g","contentUrl":"https:\/\/secure.gravatar.com\/avatar\/0e37bb19071f47c0b8a23f62a903df117c5a0e75f65a0c2901562f97cd41cf86?s=96&d=mm&r=g","caption":"ritanery"}}]}},"amp_enabled":true,"_links":{"self":[{"href":"https:\/\/radiolifefm.com.br\/noticias\/wp-json\/wp\/v2\/posts\/42846","targetHints":{"allow":["GET"]}}],"collection":[{"href":"https:\/\/radiolifefm.com.br\/noticias\/wp-json\/wp\/v2\/posts"}],"about":[{"href":"https:\/\/radiolifefm.com.br\/noticias\/wp-json\/wp\/v2\/types\/post"}],"author":[{"embeddable":true,"href":"https:\/\/radiolifefm.com.br\/noticias\/wp-json\/wp\/v2\/users\/13"}],"replies":[{"embeddable":true,"href":"https:\/\/radiolifefm.com.br\/noticias\/wp-json\/wp\/v2\/comments?post=42846"}],"version-history":[{"count":1,"href":"https:\/\/radiolifefm.com.br\/noticias\/wp-json\/wp\/v2\/posts\/42846\/revisions"}],"predecessor-version":[{"id":42849,"href":"https:\/\/radiolifefm.com.br\/noticias\/wp-json\/wp\/v2\/posts\/42846\/revisions\/42849"}],"wp:featuredmedia":[{"embeddable":true,"href":"https:\/\/radiolifefm.com.br\/noticias\/wp-json\/wp\/v2\/media\/42848"}],"wp:attachment":[{"href":"https:\/\/radiolifefm.com.br\/noticias\/wp-json\/wp\/v2\/media?parent=42846"}],"wp:term":[{"taxonomy":"category","embeddable":true,"href":"https:\/\/radiolifefm.com.br\/noticias\/wp-json\/wp\/v2\/categories?post=42846"},{"taxonomy":"post_tag","embeddable":true,"href":"https:\/\/radiolifefm.com.br\/noticias\/wp-json\/wp\/v2\/tags?post=42846"}],"curies":[{"name":"wp","href":"https:\/\/api.w.org\/{rel}","templated":true}]}}