{"id":42838,"date":"2021-09-16T21:40:45","date_gmt":"2021-09-17T00:40:45","guid":{"rendered":"https:\/\/radiolifefm.com.br\/noticias\/?p=42838"},"modified":"2025-11-27T20:46:11","modified_gmt":"2025-11-27T23:46:11","slug":"prefeitura-de-adamantina-divulga-selecionados-para-o-programa-bolsa-trabalho","status":"publish","type":"post","link":"https:\/\/radiolifefm.com.br\/noticias\/prefeitura-de-adamantina-divulga-selecionados-para-o-programa-bolsa-trabalho\/","title":{"rendered":"Prefeitura de Adamantina divulga selecionados para o Programa Bolsa Trabalho"},"content":{"rendered":"<div id=\"fb-root\"><\/div>\n<p>Vencido o per\u00edodo de inscri\u00e7\u00f5es, a Prefeitura de Adamantina, por meio da Secretaria de Administra\u00e7\u00e3o, informa que foram selecionadas pelo Governo do Estado de S\u00e3o Paulo, 40 pessoas, por meio do Programa Bolsa Trabalho, que \u00e9 uma iniciativa que consiste na destina\u00e7\u00e3o de bolsas para a popula\u00e7\u00e3o desempregada.<\/p>\n<p>&nbsp;<\/p>\n<p>Amanh\u00e3 (17), a partir das 14h, no Anfiteatro Fernando Paloni, os selecionados participar\u00e3o de uma reuni\u00e3o com a equipe da pasta para a orienta\u00e7\u00e3o a respeito das atividades que desenvolver\u00e3o nas secretarias municipais.<\/p>\n<p>&nbsp;<\/p>\n<p>O mun\u00edcipe selecionado receber\u00e1 R$535,00 por cinco meses para desempenhar atividades de trabalho por 4 horas di\u00e1rias, 5 dias por semana e ainda, participar\u00e3o de curso de qualifica\u00e7\u00e3o profissional e apoio \u00e0 empregabilidade.<\/p>\n<p>&nbsp;<\/p>\n<p>Al\u00e9m de trabalhar, o cidad\u00e3o ter\u00e1 cursos dispon\u00edveis nas \u00e1reas de Auxiliar de Controle de Produ\u00e7\u00e3o e Estoque; Gest\u00e3o Administrativa; Gest\u00e3o de Pessoas; Organiza\u00e7\u00e3o de Eventos; Rotinas, Servi\u00e7os Administrativos e Secretariado e Recep\u00e7\u00e3o. A lista com os selecionados est\u00e1 dispon\u00edvel em\u00a0<a href=\"http:\/\/www.adamantina.sp.gov.br\/\" data-saferedirecturl=\"https:\/\/www.google.com\/url?q=http:\/\/www.adamantina.sp.gov.br&amp;source=gmail&amp;ust=1631925424987000&amp;usg=AFQjCNEGdUx46ziEbR7GDOIgygqgKXi2qg\">www.adamantina.sp.gov.br<\/a><\/p>\n<p>&nbsp;<\/p>\n<p>Fonte: Assessoria de Imprensa<\/p>\n","protected":false},"excerpt":{"rendered":"<p>Vencido o per\u00edodo de inscri\u00e7\u00f5es, a Prefeitura de Adamantina, por meio da Secretaria de Administra\u00e7\u00e3o, informa que foram selecionadas pelo Governo do Estado de S\u00e3o Paulo, 40 pessoas, por meio do Programa Bolsa Trabalho, que \u00e9 uma iniciativa que consiste na destina\u00e7\u00e3o de bolsas para a popula\u00e7\u00e3o desempregada. &nbsp; Amanh\u00e3 (17), a partir das 14h, [&hellip;]<\/p>\n","protected":false},"author":13,"featured_media":42839,"comment_status":"closed","ping_status":"open","sticky":false,"template":"","format":"standard","meta":{"_acf_changed":false,"_exactmetrics_skip_tracking":false,"_exactmetrics_sitenote_active":false,"_exactmetrics_sitenote_note":"","_exactmetrics_sitenote_category":0,"footnotes":""},"categories":[21],"tags":[],"class_list":["post-42838","post","type-post","status-publish","format-standard","has-post-thumbnail","hentry","category-adamantina"],"acf":[],"yoast_head":"<!-- This site is optimized with the Yoast SEO plugin v27.2 - https:\/\/yoast.com\/product\/yoast-seo-wordpress\/ -->\n<title>Prefeitura de Adamantina divulga selecionados para o Programa Bolsa Trabalho - R\u00e1dio Life FM<\/title>\n<meta name=\"robots\" content=\"index, follow, max-snippet:-1, max-image-preview:large, max-video-preview:-1\" \/>\n<link rel=\"canonical\" href=\"https:\/\/radiolifefm.com.br\/noticias\/prefeitura-de-adamantina-divulga-selecionados-para-o-programa-bolsa-trabalho\/\" \/>\n<meta property=\"og:locale\" content=\"pt_BR\" \/>\n<meta property=\"og:type\" content=\"article\" \/>\n<meta property=\"og:title\" content=\"Prefeitura de Adamantina divulga selecionados para o Programa Bolsa Trabalho - R\u00e1dio Life FM\" \/>\n<meta property=\"og:description\" content=\"Vencido o per\u00edodo de inscri\u00e7\u00f5es, a Prefeitura de Adamantina, por meio da Secretaria de Administra\u00e7\u00e3o, informa que foram selecionadas pelo Governo do Estado de S\u00e3o Paulo, 40 pessoas, por meio do Programa Bolsa Trabalho, que \u00e9 uma iniciativa que consiste na destina\u00e7\u00e3o de bolsas para a popula\u00e7\u00e3o desempregada. &nbsp; Amanh\u00e3 (17), a partir das 14h, [&hellip;]\" \/>\n<meta property=\"og:url\" content=\"https:\/\/radiolifefm.com.br\/noticias\/prefeitura-de-adamantina-divulga-selecionados-para-o-programa-bolsa-trabalho\/\" \/>\n<meta property=\"og:site_name\" content=\"R\u00e1dio Life FM\" \/>\n<meta property=\"article:publisher\" content=\"https:\/\/www.facebook.com\/radiolifefm\/\" \/>\n<meta property=\"article:published_time\" content=\"2021-09-17T00:40:45+00:00\" \/>\n<meta property=\"article:modified_time\" content=\"2025-11-27T23:46:11+00:00\" \/>\n<meta property=\"og:image\" content=\"https:\/\/radiolifefm.com.br\/noticias\/wp-content\/uploads\/2021\/09\/download.jpeg\" \/>\n\t<meta property=\"og:image:width\" content=\"289\" \/>\n\t<meta property=\"og:image:height\" content=\"175\" \/>\n\t<meta property=\"og:image:type\" content=\"image\/jpeg\" \/>\n<meta name=\"author\" content=\"ritanery\" \/>\n<meta name=\"twitter:card\" content=\"summary_large_image\" \/>\n<meta name=\"twitter:label1\" content=\"Escrito por\" \/>\n\t<meta name=\"twitter:data1\" content=\"ritanery\" \/>\n\t<meta name=\"twitter:label2\" content=\"Est. tempo de leitura\" \/>\n\t<meta name=\"twitter:data2\" content=\"1 minuto\" \/>\n<script type=\"application\/ld+json\" class=\"yoast-schema-graph\">{\"@context\":\"https:\/\/schema.org\",\"@graph\":[{\"@type\":\"Article\",\"@id\":\"https:\/\/radiolifefm.com.br\/noticias\/prefeitura-de-adamantina-divulga-selecionados-para-o-programa-bolsa-trabalho\/#article\",\"isPartOf\":{\"@id\":\"https:\/\/radiolifefm.com.br\/noticias\/prefeitura-de-adamantina-divulga-selecionados-para-o-programa-bolsa-trabalho\/\"},\"author\":{\"name\":\"ritanery\",\"@id\":\"https:\/\/radiolifefm.com.br\/noticias\/#\/schema\/person\/6339b9fac59d12b071dec680d7375d87\"},\"headline\":\"Prefeitura de Adamantina divulga selecionados para o Programa Bolsa Trabalho\",\"datePublished\":\"2021-09-17T00:40:45+00:00\",\"dateModified\":\"2025-11-27T23:46:11+00:00\",\"mainEntityOfPage\":{\"@id\":\"https:\/\/radiolifefm.com.br\/noticias\/prefeitura-de-adamantina-divulga-selecionados-para-o-programa-bolsa-trabalho\/\"},\"wordCount\":196,\"publisher\":{\"@id\":\"https:\/\/radiolifefm.com.br\/noticias\/#organization\"},\"image\":{\"@id\":\"https:\/\/radiolifefm.com.br\/noticias\/prefeitura-de-adamantina-divulga-selecionados-para-o-programa-bolsa-trabalho\/#primaryimage\"},\"thumbnailUrl\":\"https:\/\/radiolifefm.com.br\/noticias\/wp-content\/uploads\/2021\/09\/download.jpeg\",\"articleSection\":[\"Adamantina\"],\"inLanguage\":\"pt-BR\"},{\"@type\":\"WebPage\",\"@id\":\"https:\/\/radiolifefm.com.br\/noticias\/prefeitura-de-adamantina-divulga-selecionados-para-o-programa-bolsa-trabalho\/\",\"url\":\"https:\/\/radiolifefm.com.br\/noticias\/prefeitura-de-adamantina-divulga-selecionados-para-o-programa-bolsa-trabalho\/\",\"name\":\"Prefeitura de Adamantina divulga selecionados para o Programa Bolsa Trabalho - R\u00e1dio Life FM\",\"isPartOf\":{\"@id\":\"https:\/\/radiolifefm.com.br\/noticias\/#website\"},\"primaryImageOfPage\":{\"@id\":\"https:\/\/radiolifefm.com.br\/noticias\/prefeitura-de-adamantina-divulga-selecionados-para-o-programa-bolsa-trabalho\/#primaryimage\"},\"image\":{\"@id\":\"https:\/\/radiolifefm.com.br\/noticias\/prefeitura-de-adamantina-divulga-selecionados-para-o-programa-bolsa-trabalho\/#primaryimage\"},\"thumbnailUrl\":\"https:\/\/radiolifefm.com.br\/noticias\/wp-content\/uploads\/2021\/09\/download.jpeg\",\"datePublished\":\"2021-09-17T00:40:45+00:00\",\"dateModified\":\"2025-11-27T23:46:11+00:00\",\"breadcrumb\":{\"@id\":\"https:\/\/radiolifefm.com.br\/noticias\/prefeitura-de-adamantina-divulga-selecionados-para-o-programa-bolsa-trabalho\/#breadcrumb\"},\"inLanguage\":\"pt-BR\",\"potentialAction\":[{\"@type\":\"ReadAction\",\"target\":[\"https:\/\/radiolifefm.com.br\/noticias\/prefeitura-de-adamantina-divulga-selecionados-para-o-programa-bolsa-trabalho\/\"]}]},{\"@type\":\"ImageObject\",\"inLanguage\":\"pt-BR\",\"@id\":\"https:\/\/radiolifefm.com.br\/noticias\/prefeitura-de-adamantina-divulga-selecionados-para-o-programa-bolsa-trabalho\/#primaryimage\",\"url\":\"https:\/\/radiolifefm.com.br\/noticias\/wp-content\/uploads\/2021\/09\/download.jpeg\",\"contentUrl\":\"https:\/\/radiolifefm.com.br\/noticias\/wp-content\/uploads\/2021\/09\/download.jpeg\",\"width\":289,\"height\":175},{\"@type\":\"BreadcrumbList\",\"@id\":\"https:\/\/radiolifefm.com.br\/noticias\/prefeitura-de-adamantina-divulga-selecionados-para-o-programa-bolsa-trabalho\/#breadcrumb\",\"itemListElement\":[{\"@type\":\"ListItem\",\"position\":1,\"name\":\"In\u00edcio\",\"item\":\"https:\/\/radiolifefm.com.br\/noticias\/\"},{\"@type\":\"ListItem\",\"position\":2,\"name\":\"Prefeitura de Adamantina divulga selecionados para o Programa Bolsa Trabalho\"}]},{\"@type\":\"WebSite\",\"@id\":\"https:\/\/radiolifefm.com.br\/noticias\/#website\",\"url\":\"https:\/\/radiolifefm.com.br\/noticias\/\",\"name\":\"R\u00e1dio Life FM\",\"description\":\"O Portal de Not\u00edcias de Adamantina\",\"publisher\":{\"@id\":\"https:\/\/radiolifefm.com.br\/noticias\/#organization\"},\"alternateName\":\"Life FM\",\"potentialAction\":[{\"@type\":\"SearchAction\",\"target\":{\"@type\":\"EntryPoint\",\"urlTemplate\":\"https:\/\/radiolifefm.com.br\/noticias\/?s={search_term_string}\"},\"query-input\":{\"@type\":\"PropertyValueSpecification\",\"valueRequired\":true,\"valueName\":\"search_term_string\"}}],\"inLanguage\":\"pt-BR\"},{\"@type\":\"Organization\",\"@id\":\"https:\/\/radiolifefm.com.br\/noticias\/#organization\",\"name\":\"R\u00e1dio Life FM\",\"alternateName\":\"Life FM\",\"url\":\"https:\/\/radiolifefm.com.br\/noticias\/\",\"logo\":{\"@type\":\"ImageObject\",\"inLanguage\":\"pt-BR\",\"@id\":\"https:\/\/radiolifefm.com.br\/noticias\/#\/schema\/logo\/image\/\",\"url\":\"https:\/\/static.radiolifefm.com.br\/noticias\/wp-content\/uploads\/2019\/10\/logo-lifefm.png\",\"contentUrl\":\"https:\/\/static.radiolifefm.com.br\/noticias\/wp-content\/uploads\/2019\/10\/logo-lifefm.png\",\"width\":196,\"height\":47,\"caption\":\"R\u00e1dio Life FM\"},\"image\":{\"@id\":\"https:\/\/radiolifefm.com.br\/noticias\/#\/schema\/logo\/image\/\"},\"sameAs\":[\"https:\/\/www.facebook.com\/radiolifefm\/\",\"https:\/\/www.instagram.com\/life1079fm\/\"]},{\"@type\":\"Person\",\"@id\":\"https:\/\/radiolifefm.com.br\/noticias\/#\/schema\/person\/6339b9fac59d12b071dec680d7375d87\",\"name\":\"ritanery\",\"image\":{\"@type\":\"ImageObject\",\"inLanguage\":\"pt-BR\",\"@id\":\"https:\/\/secure.gravatar.com\/avatar\/0e37bb19071f47c0b8a23f62a903df117c5a0e75f65a0c2901562f97cd41cf86?s=96&d=mm&r=g\",\"url\":\"https:\/\/secure.gravatar.com\/avatar\/0e37bb19071f47c0b8a23f62a903df117c5a0e75f65a0c2901562f97cd41cf86?s=96&d=mm&r=g\",\"contentUrl\":\"https:\/\/secure.gravatar.com\/avatar\/0e37bb19071f47c0b8a23f62a903df117c5a0e75f65a0c2901562f97cd41cf86?s=96&d=mm&r=g\",\"caption\":\"ritanery\"}}]}<\/script>\n<!-- \/ Yoast SEO plugin. -->","yoast_head_json":{"title":"Prefeitura de Adamantina divulga selecionados para o Programa Bolsa Trabalho - R\u00e1dio Life FM","robots":{"index":"index","follow":"follow","max-snippet":"max-snippet:-1","max-image-preview":"max-image-preview:large","max-video-preview":"max-video-preview:-1"},"canonical":"https:\/\/radiolifefm.com.br\/noticias\/prefeitura-de-adamantina-divulga-selecionados-para-o-programa-bolsa-trabalho\/","og_locale":"pt_BR","og_type":"article","og_title":"Prefeitura de Adamantina divulga selecionados para o Programa Bolsa Trabalho - R\u00e1dio Life FM","og_description":"Vencido o per\u00edodo de inscri\u00e7\u00f5es, a Prefeitura de Adamantina, por meio da Secretaria de Administra\u00e7\u00e3o, informa que foram selecionadas pelo Governo do Estado de S\u00e3o Paulo, 40 pessoas, por meio do Programa Bolsa Trabalho, que \u00e9 uma iniciativa que consiste na destina\u00e7\u00e3o de bolsas para a popula\u00e7\u00e3o desempregada. &nbsp; Amanh\u00e3 (17), a partir das 14h, [&hellip;]","og_url":"https:\/\/radiolifefm.com.br\/noticias\/prefeitura-de-adamantina-divulga-selecionados-para-o-programa-bolsa-trabalho\/","og_site_name":"R\u00e1dio Life FM","article_publisher":"https:\/\/www.facebook.com\/radiolifefm\/","article_published_time":"2021-09-17T00:40:45+00:00","article_modified_time":"2025-11-27T23:46:11+00:00","og_image":[{"width":289,"height":175,"url":"https:\/\/radiolifefm.com.br\/noticias\/wp-content\/uploads\/2021\/09\/download.jpeg","type":"image\/jpeg"}],"author":"ritanery","twitter_card":"summary_large_image","twitter_misc":{"Escrito por":"ritanery","Est. tempo de leitura":"1 minuto"},"schema":{"@context":"https:\/\/schema.org","@graph":[{"@type":"Article","@id":"https:\/\/radiolifefm.com.br\/noticias\/prefeitura-de-adamantina-divulga-selecionados-para-o-programa-bolsa-trabalho\/#article","isPartOf":{"@id":"https:\/\/radiolifefm.com.br\/noticias\/prefeitura-de-adamantina-divulga-selecionados-para-o-programa-bolsa-trabalho\/"},"author":{"name":"ritanery","@id":"https:\/\/radiolifefm.com.br\/noticias\/#\/schema\/person\/6339b9fac59d12b071dec680d7375d87"},"headline":"Prefeitura de Adamantina divulga selecionados para o Programa Bolsa Trabalho","datePublished":"2021-09-17T00:40:45+00:00","dateModified":"2025-11-27T23:46:11+00:00","mainEntityOfPage":{"@id":"https:\/\/radiolifefm.com.br\/noticias\/prefeitura-de-adamantina-divulga-selecionados-para-o-programa-bolsa-trabalho\/"},"wordCount":196,"publisher":{"@id":"https:\/\/radiolifefm.com.br\/noticias\/#organization"},"image":{"@id":"https:\/\/radiolifefm.com.br\/noticias\/prefeitura-de-adamantina-divulga-selecionados-para-o-programa-bolsa-trabalho\/#primaryimage"},"thumbnailUrl":"https:\/\/radiolifefm.com.br\/noticias\/wp-content\/uploads\/2021\/09\/download.jpeg","articleSection":["Adamantina"],"inLanguage":"pt-BR"},{"@type":"WebPage","@id":"https:\/\/radiolifefm.com.br\/noticias\/prefeitura-de-adamantina-divulga-selecionados-para-o-programa-bolsa-trabalho\/","url":"https:\/\/radiolifefm.com.br\/noticias\/prefeitura-de-adamantina-divulga-selecionados-para-o-programa-bolsa-trabalho\/","name":"Prefeitura de Adamantina divulga selecionados para o Programa Bolsa Trabalho - R\u00e1dio Life FM","isPartOf":{"@id":"https:\/\/radiolifefm.com.br\/noticias\/#website"},"primaryImageOfPage":{"@id":"https:\/\/radiolifefm.com.br\/noticias\/prefeitura-de-adamantina-divulga-selecionados-para-o-programa-bolsa-trabalho\/#primaryimage"},"image":{"@id":"https:\/\/radiolifefm.com.br\/noticias\/prefeitura-de-adamantina-divulga-selecionados-para-o-programa-bolsa-trabalho\/#primaryimage"},"thumbnailUrl":"https:\/\/radiolifefm.com.br\/noticias\/wp-content\/uploads\/2021\/09\/download.jpeg","datePublished":"2021-09-17T00:40:45+00:00","dateModified":"2025-11-27T23:46:11+00:00","breadcrumb":{"@id":"https:\/\/radiolifefm.com.br\/noticias\/prefeitura-de-adamantina-divulga-selecionados-para-o-programa-bolsa-trabalho\/#breadcrumb"},"inLanguage":"pt-BR","potentialAction":[{"@type":"ReadAction","target":["https:\/\/radiolifefm.com.br\/noticias\/prefeitura-de-adamantina-divulga-selecionados-para-o-programa-bolsa-trabalho\/"]}]},{"@type":"ImageObject","inLanguage":"pt-BR","@id":"https:\/\/radiolifefm.com.br\/noticias\/prefeitura-de-adamantina-divulga-selecionados-para-o-programa-bolsa-trabalho\/#primaryimage","url":"https:\/\/radiolifefm.com.br\/noticias\/wp-content\/uploads\/2021\/09\/download.jpeg","contentUrl":"https:\/\/radiolifefm.com.br\/noticias\/wp-content\/uploads\/2021\/09\/download.jpeg","width":289,"height":175},{"@type":"BreadcrumbList","@id":"https:\/\/radiolifefm.com.br\/noticias\/prefeitura-de-adamantina-divulga-selecionados-para-o-programa-bolsa-trabalho\/#breadcrumb","itemListElement":[{"@type":"ListItem","position":1,"name":"In\u00edcio","item":"https:\/\/radiolifefm.com.br\/noticias\/"},{"@type":"ListItem","position":2,"name":"Prefeitura de Adamantina divulga selecionados para o Programa Bolsa Trabalho"}]},{"@type":"WebSite","@id":"https:\/\/radiolifefm.com.br\/noticias\/#website","url":"https:\/\/radiolifefm.com.br\/noticias\/","name":"R\u00e1dio Life FM","description":"O Portal de Not\u00edcias de Adamantina","publisher":{"@id":"https:\/\/radiolifefm.com.br\/noticias\/#organization"},"alternateName":"Life FM","potentialAction":[{"@type":"SearchAction","target":{"@type":"EntryPoint","urlTemplate":"https:\/\/radiolifefm.com.br\/noticias\/?s={search_term_string}"},"query-input":{"@type":"PropertyValueSpecification","valueRequired":true,"valueName":"search_term_string"}}],"inLanguage":"pt-BR"},{"@type":"Organization","@id":"https:\/\/radiolifefm.com.br\/noticias\/#organization","name":"R\u00e1dio Life FM","alternateName":"Life FM","url":"https:\/\/radiolifefm.com.br\/noticias\/","logo":{"@type":"ImageObject","inLanguage":"pt-BR","@id":"https:\/\/radiolifefm.com.br\/noticias\/#\/schema\/logo\/image\/","url":"https:\/\/static.radiolifefm.com.br\/noticias\/wp-content\/uploads\/2019\/10\/logo-lifefm.png","contentUrl":"https:\/\/static.radiolifefm.com.br\/noticias\/wp-content\/uploads\/2019\/10\/logo-lifefm.png","width":196,"height":47,"caption":"R\u00e1dio Life FM"},"image":{"@id":"https:\/\/radiolifefm.com.br\/noticias\/#\/schema\/logo\/image\/"},"sameAs":["https:\/\/www.facebook.com\/radiolifefm\/","https:\/\/www.instagram.com\/life1079fm\/"]},{"@type":"Person","@id":"https:\/\/radiolifefm.com.br\/noticias\/#\/schema\/person\/6339b9fac59d12b071dec680d7375d87","name":"ritanery","image":{"@type":"ImageObject","inLanguage":"pt-BR","@id":"https:\/\/secure.gravatar.com\/avatar\/0e37bb19071f47c0b8a23f62a903df117c5a0e75f65a0c2901562f97cd41cf86?s=96&d=mm&r=g","url":"https:\/\/secure.gravatar.com\/avatar\/0e37bb19071f47c0b8a23f62a903df117c5a0e75f65a0c2901562f97cd41cf86?s=96&d=mm&r=g","contentUrl":"https:\/\/secure.gravatar.com\/avatar\/0e37bb19071f47c0b8a23f62a903df117c5a0e75f65a0c2901562f97cd41cf86?s=96&d=mm&r=g","caption":"ritanery"}}]}},"amp_enabled":true,"_links":{"self":[{"href":"https:\/\/radiolifefm.com.br\/noticias\/wp-json\/wp\/v2\/posts\/42838","targetHints":{"allow":["GET"]}}],"collection":[{"href":"https:\/\/radiolifefm.com.br\/noticias\/wp-json\/wp\/v2\/posts"}],"about":[{"href":"https:\/\/radiolifefm.com.br\/noticias\/wp-json\/wp\/v2\/types\/post"}],"author":[{"embeddable":true,"href":"https:\/\/radiolifefm.com.br\/noticias\/wp-json\/wp\/v2\/users\/13"}],"replies":[{"embeddable":true,"href":"https:\/\/radiolifefm.com.br\/noticias\/wp-json\/wp\/v2\/comments?post=42838"}],"version-history":[{"count":2,"href":"https:\/\/radiolifefm.com.br\/noticias\/wp-json\/wp\/v2\/posts\/42838\/revisions"}],"predecessor-version":[{"id":42841,"href":"https:\/\/radiolifefm.com.br\/noticias\/wp-json\/wp\/v2\/posts\/42838\/revisions\/42841"}],"wp:featuredmedia":[{"embeddable":true,"href":"https:\/\/radiolifefm.com.br\/noticias\/wp-json\/wp\/v2\/media\/42839"}],"wp:attachment":[{"href":"https:\/\/radiolifefm.com.br\/noticias\/wp-json\/wp\/v2\/media?parent=42838"}],"wp:term":[{"taxonomy":"category","embeddable":true,"href":"https:\/\/radiolifefm.com.br\/noticias\/wp-json\/wp\/v2\/categories?post=42838"},{"taxonomy":"post_tag","embeddable":true,"href":"https:\/\/radiolifefm.com.br\/noticias\/wp-json\/wp\/v2\/tags?post=42838"}],"curies":[{"name":"wp","href":"https:\/\/api.w.org\/{rel}","templated":true}]}}