{"id":42825,"date":"2021-09-16T20:52:42","date_gmt":"2021-09-16T23:52:42","guid":{"rendered":"https:\/\/radiolifefm.com.br\/noticias\/?p=42825"},"modified":"2026-06-17T10:34:44","modified_gmt":"2026-06-17T13:34:44","slug":"na-justica-moradora-de-adamantina-e-autorizada-a-usar-fgts-para-fertilizacao-in-vitro","status":"publish","type":"post","link":"https:\/\/radiolifefm.com.br\/noticias\/na-justica-moradora-de-adamantina-e-autorizada-a-usar-fgts-para-fertilizacao-in-vitro\/","title":{"rendered":"Na Justi\u00e7a, moradora de Adamantina \u00e9 autorizada a usar FGTS para fertiliza\u00e7\u00e3o in vitro"},"content":{"rendered":"<div id=\"fb-root\"><\/div>\n<p>Uma moradora de Adamantina, de 32 anos, conseguiu junto ao Poder Judici\u00e1rio o direito de sacar parte do seu saldo do Fundo de Garantia por Tempo de Servi\u00e7o (FGTS), para custeio de tratamento de fertiliza\u00e7\u00e3o in vitro (t\u00e9cnica de reprodu\u00e7\u00e3o medicamente assistida).<\/p>\n<p>&nbsp;<\/p>\n<p>Sem a possibilidade de arcar com a totalidade dos custos do procedimento, e dispondo de saldo na conta do FGTS \u2013 por\u00e9m restrito \u00e0 regulamenta\u00e7\u00e3o que disciplina as possibilidades de saque \u2013 decidiu tentar na Justi\u00e7a a autoriza\u00e7\u00e3o para levantar o valor que precisava para as custas do tratamento.<\/p>\n<p><img loading=\"lazy\" decoding=\"async\" class=\"alignnone size-full wp-image-42827\" src=\"https:\/\/static.radiolifefm.com.br\/wp-content\/uploads\/sites\/2\/2021\/09\/whatsapp-image-20210916-at-174247jpg16318255656143ae9d4a374.jpg\" alt=\"\" width=\"1024\" height=\"768\" srcset=\"https:\/\/radiolifefm.com.br\/noticias\/wp-content\/uploads\/2021\/09\/whatsapp-image-20210916-at-174247jpg16318255656143ae9d4a374.jpg 1024w, https:\/\/radiolifefm.com.br\/noticias\/wp-content\/uploads\/2021\/09\/whatsapp-image-20210916-at-174247jpg16318255656143ae9d4a374-300x225.jpg 300w, https:\/\/radiolifefm.com.br\/noticias\/wp-content\/uploads\/2021\/09\/whatsapp-image-20210916-at-174247jpg16318255656143ae9d4a374-768x576.jpg 768w\" sizes=\"auto, (max-width: 1024px) 100vw, 1024px\" \/><\/p>\n<p>Segundo apurou o SIGA MAIS, o caso foi apresentado pelo advogado da mulher junto \u00e0 22\u00aa Subse\u00e7\u00e3o da Justi\u00e7a Federal em Tup\u00e3, que na \u00faltima segunda-feira (13), em medida liminar, decidiu favoravelmente \u00e0 moradora, determinando \u00e0 ag\u00eancia da Caixa Federal de Adamantina que deposite o valor requerido diretamente na conta dela. O processo tramita em segredo de justi\u00e7a.<\/p>\n<p>&nbsp;<\/p>\n<p><strong>Entenda<\/strong><\/p>\n<p>O artigo 20 da Lei Federal n\u00ba 8.036\/90, que disciplina o FGTS, prev\u00ea as hip\u00f3teses que autorizam o levantamento de saldo do referido fundo, dentre as quais n\u00e3o est\u00e1 prevista expressamente a fertiliza\u00e7\u00e3o in vitro.<\/p>\n<p>&nbsp;<\/p>\n<p>Por\u00e9m, a jurisprud\u00eancia do Tribunal Regional Federal da 3\u00aa Regi\u00e3o entende que o rol previsto no artigo 20 da Lei do FGTS n\u00e3o \u00e9 taxativo, e, diante de um direito individual latente, mesmo que a hip\u00f3tese n\u00e3o se amolde precisamente \u00e0s do art. 20 da\u00a0<a href=\"http:\/\/www.planalto.gov.br\/ccivil_03\/leis\/l8036consol.htm%20\"><strong>Lei 8.036\/90<\/strong><\/a>, a plena garantia dos direitos individuais como o direito \u00e0 vida, \u00e0 sa\u00fade e \u00e0 dignidade do ser humano garantias fundamentais asseguradas constitucionalmente, autorizam o levantamento do montante depositado.<\/p>\n<p>&nbsp;<\/p>\n<p>Assim, diante da peculiaridade do caso concreto, com fundamento na dignidade da pessoa humana, a Justi\u00e7a Federal em Tup\u00e3 autorizou o saque de valor parcial para custeio de tratamento de fertiliza\u00e7\u00e3o in vitro.<\/p>\n<p>&nbsp;<\/p>\n<p><strong>Saiba mais sobre o FGTS<\/strong><\/p>\n<p>O FGTS foi criado em 1966 com o objetivo de proteger o trabalhador demitido sem justa causa, mediante a abertura de uma conta vinculada ao contrato de trabalho.<\/p>\n<p>&nbsp;<\/p>\n<p>No in\u00edcio de cada m\u00eas, os empregadores depositam em contas abertas na Caixa, em nome dos empregados, o valor correspondente a 8% do sal\u00e1rio de cada funcion\u00e1rio.<\/p>\n<p>&nbsp;<\/p>\n<p>O FGTS \u00e9 constitu\u00eddo pelo total desses dep\u00f3sitos mensais e os valores pertencem aos empregados que, em algumas situa\u00e7\u00f5es, podem dispor do total depositado em seus nomes.<\/p>\n<p>&nbsp;<\/p>\n<p>As situa\u00e7\u00f5es previstas de saque do FGTS, listadas no site da Caixa Federal, s\u00e3o:<\/p>\n<ul>\n<li>Demiss\u00e3o sem justa causa, pelo empregador<\/li>\n<\/ul>\n<p>&nbsp;<\/p>\n<ul>\n<li>T\u00e9rmino do contrato por prazo determinado<\/li>\n<\/ul>\n<p>&nbsp;<\/p>\n<ul>\n<li>Rescis\u00e3o por fal\u00eancia, falecimento do empregador individual, empregador dom\u00e9stico ou nulidade do contrato<\/li>\n<\/ul>\n<p>&nbsp;<\/p>\n<ul>\n<li>Rescis\u00e3o do contrato por culpa rec\u00edproca ou for\u00e7a maior<\/li>\n<\/ul>\n<p>&nbsp;<\/p>\n<ul>\n<li>Aposentadoria<\/li>\n<\/ul>\n<p>&nbsp;<\/p>\n<ul>\n<li>Necessidade pessoal, urgente e grave, decorrente de desastre natural causado por chuvas ou inunda\u00e7\u00f5es que tenham atingido a \u00e1rea de resid\u00eancia do trabalhador, quando a situa\u00e7\u00e3o de emerg\u00eancia ou o estado de calamidade p\u00fablica for assim reconhecido, por meio de portaria do Governo Federal<\/li>\n<\/ul>\n<p>&nbsp;<\/p>\n<ul>\n<li>Suspens\u00e3o do Trabalho Avulso<\/li>\n<\/ul>\n<p>&nbsp;<\/p>\n<ul>\n<li>Falecimento do trabalhador<\/li>\n<\/ul>\n<p>&nbsp;<\/p>\n<ul>\n<li>Idade igual ou superior a 70 anos<\/li>\n<\/ul>\n<p>&nbsp;<\/p>\n<ul>\n<li>Portador de HIV &#8211; SIDA\/AIDS (trabalhador ou dependente)<\/li>\n<\/ul>\n<p>&nbsp;<\/p>\n<ul>\n<li>Neoplasia maligna (trabalhador ou dependente)<\/li>\n<\/ul>\n<p>&nbsp;<\/p>\n<ul>\n<li>Est\u00e1gio terminal em decorr\u00eancia de doen\u00e7a grave (trabalhador ou dependente)<\/li>\n<\/ul>\n<p>&nbsp;<\/p>\n<ul>\n<li>Perman\u00eancia do trabalhador titular da conta vinculada por tr\u00eas anos ininterruptos fora do regime do FGTS, com afastamento a partir de 14\/07\/1990<\/li>\n<\/ul>\n<p>&nbsp;<\/p>\n<ul>\n<li>Perman\u00eancia da conta vinculada por tr\u00eas anos ininterruptos sem cr\u00e9dito de dep\u00f3sitos, cujo afastamento do trabalhador tenha ocorrido at\u00e9 13\/07\/1990, inclusive<\/li>\n<\/ul>\n<p>&nbsp;<\/p>\n<ul>\n<li>Aquisi\u00e7\u00e3o de casa pr\u00f3pria, liquida\u00e7\u00e3o ou amortiza\u00e7\u00e3o de d\u00edvida ou pagamento de parte das presta\u00e7\u00f5es de financiamento habitacional<\/li>\n<\/ul>\n<p>&nbsp;<\/p>\n<p>Acesse\u00a0<a href=\"https:\/\/www.sigamais.com\/%20https:\/www.caixa.gov.br\/beneficios-trabalhador\/fgts\/condicoes-e-documentos-para-saque-do-FGTS\/Paginas\/default.aspx\"><strong>aqui\u00a0<\/strong><\/a>e veja o detalhamento para cada uma dessas situa\u00e7\u00f5es e confira os documentos necess\u00e1rios para o saque.<\/p>\n<p>&nbsp;<\/p>\n<p>Fonte: Siga Mais<\/p>\n","protected":false},"excerpt":{"rendered":"<p>Uma moradora de Adamantina, de 32 anos, conseguiu junto ao Poder Judici\u00e1rio o direito de sacar parte do seu saldo do Fundo de Garantia por Tempo de Servi\u00e7o (FGTS), para custeio de tratamento de fertiliza\u00e7\u00e3o in vitro (t\u00e9cnica de reprodu\u00e7\u00e3o medicamente assistida). &nbsp; Sem a possibilidade de arcar com a totalidade dos custos do procedimento, [&hellip;]<\/p>\n","protected":false},"author":13,"featured_media":42826,"comment_status":"closed","ping_status":"open","sticky":false,"template":"","format":"standard","meta":{"_acf_changed":false,"_exactmetrics_skip_tracking":false,"footnotes":""},"categories":[21],"tags":[],"class_list":["post-42825","post","type-post","status-publish","format-standard","has-post-thumbnail","hentry","category-adamantina"],"acf":[],"yoast_head":"<!-- This site is optimized with the Yoast SEO plugin v28.2 - https:\/\/yoast.com\/product\/yoast-seo-wordpress\/ -->\n<title>Na Justi\u00e7a, moradora de Adamantina \u00e9 autorizada a usar FGTS para fertiliza\u00e7\u00e3o in vitro - R\u00e1dio Life FM<\/title>\n<meta name=\"robots\" content=\"index, follow, max-snippet:-1, max-image-preview:large, max-video-preview:-1\" \/>\n<link rel=\"canonical\" href=\"https:\/\/radiolifefm.com.br\/noticias\/na-justica-moradora-de-adamantina-e-autorizada-a-usar-fgts-para-fertilizacao-in-vitro\/\" \/>\n<meta property=\"og:locale\" content=\"pt_BR\" \/>\n<meta property=\"og:type\" content=\"article\" \/>\n<meta property=\"og:title\" content=\"Na Justi\u00e7a, moradora de Adamantina \u00e9 autorizada a usar FGTS para fertiliza\u00e7\u00e3o in vitro - R\u00e1dio Life FM\" \/>\n<meta property=\"og:description\" content=\"Uma moradora de Adamantina, de 32 anos, conseguiu junto ao Poder Judici\u00e1rio o direito de sacar parte do seu saldo do Fundo de Garantia por Tempo de Servi\u00e7o (FGTS), para custeio de tratamento de fertiliza\u00e7\u00e3o in vitro (t\u00e9cnica de reprodu\u00e7\u00e3o medicamente assistida). &nbsp; Sem a possibilidade de arcar com a totalidade dos custos do procedimento, [&hellip;]\" \/>\n<meta property=\"og:url\" content=\"https:\/\/radiolifefm.com.br\/noticias\/na-justica-moradora-de-adamantina-e-autorizada-a-usar-fgts-para-fertilizacao-in-vitro\/\" \/>\n<meta property=\"og:site_name\" content=\"R\u00e1dio Life FM\" \/>\n<meta property=\"article:publisher\" content=\"https:\/\/www.facebook.com\/radiolifefm\/\" \/>\n<meta property=\"article:published_time\" content=\"2021-09-16T23:52:42+00:00\" \/>\n<meta property=\"article:modified_time\" content=\"2026-06-17T13:34:44+00:00\" \/>\n<meta property=\"og:image\" content=\"https:\/\/radiolifefm.com.br\/noticias\/wp-content\/uploads\/2021\/09\/img7616jpg16318234496143a6594bd67.jpeg\" \/>\n\t<meta property=\"og:image:width\" content=\"600\" \/>\n\t<meta property=\"og:image:height\" content=\"337\" \/>\n\t<meta property=\"og:image:type\" content=\"image\/jpeg\" \/>\n<meta name=\"author\" content=\"ritanery\" \/>\n<meta name=\"twitter:card\" content=\"summary_large_image\" \/>\n<meta name=\"twitter:label1\" content=\"Escrito por\" \/>\n\t<meta name=\"twitter:data1\" content=\"ritanery\" \/>\n\t<meta name=\"twitter:label2\" content=\"Est. tempo de leitura\" \/>\n\t<meta name=\"twitter:data2\" content=\"3 minutos\" \/>\n<script type=\"application\/ld+json\" class=\"yoast-schema-graph\">{\"@context\":\"https:\\\/\\\/schema.org\",\"@graph\":[{\"@type\":\"Article\",\"@id\":\"https:\\\/\\\/radiolifefm.com.br\\\/noticias\\\/na-justica-moradora-de-adamantina-e-autorizada-a-usar-fgts-para-fertilizacao-in-vitro\\\/#article\",\"isPartOf\":{\"@id\":\"https:\\\/\\\/radiolifefm.com.br\\\/noticias\\\/na-justica-moradora-de-adamantina-e-autorizada-a-usar-fgts-para-fertilizacao-in-vitro\\\/\"},\"author\":{\"name\":\"ritanery\",\"@id\":\"https:\\\/\\\/radiolifefm.com.br\\\/noticias\\\/#\\\/schema\\\/person\\\/6339b9fac59d12b071dec680d7375d87\"},\"headline\":\"Na Justi\u00e7a, moradora de Adamantina \u00e9 autorizada a usar FGTS para fertiliza\u00e7\u00e3o in vitro\",\"datePublished\":\"2021-09-16T23:52:42+00:00\",\"dateModified\":\"2026-06-17T13:34:44+00:00\",\"mainEntityOfPage\":{\"@id\":\"https:\\\/\\\/radiolifefm.com.br\\\/noticias\\\/na-justica-moradora-de-adamantina-e-autorizada-a-usar-fgts-para-fertilizacao-in-vitro\\\/\"},\"wordCount\":674,\"publisher\":{\"@id\":\"https:\\\/\\\/radiolifefm.com.br\\\/noticias\\\/#organization\"},\"image\":{\"@id\":\"https:\\\/\\\/radiolifefm.com.br\\\/noticias\\\/na-justica-moradora-de-adamantina-e-autorizada-a-usar-fgts-para-fertilizacao-in-vitro\\\/#primaryimage\"},\"thumbnailUrl\":\"https:\\\/\\\/radiolifefm.com.br\\\/noticias\\\/wp-content\\\/uploads\\\/2021\\\/09\\\/img7616jpg16318234496143a6594bd67.jpeg\",\"articleSection\":[\"Adamantina\"],\"inLanguage\":\"pt-BR\"},{\"@type\":\"WebPage\",\"@id\":\"https:\\\/\\\/radiolifefm.com.br\\\/noticias\\\/na-justica-moradora-de-adamantina-e-autorizada-a-usar-fgts-para-fertilizacao-in-vitro\\\/\",\"url\":\"https:\\\/\\\/radiolifefm.com.br\\\/noticias\\\/na-justica-moradora-de-adamantina-e-autorizada-a-usar-fgts-para-fertilizacao-in-vitro\\\/\",\"name\":\"Na Justi\u00e7a, moradora de Adamantina \u00e9 autorizada a usar FGTS para fertiliza\u00e7\u00e3o in vitro - R\u00e1dio Life FM\",\"isPartOf\":{\"@id\":\"https:\\\/\\\/radiolifefm.com.br\\\/noticias\\\/#website\"},\"primaryImageOfPage\":{\"@id\":\"https:\\\/\\\/radiolifefm.com.br\\\/noticias\\\/na-justica-moradora-de-adamantina-e-autorizada-a-usar-fgts-para-fertilizacao-in-vitro\\\/#primaryimage\"},\"image\":{\"@id\":\"https:\\\/\\\/radiolifefm.com.br\\\/noticias\\\/na-justica-moradora-de-adamantina-e-autorizada-a-usar-fgts-para-fertilizacao-in-vitro\\\/#primaryimage\"},\"thumbnailUrl\":\"https:\\\/\\\/radiolifefm.com.br\\\/noticias\\\/wp-content\\\/uploads\\\/2021\\\/09\\\/img7616jpg16318234496143a6594bd67.jpeg\",\"datePublished\":\"2021-09-16T23:52:42+00:00\",\"dateModified\":\"2026-06-17T13:34:44+00:00\",\"breadcrumb\":{\"@id\":\"https:\\\/\\\/radiolifefm.com.br\\\/noticias\\\/na-justica-moradora-de-adamantina-e-autorizada-a-usar-fgts-para-fertilizacao-in-vitro\\\/#breadcrumb\"},\"inLanguage\":\"pt-BR\",\"potentialAction\":[{\"@type\":\"ReadAction\",\"target\":[\"https:\\\/\\\/radiolifefm.com.br\\\/noticias\\\/na-justica-moradora-de-adamantina-e-autorizada-a-usar-fgts-para-fertilizacao-in-vitro\\\/\"]}]},{\"@type\":\"ImageObject\",\"inLanguage\":\"pt-BR\",\"@id\":\"https:\\\/\\\/radiolifefm.com.br\\\/noticias\\\/na-justica-moradora-de-adamantina-e-autorizada-a-usar-fgts-para-fertilizacao-in-vitro\\\/#primaryimage\",\"url\":\"https:\\\/\\\/radiolifefm.com.br\\\/noticias\\\/wp-content\\\/uploads\\\/2021\\\/09\\\/img7616jpg16318234496143a6594bd67.jpeg\",\"contentUrl\":\"https:\\\/\\\/radiolifefm.com.br\\\/noticias\\\/wp-content\\\/uploads\\\/2021\\\/09\\\/img7616jpg16318234496143a6594bd67.jpeg\",\"width\":600,\"height\":337,\"caption\":\"Decis\u00e3o \u00e9 da Justi\u00e7a Federal de Tup\u00e3, com fundamento na dignidade da pessoa humana.\"},{\"@type\":\"BreadcrumbList\",\"@id\":\"https:\\\/\\\/radiolifefm.com.br\\\/noticias\\\/na-justica-moradora-de-adamantina-e-autorizada-a-usar-fgts-para-fertilizacao-in-vitro\\\/#breadcrumb\",\"itemListElement\":[{\"@type\":\"ListItem\",\"position\":1,\"name\":\"In\u00edcio\",\"item\":\"https:\\\/\\\/radiolifefm.com.br\\\/noticias\\\/\"},{\"@type\":\"ListItem\",\"position\":2,\"name\":\"Na Justi\u00e7a, moradora de Adamantina \u00e9 autorizada a usar FGTS para fertiliza\u00e7\u00e3o in vitro\"}]},{\"@type\":\"WebSite\",\"@id\":\"https:\\\/\\\/radiolifefm.com.br\\\/noticias\\\/#website\",\"url\":\"https:\\\/\\\/radiolifefm.com.br\\\/noticias\\\/\",\"name\":\"R\u00e1dio Life FM\",\"description\":\"O Portal de Not\u00edcias de Adamantina\",\"publisher\":{\"@id\":\"https:\\\/\\\/radiolifefm.com.br\\\/noticias\\\/#organization\"},\"alternateName\":\"Life FM\",\"potentialAction\":[{\"@type\":\"SearchAction\",\"target\":{\"@type\":\"EntryPoint\",\"urlTemplate\":\"https:\\\/\\\/radiolifefm.com.br\\\/noticias\\\/?s={search_term_string}\"},\"query-input\":{\"@type\":\"PropertyValueSpecification\",\"valueRequired\":true,\"valueName\":\"search_term_string\"}}],\"inLanguage\":\"pt-BR\"},{\"@type\":\"Organization\",\"@id\":\"https:\\\/\\\/radiolifefm.com.br\\\/noticias\\\/#organization\",\"name\":\"R\u00e1dio Life FM\",\"alternateName\":\"Life FM\",\"url\":\"https:\\\/\\\/radiolifefm.com.br\\\/noticias\\\/\",\"logo\":{\"@type\":\"ImageObject\",\"inLanguage\":\"pt-BR\",\"@id\":\"https:\\\/\\\/radiolifefm.com.br\\\/noticias\\\/#\\\/schema\\\/logo\\\/image\\\/\",\"url\":\"https:\\\/\\\/static.radiolifefm.com.br\\\/noticias\\\/wp-content\\\/uploads\\\/2019\\\/10\\\/logo-lifefm.png\",\"contentUrl\":\"https:\\\/\\\/static.radiolifefm.com.br\\\/noticias\\\/wp-content\\\/uploads\\\/2019\\\/10\\\/logo-lifefm.png\",\"width\":196,\"height\":47,\"caption\":\"R\u00e1dio Life FM\"},\"image\":{\"@id\":\"https:\\\/\\\/radiolifefm.com.br\\\/noticias\\\/#\\\/schema\\\/logo\\\/image\\\/\"},\"sameAs\":[\"https:\\\/\\\/www.facebook.com\\\/radiolifefm\\\/\",\"https:\\\/\\\/www.instagram.com\\\/life1079fm\\\/\"]},{\"@type\":\"Person\",\"@id\":\"https:\\\/\\\/radiolifefm.com.br\\\/noticias\\\/#\\\/schema\\\/person\\\/6339b9fac59d12b071dec680d7375d87\",\"name\":\"ritanery\",\"image\":{\"@type\":\"ImageObject\",\"inLanguage\":\"pt-BR\",\"@id\":\"https:\\\/\\\/secure.gravatar.com\\\/avatar\\\/0e37bb19071f47c0b8a23f62a903df117c5a0e75f65a0c2901562f97cd41cf86?s=96&d=mm&r=g\",\"url\":\"https:\\\/\\\/secure.gravatar.com\\\/avatar\\\/0e37bb19071f47c0b8a23f62a903df117c5a0e75f65a0c2901562f97cd41cf86?s=96&d=mm&r=g\",\"contentUrl\":\"https:\\\/\\\/secure.gravatar.com\\\/avatar\\\/0e37bb19071f47c0b8a23f62a903df117c5a0e75f65a0c2901562f97cd41cf86?s=96&d=mm&r=g\",\"caption\":\"ritanery\"}}]}<\/script>\n<!-- \/ Yoast SEO plugin. -->","yoast_head_json":{"title":"Na Justi\u00e7a, moradora de Adamantina \u00e9 autorizada a usar FGTS para fertiliza\u00e7\u00e3o in vitro - R\u00e1dio Life FM","robots":{"index":"index","follow":"follow","max-snippet":"max-snippet:-1","max-image-preview":"max-image-preview:large","max-video-preview":"max-video-preview:-1"},"canonical":"https:\/\/radiolifefm.com.br\/noticias\/na-justica-moradora-de-adamantina-e-autorizada-a-usar-fgts-para-fertilizacao-in-vitro\/","og_locale":"pt_BR","og_type":"article","og_title":"Na Justi\u00e7a, moradora de Adamantina \u00e9 autorizada a usar FGTS para fertiliza\u00e7\u00e3o in vitro - R\u00e1dio Life FM","og_description":"Uma moradora de Adamantina, de 32 anos, conseguiu junto ao Poder Judici\u00e1rio o direito de sacar parte do seu saldo do Fundo de Garantia por Tempo de Servi\u00e7o (FGTS), para custeio de tratamento de fertiliza\u00e7\u00e3o in vitro (t\u00e9cnica de reprodu\u00e7\u00e3o medicamente assistida). &nbsp; Sem a possibilidade de arcar com a totalidade dos custos do procedimento, [&hellip;]","og_url":"https:\/\/radiolifefm.com.br\/noticias\/na-justica-moradora-de-adamantina-e-autorizada-a-usar-fgts-para-fertilizacao-in-vitro\/","og_site_name":"R\u00e1dio Life FM","article_publisher":"https:\/\/www.facebook.com\/radiolifefm\/","article_published_time":"2021-09-16T23:52:42+00:00","article_modified_time":"2026-06-17T13:34:44+00:00","og_image":[{"width":600,"height":337,"url":"https:\/\/radiolifefm.com.br\/noticias\/wp-content\/uploads\/2021\/09\/img7616jpg16318234496143a6594bd67.jpeg","type":"image\/jpeg"}],"author":"ritanery","twitter_card":"summary_large_image","twitter_misc":{"Escrito por":"ritanery","Est. tempo de leitura":"3 minutos"},"schema":{"@context":"https:\/\/schema.org","@graph":[{"@type":"Article","@id":"https:\/\/radiolifefm.com.br\/noticias\/na-justica-moradora-de-adamantina-e-autorizada-a-usar-fgts-para-fertilizacao-in-vitro\/#article","isPartOf":{"@id":"https:\/\/radiolifefm.com.br\/noticias\/na-justica-moradora-de-adamantina-e-autorizada-a-usar-fgts-para-fertilizacao-in-vitro\/"},"author":{"name":"ritanery","@id":"https:\/\/radiolifefm.com.br\/noticias\/#\/schema\/person\/6339b9fac59d12b071dec680d7375d87"},"headline":"Na Justi\u00e7a, moradora de Adamantina \u00e9 autorizada a usar FGTS para fertiliza\u00e7\u00e3o in vitro","datePublished":"2021-09-16T23:52:42+00:00","dateModified":"2026-06-17T13:34:44+00:00","mainEntityOfPage":{"@id":"https:\/\/radiolifefm.com.br\/noticias\/na-justica-moradora-de-adamantina-e-autorizada-a-usar-fgts-para-fertilizacao-in-vitro\/"},"wordCount":674,"publisher":{"@id":"https:\/\/radiolifefm.com.br\/noticias\/#organization"},"image":{"@id":"https:\/\/radiolifefm.com.br\/noticias\/na-justica-moradora-de-adamantina-e-autorizada-a-usar-fgts-para-fertilizacao-in-vitro\/#primaryimage"},"thumbnailUrl":"https:\/\/radiolifefm.com.br\/noticias\/wp-content\/uploads\/2021\/09\/img7616jpg16318234496143a6594bd67.jpeg","articleSection":["Adamantina"],"inLanguage":"pt-BR"},{"@type":"WebPage","@id":"https:\/\/radiolifefm.com.br\/noticias\/na-justica-moradora-de-adamantina-e-autorizada-a-usar-fgts-para-fertilizacao-in-vitro\/","url":"https:\/\/radiolifefm.com.br\/noticias\/na-justica-moradora-de-adamantina-e-autorizada-a-usar-fgts-para-fertilizacao-in-vitro\/","name":"Na Justi\u00e7a, moradora de Adamantina \u00e9 autorizada a usar FGTS para fertiliza\u00e7\u00e3o in vitro - R\u00e1dio Life FM","isPartOf":{"@id":"https:\/\/radiolifefm.com.br\/noticias\/#website"},"primaryImageOfPage":{"@id":"https:\/\/radiolifefm.com.br\/noticias\/na-justica-moradora-de-adamantina-e-autorizada-a-usar-fgts-para-fertilizacao-in-vitro\/#primaryimage"},"image":{"@id":"https:\/\/radiolifefm.com.br\/noticias\/na-justica-moradora-de-adamantina-e-autorizada-a-usar-fgts-para-fertilizacao-in-vitro\/#primaryimage"},"thumbnailUrl":"https:\/\/radiolifefm.com.br\/noticias\/wp-content\/uploads\/2021\/09\/img7616jpg16318234496143a6594bd67.jpeg","datePublished":"2021-09-16T23:52:42+00:00","dateModified":"2026-06-17T13:34:44+00:00","breadcrumb":{"@id":"https:\/\/radiolifefm.com.br\/noticias\/na-justica-moradora-de-adamantina-e-autorizada-a-usar-fgts-para-fertilizacao-in-vitro\/#breadcrumb"},"inLanguage":"pt-BR","potentialAction":[{"@type":"ReadAction","target":["https:\/\/radiolifefm.com.br\/noticias\/na-justica-moradora-de-adamantina-e-autorizada-a-usar-fgts-para-fertilizacao-in-vitro\/"]}]},{"@type":"ImageObject","inLanguage":"pt-BR","@id":"https:\/\/radiolifefm.com.br\/noticias\/na-justica-moradora-de-adamantina-e-autorizada-a-usar-fgts-para-fertilizacao-in-vitro\/#primaryimage","url":"https:\/\/radiolifefm.com.br\/noticias\/wp-content\/uploads\/2021\/09\/img7616jpg16318234496143a6594bd67.jpeg","contentUrl":"https:\/\/radiolifefm.com.br\/noticias\/wp-content\/uploads\/2021\/09\/img7616jpg16318234496143a6594bd67.jpeg","width":600,"height":337,"caption":"Decis\u00e3o \u00e9 da Justi\u00e7a Federal de Tup\u00e3, com fundamento na dignidade da pessoa humana."},{"@type":"BreadcrumbList","@id":"https:\/\/radiolifefm.com.br\/noticias\/na-justica-moradora-de-adamantina-e-autorizada-a-usar-fgts-para-fertilizacao-in-vitro\/#breadcrumb","itemListElement":[{"@type":"ListItem","position":1,"name":"In\u00edcio","item":"https:\/\/radiolifefm.com.br\/noticias\/"},{"@type":"ListItem","position":2,"name":"Na Justi\u00e7a, moradora de Adamantina \u00e9 autorizada a usar FGTS para fertiliza\u00e7\u00e3o in vitro"}]},{"@type":"WebSite","@id":"https:\/\/radiolifefm.com.br\/noticias\/#website","url":"https:\/\/radiolifefm.com.br\/noticias\/","name":"R\u00e1dio Life FM","description":"O Portal de Not\u00edcias de Adamantina","publisher":{"@id":"https:\/\/radiolifefm.com.br\/noticias\/#organization"},"alternateName":"Life FM","potentialAction":[{"@type":"SearchAction","target":{"@type":"EntryPoint","urlTemplate":"https:\/\/radiolifefm.com.br\/noticias\/?s={search_term_string}"},"query-input":{"@type":"PropertyValueSpecification","valueRequired":true,"valueName":"search_term_string"}}],"inLanguage":"pt-BR"},{"@type":"Organization","@id":"https:\/\/radiolifefm.com.br\/noticias\/#organization","name":"R\u00e1dio Life FM","alternateName":"Life FM","url":"https:\/\/radiolifefm.com.br\/noticias\/","logo":{"@type":"ImageObject","inLanguage":"pt-BR","@id":"https:\/\/radiolifefm.com.br\/noticias\/#\/schema\/logo\/image\/","url":"https:\/\/static.radiolifefm.com.br\/noticias\/wp-content\/uploads\/2019\/10\/logo-lifefm.png","contentUrl":"https:\/\/static.radiolifefm.com.br\/noticias\/wp-content\/uploads\/2019\/10\/logo-lifefm.png","width":196,"height":47,"caption":"R\u00e1dio Life FM"},"image":{"@id":"https:\/\/radiolifefm.com.br\/noticias\/#\/schema\/logo\/image\/"},"sameAs":["https:\/\/www.facebook.com\/radiolifefm\/","https:\/\/www.instagram.com\/life1079fm\/"]},{"@type":"Person","@id":"https:\/\/radiolifefm.com.br\/noticias\/#\/schema\/person\/6339b9fac59d12b071dec680d7375d87","name":"ritanery","image":{"@type":"ImageObject","inLanguage":"pt-BR","@id":"https:\/\/secure.gravatar.com\/avatar\/0e37bb19071f47c0b8a23f62a903df117c5a0e75f65a0c2901562f97cd41cf86?s=96&d=mm&r=g","url":"https:\/\/secure.gravatar.com\/avatar\/0e37bb19071f47c0b8a23f62a903df117c5a0e75f65a0c2901562f97cd41cf86?s=96&d=mm&r=g","contentUrl":"https:\/\/secure.gravatar.com\/avatar\/0e37bb19071f47c0b8a23f62a903df117c5a0e75f65a0c2901562f97cd41cf86?s=96&d=mm&r=g","caption":"ritanery"}}]}},"amp_enabled":true,"_links":{"self":[{"href":"https:\/\/radiolifefm.com.br\/noticias\/wp-json\/wp\/v2\/posts\/42825","targetHints":{"allow":["GET"]}}],"collection":[{"href":"https:\/\/radiolifefm.com.br\/noticias\/wp-json\/wp\/v2\/posts"}],"about":[{"href":"https:\/\/radiolifefm.com.br\/noticias\/wp-json\/wp\/v2\/types\/post"}],"author":[{"embeddable":true,"href":"https:\/\/radiolifefm.com.br\/noticias\/wp-json\/wp\/v2\/users\/13"}],"replies":[{"embeddable":true,"href":"https:\/\/radiolifefm.com.br\/noticias\/wp-json\/wp\/v2\/comments?post=42825"}],"version-history":[{"count":2,"href":"https:\/\/radiolifefm.com.br\/noticias\/wp-json\/wp\/v2\/posts\/42825\/revisions"}],"predecessor-version":[{"id":42829,"href":"https:\/\/radiolifefm.com.br\/noticias\/wp-json\/wp\/v2\/posts\/42825\/revisions\/42829"}],"wp:featuredmedia":[{"embeddable":true,"href":"https:\/\/radiolifefm.com.br\/noticias\/wp-json\/wp\/v2\/media\/42826"}],"wp:attachment":[{"href":"https:\/\/radiolifefm.com.br\/noticias\/wp-json\/wp\/v2\/media?parent=42825"}],"wp:term":[{"taxonomy":"category","embeddable":true,"href":"https:\/\/radiolifefm.com.br\/noticias\/wp-json\/wp\/v2\/categories?post=42825"},{"taxonomy":"post_tag","embeddable":true,"href":"https:\/\/radiolifefm.com.br\/noticias\/wp-json\/wp\/v2\/tags?post=42825"}],"curies":[{"name":"wp","href":"https:\/\/api.w.org\/{rel}","templated":true}]}}