{"id":42815,"date":"2021-09-15T22:39:57","date_gmt":"2021-09-16T01:39:57","guid":{"rendered":"https:\/\/radiolifefm.com.br\/noticias\/?p=42815"},"modified":"2026-04-08T21:35:54","modified_gmt":"2026-04-09T00:35:54","slug":"adamantina-assina-convenio-para-recuperacao-funcional-da-placido-rocha","status":"publish","type":"post","link":"https:\/\/radiolifefm.com.br\/noticias\/adamantina-assina-convenio-para-recuperacao-funcional-da-placido-rocha\/","title":{"rendered":"Adamantina assina conv\u00eanio para recupera\u00e7\u00e3o funcional da Pl\u00e1cido Rocha"},"content":{"rendered":"<div id=\"fb-root\"><\/div>\n<p>Na manh\u00e3 desta quarta-feira (15), o prefeito M\u00e1rcio Cardim assinou o conv\u00eanio com o Departamento de Estradas de Rodagem com o objetivo de executar a recupera\u00e7\u00e3o funcional da estrada municipal Pl\u00e1cido Rocha que liga Adamantina a Valpara\u00edso. As melhorias ser\u00e3o executadas em 26,4 km.<\/p>\n<p>&nbsp;<\/p>\n<p>O valor do presente conv\u00eanio \u00e9 de R$ 17.815.588,05 e o prazo de vig\u00eancia \u00e9 de dois anos.<\/p>\n<p>&nbsp;<\/p>\n<p>A recupera\u00e7\u00e3o da via \u00e9 necess\u00e1ria, porque a mesma recebeu pavimenta\u00e7\u00e3o em 1980 e depois interven\u00e7\u00e3o em 2009 (pr\u00f3-Vicinais) e o pavimento apresenta patologias como: deforma\u00e7\u00f5es permanentes, desagrega\u00e7\u00f5es, trincas interligadas e em blocos.<\/p>\n<p>&nbsp;<\/p>\n<p>A medida vai fazer com que Pl\u00e1cido Rocha ganhe boas condi\u00e7\u00f5es, conforto e d\u00ea seguran\u00e7a aos usu\u00e1rios da rodovia.<\/p>\n<p>&nbsp;<\/p>\n<p><strong>Relembre<\/strong><\/p>\n<p>Em maio, Adamantina foi contemplada com o recapeamento dos 26 quil\u00f4metros da Rodovia Vicinal Pl\u00e1cido Rocha, por meio do Programa &#8220;Novas Estradas Vicinais&#8221; do Governo do Estado de S\u00e3o Paulo. O an\u00fancio da inclus\u00e3o do munic\u00edpio aconteceu durante o lan\u00e7amento no Pal\u00e1cio dos Bandeirantes que contou com a presen\u00e7a do prefeito M\u00e1rcio Cardim.<\/p>\n<p>&nbsp;<\/p>\n<p>&#8220;Esta reivindica\u00e7\u00e3o consta no nosso Plano de Governo. \u00c9 com muita alegria que recebemos esta not\u00edcia, pois \u00e9 uma obra de alto investimento que trar\u00e1 grandes benef\u00edcios econ\u00f4micos, j\u00e1 que liga duas importantes rodovias, a Comandante Jo\u00e3o Ribeiro de Barros e Marechal Rondon&#8221;, disse o prefeito.<\/p>\n<p>&nbsp;<\/p>\n<p>A vicinal pertencia ao Estado e foi municipalizada na d\u00e9cada de 90. A Pl\u00e1cido Rocha \u00e9 respons\u00e1vel por ligar a Rodovia Comandante Jo\u00e3o Ribeiro de Barros com a rodovia Marechal Rondon entre os munic\u00edpios de Adamantina e Valpara\u00edso.<\/p>\n<p>&nbsp;<\/p>\n<p><strong>Sobre o Programa Novas Estradas Vicinais\u00a0<\/strong><\/p>\n<p>O Programa Novas Estradas Vicinais do Governo do Estado de S\u00e3o Paulo tem o objetivo de recuperar e trazer modernidade a mais de 1500 quil\u00f4metros de estradas que s\u00e3o de responsabilidade dos munic\u00edpios paulistas.<\/p>\n<p>&nbsp;<\/p>\n<p>&nbsp;<\/p>\n<p>Fonte: Siga Mais<\/p>\n","protected":false},"excerpt":{"rendered":"<p>Na manh\u00e3 desta quarta-feira (15), o prefeito M\u00e1rcio Cardim assinou o conv\u00eanio com o Departamento de Estradas de Rodagem com o objetivo de executar a recupera\u00e7\u00e3o funcional da estrada municipal Pl\u00e1cido Rocha que liga Adamantina a Valpara\u00edso. As melhorias ser\u00e3o executadas em 26,4 km. &nbsp; O valor do presente conv\u00eanio \u00e9 de R$ 17.815.588,05 e [&hellip;]<\/p>\n","protected":false},"author":13,"featured_media":42816,"comment_status":"closed","ping_status":"open","sticky":false,"template":"","format":"standard","meta":{"_acf_changed":false,"_exactmetrics_skip_tracking":false,"_exactmetrics_sitenote_active":false,"_exactmetrics_sitenote_note":"","_exactmetrics_sitenote_category":0,"footnotes":""},"categories":[21],"tags":[],"class_list":["post-42815","post","type-post","status-publish","format-standard","has-post-thumbnail","hentry","category-adamantina"],"acf":[],"yoast_head":"<!-- This site is optimized with the Yoast SEO plugin v27.2 - https:\/\/yoast.com\/product\/yoast-seo-wordpress\/ -->\n<title>Adamantina assina conv\u00eanio para recupera\u00e7\u00e3o funcional da Pl\u00e1cido Rocha - R\u00e1dio Life FM<\/title>\n<meta name=\"robots\" content=\"index, follow, max-snippet:-1, max-image-preview:large, max-video-preview:-1\" \/>\n<link rel=\"canonical\" href=\"https:\/\/radiolifefm.com.br\/noticias\/adamantina-assina-convenio-para-recuperacao-funcional-da-placido-rocha\/\" \/>\n<meta property=\"og:locale\" content=\"pt_BR\" \/>\n<meta property=\"og:type\" content=\"article\" \/>\n<meta property=\"og:title\" content=\"Adamantina assina conv\u00eanio para recupera\u00e7\u00e3o funcional da Pl\u00e1cido Rocha - R\u00e1dio Life FM\" \/>\n<meta property=\"og:description\" content=\"Na manh\u00e3 desta quarta-feira (15), o prefeito M\u00e1rcio Cardim assinou o conv\u00eanio com o Departamento de Estradas de Rodagem com o objetivo de executar a recupera\u00e7\u00e3o funcional da estrada municipal Pl\u00e1cido Rocha que liga Adamantina a Valpara\u00edso. As melhorias ser\u00e3o executadas em 26,4 km. &nbsp; O valor do presente conv\u00eanio \u00e9 de R$ 17.815.588,05 e [&hellip;]\" \/>\n<meta property=\"og:url\" content=\"https:\/\/radiolifefm.com.br\/noticias\/adamantina-assina-convenio-para-recuperacao-funcional-da-placido-rocha\/\" \/>\n<meta property=\"og:site_name\" content=\"R\u00e1dio Life FM\" \/>\n<meta property=\"article:publisher\" content=\"https:\/\/www.facebook.com\/radiolifefm\/\" \/>\n<meta property=\"article:published_time\" content=\"2021-09-16T01:39:57+00:00\" \/>\n<meta property=\"article:modified_time\" content=\"2026-04-09T00:35:54+00:00\" \/>\n<meta property=\"og:image\" content=\"https:\/\/radiolifefm.com.br\/noticias\/wp-content\/uploads\/2021\/09\/img8704aaaaajpg1631727788614230ac3b4ce.jpg\" \/>\n\t<meta property=\"og:image:width\" content=\"600\" \/>\n\t<meta property=\"og:image:height\" content=\"337\" \/>\n\t<meta property=\"og:image:type\" content=\"image\/jpeg\" \/>\n<meta name=\"author\" content=\"ritanery\" \/>\n<meta name=\"twitter:card\" content=\"summary_large_image\" \/>\n<meta name=\"twitter:label1\" content=\"Escrito por\" \/>\n\t<meta name=\"twitter:data1\" content=\"ritanery\" \/>\n\t<meta name=\"twitter:label2\" content=\"Est. tempo de leitura\" \/>\n\t<meta name=\"twitter:data2\" content=\"2 minutos\" \/>\n<script type=\"application\/ld+json\" class=\"yoast-schema-graph\">{\"@context\":\"https:\/\/schema.org\",\"@graph\":[{\"@type\":\"Article\",\"@id\":\"https:\/\/radiolifefm.com.br\/noticias\/adamantina-assina-convenio-para-recuperacao-funcional-da-placido-rocha\/#article\",\"isPartOf\":{\"@id\":\"https:\/\/radiolifefm.com.br\/noticias\/adamantina-assina-convenio-para-recuperacao-funcional-da-placido-rocha\/\"},\"author\":{\"name\":\"ritanery\",\"@id\":\"https:\/\/radiolifefm.com.br\/noticias\/#\/schema\/person\/6339b9fac59d12b071dec680d7375d87\"},\"headline\":\"Adamantina assina conv\u00eanio para recupera\u00e7\u00e3o funcional da Pl\u00e1cido Rocha\",\"datePublished\":\"2021-09-16T01:39:57+00:00\",\"dateModified\":\"2026-04-09T00:35:54+00:00\",\"mainEntityOfPage\":{\"@id\":\"https:\/\/radiolifefm.com.br\/noticias\/adamantina-assina-convenio-para-recuperacao-funcional-da-placido-rocha\/\"},\"wordCount\":346,\"publisher\":{\"@id\":\"https:\/\/radiolifefm.com.br\/noticias\/#organization\"},\"image\":{\"@id\":\"https:\/\/radiolifefm.com.br\/noticias\/adamantina-assina-convenio-para-recuperacao-funcional-da-placido-rocha\/#primaryimage\"},\"thumbnailUrl\":\"https:\/\/radiolifefm.com.br\/noticias\/wp-content\/uploads\/2021\/09\/img8704aaaaajpg1631727788614230ac3b4ce.jpg\",\"articleSection\":[\"Adamantina\"],\"inLanguage\":\"pt-BR\"},{\"@type\":\"WebPage\",\"@id\":\"https:\/\/radiolifefm.com.br\/noticias\/adamantina-assina-convenio-para-recuperacao-funcional-da-placido-rocha\/\",\"url\":\"https:\/\/radiolifefm.com.br\/noticias\/adamantina-assina-convenio-para-recuperacao-funcional-da-placido-rocha\/\",\"name\":\"Adamantina assina conv\u00eanio para recupera\u00e7\u00e3o funcional da Pl\u00e1cido Rocha - R\u00e1dio Life FM\",\"isPartOf\":{\"@id\":\"https:\/\/radiolifefm.com.br\/noticias\/#website\"},\"primaryImageOfPage\":{\"@id\":\"https:\/\/radiolifefm.com.br\/noticias\/adamantina-assina-convenio-para-recuperacao-funcional-da-placido-rocha\/#primaryimage\"},\"image\":{\"@id\":\"https:\/\/radiolifefm.com.br\/noticias\/adamantina-assina-convenio-para-recuperacao-funcional-da-placido-rocha\/#primaryimage\"},\"thumbnailUrl\":\"https:\/\/radiolifefm.com.br\/noticias\/wp-content\/uploads\/2021\/09\/img8704aaaaajpg1631727788614230ac3b4ce.jpg\",\"datePublished\":\"2021-09-16T01:39:57+00:00\",\"dateModified\":\"2026-04-09T00:35:54+00:00\",\"breadcrumb\":{\"@id\":\"https:\/\/radiolifefm.com.br\/noticias\/adamantina-assina-convenio-para-recuperacao-funcional-da-placido-rocha\/#breadcrumb\"},\"inLanguage\":\"pt-BR\",\"potentialAction\":[{\"@type\":\"ReadAction\",\"target\":[\"https:\/\/radiolifefm.com.br\/noticias\/adamantina-assina-convenio-para-recuperacao-funcional-da-placido-rocha\/\"]}]},{\"@type\":\"ImageObject\",\"inLanguage\":\"pt-BR\",\"@id\":\"https:\/\/radiolifefm.com.br\/noticias\/adamantina-assina-convenio-para-recuperacao-funcional-da-placido-rocha\/#primaryimage\",\"url\":\"https:\/\/radiolifefm.com.br\/noticias\/wp-content\/uploads\/2021\/09\/img8704aaaaajpg1631727788614230ac3b4ce.jpg\",\"contentUrl\":\"https:\/\/radiolifefm.com.br\/noticias\/wp-content\/uploads\/2021\/09\/img8704aaaaajpg1631727788614230ac3b4ce.jpg\",\"width\":600,\"height\":337},{\"@type\":\"BreadcrumbList\",\"@id\":\"https:\/\/radiolifefm.com.br\/noticias\/adamantina-assina-convenio-para-recuperacao-funcional-da-placido-rocha\/#breadcrumb\",\"itemListElement\":[{\"@type\":\"ListItem\",\"position\":1,\"name\":\"In\u00edcio\",\"item\":\"https:\/\/radiolifefm.com.br\/noticias\/\"},{\"@type\":\"ListItem\",\"position\":2,\"name\":\"Adamantina assina conv\u00eanio para recupera\u00e7\u00e3o funcional da Pl\u00e1cido Rocha\"}]},{\"@type\":\"WebSite\",\"@id\":\"https:\/\/radiolifefm.com.br\/noticias\/#website\",\"url\":\"https:\/\/radiolifefm.com.br\/noticias\/\",\"name\":\"R\u00e1dio Life FM\",\"description\":\"O Portal de Not\u00edcias de Adamantina\",\"publisher\":{\"@id\":\"https:\/\/radiolifefm.com.br\/noticias\/#organization\"},\"alternateName\":\"Life FM\",\"potentialAction\":[{\"@type\":\"SearchAction\",\"target\":{\"@type\":\"EntryPoint\",\"urlTemplate\":\"https:\/\/radiolifefm.com.br\/noticias\/?s={search_term_string}\"},\"query-input\":{\"@type\":\"PropertyValueSpecification\",\"valueRequired\":true,\"valueName\":\"search_term_string\"}}],\"inLanguage\":\"pt-BR\"},{\"@type\":\"Organization\",\"@id\":\"https:\/\/radiolifefm.com.br\/noticias\/#organization\",\"name\":\"R\u00e1dio Life FM\",\"alternateName\":\"Life FM\",\"url\":\"https:\/\/radiolifefm.com.br\/noticias\/\",\"logo\":{\"@type\":\"ImageObject\",\"inLanguage\":\"pt-BR\",\"@id\":\"https:\/\/radiolifefm.com.br\/noticias\/#\/schema\/logo\/image\/\",\"url\":\"https:\/\/static.radiolifefm.com.br\/noticias\/wp-content\/uploads\/2019\/10\/logo-lifefm.png\",\"contentUrl\":\"https:\/\/static.radiolifefm.com.br\/noticias\/wp-content\/uploads\/2019\/10\/logo-lifefm.png\",\"width\":196,\"height\":47,\"caption\":\"R\u00e1dio Life FM\"},\"image\":{\"@id\":\"https:\/\/radiolifefm.com.br\/noticias\/#\/schema\/logo\/image\/\"},\"sameAs\":[\"https:\/\/www.facebook.com\/radiolifefm\/\",\"https:\/\/www.instagram.com\/life1079fm\/\"]},{\"@type\":\"Person\",\"@id\":\"https:\/\/radiolifefm.com.br\/noticias\/#\/schema\/person\/6339b9fac59d12b071dec680d7375d87\",\"name\":\"ritanery\",\"image\":{\"@type\":\"ImageObject\",\"inLanguage\":\"pt-BR\",\"@id\":\"https:\/\/secure.gravatar.com\/avatar\/0e37bb19071f47c0b8a23f62a903df117c5a0e75f65a0c2901562f97cd41cf86?s=96&d=mm&r=g\",\"url\":\"https:\/\/secure.gravatar.com\/avatar\/0e37bb19071f47c0b8a23f62a903df117c5a0e75f65a0c2901562f97cd41cf86?s=96&d=mm&r=g\",\"contentUrl\":\"https:\/\/secure.gravatar.com\/avatar\/0e37bb19071f47c0b8a23f62a903df117c5a0e75f65a0c2901562f97cd41cf86?s=96&d=mm&r=g\",\"caption\":\"ritanery\"}}]}<\/script>\n<!-- \/ Yoast SEO plugin. -->","yoast_head_json":{"title":"Adamantina assina conv\u00eanio para recupera\u00e7\u00e3o funcional da Pl\u00e1cido Rocha - R\u00e1dio Life FM","robots":{"index":"index","follow":"follow","max-snippet":"max-snippet:-1","max-image-preview":"max-image-preview:large","max-video-preview":"max-video-preview:-1"},"canonical":"https:\/\/radiolifefm.com.br\/noticias\/adamantina-assina-convenio-para-recuperacao-funcional-da-placido-rocha\/","og_locale":"pt_BR","og_type":"article","og_title":"Adamantina assina conv\u00eanio para recupera\u00e7\u00e3o funcional da Pl\u00e1cido Rocha - R\u00e1dio Life FM","og_description":"Na manh\u00e3 desta quarta-feira (15), o prefeito M\u00e1rcio Cardim assinou o conv\u00eanio com o Departamento de Estradas de Rodagem com o objetivo de executar a recupera\u00e7\u00e3o funcional da estrada municipal Pl\u00e1cido Rocha que liga Adamantina a Valpara\u00edso. As melhorias ser\u00e3o executadas em 26,4 km. &nbsp; O valor do presente conv\u00eanio \u00e9 de R$ 17.815.588,05 e [&hellip;]","og_url":"https:\/\/radiolifefm.com.br\/noticias\/adamantina-assina-convenio-para-recuperacao-funcional-da-placido-rocha\/","og_site_name":"R\u00e1dio Life FM","article_publisher":"https:\/\/www.facebook.com\/radiolifefm\/","article_published_time":"2021-09-16T01:39:57+00:00","article_modified_time":"2026-04-09T00:35:54+00:00","og_image":[{"width":600,"height":337,"url":"https:\/\/radiolifefm.com.br\/noticias\/wp-content\/uploads\/2021\/09\/img8704aaaaajpg1631727788614230ac3b4ce.jpg","type":"image\/jpeg"}],"author":"ritanery","twitter_card":"summary_large_image","twitter_misc":{"Escrito por":"ritanery","Est. tempo de leitura":"2 minutos"},"schema":{"@context":"https:\/\/schema.org","@graph":[{"@type":"Article","@id":"https:\/\/radiolifefm.com.br\/noticias\/adamantina-assina-convenio-para-recuperacao-funcional-da-placido-rocha\/#article","isPartOf":{"@id":"https:\/\/radiolifefm.com.br\/noticias\/adamantina-assina-convenio-para-recuperacao-funcional-da-placido-rocha\/"},"author":{"name":"ritanery","@id":"https:\/\/radiolifefm.com.br\/noticias\/#\/schema\/person\/6339b9fac59d12b071dec680d7375d87"},"headline":"Adamantina assina conv\u00eanio para recupera\u00e7\u00e3o funcional da Pl\u00e1cido Rocha","datePublished":"2021-09-16T01:39:57+00:00","dateModified":"2026-04-09T00:35:54+00:00","mainEntityOfPage":{"@id":"https:\/\/radiolifefm.com.br\/noticias\/adamantina-assina-convenio-para-recuperacao-funcional-da-placido-rocha\/"},"wordCount":346,"publisher":{"@id":"https:\/\/radiolifefm.com.br\/noticias\/#organization"},"image":{"@id":"https:\/\/radiolifefm.com.br\/noticias\/adamantina-assina-convenio-para-recuperacao-funcional-da-placido-rocha\/#primaryimage"},"thumbnailUrl":"https:\/\/radiolifefm.com.br\/noticias\/wp-content\/uploads\/2021\/09\/img8704aaaaajpg1631727788614230ac3b4ce.jpg","articleSection":["Adamantina"],"inLanguage":"pt-BR"},{"@type":"WebPage","@id":"https:\/\/radiolifefm.com.br\/noticias\/adamantina-assina-convenio-para-recuperacao-funcional-da-placido-rocha\/","url":"https:\/\/radiolifefm.com.br\/noticias\/adamantina-assina-convenio-para-recuperacao-funcional-da-placido-rocha\/","name":"Adamantina assina conv\u00eanio para recupera\u00e7\u00e3o funcional da Pl\u00e1cido Rocha - R\u00e1dio Life FM","isPartOf":{"@id":"https:\/\/radiolifefm.com.br\/noticias\/#website"},"primaryImageOfPage":{"@id":"https:\/\/radiolifefm.com.br\/noticias\/adamantina-assina-convenio-para-recuperacao-funcional-da-placido-rocha\/#primaryimage"},"image":{"@id":"https:\/\/radiolifefm.com.br\/noticias\/adamantina-assina-convenio-para-recuperacao-funcional-da-placido-rocha\/#primaryimage"},"thumbnailUrl":"https:\/\/radiolifefm.com.br\/noticias\/wp-content\/uploads\/2021\/09\/img8704aaaaajpg1631727788614230ac3b4ce.jpg","datePublished":"2021-09-16T01:39:57+00:00","dateModified":"2026-04-09T00:35:54+00:00","breadcrumb":{"@id":"https:\/\/radiolifefm.com.br\/noticias\/adamantina-assina-convenio-para-recuperacao-funcional-da-placido-rocha\/#breadcrumb"},"inLanguage":"pt-BR","potentialAction":[{"@type":"ReadAction","target":["https:\/\/radiolifefm.com.br\/noticias\/adamantina-assina-convenio-para-recuperacao-funcional-da-placido-rocha\/"]}]},{"@type":"ImageObject","inLanguage":"pt-BR","@id":"https:\/\/radiolifefm.com.br\/noticias\/adamantina-assina-convenio-para-recuperacao-funcional-da-placido-rocha\/#primaryimage","url":"https:\/\/radiolifefm.com.br\/noticias\/wp-content\/uploads\/2021\/09\/img8704aaaaajpg1631727788614230ac3b4ce.jpg","contentUrl":"https:\/\/radiolifefm.com.br\/noticias\/wp-content\/uploads\/2021\/09\/img8704aaaaajpg1631727788614230ac3b4ce.jpg","width":600,"height":337},{"@type":"BreadcrumbList","@id":"https:\/\/radiolifefm.com.br\/noticias\/adamantina-assina-convenio-para-recuperacao-funcional-da-placido-rocha\/#breadcrumb","itemListElement":[{"@type":"ListItem","position":1,"name":"In\u00edcio","item":"https:\/\/radiolifefm.com.br\/noticias\/"},{"@type":"ListItem","position":2,"name":"Adamantina assina conv\u00eanio para recupera\u00e7\u00e3o funcional da Pl\u00e1cido Rocha"}]},{"@type":"WebSite","@id":"https:\/\/radiolifefm.com.br\/noticias\/#website","url":"https:\/\/radiolifefm.com.br\/noticias\/","name":"R\u00e1dio Life FM","description":"O Portal de Not\u00edcias de Adamantina","publisher":{"@id":"https:\/\/radiolifefm.com.br\/noticias\/#organization"},"alternateName":"Life FM","potentialAction":[{"@type":"SearchAction","target":{"@type":"EntryPoint","urlTemplate":"https:\/\/radiolifefm.com.br\/noticias\/?s={search_term_string}"},"query-input":{"@type":"PropertyValueSpecification","valueRequired":true,"valueName":"search_term_string"}}],"inLanguage":"pt-BR"},{"@type":"Organization","@id":"https:\/\/radiolifefm.com.br\/noticias\/#organization","name":"R\u00e1dio Life FM","alternateName":"Life FM","url":"https:\/\/radiolifefm.com.br\/noticias\/","logo":{"@type":"ImageObject","inLanguage":"pt-BR","@id":"https:\/\/radiolifefm.com.br\/noticias\/#\/schema\/logo\/image\/","url":"https:\/\/static.radiolifefm.com.br\/noticias\/wp-content\/uploads\/2019\/10\/logo-lifefm.png","contentUrl":"https:\/\/static.radiolifefm.com.br\/noticias\/wp-content\/uploads\/2019\/10\/logo-lifefm.png","width":196,"height":47,"caption":"R\u00e1dio Life FM"},"image":{"@id":"https:\/\/radiolifefm.com.br\/noticias\/#\/schema\/logo\/image\/"},"sameAs":["https:\/\/www.facebook.com\/radiolifefm\/","https:\/\/www.instagram.com\/life1079fm\/"]},{"@type":"Person","@id":"https:\/\/radiolifefm.com.br\/noticias\/#\/schema\/person\/6339b9fac59d12b071dec680d7375d87","name":"ritanery","image":{"@type":"ImageObject","inLanguage":"pt-BR","@id":"https:\/\/secure.gravatar.com\/avatar\/0e37bb19071f47c0b8a23f62a903df117c5a0e75f65a0c2901562f97cd41cf86?s=96&d=mm&r=g","url":"https:\/\/secure.gravatar.com\/avatar\/0e37bb19071f47c0b8a23f62a903df117c5a0e75f65a0c2901562f97cd41cf86?s=96&d=mm&r=g","contentUrl":"https:\/\/secure.gravatar.com\/avatar\/0e37bb19071f47c0b8a23f62a903df117c5a0e75f65a0c2901562f97cd41cf86?s=96&d=mm&r=g","caption":"ritanery"}}]}},"amp_enabled":true,"_links":{"self":[{"href":"https:\/\/radiolifefm.com.br\/noticias\/wp-json\/wp\/v2\/posts\/42815","targetHints":{"allow":["GET"]}}],"collection":[{"href":"https:\/\/radiolifefm.com.br\/noticias\/wp-json\/wp\/v2\/posts"}],"about":[{"href":"https:\/\/radiolifefm.com.br\/noticias\/wp-json\/wp\/v2\/types\/post"}],"author":[{"embeddable":true,"href":"https:\/\/radiolifefm.com.br\/noticias\/wp-json\/wp\/v2\/users\/13"}],"replies":[{"embeddable":true,"href":"https:\/\/radiolifefm.com.br\/noticias\/wp-json\/wp\/v2\/comments?post=42815"}],"version-history":[{"count":1,"href":"https:\/\/radiolifefm.com.br\/noticias\/wp-json\/wp\/v2\/posts\/42815\/revisions"}],"predecessor-version":[{"id":42817,"href":"https:\/\/radiolifefm.com.br\/noticias\/wp-json\/wp\/v2\/posts\/42815\/revisions\/42817"}],"wp:featuredmedia":[{"embeddable":true,"href":"https:\/\/radiolifefm.com.br\/noticias\/wp-json\/wp\/v2\/media\/42816"}],"wp:attachment":[{"href":"https:\/\/radiolifefm.com.br\/noticias\/wp-json\/wp\/v2\/media?parent=42815"}],"wp:term":[{"taxonomy":"category","embeddable":true,"href":"https:\/\/radiolifefm.com.br\/noticias\/wp-json\/wp\/v2\/categories?post=42815"},{"taxonomy":"post_tag","embeddable":true,"href":"https:\/\/radiolifefm.com.br\/noticias\/wp-json\/wp\/v2\/tags?post=42815"}],"curies":[{"name":"wp","href":"https:\/\/api.w.org\/{rel}","templated":true}]}}