{"id":42812,"date":"2021-09-15T22:36:14","date_gmt":"2021-09-16T01:36:14","guid":{"rendered":"https:\/\/radiolifefm.com.br\/noticias\/?p=42812"},"modified":"2026-04-17T19:50:46","modified_gmt":"2026-04-17T22:50:46","slug":"parque-caldeira-recebe-90-luminarias-led-com-captacao-de-energia-solar","status":"publish","type":"post","link":"https:\/\/radiolifefm.com.br\/noticias\/parque-caldeira-recebe-90-luminarias-led-com-captacao-de-energia-solar\/","title":{"rendered":"Parque Caldeira recebe 90 lumin\u00e1rias led com capta\u00e7\u00e3o de energia solar"},"content":{"rendered":"<div id=\"fb-root\"><\/div>\n<p>Com o objetivo de oferecer um espa\u00e7o para a pr\u00e1tica de atividades esportivas no per\u00edodo noturno, a Prefeitura de Adamantina, por meio da Secretaria de Planejamento e Desenvolvimento e da Secretaria de Agricultura, Abastecimento e Meio Ambiente (SAAMA), executou a instala\u00e7\u00e3o de 90 lumin\u00e1rias led na pista que tem 1.343 metros de comprimento.<\/p>\n<p>&nbsp;<\/p>\n<p>A a\u00e7\u00e3o \u00e9 sustent\u00e1vel, porque os postes que foram instalados no espa\u00e7o contam com placas que fazem a capta\u00e7\u00e3o de energia solar. Com isso, n\u00e3o \u00e9 necess\u00e1rio recorrer ao uso da energia el\u00e9trica, contribuindo assim para o meio ambiente.<\/p>\n<p>&nbsp;<\/p>\n<p>\u201cA medida possibilita oferecer um espa\u00e7o seguro para quem quer caminhar e\/ou correr no per\u00edodo noturno\u201d, afirma o secret\u00e1rio de planejamento, Jo\u00e3o Vitor Marega.<\/p>\n<p>&nbsp;<\/p>\n<p>De acordo com o secret\u00e1rio da SAAMA, Thiago Benet\u00e3o, semanalmente as equipes da pasta executam a manuten\u00e7\u00e3o do parque, fazendo a limpeza, poda das \u00e1rvores e a ro\u00e7agem.<\/p>\n<p>\u201cO nosso objetivo com a instala\u00e7\u00e3o da ilumina\u00e7\u00e3o \u00e9 estimular a pr\u00e1tica esportiva da popula\u00e7\u00e3o\u201d, assegura o prefeito M\u00e1rcio Cardim.<\/p>\n<p>&nbsp;<\/p>\n<p>No Parque Caldeiras foi constru\u00eddo ainda um espa\u00e7o destinado a instala\u00e7\u00e3o de\u00a0food trucks\u00a0e a estimativa de capacidade \u00e9 de at\u00e9 7 trailers.<\/p>\n<p>&nbsp;<\/p>\n<p><strong>Relembre<\/strong><\/p>\n<p>O Parque Caldeiras j\u00e1 ganhou uma pista de caminhada, brinquedos infantis e guarda corpo.<\/p>\n<p>&nbsp;<\/p>\n<p>Ap\u00f3s a retomada do conv\u00eanio pela administra\u00e7\u00e3o atual, a constru\u00e7\u00e3o de banheiros e vesti\u00e1rios segue em execu\u00e7\u00e3o e em breve eles ser\u00e3o entregues \u00e0 popula\u00e7\u00e3o.<\/p>\n<p>&nbsp;<\/p>\n<p>&nbsp;<\/p>\n<p>Fonte: Siga Mais<\/p>\n","protected":false},"excerpt":{"rendered":"<p>Com o objetivo de oferecer um espa\u00e7o para a pr\u00e1tica de atividades esportivas no per\u00edodo noturno, a Prefeitura de Adamantina, por meio da Secretaria de Planejamento e Desenvolvimento e da Secretaria de Agricultura, Abastecimento e Meio Ambiente (SAAMA), executou a instala\u00e7\u00e3o de 90 lumin\u00e1rias led na pista que tem 1.343 metros de comprimento. &nbsp; A [&hellip;]<\/p>\n","protected":false},"author":13,"featured_media":42813,"comment_status":"closed","ping_status":"open","sticky":false,"template":"","format":"standard","meta":{"_acf_changed":false,"_exactmetrics_skip_tracking":false,"_exactmetrics_sitenote_active":false,"_exactmetrics_sitenote_note":"","_exactmetrics_sitenote_category":0,"footnotes":""},"categories":[21],"tags":[],"class_list":["post-42812","post","type-post","status-publish","format-standard","has-post-thumbnail","hentry","category-adamantina"],"acf":[],"yoast_head":"<!-- This site is optimized with the Yoast SEO plugin v27.2 - https:\/\/yoast.com\/product\/yoast-seo-wordpress\/ -->\n<title>Parque Caldeira recebe 90 lumin\u00e1rias led com capta\u00e7\u00e3o de energia solar - R\u00e1dio Life FM<\/title>\n<meta name=\"robots\" content=\"index, follow, max-snippet:-1, max-image-preview:large, max-video-preview:-1\" \/>\n<link rel=\"canonical\" href=\"https:\/\/radiolifefm.com.br\/noticias\/parque-caldeira-recebe-90-luminarias-led-com-captacao-de-energia-solar\/\" \/>\n<meta property=\"og:locale\" content=\"pt_BR\" \/>\n<meta property=\"og:type\" content=\"article\" \/>\n<meta property=\"og:title\" content=\"Parque Caldeira recebe 90 lumin\u00e1rias led com capta\u00e7\u00e3o de energia solar - R\u00e1dio Life FM\" \/>\n<meta property=\"og:description\" content=\"Com o objetivo de oferecer um espa\u00e7o para a pr\u00e1tica de atividades esportivas no per\u00edodo noturno, a Prefeitura de Adamantina, por meio da Secretaria de Planejamento e Desenvolvimento e da Secretaria de Agricultura, Abastecimento e Meio Ambiente (SAAMA), executou a instala\u00e7\u00e3o de 90 lumin\u00e1rias led na pista que tem 1.343 metros de comprimento. &nbsp; A [&hellip;]\" \/>\n<meta property=\"og:url\" content=\"https:\/\/radiolifefm.com.br\/noticias\/parque-caldeira-recebe-90-luminarias-led-com-captacao-de-energia-solar\/\" \/>\n<meta property=\"og:site_name\" content=\"R\u00e1dio Life FM\" \/>\n<meta property=\"article:publisher\" content=\"https:\/\/www.facebook.com\/radiolifefm\/\" \/>\n<meta property=\"article:published_time\" content=\"2021-09-16T01:36:14+00:00\" \/>\n<meta property=\"article:modified_time\" content=\"2026-04-17T22:50:46+00:00\" \/>\n<meta property=\"og:image\" content=\"https:\/\/radiolifefm.com.br\/noticias\/wp-content\/uploads\/2021\/09\/led-caldeirajpeg16317281916142323fb9c1f.jpeg\" \/>\n\t<meta property=\"og:image:width\" content=\"600\" \/>\n\t<meta property=\"og:image:height\" content=\"336\" \/>\n\t<meta property=\"og:image:type\" content=\"image\/jpeg\" \/>\n<meta name=\"author\" content=\"ritanery\" \/>\n<meta name=\"twitter:card\" content=\"summary_large_image\" \/>\n<meta name=\"twitter:label1\" content=\"Escrito por\" \/>\n\t<meta name=\"twitter:data1\" content=\"ritanery\" \/>\n\t<meta name=\"twitter:label2\" content=\"Est. tempo de leitura\" \/>\n\t<meta name=\"twitter:data2\" content=\"2 minutos\" \/>\n<script type=\"application\/ld+json\" class=\"yoast-schema-graph\">{\"@context\":\"https:\/\/schema.org\",\"@graph\":[{\"@type\":\"Article\",\"@id\":\"https:\/\/radiolifefm.com.br\/noticias\/parque-caldeira-recebe-90-luminarias-led-com-captacao-de-energia-solar\/#article\",\"isPartOf\":{\"@id\":\"https:\/\/radiolifefm.com.br\/noticias\/parque-caldeira-recebe-90-luminarias-led-com-captacao-de-energia-solar\/\"},\"author\":{\"name\":\"ritanery\",\"@id\":\"https:\/\/radiolifefm.com.br\/noticias\/#\/schema\/person\/6339b9fac59d12b071dec680d7375d87\"},\"headline\":\"Parque Caldeira recebe 90 lumin\u00e1rias led com capta\u00e7\u00e3o de energia solar\",\"datePublished\":\"2021-09-16T01:36:14+00:00\",\"dateModified\":\"2026-04-17T22:50:46+00:00\",\"mainEntityOfPage\":{\"@id\":\"https:\/\/radiolifefm.com.br\/noticias\/parque-caldeira-recebe-90-luminarias-led-com-captacao-de-energia-solar\/\"},\"wordCount\":280,\"publisher\":{\"@id\":\"https:\/\/radiolifefm.com.br\/noticias\/#organization\"},\"image\":{\"@id\":\"https:\/\/radiolifefm.com.br\/noticias\/parque-caldeira-recebe-90-luminarias-led-com-captacao-de-energia-solar\/#primaryimage\"},\"thumbnailUrl\":\"https:\/\/radiolifefm.com.br\/noticias\/wp-content\/uploads\/2021\/09\/led-caldeirajpeg16317281916142323fb9c1f.jpeg\",\"articleSection\":[\"Adamantina\"],\"inLanguage\":\"pt-BR\"},{\"@type\":\"WebPage\",\"@id\":\"https:\/\/radiolifefm.com.br\/noticias\/parque-caldeira-recebe-90-luminarias-led-com-captacao-de-energia-solar\/\",\"url\":\"https:\/\/radiolifefm.com.br\/noticias\/parque-caldeira-recebe-90-luminarias-led-com-captacao-de-energia-solar\/\",\"name\":\"Parque Caldeira recebe 90 lumin\u00e1rias led com capta\u00e7\u00e3o de energia solar - R\u00e1dio Life FM\",\"isPartOf\":{\"@id\":\"https:\/\/radiolifefm.com.br\/noticias\/#website\"},\"primaryImageOfPage\":{\"@id\":\"https:\/\/radiolifefm.com.br\/noticias\/parque-caldeira-recebe-90-luminarias-led-com-captacao-de-energia-solar\/#primaryimage\"},\"image\":{\"@id\":\"https:\/\/radiolifefm.com.br\/noticias\/parque-caldeira-recebe-90-luminarias-led-com-captacao-de-energia-solar\/#primaryimage\"},\"thumbnailUrl\":\"https:\/\/radiolifefm.com.br\/noticias\/wp-content\/uploads\/2021\/09\/led-caldeirajpeg16317281916142323fb9c1f.jpeg\",\"datePublished\":\"2021-09-16T01:36:14+00:00\",\"dateModified\":\"2026-04-17T22:50:46+00:00\",\"breadcrumb\":{\"@id\":\"https:\/\/radiolifefm.com.br\/noticias\/parque-caldeira-recebe-90-luminarias-led-com-captacao-de-energia-solar\/#breadcrumb\"},\"inLanguage\":\"pt-BR\",\"potentialAction\":[{\"@type\":\"ReadAction\",\"target\":[\"https:\/\/radiolifefm.com.br\/noticias\/parque-caldeira-recebe-90-luminarias-led-com-captacao-de-energia-solar\/\"]}]},{\"@type\":\"ImageObject\",\"inLanguage\":\"pt-BR\",\"@id\":\"https:\/\/radiolifefm.com.br\/noticias\/parque-caldeira-recebe-90-luminarias-led-com-captacao-de-energia-solar\/#primaryimage\",\"url\":\"https:\/\/radiolifefm.com.br\/noticias\/wp-content\/uploads\/2021\/09\/led-caldeirajpeg16317281916142323fb9c1f.jpeg\",\"contentUrl\":\"https:\/\/radiolifefm.com.br\/noticias\/wp-content\/uploads\/2021\/09\/led-caldeirajpeg16317281916142323fb9c1f.jpeg\",\"width\":600,\"height\":336,\"caption\":\"Foram instaladas 90 lumin\u00e1rias led na pista de caminhada, que tem 1.343 metros de comprimento.\"},{\"@type\":\"BreadcrumbList\",\"@id\":\"https:\/\/radiolifefm.com.br\/noticias\/parque-caldeira-recebe-90-luminarias-led-com-captacao-de-energia-solar\/#breadcrumb\",\"itemListElement\":[{\"@type\":\"ListItem\",\"position\":1,\"name\":\"In\u00edcio\",\"item\":\"https:\/\/radiolifefm.com.br\/noticias\/\"},{\"@type\":\"ListItem\",\"position\":2,\"name\":\"Parque Caldeira recebe 90 lumin\u00e1rias led com capta\u00e7\u00e3o de energia solar\"}]},{\"@type\":\"WebSite\",\"@id\":\"https:\/\/radiolifefm.com.br\/noticias\/#website\",\"url\":\"https:\/\/radiolifefm.com.br\/noticias\/\",\"name\":\"R\u00e1dio Life FM\",\"description\":\"O Portal de Not\u00edcias de Adamantina\",\"publisher\":{\"@id\":\"https:\/\/radiolifefm.com.br\/noticias\/#organization\"},\"alternateName\":\"Life FM\",\"potentialAction\":[{\"@type\":\"SearchAction\",\"target\":{\"@type\":\"EntryPoint\",\"urlTemplate\":\"https:\/\/radiolifefm.com.br\/noticias\/?s={search_term_string}\"},\"query-input\":{\"@type\":\"PropertyValueSpecification\",\"valueRequired\":true,\"valueName\":\"search_term_string\"}}],\"inLanguage\":\"pt-BR\"},{\"@type\":\"Organization\",\"@id\":\"https:\/\/radiolifefm.com.br\/noticias\/#organization\",\"name\":\"R\u00e1dio Life FM\",\"alternateName\":\"Life FM\",\"url\":\"https:\/\/radiolifefm.com.br\/noticias\/\",\"logo\":{\"@type\":\"ImageObject\",\"inLanguage\":\"pt-BR\",\"@id\":\"https:\/\/radiolifefm.com.br\/noticias\/#\/schema\/logo\/image\/\",\"url\":\"https:\/\/static.radiolifefm.com.br\/noticias\/wp-content\/uploads\/2019\/10\/logo-lifefm.png\",\"contentUrl\":\"https:\/\/static.radiolifefm.com.br\/noticias\/wp-content\/uploads\/2019\/10\/logo-lifefm.png\",\"width\":196,\"height\":47,\"caption\":\"R\u00e1dio Life FM\"},\"image\":{\"@id\":\"https:\/\/radiolifefm.com.br\/noticias\/#\/schema\/logo\/image\/\"},\"sameAs\":[\"https:\/\/www.facebook.com\/radiolifefm\/\",\"https:\/\/www.instagram.com\/life1079fm\/\"]},{\"@type\":\"Person\",\"@id\":\"https:\/\/radiolifefm.com.br\/noticias\/#\/schema\/person\/6339b9fac59d12b071dec680d7375d87\",\"name\":\"ritanery\",\"image\":{\"@type\":\"ImageObject\",\"inLanguage\":\"pt-BR\",\"@id\":\"https:\/\/secure.gravatar.com\/avatar\/0e37bb19071f47c0b8a23f62a903df117c5a0e75f65a0c2901562f97cd41cf86?s=96&d=mm&r=g\",\"url\":\"https:\/\/secure.gravatar.com\/avatar\/0e37bb19071f47c0b8a23f62a903df117c5a0e75f65a0c2901562f97cd41cf86?s=96&d=mm&r=g\",\"contentUrl\":\"https:\/\/secure.gravatar.com\/avatar\/0e37bb19071f47c0b8a23f62a903df117c5a0e75f65a0c2901562f97cd41cf86?s=96&d=mm&r=g\",\"caption\":\"ritanery\"}}]}<\/script>\n<!-- \/ Yoast SEO plugin. -->","yoast_head_json":{"title":"Parque Caldeira recebe 90 lumin\u00e1rias led com capta\u00e7\u00e3o de energia solar - R\u00e1dio Life FM","robots":{"index":"index","follow":"follow","max-snippet":"max-snippet:-1","max-image-preview":"max-image-preview:large","max-video-preview":"max-video-preview:-1"},"canonical":"https:\/\/radiolifefm.com.br\/noticias\/parque-caldeira-recebe-90-luminarias-led-com-captacao-de-energia-solar\/","og_locale":"pt_BR","og_type":"article","og_title":"Parque Caldeira recebe 90 lumin\u00e1rias led com capta\u00e7\u00e3o de energia solar - R\u00e1dio Life FM","og_description":"Com o objetivo de oferecer um espa\u00e7o para a pr\u00e1tica de atividades esportivas no per\u00edodo noturno, a Prefeitura de Adamantina, por meio da Secretaria de Planejamento e Desenvolvimento e da Secretaria de Agricultura, Abastecimento e Meio Ambiente (SAAMA), executou a instala\u00e7\u00e3o de 90 lumin\u00e1rias led na pista que tem 1.343 metros de comprimento. &nbsp; A [&hellip;]","og_url":"https:\/\/radiolifefm.com.br\/noticias\/parque-caldeira-recebe-90-luminarias-led-com-captacao-de-energia-solar\/","og_site_name":"R\u00e1dio Life FM","article_publisher":"https:\/\/www.facebook.com\/radiolifefm\/","article_published_time":"2021-09-16T01:36:14+00:00","article_modified_time":"2026-04-17T22:50:46+00:00","og_image":[{"width":600,"height":336,"url":"https:\/\/radiolifefm.com.br\/noticias\/wp-content\/uploads\/2021\/09\/led-caldeirajpeg16317281916142323fb9c1f.jpeg","type":"image\/jpeg"}],"author":"ritanery","twitter_card":"summary_large_image","twitter_misc":{"Escrito por":"ritanery","Est. tempo de leitura":"2 minutos"},"schema":{"@context":"https:\/\/schema.org","@graph":[{"@type":"Article","@id":"https:\/\/radiolifefm.com.br\/noticias\/parque-caldeira-recebe-90-luminarias-led-com-captacao-de-energia-solar\/#article","isPartOf":{"@id":"https:\/\/radiolifefm.com.br\/noticias\/parque-caldeira-recebe-90-luminarias-led-com-captacao-de-energia-solar\/"},"author":{"name":"ritanery","@id":"https:\/\/radiolifefm.com.br\/noticias\/#\/schema\/person\/6339b9fac59d12b071dec680d7375d87"},"headline":"Parque Caldeira recebe 90 lumin\u00e1rias led com capta\u00e7\u00e3o de energia solar","datePublished":"2021-09-16T01:36:14+00:00","dateModified":"2026-04-17T22:50:46+00:00","mainEntityOfPage":{"@id":"https:\/\/radiolifefm.com.br\/noticias\/parque-caldeira-recebe-90-luminarias-led-com-captacao-de-energia-solar\/"},"wordCount":280,"publisher":{"@id":"https:\/\/radiolifefm.com.br\/noticias\/#organization"},"image":{"@id":"https:\/\/radiolifefm.com.br\/noticias\/parque-caldeira-recebe-90-luminarias-led-com-captacao-de-energia-solar\/#primaryimage"},"thumbnailUrl":"https:\/\/radiolifefm.com.br\/noticias\/wp-content\/uploads\/2021\/09\/led-caldeirajpeg16317281916142323fb9c1f.jpeg","articleSection":["Adamantina"],"inLanguage":"pt-BR"},{"@type":"WebPage","@id":"https:\/\/radiolifefm.com.br\/noticias\/parque-caldeira-recebe-90-luminarias-led-com-captacao-de-energia-solar\/","url":"https:\/\/radiolifefm.com.br\/noticias\/parque-caldeira-recebe-90-luminarias-led-com-captacao-de-energia-solar\/","name":"Parque Caldeira recebe 90 lumin\u00e1rias led com capta\u00e7\u00e3o de energia solar - R\u00e1dio Life FM","isPartOf":{"@id":"https:\/\/radiolifefm.com.br\/noticias\/#website"},"primaryImageOfPage":{"@id":"https:\/\/radiolifefm.com.br\/noticias\/parque-caldeira-recebe-90-luminarias-led-com-captacao-de-energia-solar\/#primaryimage"},"image":{"@id":"https:\/\/radiolifefm.com.br\/noticias\/parque-caldeira-recebe-90-luminarias-led-com-captacao-de-energia-solar\/#primaryimage"},"thumbnailUrl":"https:\/\/radiolifefm.com.br\/noticias\/wp-content\/uploads\/2021\/09\/led-caldeirajpeg16317281916142323fb9c1f.jpeg","datePublished":"2021-09-16T01:36:14+00:00","dateModified":"2026-04-17T22:50:46+00:00","breadcrumb":{"@id":"https:\/\/radiolifefm.com.br\/noticias\/parque-caldeira-recebe-90-luminarias-led-com-captacao-de-energia-solar\/#breadcrumb"},"inLanguage":"pt-BR","potentialAction":[{"@type":"ReadAction","target":["https:\/\/radiolifefm.com.br\/noticias\/parque-caldeira-recebe-90-luminarias-led-com-captacao-de-energia-solar\/"]}]},{"@type":"ImageObject","inLanguage":"pt-BR","@id":"https:\/\/radiolifefm.com.br\/noticias\/parque-caldeira-recebe-90-luminarias-led-com-captacao-de-energia-solar\/#primaryimage","url":"https:\/\/radiolifefm.com.br\/noticias\/wp-content\/uploads\/2021\/09\/led-caldeirajpeg16317281916142323fb9c1f.jpeg","contentUrl":"https:\/\/radiolifefm.com.br\/noticias\/wp-content\/uploads\/2021\/09\/led-caldeirajpeg16317281916142323fb9c1f.jpeg","width":600,"height":336,"caption":"Foram instaladas 90 lumin\u00e1rias led na pista de caminhada, que tem 1.343 metros de comprimento."},{"@type":"BreadcrumbList","@id":"https:\/\/radiolifefm.com.br\/noticias\/parque-caldeira-recebe-90-luminarias-led-com-captacao-de-energia-solar\/#breadcrumb","itemListElement":[{"@type":"ListItem","position":1,"name":"In\u00edcio","item":"https:\/\/radiolifefm.com.br\/noticias\/"},{"@type":"ListItem","position":2,"name":"Parque Caldeira recebe 90 lumin\u00e1rias led com capta\u00e7\u00e3o de energia solar"}]},{"@type":"WebSite","@id":"https:\/\/radiolifefm.com.br\/noticias\/#website","url":"https:\/\/radiolifefm.com.br\/noticias\/","name":"R\u00e1dio Life FM","description":"O Portal de Not\u00edcias de Adamantina","publisher":{"@id":"https:\/\/radiolifefm.com.br\/noticias\/#organization"},"alternateName":"Life FM","potentialAction":[{"@type":"SearchAction","target":{"@type":"EntryPoint","urlTemplate":"https:\/\/radiolifefm.com.br\/noticias\/?s={search_term_string}"},"query-input":{"@type":"PropertyValueSpecification","valueRequired":true,"valueName":"search_term_string"}}],"inLanguage":"pt-BR"},{"@type":"Organization","@id":"https:\/\/radiolifefm.com.br\/noticias\/#organization","name":"R\u00e1dio Life FM","alternateName":"Life FM","url":"https:\/\/radiolifefm.com.br\/noticias\/","logo":{"@type":"ImageObject","inLanguage":"pt-BR","@id":"https:\/\/radiolifefm.com.br\/noticias\/#\/schema\/logo\/image\/","url":"https:\/\/static.radiolifefm.com.br\/noticias\/wp-content\/uploads\/2019\/10\/logo-lifefm.png","contentUrl":"https:\/\/static.radiolifefm.com.br\/noticias\/wp-content\/uploads\/2019\/10\/logo-lifefm.png","width":196,"height":47,"caption":"R\u00e1dio Life FM"},"image":{"@id":"https:\/\/radiolifefm.com.br\/noticias\/#\/schema\/logo\/image\/"},"sameAs":["https:\/\/www.facebook.com\/radiolifefm\/","https:\/\/www.instagram.com\/life1079fm\/"]},{"@type":"Person","@id":"https:\/\/radiolifefm.com.br\/noticias\/#\/schema\/person\/6339b9fac59d12b071dec680d7375d87","name":"ritanery","image":{"@type":"ImageObject","inLanguage":"pt-BR","@id":"https:\/\/secure.gravatar.com\/avatar\/0e37bb19071f47c0b8a23f62a903df117c5a0e75f65a0c2901562f97cd41cf86?s=96&d=mm&r=g","url":"https:\/\/secure.gravatar.com\/avatar\/0e37bb19071f47c0b8a23f62a903df117c5a0e75f65a0c2901562f97cd41cf86?s=96&d=mm&r=g","contentUrl":"https:\/\/secure.gravatar.com\/avatar\/0e37bb19071f47c0b8a23f62a903df117c5a0e75f65a0c2901562f97cd41cf86?s=96&d=mm&r=g","caption":"ritanery"}}]}},"amp_enabled":true,"_links":{"self":[{"href":"https:\/\/radiolifefm.com.br\/noticias\/wp-json\/wp\/v2\/posts\/42812","targetHints":{"allow":["GET"]}}],"collection":[{"href":"https:\/\/radiolifefm.com.br\/noticias\/wp-json\/wp\/v2\/posts"}],"about":[{"href":"https:\/\/radiolifefm.com.br\/noticias\/wp-json\/wp\/v2\/types\/post"}],"author":[{"embeddable":true,"href":"https:\/\/radiolifefm.com.br\/noticias\/wp-json\/wp\/v2\/users\/13"}],"replies":[{"embeddable":true,"href":"https:\/\/radiolifefm.com.br\/noticias\/wp-json\/wp\/v2\/comments?post=42812"}],"version-history":[{"count":1,"href":"https:\/\/radiolifefm.com.br\/noticias\/wp-json\/wp\/v2\/posts\/42812\/revisions"}],"predecessor-version":[{"id":42814,"href":"https:\/\/radiolifefm.com.br\/noticias\/wp-json\/wp\/v2\/posts\/42812\/revisions\/42814"}],"wp:featuredmedia":[{"embeddable":true,"href":"https:\/\/radiolifefm.com.br\/noticias\/wp-json\/wp\/v2\/media\/42813"}],"wp:attachment":[{"href":"https:\/\/radiolifefm.com.br\/noticias\/wp-json\/wp\/v2\/media?parent=42812"}],"wp:term":[{"taxonomy":"category","embeddable":true,"href":"https:\/\/radiolifefm.com.br\/noticias\/wp-json\/wp\/v2\/categories?post=42812"},{"taxonomy":"post_tag","embeddable":true,"href":"https:\/\/radiolifefm.com.br\/noticias\/wp-json\/wp\/v2\/tags?post=42812"}],"curies":[{"name":"wp","href":"https:\/\/api.w.org\/{rel}","templated":true}]}}