{"id":42593,"date":"2021-09-09T20:15:44","date_gmt":"2021-09-09T23:15:44","guid":{"rendered":"https:\/\/radiolifefm.com.br\/noticias\/?p=42593"},"modified":"2026-04-10T10:33:18","modified_gmt":"2026-04-10T13:33:18","slug":"cmdca-secretaria-de-assistencia-social-e-conselho-tutelar-executam-diversas-acoes-com-criancas-e-adolescentes-que-estao-comercializando-balas-nos-semaforos-de-adamantina","status":"publish","type":"post","link":"https:\/\/radiolifefm.com.br\/noticias\/cmdca-secretaria-de-assistencia-social-e-conselho-tutelar-executam-diversas-acoes-com-criancas-e-adolescentes-que-estao-comercializando-balas-nos-semaforos-de-adamantina\/","title":{"rendered":"CMDCA, Secretaria de Assist\u00eancia Social e Conselho Tutelar executam diversas a\u00e7\u00f5es com crian\u00e7as e adolescentes que est\u00e3o comercializando balas nos sem\u00e1foros de Adamantina"},"content":{"rendered":"<div id=\"fb-root\"><\/div>\n<p>Desde o come\u00e7o da pandemia, Adamantina tem convivido com uma situa\u00e7\u00e3o diferente, que \u00e9 o surgimento de crian\u00e7as e adolescentes nos sem\u00e1foros existentes no munic\u00edpio.<\/p>\n<p>&nbsp;<\/p>\n<p>A situa\u00e7\u00e3o at\u00edpica mobilizou o Conselho Municipal dos Direitos da Crian\u00e7a e do Adolescente de Adamantina (CMDCA), a Secretaria de Assist\u00eancia Social, Minist\u00e9rio P\u00fablico, Pol\u00edcia Militar e o Conselho Tutelar no desenvolvimento de a\u00e7\u00f5es para a resolu\u00e7\u00e3o do problema.<\/p>\n<p>&nbsp;<\/p>\n<p>De acordo com a presidente do CMDCA, Franciele\u00a0Peron,\u00a0as a\u00e7\u00f5es tiveram in\u00edcio ainda em fevereiro quando o conselho se reuniu para tratar do tema e desde ent\u00e3o as visitas aos sem\u00e1foros com o objetivo de identificar e orientar os envolvidos tem acontecido todos os meses pelos membros do Conselho tutelar.<\/p>\n<p>&nbsp;<\/p>\n<p>Al\u00e9m disso, todas as\u00a0fam\u00edlias\u00a0foram notificadas e orientadas sobre o cumprimento das medidas protetivas. O CRAS, o CREAS e o Conselho Tutelar, em parceria, tamb\u00e9m tem orientado pais e respons\u00e1veis\u00a0sobre a situa\u00e7\u00e3o e solicitado que eles\u00a0retirem as crian\u00e7as dessa situa\u00e7\u00e3o de vulnerabilidade.<\/p>\n<p>&nbsp;<\/p>\n<p>Foi montada ainda uma comiss\u00e3o com membros do CMDCA, do Conselho Tutelar, do \u00f3rg\u00e3o gestor\u00a0e\u00a0do CRAS que conta um planejamento de a\u00e7\u00f5es de mapeamento\u00a0bem como\u00a0acompanhamento que foi transformado em resolu\u00e7\u00e3o pelo CMDCA.<\/p>\n<p>&nbsp;<\/p>\n<p>\u201cConvocamos uma reuni\u00e3o com a equipe t\u00e9cnica, conselheiros, fam\u00edlias, crian\u00e7as e adolescentes. Tomamos essa iniciativa com o objetivo de mostrar que essa situa\u00e7\u00e3o n\u00e3o pode continuar ocorrendo visto que as crian\u00e7as correm risco\u201d, afirma.<\/p>\n<p>&nbsp;<\/p>\n<p>A comiss\u00e3o fez um levantamento do perfil das fam\u00edlias, das crian\u00e7as e dos adolescentes,\u00a0trabalho acompanhado por profissional t\u00e9cnico de psicologia vinculado ao \u00f3rg\u00e3o gestor.<\/p>\n<p>&nbsp;<\/p>\n<p>\u201cTemos contado ainda com o apoio do Minist\u00e9rio P\u00fablico. O promotor da vara da inf\u00e2ncia e da juventude, Jo\u00e3o Carlos Talarico, realizou uma reuni\u00e3o com todas as fam\u00edlias e com as crian\u00e7as e adolescentes a fim de mais uma vez evidenciar que eles est\u00e3o em risco agindo dessa forma\u201d, diz.<\/p>\n<p>&nbsp;<\/p>\n<p>Franciele ainda comenta que a comiss\u00e3o tem contado com o apoio da Pol\u00edcia Militar e o acompanhamento do fluxo de crian\u00e7as e adolescentes nos sem\u00e1foros tem sido frequente.<\/p>\n<p>\u201cPedimos que a popula\u00e7\u00e3o colabore com a nossa equipe, informando sobre a presen\u00e7a de crian\u00e7as e adolescentes nos sem\u00e1foros. As a\u00e7\u00f5es j\u00e1 est\u00e3o em desenvolvimento desde o m\u00eas de fevereiro e temos obtido avan\u00e7os, por\u00e9m o processo \u00e9 lento!\u201d, assegura.<\/p>\n<p>&nbsp;<\/p>\n<p><strong>Servi\u00e7o &#8211;<\/strong>\u00a0Em caso de den\u00fancia ou orienta\u00e7\u00e3o, a pessoa deve entrar em contato com o Conselho Tutelar pelo telefone (18) 3522-4311 e Secretaria Municipal de Assist\u00eancia Social de Adamantina pelo telefone (18) 3521-1900.<\/p>\n<p>&nbsp;<\/p>\n<p><strong>Retorno das Atividades<\/strong><\/p>\n<p>A partir de segunda-feira (13), os atendimentos nos servi\u00e7os de conviv\u00eancia e fortalecimento de v\u00ednculos em formato h\u00edbrido ser\u00e3o retomados. Em Adamantina, esse servi\u00e7o \u00e9 prestado pelo IAMA, Lar Crist\u00e3o, Projeto Asa e Projeto Semeando para o Futuro (Casa do Garoto).<\/p>\n<p>&nbsp;<\/p>\n<p>Todos eles s\u00e3o vinculados ao Centro de Refer\u00eancia de Assist\u00eancia Social (CRAS), \u00f3rg\u00e3o que pertence \u00e0 Secretaria de Assist\u00eancia Social. Dentre as atividades que os atendidos participar\u00e3o est\u00e3o: atividades socioeducativas e pr\u00e1ticas esportivas, entre elas, a capoeira.<\/p>\n<p>&nbsp;<\/p>\n<p>Fonte: Assessoria de Imprensa<\/p>\n","protected":false},"excerpt":{"rendered":"<p>Desde o come\u00e7o da pandemia, Adamantina tem convivido com uma situa\u00e7\u00e3o diferente, que \u00e9 o surgimento de crian\u00e7as e adolescentes nos sem\u00e1foros existentes no munic\u00edpio. &nbsp; A situa\u00e7\u00e3o at\u00edpica mobilizou o Conselho Municipal dos Direitos da Crian\u00e7a e do Adolescente de Adamantina (CMDCA), a Secretaria de Assist\u00eancia Social, Minist\u00e9rio P\u00fablico, Pol\u00edcia Militar e o Conselho [&hellip;]<\/p>\n","protected":false},"author":13,"featured_media":42594,"comment_status":"closed","ping_status":"open","sticky":false,"template":"","format":"standard","meta":{"_acf_changed":false,"_exactmetrics_skip_tracking":false,"_exactmetrics_sitenote_active":false,"_exactmetrics_sitenote_note":"","_exactmetrics_sitenote_category":0,"footnotes":""},"categories":[21],"tags":[],"class_list":["post-42593","post","type-post","status-publish","format-standard","has-post-thumbnail","hentry","category-adamantina"],"acf":[],"yoast_head":"<!-- This site is optimized with the Yoast SEO plugin v27.2 - https:\/\/yoast.com\/product\/yoast-seo-wordpress\/ -->\n<title>CMDCA, Secretaria de Assist\u00eancia Social e Conselho Tutelar executam diversas a\u00e7\u00f5es com crian\u00e7as e adolescentes que est\u00e3o comercializando balas nos sem\u00e1foros de Adamantina - R\u00e1dio Life FM<\/title>\n<meta name=\"robots\" content=\"index, follow, max-snippet:-1, max-image-preview:large, max-video-preview:-1\" \/>\n<link rel=\"canonical\" href=\"https:\/\/radiolifefm.com.br\/noticias\/cmdca-secretaria-de-assistencia-social-e-conselho-tutelar-executam-diversas-acoes-com-criancas-e-adolescentes-que-estao-comercializando-balas-nos-semaforos-de-adamantina\/\" \/>\n<meta property=\"og:locale\" content=\"pt_BR\" \/>\n<meta property=\"og:type\" content=\"article\" \/>\n<meta property=\"og:title\" content=\"CMDCA, Secretaria de Assist\u00eancia Social e Conselho Tutelar executam diversas a\u00e7\u00f5es com crian\u00e7as e adolescentes que est\u00e3o comercializando balas nos sem\u00e1foros de Adamantina - R\u00e1dio Life FM\" \/>\n<meta property=\"og:description\" content=\"Desde o come\u00e7o da pandemia, Adamantina tem convivido com uma situa\u00e7\u00e3o diferente, que \u00e9 o surgimento de crian\u00e7as e adolescentes nos sem\u00e1foros existentes no munic\u00edpio. &nbsp; A situa\u00e7\u00e3o at\u00edpica mobilizou o Conselho Municipal dos Direitos da Crian\u00e7a e do Adolescente de Adamantina (CMDCA), a Secretaria de Assist\u00eancia Social, Minist\u00e9rio P\u00fablico, Pol\u00edcia Militar e o Conselho [&hellip;]\" \/>\n<meta property=\"og:url\" content=\"https:\/\/radiolifefm.com.br\/noticias\/cmdca-secretaria-de-assistencia-social-e-conselho-tutelar-executam-diversas-acoes-com-criancas-e-adolescentes-que-estao-comercializando-balas-nos-semaforos-de-adamantina\/\" \/>\n<meta property=\"og:site_name\" content=\"R\u00e1dio Life FM\" \/>\n<meta property=\"article:publisher\" content=\"https:\/\/www.facebook.com\/radiolifefm\/\" \/>\n<meta property=\"article:published_time\" content=\"2021-09-09T23:15:44+00:00\" \/>\n<meta property=\"article:modified_time\" content=\"2026-04-10T13:33:18+00:00\" \/>\n<meta property=\"og:image\" content=\"https:\/\/radiolifefm.com.br\/noticias\/wp-content\/uploads\/2021\/09\/Foto-8.jpeg\" \/>\n\t<meta property=\"og:image:width\" content=\"1500\" \/>\n\t<meta property=\"og:image:height\" content=\"1069\" \/>\n\t<meta property=\"og:image:type\" content=\"image\/jpeg\" \/>\n<meta name=\"author\" content=\"ritanery\" \/>\n<meta name=\"twitter:card\" content=\"summary_large_image\" \/>\n<meta name=\"twitter:label1\" content=\"Escrito por\" \/>\n\t<meta name=\"twitter:data1\" content=\"ritanery\" \/>\n\t<meta name=\"twitter:label2\" content=\"Est. tempo de leitura\" \/>\n\t<meta name=\"twitter:data2\" content=\"3 minutos\" \/>\n<script type=\"application\/ld+json\" class=\"yoast-schema-graph\">{\"@context\":\"https:\/\/schema.org\",\"@graph\":[{\"@type\":\"Article\",\"@id\":\"https:\/\/radiolifefm.com.br\/noticias\/cmdca-secretaria-de-assistencia-social-e-conselho-tutelar-executam-diversas-acoes-com-criancas-e-adolescentes-que-estao-comercializando-balas-nos-semaforos-de-adamantina\/#article\",\"isPartOf\":{\"@id\":\"https:\/\/radiolifefm.com.br\/noticias\/cmdca-secretaria-de-assistencia-social-e-conselho-tutelar-executam-diversas-acoes-com-criancas-e-adolescentes-que-estao-comercializando-balas-nos-semaforos-de-adamantina\/\"},\"author\":{\"name\":\"ritanery\",\"@id\":\"https:\/\/radiolifefm.com.br\/noticias\/#\/schema\/person\/6339b9fac59d12b071dec680d7375d87\"},\"headline\":\"CMDCA, Secretaria de Assist\u00eancia Social e Conselho Tutelar executam diversas a\u00e7\u00f5es com crian\u00e7as e adolescentes que est\u00e3o comercializando balas nos sem\u00e1foros de Adamantina\",\"datePublished\":\"2021-09-09T23:15:44+00:00\",\"dateModified\":\"2026-04-10T13:33:18+00:00\",\"mainEntityOfPage\":{\"@id\":\"https:\/\/radiolifefm.com.br\/noticias\/cmdca-secretaria-de-assistencia-social-e-conselho-tutelar-executam-diversas-acoes-com-criancas-e-adolescentes-que-estao-comercializando-balas-nos-semaforos-de-adamantina\/\"},\"wordCount\":606,\"publisher\":{\"@id\":\"https:\/\/radiolifefm.com.br\/noticias\/#organization\"},\"image\":{\"@id\":\"https:\/\/radiolifefm.com.br\/noticias\/cmdca-secretaria-de-assistencia-social-e-conselho-tutelar-executam-diversas-acoes-com-criancas-e-adolescentes-que-estao-comercializando-balas-nos-semaforos-de-adamantina\/#primaryimage\"},\"thumbnailUrl\":\"https:\/\/radiolifefm.com.br\/noticias\/wp-content\/uploads\/2021\/09\/Foto-8.jpeg\",\"articleSection\":[\"Adamantina\"],\"inLanguage\":\"pt-BR\"},{\"@type\":\"WebPage\",\"@id\":\"https:\/\/radiolifefm.com.br\/noticias\/cmdca-secretaria-de-assistencia-social-e-conselho-tutelar-executam-diversas-acoes-com-criancas-e-adolescentes-que-estao-comercializando-balas-nos-semaforos-de-adamantina\/\",\"url\":\"https:\/\/radiolifefm.com.br\/noticias\/cmdca-secretaria-de-assistencia-social-e-conselho-tutelar-executam-diversas-acoes-com-criancas-e-adolescentes-que-estao-comercializando-balas-nos-semaforos-de-adamantina\/\",\"name\":\"CMDCA, Secretaria de Assist\u00eancia Social e Conselho Tutelar executam diversas a\u00e7\u00f5es com crian\u00e7as e adolescentes que est\u00e3o comercializando balas nos sem\u00e1foros de Adamantina - R\u00e1dio Life FM\",\"isPartOf\":{\"@id\":\"https:\/\/radiolifefm.com.br\/noticias\/#website\"},\"primaryImageOfPage\":{\"@id\":\"https:\/\/radiolifefm.com.br\/noticias\/cmdca-secretaria-de-assistencia-social-e-conselho-tutelar-executam-diversas-acoes-com-criancas-e-adolescentes-que-estao-comercializando-balas-nos-semaforos-de-adamantina\/#primaryimage\"},\"image\":{\"@id\":\"https:\/\/radiolifefm.com.br\/noticias\/cmdca-secretaria-de-assistencia-social-e-conselho-tutelar-executam-diversas-acoes-com-criancas-e-adolescentes-que-estao-comercializando-balas-nos-semaforos-de-adamantina\/#primaryimage\"},\"thumbnailUrl\":\"https:\/\/radiolifefm.com.br\/noticias\/wp-content\/uploads\/2021\/09\/Foto-8.jpeg\",\"datePublished\":\"2021-09-09T23:15:44+00:00\",\"dateModified\":\"2026-04-10T13:33:18+00:00\",\"breadcrumb\":{\"@id\":\"https:\/\/radiolifefm.com.br\/noticias\/cmdca-secretaria-de-assistencia-social-e-conselho-tutelar-executam-diversas-acoes-com-criancas-e-adolescentes-que-estao-comercializando-balas-nos-semaforos-de-adamantina\/#breadcrumb\"},\"inLanguage\":\"pt-BR\",\"potentialAction\":[{\"@type\":\"ReadAction\",\"target\":[\"https:\/\/radiolifefm.com.br\/noticias\/cmdca-secretaria-de-assistencia-social-e-conselho-tutelar-executam-diversas-acoes-com-criancas-e-adolescentes-que-estao-comercializando-balas-nos-semaforos-de-adamantina\/\"]}]},{\"@type\":\"ImageObject\",\"inLanguage\":\"pt-BR\",\"@id\":\"https:\/\/radiolifefm.com.br\/noticias\/cmdca-secretaria-de-assistencia-social-e-conselho-tutelar-executam-diversas-acoes-com-criancas-e-adolescentes-que-estao-comercializando-balas-nos-semaforos-de-adamantina\/#primaryimage\",\"url\":\"https:\/\/radiolifefm.com.br\/noticias\/wp-content\/uploads\/2021\/09\/Foto-8.jpeg\",\"contentUrl\":\"https:\/\/radiolifefm.com.br\/noticias\/wp-content\/uploads\/2021\/09\/Foto-8.jpeg\",\"width\":1500,\"height\":1069,\"caption\":\"Iniciativa ainda conta com o apoio do Minist\u00e9rio P\u00fablico e da Pol\u00edcia Militar\"},{\"@type\":\"BreadcrumbList\",\"@id\":\"https:\/\/radiolifefm.com.br\/noticias\/cmdca-secretaria-de-assistencia-social-e-conselho-tutelar-executam-diversas-acoes-com-criancas-e-adolescentes-que-estao-comercializando-balas-nos-semaforos-de-adamantina\/#breadcrumb\",\"itemListElement\":[{\"@type\":\"ListItem\",\"position\":1,\"name\":\"In\u00edcio\",\"item\":\"https:\/\/radiolifefm.com.br\/noticias\/\"},{\"@type\":\"ListItem\",\"position\":2,\"name\":\"CMDCA, Secretaria de Assist\u00eancia Social e Conselho Tutelar executam diversas a\u00e7\u00f5es com crian\u00e7as e adolescentes que est\u00e3o comercializando balas nos sem\u00e1foros de Adamantina\"}]},{\"@type\":\"WebSite\",\"@id\":\"https:\/\/radiolifefm.com.br\/noticias\/#website\",\"url\":\"https:\/\/radiolifefm.com.br\/noticias\/\",\"name\":\"R\u00e1dio Life FM\",\"description\":\"O Portal de Not\u00edcias de Adamantina\",\"publisher\":{\"@id\":\"https:\/\/radiolifefm.com.br\/noticias\/#organization\"},\"alternateName\":\"Life FM\",\"potentialAction\":[{\"@type\":\"SearchAction\",\"target\":{\"@type\":\"EntryPoint\",\"urlTemplate\":\"https:\/\/radiolifefm.com.br\/noticias\/?s={search_term_string}\"},\"query-input\":{\"@type\":\"PropertyValueSpecification\",\"valueRequired\":true,\"valueName\":\"search_term_string\"}}],\"inLanguage\":\"pt-BR\"},{\"@type\":\"Organization\",\"@id\":\"https:\/\/radiolifefm.com.br\/noticias\/#organization\",\"name\":\"R\u00e1dio Life FM\",\"alternateName\":\"Life FM\",\"url\":\"https:\/\/radiolifefm.com.br\/noticias\/\",\"logo\":{\"@type\":\"ImageObject\",\"inLanguage\":\"pt-BR\",\"@id\":\"https:\/\/radiolifefm.com.br\/noticias\/#\/schema\/logo\/image\/\",\"url\":\"https:\/\/static.radiolifefm.com.br\/noticias\/wp-content\/uploads\/2019\/10\/logo-lifefm.png\",\"contentUrl\":\"https:\/\/static.radiolifefm.com.br\/noticias\/wp-content\/uploads\/2019\/10\/logo-lifefm.png\",\"width\":196,\"height\":47,\"caption\":\"R\u00e1dio Life FM\"},\"image\":{\"@id\":\"https:\/\/radiolifefm.com.br\/noticias\/#\/schema\/logo\/image\/\"},\"sameAs\":[\"https:\/\/www.facebook.com\/radiolifefm\/\",\"https:\/\/www.instagram.com\/life1079fm\/\"]},{\"@type\":\"Person\",\"@id\":\"https:\/\/radiolifefm.com.br\/noticias\/#\/schema\/person\/6339b9fac59d12b071dec680d7375d87\",\"name\":\"ritanery\",\"image\":{\"@type\":\"ImageObject\",\"inLanguage\":\"pt-BR\",\"@id\":\"https:\/\/secure.gravatar.com\/avatar\/0e37bb19071f47c0b8a23f62a903df117c5a0e75f65a0c2901562f97cd41cf86?s=96&d=mm&r=g\",\"url\":\"https:\/\/secure.gravatar.com\/avatar\/0e37bb19071f47c0b8a23f62a903df117c5a0e75f65a0c2901562f97cd41cf86?s=96&d=mm&r=g\",\"contentUrl\":\"https:\/\/secure.gravatar.com\/avatar\/0e37bb19071f47c0b8a23f62a903df117c5a0e75f65a0c2901562f97cd41cf86?s=96&d=mm&r=g\",\"caption\":\"ritanery\"}}]}<\/script>\n<!-- \/ Yoast SEO plugin. -->","yoast_head_json":{"title":"CMDCA, Secretaria de Assist\u00eancia Social e Conselho Tutelar executam diversas a\u00e7\u00f5es com crian\u00e7as e adolescentes que est\u00e3o comercializando balas nos sem\u00e1foros de Adamantina - R\u00e1dio Life FM","robots":{"index":"index","follow":"follow","max-snippet":"max-snippet:-1","max-image-preview":"max-image-preview:large","max-video-preview":"max-video-preview:-1"},"canonical":"https:\/\/radiolifefm.com.br\/noticias\/cmdca-secretaria-de-assistencia-social-e-conselho-tutelar-executam-diversas-acoes-com-criancas-e-adolescentes-que-estao-comercializando-balas-nos-semaforos-de-adamantina\/","og_locale":"pt_BR","og_type":"article","og_title":"CMDCA, Secretaria de Assist\u00eancia Social e Conselho Tutelar executam diversas a\u00e7\u00f5es com crian\u00e7as e adolescentes que est\u00e3o comercializando balas nos sem\u00e1foros de Adamantina - R\u00e1dio Life FM","og_description":"Desde o come\u00e7o da pandemia, Adamantina tem convivido com uma situa\u00e7\u00e3o diferente, que \u00e9 o surgimento de crian\u00e7as e adolescentes nos sem\u00e1foros existentes no munic\u00edpio. &nbsp; A situa\u00e7\u00e3o at\u00edpica mobilizou o Conselho Municipal dos Direitos da Crian\u00e7a e do Adolescente de Adamantina (CMDCA), a Secretaria de Assist\u00eancia Social, Minist\u00e9rio P\u00fablico, Pol\u00edcia Militar e o Conselho [&hellip;]","og_url":"https:\/\/radiolifefm.com.br\/noticias\/cmdca-secretaria-de-assistencia-social-e-conselho-tutelar-executam-diversas-acoes-com-criancas-e-adolescentes-que-estao-comercializando-balas-nos-semaforos-de-adamantina\/","og_site_name":"R\u00e1dio Life FM","article_publisher":"https:\/\/www.facebook.com\/radiolifefm\/","article_published_time":"2021-09-09T23:15:44+00:00","article_modified_time":"2026-04-10T13:33:18+00:00","og_image":[{"width":1500,"height":1069,"url":"https:\/\/radiolifefm.com.br\/noticias\/wp-content\/uploads\/2021\/09\/Foto-8.jpeg","type":"image\/jpeg"}],"author":"ritanery","twitter_card":"summary_large_image","twitter_misc":{"Escrito por":"ritanery","Est. tempo de leitura":"3 minutos"},"schema":{"@context":"https:\/\/schema.org","@graph":[{"@type":"Article","@id":"https:\/\/radiolifefm.com.br\/noticias\/cmdca-secretaria-de-assistencia-social-e-conselho-tutelar-executam-diversas-acoes-com-criancas-e-adolescentes-que-estao-comercializando-balas-nos-semaforos-de-adamantina\/#article","isPartOf":{"@id":"https:\/\/radiolifefm.com.br\/noticias\/cmdca-secretaria-de-assistencia-social-e-conselho-tutelar-executam-diversas-acoes-com-criancas-e-adolescentes-que-estao-comercializando-balas-nos-semaforos-de-adamantina\/"},"author":{"name":"ritanery","@id":"https:\/\/radiolifefm.com.br\/noticias\/#\/schema\/person\/6339b9fac59d12b071dec680d7375d87"},"headline":"CMDCA, Secretaria de Assist\u00eancia Social e Conselho Tutelar executam diversas a\u00e7\u00f5es com crian\u00e7as e adolescentes que est\u00e3o comercializando balas nos sem\u00e1foros de Adamantina","datePublished":"2021-09-09T23:15:44+00:00","dateModified":"2026-04-10T13:33:18+00:00","mainEntityOfPage":{"@id":"https:\/\/radiolifefm.com.br\/noticias\/cmdca-secretaria-de-assistencia-social-e-conselho-tutelar-executam-diversas-acoes-com-criancas-e-adolescentes-que-estao-comercializando-balas-nos-semaforos-de-adamantina\/"},"wordCount":606,"publisher":{"@id":"https:\/\/radiolifefm.com.br\/noticias\/#organization"},"image":{"@id":"https:\/\/radiolifefm.com.br\/noticias\/cmdca-secretaria-de-assistencia-social-e-conselho-tutelar-executam-diversas-acoes-com-criancas-e-adolescentes-que-estao-comercializando-balas-nos-semaforos-de-adamantina\/#primaryimage"},"thumbnailUrl":"https:\/\/radiolifefm.com.br\/noticias\/wp-content\/uploads\/2021\/09\/Foto-8.jpeg","articleSection":["Adamantina"],"inLanguage":"pt-BR"},{"@type":"WebPage","@id":"https:\/\/radiolifefm.com.br\/noticias\/cmdca-secretaria-de-assistencia-social-e-conselho-tutelar-executam-diversas-acoes-com-criancas-e-adolescentes-que-estao-comercializando-balas-nos-semaforos-de-adamantina\/","url":"https:\/\/radiolifefm.com.br\/noticias\/cmdca-secretaria-de-assistencia-social-e-conselho-tutelar-executam-diversas-acoes-com-criancas-e-adolescentes-que-estao-comercializando-balas-nos-semaforos-de-adamantina\/","name":"CMDCA, Secretaria de Assist\u00eancia Social e Conselho Tutelar executam diversas a\u00e7\u00f5es com crian\u00e7as e adolescentes que est\u00e3o comercializando balas nos sem\u00e1foros de Adamantina - R\u00e1dio Life FM","isPartOf":{"@id":"https:\/\/radiolifefm.com.br\/noticias\/#website"},"primaryImageOfPage":{"@id":"https:\/\/radiolifefm.com.br\/noticias\/cmdca-secretaria-de-assistencia-social-e-conselho-tutelar-executam-diversas-acoes-com-criancas-e-adolescentes-que-estao-comercializando-balas-nos-semaforos-de-adamantina\/#primaryimage"},"image":{"@id":"https:\/\/radiolifefm.com.br\/noticias\/cmdca-secretaria-de-assistencia-social-e-conselho-tutelar-executam-diversas-acoes-com-criancas-e-adolescentes-que-estao-comercializando-balas-nos-semaforos-de-adamantina\/#primaryimage"},"thumbnailUrl":"https:\/\/radiolifefm.com.br\/noticias\/wp-content\/uploads\/2021\/09\/Foto-8.jpeg","datePublished":"2021-09-09T23:15:44+00:00","dateModified":"2026-04-10T13:33:18+00:00","breadcrumb":{"@id":"https:\/\/radiolifefm.com.br\/noticias\/cmdca-secretaria-de-assistencia-social-e-conselho-tutelar-executam-diversas-acoes-com-criancas-e-adolescentes-que-estao-comercializando-balas-nos-semaforos-de-adamantina\/#breadcrumb"},"inLanguage":"pt-BR","potentialAction":[{"@type":"ReadAction","target":["https:\/\/radiolifefm.com.br\/noticias\/cmdca-secretaria-de-assistencia-social-e-conselho-tutelar-executam-diversas-acoes-com-criancas-e-adolescentes-que-estao-comercializando-balas-nos-semaforos-de-adamantina\/"]}]},{"@type":"ImageObject","inLanguage":"pt-BR","@id":"https:\/\/radiolifefm.com.br\/noticias\/cmdca-secretaria-de-assistencia-social-e-conselho-tutelar-executam-diversas-acoes-com-criancas-e-adolescentes-que-estao-comercializando-balas-nos-semaforos-de-adamantina\/#primaryimage","url":"https:\/\/radiolifefm.com.br\/noticias\/wp-content\/uploads\/2021\/09\/Foto-8.jpeg","contentUrl":"https:\/\/radiolifefm.com.br\/noticias\/wp-content\/uploads\/2021\/09\/Foto-8.jpeg","width":1500,"height":1069,"caption":"Iniciativa ainda conta com o apoio do Minist\u00e9rio P\u00fablico e da Pol\u00edcia Militar"},{"@type":"BreadcrumbList","@id":"https:\/\/radiolifefm.com.br\/noticias\/cmdca-secretaria-de-assistencia-social-e-conselho-tutelar-executam-diversas-acoes-com-criancas-e-adolescentes-que-estao-comercializando-balas-nos-semaforos-de-adamantina\/#breadcrumb","itemListElement":[{"@type":"ListItem","position":1,"name":"In\u00edcio","item":"https:\/\/radiolifefm.com.br\/noticias\/"},{"@type":"ListItem","position":2,"name":"CMDCA, Secretaria de Assist\u00eancia Social e Conselho Tutelar executam diversas a\u00e7\u00f5es com crian\u00e7as e adolescentes que est\u00e3o comercializando balas nos sem\u00e1foros de Adamantina"}]},{"@type":"WebSite","@id":"https:\/\/radiolifefm.com.br\/noticias\/#website","url":"https:\/\/radiolifefm.com.br\/noticias\/","name":"R\u00e1dio Life FM","description":"O Portal de Not\u00edcias de Adamantina","publisher":{"@id":"https:\/\/radiolifefm.com.br\/noticias\/#organization"},"alternateName":"Life FM","potentialAction":[{"@type":"SearchAction","target":{"@type":"EntryPoint","urlTemplate":"https:\/\/radiolifefm.com.br\/noticias\/?s={search_term_string}"},"query-input":{"@type":"PropertyValueSpecification","valueRequired":true,"valueName":"search_term_string"}}],"inLanguage":"pt-BR"},{"@type":"Organization","@id":"https:\/\/radiolifefm.com.br\/noticias\/#organization","name":"R\u00e1dio Life FM","alternateName":"Life FM","url":"https:\/\/radiolifefm.com.br\/noticias\/","logo":{"@type":"ImageObject","inLanguage":"pt-BR","@id":"https:\/\/radiolifefm.com.br\/noticias\/#\/schema\/logo\/image\/","url":"https:\/\/static.radiolifefm.com.br\/noticias\/wp-content\/uploads\/2019\/10\/logo-lifefm.png","contentUrl":"https:\/\/static.radiolifefm.com.br\/noticias\/wp-content\/uploads\/2019\/10\/logo-lifefm.png","width":196,"height":47,"caption":"R\u00e1dio Life FM"},"image":{"@id":"https:\/\/radiolifefm.com.br\/noticias\/#\/schema\/logo\/image\/"},"sameAs":["https:\/\/www.facebook.com\/radiolifefm\/","https:\/\/www.instagram.com\/life1079fm\/"]},{"@type":"Person","@id":"https:\/\/radiolifefm.com.br\/noticias\/#\/schema\/person\/6339b9fac59d12b071dec680d7375d87","name":"ritanery","image":{"@type":"ImageObject","inLanguage":"pt-BR","@id":"https:\/\/secure.gravatar.com\/avatar\/0e37bb19071f47c0b8a23f62a903df117c5a0e75f65a0c2901562f97cd41cf86?s=96&d=mm&r=g","url":"https:\/\/secure.gravatar.com\/avatar\/0e37bb19071f47c0b8a23f62a903df117c5a0e75f65a0c2901562f97cd41cf86?s=96&d=mm&r=g","contentUrl":"https:\/\/secure.gravatar.com\/avatar\/0e37bb19071f47c0b8a23f62a903df117c5a0e75f65a0c2901562f97cd41cf86?s=96&d=mm&r=g","caption":"ritanery"}}]}},"amp_enabled":true,"_links":{"self":[{"href":"https:\/\/radiolifefm.com.br\/noticias\/wp-json\/wp\/v2\/posts\/42593","targetHints":{"allow":["GET"]}}],"collection":[{"href":"https:\/\/radiolifefm.com.br\/noticias\/wp-json\/wp\/v2\/posts"}],"about":[{"href":"https:\/\/radiolifefm.com.br\/noticias\/wp-json\/wp\/v2\/types\/post"}],"author":[{"embeddable":true,"href":"https:\/\/radiolifefm.com.br\/noticias\/wp-json\/wp\/v2\/users\/13"}],"replies":[{"embeddable":true,"href":"https:\/\/radiolifefm.com.br\/noticias\/wp-json\/wp\/v2\/comments?post=42593"}],"version-history":[{"count":1,"href":"https:\/\/radiolifefm.com.br\/noticias\/wp-json\/wp\/v2\/posts\/42593\/revisions"}],"predecessor-version":[{"id":42595,"href":"https:\/\/radiolifefm.com.br\/noticias\/wp-json\/wp\/v2\/posts\/42593\/revisions\/42595"}],"wp:featuredmedia":[{"embeddable":true,"href":"https:\/\/radiolifefm.com.br\/noticias\/wp-json\/wp\/v2\/media\/42594"}],"wp:attachment":[{"href":"https:\/\/radiolifefm.com.br\/noticias\/wp-json\/wp\/v2\/media?parent=42593"}],"wp:term":[{"taxonomy":"category","embeddable":true,"href":"https:\/\/radiolifefm.com.br\/noticias\/wp-json\/wp\/v2\/categories?post=42593"},{"taxonomy":"post_tag","embeddable":true,"href":"https:\/\/radiolifefm.com.br\/noticias\/wp-json\/wp\/v2\/tags?post=42593"}],"curies":[{"name":"wp","href":"https:\/\/api.w.org\/{rel}","templated":true}]}}