{"id":42588,"date":"2021-09-09T20:08:36","date_gmt":"2021-09-09T23:08:36","guid":{"rendered":"https:\/\/radiolifefm.com.br\/noticias\/?p=42588"},"modified":"2025-10-08T01:49:03","modified_gmt":"2025-10-08T04:49:03","slug":"servicos-de-convivencia-e-de-fortalecimento-de-vinculos-retornam-em-formato-hibrido-a-partir-de-segunda-feira-13-em-adamantina","status":"publish","type":"post","link":"https:\/\/radiolifefm.com.br\/noticias\/servicos-de-convivencia-e-de-fortalecimento-de-vinculos-retornam-em-formato-hibrido-a-partir-de-segunda-feira-13-em-adamantina\/","title":{"rendered":"Servi\u00e7os de Conviv\u00eancia e de Fortalecimento de V\u00ednculos retornam em formato h\u00edbrido a partir de segunda-feira (13) em Adamantina"},"content":{"rendered":"<div id=\"fb-root\"><\/div>\n<p>A partir de segunda-feira (13), os atendimentos nos servi\u00e7os de conviv\u00eancia e fortalecimento de v\u00ednculos em formato h\u00edbrido ser\u00e3o retomados. Em Adamantina, esse servi\u00e7o \u00e9 prestado pelo IAMA, Lar Crist\u00e3o, Projeto Asa e Projeto Semeando para o Futuro (Casa do Garoto).<\/p>\n<p>&nbsp;<\/p>\n<p>Todos eles s\u00e3o vinculados ao Centro de Refer\u00eancia de Assist\u00eancia Social (CRAS), \u00f3rg\u00e3o que pertence \u00e0 Secretaria de Assist\u00eancia Social.<\/p>\n<p>&nbsp;<\/p>\n<p>Para a retomada, o CRAS e os prestadores do servi\u00e7o realizaram reuni\u00f5es e cada um elaborou um protocolo sanit\u00e1rio que objetiva evitar a dissemina\u00e7\u00e3o da COVID-19. Al\u00e9m disso, o documento ainda aponta todos os cuidados que devem ser mantidos, bem como o distanciamento social.<\/p>\n<p>&nbsp;<\/p>\n<p>S\u00e3o atendidas ao todo 410 crian\u00e7as e adolescentes que tem entre 4 e 15 anos. Neste momento, o retorno ser\u00e1 com metade do p\u00fablico atendido e condicionada ainda ao preenchimento e assinatura de um termo de responsabilidade.<\/p>\n<p>&nbsp;<\/p>\n<p>O termo de responsabilidade j\u00e1 est\u00e1 dispon\u00edvel em todos os prestadores de servi\u00e7o e deve ser entregue na segunda-feira (13).<\/p>\n<p>&nbsp;<\/p>\n<p>O Servi\u00e7o de Conviv\u00eancia e Fortalecimento de V\u00ednculos \u00e9 um Servi\u00e7o de Prote\u00e7\u00e3o Social B\u00e1sica do SUAS, ofertado de forma complementar ao trabalho social com as fam\u00edlias que \u00e9 realizado por meio do Servi\u00e7o de Prote\u00e7\u00e3o e Atendimento Integral \u00e0s Fam\u00edlias (PAIF). Mais informa\u00e7\u00f5es podem ser obtidas no CRAS pelo telefone (18) 3521-3239.<\/p>\n<p>&nbsp;<\/p>\n<p>Fonte: Assessoria de Imprensa<\/p>\n","protected":false},"excerpt":{"rendered":"<p>A partir de segunda-feira (13), os atendimentos nos servi\u00e7os de conviv\u00eancia e fortalecimento de v\u00ednculos em formato h\u00edbrido ser\u00e3o retomados. Em Adamantina, esse servi\u00e7o \u00e9 prestado pelo IAMA, Lar Crist\u00e3o, Projeto Asa e Projeto Semeando para o Futuro (Casa do Garoto). &nbsp; Todos eles s\u00e3o vinculados ao Centro de Refer\u00eancia de Assist\u00eancia Social (CRAS), \u00f3rg\u00e3o [&hellip;]<\/p>\n","protected":false},"author":13,"featured_media":42589,"comment_status":"closed","ping_status":"open","sticky":false,"template":"","format":"standard","meta":{"_acf_changed":false,"_exactmetrics_skip_tracking":false,"_exactmetrics_sitenote_active":false,"_exactmetrics_sitenote_note":"","_exactmetrics_sitenote_category":0,"footnotes":""},"categories":[21],"tags":[],"class_list":["post-42588","post","type-post","status-publish","format-standard","has-post-thumbnail","hentry","category-adamantina"],"acf":[],"yoast_head":"<!-- This site is optimized with the Yoast SEO plugin v27.2 - https:\/\/yoast.com\/product\/yoast-seo-wordpress\/ -->\n<title>Servi\u00e7os de Conviv\u00eancia e de Fortalecimento de V\u00ednculos retornam em formato h\u00edbrido a partir de segunda-feira (13) em Adamantina - R\u00e1dio Life FM<\/title>\n<meta name=\"robots\" content=\"index, follow, max-snippet:-1, max-image-preview:large, max-video-preview:-1\" \/>\n<link rel=\"canonical\" href=\"https:\/\/radiolifefm.com.br\/noticias\/servicos-de-convivencia-e-de-fortalecimento-de-vinculos-retornam-em-formato-hibrido-a-partir-de-segunda-feira-13-em-adamantina\/\" \/>\n<meta property=\"og:locale\" content=\"pt_BR\" \/>\n<meta property=\"og:type\" content=\"article\" \/>\n<meta property=\"og:title\" content=\"Servi\u00e7os de Conviv\u00eancia e de Fortalecimento de V\u00ednculos retornam em formato h\u00edbrido a partir de segunda-feira (13) em Adamantina - R\u00e1dio Life FM\" \/>\n<meta property=\"og:description\" content=\"A partir de segunda-feira (13), os atendimentos nos servi\u00e7os de conviv\u00eancia e fortalecimento de v\u00ednculos em formato h\u00edbrido ser\u00e3o retomados. Em Adamantina, esse servi\u00e7o \u00e9 prestado pelo IAMA, Lar Crist\u00e3o, Projeto Asa e Projeto Semeando para o Futuro (Casa do Garoto). &nbsp; Todos eles s\u00e3o vinculados ao Centro de Refer\u00eancia de Assist\u00eancia Social (CRAS), \u00f3rg\u00e3o [&hellip;]\" \/>\n<meta property=\"og:url\" content=\"https:\/\/radiolifefm.com.br\/noticias\/servicos-de-convivencia-e-de-fortalecimento-de-vinculos-retornam-em-formato-hibrido-a-partir-de-segunda-feira-13-em-adamantina\/\" \/>\n<meta property=\"og:site_name\" content=\"R\u00e1dio Life FM\" \/>\n<meta property=\"article:publisher\" content=\"https:\/\/www.facebook.com\/radiolifefm\/\" \/>\n<meta property=\"article:published_time\" content=\"2021-09-09T23:08:36+00:00\" \/>\n<meta property=\"article:modified_time\" content=\"2025-10-08T04:49:03+00:00\" \/>\n<meta property=\"og:image\" content=\"https:\/\/static.radiolifefm.com.br\/noticias\/wp-content\/uploads\/2021\/09\/foto-6.jpeg\" \/>\n\t<meta property=\"og:image:width\" content=\"1600\" \/>\n\t<meta property=\"og:image:height\" content=\"1200\" \/>\n\t<meta property=\"og:image:type\" content=\"image\/jpeg\" \/>\n<meta name=\"author\" content=\"ritanery\" \/>\n<meta name=\"twitter:card\" content=\"summary_large_image\" \/>\n<meta name=\"twitter:label1\" content=\"Escrito por\" \/>\n\t<meta name=\"twitter:data1\" content=\"ritanery\" \/>\n\t<meta name=\"twitter:label2\" content=\"Est. tempo de leitura\" \/>\n\t<meta name=\"twitter:data2\" content=\"1 minuto\" \/>\n<script type=\"application\/ld+json\" class=\"yoast-schema-graph\">{\"@context\":\"https:\/\/schema.org\",\"@graph\":[{\"@type\":\"Article\",\"@id\":\"https:\/\/radiolifefm.com.br\/noticias\/servicos-de-convivencia-e-de-fortalecimento-de-vinculos-retornam-em-formato-hibrido-a-partir-de-segunda-feira-13-em-adamantina\/#article\",\"isPartOf\":{\"@id\":\"https:\/\/radiolifefm.com.br\/noticias\/servicos-de-convivencia-e-de-fortalecimento-de-vinculos-retornam-em-formato-hibrido-a-partir-de-segunda-feira-13-em-adamantina\/\"},\"author\":{\"name\":\"ritanery\",\"@id\":\"https:\/\/radiolifefm.com.br\/noticias\/#\/schema\/person\/6339b9fac59d12b071dec680d7375d87\"},\"headline\":\"Servi\u00e7os de Conviv\u00eancia e de Fortalecimento de V\u00ednculos retornam em formato h\u00edbrido a partir de segunda-feira (13) em Adamantina\",\"datePublished\":\"2021-09-09T23:08:36+00:00\",\"dateModified\":\"2025-10-08T04:49:03+00:00\",\"mainEntityOfPage\":{\"@id\":\"https:\/\/radiolifefm.com.br\/noticias\/servicos-de-convivencia-e-de-fortalecimento-de-vinculos-retornam-em-formato-hibrido-a-partir-de-segunda-feira-13-em-adamantina\/\"},\"wordCount\":270,\"publisher\":{\"@id\":\"https:\/\/radiolifefm.com.br\/noticias\/#organization\"},\"image\":{\"@id\":\"https:\/\/radiolifefm.com.br\/noticias\/servicos-de-convivencia-e-de-fortalecimento-de-vinculos-retornam-em-formato-hibrido-a-partir-de-segunda-feira-13-em-adamantina\/#primaryimage\"},\"thumbnailUrl\":\"https:\/\/radiolifefm.com.br\/noticias\/wp-content\/uploads\/2021\/09\/foto-6.jpeg\",\"articleSection\":[\"Adamantina\"],\"inLanguage\":\"pt-BR\"},{\"@type\":\"WebPage\",\"@id\":\"https:\/\/radiolifefm.com.br\/noticias\/servicos-de-convivencia-e-de-fortalecimento-de-vinculos-retornam-em-formato-hibrido-a-partir-de-segunda-feira-13-em-adamantina\/\",\"url\":\"https:\/\/radiolifefm.com.br\/noticias\/servicos-de-convivencia-e-de-fortalecimento-de-vinculos-retornam-em-formato-hibrido-a-partir-de-segunda-feira-13-em-adamantina\/\",\"name\":\"Servi\u00e7os de Conviv\u00eancia e de Fortalecimento de V\u00ednculos retornam em formato h\u00edbrido a partir de segunda-feira (13) em Adamantina - R\u00e1dio Life FM\",\"isPartOf\":{\"@id\":\"https:\/\/radiolifefm.com.br\/noticias\/#website\"},\"primaryImageOfPage\":{\"@id\":\"https:\/\/radiolifefm.com.br\/noticias\/servicos-de-convivencia-e-de-fortalecimento-de-vinculos-retornam-em-formato-hibrido-a-partir-de-segunda-feira-13-em-adamantina\/#primaryimage\"},\"image\":{\"@id\":\"https:\/\/radiolifefm.com.br\/noticias\/servicos-de-convivencia-e-de-fortalecimento-de-vinculos-retornam-em-formato-hibrido-a-partir-de-segunda-feira-13-em-adamantina\/#primaryimage\"},\"thumbnailUrl\":\"https:\/\/radiolifefm.com.br\/noticias\/wp-content\/uploads\/2021\/09\/foto-6.jpeg\",\"datePublished\":\"2021-09-09T23:08:36+00:00\",\"dateModified\":\"2025-10-08T04:49:03+00:00\",\"breadcrumb\":{\"@id\":\"https:\/\/radiolifefm.com.br\/noticias\/servicos-de-convivencia-e-de-fortalecimento-de-vinculos-retornam-em-formato-hibrido-a-partir-de-segunda-feira-13-em-adamantina\/#breadcrumb\"},\"inLanguage\":\"pt-BR\",\"potentialAction\":[{\"@type\":\"ReadAction\",\"target\":[\"https:\/\/radiolifefm.com.br\/noticias\/servicos-de-convivencia-e-de-fortalecimento-de-vinculos-retornam-em-formato-hibrido-a-partir-de-segunda-feira-13-em-adamantina\/\"]}]},{\"@type\":\"ImageObject\",\"inLanguage\":\"pt-BR\",\"@id\":\"https:\/\/radiolifefm.com.br\/noticias\/servicos-de-convivencia-e-de-fortalecimento-de-vinculos-retornam-em-formato-hibrido-a-partir-de-segunda-feira-13-em-adamantina\/#primaryimage\",\"url\":\"https:\/\/radiolifefm.com.br\/noticias\/wp-content\/uploads\/2021\/09\/foto-6.jpeg\",\"contentUrl\":\"https:\/\/radiolifefm.com.br\/noticias\/wp-content\/uploads\/2021\/09\/foto-6.jpeg\",\"width\":1600,\"height\":1200},{\"@type\":\"BreadcrumbList\",\"@id\":\"https:\/\/radiolifefm.com.br\/noticias\/servicos-de-convivencia-e-de-fortalecimento-de-vinculos-retornam-em-formato-hibrido-a-partir-de-segunda-feira-13-em-adamantina\/#breadcrumb\",\"itemListElement\":[{\"@type\":\"ListItem\",\"position\":1,\"name\":\"In\u00edcio\",\"item\":\"https:\/\/radiolifefm.com.br\/noticias\/\"},{\"@type\":\"ListItem\",\"position\":2,\"name\":\"Servi\u00e7os de Conviv\u00eancia e de Fortalecimento de V\u00ednculos retornam em formato h\u00edbrido a partir de segunda-feira (13) em Adamantina\"}]},{\"@type\":\"WebSite\",\"@id\":\"https:\/\/radiolifefm.com.br\/noticias\/#website\",\"url\":\"https:\/\/radiolifefm.com.br\/noticias\/\",\"name\":\"R\u00e1dio Life FM\",\"description\":\"O Portal de Not\u00edcias de Adamantina\",\"publisher\":{\"@id\":\"https:\/\/radiolifefm.com.br\/noticias\/#organization\"},\"alternateName\":\"Life FM\",\"potentialAction\":[{\"@type\":\"SearchAction\",\"target\":{\"@type\":\"EntryPoint\",\"urlTemplate\":\"https:\/\/radiolifefm.com.br\/noticias\/?s={search_term_string}\"},\"query-input\":{\"@type\":\"PropertyValueSpecification\",\"valueRequired\":true,\"valueName\":\"search_term_string\"}}],\"inLanguage\":\"pt-BR\"},{\"@type\":\"Organization\",\"@id\":\"https:\/\/radiolifefm.com.br\/noticias\/#organization\",\"name\":\"R\u00e1dio Life FM\",\"alternateName\":\"Life FM\",\"url\":\"https:\/\/radiolifefm.com.br\/noticias\/\",\"logo\":{\"@type\":\"ImageObject\",\"inLanguage\":\"pt-BR\",\"@id\":\"https:\/\/radiolifefm.com.br\/noticias\/#\/schema\/logo\/image\/\",\"url\":\"https:\/\/static.radiolifefm.com.br\/noticias\/wp-content\/uploads\/2019\/10\/logo-lifefm.png\",\"contentUrl\":\"https:\/\/static.radiolifefm.com.br\/noticias\/wp-content\/uploads\/2019\/10\/logo-lifefm.png\",\"width\":196,\"height\":47,\"caption\":\"R\u00e1dio Life FM\"},\"image\":{\"@id\":\"https:\/\/radiolifefm.com.br\/noticias\/#\/schema\/logo\/image\/\"},\"sameAs\":[\"https:\/\/www.facebook.com\/radiolifefm\/\",\"https:\/\/www.instagram.com\/life1079fm\/\"]},{\"@type\":\"Person\",\"@id\":\"https:\/\/radiolifefm.com.br\/noticias\/#\/schema\/person\/6339b9fac59d12b071dec680d7375d87\",\"name\":\"ritanery\",\"image\":{\"@type\":\"ImageObject\",\"inLanguage\":\"pt-BR\",\"@id\":\"https:\/\/secure.gravatar.com\/avatar\/0e37bb19071f47c0b8a23f62a903df117c5a0e75f65a0c2901562f97cd41cf86?s=96&d=mm&r=g\",\"url\":\"https:\/\/secure.gravatar.com\/avatar\/0e37bb19071f47c0b8a23f62a903df117c5a0e75f65a0c2901562f97cd41cf86?s=96&d=mm&r=g\",\"contentUrl\":\"https:\/\/secure.gravatar.com\/avatar\/0e37bb19071f47c0b8a23f62a903df117c5a0e75f65a0c2901562f97cd41cf86?s=96&d=mm&r=g\",\"caption\":\"ritanery\"}}]}<\/script>\n<!-- \/ Yoast SEO plugin. -->","yoast_head_json":{"title":"Servi\u00e7os de Conviv\u00eancia e de Fortalecimento de V\u00ednculos retornam em formato h\u00edbrido a partir de segunda-feira (13) em Adamantina - R\u00e1dio Life FM","robots":{"index":"index","follow":"follow","max-snippet":"max-snippet:-1","max-image-preview":"max-image-preview:large","max-video-preview":"max-video-preview:-1"},"canonical":"https:\/\/radiolifefm.com.br\/noticias\/servicos-de-convivencia-e-de-fortalecimento-de-vinculos-retornam-em-formato-hibrido-a-partir-de-segunda-feira-13-em-adamantina\/","og_locale":"pt_BR","og_type":"article","og_title":"Servi\u00e7os de Conviv\u00eancia e de Fortalecimento de V\u00ednculos retornam em formato h\u00edbrido a partir de segunda-feira (13) em Adamantina - R\u00e1dio Life FM","og_description":"A partir de segunda-feira (13), os atendimentos nos servi\u00e7os de conviv\u00eancia e fortalecimento de v\u00ednculos em formato h\u00edbrido ser\u00e3o retomados. Em Adamantina, esse servi\u00e7o \u00e9 prestado pelo IAMA, Lar Crist\u00e3o, Projeto Asa e Projeto Semeando para o Futuro (Casa do Garoto). &nbsp; Todos eles s\u00e3o vinculados ao Centro de Refer\u00eancia de Assist\u00eancia Social (CRAS), \u00f3rg\u00e3o [&hellip;]","og_url":"https:\/\/radiolifefm.com.br\/noticias\/servicos-de-convivencia-e-de-fortalecimento-de-vinculos-retornam-em-formato-hibrido-a-partir-de-segunda-feira-13-em-adamantina\/","og_site_name":"R\u00e1dio Life FM","article_publisher":"https:\/\/www.facebook.com\/radiolifefm\/","article_published_time":"2021-09-09T23:08:36+00:00","article_modified_time":"2025-10-08T04:49:03+00:00","og_image":[{"width":1600,"height":1200,"url":"https:\/\/static.radiolifefm.com.br\/noticias\/wp-content\/uploads\/2021\/09\/foto-6.jpeg","type":"image\/jpeg"}],"author":"ritanery","twitter_card":"summary_large_image","twitter_misc":{"Escrito por":"ritanery","Est. tempo de leitura":"1 minuto"},"schema":{"@context":"https:\/\/schema.org","@graph":[{"@type":"Article","@id":"https:\/\/radiolifefm.com.br\/noticias\/servicos-de-convivencia-e-de-fortalecimento-de-vinculos-retornam-em-formato-hibrido-a-partir-de-segunda-feira-13-em-adamantina\/#article","isPartOf":{"@id":"https:\/\/radiolifefm.com.br\/noticias\/servicos-de-convivencia-e-de-fortalecimento-de-vinculos-retornam-em-formato-hibrido-a-partir-de-segunda-feira-13-em-adamantina\/"},"author":{"name":"ritanery","@id":"https:\/\/radiolifefm.com.br\/noticias\/#\/schema\/person\/6339b9fac59d12b071dec680d7375d87"},"headline":"Servi\u00e7os de Conviv\u00eancia e de Fortalecimento de V\u00ednculos retornam em formato h\u00edbrido a partir de segunda-feira (13) em Adamantina","datePublished":"2021-09-09T23:08:36+00:00","dateModified":"2025-10-08T04:49:03+00:00","mainEntityOfPage":{"@id":"https:\/\/radiolifefm.com.br\/noticias\/servicos-de-convivencia-e-de-fortalecimento-de-vinculos-retornam-em-formato-hibrido-a-partir-de-segunda-feira-13-em-adamantina\/"},"wordCount":270,"publisher":{"@id":"https:\/\/radiolifefm.com.br\/noticias\/#organization"},"image":{"@id":"https:\/\/radiolifefm.com.br\/noticias\/servicos-de-convivencia-e-de-fortalecimento-de-vinculos-retornam-em-formato-hibrido-a-partir-de-segunda-feira-13-em-adamantina\/#primaryimage"},"thumbnailUrl":"https:\/\/radiolifefm.com.br\/noticias\/wp-content\/uploads\/2021\/09\/foto-6.jpeg","articleSection":["Adamantina"],"inLanguage":"pt-BR"},{"@type":"WebPage","@id":"https:\/\/radiolifefm.com.br\/noticias\/servicos-de-convivencia-e-de-fortalecimento-de-vinculos-retornam-em-formato-hibrido-a-partir-de-segunda-feira-13-em-adamantina\/","url":"https:\/\/radiolifefm.com.br\/noticias\/servicos-de-convivencia-e-de-fortalecimento-de-vinculos-retornam-em-formato-hibrido-a-partir-de-segunda-feira-13-em-adamantina\/","name":"Servi\u00e7os de Conviv\u00eancia e de Fortalecimento de V\u00ednculos retornam em formato h\u00edbrido a partir de segunda-feira (13) em Adamantina - R\u00e1dio Life FM","isPartOf":{"@id":"https:\/\/radiolifefm.com.br\/noticias\/#website"},"primaryImageOfPage":{"@id":"https:\/\/radiolifefm.com.br\/noticias\/servicos-de-convivencia-e-de-fortalecimento-de-vinculos-retornam-em-formato-hibrido-a-partir-de-segunda-feira-13-em-adamantina\/#primaryimage"},"image":{"@id":"https:\/\/radiolifefm.com.br\/noticias\/servicos-de-convivencia-e-de-fortalecimento-de-vinculos-retornam-em-formato-hibrido-a-partir-de-segunda-feira-13-em-adamantina\/#primaryimage"},"thumbnailUrl":"https:\/\/radiolifefm.com.br\/noticias\/wp-content\/uploads\/2021\/09\/foto-6.jpeg","datePublished":"2021-09-09T23:08:36+00:00","dateModified":"2025-10-08T04:49:03+00:00","breadcrumb":{"@id":"https:\/\/radiolifefm.com.br\/noticias\/servicos-de-convivencia-e-de-fortalecimento-de-vinculos-retornam-em-formato-hibrido-a-partir-de-segunda-feira-13-em-adamantina\/#breadcrumb"},"inLanguage":"pt-BR","potentialAction":[{"@type":"ReadAction","target":["https:\/\/radiolifefm.com.br\/noticias\/servicos-de-convivencia-e-de-fortalecimento-de-vinculos-retornam-em-formato-hibrido-a-partir-de-segunda-feira-13-em-adamantina\/"]}]},{"@type":"ImageObject","inLanguage":"pt-BR","@id":"https:\/\/radiolifefm.com.br\/noticias\/servicos-de-convivencia-e-de-fortalecimento-de-vinculos-retornam-em-formato-hibrido-a-partir-de-segunda-feira-13-em-adamantina\/#primaryimage","url":"https:\/\/radiolifefm.com.br\/noticias\/wp-content\/uploads\/2021\/09\/foto-6.jpeg","contentUrl":"https:\/\/radiolifefm.com.br\/noticias\/wp-content\/uploads\/2021\/09\/foto-6.jpeg","width":1600,"height":1200},{"@type":"BreadcrumbList","@id":"https:\/\/radiolifefm.com.br\/noticias\/servicos-de-convivencia-e-de-fortalecimento-de-vinculos-retornam-em-formato-hibrido-a-partir-de-segunda-feira-13-em-adamantina\/#breadcrumb","itemListElement":[{"@type":"ListItem","position":1,"name":"In\u00edcio","item":"https:\/\/radiolifefm.com.br\/noticias\/"},{"@type":"ListItem","position":2,"name":"Servi\u00e7os de Conviv\u00eancia e de Fortalecimento de V\u00ednculos retornam em formato h\u00edbrido a partir de segunda-feira (13) em Adamantina"}]},{"@type":"WebSite","@id":"https:\/\/radiolifefm.com.br\/noticias\/#website","url":"https:\/\/radiolifefm.com.br\/noticias\/","name":"R\u00e1dio Life FM","description":"O Portal de Not\u00edcias de Adamantina","publisher":{"@id":"https:\/\/radiolifefm.com.br\/noticias\/#organization"},"alternateName":"Life FM","potentialAction":[{"@type":"SearchAction","target":{"@type":"EntryPoint","urlTemplate":"https:\/\/radiolifefm.com.br\/noticias\/?s={search_term_string}"},"query-input":{"@type":"PropertyValueSpecification","valueRequired":true,"valueName":"search_term_string"}}],"inLanguage":"pt-BR"},{"@type":"Organization","@id":"https:\/\/radiolifefm.com.br\/noticias\/#organization","name":"R\u00e1dio Life FM","alternateName":"Life FM","url":"https:\/\/radiolifefm.com.br\/noticias\/","logo":{"@type":"ImageObject","inLanguage":"pt-BR","@id":"https:\/\/radiolifefm.com.br\/noticias\/#\/schema\/logo\/image\/","url":"https:\/\/static.radiolifefm.com.br\/noticias\/wp-content\/uploads\/2019\/10\/logo-lifefm.png","contentUrl":"https:\/\/static.radiolifefm.com.br\/noticias\/wp-content\/uploads\/2019\/10\/logo-lifefm.png","width":196,"height":47,"caption":"R\u00e1dio Life FM"},"image":{"@id":"https:\/\/radiolifefm.com.br\/noticias\/#\/schema\/logo\/image\/"},"sameAs":["https:\/\/www.facebook.com\/radiolifefm\/","https:\/\/www.instagram.com\/life1079fm\/"]},{"@type":"Person","@id":"https:\/\/radiolifefm.com.br\/noticias\/#\/schema\/person\/6339b9fac59d12b071dec680d7375d87","name":"ritanery","image":{"@type":"ImageObject","inLanguage":"pt-BR","@id":"https:\/\/secure.gravatar.com\/avatar\/0e37bb19071f47c0b8a23f62a903df117c5a0e75f65a0c2901562f97cd41cf86?s=96&d=mm&r=g","url":"https:\/\/secure.gravatar.com\/avatar\/0e37bb19071f47c0b8a23f62a903df117c5a0e75f65a0c2901562f97cd41cf86?s=96&d=mm&r=g","contentUrl":"https:\/\/secure.gravatar.com\/avatar\/0e37bb19071f47c0b8a23f62a903df117c5a0e75f65a0c2901562f97cd41cf86?s=96&d=mm&r=g","caption":"ritanery"}}]}},"amp_enabled":true,"_links":{"self":[{"href":"https:\/\/radiolifefm.com.br\/noticias\/wp-json\/wp\/v2\/posts\/42588","targetHints":{"allow":["GET"]}}],"collection":[{"href":"https:\/\/radiolifefm.com.br\/noticias\/wp-json\/wp\/v2\/posts"}],"about":[{"href":"https:\/\/radiolifefm.com.br\/noticias\/wp-json\/wp\/v2\/types\/post"}],"author":[{"embeddable":true,"href":"https:\/\/radiolifefm.com.br\/noticias\/wp-json\/wp\/v2\/users\/13"}],"replies":[{"embeddable":true,"href":"https:\/\/radiolifefm.com.br\/noticias\/wp-json\/wp\/v2\/comments?post=42588"}],"version-history":[{"count":1,"href":"https:\/\/radiolifefm.com.br\/noticias\/wp-json\/wp\/v2\/posts\/42588\/revisions"}],"predecessor-version":[{"id":42590,"href":"https:\/\/radiolifefm.com.br\/noticias\/wp-json\/wp\/v2\/posts\/42588\/revisions\/42590"}],"wp:featuredmedia":[{"embeddable":true,"href":"https:\/\/radiolifefm.com.br\/noticias\/wp-json\/wp\/v2\/media\/42589"}],"wp:attachment":[{"href":"https:\/\/radiolifefm.com.br\/noticias\/wp-json\/wp\/v2\/media?parent=42588"}],"wp:term":[{"taxonomy":"category","embeddable":true,"href":"https:\/\/radiolifefm.com.br\/noticias\/wp-json\/wp\/v2\/categories?post=42588"},{"taxonomy":"post_tag","embeddable":true,"href":"https:\/\/radiolifefm.com.br\/noticias\/wp-json\/wp\/v2\/tags?post=42588"}],"curies":[{"name":"wp","href":"https:\/\/api.w.org\/{rel}","templated":true}]}}