{"id":42519,"date":"2021-09-08T09:07:46","date_gmt":"2021-09-08T12:07:46","guid":{"rendered":"https:\/\/radiolifefm.com.br\/noticias\/?p=42519"},"modified":"2025-10-08T01:34:32","modified_gmt":"2025-10-08T04:34:32","slug":"morre-o-ex-presidente-da-camara-municipal-de-adamantina-celso-osmar-mastellini","status":"publish","type":"post","link":"https:\/\/radiolifefm.com.br\/noticias\/morre-o-ex-presidente-da-camara-municipal-de-adamantina-celso-osmar-mastellini\/","title":{"rendered":"Morre o ex-presidente da C\u00e2mara Municipal de Adamantina, Celso Osmar Mastellini"},"content":{"rendered":"<div id=\"fb-root\"><\/div>\n<p>Morreu nesta quarta-feira (8) o ex-presidente da C\u00e2mara Municipal de Adamantina, Celso Osmar Mastellini, aos 66 anos, ap\u00f3s travar uma intensa luta contra o c\u00e2ncer. Segundo a\u00a0<a href=\"https:\/\/haddadorganizacao.com.br\/obituario\/celso-osmar-mastellini\/\"><strong>Haddad Organiza\u00e7\u00e3o Social<\/strong><\/a>, seu corpo ser\u00e1 velado no Vel\u00f3rio da Saudade, com sepultamento previsto para \u00e0s 14h, no Cemit\u00e9rio local.<\/p>\n<p>&nbsp;<\/p>\n<p>Mastellini era comerciante, no segmento de nutri\u00e7\u00e3o animal. Era casado com C\u00e9lia, com quem teve os filhos Celsinho, Gustavo e Thiago. Tamb\u00e9m era av\u00f4 de dois meninos, Maur\u00edcio e Mathias.<\/p>\n<p>&nbsp;<\/p>\n<p>Com forte vincula\u00e7\u00e3o \u00e0 \u00e1rea rural, Mastellini foi vereador por duas legislaturas (2001\/2004 e 2005\/2008), sendo duas vezes eleito presidente da C\u00e2mara Municipal de Adamantina. Depois, de 2009 a 2012 foi secret\u00e1rio municipal de gabinete no governo do ex-prefeito Kiko Micheloni. Em 2012 disputou a elei\u00e7\u00e3o municipal como candidato a vice-prefeito, na chapa com Jos\u00e9 Roberto Ferreira.<\/p>\n<p>&nbsp;<\/p>\n<p>Fonte: Siga Mais<\/p>\n<p>&nbsp;<\/p>\n<p>&nbsp;<\/p>\n","protected":false},"excerpt":{"rendered":"<p>Morreu nesta quarta-feira (8) o ex-presidente da C\u00e2mara Municipal de Adamantina, Celso Osmar Mastellini, aos 66 anos, ap\u00f3s travar uma intensa luta contra o c\u00e2ncer. Segundo a\u00a0Haddad Organiza\u00e7\u00e3o Social, seu corpo ser\u00e1 velado no Vel\u00f3rio da Saudade, com sepultamento previsto para \u00e0s 14h, no Cemit\u00e9rio local. &nbsp; Mastellini era comerciante, no segmento de nutri\u00e7\u00e3o animal. [&hellip;]<\/p>\n","protected":false},"author":13,"featured_media":42520,"comment_status":"closed","ping_status":"open","sticky":false,"template":"","format":"standard","meta":{"_acf_changed":false,"_exactmetrics_skip_tracking":false,"_exactmetrics_sitenote_active":false,"_exactmetrics_sitenote_note":"","_exactmetrics_sitenote_category":0,"footnotes":""},"categories":[21],"tags":[],"class_list":["post-42519","post","type-post","status-publish","format-standard","has-post-thumbnail","hentry","category-adamantina"],"acf":[],"yoast_head":"<!-- This site is optimized with the Yoast SEO plugin v27.2 - https:\/\/yoast.com\/product\/yoast-seo-wordpress\/ -->\n<title>Morre o ex-presidente da C\u00e2mara Municipal de Adamantina, Celso Osmar Mastellini - R\u00e1dio Life FM<\/title>\n<meta name=\"robots\" content=\"index, follow, max-snippet:-1, max-image-preview:large, max-video-preview:-1\" \/>\n<link rel=\"canonical\" href=\"https:\/\/radiolifefm.com.br\/noticias\/morre-o-ex-presidente-da-camara-municipal-de-adamantina-celso-osmar-mastellini\/\" \/>\n<meta property=\"og:locale\" content=\"pt_BR\" \/>\n<meta property=\"og:type\" content=\"article\" \/>\n<meta property=\"og:title\" content=\"Morre o ex-presidente da C\u00e2mara Municipal de Adamantina, Celso Osmar Mastellini - R\u00e1dio Life FM\" \/>\n<meta property=\"og:description\" content=\"Morreu nesta quarta-feira (8) o ex-presidente da C\u00e2mara Municipal de Adamantina, Celso Osmar Mastellini, aos 66 anos, ap\u00f3s travar uma intensa luta contra o c\u00e2ncer. Segundo a\u00a0Haddad Organiza\u00e7\u00e3o Social, seu corpo ser\u00e1 velado no Vel\u00f3rio da Saudade, com sepultamento previsto para \u00e0s 14h, no Cemit\u00e9rio local. &nbsp; Mastellini era comerciante, no segmento de nutri\u00e7\u00e3o animal. [&hellip;]\" \/>\n<meta property=\"og:url\" content=\"https:\/\/radiolifefm.com.br\/noticias\/morre-o-ex-presidente-da-camara-municipal-de-adamantina-celso-osmar-mastellini\/\" \/>\n<meta property=\"og:site_name\" content=\"R\u00e1dio Life FM\" \/>\n<meta property=\"article:publisher\" content=\"https:\/\/www.facebook.com\/radiolifefm\/\" \/>\n<meta property=\"article:published_time\" content=\"2021-09-08T12:07:46+00:00\" \/>\n<meta property=\"article:modified_time\" content=\"2025-10-08T04:34:32+00:00\" \/>\n<meta property=\"og:image\" content=\"https:\/\/static.radiolifefm.com.br\/noticias\/wp-content\/uploads\/2021\/09\/41748217364061943782044844276njpg16311022566138a530c7f87.jpg\" \/>\n\t<meta property=\"og:image:width\" content=\"558\" \/>\n\t<meta property=\"og:image:height\" content=\"314\" \/>\n\t<meta property=\"og:image:type\" content=\"image\/jpeg\" \/>\n<meta name=\"author\" content=\"ritanery\" \/>\n<meta name=\"twitter:card\" content=\"summary_large_image\" \/>\n<meta name=\"twitter:label1\" content=\"Escrito por\" \/>\n\t<meta name=\"twitter:data1\" content=\"ritanery\" \/>\n\t<meta name=\"twitter:label2\" content=\"Est. tempo de leitura\" \/>\n\t<meta name=\"twitter:data2\" content=\"1 minuto\" \/>\n<script type=\"application\/ld+json\" class=\"yoast-schema-graph\">{\"@context\":\"https:\/\/schema.org\",\"@graph\":[{\"@type\":\"Article\",\"@id\":\"https:\/\/radiolifefm.com.br\/noticias\/morre-o-ex-presidente-da-camara-municipal-de-adamantina-celso-osmar-mastellini\/#article\",\"isPartOf\":{\"@id\":\"https:\/\/radiolifefm.com.br\/noticias\/morre-o-ex-presidente-da-camara-municipal-de-adamantina-celso-osmar-mastellini\/\"},\"author\":{\"name\":\"ritanery\",\"@id\":\"https:\/\/radiolifefm.com.br\/noticias\/#\/schema\/person\/6339b9fac59d12b071dec680d7375d87\"},\"headline\":\"Morre o ex-presidente da C\u00e2mara Municipal de Adamantina, Celso Osmar Mastellini\",\"datePublished\":\"2021-09-08T12:07:46+00:00\",\"dateModified\":\"2025-10-08T04:34:32+00:00\",\"mainEntityOfPage\":{\"@id\":\"https:\/\/radiolifefm.com.br\/noticias\/morre-o-ex-presidente-da-camara-municipal-de-adamantina-celso-osmar-mastellini\/\"},\"wordCount\":160,\"publisher\":{\"@id\":\"https:\/\/radiolifefm.com.br\/noticias\/#organization\"},\"image\":{\"@id\":\"https:\/\/radiolifefm.com.br\/noticias\/morre-o-ex-presidente-da-camara-municipal-de-adamantina-celso-osmar-mastellini\/#primaryimage\"},\"thumbnailUrl\":\"https:\/\/radiolifefm.com.br\/noticias\/wp-content\/uploads\/2021\/09\/41748217364061943782044844276njpg16311022566138a530c7f87.jpg\",\"articleSection\":[\"Adamantina\"],\"inLanguage\":\"pt-BR\"},{\"@type\":\"WebPage\",\"@id\":\"https:\/\/radiolifefm.com.br\/noticias\/morre-o-ex-presidente-da-camara-municipal-de-adamantina-celso-osmar-mastellini\/\",\"url\":\"https:\/\/radiolifefm.com.br\/noticias\/morre-o-ex-presidente-da-camara-municipal-de-adamantina-celso-osmar-mastellini\/\",\"name\":\"Morre o ex-presidente da C\u00e2mara Municipal de Adamantina, Celso Osmar Mastellini - R\u00e1dio Life FM\",\"isPartOf\":{\"@id\":\"https:\/\/radiolifefm.com.br\/noticias\/#website\"},\"primaryImageOfPage\":{\"@id\":\"https:\/\/radiolifefm.com.br\/noticias\/morre-o-ex-presidente-da-camara-municipal-de-adamantina-celso-osmar-mastellini\/#primaryimage\"},\"image\":{\"@id\":\"https:\/\/radiolifefm.com.br\/noticias\/morre-o-ex-presidente-da-camara-municipal-de-adamantina-celso-osmar-mastellini\/#primaryimage\"},\"thumbnailUrl\":\"https:\/\/radiolifefm.com.br\/noticias\/wp-content\/uploads\/2021\/09\/41748217364061943782044844276njpg16311022566138a530c7f87.jpg\",\"datePublished\":\"2021-09-08T12:07:46+00:00\",\"dateModified\":\"2025-10-08T04:34:32+00:00\",\"breadcrumb\":{\"@id\":\"https:\/\/radiolifefm.com.br\/noticias\/morre-o-ex-presidente-da-camara-municipal-de-adamantina-celso-osmar-mastellini\/#breadcrumb\"},\"inLanguage\":\"pt-BR\",\"potentialAction\":[{\"@type\":\"ReadAction\",\"target\":[\"https:\/\/radiolifefm.com.br\/noticias\/morre-o-ex-presidente-da-camara-municipal-de-adamantina-celso-osmar-mastellini\/\"]}]},{\"@type\":\"ImageObject\",\"inLanguage\":\"pt-BR\",\"@id\":\"https:\/\/radiolifefm.com.br\/noticias\/morre-o-ex-presidente-da-camara-municipal-de-adamantina-celso-osmar-mastellini\/#primaryimage\",\"url\":\"https:\/\/radiolifefm.com.br\/noticias\/wp-content\/uploads\/2021\/09\/41748217364061943782044844276njpg16311022566138a530c7f87.jpg\",\"contentUrl\":\"https:\/\/radiolifefm.com.br\/noticias\/wp-content\/uploads\/2021\/09\/41748217364061943782044844276njpg16311022566138a530c7f87.jpg\",\"width\":558,\"height\":314,\"caption\":\"Vel\u00f3rio ser\u00e1 a partir das 10h desta quarta-feira (8), com sepultamento previsto para 14h.\"},{\"@type\":\"BreadcrumbList\",\"@id\":\"https:\/\/radiolifefm.com.br\/noticias\/morre-o-ex-presidente-da-camara-municipal-de-adamantina-celso-osmar-mastellini\/#breadcrumb\",\"itemListElement\":[{\"@type\":\"ListItem\",\"position\":1,\"name\":\"In\u00edcio\",\"item\":\"https:\/\/radiolifefm.com.br\/noticias\/\"},{\"@type\":\"ListItem\",\"position\":2,\"name\":\"Morre o ex-presidente da C\u00e2mara Municipal de Adamantina, Celso Osmar Mastellini\"}]},{\"@type\":\"WebSite\",\"@id\":\"https:\/\/radiolifefm.com.br\/noticias\/#website\",\"url\":\"https:\/\/radiolifefm.com.br\/noticias\/\",\"name\":\"R\u00e1dio Life FM\",\"description\":\"O Portal de Not\u00edcias de Adamantina\",\"publisher\":{\"@id\":\"https:\/\/radiolifefm.com.br\/noticias\/#organization\"},\"alternateName\":\"Life FM\",\"potentialAction\":[{\"@type\":\"SearchAction\",\"target\":{\"@type\":\"EntryPoint\",\"urlTemplate\":\"https:\/\/radiolifefm.com.br\/noticias\/?s={search_term_string}\"},\"query-input\":{\"@type\":\"PropertyValueSpecification\",\"valueRequired\":true,\"valueName\":\"search_term_string\"}}],\"inLanguage\":\"pt-BR\"},{\"@type\":\"Organization\",\"@id\":\"https:\/\/radiolifefm.com.br\/noticias\/#organization\",\"name\":\"R\u00e1dio Life FM\",\"alternateName\":\"Life FM\",\"url\":\"https:\/\/radiolifefm.com.br\/noticias\/\",\"logo\":{\"@type\":\"ImageObject\",\"inLanguage\":\"pt-BR\",\"@id\":\"https:\/\/radiolifefm.com.br\/noticias\/#\/schema\/logo\/image\/\",\"url\":\"https:\/\/static.radiolifefm.com.br\/noticias\/wp-content\/uploads\/2019\/10\/logo-lifefm.png\",\"contentUrl\":\"https:\/\/static.radiolifefm.com.br\/noticias\/wp-content\/uploads\/2019\/10\/logo-lifefm.png\",\"width\":196,\"height\":47,\"caption\":\"R\u00e1dio Life FM\"},\"image\":{\"@id\":\"https:\/\/radiolifefm.com.br\/noticias\/#\/schema\/logo\/image\/\"},\"sameAs\":[\"https:\/\/www.facebook.com\/radiolifefm\/\",\"https:\/\/www.instagram.com\/life1079fm\/\"]},{\"@type\":\"Person\",\"@id\":\"https:\/\/radiolifefm.com.br\/noticias\/#\/schema\/person\/6339b9fac59d12b071dec680d7375d87\",\"name\":\"ritanery\",\"image\":{\"@type\":\"ImageObject\",\"inLanguage\":\"pt-BR\",\"@id\":\"https:\/\/secure.gravatar.com\/avatar\/0e37bb19071f47c0b8a23f62a903df117c5a0e75f65a0c2901562f97cd41cf86?s=96&d=mm&r=g\",\"url\":\"https:\/\/secure.gravatar.com\/avatar\/0e37bb19071f47c0b8a23f62a903df117c5a0e75f65a0c2901562f97cd41cf86?s=96&d=mm&r=g\",\"contentUrl\":\"https:\/\/secure.gravatar.com\/avatar\/0e37bb19071f47c0b8a23f62a903df117c5a0e75f65a0c2901562f97cd41cf86?s=96&d=mm&r=g\",\"caption\":\"ritanery\"}}]}<\/script>\n<!-- \/ Yoast SEO plugin. -->","yoast_head_json":{"title":"Morre o ex-presidente da C\u00e2mara Municipal de Adamantina, Celso Osmar Mastellini - R\u00e1dio Life FM","robots":{"index":"index","follow":"follow","max-snippet":"max-snippet:-1","max-image-preview":"max-image-preview:large","max-video-preview":"max-video-preview:-1"},"canonical":"https:\/\/radiolifefm.com.br\/noticias\/morre-o-ex-presidente-da-camara-municipal-de-adamantina-celso-osmar-mastellini\/","og_locale":"pt_BR","og_type":"article","og_title":"Morre o ex-presidente da C\u00e2mara Municipal de Adamantina, Celso Osmar Mastellini - R\u00e1dio Life FM","og_description":"Morreu nesta quarta-feira (8) o ex-presidente da C\u00e2mara Municipal de Adamantina, Celso Osmar Mastellini, aos 66 anos, ap\u00f3s travar uma intensa luta contra o c\u00e2ncer. Segundo a\u00a0Haddad Organiza\u00e7\u00e3o Social, seu corpo ser\u00e1 velado no Vel\u00f3rio da Saudade, com sepultamento previsto para \u00e0s 14h, no Cemit\u00e9rio local. &nbsp; Mastellini era comerciante, no segmento de nutri\u00e7\u00e3o animal. [&hellip;]","og_url":"https:\/\/radiolifefm.com.br\/noticias\/morre-o-ex-presidente-da-camara-municipal-de-adamantina-celso-osmar-mastellini\/","og_site_name":"R\u00e1dio Life FM","article_publisher":"https:\/\/www.facebook.com\/radiolifefm\/","article_published_time":"2021-09-08T12:07:46+00:00","article_modified_time":"2025-10-08T04:34:32+00:00","og_image":[{"width":558,"height":314,"url":"https:\/\/static.radiolifefm.com.br\/noticias\/wp-content\/uploads\/2021\/09\/41748217364061943782044844276njpg16311022566138a530c7f87.jpg","type":"image\/jpeg"}],"author":"ritanery","twitter_card":"summary_large_image","twitter_misc":{"Escrito por":"ritanery","Est. tempo de leitura":"1 minuto"},"schema":{"@context":"https:\/\/schema.org","@graph":[{"@type":"Article","@id":"https:\/\/radiolifefm.com.br\/noticias\/morre-o-ex-presidente-da-camara-municipal-de-adamantina-celso-osmar-mastellini\/#article","isPartOf":{"@id":"https:\/\/radiolifefm.com.br\/noticias\/morre-o-ex-presidente-da-camara-municipal-de-adamantina-celso-osmar-mastellini\/"},"author":{"name":"ritanery","@id":"https:\/\/radiolifefm.com.br\/noticias\/#\/schema\/person\/6339b9fac59d12b071dec680d7375d87"},"headline":"Morre o ex-presidente da C\u00e2mara Municipal de Adamantina, Celso Osmar Mastellini","datePublished":"2021-09-08T12:07:46+00:00","dateModified":"2025-10-08T04:34:32+00:00","mainEntityOfPage":{"@id":"https:\/\/radiolifefm.com.br\/noticias\/morre-o-ex-presidente-da-camara-municipal-de-adamantina-celso-osmar-mastellini\/"},"wordCount":160,"publisher":{"@id":"https:\/\/radiolifefm.com.br\/noticias\/#organization"},"image":{"@id":"https:\/\/radiolifefm.com.br\/noticias\/morre-o-ex-presidente-da-camara-municipal-de-adamantina-celso-osmar-mastellini\/#primaryimage"},"thumbnailUrl":"https:\/\/radiolifefm.com.br\/noticias\/wp-content\/uploads\/2021\/09\/41748217364061943782044844276njpg16311022566138a530c7f87.jpg","articleSection":["Adamantina"],"inLanguage":"pt-BR"},{"@type":"WebPage","@id":"https:\/\/radiolifefm.com.br\/noticias\/morre-o-ex-presidente-da-camara-municipal-de-adamantina-celso-osmar-mastellini\/","url":"https:\/\/radiolifefm.com.br\/noticias\/morre-o-ex-presidente-da-camara-municipal-de-adamantina-celso-osmar-mastellini\/","name":"Morre o ex-presidente da C\u00e2mara Municipal de Adamantina, Celso Osmar Mastellini - R\u00e1dio Life FM","isPartOf":{"@id":"https:\/\/radiolifefm.com.br\/noticias\/#website"},"primaryImageOfPage":{"@id":"https:\/\/radiolifefm.com.br\/noticias\/morre-o-ex-presidente-da-camara-municipal-de-adamantina-celso-osmar-mastellini\/#primaryimage"},"image":{"@id":"https:\/\/radiolifefm.com.br\/noticias\/morre-o-ex-presidente-da-camara-municipal-de-adamantina-celso-osmar-mastellini\/#primaryimage"},"thumbnailUrl":"https:\/\/radiolifefm.com.br\/noticias\/wp-content\/uploads\/2021\/09\/41748217364061943782044844276njpg16311022566138a530c7f87.jpg","datePublished":"2021-09-08T12:07:46+00:00","dateModified":"2025-10-08T04:34:32+00:00","breadcrumb":{"@id":"https:\/\/radiolifefm.com.br\/noticias\/morre-o-ex-presidente-da-camara-municipal-de-adamantina-celso-osmar-mastellini\/#breadcrumb"},"inLanguage":"pt-BR","potentialAction":[{"@type":"ReadAction","target":["https:\/\/radiolifefm.com.br\/noticias\/morre-o-ex-presidente-da-camara-municipal-de-adamantina-celso-osmar-mastellini\/"]}]},{"@type":"ImageObject","inLanguage":"pt-BR","@id":"https:\/\/radiolifefm.com.br\/noticias\/morre-o-ex-presidente-da-camara-municipal-de-adamantina-celso-osmar-mastellini\/#primaryimage","url":"https:\/\/radiolifefm.com.br\/noticias\/wp-content\/uploads\/2021\/09\/41748217364061943782044844276njpg16311022566138a530c7f87.jpg","contentUrl":"https:\/\/radiolifefm.com.br\/noticias\/wp-content\/uploads\/2021\/09\/41748217364061943782044844276njpg16311022566138a530c7f87.jpg","width":558,"height":314,"caption":"Vel\u00f3rio ser\u00e1 a partir das 10h desta quarta-feira (8), com sepultamento previsto para 14h."},{"@type":"BreadcrumbList","@id":"https:\/\/radiolifefm.com.br\/noticias\/morre-o-ex-presidente-da-camara-municipal-de-adamantina-celso-osmar-mastellini\/#breadcrumb","itemListElement":[{"@type":"ListItem","position":1,"name":"In\u00edcio","item":"https:\/\/radiolifefm.com.br\/noticias\/"},{"@type":"ListItem","position":2,"name":"Morre o ex-presidente da C\u00e2mara Municipal de Adamantina, Celso Osmar Mastellini"}]},{"@type":"WebSite","@id":"https:\/\/radiolifefm.com.br\/noticias\/#website","url":"https:\/\/radiolifefm.com.br\/noticias\/","name":"R\u00e1dio Life FM","description":"O Portal de Not\u00edcias de Adamantina","publisher":{"@id":"https:\/\/radiolifefm.com.br\/noticias\/#organization"},"alternateName":"Life FM","potentialAction":[{"@type":"SearchAction","target":{"@type":"EntryPoint","urlTemplate":"https:\/\/radiolifefm.com.br\/noticias\/?s={search_term_string}"},"query-input":{"@type":"PropertyValueSpecification","valueRequired":true,"valueName":"search_term_string"}}],"inLanguage":"pt-BR"},{"@type":"Organization","@id":"https:\/\/radiolifefm.com.br\/noticias\/#organization","name":"R\u00e1dio Life FM","alternateName":"Life FM","url":"https:\/\/radiolifefm.com.br\/noticias\/","logo":{"@type":"ImageObject","inLanguage":"pt-BR","@id":"https:\/\/radiolifefm.com.br\/noticias\/#\/schema\/logo\/image\/","url":"https:\/\/static.radiolifefm.com.br\/noticias\/wp-content\/uploads\/2019\/10\/logo-lifefm.png","contentUrl":"https:\/\/static.radiolifefm.com.br\/noticias\/wp-content\/uploads\/2019\/10\/logo-lifefm.png","width":196,"height":47,"caption":"R\u00e1dio Life FM"},"image":{"@id":"https:\/\/radiolifefm.com.br\/noticias\/#\/schema\/logo\/image\/"},"sameAs":["https:\/\/www.facebook.com\/radiolifefm\/","https:\/\/www.instagram.com\/life1079fm\/"]},{"@type":"Person","@id":"https:\/\/radiolifefm.com.br\/noticias\/#\/schema\/person\/6339b9fac59d12b071dec680d7375d87","name":"ritanery","image":{"@type":"ImageObject","inLanguage":"pt-BR","@id":"https:\/\/secure.gravatar.com\/avatar\/0e37bb19071f47c0b8a23f62a903df117c5a0e75f65a0c2901562f97cd41cf86?s=96&d=mm&r=g","url":"https:\/\/secure.gravatar.com\/avatar\/0e37bb19071f47c0b8a23f62a903df117c5a0e75f65a0c2901562f97cd41cf86?s=96&d=mm&r=g","contentUrl":"https:\/\/secure.gravatar.com\/avatar\/0e37bb19071f47c0b8a23f62a903df117c5a0e75f65a0c2901562f97cd41cf86?s=96&d=mm&r=g","caption":"ritanery"}}]}},"amp_enabled":true,"_links":{"self":[{"href":"https:\/\/radiolifefm.com.br\/noticias\/wp-json\/wp\/v2\/posts\/42519","targetHints":{"allow":["GET"]}}],"collection":[{"href":"https:\/\/radiolifefm.com.br\/noticias\/wp-json\/wp\/v2\/posts"}],"about":[{"href":"https:\/\/radiolifefm.com.br\/noticias\/wp-json\/wp\/v2\/types\/post"}],"author":[{"embeddable":true,"href":"https:\/\/radiolifefm.com.br\/noticias\/wp-json\/wp\/v2\/users\/13"}],"replies":[{"embeddable":true,"href":"https:\/\/radiolifefm.com.br\/noticias\/wp-json\/wp\/v2\/comments?post=42519"}],"version-history":[{"count":1,"href":"https:\/\/radiolifefm.com.br\/noticias\/wp-json\/wp\/v2\/posts\/42519\/revisions"}],"predecessor-version":[{"id":42521,"href":"https:\/\/radiolifefm.com.br\/noticias\/wp-json\/wp\/v2\/posts\/42519\/revisions\/42521"}],"wp:featuredmedia":[{"embeddable":true,"href":"https:\/\/radiolifefm.com.br\/noticias\/wp-json\/wp\/v2\/media\/42520"}],"wp:attachment":[{"href":"https:\/\/radiolifefm.com.br\/noticias\/wp-json\/wp\/v2\/media?parent=42519"}],"wp:term":[{"taxonomy":"category","embeddable":true,"href":"https:\/\/radiolifefm.com.br\/noticias\/wp-json\/wp\/v2\/categories?post=42519"},{"taxonomy":"post_tag","embeddable":true,"href":"https:\/\/radiolifefm.com.br\/noticias\/wp-json\/wp\/v2\/tags?post=42519"}],"curies":[{"name":"wp","href":"https:\/\/api.w.org\/{rel}","templated":true}]}}