{"id":42478,"date":"2021-09-05T21:14:34","date_gmt":"2021-09-06T00:14:34","guid":{"rendered":"https:\/\/radiolifefm.com.br\/noticias\/?p=42478"},"modified":"2026-04-18T12:17:10","modified_gmt":"2026-04-18T15:17:10","slug":"comercio-de-adamantina-funciona-nesta-segunda-feira-6-vespera-de-feriado","status":"publish","type":"post","link":"https:\/\/radiolifefm.com.br\/noticias\/comercio-de-adamantina-funciona-nesta-segunda-feira-6-vespera-de-feriado\/","title":{"rendered":"Com\u00e9rcio de Adamantina funciona nesta segunda-feira (6), v\u00e9spera de feriado"},"content":{"rendered":"<div id=\"fb-root\"><\/div>\n<p>O com\u00e9rcio de Adamantina est\u00e1 autorizado a funcionar normalmente nesta segunda-feira (6), v\u00e9spera do Feriado da Independ\u00eancia. As reparti\u00e7\u00f5es p\u00fablicas municipais, estaduais e federais n\u00e3o ter\u00e3o expediente, em raz\u00e3o do ponto facultativo. J\u00e1 os bancos, na cidade, na segunda-feira ter\u00e3o funcionamento normal.<\/p>\n<p>&nbsp;<\/p>\n<p>Sobre o com\u00e9rcio local, o Sincomercio Nova Alta Paulista (Sindicato do Com\u00e9rcio Varejista) orienta que o setor funcion\u00e1ria normalmente na segunda-feira, das 8h \u00e0s 18h. Os supermercados tamb\u00e9m ir\u00e3o funcionar, no hor\u00e1rio habitual de cada estabelecimento.<\/p>\n<p>&nbsp;<\/p>\n<p>J\u00e1 na ter\u00e7a-feira, feriado, as lojas n\u00e3o abrem e os supermercados podem atender ao p\u00fablico at\u00e9 no m\u00e1ximo \u00e0s 14h. Cada empresa supermercadista tamb\u00e9m define seus hor\u00e1rios, dentro dessa faixa. \u201cO in\u00edcio da jornada para os comerci\u00e1rios que trabalham no setor supermercadista se dar\u00e1 a partir das 8h e dever\u00e1 encerrar-se at\u00e9 \u00e0s 14h, exceto para os comerci\u00e1rios no setor de limpeza e padaria (padeiro) cujo in\u00edcio e encerramento poder\u00e3o ser antes ou ap\u00f3s estes hor\u00e1rios, respeitando-se, em qualquer caso, a jornada di\u00e1ria m\u00e1xima de 6h\u201d, orienta o Sincomercio.<\/p>\n<p>&nbsp;<\/p>\n<p><strong>Servi\u00e7os municipais<\/strong><\/p>\n<p>De acordo com o Decreto n\u00ba 6.265 de 16 de dezembro de 2020, o expediente nas reparti\u00e7\u00f5es p\u00fablicas municipais de Adamantina est\u00e1 suspenso na segunda e ter\u00e7a. Sendo assim, o expediente no Pa\u00e7o Municipal ser\u00e1 retomado na quarta-feira (8).<\/p>\n<p>&nbsp;<\/p>\n<p>Conforme\u00a0<a href=\"https:\/\/www.adamantina.sp.gov.br\/?pag=T1RVPU9EZz1PV0k9T1RrPU9UUT1OMlE9T0dNPU9XST1PR1U9T0dNPU9HWT1PV009T1dZPQ==&amp;id=6956\"><strong>nota<\/strong>\u00a0<\/a>divulgada pela Prefeitura, veja como ficam os servi\u00e7os p\u00fablicos:<\/p>\n<p><strong>Coleta de lixo<\/strong>: A coleta de lixo est\u00e1 suspensa apenas na ter\u00e7a-feira. O servi\u00e7o ser\u00e1 realizado normalmente na segunda-feira. O lixo recicl\u00e1vel do setor 3 que \u00e9 recolhido na ter\u00e7a-feira deve ser colocado para descarte na quarta-feira.<\/p>\n<p>&nbsp;<\/p>\n<p><strong>Sa\u00fade<\/strong>:\u00a0O &#8220;Post\u00e3o de Sa\u00fade&#8221;, local onde funciona a Central Covid-19, atende em regime de plant\u00e3o desde s\u00e1bado (4) at\u00e9 ter\u00e7a-feira, das 8h \u00e0s 13h.<\/p>\n<p>&nbsp;<\/p>\n<p><strong>Ganha Tempo<\/strong>:\u00a0O Ganha Tempo tamb\u00e9m n\u00e3o ter\u00e1 expediente na segunda e ter\u00e7a-feira. No espa\u00e7o funcionam: Banco do Povo, Detran.SP, Procon e o Posto de Atendimento ao Trabalhador (PAT).<\/p>\n<p>&nbsp;<\/p>\n<p><strong>Educa\u00e7\u00e3o Municipal<\/strong>:\u00a0As aulas na rede municipal de ensino tamb\u00e9m foram suspensas, em decorr\u00eancia do feriado nacional, na segunda-feira e na ter\u00e7a-feira, retornando na quarta-feira.<\/p>\n<p>&nbsp;<\/p>\n<p>Fonte: Siga Mais<\/p>\n","protected":false},"excerpt":{"rendered":"<p>O com\u00e9rcio de Adamantina est\u00e1 autorizado a funcionar normalmente nesta segunda-feira (6), v\u00e9spera do Feriado da Independ\u00eancia. As reparti\u00e7\u00f5es p\u00fablicas municipais, estaduais e federais n\u00e3o ter\u00e3o expediente, em raz\u00e3o do ponto facultativo. J\u00e1 os bancos, na cidade, na segunda-feira ter\u00e3o funcionamento normal. &nbsp; Sobre o com\u00e9rcio local, o Sincomercio Nova Alta Paulista (Sindicato do Com\u00e9rcio [&hellip;]<\/p>\n","protected":false},"author":13,"featured_media":42479,"comment_status":"closed","ping_status":"open","sticky":false,"template":"","format":"standard","meta":{"_acf_changed":false,"_exactmetrics_skip_tracking":false,"_exactmetrics_sitenote_active":false,"_exactmetrics_sitenote_note":"","_exactmetrics_sitenote_category":0,"footnotes":""},"categories":[21],"tags":[],"class_list":["post-42478","post","type-post","status-publish","format-standard","has-post-thumbnail","hentry","category-adamantina"],"acf":[],"yoast_head":"<!-- This site is optimized with the Yoast SEO plugin v27.2 - https:\/\/yoast.com\/product\/yoast-seo-wordpress\/ -->\n<title>Com\u00e9rcio de Adamantina funciona nesta segunda-feira (6), v\u00e9spera de feriado - R\u00e1dio Life FM<\/title>\n<meta name=\"robots\" content=\"index, follow, max-snippet:-1, max-image-preview:large, max-video-preview:-1\" \/>\n<link rel=\"canonical\" href=\"https:\/\/radiolifefm.com.br\/noticias\/comercio-de-adamantina-funciona-nesta-segunda-feira-6-vespera-de-feriado\/\" \/>\n<meta property=\"og:locale\" content=\"pt_BR\" \/>\n<meta property=\"og:type\" content=\"article\" \/>\n<meta property=\"og:title\" content=\"Com\u00e9rcio de Adamantina funciona nesta segunda-feira (6), v\u00e9spera de feriado - R\u00e1dio Life FM\" \/>\n<meta property=\"og:description\" content=\"O com\u00e9rcio de Adamantina est\u00e1 autorizado a funcionar normalmente nesta segunda-feira (6), v\u00e9spera do Feriado da Independ\u00eancia. As reparti\u00e7\u00f5es p\u00fablicas municipais, estaduais e federais n\u00e3o ter\u00e3o expediente, em raz\u00e3o do ponto facultativo. J\u00e1 os bancos, na cidade, na segunda-feira ter\u00e3o funcionamento normal. &nbsp; Sobre o com\u00e9rcio local, o Sincomercio Nova Alta Paulista (Sindicato do Com\u00e9rcio [&hellip;]\" \/>\n<meta property=\"og:url\" content=\"https:\/\/radiolifefm.com.br\/noticias\/comercio-de-adamantina-funciona-nesta-segunda-feira-6-vespera-de-feriado\/\" \/>\n<meta property=\"og:site_name\" content=\"R\u00e1dio Life FM\" \/>\n<meta property=\"article:publisher\" content=\"https:\/\/www.facebook.com\/radiolifefm\/\" \/>\n<meta property=\"article:published_time\" content=\"2021-09-06T00:14:34+00:00\" \/>\n<meta property=\"article:modified_time\" content=\"2026-04-18T15:17:10+00:00\" \/>\n<meta property=\"og:image\" content=\"https:\/\/radiolifefm.com.br\/noticias\/wp-content\/uploads\/2021\/09\/sem-tatulo1png16308538756134daf30423d.jpg\" \/>\n\t<meta property=\"og:image:width\" content=\"600\" \/>\n\t<meta property=\"og:image:height\" content=\"336\" \/>\n\t<meta property=\"og:image:type\" content=\"image\/jpeg\" \/>\n<meta name=\"author\" content=\"ritanery\" \/>\n<meta name=\"twitter:card\" content=\"summary_large_image\" \/>\n<meta name=\"twitter:label1\" content=\"Escrito por\" \/>\n\t<meta name=\"twitter:data1\" content=\"ritanery\" \/>\n\t<meta name=\"twitter:label2\" content=\"Est. tempo de leitura\" \/>\n\t<meta name=\"twitter:data2\" content=\"2 minutos\" \/>\n<script type=\"application\/ld+json\" class=\"yoast-schema-graph\">{\"@context\":\"https:\/\/schema.org\",\"@graph\":[{\"@type\":\"Article\",\"@id\":\"https:\/\/radiolifefm.com.br\/noticias\/comercio-de-adamantina-funciona-nesta-segunda-feira-6-vespera-de-feriado\/#article\",\"isPartOf\":{\"@id\":\"https:\/\/radiolifefm.com.br\/noticias\/comercio-de-adamantina-funciona-nesta-segunda-feira-6-vespera-de-feriado\/\"},\"author\":{\"name\":\"ritanery\",\"@id\":\"https:\/\/radiolifefm.com.br\/noticias\/#\/schema\/person\/6339b9fac59d12b071dec680d7375d87\"},\"headline\":\"Com\u00e9rcio de Adamantina funciona nesta segunda-feira (6), v\u00e9spera de feriado\",\"datePublished\":\"2021-09-06T00:14:34+00:00\",\"dateModified\":\"2026-04-18T15:17:10+00:00\",\"mainEntityOfPage\":{\"@id\":\"https:\/\/radiolifefm.com.br\/noticias\/comercio-de-adamantina-funciona-nesta-segunda-feira-6-vespera-de-feriado\/\"},\"wordCount\":405,\"publisher\":{\"@id\":\"https:\/\/radiolifefm.com.br\/noticias\/#organization\"},\"image\":{\"@id\":\"https:\/\/radiolifefm.com.br\/noticias\/comercio-de-adamantina-funciona-nesta-segunda-feira-6-vespera-de-feriado\/#primaryimage\"},\"thumbnailUrl\":\"https:\/\/radiolifefm.com.br\/noticias\/wp-content\/uploads\/2021\/09\/sem-tatulo1png16308538756134daf30423d.jpg\",\"articleSection\":[\"Adamantina\"],\"inLanguage\":\"pt-BR\"},{\"@type\":\"WebPage\",\"@id\":\"https:\/\/radiolifefm.com.br\/noticias\/comercio-de-adamantina-funciona-nesta-segunda-feira-6-vespera-de-feriado\/\",\"url\":\"https:\/\/radiolifefm.com.br\/noticias\/comercio-de-adamantina-funciona-nesta-segunda-feira-6-vespera-de-feriado\/\",\"name\":\"Com\u00e9rcio de Adamantina funciona nesta segunda-feira (6), v\u00e9spera de feriado - R\u00e1dio Life FM\",\"isPartOf\":{\"@id\":\"https:\/\/radiolifefm.com.br\/noticias\/#website\"},\"primaryImageOfPage\":{\"@id\":\"https:\/\/radiolifefm.com.br\/noticias\/comercio-de-adamantina-funciona-nesta-segunda-feira-6-vespera-de-feriado\/#primaryimage\"},\"image\":{\"@id\":\"https:\/\/radiolifefm.com.br\/noticias\/comercio-de-adamantina-funciona-nesta-segunda-feira-6-vespera-de-feriado\/#primaryimage\"},\"thumbnailUrl\":\"https:\/\/radiolifefm.com.br\/noticias\/wp-content\/uploads\/2021\/09\/sem-tatulo1png16308538756134daf30423d.jpg\",\"datePublished\":\"2021-09-06T00:14:34+00:00\",\"dateModified\":\"2026-04-18T15:17:10+00:00\",\"breadcrumb\":{\"@id\":\"https:\/\/radiolifefm.com.br\/noticias\/comercio-de-adamantina-funciona-nesta-segunda-feira-6-vespera-de-feriado\/#breadcrumb\"},\"inLanguage\":\"pt-BR\",\"potentialAction\":[{\"@type\":\"ReadAction\",\"target\":[\"https:\/\/radiolifefm.com.br\/noticias\/comercio-de-adamantina-funciona-nesta-segunda-feira-6-vespera-de-feriado\/\"]}]},{\"@type\":\"ImageObject\",\"inLanguage\":\"pt-BR\",\"@id\":\"https:\/\/radiolifefm.com.br\/noticias\/comercio-de-adamantina-funciona-nesta-segunda-feira-6-vespera-de-feriado\/#primaryimage\",\"url\":\"https:\/\/radiolifefm.com.br\/noticias\/wp-content\/uploads\/2021\/09\/sem-tatulo1png16308538756134daf30423d.jpg\",\"contentUrl\":\"https:\/\/radiolifefm.com.br\/noticias\/wp-content\/uploads\/2021\/09\/sem-tatulo1png16308538756134daf30423d.jpg\",\"width\":600,\"height\":336},{\"@type\":\"BreadcrumbList\",\"@id\":\"https:\/\/radiolifefm.com.br\/noticias\/comercio-de-adamantina-funciona-nesta-segunda-feira-6-vespera-de-feriado\/#breadcrumb\",\"itemListElement\":[{\"@type\":\"ListItem\",\"position\":1,\"name\":\"In\u00edcio\",\"item\":\"https:\/\/radiolifefm.com.br\/noticias\/\"},{\"@type\":\"ListItem\",\"position\":2,\"name\":\"Com\u00e9rcio de Adamantina funciona nesta segunda-feira (6), v\u00e9spera de feriado\"}]},{\"@type\":\"WebSite\",\"@id\":\"https:\/\/radiolifefm.com.br\/noticias\/#website\",\"url\":\"https:\/\/radiolifefm.com.br\/noticias\/\",\"name\":\"R\u00e1dio Life FM\",\"description\":\"O Portal de Not\u00edcias de Adamantina\",\"publisher\":{\"@id\":\"https:\/\/radiolifefm.com.br\/noticias\/#organization\"},\"alternateName\":\"Life FM\",\"potentialAction\":[{\"@type\":\"SearchAction\",\"target\":{\"@type\":\"EntryPoint\",\"urlTemplate\":\"https:\/\/radiolifefm.com.br\/noticias\/?s={search_term_string}\"},\"query-input\":{\"@type\":\"PropertyValueSpecification\",\"valueRequired\":true,\"valueName\":\"search_term_string\"}}],\"inLanguage\":\"pt-BR\"},{\"@type\":\"Organization\",\"@id\":\"https:\/\/radiolifefm.com.br\/noticias\/#organization\",\"name\":\"R\u00e1dio Life FM\",\"alternateName\":\"Life FM\",\"url\":\"https:\/\/radiolifefm.com.br\/noticias\/\",\"logo\":{\"@type\":\"ImageObject\",\"inLanguage\":\"pt-BR\",\"@id\":\"https:\/\/radiolifefm.com.br\/noticias\/#\/schema\/logo\/image\/\",\"url\":\"https:\/\/static.radiolifefm.com.br\/noticias\/wp-content\/uploads\/2019\/10\/logo-lifefm.png\",\"contentUrl\":\"https:\/\/static.radiolifefm.com.br\/noticias\/wp-content\/uploads\/2019\/10\/logo-lifefm.png\",\"width\":196,\"height\":47,\"caption\":\"R\u00e1dio Life FM\"},\"image\":{\"@id\":\"https:\/\/radiolifefm.com.br\/noticias\/#\/schema\/logo\/image\/\"},\"sameAs\":[\"https:\/\/www.facebook.com\/radiolifefm\/\",\"https:\/\/www.instagram.com\/life1079fm\/\"]},{\"@type\":\"Person\",\"@id\":\"https:\/\/radiolifefm.com.br\/noticias\/#\/schema\/person\/6339b9fac59d12b071dec680d7375d87\",\"name\":\"ritanery\",\"image\":{\"@type\":\"ImageObject\",\"inLanguage\":\"pt-BR\",\"@id\":\"https:\/\/secure.gravatar.com\/avatar\/0e37bb19071f47c0b8a23f62a903df117c5a0e75f65a0c2901562f97cd41cf86?s=96&d=mm&r=g\",\"url\":\"https:\/\/secure.gravatar.com\/avatar\/0e37bb19071f47c0b8a23f62a903df117c5a0e75f65a0c2901562f97cd41cf86?s=96&d=mm&r=g\",\"contentUrl\":\"https:\/\/secure.gravatar.com\/avatar\/0e37bb19071f47c0b8a23f62a903df117c5a0e75f65a0c2901562f97cd41cf86?s=96&d=mm&r=g\",\"caption\":\"ritanery\"}}]}<\/script>\n<!-- \/ Yoast SEO plugin. -->","yoast_head_json":{"title":"Com\u00e9rcio de Adamantina funciona nesta segunda-feira (6), v\u00e9spera de feriado - R\u00e1dio Life FM","robots":{"index":"index","follow":"follow","max-snippet":"max-snippet:-1","max-image-preview":"max-image-preview:large","max-video-preview":"max-video-preview:-1"},"canonical":"https:\/\/radiolifefm.com.br\/noticias\/comercio-de-adamantina-funciona-nesta-segunda-feira-6-vespera-de-feriado\/","og_locale":"pt_BR","og_type":"article","og_title":"Com\u00e9rcio de Adamantina funciona nesta segunda-feira (6), v\u00e9spera de feriado - R\u00e1dio Life FM","og_description":"O com\u00e9rcio de Adamantina est\u00e1 autorizado a funcionar normalmente nesta segunda-feira (6), v\u00e9spera do Feriado da Independ\u00eancia. As reparti\u00e7\u00f5es p\u00fablicas municipais, estaduais e federais n\u00e3o ter\u00e3o expediente, em raz\u00e3o do ponto facultativo. J\u00e1 os bancos, na cidade, na segunda-feira ter\u00e3o funcionamento normal. &nbsp; Sobre o com\u00e9rcio local, o Sincomercio Nova Alta Paulista (Sindicato do Com\u00e9rcio [&hellip;]","og_url":"https:\/\/radiolifefm.com.br\/noticias\/comercio-de-adamantina-funciona-nesta-segunda-feira-6-vespera-de-feriado\/","og_site_name":"R\u00e1dio Life FM","article_publisher":"https:\/\/www.facebook.com\/radiolifefm\/","article_published_time":"2021-09-06T00:14:34+00:00","article_modified_time":"2026-04-18T15:17:10+00:00","og_image":[{"width":600,"height":336,"url":"https:\/\/radiolifefm.com.br\/noticias\/wp-content\/uploads\/2021\/09\/sem-tatulo1png16308538756134daf30423d.jpg","type":"image\/jpeg"}],"author":"ritanery","twitter_card":"summary_large_image","twitter_misc":{"Escrito por":"ritanery","Est. tempo de leitura":"2 minutos"},"schema":{"@context":"https:\/\/schema.org","@graph":[{"@type":"Article","@id":"https:\/\/radiolifefm.com.br\/noticias\/comercio-de-adamantina-funciona-nesta-segunda-feira-6-vespera-de-feriado\/#article","isPartOf":{"@id":"https:\/\/radiolifefm.com.br\/noticias\/comercio-de-adamantina-funciona-nesta-segunda-feira-6-vespera-de-feriado\/"},"author":{"name":"ritanery","@id":"https:\/\/radiolifefm.com.br\/noticias\/#\/schema\/person\/6339b9fac59d12b071dec680d7375d87"},"headline":"Com\u00e9rcio de Adamantina funciona nesta segunda-feira (6), v\u00e9spera de feriado","datePublished":"2021-09-06T00:14:34+00:00","dateModified":"2026-04-18T15:17:10+00:00","mainEntityOfPage":{"@id":"https:\/\/radiolifefm.com.br\/noticias\/comercio-de-adamantina-funciona-nesta-segunda-feira-6-vespera-de-feriado\/"},"wordCount":405,"publisher":{"@id":"https:\/\/radiolifefm.com.br\/noticias\/#organization"},"image":{"@id":"https:\/\/radiolifefm.com.br\/noticias\/comercio-de-adamantina-funciona-nesta-segunda-feira-6-vespera-de-feriado\/#primaryimage"},"thumbnailUrl":"https:\/\/radiolifefm.com.br\/noticias\/wp-content\/uploads\/2021\/09\/sem-tatulo1png16308538756134daf30423d.jpg","articleSection":["Adamantina"],"inLanguage":"pt-BR"},{"@type":"WebPage","@id":"https:\/\/radiolifefm.com.br\/noticias\/comercio-de-adamantina-funciona-nesta-segunda-feira-6-vespera-de-feriado\/","url":"https:\/\/radiolifefm.com.br\/noticias\/comercio-de-adamantina-funciona-nesta-segunda-feira-6-vespera-de-feriado\/","name":"Com\u00e9rcio de Adamantina funciona nesta segunda-feira (6), v\u00e9spera de feriado - R\u00e1dio Life FM","isPartOf":{"@id":"https:\/\/radiolifefm.com.br\/noticias\/#website"},"primaryImageOfPage":{"@id":"https:\/\/radiolifefm.com.br\/noticias\/comercio-de-adamantina-funciona-nesta-segunda-feira-6-vespera-de-feriado\/#primaryimage"},"image":{"@id":"https:\/\/radiolifefm.com.br\/noticias\/comercio-de-adamantina-funciona-nesta-segunda-feira-6-vespera-de-feriado\/#primaryimage"},"thumbnailUrl":"https:\/\/radiolifefm.com.br\/noticias\/wp-content\/uploads\/2021\/09\/sem-tatulo1png16308538756134daf30423d.jpg","datePublished":"2021-09-06T00:14:34+00:00","dateModified":"2026-04-18T15:17:10+00:00","breadcrumb":{"@id":"https:\/\/radiolifefm.com.br\/noticias\/comercio-de-adamantina-funciona-nesta-segunda-feira-6-vespera-de-feriado\/#breadcrumb"},"inLanguage":"pt-BR","potentialAction":[{"@type":"ReadAction","target":["https:\/\/radiolifefm.com.br\/noticias\/comercio-de-adamantina-funciona-nesta-segunda-feira-6-vespera-de-feriado\/"]}]},{"@type":"ImageObject","inLanguage":"pt-BR","@id":"https:\/\/radiolifefm.com.br\/noticias\/comercio-de-adamantina-funciona-nesta-segunda-feira-6-vespera-de-feriado\/#primaryimage","url":"https:\/\/radiolifefm.com.br\/noticias\/wp-content\/uploads\/2021\/09\/sem-tatulo1png16308538756134daf30423d.jpg","contentUrl":"https:\/\/radiolifefm.com.br\/noticias\/wp-content\/uploads\/2021\/09\/sem-tatulo1png16308538756134daf30423d.jpg","width":600,"height":336},{"@type":"BreadcrumbList","@id":"https:\/\/radiolifefm.com.br\/noticias\/comercio-de-adamantina-funciona-nesta-segunda-feira-6-vespera-de-feriado\/#breadcrumb","itemListElement":[{"@type":"ListItem","position":1,"name":"In\u00edcio","item":"https:\/\/radiolifefm.com.br\/noticias\/"},{"@type":"ListItem","position":2,"name":"Com\u00e9rcio de Adamantina funciona nesta segunda-feira (6), v\u00e9spera de feriado"}]},{"@type":"WebSite","@id":"https:\/\/radiolifefm.com.br\/noticias\/#website","url":"https:\/\/radiolifefm.com.br\/noticias\/","name":"R\u00e1dio Life FM","description":"O Portal de Not\u00edcias de Adamantina","publisher":{"@id":"https:\/\/radiolifefm.com.br\/noticias\/#organization"},"alternateName":"Life FM","potentialAction":[{"@type":"SearchAction","target":{"@type":"EntryPoint","urlTemplate":"https:\/\/radiolifefm.com.br\/noticias\/?s={search_term_string}"},"query-input":{"@type":"PropertyValueSpecification","valueRequired":true,"valueName":"search_term_string"}}],"inLanguage":"pt-BR"},{"@type":"Organization","@id":"https:\/\/radiolifefm.com.br\/noticias\/#organization","name":"R\u00e1dio Life FM","alternateName":"Life FM","url":"https:\/\/radiolifefm.com.br\/noticias\/","logo":{"@type":"ImageObject","inLanguage":"pt-BR","@id":"https:\/\/radiolifefm.com.br\/noticias\/#\/schema\/logo\/image\/","url":"https:\/\/static.radiolifefm.com.br\/noticias\/wp-content\/uploads\/2019\/10\/logo-lifefm.png","contentUrl":"https:\/\/static.radiolifefm.com.br\/noticias\/wp-content\/uploads\/2019\/10\/logo-lifefm.png","width":196,"height":47,"caption":"R\u00e1dio Life FM"},"image":{"@id":"https:\/\/radiolifefm.com.br\/noticias\/#\/schema\/logo\/image\/"},"sameAs":["https:\/\/www.facebook.com\/radiolifefm\/","https:\/\/www.instagram.com\/life1079fm\/"]},{"@type":"Person","@id":"https:\/\/radiolifefm.com.br\/noticias\/#\/schema\/person\/6339b9fac59d12b071dec680d7375d87","name":"ritanery","image":{"@type":"ImageObject","inLanguage":"pt-BR","@id":"https:\/\/secure.gravatar.com\/avatar\/0e37bb19071f47c0b8a23f62a903df117c5a0e75f65a0c2901562f97cd41cf86?s=96&d=mm&r=g","url":"https:\/\/secure.gravatar.com\/avatar\/0e37bb19071f47c0b8a23f62a903df117c5a0e75f65a0c2901562f97cd41cf86?s=96&d=mm&r=g","contentUrl":"https:\/\/secure.gravatar.com\/avatar\/0e37bb19071f47c0b8a23f62a903df117c5a0e75f65a0c2901562f97cd41cf86?s=96&d=mm&r=g","caption":"ritanery"}}]}},"amp_enabled":true,"_links":{"self":[{"href":"https:\/\/radiolifefm.com.br\/noticias\/wp-json\/wp\/v2\/posts\/42478","targetHints":{"allow":["GET"]}}],"collection":[{"href":"https:\/\/radiolifefm.com.br\/noticias\/wp-json\/wp\/v2\/posts"}],"about":[{"href":"https:\/\/radiolifefm.com.br\/noticias\/wp-json\/wp\/v2\/types\/post"}],"author":[{"embeddable":true,"href":"https:\/\/radiolifefm.com.br\/noticias\/wp-json\/wp\/v2\/users\/13"}],"replies":[{"embeddable":true,"href":"https:\/\/radiolifefm.com.br\/noticias\/wp-json\/wp\/v2\/comments?post=42478"}],"version-history":[{"count":2,"href":"https:\/\/radiolifefm.com.br\/noticias\/wp-json\/wp\/v2\/posts\/42478\/revisions"}],"predecessor-version":[{"id":42481,"href":"https:\/\/radiolifefm.com.br\/noticias\/wp-json\/wp\/v2\/posts\/42478\/revisions\/42481"}],"wp:featuredmedia":[{"embeddable":true,"href":"https:\/\/radiolifefm.com.br\/noticias\/wp-json\/wp\/v2\/media\/42479"}],"wp:attachment":[{"href":"https:\/\/radiolifefm.com.br\/noticias\/wp-json\/wp\/v2\/media?parent=42478"}],"wp:term":[{"taxonomy":"category","embeddable":true,"href":"https:\/\/radiolifefm.com.br\/noticias\/wp-json\/wp\/v2\/categories?post=42478"},{"taxonomy":"post_tag","embeddable":true,"href":"https:\/\/radiolifefm.com.br\/noticias\/wp-json\/wp\/v2\/tags?post=42478"}],"curies":[{"name":"wp","href":"https:\/\/api.w.org\/{rel}","templated":true}]}}