{"id":42469,"date":"2021-09-05T20:53:39","date_gmt":"2021-09-05T23:53:39","guid":{"rendered":"https:\/\/radiolifefm.com.br\/noticias\/?p=42469"},"modified":"2026-04-24T06:01:27","modified_gmt":"2026-04-24T09:01:27","slug":"na-justica-promotoria-pede-que-responsaveis-da-couroada-removam-residuos-industriais-contaminantesadamantina","status":"publish","type":"post","link":"https:\/\/radiolifefm.com.br\/noticias\/na-justica-promotoria-pede-que-responsaveis-da-couroada-removam-residuos-industriais-contaminantesadamantina\/","title":{"rendered":"Na Justi\u00e7a, Promotoria pede que respons\u00e1veis da Couroada removam res\u00edduos industriais contaminantes"},"content":{"rendered":"<div id=\"fb-root\"><\/div>\n<p>A exist\u00eancia de materiais qu\u00edmicos e res\u00edduos industriais abandonados nas depend\u00eancias do antigo curtume desativado Couroada, alvo de<a href=\"https:\/\/www.sigamais.com\/noticias\/cidades\/incendio-atinge-instalacoes-abandonadas-do-antigo-curtume-couroada\/\"><strong>\u00a0inc\u00eandio neste domingo (5)<\/strong><\/a>, foi denunciada pelo Minist\u00e9rio P\u00fablico da Comarca de Adamantina, conforme A\u00e7\u00e3o Civil P\u00fablica n\u00b0 1002065-67.2021.8.26.0081, que o \u00f3rg\u00e3o fiscalizador ingressou junto ao Poder Judici\u00e1rio de Adamantina, no m\u00eas passado. O expediente tramita na 2\u00aa Vara.<\/p>\n<p>&nbsp;<\/p>\n<p>O SIGA MAIS teve acesso \u00e0 pe\u00e7a inicial protocolada pela Promotoria de Habita\u00e7\u00e3o e Urbanismo e Meio Ambiente de Adamantina junto ao Poder Judici\u00e1rio. Na den\u00fancia s\u00e3o juntados laudos da Cetesb (Companhia Ambiental do Estado de S\u00e3o Paulo), onde \u00e9 constatada a exist\u00eancia de res\u00edduos industriais depositados sob o pavimento e expostos \u00e0 a\u00e7\u00e3o do tempo (sol, ventos e chuvas), com potencial risco de dano ambiental nas instala\u00e7\u00f5es inativadas da empresa, no solo, len\u00e7ol fre\u00e1tico e mananciais \u2013 j\u00e1 que a planta industrial inativada \u00e9 margeada por um c\u00f3rrego \u2013 e ainda risco a quem possa manuse\u00e1-los inadvertidamente. Os laudos do \u00f3rg\u00e3o ambiental s\u00e3o decorrentes de vistorias realizadas em 2014, 2020 e a mais recente em 7 de julho deste ano.<\/p>\n<p>&nbsp;<\/p>\n<p>Conforme narra a inicial, diante das constata\u00e7\u00f5es os agentes da Cetesb apresentaram cen\u00e1rios de riscos potenciais. \u201cSobre a afeta\u00e7\u00e3o dos corpos d\u2019\u00e1gua pr\u00f3ximos \u00e0 empresa (c\u00f3rregos e riachos) e len\u00e7ol fre\u00e1tico, com a deposi\u00e7\u00e3o de res\u00edduos classe I ao ar livre e sobre a pavimenta\u00e7\u00e3o asf\u00e1ltica, em raz\u00e3o do abandono e das a\u00e7\u00f5es de intemp\u00e9ries clim\u00e1ticas, \u00e9 poss\u00edvel que ocorra a lixivia\u00e7\u00e3o destes nas imedia\u00e7\u00f5es, podendo acarretar altera\u00e7\u00f5es na qualidade do solo e das \u00e1guas subterr\u00e2neas, que h\u00e1 risco atrelado \u00e0 manuten\u00e7\u00e3o de res\u00edduos acumulados inadequadamente, consistente na contamina\u00e7\u00e3o das matrizes solo e \u00e1gua subterr\u00e2nea, sendo certo que, com o abandono do im\u00f3vel, em que pese a exist\u00eancia de placas informativas instaladas pela Administra\u00e7\u00e3o Municipal acerca da proibi\u00e7\u00e3o de entrada no local, pode haver o acesso de intrusos e eventual contato com estes materiais\u201d.<\/p>\n<p>Ainda conforme a inicial e o cen\u00e1rio constatado, a Cetesb afirma que n\u00e3o pode mensurar o alcance do dano ambiental. \u201cSobre as medidas a serem adotadas para o descarte apropriado dos produtos t\u00f3xicos encontrados, que os res\u00edduos e efluentes remanescentes dever\u00e3o ser encaminhados a adequado sistema de tratamento ou disposi\u00e7\u00e3o final em aterros industriais, n\u00e3o sendo poss\u00edvel mensurar a magnitude do dano ambiental\u201d, narra a Promotoria.<\/p>\n<p>&nbsp;<\/p>\n<p>Com essas evid\u00eancias materiais e os laudos do \u00f3rg\u00e3o ambiental competente, o Minist\u00e9rio P\u00fablico pede, na Justi\u00e7a, que seja determinado liminarmente aos respons\u00e1veis pelo im\u00f3vel a investiga\u00e7\u00e3o detalhada, com o fim de delimitar a extens\u00e3o da contamina\u00e7\u00e3o e dos reflexos que oferece \u00e0 sa\u00fade da popula\u00e7\u00e3o e \u00e0 higidez do meio ambiente, bem como a posterior ado\u00e7\u00e3o das medidas necess\u00e1rias para a elimina\u00e7\u00e3o integral dos contaminantes, tanto conhecidos (iodo\/cromo) como desconhecidos, com encaminhamento a adequado sistema de tratamento ou disposi\u00e7\u00e3o final em aterros industriais, e que no tr\u00e2mite judicial respondam pelas demais implica\u00e7\u00f5es e encargos.<\/p>\n<div class='flex flex-wrap items-center -mx-1'>\r\n<a class='thumbnail gallery p-1 w-1\/2 md:w-1\/4' href='https:\/\/radiolifefm.com.br\/noticias\/wp-content\/uploads\/2021\/09\/img7263jpg163087532161352eb92da8d.jpg'><img class='border border-white' src='https:\/\/radiolifefm.com.br\/noticias\/wp-content\/uploads\/2021\/09\/img7263jpg163087532161352eb92da8d-200x200.jpg' alt='Img7263jpg163087532161352eb92da8d' \/><\/a><a class='thumbnail gallery p-1 w-1\/2 md:w-1\/4' href='https:\/\/radiolifefm.com.br\/noticias\/wp-content\/uploads\/2021\/09\/img7278jpg163087533661352ec8edf6f.jpg'><img class='border border-white' src='https:\/\/radiolifefm.com.br\/noticias\/wp-content\/uploads\/2021\/09\/img7278jpg163087533661352ec8edf6f-200x200.jpg' alt='Img7278jpg163087533661352ec8edf6f' \/><\/a><a class='thumbnail gallery p-1 w-1\/2 md:w-1\/4' href='https:\/\/radiolifefm.com.br\/noticias\/wp-content\/uploads\/2021\/09\/img7291jpg163087535161352ed79fded.jpg'><img class='border border-white' src='https:\/\/radiolifefm.com.br\/noticias\/wp-content\/uploads\/2021\/09\/img7291jpg163087535161352ed79fded-200x200.jpg' alt='Img7291jpg163087535161352ed79fded' \/><\/a><a class='thumbnail gallery p-1 w-1\/2 md:w-1\/4' href='https:\/\/radiolifefm.com.br\/noticias\/wp-content\/uploads\/2021\/09\/img7311jpg163087530561352ea921302.jpg'><img class='border border-white' src='https:\/\/radiolifefm.com.br\/noticias\/wp-content\/uploads\/2021\/09\/img7311jpg163087530561352ea921302-200x200.jpg' alt='Img7311jpg163087530561352ea921302' \/><\/a><a class='thumbnail gallery p-1 w-1\/2 md:w-1\/4' href='https:\/\/radiolifefm.com.br\/noticias\/wp-content\/uploads\/2021\/09\/img7313jpg163087529061352e9a336d9.jpg'><img class='border border-white' src='https:\/\/radiolifefm.com.br\/noticias\/wp-content\/uploads\/2021\/09\/img7313jpg163087529061352e9a336d9-200x200.jpg' alt='Img7313jpg163087529061352e9a336d9' \/><\/a><a class='thumbnail gallery p-1 w-1\/2 md:w-1\/4' href='https:\/\/radiolifefm.com.br\/noticias\/wp-content\/uploads\/2021\/09\/img7320-1jpg163087527261352e88e9af9.jpg'><img class='border border-white' src='https:\/\/radiolifefm.com.br\/noticias\/wp-content\/uploads\/2021\/09\/img7320-1jpg163087527261352e88e9af9-200x200.jpg' alt='Img7320 1jpg163087527261352e88e9af9' \/><\/a><\/div>\n<p>Fonte: Siga Mais<\/p>\n","protected":false},"excerpt":{"rendered":"<p>A exist\u00eancia de materiais qu\u00edmicos e res\u00edduos industriais abandonados nas depend\u00eancias do antigo curtume desativado Couroada, alvo de\u00a0inc\u00eandio neste domingo (5), foi denunciada pelo Minist\u00e9rio P\u00fablico da Comarca de Adamantina, conforme A\u00e7\u00e3o Civil P\u00fablica n\u00b0 1002065-67.2021.8.26.0081, que o \u00f3rg\u00e3o fiscalizador ingressou junto ao Poder Judici\u00e1rio de Adamantina, no m\u00eas passado. O expediente tramita na 2\u00aa [&hellip;]<\/p>\n","protected":false},"author":13,"featured_media":42470,"comment_status":"closed","ping_status":"open","sticky":false,"template":"","format":"standard","meta":{"_acf_changed":false,"_exactmetrics_skip_tracking":false,"_exactmetrics_sitenote_active":false,"_exactmetrics_sitenote_note":"","_exactmetrics_sitenote_category":0,"footnotes":""},"categories":[21],"tags":[],"class_list":["post-42469","post","type-post","status-publish","format-standard","has-post-thumbnail","hentry","category-adamantina"],"acf":[],"yoast_head":"<!-- This site is optimized with the Yoast SEO plugin v27.2 - https:\/\/yoast.com\/product\/yoast-seo-wordpress\/ -->\n<title>Na Justi\u00e7a, Promotoria pede que respons\u00e1veis da Couroada removam res\u00edduos industriais contaminantes - R\u00e1dio Life FM<\/title>\n<meta name=\"robots\" content=\"index, follow, max-snippet:-1, max-image-preview:large, max-video-preview:-1\" \/>\n<link rel=\"canonical\" href=\"https:\/\/radiolifefm.com.br\/noticias\/na-justica-promotoria-pede-que-responsaveis-da-couroada-removam-residuos-industriais-contaminantesadamantina\/\" \/>\n<meta property=\"og:locale\" content=\"pt_BR\" \/>\n<meta property=\"og:type\" content=\"article\" \/>\n<meta property=\"og:title\" content=\"Na Justi\u00e7a, Promotoria pede que respons\u00e1veis da Couroada removam res\u00edduos industriais contaminantes - R\u00e1dio Life FM\" \/>\n<meta property=\"og:description\" content=\"A exist\u00eancia de materiais qu\u00edmicos e res\u00edduos industriais abandonados nas depend\u00eancias do antigo curtume desativado Couroada, alvo de\u00a0inc\u00eandio neste domingo (5), foi denunciada pelo Minist\u00e9rio P\u00fablico da Comarca de Adamantina, conforme A\u00e7\u00e3o Civil P\u00fablica n\u00b0 1002065-67.2021.8.26.0081, que o \u00f3rg\u00e3o fiscalizador ingressou junto ao Poder Judici\u00e1rio de Adamantina, no m\u00eas passado. O expediente tramita na 2\u00aa [&hellip;]\" \/>\n<meta property=\"og:url\" content=\"https:\/\/radiolifefm.com.br\/noticias\/na-justica-promotoria-pede-que-responsaveis-da-couroada-removam-residuos-industriais-contaminantesadamantina\/\" \/>\n<meta property=\"og:site_name\" content=\"R\u00e1dio Life FM\" \/>\n<meta property=\"article:publisher\" content=\"https:\/\/www.facebook.com\/radiolifefm\/\" \/>\n<meta property=\"article:published_time\" content=\"2021-09-05T23:53:39+00:00\" \/>\n<meta property=\"article:modified_time\" content=\"2026-04-24T09:01:27+00:00\" \/>\n<meta property=\"og:image\" content=\"https:\/\/radiolifefm.com.br\/noticias\/wp-content\/uploads\/2021\/09\/img7262aajpg163087521361352e4d09db8.jpg\" \/>\n\t<meta property=\"og:image:width\" content=\"600\" \/>\n\t<meta property=\"og:image:height\" content=\"337\" \/>\n\t<meta property=\"og:image:type\" content=\"image\/jpeg\" \/>\n<meta name=\"author\" content=\"ritanery\" \/>\n<meta name=\"twitter:card\" content=\"summary_large_image\" \/>\n<meta name=\"twitter:label1\" content=\"Escrito por\" \/>\n\t<meta name=\"twitter:data1\" content=\"ritanery\" \/>\n\t<meta name=\"twitter:label2\" content=\"Est. tempo de leitura\" \/>\n\t<meta name=\"twitter:data2\" content=\"3 minutos\" \/>\n<script type=\"application\/ld+json\" class=\"yoast-schema-graph\">{\"@context\":\"https:\/\/schema.org\",\"@graph\":[{\"@type\":\"Article\",\"@id\":\"https:\/\/radiolifefm.com.br\/noticias\/na-justica-promotoria-pede-que-responsaveis-da-couroada-removam-residuos-industriais-contaminantesadamantina\/#article\",\"isPartOf\":{\"@id\":\"https:\/\/radiolifefm.com.br\/noticias\/na-justica-promotoria-pede-que-responsaveis-da-couroada-removam-residuos-industriais-contaminantesadamantina\/\"},\"author\":{\"name\":\"ritanery\",\"@id\":\"https:\/\/radiolifefm.com.br\/noticias\/#\/schema\/person\/6339b9fac59d12b071dec680d7375d87\"},\"headline\":\"Na Justi\u00e7a, Promotoria pede que respons\u00e1veis da Couroada removam res\u00edduos industriais contaminantes\",\"datePublished\":\"2021-09-05T23:53:39+00:00\",\"dateModified\":\"2026-04-24T09:01:27+00:00\",\"mainEntityOfPage\":{\"@id\":\"https:\/\/radiolifefm.com.br\/noticias\/na-justica-promotoria-pede-que-responsaveis-da-couroada-removam-residuos-industriais-contaminantesadamantina\/\"},\"wordCount\":566,\"publisher\":{\"@id\":\"https:\/\/radiolifefm.com.br\/noticias\/#organization\"},\"image\":{\"@id\":\"https:\/\/radiolifefm.com.br\/noticias\/na-justica-promotoria-pede-que-responsaveis-da-couroada-removam-residuos-industriais-contaminantesadamantina\/#primaryimage\"},\"thumbnailUrl\":\"https:\/\/radiolifefm.com.br\/noticias\/wp-content\/uploads\/2021\/09\/img7262aajpg163087521361352e4d09db8.jpg\",\"articleSection\":[\"Adamantina\"],\"inLanguage\":\"pt-BR\"},{\"@type\":\"WebPage\",\"@id\":\"https:\/\/radiolifefm.com.br\/noticias\/na-justica-promotoria-pede-que-responsaveis-da-couroada-removam-residuos-industriais-contaminantesadamantina\/\",\"url\":\"https:\/\/radiolifefm.com.br\/noticias\/na-justica-promotoria-pede-que-responsaveis-da-couroada-removam-residuos-industriais-contaminantesadamantina\/\",\"name\":\"Na Justi\u00e7a, Promotoria pede que respons\u00e1veis da Couroada removam res\u00edduos industriais contaminantes - R\u00e1dio Life FM\",\"isPartOf\":{\"@id\":\"https:\/\/radiolifefm.com.br\/noticias\/#website\"},\"primaryImageOfPage\":{\"@id\":\"https:\/\/radiolifefm.com.br\/noticias\/na-justica-promotoria-pede-que-responsaveis-da-couroada-removam-residuos-industriais-contaminantesadamantina\/#primaryimage\"},\"image\":{\"@id\":\"https:\/\/radiolifefm.com.br\/noticias\/na-justica-promotoria-pede-que-responsaveis-da-couroada-removam-residuos-industriais-contaminantesadamantina\/#primaryimage\"},\"thumbnailUrl\":\"https:\/\/radiolifefm.com.br\/noticias\/wp-content\/uploads\/2021\/09\/img7262aajpg163087521361352e4d09db8.jpg\",\"datePublished\":\"2021-09-05T23:53:39+00:00\",\"dateModified\":\"2026-04-24T09:01:27+00:00\",\"breadcrumb\":{\"@id\":\"https:\/\/radiolifefm.com.br\/noticias\/na-justica-promotoria-pede-que-responsaveis-da-couroada-removam-residuos-industriais-contaminantesadamantina\/#breadcrumb\"},\"inLanguage\":\"pt-BR\",\"potentialAction\":[{\"@type\":\"ReadAction\",\"target\":[\"https:\/\/radiolifefm.com.br\/noticias\/na-justica-promotoria-pede-que-responsaveis-da-couroada-removam-residuos-industriais-contaminantesadamantina\/\"]}]},{\"@type\":\"ImageObject\",\"inLanguage\":\"pt-BR\",\"@id\":\"https:\/\/radiolifefm.com.br\/noticias\/na-justica-promotoria-pede-que-responsaveis-da-couroada-removam-residuos-industriais-contaminantesadamantina\/#primaryimage\",\"url\":\"https:\/\/radiolifefm.com.br\/noticias\/wp-content\/uploads\/2021\/09\/img7262aajpg163087521361352e4d09db8.jpg\",\"contentUrl\":\"https:\/\/radiolifefm.com.br\/noticias\/wp-content\/uploads\/2021\/09\/img7262aajpg163087521361352e4d09db8.jpg\",\"width\":600,\"height\":337,\"caption\":\"\u201cN\u00e3o \u00e9 poss\u00edvel mensurar a magnitude do dano ambiental\u201d, informou a Cetesb ao Minist\u00e9rio P\u00fablico.\"},{\"@type\":\"BreadcrumbList\",\"@id\":\"https:\/\/radiolifefm.com.br\/noticias\/na-justica-promotoria-pede-que-responsaveis-da-couroada-removam-residuos-industriais-contaminantesadamantina\/#breadcrumb\",\"itemListElement\":[{\"@type\":\"ListItem\",\"position\":1,\"name\":\"In\u00edcio\",\"item\":\"https:\/\/radiolifefm.com.br\/noticias\/\"},{\"@type\":\"ListItem\",\"position\":2,\"name\":\"Na Justi\u00e7a, Promotoria pede que respons\u00e1veis da Couroada removam res\u00edduos industriais contaminantes\"}]},{\"@type\":\"WebSite\",\"@id\":\"https:\/\/radiolifefm.com.br\/noticias\/#website\",\"url\":\"https:\/\/radiolifefm.com.br\/noticias\/\",\"name\":\"R\u00e1dio Life FM\",\"description\":\"O Portal de Not\u00edcias de Adamantina\",\"publisher\":{\"@id\":\"https:\/\/radiolifefm.com.br\/noticias\/#organization\"},\"alternateName\":\"Life FM\",\"potentialAction\":[{\"@type\":\"SearchAction\",\"target\":{\"@type\":\"EntryPoint\",\"urlTemplate\":\"https:\/\/radiolifefm.com.br\/noticias\/?s={search_term_string}\"},\"query-input\":{\"@type\":\"PropertyValueSpecification\",\"valueRequired\":true,\"valueName\":\"search_term_string\"}}],\"inLanguage\":\"pt-BR\"},{\"@type\":\"Organization\",\"@id\":\"https:\/\/radiolifefm.com.br\/noticias\/#organization\",\"name\":\"R\u00e1dio Life FM\",\"alternateName\":\"Life FM\",\"url\":\"https:\/\/radiolifefm.com.br\/noticias\/\",\"logo\":{\"@type\":\"ImageObject\",\"inLanguage\":\"pt-BR\",\"@id\":\"https:\/\/radiolifefm.com.br\/noticias\/#\/schema\/logo\/image\/\",\"url\":\"https:\/\/static.radiolifefm.com.br\/noticias\/wp-content\/uploads\/2019\/10\/logo-lifefm.png\",\"contentUrl\":\"https:\/\/static.radiolifefm.com.br\/noticias\/wp-content\/uploads\/2019\/10\/logo-lifefm.png\",\"width\":196,\"height\":47,\"caption\":\"R\u00e1dio Life FM\"},\"image\":{\"@id\":\"https:\/\/radiolifefm.com.br\/noticias\/#\/schema\/logo\/image\/\"},\"sameAs\":[\"https:\/\/www.facebook.com\/radiolifefm\/\",\"https:\/\/www.instagram.com\/life1079fm\/\"]},{\"@type\":\"Person\",\"@id\":\"https:\/\/radiolifefm.com.br\/noticias\/#\/schema\/person\/6339b9fac59d12b071dec680d7375d87\",\"name\":\"ritanery\",\"image\":{\"@type\":\"ImageObject\",\"inLanguage\":\"pt-BR\",\"@id\":\"https:\/\/secure.gravatar.com\/avatar\/0e37bb19071f47c0b8a23f62a903df117c5a0e75f65a0c2901562f97cd41cf86?s=96&d=mm&r=g\",\"url\":\"https:\/\/secure.gravatar.com\/avatar\/0e37bb19071f47c0b8a23f62a903df117c5a0e75f65a0c2901562f97cd41cf86?s=96&d=mm&r=g\",\"contentUrl\":\"https:\/\/secure.gravatar.com\/avatar\/0e37bb19071f47c0b8a23f62a903df117c5a0e75f65a0c2901562f97cd41cf86?s=96&d=mm&r=g\",\"caption\":\"ritanery\"}}]}<\/script>\n<!-- \/ Yoast SEO plugin. -->","yoast_head_json":{"title":"Na Justi\u00e7a, Promotoria pede que respons\u00e1veis da Couroada removam res\u00edduos industriais contaminantes - R\u00e1dio Life FM","robots":{"index":"index","follow":"follow","max-snippet":"max-snippet:-1","max-image-preview":"max-image-preview:large","max-video-preview":"max-video-preview:-1"},"canonical":"https:\/\/radiolifefm.com.br\/noticias\/na-justica-promotoria-pede-que-responsaveis-da-couroada-removam-residuos-industriais-contaminantesadamantina\/","og_locale":"pt_BR","og_type":"article","og_title":"Na Justi\u00e7a, Promotoria pede que respons\u00e1veis da Couroada removam res\u00edduos industriais contaminantes - R\u00e1dio Life FM","og_description":"A exist\u00eancia de materiais qu\u00edmicos e res\u00edduos industriais abandonados nas depend\u00eancias do antigo curtume desativado Couroada, alvo de\u00a0inc\u00eandio neste domingo (5), foi denunciada pelo Minist\u00e9rio P\u00fablico da Comarca de Adamantina, conforme A\u00e7\u00e3o Civil P\u00fablica n\u00b0 1002065-67.2021.8.26.0081, que o \u00f3rg\u00e3o fiscalizador ingressou junto ao Poder Judici\u00e1rio de Adamantina, no m\u00eas passado. O expediente tramita na 2\u00aa [&hellip;]","og_url":"https:\/\/radiolifefm.com.br\/noticias\/na-justica-promotoria-pede-que-responsaveis-da-couroada-removam-residuos-industriais-contaminantesadamantina\/","og_site_name":"R\u00e1dio Life FM","article_publisher":"https:\/\/www.facebook.com\/radiolifefm\/","article_published_time":"2021-09-05T23:53:39+00:00","article_modified_time":"2026-04-24T09:01:27+00:00","og_image":[{"width":600,"height":337,"url":"https:\/\/radiolifefm.com.br\/noticias\/wp-content\/uploads\/2021\/09\/img7262aajpg163087521361352e4d09db8.jpg","type":"image\/jpeg"}],"author":"ritanery","twitter_card":"summary_large_image","twitter_misc":{"Escrito por":"ritanery","Est. tempo de leitura":"3 minutos"},"schema":{"@context":"https:\/\/schema.org","@graph":[{"@type":"Article","@id":"https:\/\/radiolifefm.com.br\/noticias\/na-justica-promotoria-pede-que-responsaveis-da-couroada-removam-residuos-industriais-contaminantesadamantina\/#article","isPartOf":{"@id":"https:\/\/radiolifefm.com.br\/noticias\/na-justica-promotoria-pede-que-responsaveis-da-couroada-removam-residuos-industriais-contaminantesadamantina\/"},"author":{"name":"ritanery","@id":"https:\/\/radiolifefm.com.br\/noticias\/#\/schema\/person\/6339b9fac59d12b071dec680d7375d87"},"headline":"Na Justi\u00e7a, Promotoria pede que respons\u00e1veis da Couroada removam res\u00edduos industriais contaminantes","datePublished":"2021-09-05T23:53:39+00:00","dateModified":"2026-04-24T09:01:27+00:00","mainEntityOfPage":{"@id":"https:\/\/radiolifefm.com.br\/noticias\/na-justica-promotoria-pede-que-responsaveis-da-couroada-removam-residuos-industriais-contaminantesadamantina\/"},"wordCount":566,"publisher":{"@id":"https:\/\/radiolifefm.com.br\/noticias\/#organization"},"image":{"@id":"https:\/\/radiolifefm.com.br\/noticias\/na-justica-promotoria-pede-que-responsaveis-da-couroada-removam-residuos-industriais-contaminantesadamantina\/#primaryimage"},"thumbnailUrl":"https:\/\/radiolifefm.com.br\/noticias\/wp-content\/uploads\/2021\/09\/img7262aajpg163087521361352e4d09db8.jpg","articleSection":["Adamantina"],"inLanguage":"pt-BR"},{"@type":"WebPage","@id":"https:\/\/radiolifefm.com.br\/noticias\/na-justica-promotoria-pede-que-responsaveis-da-couroada-removam-residuos-industriais-contaminantesadamantina\/","url":"https:\/\/radiolifefm.com.br\/noticias\/na-justica-promotoria-pede-que-responsaveis-da-couroada-removam-residuos-industriais-contaminantesadamantina\/","name":"Na Justi\u00e7a, Promotoria pede que respons\u00e1veis da Couroada removam res\u00edduos industriais contaminantes - R\u00e1dio Life FM","isPartOf":{"@id":"https:\/\/radiolifefm.com.br\/noticias\/#website"},"primaryImageOfPage":{"@id":"https:\/\/radiolifefm.com.br\/noticias\/na-justica-promotoria-pede-que-responsaveis-da-couroada-removam-residuos-industriais-contaminantesadamantina\/#primaryimage"},"image":{"@id":"https:\/\/radiolifefm.com.br\/noticias\/na-justica-promotoria-pede-que-responsaveis-da-couroada-removam-residuos-industriais-contaminantesadamantina\/#primaryimage"},"thumbnailUrl":"https:\/\/radiolifefm.com.br\/noticias\/wp-content\/uploads\/2021\/09\/img7262aajpg163087521361352e4d09db8.jpg","datePublished":"2021-09-05T23:53:39+00:00","dateModified":"2026-04-24T09:01:27+00:00","breadcrumb":{"@id":"https:\/\/radiolifefm.com.br\/noticias\/na-justica-promotoria-pede-que-responsaveis-da-couroada-removam-residuos-industriais-contaminantesadamantina\/#breadcrumb"},"inLanguage":"pt-BR","potentialAction":[{"@type":"ReadAction","target":["https:\/\/radiolifefm.com.br\/noticias\/na-justica-promotoria-pede-que-responsaveis-da-couroada-removam-residuos-industriais-contaminantesadamantina\/"]}]},{"@type":"ImageObject","inLanguage":"pt-BR","@id":"https:\/\/radiolifefm.com.br\/noticias\/na-justica-promotoria-pede-que-responsaveis-da-couroada-removam-residuos-industriais-contaminantesadamantina\/#primaryimage","url":"https:\/\/radiolifefm.com.br\/noticias\/wp-content\/uploads\/2021\/09\/img7262aajpg163087521361352e4d09db8.jpg","contentUrl":"https:\/\/radiolifefm.com.br\/noticias\/wp-content\/uploads\/2021\/09\/img7262aajpg163087521361352e4d09db8.jpg","width":600,"height":337,"caption":"\u201cN\u00e3o \u00e9 poss\u00edvel mensurar a magnitude do dano ambiental\u201d, informou a Cetesb ao Minist\u00e9rio P\u00fablico."},{"@type":"BreadcrumbList","@id":"https:\/\/radiolifefm.com.br\/noticias\/na-justica-promotoria-pede-que-responsaveis-da-couroada-removam-residuos-industriais-contaminantesadamantina\/#breadcrumb","itemListElement":[{"@type":"ListItem","position":1,"name":"In\u00edcio","item":"https:\/\/radiolifefm.com.br\/noticias\/"},{"@type":"ListItem","position":2,"name":"Na Justi\u00e7a, Promotoria pede que respons\u00e1veis da Couroada removam res\u00edduos industriais contaminantes"}]},{"@type":"WebSite","@id":"https:\/\/radiolifefm.com.br\/noticias\/#website","url":"https:\/\/radiolifefm.com.br\/noticias\/","name":"R\u00e1dio Life FM","description":"O Portal de Not\u00edcias de Adamantina","publisher":{"@id":"https:\/\/radiolifefm.com.br\/noticias\/#organization"},"alternateName":"Life FM","potentialAction":[{"@type":"SearchAction","target":{"@type":"EntryPoint","urlTemplate":"https:\/\/radiolifefm.com.br\/noticias\/?s={search_term_string}"},"query-input":{"@type":"PropertyValueSpecification","valueRequired":true,"valueName":"search_term_string"}}],"inLanguage":"pt-BR"},{"@type":"Organization","@id":"https:\/\/radiolifefm.com.br\/noticias\/#organization","name":"R\u00e1dio Life FM","alternateName":"Life FM","url":"https:\/\/radiolifefm.com.br\/noticias\/","logo":{"@type":"ImageObject","inLanguage":"pt-BR","@id":"https:\/\/radiolifefm.com.br\/noticias\/#\/schema\/logo\/image\/","url":"https:\/\/static.radiolifefm.com.br\/noticias\/wp-content\/uploads\/2019\/10\/logo-lifefm.png","contentUrl":"https:\/\/static.radiolifefm.com.br\/noticias\/wp-content\/uploads\/2019\/10\/logo-lifefm.png","width":196,"height":47,"caption":"R\u00e1dio Life FM"},"image":{"@id":"https:\/\/radiolifefm.com.br\/noticias\/#\/schema\/logo\/image\/"},"sameAs":["https:\/\/www.facebook.com\/radiolifefm\/","https:\/\/www.instagram.com\/life1079fm\/"]},{"@type":"Person","@id":"https:\/\/radiolifefm.com.br\/noticias\/#\/schema\/person\/6339b9fac59d12b071dec680d7375d87","name":"ritanery","image":{"@type":"ImageObject","inLanguage":"pt-BR","@id":"https:\/\/secure.gravatar.com\/avatar\/0e37bb19071f47c0b8a23f62a903df117c5a0e75f65a0c2901562f97cd41cf86?s=96&d=mm&r=g","url":"https:\/\/secure.gravatar.com\/avatar\/0e37bb19071f47c0b8a23f62a903df117c5a0e75f65a0c2901562f97cd41cf86?s=96&d=mm&r=g","contentUrl":"https:\/\/secure.gravatar.com\/avatar\/0e37bb19071f47c0b8a23f62a903df117c5a0e75f65a0c2901562f97cd41cf86?s=96&d=mm&r=g","caption":"ritanery"}}]}},"amp_enabled":true,"_links":{"self":[{"href":"https:\/\/radiolifefm.com.br\/noticias\/wp-json\/wp\/v2\/posts\/42469","targetHints":{"allow":["GET"]}}],"collection":[{"href":"https:\/\/radiolifefm.com.br\/noticias\/wp-json\/wp\/v2\/posts"}],"about":[{"href":"https:\/\/radiolifefm.com.br\/noticias\/wp-json\/wp\/v2\/types\/post"}],"author":[{"embeddable":true,"href":"https:\/\/radiolifefm.com.br\/noticias\/wp-json\/wp\/v2\/users\/13"}],"replies":[{"embeddable":true,"href":"https:\/\/radiolifefm.com.br\/noticias\/wp-json\/wp\/v2\/comments?post=42469"}],"version-history":[{"count":1,"href":"https:\/\/radiolifefm.com.br\/noticias\/wp-json\/wp\/v2\/posts\/42469\/revisions"}],"predecessor-version":[{"id":42477,"href":"https:\/\/radiolifefm.com.br\/noticias\/wp-json\/wp\/v2\/posts\/42469\/revisions\/42477"}],"wp:featuredmedia":[{"embeddable":true,"href":"https:\/\/radiolifefm.com.br\/noticias\/wp-json\/wp\/v2\/media\/42470"}],"wp:attachment":[{"href":"https:\/\/radiolifefm.com.br\/noticias\/wp-json\/wp\/v2\/media?parent=42469"}],"wp:term":[{"taxonomy":"category","embeddable":true,"href":"https:\/\/radiolifefm.com.br\/noticias\/wp-json\/wp\/v2\/categories?post=42469"},{"taxonomy":"post_tag","embeddable":true,"href":"https:\/\/radiolifefm.com.br\/noticias\/wp-json\/wp\/v2\/tags?post=42469"}],"curies":[{"name":"wp","href":"https:\/\/api.w.org\/{rel}","templated":true}]}}