{"id":42460,"date":"2021-09-05T20:19:39","date_gmt":"2021-09-05T23:19:39","guid":{"rendered":"https:\/\/radiolifefm.com.br\/noticias\/?p=42460"},"modified":"2026-04-10T06:51:40","modified_gmt":"2026-04-10T09:51:40","slug":"instalacoes-de-antigo-curtume-sao-atingidas-por-incendio-em-adamantina","status":"publish","type":"post","link":"https:\/\/radiolifefm.com.br\/noticias\/instalacoes-de-antigo-curtume-sao-atingidas-por-incendio-em-adamantina\/","title":{"rendered":"Instala\u00e7\u00f5es de antigo curtume s\u00e3o atingidas por inc\u00eandio em Adamantina"},"content":{"rendered":"<div id=\"fb-root\"><\/div>\n<p>As instala\u00e7\u00f5es do antigo curtume Couroada foram atingidas por um inc\u00eandio na tarde deste domingo (5) em Adamantina.<\/p>\n<p>&nbsp;<\/p>\n<p>O fogo foi combatido pelo Corpo de Bombeiros que contou com o apoio de um caminh\u00e3o tanque da prefeitura.<\/p>\n<p>&nbsp;<\/p>\n<p>As chamas atingiram os galp\u00f5es em que o couro era processado quando a empresa funcionava, local onde se concentraram os trabalhos de combate pelos homens do Corpo de Bombeiros com o uso de equipamentos especiais de prote\u00e7\u00e3o e oxig\u00eanio, devido a presen\u00e7a de produtos qu\u00edmicos.<\/p>\n<p>&nbsp;<\/p>\n<p>Uma \u00e1rea de vegeta\u00e7\u00e3o existente nas imedia\u00e7\u00f5es tamb\u00e9m foi atingida pelo inc\u00eandio e foi necess\u00e1rio o uso de um trator de um propriet\u00e1rio rural vizinho do local para realizar um aceiro com o intuito de fazer com que o fogo n\u00e3o avan\u00e7asse e atingisse sua \u00e1rea de pasto.<\/p>\n<p>&nbsp;<\/p>\n<p>As causas do inc\u00eandio ainda s\u00e3o desconhecidas e dever\u00e3o ser apuradas nos pr\u00f3ximos dias.<\/p>\n<p>&nbsp;<\/p>\n<p>Com as atividades encerradas desde 2013, muitos funcion\u00e1rios ainda enfrentam uma batalha judicial pelo recebimento de sal\u00e1rios e outros direitos trabalhista.<\/p>\n<div class='flex flex-wrap items-center -mx-1'>\r\n<a class='thumbnail gallery p-1 w-1\/2 md:w-1\/4' href='https:\/\/radiolifefm.com.br\/noticias\/wp-content\/uploads\/2021\/09\/01-2-1.jpeg'><img class='border border-white' src='https:\/\/radiolifefm.com.br\/noticias\/wp-content\/uploads\/2021\/09\/01-2-1-200x200.jpeg' alt='01 2' \/><\/a><a class='thumbnail gallery p-1 w-1\/2 md:w-1\/4' href='https:\/\/radiolifefm.com.br\/noticias\/wp-content\/uploads\/2021\/09\/01-4-2.jpeg'><img class='border border-white' src='https:\/\/radiolifefm.com.br\/noticias\/wp-content\/uploads\/2021\/09\/01-4-2-200x200.jpeg' alt='01 4' \/><\/a><a class='thumbnail gallery p-1 w-1\/2 md:w-1\/4' href='https:\/\/radiolifefm.com.br\/noticias\/wp-content\/uploads\/2021\/09\/01-5.jpeg'><img class='border border-white' src='https:\/\/radiolifefm.com.br\/noticias\/wp-content\/uploads\/2021\/09\/01-5-200x200.jpeg' alt='01 5' \/><\/a><a class='thumbnail gallery p-1 w-1\/2 md:w-1\/4' href='https:\/\/radiolifefm.com.br\/noticias\/wp-content\/uploads\/2021\/09\/01-7.jpeg'><img class='border border-white' src='https:\/\/radiolifefm.com.br\/noticias\/wp-content\/uploads\/2021\/09\/01-7-200x200.jpeg' alt='01 7' \/><\/a><a class='thumbnail gallery p-1 w-1\/2 md:w-1\/4' href='https:\/\/radiolifefm.com.br\/noticias\/wp-content\/uploads\/2021\/09\/01-9.jpeg'><img class='border border-white' src='https:\/\/radiolifefm.com.br\/noticias\/wp-content\/uploads\/2021\/09\/01-9-200x200.jpeg' alt='01 9' \/><\/a><a class='thumbnail gallery p-1 w-1\/2 md:w-1\/4' href='https:\/\/radiolifefm.com.br\/noticias\/wp-content\/uploads\/2021\/09\/01-10.jpeg'><img class='border border-white' src='https:\/\/radiolifefm.com.br\/noticias\/wp-content\/uploads\/2021\/09\/01-10-200x200.jpeg' alt='01 10' \/><\/a><\/div>\n<p>Fonte: Adamantina Net<\/p>\n","protected":false},"excerpt":{"rendered":"<p>As instala\u00e7\u00f5es do antigo curtume Couroada foram atingidas por um inc\u00eandio na tarde deste domingo (5) em Adamantina. &nbsp; O fogo foi combatido pelo Corpo de Bombeiros que contou com o apoio de um caminh\u00e3o tanque da prefeitura. &nbsp; As chamas atingiram os galp\u00f5es em que o couro era processado quando a empresa funcionava, local [&hellip;]<\/p>\n","protected":false},"author":13,"featured_media":42461,"comment_status":"closed","ping_status":"open","sticky":false,"template":"","format":"standard","meta":{"_acf_changed":false,"_exactmetrics_skip_tracking":false,"_exactmetrics_sitenote_active":false,"_exactmetrics_sitenote_note":"","_exactmetrics_sitenote_category":0,"footnotes":""},"categories":[21],"tags":[],"class_list":["post-42460","post","type-post","status-publish","format-standard","has-post-thumbnail","hentry","category-adamantina"],"acf":[],"yoast_head":"<!-- This site is optimized with the Yoast SEO plugin v27.2 - https:\/\/yoast.com\/product\/yoast-seo-wordpress\/ -->\n<title>Instala\u00e7\u00f5es de antigo curtume s\u00e3o atingidas por inc\u00eandio em Adamantina - R\u00e1dio Life FM<\/title>\n<meta name=\"robots\" content=\"index, follow, max-snippet:-1, max-image-preview:large, max-video-preview:-1\" \/>\n<link rel=\"canonical\" href=\"https:\/\/radiolifefm.com.br\/noticias\/instalacoes-de-antigo-curtume-sao-atingidas-por-incendio-em-adamantina\/\" \/>\n<meta property=\"og:locale\" content=\"pt_BR\" \/>\n<meta property=\"og:type\" content=\"article\" \/>\n<meta property=\"og:title\" content=\"Instala\u00e7\u00f5es de antigo curtume s\u00e3o atingidas por inc\u00eandio em Adamantina - R\u00e1dio Life FM\" \/>\n<meta property=\"og:description\" content=\"As instala\u00e7\u00f5es do antigo curtume Couroada foram atingidas por um inc\u00eandio na tarde deste domingo (5) em Adamantina. &nbsp; O fogo foi combatido pelo Corpo de Bombeiros que contou com o apoio de um caminh\u00e3o tanque da prefeitura. &nbsp; As chamas atingiram os galp\u00f5es em que o couro era processado quando a empresa funcionava, local [&hellip;]\" \/>\n<meta property=\"og:url\" content=\"https:\/\/radiolifefm.com.br\/noticias\/instalacoes-de-antigo-curtume-sao-atingidas-por-incendio-em-adamantina\/\" \/>\n<meta property=\"og:site_name\" content=\"R\u00e1dio Life FM\" \/>\n<meta property=\"article:publisher\" content=\"https:\/\/www.facebook.com\/radiolifefm\/\" \/>\n<meta property=\"article:published_time\" content=\"2021-09-05T23:19:39+00:00\" \/>\n<meta property=\"article:modified_time\" content=\"2026-04-10T09:51:40+00:00\" \/>\n<meta property=\"og:image\" content=\"https:\/\/radiolifefm.com.br\/noticias\/wp-content\/uploads\/2021\/09\/01-4-1.jpeg\" \/>\n\t<meta property=\"og:image:width\" content=\"181\" \/>\n\t<meta property=\"og:image:height\" content=\"181\" \/>\n\t<meta property=\"og:image:type\" content=\"image\/jpeg\" \/>\n<meta name=\"author\" content=\"ritanery\" \/>\n<meta name=\"twitter:card\" content=\"summary_large_image\" \/>\n<meta name=\"twitter:label1\" content=\"Escrito por\" \/>\n\t<meta name=\"twitter:data1\" content=\"ritanery\" \/>\n\t<meta name=\"twitter:label2\" content=\"Est. tempo de leitura\" \/>\n\t<meta name=\"twitter:data2\" content=\"1 minuto\" \/>\n<script type=\"application\/ld+json\" class=\"yoast-schema-graph\">{\"@context\":\"https:\/\/schema.org\",\"@graph\":[{\"@type\":\"Article\",\"@id\":\"https:\/\/radiolifefm.com.br\/noticias\/instalacoes-de-antigo-curtume-sao-atingidas-por-incendio-em-adamantina\/#article\",\"isPartOf\":{\"@id\":\"https:\/\/radiolifefm.com.br\/noticias\/instalacoes-de-antigo-curtume-sao-atingidas-por-incendio-em-adamantina\/\"},\"author\":{\"name\":\"ritanery\",\"@id\":\"https:\/\/radiolifefm.com.br\/noticias\/#\/schema\/person\/6339b9fac59d12b071dec680d7375d87\"},\"headline\":\"Instala\u00e7\u00f5es de antigo curtume s\u00e3o atingidas por inc\u00eandio em Adamantina\",\"datePublished\":\"2021-09-05T23:19:39+00:00\",\"dateModified\":\"2026-04-10T09:51:40+00:00\",\"mainEntityOfPage\":{\"@id\":\"https:\/\/radiolifefm.com.br\/noticias\/instalacoes-de-antigo-curtume-sao-atingidas-por-incendio-em-adamantina\/\"},\"wordCount\":210,\"publisher\":{\"@id\":\"https:\/\/radiolifefm.com.br\/noticias\/#organization\"},\"image\":{\"@id\":\"https:\/\/radiolifefm.com.br\/noticias\/instalacoes-de-antigo-curtume-sao-atingidas-por-incendio-em-adamantina\/#primaryimage\"},\"thumbnailUrl\":\"https:\/\/radiolifefm.com.br\/noticias\/wp-content\/uploads\/2021\/09\/01-4-1.jpeg\",\"articleSection\":[\"Adamantina\"],\"inLanguage\":\"pt-BR\"},{\"@type\":\"WebPage\",\"@id\":\"https:\/\/radiolifefm.com.br\/noticias\/instalacoes-de-antigo-curtume-sao-atingidas-por-incendio-em-adamantina\/\",\"url\":\"https:\/\/radiolifefm.com.br\/noticias\/instalacoes-de-antigo-curtume-sao-atingidas-por-incendio-em-adamantina\/\",\"name\":\"Instala\u00e7\u00f5es de antigo curtume s\u00e3o atingidas por inc\u00eandio em Adamantina - R\u00e1dio Life FM\",\"isPartOf\":{\"@id\":\"https:\/\/radiolifefm.com.br\/noticias\/#website\"},\"primaryImageOfPage\":{\"@id\":\"https:\/\/radiolifefm.com.br\/noticias\/instalacoes-de-antigo-curtume-sao-atingidas-por-incendio-em-adamantina\/#primaryimage\"},\"image\":{\"@id\":\"https:\/\/radiolifefm.com.br\/noticias\/instalacoes-de-antigo-curtume-sao-atingidas-por-incendio-em-adamantina\/#primaryimage\"},\"thumbnailUrl\":\"https:\/\/radiolifefm.com.br\/noticias\/wp-content\/uploads\/2021\/09\/01-4-1.jpeg\",\"datePublished\":\"2021-09-05T23:19:39+00:00\",\"dateModified\":\"2026-04-10T09:51:40+00:00\",\"breadcrumb\":{\"@id\":\"https:\/\/radiolifefm.com.br\/noticias\/instalacoes-de-antigo-curtume-sao-atingidas-por-incendio-em-adamantina\/#breadcrumb\"},\"inLanguage\":\"pt-BR\",\"potentialAction\":[{\"@type\":\"ReadAction\",\"target\":[\"https:\/\/radiolifefm.com.br\/noticias\/instalacoes-de-antigo-curtume-sao-atingidas-por-incendio-em-adamantina\/\"]}]},{\"@type\":\"ImageObject\",\"inLanguage\":\"pt-BR\",\"@id\":\"https:\/\/radiolifefm.com.br\/noticias\/instalacoes-de-antigo-curtume-sao-atingidas-por-incendio-em-adamantina\/#primaryimage\",\"url\":\"https:\/\/radiolifefm.com.br\/noticias\/wp-content\/uploads\/2021\/09\/01-4-1.jpeg\",\"contentUrl\":\"https:\/\/radiolifefm.com.br\/noticias\/wp-content\/uploads\/2021\/09\/01-4-1.jpeg\",\"width\":181,\"height\":181},{\"@type\":\"BreadcrumbList\",\"@id\":\"https:\/\/radiolifefm.com.br\/noticias\/instalacoes-de-antigo-curtume-sao-atingidas-por-incendio-em-adamantina\/#breadcrumb\",\"itemListElement\":[{\"@type\":\"ListItem\",\"position\":1,\"name\":\"In\u00edcio\",\"item\":\"https:\/\/radiolifefm.com.br\/noticias\/\"},{\"@type\":\"ListItem\",\"position\":2,\"name\":\"Instala\u00e7\u00f5es de antigo curtume s\u00e3o atingidas por inc\u00eandio em Adamantina\"}]},{\"@type\":\"WebSite\",\"@id\":\"https:\/\/radiolifefm.com.br\/noticias\/#website\",\"url\":\"https:\/\/radiolifefm.com.br\/noticias\/\",\"name\":\"R\u00e1dio Life FM\",\"description\":\"O Portal de Not\u00edcias de Adamantina\",\"publisher\":{\"@id\":\"https:\/\/radiolifefm.com.br\/noticias\/#organization\"},\"alternateName\":\"Life FM\",\"potentialAction\":[{\"@type\":\"SearchAction\",\"target\":{\"@type\":\"EntryPoint\",\"urlTemplate\":\"https:\/\/radiolifefm.com.br\/noticias\/?s={search_term_string}\"},\"query-input\":{\"@type\":\"PropertyValueSpecification\",\"valueRequired\":true,\"valueName\":\"search_term_string\"}}],\"inLanguage\":\"pt-BR\"},{\"@type\":\"Organization\",\"@id\":\"https:\/\/radiolifefm.com.br\/noticias\/#organization\",\"name\":\"R\u00e1dio Life FM\",\"alternateName\":\"Life FM\",\"url\":\"https:\/\/radiolifefm.com.br\/noticias\/\",\"logo\":{\"@type\":\"ImageObject\",\"inLanguage\":\"pt-BR\",\"@id\":\"https:\/\/radiolifefm.com.br\/noticias\/#\/schema\/logo\/image\/\",\"url\":\"https:\/\/static.radiolifefm.com.br\/noticias\/wp-content\/uploads\/2019\/10\/logo-lifefm.png\",\"contentUrl\":\"https:\/\/static.radiolifefm.com.br\/noticias\/wp-content\/uploads\/2019\/10\/logo-lifefm.png\",\"width\":196,\"height\":47,\"caption\":\"R\u00e1dio Life FM\"},\"image\":{\"@id\":\"https:\/\/radiolifefm.com.br\/noticias\/#\/schema\/logo\/image\/\"},\"sameAs\":[\"https:\/\/www.facebook.com\/radiolifefm\/\",\"https:\/\/www.instagram.com\/life1079fm\/\"]},{\"@type\":\"Person\",\"@id\":\"https:\/\/radiolifefm.com.br\/noticias\/#\/schema\/person\/6339b9fac59d12b071dec680d7375d87\",\"name\":\"ritanery\",\"image\":{\"@type\":\"ImageObject\",\"inLanguage\":\"pt-BR\",\"@id\":\"https:\/\/secure.gravatar.com\/avatar\/0e37bb19071f47c0b8a23f62a903df117c5a0e75f65a0c2901562f97cd41cf86?s=96&d=mm&r=g\",\"url\":\"https:\/\/secure.gravatar.com\/avatar\/0e37bb19071f47c0b8a23f62a903df117c5a0e75f65a0c2901562f97cd41cf86?s=96&d=mm&r=g\",\"contentUrl\":\"https:\/\/secure.gravatar.com\/avatar\/0e37bb19071f47c0b8a23f62a903df117c5a0e75f65a0c2901562f97cd41cf86?s=96&d=mm&r=g\",\"caption\":\"ritanery\"}}]}<\/script>\n<!-- \/ Yoast SEO plugin. -->","yoast_head_json":{"title":"Instala\u00e7\u00f5es de antigo curtume s\u00e3o atingidas por inc\u00eandio em Adamantina - R\u00e1dio Life FM","robots":{"index":"index","follow":"follow","max-snippet":"max-snippet:-1","max-image-preview":"max-image-preview:large","max-video-preview":"max-video-preview:-1"},"canonical":"https:\/\/radiolifefm.com.br\/noticias\/instalacoes-de-antigo-curtume-sao-atingidas-por-incendio-em-adamantina\/","og_locale":"pt_BR","og_type":"article","og_title":"Instala\u00e7\u00f5es de antigo curtume s\u00e3o atingidas por inc\u00eandio em Adamantina - R\u00e1dio Life FM","og_description":"As instala\u00e7\u00f5es do antigo curtume Couroada foram atingidas por um inc\u00eandio na tarde deste domingo (5) em Adamantina. &nbsp; O fogo foi combatido pelo Corpo de Bombeiros que contou com o apoio de um caminh\u00e3o tanque da prefeitura. &nbsp; As chamas atingiram os galp\u00f5es em que o couro era processado quando a empresa funcionava, local [&hellip;]","og_url":"https:\/\/radiolifefm.com.br\/noticias\/instalacoes-de-antigo-curtume-sao-atingidas-por-incendio-em-adamantina\/","og_site_name":"R\u00e1dio Life FM","article_publisher":"https:\/\/www.facebook.com\/radiolifefm\/","article_published_time":"2021-09-05T23:19:39+00:00","article_modified_time":"2026-04-10T09:51:40+00:00","og_image":[{"width":181,"height":181,"url":"https:\/\/radiolifefm.com.br\/noticias\/wp-content\/uploads\/2021\/09\/01-4-1.jpeg","type":"image\/jpeg"}],"author":"ritanery","twitter_card":"summary_large_image","twitter_misc":{"Escrito por":"ritanery","Est. tempo de leitura":"1 minuto"},"schema":{"@context":"https:\/\/schema.org","@graph":[{"@type":"Article","@id":"https:\/\/radiolifefm.com.br\/noticias\/instalacoes-de-antigo-curtume-sao-atingidas-por-incendio-em-adamantina\/#article","isPartOf":{"@id":"https:\/\/radiolifefm.com.br\/noticias\/instalacoes-de-antigo-curtume-sao-atingidas-por-incendio-em-adamantina\/"},"author":{"name":"ritanery","@id":"https:\/\/radiolifefm.com.br\/noticias\/#\/schema\/person\/6339b9fac59d12b071dec680d7375d87"},"headline":"Instala\u00e7\u00f5es de antigo curtume s\u00e3o atingidas por inc\u00eandio em Adamantina","datePublished":"2021-09-05T23:19:39+00:00","dateModified":"2026-04-10T09:51:40+00:00","mainEntityOfPage":{"@id":"https:\/\/radiolifefm.com.br\/noticias\/instalacoes-de-antigo-curtume-sao-atingidas-por-incendio-em-adamantina\/"},"wordCount":210,"publisher":{"@id":"https:\/\/radiolifefm.com.br\/noticias\/#organization"},"image":{"@id":"https:\/\/radiolifefm.com.br\/noticias\/instalacoes-de-antigo-curtume-sao-atingidas-por-incendio-em-adamantina\/#primaryimage"},"thumbnailUrl":"https:\/\/radiolifefm.com.br\/noticias\/wp-content\/uploads\/2021\/09\/01-4-1.jpeg","articleSection":["Adamantina"],"inLanguage":"pt-BR"},{"@type":"WebPage","@id":"https:\/\/radiolifefm.com.br\/noticias\/instalacoes-de-antigo-curtume-sao-atingidas-por-incendio-em-adamantina\/","url":"https:\/\/radiolifefm.com.br\/noticias\/instalacoes-de-antigo-curtume-sao-atingidas-por-incendio-em-adamantina\/","name":"Instala\u00e7\u00f5es de antigo curtume s\u00e3o atingidas por inc\u00eandio em Adamantina - R\u00e1dio Life FM","isPartOf":{"@id":"https:\/\/radiolifefm.com.br\/noticias\/#website"},"primaryImageOfPage":{"@id":"https:\/\/radiolifefm.com.br\/noticias\/instalacoes-de-antigo-curtume-sao-atingidas-por-incendio-em-adamantina\/#primaryimage"},"image":{"@id":"https:\/\/radiolifefm.com.br\/noticias\/instalacoes-de-antigo-curtume-sao-atingidas-por-incendio-em-adamantina\/#primaryimage"},"thumbnailUrl":"https:\/\/radiolifefm.com.br\/noticias\/wp-content\/uploads\/2021\/09\/01-4-1.jpeg","datePublished":"2021-09-05T23:19:39+00:00","dateModified":"2026-04-10T09:51:40+00:00","breadcrumb":{"@id":"https:\/\/radiolifefm.com.br\/noticias\/instalacoes-de-antigo-curtume-sao-atingidas-por-incendio-em-adamantina\/#breadcrumb"},"inLanguage":"pt-BR","potentialAction":[{"@type":"ReadAction","target":["https:\/\/radiolifefm.com.br\/noticias\/instalacoes-de-antigo-curtume-sao-atingidas-por-incendio-em-adamantina\/"]}]},{"@type":"ImageObject","inLanguage":"pt-BR","@id":"https:\/\/radiolifefm.com.br\/noticias\/instalacoes-de-antigo-curtume-sao-atingidas-por-incendio-em-adamantina\/#primaryimage","url":"https:\/\/radiolifefm.com.br\/noticias\/wp-content\/uploads\/2021\/09\/01-4-1.jpeg","contentUrl":"https:\/\/radiolifefm.com.br\/noticias\/wp-content\/uploads\/2021\/09\/01-4-1.jpeg","width":181,"height":181},{"@type":"BreadcrumbList","@id":"https:\/\/radiolifefm.com.br\/noticias\/instalacoes-de-antigo-curtume-sao-atingidas-por-incendio-em-adamantina\/#breadcrumb","itemListElement":[{"@type":"ListItem","position":1,"name":"In\u00edcio","item":"https:\/\/radiolifefm.com.br\/noticias\/"},{"@type":"ListItem","position":2,"name":"Instala\u00e7\u00f5es de antigo curtume s\u00e3o atingidas por inc\u00eandio em Adamantina"}]},{"@type":"WebSite","@id":"https:\/\/radiolifefm.com.br\/noticias\/#website","url":"https:\/\/radiolifefm.com.br\/noticias\/","name":"R\u00e1dio Life FM","description":"O Portal de Not\u00edcias de Adamantina","publisher":{"@id":"https:\/\/radiolifefm.com.br\/noticias\/#organization"},"alternateName":"Life FM","potentialAction":[{"@type":"SearchAction","target":{"@type":"EntryPoint","urlTemplate":"https:\/\/radiolifefm.com.br\/noticias\/?s={search_term_string}"},"query-input":{"@type":"PropertyValueSpecification","valueRequired":true,"valueName":"search_term_string"}}],"inLanguage":"pt-BR"},{"@type":"Organization","@id":"https:\/\/radiolifefm.com.br\/noticias\/#organization","name":"R\u00e1dio Life FM","alternateName":"Life FM","url":"https:\/\/radiolifefm.com.br\/noticias\/","logo":{"@type":"ImageObject","inLanguage":"pt-BR","@id":"https:\/\/radiolifefm.com.br\/noticias\/#\/schema\/logo\/image\/","url":"https:\/\/static.radiolifefm.com.br\/noticias\/wp-content\/uploads\/2019\/10\/logo-lifefm.png","contentUrl":"https:\/\/static.radiolifefm.com.br\/noticias\/wp-content\/uploads\/2019\/10\/logo-lifefm.png","width":196,"height":47,"caption":"R\u00e1dio Life FM"},"image":{"@id":"https:\/\/radiolifefm.com.br\/noticias\/#\/schema\/logo\/image\/"},"sameAs":["https:\/\/www.facebook.com\/radiolifefm\/","https:\/\/www.instagram.com\/life1079fm\/"]},{"@type":"Person","@id":"https:\/\/radiolifefm.com.br\/noticias\/#\/schema\/person\/6339b9fac59d12b071dec680d7375d87","name":"ritanery","image":{"@type":"ImageObject","inLanguage":"pt-BR","@id":"https:\/\/secure.gravatar.com\/avatar\/0e37bb19071f47c0b8a23f62a903df117c5a0e75f65a0c2901562f97cd41cf86?s=96&d=mm&r=g","url":"https:\/\/secure.gravatar.com\/avatar\/0e37bb19071f47c0b8a23f62a903df117c5a0e75f65a0c2901562f97cd41cf86?s=96&d=mm&r=g","contentUrl":"https:\/\/secure.gravatar.com\/avatar\/0e37bb19071f47c0b8a23f62a903df117c5a0e75f65a0c2901562f97cd41cf86?s=96&d=mm&r=g","caption":"ritanery"}}]}},"amp_enabled":true,"_links":{"self":[{"href":"https:\/\/radiolifefm.com.br\/noticias\/wp-json\/wp\/v2\/posts\/42460","targetHints":{"allow":["GET"]}}],"collection":[{"href":"https:\/\/radiolifefm.com.br\/noticias\/wp-json\/wp\/v2\/posts"}],"about":[{"href":"https:\/\/radiolifefm.com.br\/noticias\/wp-json\/wp\/v2\/types\/post"}],"author":[{"embeddable":true,"href":"https:\/\/radiolifefm.com.br\/noticias\/wp-json\/wp\/v2\/users\/13"}],"replies":[{"embeddable":true,"href":"https:\/\/radiolifefm.com.br\/noticias\/wp-json\/wp\/v2\/comments?post=42460"}],"version-history":[{"count":1,"href":"https:\/\/radiolifefm.com.br\/noticias\/wp-json\/wp\/v2\/posts\/42460\/revisions"}],"predecessor-version":[{"id":42468,"href":"https:\/\/radiolifefm.com.br\/noticias\/wp-json\/wp\/v2\/posts\/42460\/revisions\/42468"}],"wp:featuredmedia":[{"embeddable":true,"href":"https:\/\/radiolifefm.com.br\/noticias\/wp-json\/wp\/v2\/media\/42461"}],"wp:attachment":[{"href":"https:\/\/radiolifefm.com.br\/noticias\/wp-json\/wp\/v2\/media?parent=42460"}],"wp:term":[{"taxonomy":"category","embeddable":true,"href":"https:\/\/radiolifefm.com.br\/noticias\/wp-json\/wp\/v2\/categories?post=42460"},{"taxonomy":"post_tag","embeddable":true,"href":"https:\/\/radiolifefm.com.br\/noticias\/wp-json\/wp\/v2\/tags?post=42460"}],"curies":[{"name":"wp","href":"https:\/\/api.w.org\/{rel}","templated":true}]}}