{"id":42361,"date":"2021-09-02T20:42:57","date_gmt":"2021-09-02T23:42:57","guid":{"rendered":"https:\/\/radiolifefm.com.br\/noticias\/?p=42361"},"modified":"2026-04-24T04:33:30","modified_gmt":"2026-04-24T07:33:30","slug":"fundo-social-de-solidariedade-de-adamantina-recebe-doacao-de-cobertores-da-sabesp-e-da-usina-branco-peres","status":"publish","type":"post","link":"https:\/\/radiolifefm.com.br\/noticias\/fundo-social-de-solidariedade-de-adamantina-recebe-doacao-de-cobertores-da-sabesp-e-da-usina-branco-peres\/","title":{"rendered":"Fundo Social de Solidariedade de Adamantina recebe doa\u00e7\u00e3o de cobertores da Sabesp e da Usina Branco Peres"},"content":{"rendered":"<div id=\"fb-root\"><\/div>\n<p>A Prefeitura de Adamantina, por meio do Fundo Social de Solidariedade, recebeu a doa\u00e7\u00e3o de 55 cobertores da Usina Branco Peres e mais 124 cobertores da Sabesp na Campanha Inverno Solid\u00e1rio.<\/p>\n<p>&nbsp;<\/p>\n<p>De acordo com o gerente de divis\u00e3o da Sabesp em Adamantina, Fabio Assis Silva, a campanha Inverno Solid\u00e1rio \u00e9 talvez a mais importante feita pelo grupo de voluntariado da Sabesp, consiste na participa\u00e7\u00e3o dos colaboradores da Companhia no engajamento para ajuda ao pr\u00f3ximo.<\/p>\n<p>&nbsp;<\/p>\n<p>\u201cJ\u00e1 \u00e9 tradi\u00e7\u00e3o na Sabesp participar de campanhas em prol aos mais necessitados, sobretudo em uma \u00e9poca t\u00e3o conturbada como a que estamos passando devido \u00e0 pandemia, o que refor\u00e7a ainda mais a parceria estabelecida entre a Sabesp e a Prefeitura de Adamantina\u201d, afirma.<\/p>\n<p>&nbsp;<\/p>\n<p>De acordo com o diretor da Usina Branco Peres, M\u00e1rcio Vidoto de Oliveira, as empresas tem um papel muito importante na sociedade gerando distribui\u00e7\u00e3o de renda atrav\u00e9s de suas atividades.<\/p>\n<p>&nbsp;<\/p>\n<p>\u201cAl\u00e9m disso, \u00e9 fundamental atuar em problemas sociais de forma direta atrav\u00e9s de doa\u00e7\u00e3o e colabora\u00e7\u00e3o com a comunidade, como j\u00e1 fizemos antes com a doa\u00e7\u00e3o de \u00e1lcool 70% para o munic\u00edpio e outras atividades que fazemos, principalmente nesse momento t\u00e3o delicado que todos atravessamos\u201d, relembra.<\/p>\n<p>&nbsp;<\/p>\n<p>Segundo ele, a doa\u00e7\u00e3o foi feita ao Fundo Social, porque a empresa acredita que esse \u00e9 o caminho para atingir de fato aqueles que necessitam de ajuda.<img loading=\"lazy\" decoding=\"async\" class=\"alignnone size-full wp-image-42363\" src=\"https:\/\/static.radiolifefm.com.br\/wp-content\/uploads\/sites\/2\/2021\/09\/Foto-1.jpeg\" alt=\"\" width=\"1024\" height=\"863\" srcset=\"https:\/\/radiolifefm.com.br\/noticias\/wp-content\/uploads\/2021\/09\/Foto-1.jpeg 1024w, https:\/\/radiolifefm.com.br\/noticias\/wp-content\/uploads\/2021\/09\/Foto-1-300x253.jpeg 300w, https:\/\/radiolifefm.com.br\/noticias\/wp-content\/uploads\/2021\/09\/Foto-1-768x647.jpeg 768w\" sizes=\"auto, (max-width: 1024px) 100vw, 1024px\" \/><\/p>\n<p>Fonte: Assessoria de Imprensa<\/p>\n","protected":false},"excerpt":{"rendered":"<p>A Prefeitura de Adamantina, por meio do Fundo Social de Solidariedade, recebeu a doa\u00e7\u00e3o de 55 cobertores da Usina Branco Peres e mais 124 cobertores da Sabesp na Campanha Inverno Solid\u00e1rio. &nbsp; De acordo com o gerente de divis\u00e3o da Sabesp em Adamantina, Fabio Assis Silva, a campanha Inverno Solid\u00e1rio \u00e9 talvez a mais importante [&hellip;]<\/p>\n","protected":false},"author":13,"featured_media":42362,"comment_status":"closed","ping_status":"open","sticky":false,"template":"","format":"standard","meta":{"_acf_changed":false,"_exactmetrics_skip_tracking":false,"_exactmetrics_sitenote_active":false,"_exactmetrics_sitenote_note":"","_exactmetrics_sitenote_category":0,"footnotes":""},"categories":[21],"tags":[],"class_list":["post-42361","post","type-post","status-publish","format-standard","has-post-thumbnail","hentry","category-adamantina"],"acf":[],"yoast_head":"<!-- This site is optimized with the Yoast SEO plugin v27.2 - https:\/\/yoast.com\/product\/yoast-seo-wordpress\/ -->\n<title>Fundo Social de Solidariedade de Adamantina recebe doa\u00e7\u00e3o de cobertores da Sabesp e da Usina Branco Peres - R\u00e1dio Life FM<\/title>\n<meta name=\"robots\" content=\"index, follow, max-snippet:-1, max-image-preview:large, max-video-preview:-1\" \/>\n<link rel=\"canonical\" href=\"https:\/\/radiolifefm.com.br\/noticias\/fundo-social-de-solidariedade-de-adamantina-recebe-doacao-de-cobertores-da-sabesp-e-da-usina-branco-peres\/\" \/>\n<meta property=\"og:locale\" content=\"pt_BR\" \/>\n<meta property=\"og:type\" content=\"article\" \/>\n<meta property=\"og:title\" content=\"Fundo Social de Solidariedade de Adamantina recebe doa\u00e7\u00e3o de cobertores da Sabesp e da Usina Branco Peres - R\u00e1dio Life FM\" \/>\n<meta property=\"og:description\" content=\"A Prefeitura de Adamantina, por meio do Fundo Social de Solidariedade, recebeu a doa\u00e7\u00e3o de 55 cobertores da Usina Branco Peres e mais 124 cobertores da Sabesp na Campanha Inverno Solid\u00e1rio. &nbsp; De acordo com o gerente de divis\u00e3o da Sabesp em Adamantina, Fabio Assis Silva, a campanha Inverno Solid\u00e1rio \u00e9 talvez a mais importante [&hellip;]\" \/>\n<meta property=\"og:url\" content=\"https:\/\/radiolifefm.com.br\/noticias\/fundo-social-de-solidariedade-de-adamantina-recebe-doacao-de-cobertores-da-sabesp-e-da-usina-branco-peres\/\" \/>\n<meta property=\"og:site_name\" content=\"R\u00e1dio Life FM\" \/>\n<meta property=\"article:publisher\" content=\"https:\/\/www.facebook.com\/radiolifefm\/\" \/>\n<meta property=\"article:published_time\" content=\"2021-09-02T23:42:57+00:00\" \/>\n<meta property=\"article:modified_time\" content=\"2026-04-24T07:33:30+00:00\" \/>\n<meta property=\"og:image\" content=\"https:\/\/radiolifefm.com.br\/noticias\/wp-content\/uploads\/2021\/09\/Foto-2.jpeg\" \/>\n\t<meta property=\"og:image:width\" content=\"1280\" \/>\n\t<meta property=\"og:image:height\" content=\"1010\" \/>\n\t<meta property=\"og:image:type\" content=\"image\/jpeg\" \/>\n<meta name=\"author\" content=\"ritanery\" \/>\n<meta name=\"twitter:card\" content=\"summary_large_image\" \/>\n<meta name=\"twitter:label1\" content=\"Escrito por\" \/>\n\t<meta name=\"twitter:data1\" content=\"ritanery\" \/>\n\t<meta name=\"twitter:label2\" content=\"Est. tempo de leitura\" \/>\n\t<meta name=\"twitter:data2\" content=\"2 minutos\" \/>\n<script type=\"application\/ld+json\" class=\"yoast-schema-graph\">{\"@context\":\"https:\/\/schema.org\",\"@graph\":[{\"@type\":\"Article\",\"@id\":\"https:\/\/radiolifefm.com.br\/noticias\/fundo-social-de-solidariedade-de-adamantina-recebe-doacao-de-cobertores-da-sabesp-e-da-usina-branco-peres\/#article\",\"isPartOf\":{\"@id\":\"https:\/\/radiolifefm.com.br\/noticias\/fundo-social-de-solidariedade-de-adamantina-recebe-doacao-de-cobertores-da-sabesp-e-da-usina-branco-peres\/\"},\"author\":{\"name\":\"ritanery\",\"@id\":\"https:\/\/radiolifefm.com.br\/noticias\/#\/schema\/person\/6339b9fac59d12b071dec680d7375d87\"},\"headline\":\"Fundo Social de Solidariedade de Adamantina recebe doa\u00e7\u00e3o de cobertores da Sabesp e da Usina Branco Peres\",\"datePublished\":\"2021-09-02T23:42:57+00:00\",\"dateModified\":\"2026-04-24T07:33:30+00:00\",\"mainEntityOfPage\":{\"@id\":\"https:\/\/radiolifefm.com.br\/noticias\/fundo-social-de-solidariedade-de-adamantina-recebe-doacao-de-cobertores-da-sabesp-e-da-usina-branco-peres\/\"},\"wordCount\":260,\"publisher\":{\"@id\":\"https:\/\/radiolifefm.com.br\/noticias\/#organization\"},\"image\":{\"@id\":\"https:\/\/radiolifefm.com.br\/noticias\/fundo-social-de-solidariedade-de-adamantina-recebe-doacao-de-cobertores-da-sabesp-e-da-usina-branco-peres\/#primaryimage\"},\"thumbnailUrl\":\"https:\/\/radiolifefm.com.br\/noticias\/wp-content\/uploads\/2021\/09\/Foto-2.jpeg\",\"articleSection\":[\"Adamantina\"],\"inLanguage\":\"pt-BR\"},{\"@type\":\"WebPage\",\"@id\":\"https:\/\/radiolifefm.com.br\/noticias\/fundo-social-de-solidariedade-de-adamantina-recebe-doacao-de-cobertores-da-sabesp-e-da-usina-branco-peres\/\",\"url\":\"https:\/\/radiolifefm.com.br\/noticias\/fundo-social-de-solidariedade-de-adamantina-recebe-doacao-de-cobertores-da-sabesp-e-da-usina-branco-peres\/\",\"name\":\"Fundo Social de Solidariedade de Adamantina recebe doa\u00e7\u00e3o de cobertores da Sabesp e da Usina Branco Peres - R\u00e1dio Life FM\",\"isPartOf\":{\"@id\":\"https:\/\/radiolifefm.com.br\/noticias\/#website\"},\"primaryImageOfPage\":{\"@id\":\"https:\/\/radiolifefm.com.br\/noticias\/fundo-social-de-solidariedade-de-adamantina-recebe-doacao-de-cobertores-da-sabesp-e-da-usina-branco-peres\/#primaryimage\"},\"image\":{\"@id\":\"https:\/\/radiolifefm.com.br\/noticias\/fundo-social-de-solidariedade-de-adamantina-recebe-doacao-de-cobertores-da-sabesp-e-da-usina-branco-peres\/#primaryimage\"},\"thumbnailUrl\":\"https:\/\/radiolifefm.com.br\/noticias\/wp-content\/uploads\/2021\/09\/Foto-2.jpeg\",\"datePublished\":\"2021-09-02T23:42:57+00:00\",\"dateModified\":\"2026-04-24T07:33:30+00:00\",\"breadcrumb\":{\"@id\":\"https:\/\/radiolifefm.com.br\/noticias\/fundo-social-de-solidariedade-de-adamantina-recebe-doacao-de-cobertores-da-sabesp-e-da-usina-branco-peres\/#breadcrumb\"},\"inLanguage\":\"pt-BR\",\"potentialAction\":[{\"@type\":\"ReadAction\",\"target\":[\"https:\/\/radiolifefm.com.br\/noticias\/fundo-social-de-solidariedade-de-adamantina-recebe-doacao-de-cobertores-da-sabesp-e-da-usina-branco-peres\/\"]}]},{\"@type\":\"ImageObject\",\"inLanguage\":\"pt-BR\",\"@id\":\"https:\/\/radiolifefm.com.br\/noticias\/fundo-social-de-solidariedade-de-adamantina-recebe-doacao-de-cobertores-da-sabesp-e-da-usina-branco-peres\/#primaryimage\",\"url\":\"https:\/\/radiolifefm.com.br\/noticias\/wp-content\/uploads\/2021\/09\/Foto-2.jpeg\",\"contentUrl\":\"https:\/\/radiolifefm.com.br\/noticias\/wp-content\/uploads\/2021\/09\/Foto-2.jpeg\",\"width\":1280,\"height\":1010},{\"@type\":\"BreadcrumbList\",\"@id\":\"https:\/\/radiolifefm.com.br\/noticias\/fundo-social-de-solidariedade-de-adamantina-recebe-doacao-de-cobertores-da-sabesp-e-da-usina-branco-peres\/#breadcrumb\",\"itemListElement\":[{\"@type\":\"ListItem\",\"position\":1,\"name\":\"In\u00edcio\",\"item\":\"https:\/\/radiolifefm.com.br\/noticias\/\"},{\"@type\":\"ListItem\",\"position\":2,\"name\":\"Fundo Social de Solidariedade de Adamantina recebe doa\u00e7\u00e3o de cobertores da Sabesp e da Usina Branco Peres\"}]},{\"@type\":\"WebSite\",\"@id\":\"https:\/\/radiolifefm.com.br\/noticias\/#website\",\"url\":\"https:\/\/radiolifefm.com.br\/noticias\/\",\"name\":\"R\u00e1dio Life FM\",\"description\":\"O Portal de Not\u00edcias de Adamantina\",\"publisher\":{\"@id\":\"https:\/\/radiolifefm.com.br\/noticias\/#organization\"},\"alternateName\":\"Life FM\",\"potentialAction\":[{\"@type\":\"SearchAction\",\"target\":{\"@type\":\"EntryPoint\",\"urlTemplate\":\"https:\/\/radiolifefm.com.br\/noticias\/?s={search_term_string}\"},\"query-input\":{\"@type\":\"PropertyValueSpecification\",\"valueRequired\":true,\"valueName\":\"search_term_string\"}}],\"inLanguage\":\"pt-BR\"},{\"@type\":\"Organization\",\"@id\":\"https:\/\/radiolifefm.com.br\/noticias\/#organization\",\"name\":\"R\u00e1dio Life FM\",\"alternateName\":\"Life FM\",\"url\":\"https:\/\/radiolifefm.com.br\/noticias\/\",\"logo\":{\"@type\":\"ImageObject\",\"inLanguage\":\"pt-BR\",\"@id\":\"https:\/\/radiolifefm.com.br\/noticias\/#\/schema\/logo\/image\/\",\"url\":\"https:\/\/static.radiolifefm.com.br\/noticias\/wp-content\/uploads\/2019\/10\/logo-lifefm.png\",\"contentUrl\":\"https:\/\/static.radiolifefm.com.br\/noticias\/wp-content\/uploads\/2019\/10\/logo-lifefm.png\",\"width\":196,\"height\":47,\"caption\":\"R\u00e1dio Life FM\"},\"image\":{\"@id\":\"https:\/\/radiolifefm.com.br\/noticias\/#\/schema\/logo\/image\/\"},\"sameAs\":[\"https:\/\/www.facebook.com\/radiolifefm\/\",\"https:\/\/www.instagram.com\/life1079fm\/\"]},{\"@type\":\"Person\",\"@id\":\"https:\/\/radiolifefm.com.br\/noticias\/#\/schema\/person\/6339b9fac59d12b071dec680d7375d87\",\"name\":\"ritanery\",\"image\":{\"@type\":\"ImageObject\",\"inLanguage\":\"pt-BR\",\"@id\":\"https:\/\/secure.gravatar.com\/avatar\/0e37bb19071f47c0b8a23f62a903df117c5a0e75f65a0c2901562f97cd41cf86?s=96&d=mm&r=g\",\"url\":\"https:\/\/secure.gravatar.com\/avatar\/0e37bb19071f47c0b8a23f62a903df117c5a0e75f65a0c2901562f97cd41cf86?s=96&d=mm&r=g\",\"contentUrl\":\"https:\/\/secure.gravatar.com\/avatar\/0e37bb19071f47c0b8a23f62a903df117c5a0e75f65a0c2901562f97cd41cf86?s=96&d=mm&r=g\",\"caption\":\"ritanery\"}}]}<\/script>\n<!-- \/ Yoast SEO plugin. -->","yoast_head_json":{"title":"Fundo Social de Solidariedade de Adamantina recebe doa\u00e7\u00e3o de cobertores da Sabesp e da Usina Branco Peres - R\u00e1dio Life FM","robots":{"index":"index","follow":"follow","max-snippet":"max-snippet:-1","max-image-preview":"max-image-preview:large","max-video-preview":"max-video-preview:-1"},"canonical":"https:\/\/radiolifefm.com.br\/noticias\/fundo-social-de-solidariedade-de-adamantina-recebe-doacao-de-cobertores-da-sabesp-e-da-usina-branco-peres\/","og_locale":"pt_BR","og_type":"article","og_title":"Fundo Social de Solidariedade de Adamantina recebe doa\u00e7\u00e3o de cobertores da Sabesp e da Usina Branco Peres - R\u00e1dio Life FM","og_description":"A Prefeitura de Adamantina, por meio do Fundo Social de Solidariedade, recebeu a doa\u00e7\u00e3o de 55 cobertores da Usina Branco Peres e mais 124 cobertores da Sabesp na Campanha Inverno Solid\u00e1rio. &nbsp; De acordo com o gerente de divis\u00e3o da Sabesp em Adamantina, Fabio Assis Silva, a campanha Inverno Solid\u00e1rio \u00e9 talvez a mais importante [&hellip;]","og_url":"https:\/\/radiolifefm.com.br\/noticias\/fundo-social-de-solidariedade-de-adamantina-recebe-doacao-de-cobertores-da-sabesp-e-da-usina-branco-peres\/","og_site_name":"R\u00e1dio Life FM","article_publisher":"https:\/\/www.facebook.com\/radiolifefm\/","article_published_time":"2021-09-02T23:42:57+00:00","article_modified_time":"2026-04-24T07:33:30+00:00","og_image":[{"width":1280,"height":1010,"url":"https:\/\/radiolifefm.com.br\/noticias\/wp-content\/uploads\/2021\/09\/Foto-2.jpeg","type":"image\/jpeg"}],"author":"ritanery","twitter_card":"summary_large_image","twitter_misc":{"Escrito por":"ritanery","Est. tempo de leitura":"2 minutos"},"schema":{"@context":"https:\/\/schema.org","@graph":[{"@type":"Article","@id":"https:\/\/radiolifefm.com.br\/noticias\/fundo-social-de-solidariedade-de-adamantina-recebe-doacao-de-cobertores-da-sabesp-e-da-usina-branco-peres\/#article","isPartOf":{"@id":"https:\/\/radiolifefm.com.br\/noticias\/fundo-social-de-solidariedade-de-adamantina-recebe-doacao-de-cobertores-da-sabesp-e-da-usina-branco-peres\/"},"author":{"name":"ritanery","@id":"https:\/\/radiolifefm.com.br\/noticias\/#\/schema\/person\/6339b9fac59d12b071dec680d7375d87"},"headline":"Fundo Social de Solidariedade de Adamantina recebe doa\u00e7\u00e3o de cobertores da Sabesp e da Usina Branco Peres","datePublished":"2021-09-02T23:42:57+00:00","dateModified":"2026-04-24T07:33:30+00:00","mainEntityOfPage":{"@id":"https:\/\/radiolifefm.com.br\/noticias\/fundo-social-de-solidariedade-de-adamantina-recebe-doacao-de-cobertores-da-sabesp-e-da-usina-branco-peres\/"},"wordCount":260,"publisher":{"@id":"https:\/\/radiolifefm.com.br\/noticias\/#organization"},"image":{"@id":"https:\/\/radiolifefm.com.br\/noticias\/fundo-social-de-solidariedade-de-adamantina-recebe-doacao-de-cobertores-da-sabesp-e-da-usina-branco-peres\/#primaryimage"},"thumbnailUrl":"https:\/\/radiolifefm.com.br\/noticias\/wp-content\/uploads\/2021\/09\/Foto-2.jpeg","articleSection":["Adamantina"],"inLanguage":"pt-BR"},{"@type":"WebPage","@id":"https:\/\/radiolifefm.com.br\/noticias\/fundo-social-de-solidariedade-de-adamantina-recebe-doacao-de-cobertores-da-sabesp-e-da-usina-branco-peres\/","url":"https:\/\/radiolifefm.com.br\/noticias\/fundo-social-de-solidariedade-de-adamantina-recebe-doacao-de-cobertores-da-sabesp-e-da-usina-branco-peres\/","name":"Fundo Social de Solidariedade de Adamantina recebe doa\u00e7\u00e3o de cobertores da Sabesp e da Usina Branco Peres - R\u00e1dio Life FM","isPartOf":{"@id":"https:\/\/radiolifefm.com.br\/noticias\/#website"},"primaryImageOfPage":{"@id":"https:\/\/radiolifefm.com.br\/noticias\/fundo-social-de-solidariedade-de-adamantina-recebe-doacao-de-cobertores-da-sabesp-e-da-usina-branco-peres\/#primaryimage"},"image":{"@id":"https:\/\/radiolifefm.com.br\/noticias\/fundo-social-de-solidariedade-de-adamantina-recebe-doacao-de-cobertores-da-sabesp-e-da-usina-branco-peres\/#primaryimage"},"thumbnailUrl":"https:\/\/radiolifefm.com.br\/noticias\/wp-content\/uploads\/2021\/09\/Foto-2.jpeg","datePublished":"2021-09-02T23:42:57+00:00","dateModified":"2026-04-24T07:33:30+00:00","breadcrumb":{"@id":"https:\/\/radiolifefm.com.br\/noticias\/fundo-social-de-solidariedade-de-adamantina-recebe-doacao-de-cobertores-da-sabesp-e-da-usina-branco-peres\/#breadcrumb"},"inLanguage":"pt-BR","potentialAction":[{"@type":"ReadAction","target":["https:\/\/radiolifefm.com.br\/noticias\/fundo-social-de-solidariedade-de-adamantina-recebe-doacao-de-cobertores-da-sabesp-e-da-usina-branco-peres\/"]}]},{"@type":"ImageObject","inLanguage":"pt-BR","@id":"https:\/\/radiolifefm.com.br\/noticias\/fundo-social-de-solidariedade-de-adamantina-recebe-doacao-de-cobertores-da-sabesp-e-da-usina-branco-peres\/#primaryimage","url":"https:\/\/radiolifefm.com.br\/noticias\/wp-content\/uploads\/2021\/09\/Foto-2.jpeg","contentUrl":"https:\/\/radiolifefm.com.br\/noticias\/wp-content\/uploads\/2021\/09\/Foto-2.jpeg","width":1280,"height":1010},{"@type":"BreadcrumbList","@id":"https:\/\/radiolifefm.com.br\/noticias\/fundo-social-de-solidariedade-de-adamantina-recebe-doacao-de-cobertores-da-sabesp-e-da-usina-branco-peres\/#breadcrumb","itemListElement":[{"@type":"ListItem","position":1,"name":"In\u00edcio","item":"https:\/\/radiolifefm.com.br\/noticias\/"},{"@type":"ListItem","position":2,"name":"Fundo Social de Solidariedade de Adamantina recebe doa\u00e7\u00e3o de cobertores da Sabesp e da Usina Branco Peres"}]},{"@type":"WebSite","@id":"https:\/\/radiolifefm.com.br\/noticias\/#website","url":"https:\/\/radiolifefm.com.br\/noticias\/","name":"R\u00e1dio Life FM","description":"O Portal de Not\u00edcias de Adamantina","publisher":{"@id":"https:\/\/radiolifefm.com.br\/noticias\/#organization"},"alternateName":"Life FM","potentialAction":[{"@type":"SearchAction","target":{"@type":"EntryPoint","urlTemplate":"https:\/\/radiolifefm.com.br\/noticias\/?s={search_term_string}"},"query-input":{"@type":"PropertyValueSpecification","valueRequired":true,"valueName":"search_term_string"}}],"inLanguage":"pt-BR"},{"@type":"Organization","@id":"https:\/\/radiolifefm.com.br\/noticias\/#organization","name":"R\u00e1dio Life FM","alternateName":"Life FM","url":"https:\/\/radiolifefm.com.br\/noticias\/","logo":{"@type":"ImageObject","inLanguage":"pt-BR","@id":"https:\/\/radiolifefm.com.br\/noticias\/#\/schema\/logo\/image\/","url":"https:\/\/static.radiolifefm.com.br\/noticias\/wp-content\/uploads\/2019\/10\/logo-lifefm.png","contentUrl":"https:\/\/static.radiolifefm.com.br\/noticias\/wp-content\/uploads\/2019\/10\/logo-lifefm.png","width":196,"height":47,"caption":"R\u00e1dio Life FM"},"image":{"@id":"https:\/\/radiolifefm.com.br\/noticias\/#\/schema\/logo\/image\/"},"sameAs":["https:\/\/www.facebook.com\/radiolifefm\/","https:\/\/www.instagram.com\/life1079fm\/"]},{"@type":"Person","@id":"https:\/\/radiolifefm.com.br\/noticias\/#\/schema\/person\/6339b9fac59d12b071dec680d7375d87","name":"ritanery","image":{"@type":"ImageObject","inLanguage":"pt-BR","@id":"https:\/\/secure.gravatar.com\/avatar\/0e37bb19071f47c0b8a23f62a903df117c5a0e75f65a0c2901562f97cd41cf86?s=96&d=mm&r=g","url":"https:\/\/secure.gravatar.com\/avatar\/0e37bb19071f47c0b8a23f62a903df117c5a0e75f65a0c2901562f97cd41cf86?s=96&d=mm&r=g","contentUrl":"https:\/\/secure.gravatar.com\/avatar\/0e37bb19071f47c0b8a23f62a903df117c5a0e75f65a0c2901562f97cd41cf86?s=96&d=mm&r=g","caption":"ritanery"}}]}},"amp_enabled":true,"_links":{"self":[{"href":"https:\/\/radiolifefm.com.br\/noticias\/wp-json\/wp\/v2\/posts\/42361","targetHints":{"allow":["GET"]}}],"collection":[{"href":"https:\/\/radiolifefm.com.br\/noticias\/wp-json\/wp\/v2\/posts"}],"about":[{"href":"https:\/\/radiolifefm.com.br\/noticias\/wp-json\/wp\/v2\/types\/post"}],"author":[{"embeddable":true,"href":"https:\/\/radiolifefm.com.br\/noticias\/wp-json\/wp\/v2\/users\/13"}],"replies":[{"embeddable":true,"href":"https:\/\/radiolifefm.com.br\/noticias\/wp-json\/wp\/v2\/comments?post=42361"}],"version-history":[{"count":1,"href":"https:\/\/radiolifefm.com.br\/noticias\/wp-json\/wp\/v2\/posts\/42361\/revisions"}],"predecessor-version":[{"id":42364,"href":"https:\/\/radiolifefm.com.br\/noticias\/wp-json\/wp\/v2\/posts\/42361\/revisions\/42364"}],"wp:featuredmedia":[{"embeddable":true,"href":"https:\/\/radiolifefm.com.br\/noticias\/wp-json\/wp\/v2\/media\/42362"}],"wp:attachment":[{"href":"https:\/\/radiolifefm.com.br\/noticias\/wp-json\/wp\/v2\/media?parent=42361"}],"wp:term":[{"taxonomy":"category","embeddable":true,"href":"https:\/\/radiolifefm.com.br\/noticias\/wp-json\/wp\/v2\/categories?post=42361"},{"taxonomy":"post_tag","embeddable":true,"href":"https:\/\/radiolifefm.com.br\/noticias\/wp-json\/wp\/v2\/tags?post=42361"}],"curies":[{"name":"wp","href":"https:\/\/api.w.org\/{rel}","templated":true}]}}