{"id":42352,"date":"2021-09-02T20:32:26","date_gmt":"2021-09-02T23:32:26","guid":{"rendered":"https:\/\/radiolifefm.com.br\/noticias\/?p=42352"},"modified":"2026-01-12T18:41:02","modified_gmt":"2026-01-12T21:41:02","slug":"secretaria-de-assistencia-social-de-adamantina-entrega-290-quilos-de-alimentos-para-os-vicentinos","status":"publish","type":"post","link":"https:\/\/radiolifefm.com.br\/noticias\/secretaria-de-assistencia-social-de-adamantina-entrega-290-quilos-de-alimentos-para-os-vicentinos\/","title":{"rendered":"Secretaria de Assist\u00eancia Social de Adamantina entrega 290 quilos de alimentos para os Vicentinos"},"content":{"rendered":"<div id=\"fb-root\"><\/div>\n<p>A Campanha Vacina contra Fome, criada pelo Governo do Estado, com o objetivo de incentivar a doa\u00e7\u00e3o de alimentos n\u00e3o perec\u00edveis no ato da imuniza\u00e7\u00e3o contra a COVID-19 continua sendo realizada em Adamantina.<\/p>\n<p>&nbsp;<\/p>\n<p>Todos os alimentos arrecadados no munic\u00edpio s\u00e3o destinados \u00e0s entidades que atendem fam\u00edlias que est\u00e3o em situa\u00e7\u00e3o de inseguran\u00e7a alimentar. Nas \u00faltimas semanas, foram arrecadados 290 quilos que foram entregues na tarde de ontem (1) para a Sociedade S\u00e3o Vicente de Paulo, os Vicentinos.<\/p>\n<p>&nbsp;<\/p>\n<p><strong>Vacina\u00e7\u00e3o com a 1\u00aa dose<\/strong><\/p>\n<p>A partir de hoje (2), podem receber a 1\u00aa dose da vacina, adolescentes que tem 15 anos. O munic\u00edpio tem um p\u00fablico estimado de 360 pessoas. A imuniza\u00e7\u00e3o ocorre no Centro Integrado de Sa\u00fade (CIS) das 13h \u00e0s 17h.<\/p>\n<p>&nbsp;<\/p>\n<p>Para receber a vacina, o adolescente precisa contar com a presen\u00e7a de um adulto respons\u00e1vel, podendo esse proceder com a autoriza\u00e7\u00e3o verbal no ato.<\/p>\n<p>&nbsp;<\/p>\n<p>No caso da impossibilidade do comparecimento dos pais\/respons\u00e1vel, \u00e9 necess\u00e1rio preencher a autoriza\u00e7\u00e3o que estar\u00e1 dispon\u00edvel em todas as unidades b\u00e1sicas de sa\u00fade do munic\u00edpio e no site da Prefeitura de Adamantina e entregar no Centro Integrado de Sa\u00fade (CIS) na hora que o adolescente for imunizado, conforme consta no art.142 do Estatuto da Crian\u00e7a e do Adolescente.<\/p>\n<p>&nbsp;<\/p>\n<p><strong>Esquema Vacinal Completo<\/strong><\/p>\n<p>At\u00e9 ontem (1), Adamantina registrava 505 mun\u00edcipes que deixaram de procurar o CIS para receberem a 2\u00aa dose do imunizante e assim ficar com o esquema vacinal completo. Aqueles que est\u00e3o com a 2\u00aa dose atrasada podem procurar o CIS de segunda a sexta das 13 at\u00e9 \u00e0s 17h.<\/p>\n<p>&nbsp;<\/p>\n<p>&nbsp;<\/p>\n<p>&nbsp;<\/p>\n<p>Fonte: Assessoria de Imprensa<\/p>\n","protected":false},"excerpt":{"rendered":"<p>A Campanha Vacina contra Fome, criada pelo Governo do Estado, com o objetivo de incentivar a doa\u00e7\u00e3o de alimentos n\u00e3o perec\u00edveis no ato da imuniza\u00e7\u00e3o contra a COVID-19 continua sendo realizada em Adamantina. &nbsp; Todos os alimentos arrecadados no munic\u00edpio s\u00e3o destinados \u00e0s entidades que atendem fam\u00edlias que est\u00e3o em situa\u00e7\u00e3o de inseguran\u00e7a alimentar. Nas [&hellip;]<\/p>\n","protected":false},"author":13,"featured_media":42353,"comment_status":"closed","ping_status":"open","sticky":false,"template":"","format":"standard","meta":{"_acf_changed":false,"_exactmetrics_skip_tracking":false,"_exactmetrics_sitenote_active":false,"_exactmetrics_sitenote_note":"","_exactmetrics_sitenote_category":0,"footnotes":""},"categories":[21],"tags":[],"class_list":["post-42352","post","type-post","status-publish","format-standard","has-post-thumbnail","hentry","category-adamantina"],"acf":[],"yoast_head":"<!-- This site is optimized with the Yoast SEO plugin v27.2 - https:\/\/yoast.com\/product\/yoast-seo-wordpress\/ -->\n<title>Secretaria de Assist\u00eancia Social de Adamantina entrega 290 quilos de alimentos para os Vicentinos - R\u00e1dio Life FM<\/title>\n<meta name=\"robots\" content=\"index, follow, max-snippet:-1, max-image-preview:large, max-video-preview:-1\" \/>\n<link rel=\"canonical\" href=\"https:\/\/radiolifefm.com.br\/noticias\/secretaria-de-assistencia-social-de-adamantina-entrega-290-quilos-de-alimentos-para-os-vicentinos\/\" \/>\n<meta property=\"og:locale\" content=\"pt_BR\" \/>\n<meta property=\"og:type\" content=\"article\" \/>\n<meta property=\"og:title\" content=\"Secretaria de Assist\u00eancia Social de Adamantina entrega 290 quilos de alimentos para os Vicentinos - R\u00e1dio Life FM\" \/>\n<meta property=\"og:description\" content=\"A Campanha Vacina contra Fome, criada pelo Governo do Estado, com o objetivo de incentivar a doa\u00e7\u00e3o de alimentos n\u00e3o perec\u00edveis no ato da imuniza\u00e7\u00e3o contra a COVID-19 continua sendo realizada em Adamantina. &nbsp; Todos os alimentos arrecadados no munic\u00edpio s\u00e3o destinados \u00e0s entidades que atendem fam\u00edlias que est\u00e3o em situa\u00e7\u00e3o de inseguran\u00e7a alimentar. Nas [&hellip;]\" \/>\n<meta property=\"og:url\" content=\"https:\/\/radiolifefm.com.br\/noticias\/secretaria-de-assistencia-social-de-adamantina-entrega-290-quilos-de-alimentos-para-os-vicentinos\/\" \/>\n<meta property=\"og:site_name\" content=\"R\u00e1dio Life FM\" \/>\n<meta property=\"article:publisher\" content=\"https:\/\/www.facebook.com\/radiolifefm\/\" \/>\n<meta property=\"article:published_time\" content=\"2021-09-02T23:32:26+00:00\" \/>\n<meta property=\"article:modified_time\" content=\"2026-01-12T21:41:02+00:00\" \/>\n<meta property=\"og:image\" content=\"https:\/\/radiolifefm.com.br\/noticias\/wp-content\/uploads\/2021\/09\/Foto-4.jpeg\" \/>\n\t<meta property=\"og:image:width\" content=\"778\" \/>\n\t<meta property=\"og:image:height\" content=\"558\" \/>\n\t<meta property=\"og:image:type\" content=\"image\/jpeg\" \/>\n<meta name=\"author\" content=\"ritanery\" \/>\n<meta name=\"twitter:card\" content=\"summary_large_image\" \/>\n<meta name=\"twitter:label1\" content=\"Escrito por\" \/>\n\t<meta name=\"twitter:data1\" content=\"ritanery\" \/>\n\t<meta name=\"twitter:label2\" content=\"Est. tempo de leitura\" \/>\n\t<meta name=\"twitter:data2\" content=\"2 minutos\" \/>\n<script type=\"application\/ld+json\" class=\"yoast-schema-graph\">{\"@context\":\"https:\/\/schema.org\",\"@graph\":[{\"@type\":\"Article\",\"@id\":\"https:\/\/radiolifefm.com.br\/noticias\/secretaria-de-assistencia-social-de-adamantina-entrega-290-quilos-de-alimentos-para-os-vicentinos\/#article\",\"isPartOf\":{\"@id\":\"https:\/\/radiolifefm.com.br\/noticias\/secretaria-de-assistencia-social-de-adamantina-entrega-290-quilos-de-alimentos-para-os-vicentinos\/\"},\"author\":{\"name\":\"ritanery\",\"@id\":\"https:\/\/radiolifefm.com.br\/noticias\/#\/schema\/person\/6339b9fac59d12b071dec680d7375d87\"},\"headline\":\"Secretaria de Assist\u00eancia Social de Adamantina entrega 290 quilos de alimentos para os Vicentinos\",\"datePublished\":\"2021-09-02T23:32:26+00:00\",\"dateModified\":\"2026-01-12T21:41:02+00:00\",\"mainEntityOfPage\":{\"@id\":\"https:\/\/radiolifefm.com.br\/noticias\/secretaria-de-assistencia-social-de-adamantina-entrega-290-quilos-de-alimentos-para-os-vicentinos\/\"},\"wordCount\":299,\"publisher\":{\"@id\":\"https:\/\/radiolifefm.com.br\/noticias\/#organization\"},\"image\":{\"@id\":\"https:\/\/radiolifefm.com.br\/noticias\/secretaria-de-assistencia-social-de-adamantina-entrega-290-quilos-de-alimentos-para-os-vicentinos\/#primaryimage\"},\"thumbnailUrl\":\"https:\/\/radiolifefm.com.br\/noticias\/wp-content\/uploads\/2021\/09\/Foto-4.jpeg\",\"articleSection\":[\"Adamantina\"],\"inLanguage\":\"pt-BR\"},{\"@type\":\"WebPage\",\"@id\":\"https:\/\/radiolifefm.com.br\/noticias\/secretaria-de-assistencia-social-de-adamantina-entrega-290-quilos-de-alimentos-para-os-vicentinos\/\",\"url\":\"https:\/\/radiolifefm.com.br\/noticias\/secretaria-de-assistencia-social-de-adamantina-entrega-290-quilos-de-alimentos-para-os-vicentinos\/\",\"name\":\"Secretaria de Assist\u00eancia Social de Adamantina entrega 290 quilos de alimentos para os Vicentinos - R\u00e1dio Life FM\",\"isPartOf\":{\"@id\":\"https:\/\/radiolifefm.com.br\/noticias\/#website\"},\"primaryImageOfPage\":{\"@id\":\"https:\/\/radiolifefm.com.br\/noticias\/secretaria-de-assistencia-social-de-adamantina-entrega-290-quilos-de-alimentos-para-os-vicentinos\/#primaryimage\"},\"image\":{\"@id\":\"https:\/\/radiolifefm.com.br\/noticias\/secretaria-de-assistencia-social-de-adamantina-entrega-290-quilos-de-alimentos-para-os-vicentinos\/#primaryimage\"},\"thumbnailUrl\":\"https:\/\/radiolifefm.com.br\/noticias\/wp-content\/uploads\/2021\/09\/Foto-4.jpeg\",\"datePublished\":\"2021-09-02T23:32:26+00:00\",\"dateModified\":\"2026-01-12T21:41:02+00:00\",\"breadcrumb\":{\"@id\":\"https:\/\/radiolifefm.com.br\/noticias\/secretaria-de-assistencia-social-de-adamantina-entrega-290-quilos-de-alimentos-para-os-vicentinos\/#breadcrumb\"},\"inLanguage\":\"pt-BR\",\"potentialAction\":[{\"@type\":\"ReadAction\",\"target\":[\"https:\/\/radiolifefm.com.br\/noticias\/secretaria-de-assistencia-social-de-adamantina-entrega-290-quilos-de-alimentos-para-os-vicentinos\/\"]}]},{\"@type\":\"ImageObject\",\"inLanguage\":\"pt-BR\",\"@id\":\"https:\/\/radiolifefm.com.br\/noticias\/secretaria-de-assistencia-social-de-adamantina-entrega-290-quilos-de-alimentos-para-os-vicentinos\/#primaryimage\",\"url\":\"https:\/\/radiolifefm.com.br\/noticias\/wp-content\/uploads\/2021\/09\/Foto-4.jpeg\",\"contentUrl\":\"https:\/\/radiolifefm.com.br\/noticias\/wp-content\/uploads\/2021\/09\/Foto-4.jpeg\",\"width\":778,\"height\":558},{\"@type\":\"BreadcrumbList\",\"@id\":\"https:\/\/radiolifefm.com.br\/noticias\/secretaria-de-assistencia-social-de-adamantina-entrega-290-quilos-de-alimentos-para-os-vicentinos\/#breadcrumb\",\"itemListElement\":[{\"@type\":\"ListItem\",\"position\":1,\"name\":\"In\u00edcio\",\"item\":\"https:\/\/radiolifefm.com.br\/noticias\/\"},{\"@type\":\"ListItem\",\"position\":2,\"name\":\"Secretaria de Assist\u00eancia Social de Adamantina entrega 290 quilos de alimentos para os Vicentinos\"}]},{\"@type\":\"WebSite\",\"@id\":\"https:\/\/radiolifefm.com.br\/noticias\/#website\",\"url\":\"https:\/\/radiolifefm.com.br\/noticias\/\",\"name\":\"R\u00e1dio Life FM\",\"description\":\"O Portal de Not\u00edcias de Adamantina\",\"publisher\":{\"@id\":\"https:\/\/radiolifefm.com.br\/noticias\/#organization\"},\"alternateName\":\"Life FM\",\"potentialAction\":[{\"@type\":\"SearchAction\",\"target\":{\"@type\":\"EntryPoint\",\"urlTemplate\":\"https:\/\/radiolifefm.com.br\/noticias\/?s={search_term_string}\"},\"query-input\":{\"@type\":\"PropertyValueSpecification\",\"valueRequired\":true,\"valueName\":\"search_term_string\"}}],\"inLanguage\":\"pt-BR\"},{\"@type\":\"Organization\",\"@id\":\"https:\/\/radiolifefm.com.br\/noticias\/#organization\",\"name\":\"R\u00e1dio Life FM\",\"alternateName\":\"Life FM\",\"url\":\"https:\/\/radiolifefm.com.br\/noticias\/\",\"logo\":{\"@type\":\"ImageObject\",\"inLanguage\":\"pt-BR\",\"@id\":\"https:\/\/radiolifefm.com.br\/noticias\/#\/schema\/logo\/image\/\",\"url\":\"https:\/\/static.radiolifefm.com.br\/noticias\/wp-content\/uploads\/2019\/10\/logo-lifefm.png\",\"contentUrl\":\"https:\/\/static.radiolifefm.com.br\/noticias\/wp-content\/uploads\/2019\/10\/logo-lifefm.png\",\"width\":196,\"height\":47,\"caption\":\"R\u00e1dio Life FM\"},\"image\":{\"@id\":\"https:\/\/radiolifefm.com.br\/noticias\/#\/schema\/logo\/image\/\"},\"sameAs\":[\"https:\/\/www.facebook.com\/radiolifefm\/\",\"https:\/\/www.instagram.com\/life1079fm\/\"]},{\"@type\":\"Person\",\"@id\":\"https:\/\/radiolifefm.com.br\/noticias\/#\/schema\/person\/6339b9fac59d12b071dec680d7375d87\",\"name\":\"ritanery\",\"image\":{\"@type\":\"ImageObject\",\"inLanguage\":\"pt-BR\",\"@id\":\"https:\/\/secure.gravatar.com\/avatar\/0e37bb19071f47c0b8a23f62a903df117c5a0e75f65a0c2901562f97cd41cf86?s=96&d=mm&r=g\",\"url\":\"https:\/\/secure.gravatar.com\/avatar\/0e37bb19071f47c0b8a23f62a903df117c5a0e75f65a0c2901562f97cd41cf86?s=96&d=mm&r=g\",\"contentUrl\":\"https:\/\/secure.gravatar.com\/avatar\/0e37bb19071f47c0b8a23f62a903df117c5a0e75f65a0c2901562f97cd41cf86?s=96&d=mm&r=g\",\"caption\":\"ritanery\"}}]}<\/script>\n<!-- \/ Yoast SEO plugin. -->","yoast_head_json":{"title":"Secretaria de Assist\u00eancia Social de Adamantina entrega 290 quilos de alimentos para os Vicentinos - R\u00e1dio Life FM","robots":{"index":"index","follow":"follow","max-snippet":"max-snippet:-1","max-image-preview":"max-image-preview:large","max-video-preview":"max-video-preview:-1"},"canonical":"https:\/\/radiolifefm.com.br\/noticias\/secretaria-de-assistencia-social-de-adamantina-entrega-290-quilos-de-alimentos-para-os-vicentinos\/","og_locale":"pt_BR","og_type":"article","og_title":"Secretaria de Assist\u00eancia Social de Adamantina entrega 290 quilos de alimentos para os Vicentinos - R\u00e1dio Life FM","og_description":"A Campanha Vacina contra Fome, criada pelo Governo do Estado, com o objetivo de incentivar a doa\u00e7\u00e3o de alimentos n\u00e3o perec\u00edveis no ato da imuniza\u00e7\u00e3o contra a COVID-19 continua sendo realizada em Adamantina. &nbsp; Todos os alimentos arrecadados no munic\u00edpio s\u00e3o destinados \u00e0s entidades que atendem fam\u00edlias que est\u00e3o em situa\u00e7\u00e3o de inseguran\u00e7a alimentar. Nas [&hellip;]","og_url":"https:\/\/radiolifefm.com.br\/noticias\/secretaria-de-assistencia-social-de-adamantina-entrega-290-quilos-de-alimentos-para-os-vicentinos\/","og_site_name":"R\u00e1dio Life FM","article_publisher":"https:\/\/www.facebook.com\/radiolifefm\/","article_published_time":"2021-09-02T23:32:26+00:00","article_modified_time":"2026-01-12T21:41:02+00:00","og_image":[{"width":778,"height":558,"url":"https:\/\/radiolifefm.com.br\/noticias\/wp-content\/uploads\/2021\/09\/Foto-4.jpeg","type":"image\/jpeg"}],"author":"ritanery","twitter_card":"summary_large_image","twitter_misc":{"Escrito por":"ritanery","Est. tempo de leitura":"2 minutos"},"schema":{"@context":"https:\/\/schema.org","@graph":[{"@type":"Article","@id":"https:\/\/radiolifefm.com.br\/noticias\/secretaria-de-assistencia-social-de-adamantina-entrega-290-quilos-de-alimentos-para-os-vicentinos\/#article","isPartOf":{"@id":"https:\/\/radiolifefm.com.br\/noticias\/secretaria-de-assistencia-social-de-adamantina-entrega-290-quilos-de-alimentos-para-os-vicentinos\/"},"author":{"name":"ritanery","@id":"https:\/\/radiolifefm.com.br\/noticias\/#\/schema\/person\/6339b9fac59d12b071dec680d7375d87"},"headline":"Secretaria de Assist\u00eancia Social de Adamantina entrega 290 quilos de alimentos para os Vicentinos","datePublished":"2021-09-02T23:32:26+00:00","dateModified":"2026-01-12T21:41:02+00:00","mainEntityOfPage":{"@id":"https:\/\/radiolifefm.com.br\/noticias\/secretaria-de-assistencia-social-de-adamantina-entrega-290-quilos-de-alimentos-para-os-vicentinos\/"},"wordCount":299,"publisher":{"@id":"https:\/\/radiolifefm.com.br\/noticias\/#organization"},"image":{"@id":"https:\/\/radiolifefm.com.br\/noticias\/secretaria-de-assistencia-social-de-adamantina-entrega-290-quilos-de-alimentos-para-os-vicentinos\/#primaryimage"},"thumbnailUrl":"https:\/\/radiolifefm.com.br\/noticias\/wp-content\/uploads\/2021\/09\/Foto-4.jpeg","articleSection":["Adamantina"],"inLanguage":"pt-BR"},{"@type":"WebPage","@id":"https:\/\/radiolifefm.com.br\/noticias\/secretaria-de-assistencia-social-de-adamantina-entrega-290-quilos-de-alimentos-para-os-vicentinos\/","url":"https:\/\/radiolifefm.com.br\/noticias\/secretaria-de-assistencia-social-de-adamantina-entrega-290-quilos-de-alimentos-para-os-vicentinos\/","name":"Secretaria de Assist\u00eancia Social de Adamantina entrega 290 quilos de alimentos para os Vicentinos - R\u00e1dio Life FM","isPartOf":{"@id":"https:\/\/radiolifefm.com.br\/noticias\/#website"},"primaryImageOfPage":{"@id":"https:\/\/radiolifefm.com.br\/noticias\/secretaria-de-assistencia-social-de-adamantina-entrega-290-quilos-de-alimentos-para-os-vicentinos\/#primaryimage"},"image":{"@id":"https:\/\/radiolifefm.com.br\/noticias\/secretaria-de-assistencia-social-de-adamantina-entrega-290-quilos-de-alimentos-para-os-vicentinos\/#primaryimage"},"thumbnailUrl":"https:\/\/radiolifefm.com.br\/noticias\/wp-content\/uploads\/2021\/09\/Foto-4.jpeg","datePublished":"2021-09-02T23:32:26+00:00","dateModified":"2026-01-12T21:41:02+00:00","breadcrumb":{"@id":"https:\/\/radiolifefm.com.br\/noticias\/secretaria-de-assistencia-social-de-adamantina-entrega-290-quilos-de-alimentos-para-os-vicentinos\/#breadcrumb"},"inLanguage":"pt-BR","potentialAction":[{"@type":"ReadAction","target":["https:\/\/radiolifefm.com.br\/noticias\/secretaria-de-assistencia-social-de-adamantina-entrega-290-quilos-de-alimentos-para-os-vicentinos\/"]}]},{"@type":"ImageObject","inLanguage":"pt-BR","@id":"https:\/\/radiolifefm.com.br\/noticias\/secretaria-de-assistencia-social-de-adamantina-entrega-290-quilos-de-alimentos-para-os-vicentinos\/#primaryimage","url":"https:\/\/radiolifefm.com.br\/noticias\/wp-content\/uploads\/2021\/09\/Foto-4.jpeg","contentUrl":"https:\/\/radiolifefm.com.br\/noticias\/wp-content\/uploads\/2021\/09\/Foto-4.jpeg","width":778,"height":558},{"@type":"BreadcrumbList","@id":"https:\/\/radiolifefm.com.br\/noticias\/secretaria-de-assistencia-social-de-adamantina-entrega-290-quilos-de-alimentos-para-os-vicentinos\/#breadcrumb","itemListElement":[{"@type":"ListItem","position":1,"name":"In\u00edcio","item":"https:\/\/radiolifefm.com.br\/noticias\/"},{"@type":"ListItem","position":2,"name":"Secretaria de Assist\u00eancia Social de Adamantina entrega 290 quilos de alimentos para os Vicentinos"}]},{"@type":"WebSite","@id":"https:\/\/radiolifefm.com.br\/noticias\/#website","url":"https:\/\/radiolifefm.com.br\/noticias\/","name":"R\u00e1dio Life FM","description":"O Portal de Not\u00edcias de Adamantina","publisher":{"@id":"https:\/\/radiolifefm.com.br\/noticias\/#organization"},"alternateName":"Life FM","potentialAction":[{"@type":"SearchAction","target":{"@type":"EntryPoint","urlTemplate":"https:\/\/radiolifefm.com.br\/noticias\/?s={search_term_string}"},"query-input":{"@type":"PropertyValueSpecification","valueRequired":true,"valueName":"search_term_string"}}],"inLanguage":"pt-BR"},{"@type":"Organization","@id":"https:\/\/radiolifefm.com.br\/noticias\/#organization","name":"R\u00e1dio Life FM","alternateName":"Life FM","url":"https:\/\/radiolifefm.com.br\/noticias\/","logo":{"@type":"ImageObject","inLanguage":"pt-BR","@id":"https:\/\/radiolifefm.com.br\/noticias\/#\/schema\/logo\/image\/","url":"https:\/\/static.radiolifefm.com.br\/noticias\/wp-content\/uploads\/2019\/10\/logo-lifefm.png","contentUrl":"https:\/\/static.radiolifefm.com.br\/noticias\/wp-content\/uploads\/2019\/10\/logo-lifefm.png","width":196,"height":47,"caption":"R\u00e1dio Life FM"},"image":{"@id":"https:\/\/radiolifefm.com.br\/noticias\/#\/schema\/logo\/image\/"},"sameAs":["https:\/\/www.facebook.com\/radiolifefm\/","https:\/\/www.instagram.com\/life1079fm\/"]},{"@type":"Person","@id":"https:\/\/radiolifefm.com.br\/noticias\/#\/schema\/person\/6339b9fac59d12b071dec680d7375d87","name":"ritanery","image":{"@type":"ImageObject","inLanguage":"pt-BR","@id":"https:\/\/secure.gravatar.com\/avatar\/0e37bb19071f47c0b8a23f62a903df117c5a0e75f65a0c2901562f97cd41cf86?s=96&d=mm&r=g","url":"https:\/\/secure.gravatar.com\/avatar\/0e37bb19071f47c0b8a23f62a903df117c5a0e75f65a0c2901562f97cd41cf86?s=96&d=mm&r=g","contentUrl":"https:\/\/secure.gravatar.com\/avatar\/0e37bb19071f47c0b8a23f62a903df117c5a0e75f65a0c2901562f97cd41cf86?s=96&d=mm&r=g","caption":"ritanery"}}]}},"amp_enabled":true,"_links":{"self":[{"href":"https:\/\/radiolifefm.com.br\/noticias\/wp-json\/wp\/v2\/posts\/42352","targetHints":{"allow":["GET"]}}],"collection":[{"href":"https:\/\/radiolifefm.com.br\/noticias\/wp-json\/wp\/v2\/posts"}],"about":[{"href":"https:\/\/radiolifefm.com.br\/noticias\/wp-json\/wp\/v2\/types\/post"}],"author":[{"embeddable":true,"href":"https:\/\/radiolifefm.com.br\/noticias\/wp-json\/wp\/v2\/users\/13"}],"replies":[{"embeddable":true,"href":"https:\/\/radiolifefm.com.br\/noticias\/wp-json\/wp\/v2\/comments?post=42352"}],"version-history":[{"count":1,"href":"https:\/\/radiolifefm.com.br\/noticias\/wp-json\/wp\/v2\/posts\/42352\/revisions"}],"predecessor-version":[{"id":42354,"href":"https:\/\/radiolifefm.com.br\/noticias\/wp-json\/wp\/v2\/posts\/42352\/revisions\/42354"}],"wp:featuredmedia":[{"embeddable":true,"href":"https:\/\/radiolifefm.com.br\/noticias\/wp-json\/wp\/v2\/media\/42353"}],"wp:attachment":[{"href":"https:\/\/radiolifefm.com.br\/noticias\/wp-json\/wp\/v2\/media?parent=42352"}],"wp:term":[{"taxonomy":"category","embeddable":true,"href":"https:\/\/radiolifefm.com.br\/noticias\/wp-json\/wp\/v2\/categories?post=42352"},{"taxonomy":"post_tag","embeddable":true,"href":"https:\/\/radiolifefm.com.br\/noticias\/wp-json\/wp\/v2\/tags?post=42352"}],"curies":[{"name":"wp","href":"https:\/\/api.w.org\/{rel}","templated":true}]}}