{"id":42349,"date":"2021-09-02T20:27:32","date_gmt":"2021-09-02T23:27:32","guid":{"rendered":"https:\/\/radiolifefm.com.br\/noticias\/?p=42349"},"modified":"2025-11-24T06:37:13","modified_gmt":"2025-11-24T09:37:13","slug":"bolsa-trabalho-segue-inscricoes-abertas-ate-amanha-3","status":"publish","type":"post","link":"https:\/\/radiolifefm.com.br\/noticias\/bolsa-trabalho-segue-inscricoes-abertas-ate-amanha-3\/","title":{"rendered":"Bolsa Trabalho segue inscri\u00e7\u00f5es abertas at\u00e9 amanh\u00e3 (3)"},"content":{"rendered":"<div id=\"fb-root\"><\/div>\n<p>Prefeitura de Adamantina informa que o Governo do Estado de S\u00e3o Paulo prorrogou as inscri\u00e7\u00f5es do Programa Bolsa Trabalho at\u00e9 sexta-feira (3). A\u00a0iniciativa consiste na destina\u00e7\u00e3o de bolsas para a popula\u00e7\u00e3o desempregada.<\/p>\n<p>&nbsp;<\/p>\n<p>Para o recebimento de R$535,00 por cinco meses, os inscritos na a\u00e7\u00e3o dever\u00e3o desempenhar atividades de trabalho em \u00f3rg\u00e3os p\u00fablicos municipais e estaduais por 4 horas di\u00e1rias, 5 dias por semana e, ainda, participar\u00e3o de curso de qualifica\u00e7\u00e3o profissional e apoio \u00e0 empregabilidade.<\/p>\n<p>&nbsp;<\/p>\n<p>A sele\u00e7\u00e3o ser\u00e1 realizada at\u00e9 o dia 4 de setembro e a convoca\u00e7\u00e3o se dar\u00e1 por meio do Di\u00e1rio Oficial. Para se inscrever no programa, a pessoa precisa estar desempregada e ter renda familiar de at\u00e9 R$550,00 por pessoa.<\/p>\n<p>&nbsp;<\/p>\n<p>Al\u00e9m de trabalhar, o cidad\u00e3o ter\u00e1 cursos dispon\u00edveis nas \u00e1reas de Auxiliar de Controle de Produ\u00e7\u00e3o e Estoque; Gest\u00e3o Administrativa; Gest\u00e3o de Pessoas; Organiza\u00e7\u00e3o de Eventos; Rotinas, Servi\u00e7os Administrativos e Secretariado e Recep\u00e7\u00e3o.<\/p>\n<p>&nbsp;<\/p>\n<p><strong>Sobre<\/strong><\/p>\n<p>Os interessados devem acessar o site\u00a0<a href=\"https:\/\/www.bolsadopovo.sp.gov.br\/portal\/CadastroBolsaTrabalho\">https:\/\/www.bolsadopovo.sp.gov.br\/portal\/CadastroBolsaTrabalho<\/a>\u00a0para efetivar a inscri\u00e7\u00e3o.<\/p>\n<p>&nbsp;<\/p>\n<p>A Secretaria de Assist\u00eancia Social disponibilizar\u00e1 uma equipe para auxiliar os mun\u00edcipes que desejarem efetivar sua inscri\u00e7\u00e3o. D\u00favidas e mais informa\u00e7\u00f5es podem ser sanadas pelo telefone (18) 3521-1900.<\/p>\n<p>&nbsp;<\/p>\n<p>&nbsp;<\/p>\n<p>Fonte: Assessoria de Imprensa<\/p>\n","protected":false},"excerpt":{"rendered":"<p>Prefeitura de Adamantina informa que o Governo do Estado de S\u00e3o Paulo prorrogou as inscri\u00e7\u00f5es do Programa Bolsa Trabalho at\u00e9 sexta-feira (3). A\u00a0iniciativa consiste na destina\u00e7\u00e3o de bolsas para a popula\u00e7\u00e3o desempregada. &nbsp; Para o recebimento de R$535,00 por cinco meses, os inscritos na a\u00e7\u00e3o dever\u00e3o desempenhar atividades de trabalho em \u00f3rg\u00e3os p\u00fablicos municipais e [&hellip;]<\/p>\n","protected":false},"author":13,"featured_media":42350,"comment_status":"closed","ping_status":"open","sticky":false,"template":"","format":"standard","meta":{"_acf_changed":false,"_exactmetrics_skip_tracking":false,"_exactmetrics_sitenote_active":false,"_exactmetrics_sitenote_note":"","_exactmetrics_sitenote_category":0,"footnotes":""},"categories":[21],"tags":[],"class_list":["post-42349","post","type-post","status-publish","format-standard","has-post-thumbnail","hentry","category-adamantina"],"acf":[],"yoast_head":"<!-- This site is optimized with the Yoast SEO plugin v27.2 - https:\/\/yoast.com\/product\/yoast-seo-wordpress\/ -->\n<title>Bolsa Trabalho segue inscri\u00e7\u00f5es abertas at\u00e9 amanh\u00e3 (3) - R\u00e1dio Life FM<\/title>\n<meta name=\"robots\" content=\"index, follow, max-snippet:-1, max-image-preview:large, max-video-preview:-1\" \/>\n<link rel=\"canonical\" href=\"https:\/\/radiolifefm.com.br\/noticias\/bolsa-trabalho-segue-inscricoes-abertas-ate-amanha-3\/\" \/>\n<meta property=\"og:locale\" content=\"pt_BR\" \/>\n<meta property=\"og:type\" content=\"article\" \/>\n<meta property=\"og:title\" content=\"Bolsa Trabalho segue inscri\u00e7\u00f5es abertas at\u00e9 amanh\u00e3 (3) - R\u00e1dio Life FM\" \/>\n<meta property=\"og:description\" content=\"Prefeitura de Adamantina informa que o Governo do Estado de S\u00e3o Paulo prorrogou as inscri\u00e7\u00f5es do Programa Bolsa Trabalho at\u00e9 sexta-feira (3). A\u00a0iniciativa consiste na destina\u00e7\u00e3o de bolsas para a popula\u00e7\u00e3o desempregada. &nbsp; Para o recebimento de R$535,00 por cinco meses, os inscritos na a\u00e7\u00e3o dever\u00e3o desempenhar atividades de trabalho em \u00f3rg\u00e3os p\u00fablicos municipais e [&hellip;]\" \/>\n<meta property=\"og:url\" content=\"https:\/\/radiolifefm.com.br\/noticias\/bolsa-trabalho-segue-inscricoes-abertas-ate-amanha-3\/\" \/>\n<meta property=\"og:site_name\" content=\"R\u00e1dio Life FM\" \/>\n<meta property=\"article:publisher\" content=\"https:\/\/www.facebook.com\/radiolifefm\/\" \/>\n<meta property=\"article:published_time\" content=\"2021-09-02T23:27:32+00:00\" \/>\n<meta property=\"article:modified_time\" content=\"2025-11-24T09:37:13+00:00\" \/>\n<meta property=\"og:image\" content=\"https:\/\/static.radiolifefm.com.br\/noticias\/wp-content\/uploads\/2021\/09\/foto-3.jpeg\" \/>\n\t<meta property=\"og:image:width\" content=\"1200\" \/>\n\t<meta property=\"og:image:height\" content=\"800\" \/>\n\t<meta property=\"og:image:type\" content=\"image\/jpeg\" \/>\n<meta name=\"author\" content=\"ritanery\" \/>\n<meta name=\"twitter:card\" content=\"summary_large_image\" \/>\n<meta name=\"twitter:label1\" content=\"Escrito por\" \/>\n\t<meta name=\"twitter:data1\" content=\"ritanery\" \/>\n\t<meta name=\"twitter:label2\" content=\"Est. tempo de leitura\" \/>\n\t<meta name=\"twitter:data2\" content=\"1 minuto\" \/>\n<script type=\"application\/ld+json\" class=\"yoast-schema-graph\">{\"@context\":\"https:\/\/schema.org\",\"@graph\":[{\"@type\":\"Article\",\"@id\":\"https:\/\/radiolifefm.com.br\/noticias\/bolsa-trabalho-segue-inscricoes-abertas-ate-amanha-3\/#article\",\"isPartOf\":{\"@id\":\"https:\/\/radiolifefm.com.br\/noticias\/bolsa-trabalho-segue-inscricoes-abertas-ate-amanha-3\/\"},\"author\":{\"name\":\"ritanery\",\"@id\":\"https:\/\/radiolifefm.com.br\/noticias\/#\/schema\/person\/6339b9fac59d12b071dec680d7375d87\"},\"headline\":\"Bolsa Trabalho segue inscri\u00e7\u00f5es abertas at\u00e9 amanh\u00e3 (3)\",\"datePublished\":\"2021-09-02T23:27:32+00:00\",\"dateModified\":\"2025-11-24T09:37:13+00:00\",\"mainEntityOfPage\":{\"@id\":\"https:\/\/radiolifefm.com.br\/noticias\/bolsa-trabalho-segue-inscricoes-abertas-ate-amanha-3\/\"},\"wordCount\":237,\"publisher\":{\"@id\":\"https:\/\/radiolifefm.com.br\/noticias\/#organization\"},\"image\":{\"@id\":\"https:\/\/radiolifefm.com.br\/noticias\/bolsa-trabalho-segue-inscricoes-abertas-ate-amanha-3\/#primaryimage\"},\"thumbnailUrl\":\"https:\/\/radiolifefm.com.br\/noticias\/wp-content\/uploads\/2021\/09\/foto-3.jpeg\",\"articleSection\":[\"Adamantina\"],\"inLanguage\":\"pt-BR\"},{\"@type\":\"WebPage\",\"@id\":\"https:\/\/radiolifefm.com.br\/noticias\/bolsa-trabalho-segue-inscricoes-abertas-ate-amanha-3\/\",\"url\":\"https:\/\/radiolifefm.com.br\/noticias\/bolsa-trabalho-segue-inscricoes-abertas-ate-amanha-3\/\",\"name\":\"Bolsa Trabalho segue inscri\u00e7\u00f5es abertas at\u00e9 amanh\u00e3 (3) - R\u00e1dio Life FM\",\"isPartOf\":{\"@id\":\"https:\/\/radiolifefm.com.br\/noticias\/#website\"},\"primaryImageOfPage\":{\"@id\":\"https:\/\/radiolifefm.com.br\/noticias\/bolsa-trabalho-segue-inscricoes-abertas-ate-amanha-3\/#primaryimage\"},\"image\":{\"@id\":\"https:\/\/radiolifefm.com.br\/noticias\/bolsa-trabalho-segue-inscricoes-abertas-ate-amanha-3\/#primaryimage\"},\"thumbnailUrl\":\"https:\/\/radiolifefm.com.br\/noticias\/wp-content\/uploads\/2021\/09\/foto-3.jpeg\",\"datePublished\":\"2021-09-02T23:27:32+00:00\",\"dateModified\":\"2025-11-24T09:37:13+00:00\",\"breadcrumb\":{\"@id\":\"https:\/\/radiolifefm.com.br\/noticias\/bolsa-trabalho-segue-inscricoes-abertas-ate-amanha-3\/#breadcrumb\"},\"inLanguage\":\"pt-BR\",\"potentialAction\":[{\"@type\":\"ReadAction\",\"target\":[\"https:\/\/radiolifefm.com.br\/noticias\/bolsa-trabalho-segue-inscricoes-abertas-ate-amanha-3\/\"]}]},{\"@type\":\"ImageObject\",\"inLanguage\":\"pt-BR\",\"@id\":\"https:\/\/radiolifefm.com.br\/noticias\/bolsa-trabalho-segue-inscricoes-abertas-ate-amanha-3\/#primaryimage\",\"url\":\"https:\/\/radiolifefm.com.br\/noticias\/wp-content\/uploads\/2021\/09\/foto-3.jpeg\",\"contentUrl\":\"https:\/\/radiolifefm.com.br\/noticias\/wp-content\/uploads\/2021\/09\/foto-3.jpeg\",\"width\":1200,\"height\":800},{\"@type\":\"BreadcrumbList\",\"@id\":\"https:\/\/radiolifefm.com.br\/noticias\/bolsa-trabalho-segue-inscricoes-abertas-ate-amanha-3\/#breadcrumb\",\"itemListElement\":[{\"@type\":\"ListItem\",\"position\":1,\"name\":\"In\u00edcio\",\"item\":\"https:\/\/radiolifefm.com.br\/noticias\/\"},{\"@type\":\"ListItem\",\"position\":2,\"name\":\"Bolsa Trabalho segue inscri\u00e7\u00f5es abertas at\u00e9 amanh\u00e3 (3)\"}]},{\"@type\":\"WebSite\",\"@id\":\"https:\/\/radiolifefm.com.br\/noticias\/#website\",\"url\":\"https:\/\/radiolifefm.com.br\/noticias\/\",\"name\":\"R\u00e1dio Life FM\",\"description\":\"O Portal de Not\u00edcias de Adamantina\",\"publisher\":{\"@id\":\"https:\/\/radiolifefm.com.br\/noticias\/#organization\"},\"alternateName\":\"Life FM\",\"potentialAction\":[{\"@type\":\"SearchAction\",\"target\":{\"@type\":\"EntryPoint\",\"urlTemplate\":\"https:\/\/radiolifefm.com.br\/noticias\/?s={search_term_string}\"},\"query-input\":{\"@type\":\"PropertyValueSpecification\",\"valueRequired\":true,\"valueName\":\"search_term_string\"}}],\"inLanguage\":\"pt-BR\"},{\"@type\":\"Organization\",\"@id\":\"https:\/\/radiolifefm.com.br\/noticias\/#organization\",\"name\":\"R\u00e1dio Life FM\",\"alternateName\":\"Life FM\",\"url\":\"https:\/\/radiolifefm.com.br\/noticias\/\",\"logo\":{\"@type\":\"ImageObject\",\"inLanguage\":\"pt-BR\",\"@id\":\"https:\/\/radiolifefm.com.br\/noticias\/#\/schema\/logo\/image\/\",\"url\":\"https:\/\/static.radiolifefm.com.br\/noticias\/wp-content\/uploads\/2019\/10\/logo-lifefm.png\",\"contentUrl\":\"https:\/\/static.radiolifefm.com.br\/noticias\/wp-content\/uploads\/2019\/10\/logo-lifefm.png\",\"width\":196,\"height\":47,\"caption\":\"R\u00e1dio Life FM\"},\"image\":{\"@id\":\"https:\/\/radiolifefm.com.br\/noticias\/#\/schema\/logo\/image\/\"},\"sameAs\":[\"https:\/\/www.facebook.com\/radiolifefm\/\",\"https:\/\/www.instagram.com\/life1079fm\/\"]},{\"@type\":\"Person\",\"@id\":\"https:\/\/radiolifefm.com.br\/noticias\/#\/schema\/person\/6339b9fac59d12b071dec680d7375d87\",\"name\":\"ritanery\",\"image\":{\"@type\":\"ImageObject\",\"inLanguage\":\"pt-BR\",\"@id\":\"https:\/\/secure.gravatar.com\/avatar\/0e37bb19071f47c0b8a23f62a903df117c5a0e75f65a0c2901562f97cd41cf86?s=96&d=mm&r=g\",\"url\":\"https:\/\/secure.gravatar.com\/avatar\/0e37bb19071f47c0b8a23f62a903df117c5a0e75f65a0c2901562f97cd41cf86?s=96&d=mm&r=g\",\"contentUrl\":\"https:\/\/secure.gravatar.com\/avatar\/0e37bb19071f47c0b8a23f62a903df117c5a0e75f65a0c2901562f97cd41cf86?s=96&d=mm&r=g\",\"caption\":\"ritanery\"}}]}<\/script>\n<!-- \/ Yoast SEO plugin. -->","yoast_head_json":{"title":"Bolsa Trabalho segue inscri\u00e7\u00f5es abertas at\u00e9 amanh\u00e3 (3) - R\u00e1dio Life FM","robots":{"index":"index","follow":"follow","max-snippet":"max-snippet:-1","max-image-preview":"max-image-preview:large","max-video-preview":"max-video-preview:-1"},"canonical":"https:\/\/radiolifefm.com.br\/noticias\/bolsa-trabalho-segue-inscricoes-abertas-ate-amanha-3\/","og_locale":"pt_BR","og_type":"article","og_title":"Bolsa Trabalho segue inscri\u00e7\u00f5es abertas at\u00e9 amanh\u00e3 (3) - R\u00e1dio Life FM","og_description":"Prefeitura de Adamantina informa que o Governo do Estado de S\u00e3o Paulo prorrogou as inscri\u00e7\u00f5es do Programa Bolsa Trabalho at\u00e9 sexta-feira (3). A\u00a0iniciativa consiste na destina\u00e7\u00e3o de bolsas para a popula\u00e7\u00e3o desempregada. &nbsp; Para o recebimento de R$535,00 por cinco meses, os inscritos na a\u00e7\u00e3o dever\u00e3o desempenhar atividades de trabalho em \u00f3rg\u00e3os p\u00fablicos municipais e [&hellip;]","og_url":"https:\/\/radiolifefm.com.br\/noticias\/bolsa-trabalho-segue-inscricoes-abertas-ate-amanha-3\/","og_site_name":"R\u00e1dio Life FM","article_publisher":"https:\/\/www.facebook.com\/radiolifefm\/","article_published_time":"2021-09-02T23:27:32+00:00","article_modified_time":"2025-11-24T09:37:13+00:00","og_image":[{"width":1200,"height":800,"url":"https:\/\/static.radiolifefm.com.br\/noticias\/wp-content\/uploads\/2021\/09\/foto-3.jpeg","type":"image\/jpeg"}],"author":"ritanery","twitter_card":"summary_large_image","twitter_misc":{"Escrito por":"ritanery","Est. tempo de leitura":"1 minuto"},"schema":{"@context":"https:\/\/schema.org","@graph":[{"@type":"Article","@id":"https:\/\/radiolifefm.com.br\/noticias\/bolsa-trabalho-segue-inscricoes-abertas-ate-amanha-3\/#article","isPartOf":{"@id":"https:\/\/radiolifefm.com.br\/noticias\/bolsa-trabalho-segue-inscricoes-abertas-ate-amanha-3\/"},"author":{"name":"ritanery","@id":"https:\/\/radiolifefm.com.br\/noticias\/#\/schema\/person\/6339b9fac59d12b071dec680d7375d87"},"headline":"Bolsa Trabalho segue inscri\u00e7\u00f5es abertas at\u00e9 amanh\u00e3 (3)","datePublished":"2021-09-02T23:27:32+00:00","dateModified":"2025-11-24T09:37:13+00:00","mainEntityOfPage":{"@id":"https:\/\/radiolifefm.com.br\/noticias\/bolsa-trabalho-segue-inscricoes-abertas-ate-amanha-3\/"},"wordCount":237,"publisher":{"@id":"https:\/\/radiolifefm.com.br\/noticias\/#organization"},"image":{"@id":"https:\/\/radiolifefm.com.br\/noticias\/bolsa-trabalho-segue-inscricoes-abertas-ate-amanha-3\/#primaryimage"},"thumbnailUrl":"https:\/\/radiolifefm.com.br\/noticias\/wp-content\/uploads\/2021\/09\/foto-3.jpeg","articleSection":["Adamantina"],"inLanguage":"pt-BR"},{"@type":"WebPage","@id":"https:\/\/radiolifefm.com.br\/noticias\/bolsa-trabalho-segue-inscricoes-abertas-ate-amanha-3\/","url":"https:\/\/radiolifefm.com.br\/noticias\/bolsa-trabalho-segue-inscricoes-abertas-ate-amanha-3\/","name":"Bolsa Trabalho segue inscri\u00e7\u00f5es abertas at\u00e9 amanh\u00e3 (3) - R\u00e1dio Life FM","isPartOf":{"@id":"https:\/\/radiolifefm.com.br\/noticias\/#website"},"primaryImageOfPage":{"@id":"https:\/\/radiolifefm.com.br\/noticias\/bolsa-trabalho-segue-inscricoes-abertas-ate-amanha-3\/#primaryimage"},"image":{"@id":"https:\/\/radiolifefm.com.br\/noticias\/bolsa-trabalho-segue-inscricoes-abertas-ate-amanha-3\/#primaryimage"},"thumbnailUrl":"https:\/\/radiolifefm.com.br\/noticias\/wp-content\/uploads\/2021\/09\/foto-3.jpeg","datePublished":"2021-09-02T23:27:32+00:00","dateModified":"2025-11-24T09:37:13+00:00","breadcrumb":{"@id":"https:\/\/radiolifefm.com.br\/noticias\/bolsa-trabalho-segue-inscricoes-abertas-ate-amanha-3\/#breadcrumb"},"inLanguage":"pt-BR","potentialAction":[{"@type":"ReadAction","target":["https:\/\/radiolifefm.com.br\/noticias\/bolsa-trabalho-segue-inscricoes-abertas-ate-amanha-3\/"]}]},{"@type":"ImageObject","inLanguage":"pt-BR","@id":"https:\/\/radiolifefm.com.br\/noticias\/bolsa-trabalho-segue-inscricoes-abertas-ate-amanha-3\/#primaryimage","url":"https:\/\/radiolifefm.com.br\/noticias\/wp-content\/uploads\/2021\/09\/foto-3.jpeg","contentUrl":"https:\/\/radiolifefm.com.br\/noticias\/wp-content\/uploads\/2021\/09\/foto-3.jpeg","width":1200,"height":800},{"@type":"BreadcrumbList","@id":"https:\/\/radiolifefm.com.br\/noticias\/bolsa-trabalho-segue-inscricoes-abertas-ate-amanha-3\/#breadcrumb","itemListElement":[{"@type":"ListItem","position":1,"name":"In\u00edcio","item":"https:\/\/radiolifefm.com.br\/noticias\/"},{"@type":"ListItem","position":2,"name":"Bolsa Trabalho segue inscri\u00e7\u00f5es abertas at\u00e9 amanh\u00e3 (3)"}]},{"@type":"WebSite","@id":"https:\/\/radiolifefm.com.br\/noticias\/#website","url":"https:\/\/radiolifefm.com.br\/noticias\/","name":"R\u00e1dio Life FM","description":"O Portal de Not\u00edcias de Adamantina","publisher":{"@id":"https:\/\/radiolifefm.com.br\/noticias\/#organization"},"alternateName":"Life FM","potentialAction":[{"@type":"SearchAction","target":{"@type":"EntryPoint","urlTemplate":"https:\/\/radiolifefm.com.br\/noticias\/?s={search_term_string}"},"query-input":{"@type":"PropertyValueSpecification","valueRequired":true,"valueName":"search_term_string"}}],"inLanguage":"pt-BR"},{"@type":"Organization","@id":"https:\/\/radiolifefm.com.br\/noticias\/#organization","name":"R\u00e1dio Life FM","alternateName":"Life FM","url":"https:\/\/radiolifefm.com.br\/noticias\/","logo":{"@type":"ImageObject","inLanguage":"pt-BR","@id":"https:\/\/radiolifefm.com.br\/noticias\/#\/schema\/logo\/image\/","url":"https:\/\/static.radiolifefm.com.br\/noticias\/wp-content\/uploads\/2019\/10\/logo-lifefm.png","contentUrl":"https:\/\/static.radiolifefm.com.br\/noticias\/wp-content\/uploads\/2019\/10\/logo-lifefm.png","width":196,"height":47,"caption":"R\u00e1dio Life FM"},"image":{"@id":"https:\/\/radiolifefm.com.br\/noticias\/#\/schema\/logo\/image\/"},"sameAs":["https:\/\/www.facebook.com\/radiolifefm\/","https:\/\/www.instagram.com\/life1079fm\/"]},{"@type":"Person","@id":"https:\/\/radiolifefm.com.br\/noticias\/#\/schema\/person\/6339b9fac59d12b071dec680d7375d87","name":"ritanery","image":{"@type":"ImageObject","inLanguage":"pt-BR","@id":"https:\/\/secure.gravatar.com\/avatar\/0e37bb19071f47c0b8a23f62a903df117c5a0e75f65a0c2901562f97cd41cf86?s=96&d=mm&r=g","url":"https:\/\/secure.gravatar.com\/avatar\/0e37bb19071f47c0b8a23f62a903df117c5a0e75f65a0c2901562f97cd41cf86?s=96&d=mm&r=g","contentUrl":"https:\/\/secure.gravatar.com\/avatar\/0e37bb19071f47c0b8a23f62a903df117c5a0e75f65a0c2901562f97cd41cf86?s=96&d=mm&r=g","caption":"ritanery"}}]}},"amp_enabled":true,"_links":{"self":[{"href":"https:\/\/radiolifefm.com.br\/noticias\/wp-json\/wp\/v2\/posts\/42349","targetHints":{"allow":["GET"]}}],"collection":[{"href":"https:\/\/radiolifefm.com.br\/noticias\/wp-json\/wp\/v2\/posts"}],"about":[{"href":"https:\/\/radiolifefm.com.br\/noticias\/wp-json\/wp\/v2\/types\/post"}],"author":[{"embeddable":true,"href":"https:\/\/radiolifefm.com.br\/noticias\/wp-json\/wp\/v2\/users\/13"}],"replies":[{"embeddable":true,"href":"https:\/\/radiolifefm.com.br\/noticias\/wp-json\/wp\/v2\/comments?post=42349"}],"version-history":[{"count":1,"href":"https:\/\/radiolifefm.com.br\/noticias\/wp-json\/wp\/v2\/posts\/42349\/revisions"}],"predecessor-version":[{"id":42351,"href":"https:\/\/radiolifefm.com.br\/noticias\/wp-json\/wp\/v2\/posts\/42349\/revisions\/42351"}],"wp:featuredmedia":[{"embeddable":true,"href":"https:\/\/radiolifefm.com.br\/noticias\/wp-json\/wp\/v2\/media\/42350"}],"wp:attachment":[{"href":"https:\/\/radiolifefm.com.br\/noticias\/wp-json\/wp\/v2\/media?parent=42349"}],"wp:term":[{"taxonomy":"category","embeddable":true,"href":"https:\/\/radiolifefm.com.br\/noticias\/wp-json\/wp\/v2\/categories?post=42349"},{"taxonomy":"post_tag","embeddable":true,"href":"https:\/\/radiolifefm.com.br\/noticias\/wp-json\/wp\/v2\/tags?post=42349"}],"curies":[{"name":"wp","href":"https:\/\/api.w.org\/{rel}","templated":true}]}}