{"id":42315,"date":"2021-09-01T13:59:29","date_gmt":"2021-09-01T16:59:29","guid":{"rendered":"https:\/\/radiolifefm.com.br\/noticias\/?p=42315"},"modified":"2026-04-09T07:24:19","modified_gmt":"2026-04-09T10:24:19","slug":"prefeitura-de-adamantina-assina-termo-de-adesao-ao-programa-sebrae-sp-de-desenvolvimento-local","status":"publish","type":"post","link":"https:\/\/radiolifefm.com.br\/noticias\/prefeitura-de-adamantina-assina-termo-de-adesao-ao-programa-sebrae-sp-de-desenvolvimento-local\/","title":{"rendered":"Prefeitura de Adamantina assina termo de ades\u00e3o ao Programa Sebrae-SP de Desenvolvimento Local"},"content":{"rendered":"<div id=\"fb-root\"><\/div>\n<p>Na manh\u00e3 de ontem (31), a Prefeitura de Adamantina firmou o termo de ades\u00e3o ao Programa Sebrae-SP de Desenvolvimento Local (PDL).<\/p>\n<p>&nbsp;<\/p>\n<p>A assinatura contou com a presen\u00e7a do prefeito M\u00e1rcio Cardim, do gerente do Sebrae de Presidente Prudente, Jos\u00e9 Carlos Cavalcante, da vice-prefeita Maria de Lourdes Santos Gil \u201cDinha\u201d, secret\u00e1rios municipais e representantes da de diversas entidades que comp\u00f5em o projeto que s\u00e3o: Sincom\u00e9rcio, Sindicato Rural, C\u00e2mara Municipal, entre outros.<\/p>\n<p>&nbsp;<\/p>\n<p>O prefeito M\u00e1rcio Cardim afirmou que a formaliza\u00e7\u00e3o do termo de ades\u00e3o veio em uma hora prop\u00edcia, pois o munic\u00edpio est\u00e1 investindo em a\u00e7\u00f5es voltadas \u00e0 gera\u00e7\u00e3o de emprego e renda, por meio da implanta\u00e7\u00e3o de um distrito industrial que oferecer\u00e1 170 lotes.<\/p>\n<p>&nbsp;<\/p>\n<p>\u201cAl\u00e9m disso, vamos encaminhar um projeto de lei para C\u00e2mara Municipal com o objetivo de criar uma secretaria voltada ao desenvolvimento da ind\u00fastria e do com\u00e9rcio\u201d, diz.<\/p>\n<p>&nbsp;<\/p>\n<p>J\u00e1 o gerente do Sebrae de Presidente Prudente, Jos\u00e9 Carlos Cavalcante, comenta que Adamantina \u00e9 um munic\u00edpio pujante. \u201cPodemos perceber que Adamantina est\u00e1 trilhando o caminho certo e com\u00a0a parceria\u00a0teremos uma s\u00e9rie de a\u00e7\u00f5es\u00a0com a Prefeitura\u201d, assegura.<\/p>\n<p>&nbsp;<\/p>\n<p>O SEBRAE ter\u00e1 quatro pap\u00e9is\u00a0voltados ao desenvolvimento do munic\u00edpio que s\u00e3o: alavancar as oportunidades, mobilizar recursos e tecnologias, provocar solu\u00e7\u00f5es e estimular e defender o empreendedorismo.<\/p>\n<p>&nbsp;<\/p>\n<p>O programa traz como diferencial para a cidade a atua\u00e7\u00e3o de forma articulada e coordenada, a possibilidade de mensurar a melhoria e os resultados, o planejamento das a\u00e7\u00f5es e os n\u00facleos engajados por Adamantina que j\u00e1 est\u00e3o trabalhando<\/p>\n<p><strong>Sobre o PDL &#8211;<\/strong>\u00a0O objetivo do Sebrae &#8211; SP com a implanta\u00e7\u00e3o do programa \u00e9 disponibilizar \u00e0s micro e pequenas empresas programas t\u00e9cnicos, projetos e atividades que fomentem o com\u00e9rcio local e, ainda, potencialize a voca\u00e7\u00e3o regional, mas sem deixar de lado a recep\u00e7\u00e3o a novos neg\u00f3cios.<\/p>\n<p>&nbsp;<\/p>\n<p>Com essa a\u00e7\u00e3o, o Programa Sebrae -SP de Desenvolvimento Local espera fazer com que as empresas tenham tanto a sua competitividade elevada como o faturamento e,\u00a0ainda,\u00a0possibilitar que os custos sejam reduzidos.<\/p>\n<p>&nbsp;<\/p>\n<p>A iniciativa\u00a0visa tamb\u00e9m\u00a0impactar de forma positiva na gera\u00e7\u00e3o de postos formais de trabalho e na formaliza\u00e7\u00e3o dos empreendedores que existem em Adamantina.<\/p>\n<p>&nbsp;<\/p>\n<p>&nbsp;<\/p>\n<p>Fonte: Assessoria de Imprensa<\/p>\n","protected":false},"excerpt":{"rendered":"<p>Na manh\u00e3 de ontem (31), a Prefeitura de Adamantina firmou o termo de ades\u00e3o ao Programa Sebrae-SP de Desenvolvimento Local (PDL). &nbsp; A assinatura contou com a presen\u00e7a do prefeito M\u00e1rcio Cardim, do gerente do Sebrae de Presidente Prudente, Jos\u00e9 Carlos Cavalcante, da vice-prefeita Maria de Lourdes Santos Gil \u201cDinha\u201d, secret\u00e1rios municipais e representantes da [&hellip;]<\/p>\n","protected":false},"author":13,"featured_media":42316,"comment_status":"closed","ping_status":"open","sticky":false,"template":"","format":"standard","meta":{"_acf_changed":false,"_exactmetrics_skip_tracking":false,"_exactmetrics_sitenote_active":false,"_exactmetrics_sitenote_note":"","_exactmetrics_sitenote_category":0,"footnotes":""},"categories":[21],"tags":[],"class_list":["post-42315","post","type-post","status-publish","format-standard","has-post-thumbnail","hentry","category-adamantina"],"acf":[],"yoast_head":"<!-- This site is optimized with the Yoast SEO plugin v27.2 - https:\/\/yoast.com\/product\/yoast-seo-wordpress\/ -->\n<title>Prefeitura de Adamantina assina termo de ades\u00e3o ao Programa Sebrae-SP de Desenvolvimento Local - R\u00e1dio Life FM<\/title>\n<meta name=\"robots\" content=\"index, follow, max-snippet:-1, max-image-preview:large, max-video-preview:-1\" \/>\n<link rel=\"canonical\" href=\"https:\/\/radiolifefm.com.br\/noticias\/prefeitura-de-adamantina-assina-termo-de-adesao-ao-programa-sebrae-sp-de-desenvolvimento-local\/\" \/>\n<meta property=\"og:locale\" content=\"pt_BR\" \/>\n<meta property=\"og:type\" content=\"article\" \/>\n<meta property=\"og:title\" content=\"Prefeitura de Adamantina assina termo de ades\u00e3o ao Programa Sebrae-SP de Desenvolvimento Local - R\u00e1dio Life FM\" \/>\n<meta property=\"og:description\" content=\"Na manh\u00e3 de ontem (31), a Prefeitura de Adamantina firmou o termo de ades\u00e3o ao Programa Sebrae-SP de Desenvolvimento Local (PDL). &nbsp; A assinatura contou com a presen\u00e7a do prefeito M\u00e1rcio Cardim, do gerente do Sebrae de Presidente Prudente, Jos\u00e9 Carlos Cavalcante, da vice-prefeita Maria de Lourdes Santos Gil \u201cDinha\u201d, secret\u00e1rios municipais e representantes da [&hellip;]\" \/>\n<meta property=\"og:url\" content=\"https:\/\/radiolifefm.com.br\/noticias\/prefeitura-de-adamantina-assina-termo-de-adesao-ao-programa-sebrae-sp-de-desenvolvimento-local\/\" \/>\n<meta property=\"og:site_name\" content=\"R\u00e1dio Life FM\" \/>\n<meta property=\"article:publisher\" content=\"https:\/\/www.facebook.com\/radiolifefm\/\" \/>\n<meta property=\"article:published_time\" content=\"2021-09-01T16:59:29+00:00\" \/>\n<meta property=\"article:modified_time\" content=\"2026-04-09T10:24:19+00:00\" \/>\n<meta property=\"og:image\" content=\"https:\/\/radiolifefm.com.br\/noticias\/wp-content\/uploads\/2021\/09\/Foto-1-scaled.jpg\" \/>\n\t<meta property=\"og:image:width\" content=\"2560\" \/>\n\t<meta property=\"og:image:height\" content=\"1711\" \/>\n\t<meta property=\"og:image:type\" content=\"image\/jpeg\" \/>\n<meta name=\"author\" content=\"ritanery\" \/>\n<meta name=\"twitter:card\" content=\"summary_large_image\" \/>\n<meta name=\"twitter:label1\" content=\"Escrito por\" \/>\n\t<meta name=\"twitter:data1\" content=\"ritanery\" \/>\n\t<meta name=\"twitter:label2\" content=\"Est. tempo de leitura\" \/>\n\t<meta name=\"twitter:data2\" content=\"2 minutos\" \/>\n<script type=\"application\/ld+json\" class=\"yoast-schema-graph\">{\"@context\":\"https:\/\/schema.org\",\"@graph\":[{\"@type\":\"Article\",\"@id\":\"https:\/\/radiolifefm.com.br\/noticias\/prefeitura-de-adamantina-assina-termo-de-adesao-ao-programa-sebrae-sp-de-desenvolvimento-local\/#article\",\"isPartOf\":{\"@id\":\"https:\/\/radiolifefm.com.br\/noticias\/prefeitura-de-adamantina-assina-termo-de-adesao-ao-programa-sebrae-sp-de-desenvolvimento-local\/\"},\"author\":{\"name\":\"ritanery\",\"@id\":\"https:\/\/radiolifefm.com.br\/noticias\/#\/schema\/person\/6339b9fac59d12b071dec680d7375d87\"},\"headline\":\"Prefeitura de Adamantina assina termo de ades\u00e3o ao Programa Sebrae-SP de Desenvolvimento Local\",\"datePublished\":\"2021-09-01T16:59:29+00:00\",\"dateModified\":\"2026-04-09T10:24:19+00:00\",\"mainEntityOfPage\":{\"@id\":\"https:\/\/radiolifefm.com.br\/noticias\/prefeitura-de-adamantina-assina-termo-de-adesao-ao-programa-sebrae-sp-de-desenvolvimento-local\/\"},\"wordCount\":414,\"publisher\":{\"@id\":\"https:\/\/radiolifefm.com.br\/noticias\/#organization\"},\"image\":{\"@id\":\"https:\/\/radiolifefm.com.br\/noticias\/prefeitura-de-adamantina-assina-termo-de-adesao-ao-programa-sebrae-sp-de-desenvolvimento-local\/#primaryimage\"},\"thumbnailUrl\":\"https:\/\/radiolifefm.com.br\/noticias\/wp-content\/uploads\/2021\/09\/Foto-1-scaled.jpg\",\"articleSection\":[\"Adamantina\"],\"inLanguage\":\"pt-BR\"},{\"@type\":\"WebPage\",\"@id\":\"https:\/\/radiolifefm.com.br\/noticias\/prefeitura-de-adamantina-assina-termo-de-adesao-ao-programa-sebrae-sp-de-desenvolvimento-local\/\",\"url\":\"https:\/\/radiolifefm.com.br\/noticias\/prefeitura-de-adamantina-assina-termo-de-adesao-ao-programa-sebrae-sp-de-desenvolvimento-local\/\",\"name\":\"Prefeitura de Adamantina assina termo de ades\u00e3o ao Programa Sebrae-SP de Desenvolvimento Local - R\u00e1dio Life FM\",\"isPartOf\":{\"@id\":\"https:\/\/radiolifefm.com.br\/noticias\/#website\"},\"primaryImageOfPage\":{\"@id\":\"https:\/\/radiolifefm.com.br\/noticias\/prefeitura-de-adamantina-assina-termo-de-adesao-ao-programa-sebrae-sp-de-desenvolvimento-local\/#primaryimage\"},\"image\":{\"@id\":\"https:\/\/radiolifefm.com.br\/noticias\/prefeitura-de-adamantina-assina-termo-de-adesao-ao-programa-sebrae-sp-de-desenvolvimento-local\/#primaryimage\"},\"thumbnailUrl\":\"https:\/\/radiolifefm.com.br\/noticias\/wp-content\/uploads\/2021\/09\/Foto-1-scaled.jpg\",\"datePublished\":\"2021-09-01T16:59:29+00:00\",\"dateModified\":\"2026-04-09T10:24:19+00:00\",\"breadcrumb\":{\"@id\":\"https:\/\/radiolifefm.com.br\/noticias\/prefeitura-de-adamantina-assina-termo-de-adesao-ao-programa-sebrae-sp-de-desenvolvimento-local\/#breadcrumb\"},\"inLanguage\":\"pt-BR\",\"potentialAction\":[{\"@type\":\"ReadAction\",\"target\":[\"https:\/\/radiolifefm.com.br\/noticias\/prefeitura-de-adamantina-assina-termo-de-adesao-ao-programa-sebrae-sp-de-desenvolvimento-local\/\"]}]},{\"@type\":\"ImageObject\",\"inLanguage\":\"pt-BR\",\"@id\":\"https:\/\/radiolifefm.com.br\/noticias\/prefeitura-de-adamantina-assina-termo-de-adesao-ao-programa-sebrae-sp-de-desenvolvimento-local\/#primaryimage\",\"url\":\"https:\/\/radiolifefm.com.br\/noticias\/wp-content\/uploads\/2021\/09\/Foto-1-scaled.jpg\",\"contentUrl\":\"https:\/\/radiolifefm.com.br\/noticias\/wp-content\/uploads\/2021\/09\/Foto-1-scaled.jpg\",\"width\":2560,\"height\":1711},{\"@type\":\"BreadcrumbList\",\"@id\":\"https:\/\/radiolifefm.com.br\/noticias\/prefeitura-de-adamantina-assina-termo-de-adesao-ao-programa-sebrae-sp-de-desenvolvimento-local\/#breadcrumb\",\"itemListElement\":[{\"@type\":\"ListItem\",\"position\":1,\"name\":\"In\u00edcio\",\"item\":\"https:\/\/radiolifefm.com.br\/noticias\/\"},{\"@type\":\"ListItem\",\"position\":2,\"name\":\"Prefeitura de Adamantina assina termo de ades\u00e3o ao Programa Sebrae-SP de Desenvolvimento Local\"}]},{\"@type\":\"WebSite\",\"@id\":\"https:\/\/radiolifefm.com.br\/noticias\/#website\",\"url\":\"https:\/\/radiolifefm.com.br\/noticias\/\",\"name\":\"R\u00e1dio Life FM\",\"description\":\"O Portal de Not\u00edcias de Adamantina\",\"publisher\":{\"@id\":\"https:\/\/radiolifefm.com.br\/noticias\/#organization\"},\"alternateName\":\"Life FM\",\"potentialAction\":[{\"@type\":\"SearchAction\",\"target\":{\"@type\":\"EntryPoint\",\"urlTemplate\":\"https:\/\/radiolifefm.com.br\/noticias\/?s={search_term_string}\"},\"query-input\":{\"@type\":\"PropertyValueSpecification\",\"valueRequired\":true,\"valueName\":\"search_term_string\"}}],\"inLanguage\":\"pt-BR\"},{\"@type\":\"Organization\",\"@id\":\"https:\/\/radiolifefm.com.br\/noticias\/#organization\",\"name\":\"R\u00e1dio Life FM\",\"alternateName\":\"Life FM\",\"url\":\"https:\/\/radiolifefm.com.br\/noticias\/\",\"logo\":{\"@type\":\"ImageObject\",\"inLanguage\":\"pt-BR\",\"@id\":\"https:\/\/radiolifefm.com.br\/noticias\/#\/schema\/logo\/image\/\",\"url\":\"https:\/\/static.radiolifefm.com.br\/noticias\/wp-content\/uploads\/2019\/10\/logo-lifefm.png\",\"contentUrl\":\"https:\/\/static.radiolifefm.com.br\/noticias\/wp-content\/uploads\/2019\/10\/logo-lifefm.png\",\"width\":196,\"height\":47,\"caption\":\"R\u00e1dio Life FM\"},\"image\":{\"@id\":\"https:\/\/radiolifefm.com.br\/noticias\/#\/schema\/logo\/image\/\"},\"sameAs\":[\"https:\/\/www.facebook.com\/radiolifefm\/\",\"https:\/\/www.instagram.com\/life1079fm\/\"]},{\"@type\":\"Person\",\"@id\":\"https:\/\/radiolifefm.com.br\/noticias\/#\/schema\/person\/6339b9fac59d12b071dec680d7375d87\",\"name\":\"ritanery\",\"image\":{\"@type\":\"ImageObject\",\"inLanguage\":\"pt-BR\",\"@id\":\"https:\/\/secure.gravatar.com\/avatar\/0e37bb19071f47c0b8a23f62a903df117c5a0e75f65a0c2901562f97cd41cf86?s=96&d=mm&r=g\",\"url\":\"https:\/\/secure.gravatar.com\/avatar\/0e37bb19071f47c0b8a23f62a903df117c5a0e75f65a0c2901562f97cd41cf86?s=96&d=mm&r=g\",\"contentUrl\":\"https:\/\/secure.gravatar.com\/avatar\/0e37bb19071f47c0b8a23f62a903df117c5a0e75f65a0c2901562f97cd41cf86?s=96&d=mm&r=g\",\"caption\":\"ritanery\"}}]}<\/script>\n<!-- \/ Yoast SEO plugin. -->","yoast_head_json":{"title":"Prefeitura de Adamantina assina termo de ades\u00e3o ao Programa Sebrae-SP de Desenvolvimento Local - R\u00e1dio Life FM","robots":{"index":"index","follow":"follow","max-snippet":"max-snippet:-1","max-image-preview":"max-image-preview:large","max-video-preview":"max-video-preview:-1"},"canonical":"https:\/\/radiolifefm.com.br\/noticias\/prefeitura-de-adamantina-assina-termo-de-adesao-ao-programa-sebrae-sp-de-desenvolvimento-local\/","og_locale":"pt_BR","og_type":"article","og_title":"Prefeitura de Adamantina assina termo de ades\u00e3o ao Programa Sebrae-SP de Desenvolvimento Local - R\u00e1dio Life FM","og_description":"Na manh\u00e3 de ontem (31), a Prefeitura de Adamantina firmou o termo de ades\u00e3o ao Programa Sebrae-SP de Desenvolvimento Local (PDL). &nbsp; A assinatura contou com a presen\u00e7a do prefeito M\u00e1rcio Cardim, do gerente do Sebrae de Presidente Prudente, Jos\u00e9 Carlos Cavalcante, da vice-prefeita Maria de Lourdes Santos Gil \u201cDinha\u201d, secret\u00e1rios municipais e representantes da [&hellip;]","og_url":"https:\/\/radiolifefm.com.br\/noticias\/prefeitura-de-adamantina-assina-termo-de-adesao-ao-programa-sebrae-sp-de-desenvolvimento-local\/","og_site_name":"R\u00e1dio Life FM","article_publisher":"https:\/\/www.facebook.com\/radiolifefm\/","article_published_time":"2021-09-01T16:59:29+00:00","article_modified_time":"2026-04-09T10:24:19+00:00","og_image":[{"width":2560,"height":1711,"url":"https:\/\/radiolifefm.com.br\/noticias\/wp-content\/uploads\/2021\/09\/Foto-1-scaled.jpg","type":"image\/jpeg"}],"author":"ritanery","twitter_card":"summary_large_image","twitter_misc":{"Escrito por":"ritanery","Est. tempo de leitura":"2 minutos"},"schema":{"@context":"https:\/\/schema.org","@graph":[{"@type":"Article","@id":"https:\/\/radiolifefm.com.br\/noticias\/prefeitura-de-adamantina-assina-termo-de-adesao-ao-programa-sebrae-sp-de-desenvolvimento-local\/#article","isPartOf":{"@id":"https:\/\/radiolifefm.com.br\/noticias\/prefeitura-de-adamantina-assina-termo-de-adesao-ao-programa-sebrae-sp-de-desenvolvimento-local\/"},"author":{"name":"ritanery","@id":"https:\/\/radiolifefm.com.br\/noticias\/#\/schema\/person\/6339b9fac59d12b071dec680d7375d87"},"headline":"Prefeitura de Adamantina assina termo de ades\u00e3o ao Programa Sebrae-SP de Desenvolvimento Local","datePublished":"2021-09-01T16:59:29+00:00","dateModified":"2026-04-09T10:24:19+00:00","mainEntityOfPage":{"@id":"https:\/\/radiolifefm.com.br\/noticias\/prefeitura-de-adamantina-assina-termo-de-adesao-ao-programa-sebrae-sp-de-desenvolvimento-local\/"},"wordCount":414,"publisher":{"@id":"https:\/\/radiolifefm.com.br\/noticias\/#organization"},"image":{"@id":"https:\/\/radiolifefm.com.br\/noticias\/prefeitura-de-adamantina-assina-termo-de-adesao-ao-programa-sebrae-sp-de-desenvolvimento-local\/#primaryimage"},"thumbnailUrl":"https:\/\/radiolifefm.com.br\/noticias\/wp-content\/uploads\/2021\/09\/Foto-1-scaled.jpg","articleSection":["Adamantina"],"inLanguage":"pt-BR"},{"@type":"WebPage","@id":"https:\/\/radiolifefm.com.br\/noticias\/prefeitura-de-adamantina-assina-termo-de-adesao-ao-programa-sebrae-sp-de-desenvolvimento-local\/","url":"https:\/\/radiolifefm.com.br\/noticias\/prefeitura-de-adamantina-assina-termo-de-adesao-ao-programa-sebrae-sp-de-desenvolvimento-local\/","name":"Prefeitura de Adamantina assina termo de ades\u00e3o ao Programa Sebrae-SP de Desenvolvimento Local - R\u00e1dio Life FM","isPartOf":{"@id":"https:\/\/radiolifefm.com.br\/noticias\/#website"},"primaryImageOfPage":{"@id":"https:\/\/radiolifefm.com.br\/noticias\/prefeitura-de-adamantina-assina-termo-de-adesao-ao-programa-sebrae-sp-de-desenvolvimento-local\/#primaryimage"},"image":{"@id":"https:\/\/radiolifefm.com.br\/noticias\/prefeitura-de-adamantina-assina-termo-de-adesao-ao-programa-sebrae-sp-de-desenvolvimento-local\/#primaryimage"},"thumbnailUrl":"https:\/\/radiolifefm.com.br\/noticias\/wp-content\/uploads\/2021\/09\/Foto-1-scaled.jpg","datePublished":"2021-09-01T16:59:29+00:00","dateModified":"2026-04-09T10:24:19+00:00","breadcrumb":{"@id":"https:\/\/radiolifefm.com.br\/noticias\/prefeitura-de-adamantina-assina-termo-de-adesao-ao-programa-sebrae-sp-de-desenvolvimento-local\/#breadcrumb"},"inLanguage":"pt-BR","potentialAction":[{"@type":"ReadAction","target":["https:\/\/radiolifefm.com.br\/noticias\/prefeitura-de-adamantina-assina-termo-de-adesao-ao-programa-sebrae-sp-de-desenvolvimento-local\/"]}]},{"@type":"ImageObject","inLanguage":"pt-BR","@id":"https:\/\/radiolifefm.com.br\/noticias\/prefeitura-de-adamantina-assina-termo-de-adesao-ao-programa-sebrae-sp-de-desenvolvimento-local\/#primaryimage","url":"https:\/\/radiolifefm.com.br\/noticias\/wp-content\/uploads\/2021\/09\/Foto-1-scaled.jpg","contentUrl":"https:\/\/radiolifefm.com.br\/noticias\/wp-content\/uploads\/2021\/09\/Foto-1-scaled.jpg","width":2560,"height":1711},{"@type":"BreadcrumbList","@id":"https:\/\/radiolifefm.com.br\/noticias\/prefeitura-de-adamantina-assina-termo-de-adesao-ao-programa-sebrae-sp-de-desenvolvimento-local\/#breadcrumb","itemListElement":[{"@type":"ListItem","position":1,"name":"In\u00edcio","item":"https:\/\/radiolifefm.com.br\/noticias\/"},{"@type":"ListItem","position":2,"name":"Prefeitura de Adamantina assina termo de ades\u00e3o ao Programa Sebrae-SP de Desenvolvimento Local"}]},{"@type":"WebSite","@id":"https:\/\/radiolifefm.com.br\/noticias\/#website","url":"https:\/\/radiolifefm.com.br\/noticias\/","name":"R\u00e1dio Life FM","description":"O Portal de Not\u00edcias de Adamantina","publisher":{"@id":"https:\/\/radiolifefm.com.br\/noticias\/#organization"},"alternateName":"Life FM","potentialAction":[{"@type":"SearchAction","target":{"@type":"EntryPoint","urlTemplate":"https:\/\/radiolifefm.com.br\/noticias\/?s={search_term_string}"},"query-input":{"@type":"PropertyValueSpecification","valueRequired":true,"valueName":"search_term_string"}}],"inLanguage":"pt-BR"},{"@type":"Organization","@id":"https:\/\/radiolifefm.com.br\/noticias\/#organization","name":"R\u00e1dio Life FM","alternateName":"Life FM","url":"https:\/\/radiolifefm.com.br\/noticias\/","logo":{"@type":"ImageObject","inLanguage":"pt-BR","@id":"https:\/\/radiolifefm.com.br\/noticias\/#\/schema\/logo\/image\/","url":"https:\/\/static.radiolifefm.com.br\/noticias\/wp-content\/uploads\/2019\/10\/logo-lifefm.png","contentUrl":"https:\/\/static.radiolifefm.com.br\/noticias\/wp-content\/uploads\/2019\/10\/logo-lifefm.png","width":196,"height":47,"caption":"R\u00e1dio Life FM"},"image":{"@id":"https:\/\/radiolifefm.com.br\/noticias\/#\/schema\/logo\/image\/"},"sameAs":["https:\/\/www.facebook.com\/radiolifefm\/","https:\/\/www.instagram.com\/life1079fm\/"]},{"@type":"Person","@id":"https:\/\/radiolifefm.com.br\/noticias\/#\/schema\/person\/6339b9fac59d12b071dec680d7375d87","name":"ritanery","image":{"@type":"ImageObject","inLanguage":"pt-BR","@id":"https:\/\/secure.gravatar.com\/avatar\/0e37bb19071f47c0b8a23f62a903df117c5a0e75f65a0c2901562f97cd41cf86?s=96&d=mm&r=g","url":"https:\/\/secure.gravatar.com\/avatar\/0e37bb19071f47c0b8a23f62a903df117c5a0e75f65a0c2901562f97cd41cf86?s=96&d=mm&r=g","contentUrl":"https:\/\/secure.gravatar.com\/avatar\/0e37bb19071f47c0b8a23f62a903df117c5a0e75f65a0c2901562f97cd41cf86?s=96&d=mm&r=g","caption":"ritanery"}}]}},"amp_enabled":true,"_links":{"self":[{"href":"https:\/\/radiolifefm.com.br\/noticias\/wp-json\/wp\/v2\/posts\/42315","targetHints":{"allow":["GET"]}}],"collection":[{"href":"https:\/\/radiolifefm.com.br\/noticias\/wp-json\/wp\/v2\/posts"}],"about":[{"href":"https:\/\/radiolifefm.com.br\/noticias\/wp-json\/wp\/v2\/types\/post"}],"author":[{"embeddable":true,"href":"https:\/\/radiolifefm.com.br\/noticias\/wp-json\/wp\/v2\/users\/13"}],"replies":[{"embeddable":true,"href":"https:\/\/radiolifefm.com.br\/noticias\/wp-json\/wp\/v2\/comments?post=42315"}],"version-history":[{"count":1,"href":"https:\/\/radiolifefm.com.br\/noticias\/wp-json\/wp\/v2\/posts\/42315\/revisions"}],"predecessor-version":[{"id":42317,"href":"https:\/\/radiolifefm.com.br\/noticias\/wp-json\/wp\/v2\/posts\/42315\/revisions\/42317"}],"wp:featuredmedia":[{"embeddable":true,"href":"https:\/\/radiolifefm.com.br\/noticias\/wp-json\/wp\/v2\/media\/42316"}],"wp:attachment":[{"href":"https:\/\/radiolifefm.com.br\/noticias\/wp-json\/wp\/v2\/media?parent=42315"}],"wp:term":[{"taxonomy":"category","embeddable":true,"href":"https:\/\/radiolifefm.com.br\/noticias\/wp-json\/wp\/v2\/categories?post=42315"},{"taxonomy":"post_tag","embeddable":true,"href":"https:\/\/radiolifefm.com.br\/noticias\/wp-json\/wp\/v2\/tags?post=42315"}],"curies":[{"name":"wp","href":"https:\/\/api.w.org\/{rel}","templated":true}]}}