{"id":42312,"date":"2021-09-01T13:51:07","date_gmt":"2021-09-01T16:51:07","guid":{"rendered":"https:\/\/radiolifefm.com.br\/noticias\/?p=42312"},"modified":"2026-04-27T13:30:23","modified_gmt":"2026-04-27T16:30:23","slug":"adamantina-apresenta-propostas-e-elege-delegados-durante-a-conferencia-municipal-de-assistencia-social","status":"publish","type":"post","link":"https:\/\/radiolifefm.com.br\/noticias\/adamantina-apresenta-propostas-e-elege-delegados-durante-a-conferencia-municipal-de-assistencia-social\/","title":{"rendered":"Adamantina apresenta propostas e elege delegados durante a Confer\u00eancia Municipal de Assist\u00eancia Social"},"content":{"rendered":"<div id=\"fb-root\"><\/div>\n<p>Na \u00faltima sexta-feira (27), Adamantina sediou a Confer\u00eancia Municipal de Assist\u00eancia Social. Estiveram presentes, a vice-prefeita Maria de Lourdes Santos Gil \u201cDinha\u201d, o presidente da C\u00e2mara, Paulo Cervelheira, a secret\u00e1ria de assist\u00eancia social, Andreia Regina Ribeiro,\u00a0Rejane de Menezes Sanches, representante a DRADS Alta Paulista e os integrantes dos conselhos municipais de Assist\u00eancia Social bem como representantes do CRAS, CREAS, Projeto Asa, Conselho Tutelar, Lar Crist\u00e3o, IAMA, Apae, Lar dos Velhos, Casa do Garoto e Institui\u00e7\u00e3o Capaz.<\/p>\n<p>&nbsp;<\/p>\n<p>Para a realiza\u00e7\u00e3o da confer\u00eancia, foi montada uma comiss\u00e3o regional\u00a0organizadora\u00a0e a a\u00e7\u00e3o foi dividida em dois momentos.\u00a0O primeiro contou com participa\u00e7\u00e3o de forma online dos 19 munic\u00edpios que comp\u00f5em a DRADS e mais os pr\u00e9-candidatos a delegados e o segundo aconteceu apenas com o munic\u00edpio de Adamantina para vota\u00e7\u00e3o das delibera\u00e7\u00f5es.<\/p>\n<p>&nbsp;<\/p>\n<p>A Confer\u00eancia de Assist\u00eancia Social acontece de quatro em quatro anos e tem como foco promover uma avalia\u00e7\u00e3o de como se encontra a Pol\u00edtica P\u00fablica da Assist\u00eancia Social nos munic\u00edpios, estados e no pa\u00eds.<\/p>\n<p>&nbsp;<\/p>\n<p>Este ano, o tema escolhido foi \u201cAssist\u00eancia Social: Direito do Povo e Dever do Estado, com financiamento p\u00fablico, para enfrentar as desigualdades e garantir prote\u00e7\u00e3o social&#8221;. Com os 5 eixos:<\/p>\n<p>&nbsp;<\/p>\n<p>EIXO I &#8211; A Prote\u00e7\u00e3o Social N\u00e3o Contributiva e o Princ\u00edpio da Equidade como Paradigma para a Gest\u00e3o dos Direitos Socioassistenciais no enfrentamento das desigualdades sociais.<\/p>\n<p>&nbsp;<\/p>\n<p>EIXO II- Financiamento e Or\u00e7amento como instrumento para uma gest\u00e3o de compromissos e corresponsabilidades dos entes federativos para a garantia dos direitos.<\/p>\n<p>&nbsp;<\/p>\n<p>EIXO III- Controle social: o lugar da sociedade civil no Suas e a import\u00e2ncia da participa\u00e7\u00e3o dos usu\u00e1rios.<\/p>\n<p>&nbsp;<\/p>\n<p>EIXO IV- Gest\u00e3o a acesso \u00e0s seguran\u00e7as socioassistenciais e a articula\u00e7\u00e3o entre servi\u00e7os, benef\u00edcios e transfer\u00eancia de renda.<\/p>\n<p>&nbsp;<\/p>\n<p>EIXO V- Atua\u00e7\u00e3o do Suas em situa\u00e7\u00f5es de calamidade p\u00fablica e Emerg\u00eancias.<\/p>\n<p>\u201cAcredito que ainda mais agora a assist\u00eancia social\u00a0precisa ser\u00a0muito cuidada por todos n\u00f3s que estamos aqui\u201d, afirma Patr\u00edcia Adriana Mendes, assistente social e especialista na \u00e1rea que fez a apresenta\u00e7\u00e3o do tema aos participantes.<\/p>\n<p>&nbsp;<\/p>\n<p>Durante sua palestra, apresentou os cinco eixos levando subs\u00eddios para que os participantes pudessem apresentar em cada munic\u00edpio as suas propostas e, ainda, fazer a elei\u00e7\u00e3o dos delegados da sociedade civil e da unidade governamental.<\/p>\n<p>&nbsp;<\/p>\n<p>Em Adamantina, os delegados eleitos da sociedade civil foram: Carmen Cinira Squizatto da Rocha como titular e Leonardo Sandro de Oliveira Pereira como suplente; e da unidade governamental foram: Luiz Ant\u00f4nio Furtado como titular e Luciana Cristina de Oliveira, suplente.<\/p>\n<p>&nbsp;<\/p>\n<p>Agora, as propostas discutidas em \u00e2mbito local ser\u00e3o encaminhadas para o Conselho Estadual de Assist\u00eancia Social e os delegados eleitos v\u00e3o\u00a0participar da XII\u00a0Confer\u00eancia\u00a0Estadual que acontecer\u00e1 nos dias\u00a020,21 e 22 de outubro de forma virtual.<\/p>\n<p>&nbsp;<\/p>\n<p>&nbsp;<\/p>\n<p>Fonte: Assessoria de Imprensa<\/p>\n","protected":false},"excerpt":{"rendered":"<p>Na \u00faltima sexta-feira (27), Adamantina sediou a Confer\u00eancia Municipal de Assist\u00eancia Social. Estiveram presentes, a vice-prefeita Maria de Lourdes Santos Gil \u201cDinha\u201d, o presidente da C\u00e2mara, Paulo Cervelheira, a secret\u00e1ria de assist\u00eancia social, Andreia Regina Ribeiro,\u00a0Rejane de Menezes Sanches, representante a DRADS Alta Paulista e os integrantes dos conselhos municipais de Assist\u00eancia Social bem como [&hellip;]<\/p>\n","protected":false},"author":13,"featured_media":42313,"comment_status":"closed","ping_status":"open","sticky":false,"template":"","format":"standard","meta":{"_acf_changed":false,"_exactmetrics_skip_tracking":false,"_exactmetrics_sitenote_active":false,"_exactmetrics_sitenote_note":"","_exactmetrics_sitenote_category":0,"footnotes":""},"categories":[21],"tags":[],"class_list":["post-42312","post","type-post","status-publish","format-standard","has-post-thumbnail","hentry","category-adamantina"],"acf":[],"yoast_head":"<!-- This site is optimized with the Yoast SEO plugin v27.2 - https:\/\/yoast.com\/product\/yoast-seo-wordpress\/ -->\n<title>Adamantina apresenta propostas e elege delegados durante a Confer\u00eancia Municipal de Assist\u00eancia Social - R\u00e1dio Life FM<\/title>\n<meta name=\"robots\" content=\"index, follow, max-snippet:-1, max-image-preview:large, max-video-preview:-1\" \/>\n<link rel=\"canonical\" href=\"https:\/\/radiolifefm.com.br\/noticias\/adamantina-apresenta-propostas-e-elege-delegados-durante-a-conferencia-municipal-de-assistencia-social\/\" \/>\n<meta property=\"og:locale\" content=\"pt_BR\" \/>\n<meta property=\"og:type\" content=\"article\" \/>\n<meta property=\"og:title\" content=\"Adamantina apresenta propostas e elege delegados durante a Confer\u00eancia Municipal de Assist\u00eancia Social - R\u00e1dio Life FM\" \/>\n<meta property=\"og:description\" content=\"Na \u00faltima sexta-feira (27), Adamantina sediou a Confer\u00eancia Municipal de Assist\u00eancia Social. Estiveram presentes, a vice-prefeita Maria de Lourdes Santos Gil \u201cDinha\u201d, o presidente da C\u00e2mara, Paulo Cervelheira, a secret\u00e1ria de assist\u00eancia social, Andreia Regina Ribeiro,\u00a0Rejane de Menezes Sanches, representante a DRADS Alta Paulista e os integrantes dos conselhos municipais de Assist\u00eancia Social bem como [&hellip;]\" \/>\n<meta property=\"og:url\" content=\"https:\/\/radiolifefm.com.br\/noticias\/adamantina-apresenta-propostas-e-elege-delegados-durante-a-conferencia-municipal-de-assistencia-social\/\" \/>\n<meta property=\"og:site_name\" content=\"R\u00e1dio Life FM\" \/>\n<meta property=\"article:publisher\" content=\"https:\/\/www.facebook.com\/radiolifefm\/\" \/>\n<meta property=\"article:published_time\" content=\"2021-09-01T16:51:07+00:00\" \/>\n<meta property=\"article:modified_time\" content=\"2026-04-27T16:30:23+00:00\" \/>\n<meta property=\"og:image\" content=\"https:\/\/radiolifefm.com.br\/noticias\/wp-content\/uploads\/2021\/09\/foto-scaled.jpg\" \/>\n\t<meta property=\"og:image:width\" content=\"2560\" \/>\n\t<meta property=\"og:image:height\" content=\"1711\" \/>\n\t<meta property=\"og:image:type\" content=\"image\/jpeg\" \/>\n<meta name=\"author\" content=\"ritanery\" \/>\n<meta name=\"twitter:card\" content=\"summary_large_image\" \/>\n<meta name=\"twitter:label1\" content=\"Escrito por\" \/>\n\t<meta name=\"twitter:data1\" content=\"ritanery\" \/>\n\t<meta name=\"twitter:label2\" content=\"Est. tempo de leitura\" \/>\n\t<meta name=\"twitter:data2\" content=\"2 minutos\" \/>\n<script type=\"application\/ld+json\" class=\"yoast-schema-graph\">{\"@context\":\"https:\/\/schema.org\",\"@graph\":[{\"@type\":\"Article\",\"@id\":\"https:\/\/radiolifefm.com.br\/noticias\/adamantina-apresenta-propostas-e-elege-delegados-durante-a-conferencia-municipal-de-assistencia-social\/#article\",\"isPartOf\":{\"@id\":\"https:\/\/radiolifefm.com.br\/noticias\/adamantina-apresenta-propostas-e-elege-delegados-durante-a-conferencia-municipal-de-assistencia-social\/\"},\"author\":{\"name\":\"ritanery\",\"@id\":\"https:\/\/radiolifefm.com.br\/noticias\/#\/schema\/person\/6339b9fac59d12b071dec680d7375d87\"},\"headline\":\"Adamantina apresenta propostas e elege delegados durante a Confer\u00eancia Municipal de Assist\u00eancia Social\",\"datePublished\":\"2021-09-01T16:51:07+00:00\",\"dateModified\":\"2026-04-27T16:30:23+00:00\",\"mainEntityOfPage\":{\"@id\":\"https:\/\/radiolifefm.com.br\/noticias\/adamantina-apresenta-propostas-e-elege-delegados-durante-a-conferencia-municipal-de-assistencia-social\/\"},\"wordCount\":528,\"publisher\":{\"@id\":\"https:\/\/radiolifefm.com.br\/noticias\/#organization\"},\"image\":{\"@id\":\"https:\/\/radiolifefm.com.br\/noticias\/adamantina-apresenta-propostas-e-elege-delegados-durante-a-conferencia-municipal-de-assistencia-social\/#primaryimage\"},\"thumbnailUrl\":\"https:\/\/radiolifefm.com.br\/noticias\/wp-content\/uploads\/2021\/09\/foto-scaled.jpg\",\"articleSection\":[\"Adamantina\"],\"inLanguage\":\"pt-BR\"},{\"@type\":\"WebPage\",\"@id\":\"https:\/\/radiolifefm.com.br\/noticias\/adamantina-apresenta-propostas-e-elege-delegados-durante-a-conferencia-municipal-de-assistencia-social\/\",\"url\":\"https:\/\/radiolifefm.com.br\/noticias\/adamantina-apresenta-propostas-e-elege-delegados-durante-a-conferencia-municipal-de-assistencia-social\/\",\"name\":\"Adamantina apresenta propostas e elege delegados durante a Confer\u00eancia Municipal de Assist\u00eancia Social - R\u00e1dio Life FM\",\"isPartOf\":{\"@id\":\"https:\/\/radiolifefm.com.br\/noticias\/#website\"},\"primaryImageOfPage\":{\"@id\":\"https:\/\/radiolifefm.com.br\/noticias\/adamantina-apresenta-propostas-e-elege-delegados-durante-a-conferencia-municipal-de-assistencia-social\/#primaryimage\"},\"image\":{\"@id\":\"https:\/\/radiolifefm.com.br\/noticias\/adamantina-apresenta-propostas-e-elege-delegados-durante-a-conferencia-municipal-de-assistencia-social\/#primaryimage\"},\"thumbnailUrl\":\"https:\/\/radiolifefm.com.br\/noticias\/wp-content\/uploads\/2021\/09\/foto-scaled.jpg\",\"datePublished\":\"2021-09-01T16:51:07+00:00\",\"dateModified\":\"2026-04-27T16:30:23+00:00\",\"breadcrumb\":{\"@id\":\"https:\/\/radiolifefm.com.br\/noticias\/adamantina-apresenta-propostas-e-elege-delegados-durante-a-conferencia-municipal-de-assistencia-social\/#breadcrumb\"},\"inLanguage\":\"pt-BR\",\"potentialAction\":[{\"@type\":\"ReadAction\",\"target\":[\"https:\/\/radiolifefm.com.br\/noticias\/adamantina-apresenta-propostas-e-elege-delegados-durante-a-conferencia-municipal-de-assistencia-social\/\"]}]},{\"@type\":\"ImageObject\",\"inLanguage\":\"pt-BR\",\"@id\":\"https:\/\/radiolifefm.com.br\/noticias\/adamantina-apresenta-propostas-e-elege-delegados-durante-a-conferencia-municipal-de-assistencia-social\/#primaryimage\",\"url\":\"https:\/\/radiolifefm.com.br\/noticias\/wp-content\/uploads\/2021\/09\/foto-scaled.jpg\",\"contentUrl\":\"https:\/\/radiolifefm.com.br\/noticias\/wp-content\/uploads\/2021\/09\/foto-scaled.jpg\",\"width\":2560,\"height\":1711},{\"@type\":\"BreadcrumbList\",\"@id\":\"https:\/\/radiolifefm.com.br\/noticias\/adamantina-apresenta-propostas-e-elege-delegados-durante-a-conferencia-municipal-de-assistencia-social\/#breadcrumb\",\"itemListElement\":[{\"@type\":\"ListItem\",\"position\":1,\"name\":\"In\u00edcio\",\"item\":\"https:\/\/radiolifefm.com.br\/noticias\/\"},{\"@type\":\"ListItem\",\"position\":2,\"name\":\"Adamantina apresenta propostas e elege delegados durante a Confer\u00eancia Municipal de Assist\u00eancia Social\"}]},{\"@type\":\"WebSite\",\"@id\":\"https:\/\/radiolifefm.com.br\/noticias\/#website\",\"url\":\"https:\/\/radiolifefm.com.br\/noticias\/\",\"name\":\"R\u00e1dio Life FM\",\"description\":\"O Portal de Not\u00edcias de Adamantina\",\"publisher\":{\"@id\":\"https:\/\/radiolifefm.com.br\/noticias\/#organization\"},\"alternateName\":\"Life FM\",\"potentialAction\":[{\"@type\":\"SearchAction\",\"target\":{\"@type\":\"EntryPoint\",\"urlTemplate\":\"https:\/\/radiolifefm.com.br\/noticias\/?s={search_term_string}\"},\"query-input\":{\"@type\":\"PropertyValueSpecification\",\"valueRequired\":true,\"valueName\":\"search_term_string\"}}],\"inLanguage\":\"pt-BR\"},{\"@type\":\"Organization\",\"@id\":\"https:\/\/radiolifefm.com.br\/noticias\/#organization\",\"name\":\"R\u00e1dio Life FM\",\"alternateName\":\"Life FM\",\"url\":\"https:\/\/radiolifefm.com.br\/noticias\/\",\"logo\":{\"@type\":\"ImageObject\",\"inLanguage\":\"pt-BR\",\"@id\":\"https:\/\/radiolifefm.com.br\/noticias\/#\/schema\/logo\/image\/\",\"url\":\"https:\/\/static.radiolifefm.com.br\/noticias\/wp-content\/uploads\/2019\/10\/logo-lifefm.png\",\"contentUrl\":\"https:\/\/static.radiolifefm.com.br\/noticias\/wp-content\/uploads\/2019\/10\/logo-lifefm.png\",\"width\":196,\"height\":47,\"caption\":\"R\u00e1dio Life FM\"},\"image\":{\"@id\":\"https:\/\/radiolifefm.com.br\/noticias\/#\/schema\/logo\/image\/\"},\"sameAs\":[\"https:\/\/www.facebook.com\/radiolifefm\/\",\"https:\/\/www.instagram.com\/life1079fm\/\"]},{\"@type\":\"Person\",\"@id\":\"https:\/\/radiolifefm.com.br\/noticias\/#\/schema\/person\/6339b9fac59d12b071dec680d7375d87\",\"name\":\"ritanery\",\"image\":{\"@type\":\"ImageObject\",\"inLanguage\":\"pt-BR\",\"@id\":\"https:\/\/secure.gravatar.com\/avatar\/0e37bb19071f47c0b8a23f62a903df117c5a0e75f65a0c2901562f97cd41cf86?s=96&d=mm&r=g\",\"url\":\"https:\/\/secure.gravatar.com\/avatar\/0e37bb19071f47c0b8a23f62a903df117c5a0e75f65a0c2901562f97cd41cf86?s=96&d=mm&r=g\",\"contentUrl\":\"https:\/\/secure.gravatar.com\/avatar\/0e37bb19071f47c0b8a23f62a903df117c5a0e75f65a0c2901562f97cd41cf86?s=96&d=mm&r=g\",\"caption\":\"ritanery\"}}]}<\/script>\n<!-- \/ Yoast SEO plugin. -->","yoast_head_json":{"title":"Adamantina apresenta propostas e elege delegados durante a Confer\u00eancia Municipal de Assist\u00eancia Social - R\u00e1dio Life FM","robots":{"index":"index","follow":"follow","max-snippet":"max-snippet:-1","max-image-preview":"max-image-preview:large","max-video-preview":"max-video-preview:-1"},"canonical":"https:\/\/radiolifefm.com.br\/noticias\/adamantina-apresenta-propostas-e-elege-delegados-durante-a-conferencia-municipal-de-assistencia-social\/","og_locale":"pt_BR","og_type":"article","og_title":"Adamantina apresenta propostas e elege delegados durante a Confer\u00eancia Municipal de Assist\u00eancia Social - R\u00e1dio Life FM","og_description":"Na \u00faltima sexta-feira (27), Adamantina sediou a Confer\u00eancia Municipal de Assist\u00eancia Social. Estiveram presentes, a vice-prefeita Maria de Lourdes Santos Gil \u201cDinha\u201d, o presidente da C\u00e2mara, Paulo Cervelheira, a secret\u00e1ria de assist\u00eancia social, Andreia Regina Ribeiro,\u00a0Rejane de Menezes Sanches, representante a DRADS Alta Paulista e os integrantes dos conselhos municipais de Assist\u00eancia Social bem como [&hellip;]","og_url":"https:\/\/radiolifefm.com.br\/noticias\/adamantina-apresenta-propostas-e-elege-delegados-durante-a-conferencia-municipal-de-assistencia-social\/","og_site_name":"R\u00e1dio Life FM","article_publisher":"https:\/\/www.facebook.com\/radiolifefm\/","article_published_time":"2021-09-01T16:51:07+00:00","article_modified_time":"2026-04-27T16:30:23+00:00","og_image":[{"width":2560,"height":1711,"url":"https:\/\/radiolifefm.com.br\/noticias\/wp-content\/uploads\/2021\/09\/foto-scaled.jpg","type":"image\/jpeg"}],"author":"ritanery","twitter_card":"summary_large_image","twitter_misc":{"Escrito por":"ritanery","Est. tempo de leitura":"2 minutos"},"schema":{"@context":"https:\/\/schema.org","@graph":[{"@type":"Article","@id":"https:\/\/radiolifefm.com.br\/noticias\/adamantina-apresenta-propostas-e-elege-delegados-durante-a-conferencia-municipal-de-assistencia-social\/#article","isPartOf":{"@id":"https:\/\/radiolifefm.com.br\/noticias\/adamantina-apresenta-propostas-e-elege-delegados-durante-a-conferencia-municipal-de-assistencia-social\/"},"author":{"name":"ritanery","@id":"https:\/\/radiolifefm.com.br\/noticias\/#\/schema\/person\/6339b9fac59d12b071dec680d7375d87"},"headline":"Adamantina apresenta propostas e elege delegados durante a Confer\u00eancia Municipal de Assist\u00eancia Social","datePublished":"2021-09-01T16:51:07+00:00","dateModified":"2026-04-27T16:30:23+00:00","mainEntityOfPage":{"@id":"https:\/\/radiolifefm.com.br\/noticias\/adamantina-apresenta-propostas-e-elege-delegados-durante-a-conferencia-municipal-de-assistencia-social\/"},"wordCount":528,"publisher":{"@id":"https:\/\/radiolifefm.com.br\/noticias\/#organization"},"image":{"@id":"https:\/\/radiolifefm.com.br\/noticias\/adamantina-apresenta-propostas-e-elege-delegados-durante-a-conferencia-municipal-de-assistencia-social\/#primaryimage"},"thumbnailUrl":"https:\/\/radiolifefm.com.br\/noticias\/wp-content\/uploads\/2021\/09\/foto-scaled.jpg","articleSection":["Adamantina"],"inLanguage":"pt-BR"},{"@type":"WebPage","@id":"https:\/\/radiolifefm.com.br\/noticias\/adamantina-apresenta-propostas-e-elege-delegados-durante-a-conferencia-municipal-de-assistencia-social\/","url":"https:\/\/radiolifefm.com.br\/noticias\/adamantina-apresenta-propostas-e-elege-delegados-durante-a-conferencia-municipal-de-assistencia-social\/","name":"Adamantina apresenta propostas e elege delegados durante a Confer\u00eancia Municipal de Assist\u00eancia Social - R\u00e1dio Life FM","isPartOf":{"@id":"https:\/\/radiolifefm.com.br\/noticias\/#website"},"primaryImageOfPage":{"@id":"https:\/\/radiolifefm.com.br\/noticias\/adamantina-apresenta-propostas-e-elege-delegados-durante-a-conferencia-municipal-de-assistencia-social\/#primaryimage"},"image":{"@id":"https:\/\/radiolifefm.com.br\/noticias\/adamantina-apresenta-propostas-e-elege-delegados-durante-a-conferencia-municipal-de-assistencia-social\/#primaryimage"},"thumbnailUrl":"https:\/\/radiolifefm.com.br\/noticias\/wp-content\/uploads\/2021\/09\/foto-scaled.jpg","datePublished":"2021-09-01T16:51:07+00:00","dateModified":"2026-04-27T16:30:23+00:00","breadcrumb":{"@id":"https:\/\/radiolifefm.com.br\/noticias\/adamantina-apresenta-propostas-e-elege-delegados-durante-a-conferencia-municipal-de-assistencia-social\/#breadcrumb"},"inLanguage":"pt-BR","potentialAction":[{"@type":"ReadAction","target":["https:\/\/radiolifefm.com.br\/noticias\/adamantina-apresenta-propostas-e-elege-delegados-durante-a-conferencia-municipal-de-assistencia-social\/"]}]},{"@type":"ImageObject","inLanguage":"pt-BR","@id":"https:\/\/radiolifefm.com.br\/noticias\/adamantina-apresenta-propostas-e-elege-delegados-durante-a-conferencia-municipal-de-assistencia-social\/#primaryimage","url":"https:\/\/radiolifefm.com.br\/noticias\/wp-content\/uploads\/2021\/09\/foto-scaled.jpg","contentUrl":"https:\/\/radiolifefm.com.br\/noticias\/wp-content\/uploads\/2021\/09\/foto-scaled.jpg","width":2560,"height":1711},{"@type":"BreadcrumbList","@id":"https:\/\/radiolifefm.com.br\/noticias\/adamantina-apresenta-propostas-e-elege-delegados-durante-a-conferencia-municipal-de-assistencia-social\/#breadcrumb","itemListElement":[{"@type":"ListItem","position":1,"name":"In\u00edcio","item":"https:\/\/radiolifefm.com.br\/noticias\/"},{"@type":"ListItem","position":2,"name":"Adamantina apresenta propostas e elege delegados durante a Confer\u00eancia Municipal de Assist\u00eancia Social"}]},{"@type":"WebSite","@id":"https:\/\/radiolifefm.com.br\/noticias\/#website","url":"https:\/\/radiolifefm.com.br\/noticias\/","name":"R\u00e1dio Life FM","description":"O Portal de Not\u00edcias de Adamantina","publisher":{"@id":"https:\/\/radiolifefm.com.br\/noticias\/#organization"},"alternateName":"Life FM","potentialAction":[{"@type":"SearchAction","target":{"@type":"EntryPoint","urlTemplate":"https:\/\/radiolifefm.com.br\/noticias\/?s={search_term_string}"},"query-input":{"@type":"PropertyValueSpecification","valueRequired":true,"valueName":"search_term_string"}}],"inLanguage":"pt-BR"},{"@type":"Organization","@id":"https:\/\/radiolifefm.com.br\/noticias\/#organization","name":"R\u00e1dio Life FM","alternateName":"Life FM","url":"https:\/\/radiolifefm.com.br\/noticias\/","logo":{"@type":"ImageObject","inLanguage":"pt-BR","@id":"https:\/\/radiolifefm.com.br\/noticias\/#\/schema\/logo\/image\/","url":"https:\/\/static.radiolifefm.com.br\/noticias\/wp-content\/uploads\/2019\/10\/logo-lifefm.png","contentUrl":"https:\/\/static.radiolifefm.com.br\/noticias\/wp-content\/uploads\/2019\/10\/logo-lifefm.png","width":196,"height":47,"caption":"R\u00e1dio Life FM"},"image":{"@id":"https:\/\/radiolifefm.com.br\/noticias\/#\/schema\/logo\/image\/"},"sameAs":["https:\/\/www.facebook.com\/radiolifefm\/","https:\/\/www.instagram.com\/life1079fm\/"]},{"@type":"Person","@id":"https:\/\/radiolifefm.com.br\/noticias\/#\/schema\/person\/6339b9fac59d12b071dec680d7375d87","name":"ritanery","image":{"@type":"ImageObject","inLanguage":"pt-BR","@id":"https:\/\/secure.gravatar.com\/avatar\/0e37bb19071f47c0b8a23f62a903df117c5a0e75f65a0c2901562f97cd41cf86?s=96&d=mm&r=g","url":"https:\/\/secure.gravatar.com\/avatar\/0e37bb19071f47c0b8a23f62a903df117c5a0e75f65a0c2901562f97cd41cf86?s=96&d=mm&r=g","contentUrl":"https:\/\/secure.gravatar.com\/avatar\/0e37bb19071f47c0b8a23f62a903df117c5a0e75f65a0c2901562f97cd41cf86?s=96&d=mm&r=g","caption":"ritanery"}}]}},"amp_enabled":true,"_links":{"self":[{"href":"https:\/\/radiolifefm.com.br\/noticias\/wp-json\/wp\/v2\/posts\/42312","targetHints":{"allow":["GET"]}}],"collection":[{"href":"https:\/\/radiolifefm.com.br\/noticias\/wp-json\/wp\/v2\/posts"}],"about":[{"href":"https:\/\/radiolifefm.com.br\/noticias\/wp-json\/wp\/v2\/types\/post"}],"author":[{"embeddable":true,"href":"https:\/\/radiolifefm.com.br\/noticias\/wp-json\/wp\/v2\/users\/13"}],"replies":[{"embeddable":true,"href":"https:\/\/radiolifefm.com.br\/noticias\/wp-json\/wp\/v2\/comments?post=42312"}],"version-history":[{"count":1,"href":"https:\/\/radiolifefm.com.br\/noticias\/wp-json\/wp\/v2\/posts\/42312\/revisions"}],"predecessor-version":[{"id":42314,"href":"https:\/\/radiolifefm.com.br\/noticias\/wp-json\/wp\/v2\/posts\/42312\/revisions\/42314"}],"wp:featuredmedia":[{"embeddable":true,"href":"https:\/\/radiolifefm.com.br\/noticias\/wp-json\/wp\/v2\/media\/42313"}],"wp:attachment":[{"href":"https:\/\/radiolifefm.com.br\/noticias\/wp-json\/wp\/v2\/media?parent=42312"}],"wp:term":[{"taxonomy":"category","embeddable":true,"href":"https:\/\/radiolifefm.com.br\/noticias\/wp-json\/wp\/v2\/categories?post=42312"},{"taxonomy":"post_tag","embeddable":true,"href":"https:\/\/radiolifefm.com.br\/noticias\/wp-json\/wp\/v2\/tags?post=42312"}],"curies":[{"name":"wp","href":"https:\/\/api.w.org\/{rel}","templated":true}]}}