{"id":42305,"date":"2021-09-01T09:37:51","date_gmt":"2021-09-01T12:37:51","guid":{"rendered":"https:\/\/radiolifefm.com.br\/noticias\/?p=42305"},"modified":"2026-04-21T18:10:56","modified_gmt":"2026-04-21T21:10:56","slug":"cultura-promove-talk-show-cafe-com-rendas","status":"publish","type":"post","link":"https:\/\/radiolifefm.com.br\/noticias\/cultura-promove-talk-show-cafe-com-rendas\/","title":{"rendered":"Cultura promove talk show \u201cCaf\u00e9 com Rendas\u201d"},"content":{"rendered":"<div id=\"fb-root\"><\/div>\n<p>Desde o in\u00edcio deste ano a Secretaria de Cultura e Turismo de Adamantina promove a\u00e7\u00f5es para dar visibilidade aos talentos art\u00edsticos do munic\u00edpio. \u201cFaz\u00ea-los conhecidos, divulgados e ressaltados dentro da comunidade\u201d, comenta o secret\u00e1rio municipal S\u00e9rgio Vanderlei.<\/p>\n<p>&nbsp;<\/p>\n<p>E neste sentido estreia na quarta-feira (8 de setembro), \u00e0s 20 horas, o talk show \u201cCaf\u00e9 com Rendas\u201d, que al\u00e9m da visibilidade aos talentos locais prop\u00f5e discutir temas relacionados \u00e0 dissemina\u00e7\u00e3o da cultura e da arte.<\/p>\n<p>&nbsp;<\/p>\n<p>O evento acontece no anfiteatro \u201cFernando Paloni\u201d aberto ao p\u00fablico e ser\u00e1 transmitido em forma de Live pelas redes sociais da Secretaria de Cultura e Turismo de Adamantina.<\/p>\n<p>&nbsp;<\/p>\n<p>Apresentado pela terapeuta hol\u00edstica e atual presidente do Conselho Municipal de Cultura, Meire Cunha, o primeiro programa debater\u00e1 \u201cA for\u00e7a de mobiliza\u00e7\u00e3o dos movimentos culturais independentes\u201d, com Guinter Kataiama (do Bushido Patinador), Drih Barrochello (do Rol\u00ea Liter\u00e1rio e Coletivo \u201cFlor Au\u00ea\u201d) e Pacato (da Batalha da Esta\u00e7\u00e3o), todos movimentos e coletivos de Adamantina.<\/p>\n<p>&nbsp;<\/p>\n<p>O primeiro talk show ter\u00e1 ainda participa\u00e7\u00e3o cultural de Mabi, com Slam, e da chefe de cozinha Fabiana Cunha que ir\u00e1 preparar ao vivo um delicioso caf\u00e9.<\/p>\n<p>&nbsp;<\/p>\n<p><strong>Caf\u00e9 com Renda<\/strong><\/p>\n<p>Adamantina, cidade Joia da Nova Alta Paulista, traz no bras\u00e3o de sua bandeira um ramo de caf\u00e9 e um ramo de algod\u00e3o, s\u00edmbolos do princ\u00edpio do seu desenvolvimento.<\/p>\n<p>&nbsp;<\/p>\n<p>\u201cNosso talk show ir\u00e1 revelar caracter\u00edsticas do nosso povo, nossa arte e nossa cultura. As belezas da \u2018alma\u2019 Adamantina, dos adamantinenses. Por isso o nome Caf\u00e9 com Rendas! Homenageando nossas ra\u00edzes, plantando nosso presente e aguardando o florescer de nossa descend\u00eancia\u201d, disse Meire Cunha.<\/p>\n<p>&nbsp;<\/p>\n<p>Fonte: cultura e Turismo de Adamantina<\/p>\n","protected":false},"excerpt":{"rendered":"<p>Desde o in\u00edcio deste ano a Secretaria de Cultura e Turismo de Adamantina promove a\u00e7\u00f5es para dar visibilidade aos talentos art\u00edsticos do munic\u00edpio. \u201cFaz\u00ea-los conhecidos, divulgados e ressaltados dentro da comunidade\u201d, comenta o secret\u00e1rio municipal S\u00e9rgio Vanderlei. &nbsp; E neste sentido estreia na quarta-feira (8 de setembro), \u00e0s 20 horas, o talk show \u201cCaf\u00e9 com [&hellip;]<\/p>\n","protected":false},"author":13,"featured_media":42306,"comment_status":"closed","ping_status":"open","sticky":false,"template":"","format":"standard","meta":{"_acf_changed":false,"_exactmetrics_skip_tracking":false,"_exactmetrics_sitenote_active":false,"_exactmetrics_sitenote_note":"","_exactmetrics_sitenote_category":0,"footnotes":""},"categories":[21],"tags":[],"class_list":["post-42305","post","type-post","status-publish","format-standard","has-post-thumbnail","hentry","category-adamantina"],"acf":[],"yoast_head":"<!-- This site is optimized with the Yoast SEO plugin v27.2 - https:\/\/yoast.com\/product\/yoast-seo-wordpress\/ -->\n<title>Cultura promove talk show \u201cCaf\u00e9 com Rendas\u201d - R\u00e1dio Life FM<\/title>\n<meta name=\"robots\" content=\"index, follow, max-snippet:-1, max-image-preview:large, max-video-preview:-1\" \/>\n<link rel=\"canonical\" href=\"https:\/\/radiolifefm.com.br\/noticias\/cultura-promove-talk-show-cafe-com-rendas\/\" \/>\n<meta property=\"og:locale\" content=\"pt_BR\" \/>\n<meta property=\"og:type\" content=\"article\" \/>\n<meta property=\"og:title\" content=\"Cultura promove talk show \u201cCaf\u00e9 com Rendas\u201d - R\u00e1dio Life FM\" \/>\n<meta property=\"og:description\" content=\"Desde o in\u00edcio deste ano a Secretaria de Cultura e Turismo de Adamantina promove a\u00e7\u00f5es para dar visibilidade aos talentos art\u00edsticos do munic\u00edpio. \u201cFaz\u00ea-los conhecidos, divulgados e ressaltados dentro da comunidade\u201d, comenta o secret\u00e1rio municipal S\u00e9rgio Vanderlei. &nbsp; E neste sentido estreia na quarta-feira (8 de setembro), \u00e0s 20 horas, o talk show \u201cCaf\u00e9 com [&hellip;]\" \/>\n<meta property=\"og:url\" content=\"https:\/\/radiolifefm.com.br\/noticias\/cultura-promove-talk-show-cafe-com-rendas\/\" \/>\n<meta property=\"og:site_name\" content=\"R\u00e1dio Life FM\" \/>\n<meta property=\"article:publisher\" content=\"https:\/\/www.facebook.com\/radiolifefm\/\" \/>\n<meta property=\"article:published_time\" content=\"2021-09-01T12:37:51+00:00\" \/>\n<meta property=\"article:modified_time\" content=\"2026-04-21T21:10:56+00:00\" \/>\n<meta property=\"og:image\" content=\"https:\/\/radiolifefm.com.br\/noticias\/wp-content\/uploads\/2021\/09\/WhatsApp-Image-2021-08-31-at-17.39.38.jpeg\" \/>\n\t<meta property=\"og:image:width\" content=\"1280\" \/>\n\t<meta property=\"og:image:height\" content=\"1280\" \/>\n\t<meta property=\"og:image:type\" content=\"image\/jpeg\" \/>\n<meta name=\"author\" content=\"ritanery\" \/>\n<meta name=\"twitter:card\" content=\"summary_large_image\" \/>\n<meta name=\"twitter:label1\" content=\"Escrito por\" \/>\n\t<meta name=\"twitter:data1\" content=\"ritanery\" \/>\n\t<meta name=\"twitter:label2\" content=\"Est. tempo de leitura\" \/>\n\t<meta name=\"twitter:data2\" content=\"2 minutos\" \/>\n<script type=\"application\/ld+json\" class=\"yoast-schema-graph\">{\"@context\":\"https:\/\/schema.org\",\"@graph\":[{\"@type\":\"Article\",\"@id\":\"https:\/\/radiolifefm.com.br\/noticias\/cultura-promove-talk-show-cafe-com-rendas\/#article\",\"isPartOf\":{\"@id\":\"https:\/\/radiolifefm.com.br\/noticias\/cultura-promove-talk-show-cafe-com-rendas\/\"},\"author\":{\"name\":\"ritanery\",\"@id\":\"https:\/\/radiolifefm.com.br\/noticias\/#\/schema\/person\/6339b9fac59d12b071dec680d7375d87\"},\"headline\":\"Cultura promove talk show \u201cCaf\u00e9 com Rendas\u201d\",\"datePublished\":\"2021-09-01T12:37:51+00:00\",\"dateModified\":\"2026-04-21T21:10:56+00:00\",\"mainEntityOfPage\":{\"@id\":\"https:\/\/radiolifefm.com.br\/noticias\/cultura-promove-talk-show-cafe-com-rendas\/\"},\"wordCount\":297,\"publisher\":{\"@id\":\"https:\/\/radiolifefm.com.br\/noticias\/#organization\"},\"image\":{\"@id\":\"https:\/\/radiolifefm.com.br\/noticias\/cultura-promove-talk-show-cafe-com-rendas\/#primaryimage\"},\"thumbnailUrl\":\"https:\/\/radiolifefm.com.br\/noticias\/wp-content\/uploads\/2021\/09\/WhatsApp-Image-2021-08-31-at-17.39.38.jpeg\",\"articleSection\":[\"Adamantina\"],\"inLanguage\":\"pt-BR\"},{\"@type\":\"WebPage\",\"@id\":\"https:\/\/radiolifefm.com.br\/noticias\/cultura-promove-talk-show-cafe-com-rendas\/\",\"url\":\"https:\/\/radiolifefm.com.br\/noticias\/cultura-promove-talk-show-cafe-com-rendas\/\",\"name\":\"Cultura promove talk show \u201cCaf\u00e9 com Rendas\u201d - R\u00e1dio Life FM\",\"isPartOf\":{\"@id\":\"https:\/\/radiolifefm.com.br\/noticias\/#website\"},\"primaryImageOfPage\":{\"@id\":\"https:\/\/radiolifefm.com.br\/noticias\/cultura-promove-talk-show-cafe-com-rendas\/#primaryimage\"},\"image\":{\"@id\":\"https:\/\/radiolifefm.com.br\/noticias\/cultura-promove-talk-show-cafe-com-rendas\/#primaryimage\"},\"thumbnailUrl\":\"https:\/\/radiolifefm.com.br\/noticias\/wp-content\/uploads\/2021\/09\/WhatsApp-Image-2021-08-31-at-17.39.38.jpeg\",\"datePublished\":\"2021-09-01T12:37:51+00:00\",\"dateModified\":\"2026-04-21T21:10:56+00:00\",\"breadcrumb\":{\"@id\":\"https:\/\/radiolifefm.com.br\/noticias\/cultura-promove-talk-show-cafe-com-rendas\/#breadcrumb\"},\"inLanguage\":\"pt-BR\",\"potentialAction\":[{\"@type\":\"ReadAction\",\"target\":[\"https:\/\/radiolifefm.com.br\/noticias\/cultura-promove-talk-show-cafe-com-rendas\/\"]}]},{\"@type\":\"ImageObject\",\"inLanguage\":\"pt-BR\",\"@id\":\"https:\/\/radiolifefm.com.br\/noticias\/cultura-promove-talk-show-cafe-com-rendas\/#primaryimage\",\"url\":\"https:\/\/radiolifefm.com.br\/noticias\/wp-content\/uploads\/2021\/09\/WhatsApp-Image-2021-08-31-at-17.39.38.jpeg\",\"contentUrl\":\"https:\/\/radiolifefm.com.br\/noticias\/wp-content\/uploads\/2021\/09\/WhatsApp-Image-2021-08-31-at-17.39.38.jpeg\",\"width\":1280,\"height\":1280},{\"@type\":\"BreadcrumbList\",\"@id\":\"https:\/\/radiolifefm.com.br\/noticias\/cultura-promove-talk-show-cafe-com-rendas\/#breadcrumb\",\"itemListElement\":[{\"@type\":\"ListItem\",\"position\":1,\"name\":\"In\u00edcio\",\"item\":\"https:\/\/radiolifefm.com.br\/noticias\/\"},{\"@type\":\"ListItem\",\"position\":2,\"name\":\"Cultura promove talk show \u201cCaf\u00e9 com Rendas\u201d\"}]},{\"@type\":\"WebSite\",\"@id\":\"https:\/\/radiolifefm.com.br\/noticias\/#website\",\"url\":\"https:\/\/radiolifefm.com.br\/noticias\/\",\"name\":\"R\u00e1dio Life FM\",\"description\":\"O Portal de Not\u00edcias de Adamantina\",\"publisher\":{\"@id\":\"https:\/\/radiolifefm.com.br\/noticias\/#organization\"},\"alternateName\":\"Life FM\",\"potentialAction\":[{\"@type\":\"SearchAction\",\"target\":{\"@type\":\"EntryPoint\",\"urlTemplate\":\"https:\/\/radiolifefm.com.br\/noticias\/?s={search_term_string}\"},\"query-input\":{\"@type\":\"PropertyValueSpecification\",\"valueRequired\":true,\"valueName\":\"search_term_string\"}}],\"inLanguage\":\"pt-BR\"},{\"@type\":\"Organization\",\"@id\":\"https:\/\/radiolifefm.com.br\/noticias\/#organization\",\"name\":\"R\u00e1dio Life FM\",\"alternateName\":\"Life FM\",\"url\":\"https:\/\/radiolifefm.com.br\/noticias\/\",\"logo\":{\"@type\":\"ImageObject\",\"inLanguage\":\"pt-BR\",\"@id\":\"https:\/\/radiolifefm.com.br\/noticias\/#\/schema\/logo\/image\/\",\"url\":\"https:\/\/static.radiolifefm.com.br\/noticias\/wp-content\/uploads\/2019\/10\/logo-lifefm.png\",\"contentUrl\":\"https:\/\/static.radiolifefm.com.br\/noticias\/wp-content\/uploads\/2019\/10\/logo-lifefm.png\",\"width\":196,\"height\":47,\"caption\":\"R\u00e1dio Life FM\"},\"image\":{\"@id\":\"https:\/\/radiolifefm.com.br\/noticias\/#\/schema\/logo\/image\/\"},\"sameAs\":[\"https:\/\/www.facebook.com\/radiolifefm\/\",\"https:\/\/www.instagram.com\/life1079fm\/\"]},{\"@type\":\"Person\",\"@id\":\"https:\/\/radiolifefm.com.br\/noticias\/#\/schema\/person\/6339b9fac59d12b071dec680d7375d87\",\"name\":\"ritanery\",\"image\":{\"@type\":\"ImageObject\",\"inLanguage\":\"pt-BR\",\"@id\":\"https:\/\/secure.gravatar.com\/avatar\/0e37bb19071f47c0b8a23f62a903df117c5a0e75f65a0c2901562f97cd41cf86?s=96&d=mm&r=g\",\"url\":\"https:\/\/secure.gravatar.com\/avatar\/0e37bb19071f47c0b8a23f62a903df117c5a0e75f65a0c2901562f97cd41cf86?s=96&d=mm&r=g\",\"contentUrl\":\"https:\/\/secure.gravatar.com\/avatar\/0e37bb19071f47c0b8a23f62a903df117c5a0e75f65a0c2901562f97cd41cf86?s=96&d=mm&r=g\",\"caption\":\"ritanery\"}}]}<\/script>\n<!-- \/ Yoast SEO plugin. -->","yoast_head_json":{"title":"Cultura promove talk show \u201cCaf\u00e9 com Rendas\u201d - R\u00e1dio Life FM","robots":{"index":"index","follow":"follow","max-snippet":"max-snippet:-1","max-image-preview":"max-image-preview:large","max-video-preview":"max-video-preview:-1"},"canonical":"https:\/\/radiolifefm.com.br\/noticias\/cultura-promove-talk-show-cafe-com-rendas\/","og_locale":"pt_BR","og_type":"article","og_title":"Cultura promove talk show \u201cCaf\u00e9 com Rendas\u201d - R\u00e1dio Life FM","og_description":"Desde o in\u00edcio deste ano a Secretaria de Cultura e Turismo de Adamantina promove a\u00e7\u00f5es para dar visibilidade aos talentos art\u00edsticos do munic\u00edpio. \u201cFaz\u00ea-los conhecidos, divulgados e ressaltados dentro da comunidade\u201d, comenta o secret\u00e1rio municipal S\u00e9rgio Vanderlei. &nbsp; E neste sentido estreia na quarta-feira (8 de setembro), \u00e0s 20 horas, o talk show \u201cCaf\u00e9 com [&hellip;]","og_url":"https:\/\/radiolifefm.com.br\/noticias\/cultura-promove-talk-show-cafe-com-rendas\/","og_site_name":"R\u00e1dio Life FM","article_publisher":"https:\/\/www.facebook.com\/radiolifefm\/","article_published_time":"2021-09-01T12:37:51+00:00","article_modified_time":"2026-04-21T21:10:56+00:00","og_image":[{"width":1280,"height":1280,"url":"https:\/\/radiolifefm.com.br\/noticias\/wp-content\/uploads\/2021\/09\/WhatsApp-Image-2021-08-31-at-17.39.38.jpeg","type":"image\/jpeg"}],"author":"ritanery","twitter_card":"summary_large_image","twitter_misc":{"Escrito por":"ritanery","Est. tempo de leitura":"2 minutos"},"schema":{"@context":"https:\/\/schema.org","@graph":[{"@type":"Article","@id":"https:\/\/radiolifefm.com.br\/noticias\/cultura-promove-talk-show-cafe-com-rendas\/#article","isPartOf":{"@id":"https:\/\/radiolifefm.com.br\/noticias\/cultura-promove-talk-show-cafe-com-rendas\/"},"author":{"name":"ritanery","@id":"https:\/\/radiolifefm.com.br\/noticias\/#\/schema\/person\/6339b9fac59d12b071dec680d7375d87"},"headline":"Cultura promove talk show \u201cCaf\u00e9 com Rendas\u201d","datePublished":"2021-09-01T12:37:51+00:00","dateModified":"2026-04-21T21:10:56+00:00","mainEntityOfPage":{"@id":"https:\/\/radiolifefm.com.br\/noticias\/cultura-promove-talk-show-cafe-com-rendas\/"},"wordCount":297,"publisher":{"@id":"https:\/\/radiolifefm.com.br\/noticias\/#organization"},"image":{"@id":"https:\/\/radiolifefm.com.br\/noticias\/cultura-promove-talk-show-cafe-com-rendas\/#primaryimage"},"thumbnailUrl":"https:\/\/radiolifefm.com.br\/noticias\/wp-content\/uploads\/2021\/09\/WhatsApp-Image-2021-08-31-at-17.39.38.jpeg","articleSection":["Adamantina"],"inLanguage":"pt-BR"},{"@type":"WebPage","@id":"https:\/\/radiolifefm.com.br\/noticias\/cultura-promove-talk-show-cafe-com-rendas\/","url":"https:\/\/radiolifefm.com.br\/noticias\/cultura-promove-talk-show-cafe-com-rendas\/","name":"Cultura promove talk show \u201cCaf\u00e9 com Rendas\u201d - R\u00e1dio Life FM","isPartOf":{"@id":"https:\/\/radiolifefm.com.br\/noticias\/#website"},"primaryImageOfPage":{"@id":"https:\/\/radiolifefm.com.br\/noticias\/cultura-promove-talk-show-cafe-com-rendas\/#primaryimage"},"image":{"@id":"https:\/\/radiolifefm.com.br\/noticias\/cultura-promove-talk-show-cafe-com-rendas\/#primaryimage"},"thumbnailUrl":"https:\/\/radiolifefm.com.br\/noticias\/wp-content\/uploads\/2021\/09\/WhatsApp-Image-2021-08-31-at-17.39.38.jpeg","datePublished":"2021-09-01T12:37:51+00:00","dateModified":"2026-04-21T21:10:56+00:00","breadcrumb":{"@id":"https:\/\/radiolifefm.com.br\/noticias\/cultura-promove-talk-show-cafe-com-rendas\/#breadcrumb"},"inLanguage":"pt-BR","potentialAction":[{"@type":"ReadAction","target":["https:\/\/radiolifefm.com.br\/noticias\/cultura-promove-talk-show-cafe-com-rendas\/"]}]},{"@type":"ImageObject","inLanguage":"pt-BR","@id":"https:\/\/radiolifefm.com.br\/noticias\/cultura-promove-talk-show-cafe-com-rendas\/#primaryimage","url":"https:\/\/radiolifefm.com.br\/noticias\/wp-content\/uploads\/2021\/09\/WhatsApp-Image-2021-08-31-at-17.39.38.jpeg","contentUrl":"https:\/\/radiolifefm.com.br\/noticias\/wp-content\/uploads\/2021\/09\/WhatsApp-Image-2021-08-31-at-17.39.38.jpeg","width":1280,"height":1280},{"@type":"BreadcrumbList","@id":"https:\/\/radiolifefm.com.br\/noticias\/cultura-promove-talk-show-cafe-com-rendas\/#breadcrumb","itemListElement":[{"@type":"ListItem","position":1,"name":"In\u00edcio","item":"https:\/\/radiolifefm.com.br\/noticias\/"},{"@type":"ListItem","position":2,"name":"Cultura promove talk show \u201cCaf\u00e9 com Rendas\u201d"}]},{"@type":"WebSite","@id":"https:\/\/radiolifefm.com.br\/noticias\/#website","url":"https:\/\/radiolifefm.com.br\/noticias\/","name":"R\u00e1dio Life FM","description":"O Portal de Not\u00edcias de Adamantina","publisher":{"@id":"https:\/\/radiolifefm.com.br\/noticias\/#organization"},"alternateName":"Life FM","potentialAction":[{"@type":"SearchAction","target":{"@type":"EntryPoint","urlTemplate":"https:\/\/radiolifefm.com.br\/noticias\/?s={search_term_string}"},"query-input":{"@type":"PropertyValueSpecification","valueRequired":true,"valueName":"search_term_string"}}],"inLanguage":"pt-BR"},{"@type":"Organization","@id":"https:\/\/radiolifefm.com.br\/noticias\/#organization","name":"R\u00e1dio Life FM","alternateName":"Life FM","url":"https:\/\/radiolifefm.com.br\/noticias\/","logo":{"@type":"ImageObject","inLanguage":"pt-BR","@id":"https:\/\/radiolifefm.com.br\/noticias\/#\/schema\/logo\/image\/","url":"https:\/\/static.radiolifefm.com.br\/noticias\/wp-content\/uploads\/2019\/10\/logo-lifefm.png","contentUrl":"https:\/\/static.radiolifefm.com.br\/noticias\/wp-content\/uploads\/2019\/10\/logo-lifefm.png","width":196,"height":47,"caption":"R\u00e1dio Life FM"},"image":{"@id":"https:\/\/radiolifefm.com.br\/noticias\/#\/schema\/logo\/image\/"},"sameAs":["https:\/\/www.facebook.com\/radiolifefm\/","https:\/\/www.instagram.com\/life1079fm\/"]},{"@type":"Person","@id":"https:\/\/radiolifefm.com.br\/noticias\/#\/schema\/person\/6339b9fac59d12b071dec680d7375d87","name":"ritanery","image":{"@type":"ImageObject","inLanguage":"pt-BR","@id":"https:\/\/secure.gravatar.com\/avatar\/0e37bb19071f47c0b8a23f62a903df117c5a0e75f65a0c2901562f97cd41cf86?s=96&d=mm&r=g","url":"https:\/\/secure.gravatar.com\/avatar\/0e37bb19071f47c0b8a23f62a903df117c5a0e75f65a0c2901562f97cd41cf86?s=96&d=mm&r=g","contentUrl":"https:\/\/secure.gravatar.com\/avatar\/0e37bb19071f47c0b8a23f62a903df117c5a0e75f65a0c2901562f97cd41cf86?s=96&d=mm&r=g","caption":"ritanery"}}]}},"amp_enabled":true,"_links":{"self":[{"href":"https:\/\/radiolifefm.com.br\/noticias\/wp-json\/wp\/v2\/posts\/42305","targetHints":{"allow":["GET"]}}],"collection":[{"href":"https:\/\/radiolifefm.com.br\/noticias\/wp-json\/wp\/v2\/posts"}],"about":[{"href":"https:\/\/radiolifefm.com.br\/noticias\/wp-json\/wp\/v2\/types\/post"}],"author":[{"embeddable":true,"href":"https:\/\/radiolifefm.com.br\/noticias\/wp-json\/wp\/v2\/users\/13"}],"replies":[{"embeddable":true,"href":"https:\/\/radiolifefm.com.br\/noticias\/wp-json\/wp\/v2\/comments?post=42305"}],"version-history":[{"count":1,"href":"https:\/\/radiolifefm.com.br\/noticias\/wp-json\/wp\/v2\/posts\/42305\/revisions"}],"predecessor-version":[{"id":42307,"href":"https:\/\/radiolifefm.com.br\/noticias\/wp-json\/wp\/v2\/posts\/42305\/revisions\/42307"}],"wp:featuredmedia":[{"embeddable":true,"href":"https:\/\/radiolifefm.com.br\/noticias\/wp-json\/wp\/v2\/media\/42306"}],"wp:attachment":[{"href":"https:\/\/radiolifefm.com.br\/noticias\/wp-json\/wp\/v2\/media?parent=42305"}],"wp:term":[{"taxonomy":"category","embeddable":true,"href":"https:\/\/radiolifefm.com.br\/noticias\/wp-json\/wp\/v2\/categories?post=42305"},{"taxonomy":"post_tag","embeddable":true,"href":"https:\/\/radiolifefm.com.br\/noticias\/wp-json\/wp\/v2\/tags?post=42305"}],"curies":[{"name":"wp","href":"https:\/\/api.w.org\/{rel}","templated":true}]}}