{"id":42299,"date":"2021-09-01T09:02:38","date_gmt":"2021-09-01T12:02:38","guid":{"rendered":"https:\/\/radiolifefm.com.br\/noticias\/?p=42299"},"modified":"2026-04-24T08:04:59","modified_gmt":"2026-04-24T11:04:59","slug":"vereadores-pedem-informacao-sobre-campos-e-secretario-afirma-que-ja-estao-implantados","status":"publish","type":"post","link":"https:\/\/radiolifefm.com.br\/noticias\/vereadores-pedem-informacao-sobre-campos-e-secretario-afirma-que-ja-estao-implantados\/","title":{"rendered":"Vereadores pedem informa\u00e7\u00e3o sobre campos e secret\u00e1rio afirma que j\u00e1 est\u00e3o implantados"},"content":{"rendered":"<div id=\"fb-root\"><\/div>\n<p>Em sess\u00e3o ordin\u00e1ria da C\u00e2mara Municipal por meio do Requerimento n\u00ba 220\/2021 os vereadores adamantinenses solicitaram informa\u00e7\u00e3o da Secretaria de Esportes, Lazer e Recrea\u00e7\u00e3o sobre projeto j\u00e1 anunciado e que ampliar\u00e1 ainda mais a estrutura esportiva do munic\u00edpio.<\/p>\n<p>&nbsp;<\/p>\n<p>\u201cQuando ser\u00e3o implanta dos os dois campos de futebol que constam no Projeto de Revitaliza\u00e7\u00e3o do Parque dos Pioneiros?\u201d, solicitaram os autores do documento, assinado por H\u00e9lio Santos, Noriko Saito, Ricardo Cangir\u00e3o e Cid Santos.<\/p>\n<p>&nbsp;<\/p>\n<p>A reportagem do Folha Regional procurou o secret\u00e1rio municipal de esportes Ronaldo Pereira Dutra \u2018Tuiui\u00fa\u2019 para buscar uma resposta. E ele afirmou que os campos j\u00e1 est\u00e3o implantados. \u201cJ\u00e1 foi feita a terraplanagem e o plantio de grama\u201d.<\/p>\n<p>&nbsp;<\/p>\n<p>Questionado ainda sobre o motivo pelo qual n\u00e3o foram colocados em funcionamento, Tuiui\u00fa explicou: \u201cFalta apenas a coloca\u00e7\u00e3o das traves, que j\u00e1 estamos providenciando, e a pintura das linhas. Depois disto ser\u00e3o entregues \u00e0 popula\u00e7\u00e3o e ficar\u00e3o \u00e0 disposi\u00e7\u00e3o dos esportistas\u201d.<\/p>\n<p>&nbsp;<\/p>\n<p>&nbsp;<\/p>\n<p>Fonte: Adamantina Net<\/p>\n","protected":false},"excerpt":{"rendered":"<p>Em sess\u00e3o ordin\u00e1ria da C\u00e2mara Municipal por meio do Requerimento n\u00ba 220\/2021 os vereadores adamantinenses solicitaram informa\u00e7\u00e3o da Secretaria de Esportes, Lazer e Recrea\u00e7\u00e3o sobre projeto j\u00e1 anunciado e que ampliar\u00e1 ainda mais a estrutura esportiva do munic\u00edpio. &nbsp; \u201cQuando ser\u00e3o implanta dos os dois campos de futebol que constam no Projeto de Revitaliza\u00e7\u00e3o do [&hellip;]<\/p>\n","protected":false},"author":13,"featured_media":42300,"comment_status":"closed","ping_status":"open","sticky":false,"template":"","format":"standard","meta":{"_acf_changed":false,"_exactmetrics_skip_tracking":false,"_exactmetrics_sitenote_active":false,"_exactmetrics_sitenote_note":"","_exactmetrics_sitenote_category":0,"footnotes":""},"categories":[21],"tags":[],"class_list":["post-42299","post","type-post","status-publish","format-standard","has-post-thumbnail","hentry","category-adamantina"],"acf":[],"yoast_head":"<!-- This site is optimized with the Yoast SEO plugin v27.2 - https:\/\/yoast.com\/product\/yoast-seo-wordpress\/ -->\n<title>Vereadores pedem informa\u00e7\u00e3o sobre campos e secret\u00e1rio afirma que j\u00e1 est\u00e3o implantados - R\u00e1dio Life FM<\/title>\n<meta name=\"robots\" content=\"index, follow, max-snippet:-1, max-image-preview:large, max-video-preview:-1\" \/>\n<link rel=\"canonical\" href=\"https:\/\/radiolifefm.com.br\/noticias\/vereadores-pedem-informacao-sobre-campos-e-secretario-afirma-que-ja-estao-implantados\/\" \/>\n<meta property=\"og:locale\" content=\"pt_BR\" \/>\n<meta property=\"og:type\" content=\"article\" \/>\n<meta property=\"og:title\" content=\"Vereadores pedem informa\u00e7\u00e3o sobre campos e secret\u00e1rio afirma que j\u00e1 est\u00e3o implantados - R\u00e1dio Life FM\" \/>\n<meta property=\"og:description\" content=\"Em sess\u00e3o ordin\u00e1ria da C\u00e2mara Municipal por meio do Requerimento n\u00ba 220\/2021 os vereadores adamantinenses solicitaram informa\u00e7\u00e3o da Secretaria de Esportes, Lazer e Recrea\u00e7\u00e3o sobre projeto j\u00e1 anunciado e que ampliar\u00e1 ainda mais a estrutura esportiva do munic\u00edpio. &nbsp; \u201cQuando ser\u00e3o implanta dos os dois campos de futebol que constam no Projeto de Revitaliza\u00e7\u00e3o do [&hellip;]\" \/>\n<meta property=\"og:url\" content=\"https:\/\/radiolifefm.com.br\/noticias\/vereadores-pedem-informacao-sobre-campos-e-secretario-afirma-que-ja-estao-implantados\/\" \/>\n<meta property=\"og:site_name\" content=\"R\u00e1dio Life FM\" \/>\n<meta property=\"article:publisher\" content=\"https:\/\/www.facebook.com\/radiolifefm\/\" \/>\n<meta property=\"article:published_time\" content=\"2021-09-01T12:02:38+00:00\" \/>\n<meta property=\"article:modified_time\" content=\"2026-04-24T11:04:59+00:00\" \/>\n<meta property=\"og:image\" content=\"https:\/\/radiolifefm.com.br\/noticias\/wp-content\/uploads\/2021\/09\/F49.jpg\" \/>\n\t<meta property=\"og:image:width\" content=\"1000\" \/>\n\t<meta property=\"og:image:height\" content=\"563\" \/>\n\t<meta property=\"og:image:type\" content=\"image\/jpeg\" \/>\n<meta name=\"author\" content=\"ritanery\" \/>\n<meta name=\"twitter:card\" content=\"summary_large_image\" \/>\n<meta name=\"twitter:label1\" content=\"Escrito por\" \/>\n\t<meta name=\"twitter:data1\" content=\"ritanery\" \/>\n\t<meta name=\"twitter:label2\" content=\"Est. tempo de leitura\" \/>\n\t<meta name=\"twitter:data2\" content=\"1 minuto\" \/>\n<script type=\"application\/ld+json\" class=\"yoast-schema-graph\">{\"@context\":\"https:\/\/schema.org\",\"@graph\":[{\"@type\":\"Article\",\"@id\":\"https:\/\/radiolifefm.com.br\/noticias\/vereadores-pedem-informacao-sobre-campos-e-secretario-afirma-que-ja-estao-implantados\/#article\",\"isPartOf\":{\"@id\":\"https:\/\/radiolifefm.com.br\/noticias\/vereadores-pedem-informacao-sobre-campos-e-secretario-afirma-que-ja-estao-implantados\/\"},\"author\":{\"name\":\"ritanery\",\"@id\":\"https:\/\/radiolifefm.com.br\/noticias\/#\/schema\/person\/6339b9fac59d12b071dec680d7375d87\"},\"headline\":\"Vereadores pedem informa\u00e7\u00e3o sobre campos e secret\u00e1rio afirma que j\u00e1 est\u00e3o implantados\",\"datePublished\":\"2021-09-01T12:02:38+00:00\",\"dateModified\":\"2026-04-24T11:04:59+00:00\",\"mainEntityOfPage\":{\"@id\":\"https:\/\/radiolifefm.com.br\/noticias\/vereadores-pedem-informacao-sobre-campos-e-secretario-afirma-que-ja-estao-implantados\/\"},\"wordCount\":190,\"publisher\":{\"@id\":\"https:\/\/radiolifefm.com.br\/noticias\/#organization\"},\"image\":{\"@id\":\"https:\/\/radiolifefm.com.br\/noticias\/vereadores-pedem-informacao-sobre-campos-e-secretario-afirma-que-ja-estao-implantados\/#primaryimage\"},\"thumbnailUrl\":\"https:\/\/radiolifefm.com.br\/noticias\/wp-content\/uploads\/2021\/09\/F49.jpg\",\"articleSection\":[\"Adamantina\"],\"inLanguage\":\"pt-BR\"},{\"@type\":\"WebPage\",\"@id\":\"https:\/\/radiolifefm.com.br\/noticias\/vereadores-pedem-informacao-sobre-campos-e-secretario-afirma-que-ja-estao-implantados\/\",\"url\":\"https:\/\/radiolifefm.com.br\/noticias\/vereadores-pedem-informacao-sobre-campos-e-secretario-afirma-que-ja-estao-implantados\/\",\"name\":\"Vereadores pedem informa\u00e7\u00e3o sobre campos e secret\u00e1rio afirma que j\u00e1 est\u00e3o implantados - R\u00e1dio Life FM\",\"isPartOf\":{\"@id\":\"https:\/\/radiolifefm.com.br\/noticias\/#website\"},\"primaryImageOfPage\":{\"@id\":\"https:\/\/radiolifefm.com.br\/noticias\/vereadores-pedem-informacao-sobre-campos-e-secretario-afirma-que-ja-estao-implantados\/#primaryimage\"},\"image\":{\"@id\":\"https:\/\/radiolifefm.com.br\/noticias\/vereadores-pedem-informacao-sobre-campos-e-secretario-afirma-que-ja-estao-implantados\/#primaryimage\"},\"thumbnailUrl\":\"https:\/\/radiolifefm.com.br\/noticias\/wp-content\/uploads\/2021\/09\/F49.jpg\",\"datePublished\":\"2021-09-01T12:02:38+00:00\",\"dateModified\":\"2026-04-24T11:04:59+00:00\",\"breadcrumb\":{\"@id\":\"https:\/\/radiolifefm.com.br\/noticias\/vereadores-pedem-informacao-sobre-campos-e-secretario-afirma-que-ja-estao-implantados\/#breadcrumb\"},\"inLanguage\":\"pt-BR\",\"potentialAction\":[{\"@type\":\"ReadAction\",\"target\":[\"https:\/\/radiolifefm.com.br\/noticias\/vereadores-pedem-informacao-sobre-campos-e-secretario-afirma-que-ja-estao-implantados\/\"]}]},{\"@type\":\"ImageObject\",\"inLanguage\":\"pt-BR\",\"@id\":\"https:\/\/radiolifefm.com.br\/noticias\/vereadores-pedem-informacao-sobre-campos-e-secretario-afirma-que-ja-estao-implantados\/#primaryimage\",\"url\":\"https:\/\/radiolifefm.com.br\/noticias\/wp-content\/uploads\/2021\/09\/F49.jpg\",\"contentUrl\":\"https:\/\/radiolifefm.com.br\/noticias\/wp-content\/uploads\/2021\/09\/F49.jpg\",\"width\":1000,\"height\":563},{\"@type\":\"BreadcrumbList\",\"@id\":\"https:\/\/radiolifefm.com.br\/noticias\/vereadores-pedem-informacao-sobre-campos-e-secretario-afirma-que-ja-estao-implantados\/#breadcrumb\",\"itemListElement\":[{\"@type\":\"ListItem\",\"position\":1,\"name\":\"In\u00edcio\",\"item\":\"https:\/\/radiolifefm.com.br\/noticias\/\"},{\"@type\":\"ListItem\",\"position\":2,\"name\":\"Vereadores pedem informa\u00e7\u00e3o sobre campos e secret\u00e1rio afirma que j\u00e1 est\u00e3o implantados\"}]},{\"@type\":\"WebSite\",\"@id\":\"https:\/\/radiolifefm.com.br\/noticias\/#website\",\"url\":\"https:\/\/radiolifefm.com.br\/noticias\/\",\"name\":\"R\u00e1dio Life FM\",\"description\":\"O Portal de Not\u00edcias de Adamantina\",\"publisher\":{\"@id\":\"https:\/\/radiolifefm.com.br\/noticias\/#organization\"},\"alternateName\":\"Life FM\",\"potentialAction\":[{\"@type\":\"SearchAction\",\"target\":{\"@type\":\"EntryPoint\",\"urlTemplate\":\"https:\/\/radiolifefm.com.br\/noticias\/?s={search_term_string}\"},\"query-input\":{\"@type\":\"PropertyValueSpecification\",\"valueRequired\":true,\"valueName\":\"search_term_string\"}}],\"inLanguage\":\"pt-BR\"},{\"@type\":\"Organization\",\"@id\":\"https:\/\/radiolifefm.com.br\/noticias\/#organization\",\"name\":\"R\u00e1dio Life FM\",\"alternateName\":\"Life FM\",\"url\":\"https:\/\/radiolifefm.com.br\/noticias\/\",\"logo\":{\"@type\":\"ImageObject\",\"inLanguage\":\"pt-BR\",\"@id\":\"https:\/\/radiolifefm.com.br\/noticias\/#\/schema\/logo\/image\/\",\"url\":\"https:\/\/static.radiolifefm.com.br\/noticias\/wp-content\/uploads\/2019\/10\/logo-lifefm.png\",\"contentUrl\":\"https:\/\/static.radiolifefm.com.br\/noticias\/wp-content\/uploads\/2019\/10\/logo-lifefm.png\",\"width\":196,\"height\":47,\"caption\":\"R\u00e1dio Life FM\"},\"image\":{\"@id\":\"https:\/\/radiolifefm.com.br\/noticias\/#\/schema\/logo\/image\/\"},\"sameAs\":[\"https:\/\/www.facebook.com\/radiolifefm\/\",\"https:\/\/www.instagram.com\/life1079fm\/\"]},{\"@type\":\"Person\",\"@id\":\"https:\/\/radiolifefm.com.br\/noticias\/#\/schema\/person\/6339b9fac59d12b071dec680d7375d87\",\"name\":\"ritanery\",\"image\":{\"@type\":\"ImageObject\",\"inLanguage\":\"pt-BR\",\"@id\":\"https:\/\/secure.gravatar.com\/avatar\/0e37bb19071f47c0b8a23f62a903df117c5a0e75f65a0c2901562f97cd41cf86?s=96&d=mm&r=g\",\"url\":\"https:\/\/secure.gravatar.com\/avatar\/0e37bb19071f47c0b8a23f62a903df117c5a0e75f65a0c2901562f97cd41cf86?s=96&d=mm&r=g\",\"contentUrl\":\"https:\/\/secure.gravatar.com\/avatar\/0e37bb19071f47c0b8a23f62a903df117c5a0e75f65a0c2901562f97cd41cf86?s=96&d=mm&r=g\",\"caption\":\"ritanery\"}}]}<\/script>\n<!-- \/ Yoast SEO plugin. -->","yoast_head_json":{"title":"Vereadores pedem informa\u00e7\u00e3o sobre campos e secret\u00e1rio afirma que j\u00e1 est\u00e3o implantados - R\u00e1dio Life FM","robots":{"index":"index","follow":"follow","max-snippet":"max-snippet:-1","max-image-preview":"max-image-preview:large","max-video-preview":"max-video-preview:-1"},"canonical":"https:\/\/radiolifefm.com.br\/noticias\/vereadores-pedem-informacao-sobre-campos-e-secretario-afirma-que-ja-estao-implantados\/","og_locale":"pt_BR","og_type":"article","og_title":"Vereadores pedem informa\u00e7\u00e3o sobre campos e secret\u00e1rio afirma que j\u00e1 est\u00e3o implantados - R\u00e1dio Life FM","og_description":"Em sess\u00e3o ordin\u00e1ria da C\u00e2mara Municipal por meio do Requerimento n\u00ba 220\/2021 os vereadores adamantinenses solicitaram informa\u00e7\u00e3o da Secretaria de Esportes, Lazer e Recrea\u00e7\u00e3o sobre projeto j\u00e1 anunciado e que ampliar\u00e1 ainda mais a estrutura esportiva do munic\u00edpio. &nbsp; \u201cQuando ser\u00e3o implanta dos os dois campos de futebol que constam no Projeto de Revitaliza\u00e7\u00e3o do [&hellip;]","og_url":"https:\/\/radiolifefm.com.br\/noticias\/vereadores-pedem-informacao-sobre-campos-e-secretario-afirma-que-ja-estao-implantados\/","og_site_name":"R\u00e1dio Life FM","article_publisher":"https:\/\/www.facebook.com\/radiolifefm\/","article_published_time":"2021-09-01T12:02:38+00:00","article_modified_time":"2026-04-24T11:04:59+00:00","og_image":[{"width":1000,"height":563,"url":"https:\/\/radiolifefm.com.br\/noticias\/wp-content\/uploads\/2021\/09\/F49.jpg","type":"image\/jpeg"}],"author":"ritanery","twitter_card":"summary_large_image","twitter_misc":{"Escrito por":"ritanery","Est. tempo de leitura":"1 minuto"},"schema":{"@context":"https:\/\/schema.org","@graph":[{"@type":"Article","@id":"https:\/\/radiolifefm.com.br\/noticias\/vereadores-pedem-informacao-sobre-campos-e-secretario-afirma-que-ja-estao-implantados\/#article","isPartOf":{"@id":"https:\/\/radiolifefm.com.br\/noticias\/vereadores-pedem-informacao-sobre-campos-e-secretario-afirma-que-ja-estao-implantados\/"},"author":{"name":"ritanery","@id":"https:\/\/radiolifefm.com.br\/noticias\/#\/schema\/person\/6339b9fac59d12b071dec680d7375d87"},"headline":"Vereadores pedem informa\u00e7\u00e3o sobre campos e secret\u00e1rio afirma que j\u00e1 est\u00e3o implantados","datePublished":"2021-09-01T12:02:38+00:00","dateModified":"2026-04-24T11:04:59+00:00","mainEntityOfPage":{"@id":"https:\/\/radiolifefm.com.br\/noticias\/vereadores-pedem-informacao-sobre-campos-e-secretario-afirma-que-ja-estao-implantados\/"},"wordCount":190,"publisher":{"@id":"https:\/\/radiolifefm.com.br\/noticias\/#organization"},"image":{"@id":"https:\/\/radiolifefm.com.br\/noticias\/vereadores-pedem-informacao-sobre-campos-e-secretario-afirma-que-ja-estao-implantados\/#primaryimage"},"thumbnailUrl":"https:\/\/radiolifefm.com.br\/noticias\/wp-content\/uploads\/2021\/09\/F49.jpg","articleSection":["Adamantina"],"inLanguage":"pt-BR"},{"@type":"WebPage","@id":"https:\/\/radiolifefm.com.br\/noticias\/vereadores-pedem-informacao-sobre-campos-e-secretario-afirma-que-ja-estao-implantados\/","url":"https:\/\/radiolifefm.com.br\/noticias\/vereadores-pedem-informacao-sobre-campos-e-secretario-afirma-que-ja-estao-implantados\/","name":"Vereadores pedem informa\u00e7\u00e3o sobre campos e secret\u00e1rio afirma que j\u00e1 est\u00e3o implantados - R\u00e1dio Life FM","isPartOf":{"@id":"https:\/\/radiolifefm.com.br\/noticias\/#website"},"primaryImageOfPage":{"@id":"https:\/\/radiolifefm.com.br\/noticias\/vereadores-pedem-informacao-sobre-campos-e-secretario-afirma-que-ja-estao-implantados\/#primaryimage"},"image":{"@id":"https:\/\/radiolifefm.com.br\/noticias\/vereadores-pedem-informacao-sobre-campos-e-secretario-afirma-que-ja-estao-implantados\/#primaryimage"},"thumbnailUrl":"https:\/\/radiolifefm.com.br\/noticias\/wp-content\/uploads\/2021\/09\/F49.jpg","datePublished":"2021-09-01T12:02:38+00:00","dateModified":"2026-04-24T11:04:59+00:00","breadcrumb":{"@id":"https:\/\/radiolifefm.com.br\/noticias\/vereadores-pedem-informacao-sobre-campos-e-secretario-afirma-que-ja-estao-implantados\/#breadcrumb"},"inLanguage":"pt-BR","potentialAction":[{"@type":"ReadAction","target":["https:\/\/radiolifefm.com.br\/noticias\/vereadores-pedem-informacao-sobre-campos-e-secretario-afirma-que-ja-estao-implantados\/"]}]},{"@type":"ImageObject","inLanguage":"pt-BR","@id":"https:\/\/radiolifefm.com.br\/noticias\/vereadores-pedem-informacao-sobre-campos-e-secretario-afirma-que-ja-estao-implantados\/#primaryimage","url":"https:\/\/radiolifefm.com.br\/noticias\/wp-content\/uploads\/2021\/09\/F49.jpg","contentUrl":"https:\/\/radiolifefm.com.br\/noticias\/wp-content\/uploads\/2021\/09\/F49.jpg","width":1000,"height":563},{"@type":"BreadcrumbList","@id":"https:\/\/radiolifefm.com.br\/noticias\/vereadores-pedem-informacao-sobre-campos-e-secretario-afirma-que-ja-estao-implantados\/#breadcrumb","itemListElement":[{"@type":"ListItem","position":1,"name":"In\u00edcio","item":"https:\/\/radiolifefm.com.br\/noticias\/"},{"@type":"ListItem","position":2,"name":"Vereadores pedem informa\u00e7\u00e3o sobre campos e secret\u00e1rio afirma que j\u00e1 est\u00e3o implantados"}]},{"@type":"WebSite","@id":"https:\/\/radiolifefm.com.br\/noticias\/#website","url":"https:\/\/radiolifefm.com.br\/noticias\/","name":"R\u00e1dio Life FM","description":"O Portal de Not\u00edcias de Adamantina","publisher":{"@id":"https:\/\/radiolifefm.com.br\/noticias\/#organization"},"alternateName":"Life FM","potentialAction":[{"@type":"SearchAction","target":{"@type":"EntryPoint","urlTemplate":"https:\/\/radiolifefm.com.br\/noticias\/?s={search_term_string}"},"query-input":{"@type":"PropertyValueSpecification","valueRequired":true,"valueName":"search_term_string"}}],"inLanguage":"pt-BR"},{"@type":"Organization","@id":"https:\/\/radiolifefm.com.br\/noticias\/#organization","name":"R\u00e1dio Life FM","alternateName":"Life FM","url":"https:\/\/radiolifefm.com.br\/noticias\/","logo":{"@type":"ImageObject","inLanguage":"pt-BR","@id":"https:\/\/radiolifefm.com.br\/noticias\/#\/schema\/logo\/image\/","url":"https:\/\/static.radiolifefm.com.br\/noticias\/wp-content\/uploads\/2019\/10\/logo-lifefm.png","contentUrl":"https:\/\/static.radiolifefm.com.br\/noticias\/wp-content\/uploads\/2019\/10\/logo-lifefm.png","width":196,"height":47,"caption":"R\u00e1dio Life FM"},"image":{"@id":"https:\/\/radiolifefm.com.br\/noticias\/#\/schema\/logo\/image\/"},"sameAs":["https:\/\/www.facebook.com\/radiolifefm\/","https:\/\/www.instagram.com\/life1079fm\/"]},{"@type":"Person","@id":"https:\/\/radiolifefm.com.br\/noticias\/#\/schema\/person\/6339b9fac59d12b071dec680d7375d87","name":"ritanery","image":{"@type":"ImageObject","inLanguage":"pt-BR","@id":"https:\/\/secure.gravatar.com\/avatar\/0e37bb19071f47c0b8a23f62a903df117c5a0e75f65a0c2901562f97cd41cf86?s=96&d=mm&r=g","url":"https:\/\/secure.gravatar.com\/avatar\/0e37bb19071f47c0b8a23f62a903df117c5a0e75f65a0c2901562f97cd41cf86?s=96&d=mm&r=g","contentUrl":"https:\/\/secure.gravatar.com\/avatar\/0e37bb19071f47c0b8a23f62a903df117c5a0e75f65a0c2901562f97cd41cf86?s=96&d=mm&r=g","caption":"ritanery"}}]}},"amp_enabled":true,"_links":{"self":[{"href":"https:\/\/radiolifefm.com.br\/noticias\/wp-json\/wp\/v2\/posts\/42299","targetHints":{"allow":["GET"]}}],"collection":[{"href":"https:\/\/radiolifefm.com.br\/noticias\/wp-json\/wp\/v2\/posts"}],"about":[{"href":"https:\/\/radiolifefm.com.br\/noticias\/wp-json\/wp\/v2\/types\/post"}],"author":[{"embeddable":true,"href":"https:\/\/radiolifefm.com.br\/noticias\/wp-json\/wp\/v2\/users\/13"}],"replies":[{"embeddable":true,"href":"https:\/\/radiolifefm.com.br\/noticias\/wp-json\/wp\/v2\/comments?post=42299"}],"version-history":[{"count":1,"href":"https:\/\/radiolifefm.com.br\/noticias\/wp-json\/wp\/v2\/posts\/42299\/revisions"}],"predecessor-version":[{"id":42301,"href":"https:\/\/radiolifefm.com.br\/noticias\/wp-json\/wp\/v2\/posts\/42299\/revisions\/42301"}],"wp:featuredmedia":[{"embeddable":true,"href":"https:\/\/radiolifefm.com.br\/noticias\/wp-json\/wp\/v2\/media\/42300"}],"wp:attachment":[{"href":"https:\/\/radiolifefm.com.br\/noticias\/wp-json\/wp\/v2\/media?parent=42299"}],"wp:term":[{"taxonomy":"category","embeddable":true,"href":"https:\/\/radiolifefm.com.br\/noticias\/wp-json\/wp\/v2\/categories?post=42299"},{"taxonomy":"post_tag","embeddable":true,"href":"https:\/\/radiolifefm.com.br\/noticias\/wp-json\/wp\/v2\/tags?post=42299"}],"curies":[{"name":"wp","href":"https:\/\/api.w.org\/{rel}","templated":true}]}}