{"id":42278,"date":"2021-08-31T21:20:09","date_gmt":"2021-09-01T00:20:09","guid":{"rendered":"https:\/\/radiolifefm.com.br\/noticias\/?p=42278"},"modified":"2026-02-25T13:11:13","modified_gmt":"2026-02-25T16:11:13","slug":"na-justica-prefeitura-de-adamantina-tenta-anular-doacao-de-imoveis-a-associacao-da-terceira-idade","status":"publish","type":"post","link":"https:\/\/radiolifefm.com.br\/noticias\/na-justica-prefeitura-de-adamantina-tenta-anular-doacao-de-imoveis-a-associacao-da-terceira-idade\/","title":{"rendered":"Na Justi\u00e7a, Prefeitura de Adamantina tenta anular doa\u00e7\u00e3o de im\u00f3veis \u00e0 Associa\u00e7\u00e3o da Terceira Idade"},"content":{"rendered":"<div id=\"fb-root\"><\/div>\n<p>A Prefeitura de Adamantina ingressou junto ao Poder Judici\u00e1rio da Comarca local\u00a0\u00a0com medida judicial para tentar anular doa\u00e7\u00e3o de terrenos p\u00fablicos realizada \u00e0 Associa\u00e7\u00e3o da Terceira Idade.\u00a0Na \u00e1rea, pr\u00f3xima ao est\u00e1dio municipal, foi constru\u00edda a sede social da institui\u00e7\u00e3o.<\/p>\n<p>&nbsp;<\/p>\n<p>O expediente tramita na 3\u00aa Vara da Comarca de Adamantina, em segredo de justi\u00e7a, o que impossibilitou o acesso a mais informa\u00e7\u00f5es.<\/p>\n<p>&nbsp;<\/p>\n<p>Ap\u00f3s pesquisas, o SIGA MAIS levantou que a \u00e1rea \u2013 agora em discuss\u00e3o judicial \u2013 foi doada \u00e0 Associa\u00e7\u00e3o pelo poder p\u00fablico municipal h\u00e1 mais de 20 anos, pela\u00a0<a href=\"https:\/\/sapl.adamantina.sp.leg.br\/media\/sapl\/public\/normajuridica\/1998\/64\/64_texto_integral.pdf\"><strong>Lei Complementar N\u00ba 07, de 10 de dezembro de 1998<\/strong><\/a>. A doa\u00e7\u00e3o, \u00e0 \u00e9poca, soma 3.289,49 metros quadrados de \u00e1rea, referente a oito terrenos, para a constru\u00e7\u00e3o do espa\u00e7o comunit\u00e1rio.<\/p>\n<p>&nbsp;<\/p>\n<p>A poss\u00edvel inatividade da Associa\u00e7\u00e3o e o cen\u00e1rio de abandono das instala\u00e7\u00f5es podem ter sido apontados pelo poder p\u00fablico municipal como argumentos para tentar reaver as \u00e1reas na Justi\u00e7a.<\/p>\n<p>&nbsp;<\/p>\n<p>Em caso de revers\u00e3o das doa\u00e7\u00f5es por eventual descumprimento das condi\u00e7\u00f5es firmadas entre o poder p\u00fablico e a Associa\u00e7\u00e3o, a mesma lei de 1998 prev\u00ea que os im\u00f3veis sejam reincorporados ao patrim\u00f4nio p\u00fablico, sem direito a indeniza\u00e7\u00e3o pelas benfeitorias que possam ter sido realizadas na \u00e1rea.<\/p>\n<p>&nbsp;<\/p>\n<p>Nas proximidades do local, o SIGA MAIS ouviu relatos de moradores sobre a inexist\u00eancia de atividades, h\u00e1 anos, no espa\u00e7o, o que tamb\u00e9m tem gerado reclama\u00e7\u00f5es quanto \u00e0 seguran\u00e7a da vizinhan\u00e7a.<\/p>\n<div class='flex flex-wrap items-center -mx-1'>\r\n<a class='thumbnail gallery p-1 w-1\/2 md:w-1\/4' href='https:\/\/radiolifefm.com.br\/noticias\/wp-content\/uploads\/2021\/08\/img6858jpg1630440717612e8d0d0b807.jpg'><img class='border border-white' src='https:\/\/radiolifefm.com.br\/noticias\/wp-content\/uploads\/2021\/08\/img6858jpg1630440717612e8d0d0b807-200x200.jpg' alt='Img6858jpg1630440717612e8d0d0b807' \/><\/a><a class='thumbnail gallery p-1 w-1\/2 md:w-1\/4' href='https:\/\/radiolifefm.com.br\/noticias\/wp-content\/uploads\/2021\/08\/img6860jpg1630440775612e8d476fcb1.jpg'><img class='border border-white' src='https:\/\/radiolifefm.com.br\/noticias\/wp-content\/uploads\/2021\/08\/img6860jpg1630440775612e8d476fcb1-200x200.jpg' alt='Img6860jpg1630440775612e8d476fcb1' \/><\/a><a class='thumbnail gallery p-1 w-1\/2 md:w-1\/4' href='https:\/\/radiolifefm.com.br\/noticias\/wp-content\/uploads\/2021\/08\/img6862jpg1630440760612e8d38403d4.jpg'><img class='border border-white' src='https:\/\/radiolifefm.com.br\/noticias\/wp-content\/uploads\/2021\/08\/img6862jpg1630440760612e8d38403d4-200x200.jpg' alt='Img6862jpg1630440760612e8d38403d4' \/><\/a><a class='thumbnail gallery p-1 w-1\/2 md:w-1\/4' href='https:\/\/radiolifefm.com.br\/noticias\/wp-content\/uploads\/2021\/08\/img6864jpg1630440734612e8d1eae4aa.jpg'><img class='border border-white' src='https:\/\/radiolifefm.com.br\/noticias\/wp-content\/uploads\/2021\/08\/img6864jpg1630440734612e8d1eae4aa-200x200.jpg' alt='Img6864jpg1630440734612e8d1eae4aa' \/><\/a><\/div>\n<p>Fonte: Siga Mais<\/p>\n","protected":false},"excerpt":{"rendered":"<p>A Prefeitura de Adamantina ingressou junto ao Poder Judici\u00e1rio da Comarca local\u00a0\u00a0com medida judicial para tentar anular doa\u00e7\u00e3o de terrenos p\u00fablicos realizada \u00e0 Associa\u00e7\u00e3o da Terceira Idade.\u00a0Na \u00e1rea, pr\u00f3xima ao est\u00e1dio municipal, foi constru\u00edda a sede social da institui\u00e7\u00e3o. &nbsp; O expediente tramita na 3\u00aa Vara da Comarca de Adamantina, em segredo de justi\u00e7a, o [&hellip;]<\/p>\n","protected":false},"author":13,"featured_media":42279,"comment_status":"closed","ping_status":"open","sticky":false,"template":"","format":"standard","meta":{"_acf_changed":false,"_exactmetrics_skip_tracking":false,"_exactmetrics_sitenote_active":false,"_exactmetrics_sitenote_note":"","_exactmetrics_sitenote_category":0,"footnotes":""},"categories":[21],"tags":[],"class_list":["post-42278","post","type-post","status-publish","format-standard","has-post-thumbnail","hentry","category-adamantina"],"acf":[],"yoast_head":"<!-- This site is optimized with the Yoast SEO plugin v27.2 - https:\/\/yoast.com\/product\/yoast-seo-wordpress\/ -->\n<title>Na Justi\u00e7a, Prefeitura de Adamantina tenta anular doa\u00e7\u00e3o de im\u00f3veis \u00e0 Associa\u00e7\u00e3o da Terceira Idade - R\u00e1dio Life FM<\/title>\n<meta name=\"robots\" content=\"index, follow, max-snippet:-1, max-image-preview:large, max-video-preview:-1\" \/>\n<link rel=\"canonical\" href=\"https:\/\/radiolifefm.com.br\/noticias\/na-justica-prefeitura-de-adamantina-tenta-anular-doacao-de-imoveis-a-associacao-da-terceira-idade\/\" \/>\n<meta property=\"og:locale\" content=\"pt_BR\" \/>\n<meta property=\"og:type\" content=\"article\" \/>\n<meta property=\"og:title\" content=\"Na Justi\u00e7a, Prefeitura de Adamantina tenta anular doa\u00e7\u00e3o de im\u00f3veis \u00e0 Associa\u00e7\u00e3o da Terceira Idade - R\u00e1dio Life FM\" \/>\n<meta property=\"og:description\" content=\"A Prefeitura de Adamantina ingressou junto ao Poder Judici\u00e1rio da Comarca local\u00a0\u00a0com medida judicial para tentar anular doa\u00e7\u00e3o de terrenos p\u00fablicos realizada \u00e0 Associa\u00e7\u00e3o da Terceira Idade.\u00a0Na \u00e1rea, pr\u00f3xima ao est\u00e1dio municipal, foi constru\u00edda a sede social da institui\u00e7\u00e3o. &nbsp; O expediente tramita na 3\u00aa Vara da Comarca de Adamantina, em segredo de justi\u00e7a, o [&hellip;]\" \/>\n<meta property=\"og:url\" content=\"https:\/\/radiolifefm.com.br\/noticias\/na-justica-prefeitura-de-adamantina-tenta-anular-doacao-de-imoveis-a-associacao-da-terceira-idade\/\" \/>\n<meta property=\"og:site_name\" content=\"R\u00e1dio Life FM\" \/>\n<meta property=\"article:publisher\" content=\"https:\/\/www.facebook.com\/radiolifefm\/\" \/>\n<meta property=\"article:published_time\" content=\"2021-09-01T00:20:09+00:00\" \/>\n<meta property=\"article:modified_time\" content=\"2026-02-25T16:11:13+00:00\" \/>\n<meta property=\"og:image\" content=\"https:\/\/radiolifefm.com.br\/noticias\/wp-content\/uploads\/2021\/08\/img6868jpg1630440661612e8cd570a3d.jpeg\" \/>\n\t<meta property=\"og:image:width\" content=\"600\" \/>\n\t<meta property=\"og:image:height\" content=\"336\" \/>\n\t<meta property=\"og:image:type\" content=\"image\/jpeg\" \/>\n<meta name=\"author\" content=\"ritanery\" \/>\n<meta name=\"twitter:card\" content=\"summary_large_image\" \/>\n<meta name=\"twitter:label1\" content=\"Escrito por\" \/>\n\t<meta name=\"twitter:data1\" content=\"ritanery\" \/>\n\t<meta name=\"twitter:label2\" content=\"Est. tempo de leitura\" \/>\n\t<meta name=\"twitter:data2\" content=\"2 minutos\" \/>\n<script type=\"application\/ld+json\" class=\"yoast-schema-graph\">{\"@context\":\"https:\/\/schema.org\",\"@graph\":[{\"@type\":\"Article\",\"@id\":\"https:\/\/radiolifefm.com.br\/noticias\/na-justica-prefeitura-de-adamantina-tenta-anular-doacao-de-imoveis-a-associacao-da-terceira-idade\/#article\",\"isPartOf\":{\"@id\":\"https:\/\/radiolifefm.com.br\/noticias\/na-justica-prefeitura-de-adamantina-tenta-anular-doacao-de-imoveis-a-associacao-da-terceira-idade\/\"},\"author\":{\"name\":\"ritanery\",\"@id\":\"https:\/\/radiolifefm.com.br\/noticias\/#\/schema\/person\/6339b9fac59d12b071dec680d7375d87\"},\"headline\":\"Na Justi\u00e7a, Prefeitura de Adamantina tenta anular doa\u00e7\u00e3o de im\u00f3veis \u00e0 Associa\u00e7\u00e3o da Terceira Idade\",\"datePublished\":\"2021-09-01T00:20:09+00:00\",\"dateModified\":\"2026-02-25T16:11:13+00:00\",\"mainEntityOfPage\":{\"@id\":\"https:\/\/radiolifefm.com.br\/noticias\/na-justica-prefeitura-de-adamantina-tenta-anular-doacao-de-imoveis-a-associacao-da-terceira-idade\/\"},\"wordCount\":285,\"publisher\":{\"@id\":\"https:\/\/radiolifefm.com.br\/noticias\/#organization\"},\"image\":{\"@id\":\"https:\/\/radiolifefm.com.br\/noticias\/na-justica-prefeitura-de-adamantina-tenta-anular-doacao-de-imoveis-a-associacao-da-terceira-idade\/#primaryimage\"},\"thumbnailUrl\":\"https:\/\/radiolifefm.com.br\/noticias\/wp-content\/uploads\/2021\/08\/img6868jpg1630440661612e8cd570a3d.jpeg\",\"articleSection\":[\"Adamantina\"],\"inLanguage\":\"pt-BR\"},{\"@type\":\"WebPage\",\"@id\":\"https:\/\/radiolifefm.com.br\/noticias\/na-justica-prefeitura-de-adamantina-tenta-anular-doacao-de-imoveis-a-associacao-da-terceira-idade\/\",\"url\":\"https:\/\/radiolifefm.com.br\/noticias\/na-justica-prefeitura-de-adamantina-tenta-anular-doacao-de-imoveis-a-associacao-da-terceira-idade\/\",\"name\":\"Na Justi\u00e7a, Prefeitura de Adamantina tenta anular doa\u00e7\u00e3o de im\u00f3veis \u00e0 Associa\u00e7\u00e3o da Terceira Idade - R\u00e1dio Life FM\",\"isPartOf\":{\"@id\":\"https:\/\/radiolifefm.com.br\/noticias\/#website\"},\"primaryImageOfPage\":{\"@id\":\"https:\/\/radiolifefm.com.br\/noticias\/na-justica-prefeitura-de-adamantina-tenta-anular-doacao-de-imoveis-a-associacao-da-terceira-idade\/#primaryimage\"},\"image\":{\"@id\":\"https:\/\/radiolifefm.com.br\/noticias\/na-justica-prefeitura-de-adamantina-tenta-anular-doacao-de-imoveis-a-associacao-da-terceira-idade\/#primaryimage\"},\"thumbnailUrl\":\"https:\/\/radiolifefm.com.br\/noticias\/wp-content\/uploads\/2021\/08\/img6868jpg1630440661612e8cd570a3d.jpeg\",\"datePublished\":\"2021-09-01T00:20:09+00:00\",\"dateModified\":\"2026-02-25T16:11:13+00:00\",\"breadcrumb\":{\"@id\":\"https:\/\/radiolifefm.com.br\/noticias\/na-justica-prefeitura-de-adamantina-tenta-anular-doacao-de-imoveis-a-associacao-da-terceira-idade\/#breadcrumb\"},\"inLanguage\":\"pt-BR\",\"potentialAction\":[{\"@type\":\"ReadAction\",\"target\":[\"https:\/\/radiolifefm.com.br\/noticias\/na-justica-prefeitura-de-adamantina-tenta-anular-doacao-de-imoveis-a-associacao-da-terceira-idade\/\"]}]},{\"@type\":\"ImageObject\",\"inLanguage\":\"pt-BR\",\"@id\":\"https:\/\/radiolifefm.com.br\/noticias\/na-justica-prefeitura-de-adamantina-tenta-anular-doacao-de-imoveis-a-associacao-da-terceira-idade\/#primaryimage\",\"url\":\"https:\/\/radiolifefm.com.br\/noticias\/wp-content\/uploads\/2021\/08\/img6868jpg1630440661612e8cd570a3d.jpeg\",\"contentUrl\":\"https:\/\/radiolifefm.com.br\/noticias\/wp-content\/uploads\/2021\/08\/img6868jpg1630440661612e8cd570a3d.jpeg\",\"width\":600,\"height\":336,\"caption\":\"Im\u00f3veis foram doados em 1998. Processo tramita em segredo de Justi\u00e7a, no F\u00f3rum de Adamantina.\"},{\"@type\":\"BreadcrumbList\",\"@id\":\"https:\/\/radiolifefm.com.br\/noticias\/na-justica-prefeitura-de-adamantina-tenta-anular-doacao-de-imoveis-a-associacao-da-terceira-idade\/#breadcrumb\",\"itemListElement\":[{\"@type\":\"ListItem\",\"position\":1,\"name\":\"In\u00edcio\",\"item\":\"https:\/\/radiolifefm.com.br\/noticias\/\"},{\"@type\":\"ListItem\",\"position\":2,\"name\":\"Na Justi\u00e7a, Prefeitura de Adamantina tenta anular doa\u00e7\u00e3o de im\u00f3veis \u00e0 Associa\u00e7\u00e3o da Terceira Idade\"}]},{\"@type\":\"WebSite\",\"@id\":\"https:\/\/radiolifefm.com.br\/noticias\/#website\",\"url\":\"https:\/\/radiolifefm.com.br\/noticias\/\",\"name\":\"R\u00e1dio Life FM\",\"description\":\"O Portal de Not\u00edcias de Adamantina\",\"publisher\":{\"@id\":\"https:\/\/radiolifefm.com.br\/noticias\/#organization\"},\"alternateName\":\"Life FM\",\"potentialAction\":[{\"@type\":\"SearchAction\",\"target\":{\"@type\":\"EntryPoint\",\"urlTemplate\":\"https:\/\/radiolifefm.com.br\/noticias\/?s={search_term_string}\"},\"query-input\":{\"@type\":\"PropertyValueSpecification\",\"valueRequired\":true,\"valueName\":\"search_term_string\"}}],\"inLanguage\":\"pt-BR\"},{\"@type\":\"Organization\",\"@id\":\"https:\/\/radiolifefm.com.br\/noticias\/#organization\",\"name\":\"R\u00e1dio Life FM\",\"alternateName\":\"Life FM\",\"url\":\"https:\/\/radiolifefm.com.br\/noticias\/\",\"logo\":{\"@type\":\"ImageObject\",\"inLanguage\":\"pt-BR\",\"@id\":\"https:\/\/radiolifefm.com.br\/noticias\/#\/schema\/logo\/image\/\",\"url\":\"https:\/\/static.radiolifefm.com.br\/noticias\/wp-content\/uploads\/2019\/10\/logo-lifefm.png\",\"contentUrl\":\"https:\/\/static.radiolifefm.com.br\/noticias\/wp-content\/uploads\/2019\/10\/logo-lifefm.png\",\"width\":196,\"height\":47,\"caption\":\"R\u00e1dio Life FM\"},\"image\":{\"@id\":\"https:\/\/radiolifefm.com.br\/noticias\/#\/schema\/logo\/image\/\"},\"sameAs\":[\"https:\/\/www.facebook.com\/radiolifefm\/\",\"https:\/\/www.instagram.com\/life1079fm\/\"]},{\"@type\":\"Person\",\"@id\":\"https:\/\/radiolifefm.com.br\/noticias\/#\/schema\/person\/6339b9fac59d12b071dec680d7375d87\",\"name\":\"ritanery\",\"image\":{\"@type\":\"ImageObject\",\"inLanguage\":\"pt-BR\",\"@id\":\"https:\/\/secure.gravatar.com\/avatar\/0e37bb19071f47c0b8a23f62a903df117c5a0e75f65a0c2901562f97cd41cf86?s=96&d=mm&r=g\",\"url\":\"https:\/\/secure.gravatar.com\/avatar\/0e37bb19071f47c0b8a23f62a903df117c5a0e75f65a0c2901562f97cd41cf86?s=96&d=mm&r=g\",\"contentUrl\":\"https:\/\/secure.gravatar.com\/avatar\/0e37bb19071f47c0b8a23f62a903df117c5a0e75f65a0c2901562f97cd41cf86?s=96&d=mm&r=g\",\"caption\":\"ritanery\"}}]}<\/script>\n<!-- \/ Yoast SEO plugin. -->","yoast_head_json":{"title":"Na Justi\u00e7a, Prefeitura de Adamantina tenta anular doa\u00e7\u00e3o de im\u00f3veis \u00e0 Associa\u00e7\u00e3o da Terceira Idade - R\u00e1dio Life FM","robots":{"index":"index","follow":"follow","max-snippet":"max-snippet:-1","max-image-preview":"max-image-preview:large","max-video-preview":"max-video-preview:-1"},"canonical":"https:\/\/radiolifefm.com.br\/noticias\/na-justica-prefeitura-de-adamantina-tenta-anular-doacao-de-imoveis-a-associacao-da-terceira-idade\/","og_locale":"pt_BR","og_type":"article","og_title":"Na Justi\u00e7a, Prefeitura de Adamantina tenta anular doa\u00e7\u00e3o de im\u00f3veis \u00e0 Associa\u00e7\u00e3o da Terceira Idade - R\u00e1dio Life FM","og_description":"A Prefeitura de Adamantina ingressou junto ao Poder Judici\u00e1rio da Comarca local\u00a0\u00a0com medida judicial para tentar anular doa\u00e7\u00e3o de terrenos p\u00fablicos realizada \u00e0 Associa\u00e7\u00e3o da Terceira Idade.\u00a0Na \u00e1rea, pr\u00f3xima ao est\u00e1dio municipal, foi constru\u00edda a sede social da institui\u00e7\u00e3o. &nbsp; O expediente tramita na 3\u00aa Vara da Comarca de Adamantina, em segredo de justi\u00e7a, o [&hellip;]","og_url":"https:\/\/radiolifefm.com.br\/noticias\/na-justica-prefeitura-de-adamantina-tenta-anular-doacao-de-imoveis-a-associacao-da-terceira-idade\/","og_site_name":"R\u00e1dio Life FM","article_publisher":"https:\/\/www.facebook.com\/radiolifefm\/","article_published_time":"2021-09-01T00:20:09+00:00","article_modified_time":"2026-02-25T16:11:13+00:00","og_image":[{"width":600,"height":336,"url":"https:\/\/radiolifefm.com.br\/noticias\/wp-content\/uploads\/2021\/08\/img6868jpg1630440661612e8cd570a3d.jpeg","type":"image\/jpeg"}],"author":"ritanery","twitter_card":"summary_large_image","twitter_misc":{"Escrito por":"ritanery","Est. tempo de leitura":"2 minutos"},"schema":{"@context":"https:\/\/schema.org","@graph":[{"@type":"Article","@id":"https:\/\/radiolifefm.com.br\/noticias\/na-justica-prefeitura-de-adamantina-tenta-anular-doacao-de-imoveis-a-associacao-da-terceira-idade\/#article","isPartOf":{"@id":"https:\/\/radiolifefm.com.br\/noticias\/na-justica-prefeitura-de-adamantina-tenta-anular-doacao-de-imoveis-a-associacao-da-terceira-idade\/"},"author":{"name":"ritanery","@id":"https:\/\/radiolifefm.com.br\/noticias\/#\/schema\/person\/6339b9fac59d12b071dec680d7375d87"},"headline":"Na Justi\u00e7a, Prefeitura de Adamantina tenta anular doa\u00e7\u00e3o de im\u00f3veis \u00e0 Associa\u00e7\u00e3o da Terceira Idade","datePublished":"2021-09-01T00:20:09+00:00","dateModified":"2026-02-25T16:11:13+00:00","mainEntityOfPage":{"@id":"https:\/\/radiolifefm.com.br\/noticias\/na-justica-prefeitura-de-adamantina-tenta-anular-doacao-de-imoveis-a-associacao-da-terceira-idade\/"},"wordCount":285,"publisher":{"@id":"https:\/\/radiolifefm.com.br\/noticias\/#organization"},"image":{"@id":"https:\/\/radiolifefm.com.br\/noticias\/na-justica-prefeitura-de-adamantina-tenta-anular-doacao-de-imoveis-a-associacao-da-terceira-idade\/#primaryimage"},"thumbnailUrl":"https:\/\/radiolifefm.com.br\/noticias\/wp-content\/uploads\/2021\/08\/img6868jpg1630440661612e8cd570a3d.jpeg","articleSection":["Adamantina"],"inLanguage":"pt-BR"},{"@type":"WebPage","@id":"https:\/\/radiolifefm.com.br\/noticias\/na-justica-prefeitura-de-adamantina-tenta-anular-doacao-de-imoveis-a-associacao-da-terceira-idade\/","url":"https:\/\/radiolifefm.com.br\/noticias\/na-justica-prefeitura-de-adamantina-tenta-anular-doacao-de-imoveis-a-associacao-da-terceira-idade\/","name":"Na Justi\u00e7a, Prefeitura de Adamantina tenta anular doa\u00e7\u00e3o de im\u00f3veis \u00e0 Associa\u00e7\u00e3o da Terceira Idade - R\u00e1dio Life FM","isPartOf":{"@id":"https:\/\/radiolifefm.com.br\/noticias\/#website"},"primaryImageOfPage":{"@id":"https:\/\/radiolifefm.com.br\/noticias\/na-justica-prefeitura-de-adamantina-tenta-anular-doacao-de-imoveis-a-associacao-da-terceira-idade\/#primaryimage"},"image":{"@id":"https:\/\/radiolifefm.com.br\/noticias\/na-justica-prefeitura-de-adamantina-tenta-anular-doacao-de-imoveis-a-associacao-da-terceira-idade\/#primaryimage"},"thumbnailUrl":"https:\/\/radiolifefm.com.br\/noticias\/wp-content\/uploads\/2021\/08\/img6868jpg1630440661612e8cd570a3d.jpeg","datePublished":"2021-09-01T00:20:09+00:00","dateModified":"2026-02-25T16:11:13+00:00","breadcrumb":{"@id":"https:\/\/radiolifefm.com.br\/noticias\/na-justica-prefeitura-de-adamantina-tenta-anular-doacao-de-imoveis-a-associacao-da-terceira-idade\/#breadcrumb"},"inLanguage":"pt-BR","potentialAction":[{"@type":"ReadAction","target":["https:\/\/radiolifefm.com.br\/noticias\/na-justica-prefeitura-de-adamantina-tenta-anular-doacao-de-imoveis-a-associacao-da-terceira-idade\/"]}]},{"@type":"ImageObject","inLanguage":"pt-BR","@id":"https:\/\/radiolifefm.com.br\/noticias\/na-justica-prefeitura-de-adamantina-tenta-anular-doacao-de-imoveis-a-associacao-da-terceira-idade\/#primaryimage","url":"https:\/\/radiolifefm.com.br\/noticias\/wp-content\/uploads\/2021\/08\/img6868jpg1630440661612e8cd570a3d.jpeg","contentUrl":"https:\/\/radiolifefm.com.br\/noticias\/wp-content\/uploads\/2021\/08\/img6868jpg1630440661612e8cd570a3d.jpeg","width":600,"height":336,"caption":"Im\u00f3veis foram doados em 1998. Processo tramita em segredo de Justi\u00e7a, no F\u00f3rum de Adamantina."},{"@type":"BreadcrumbList","@id":"https:\/\/radiolifefm.com.br\/noticias\/na-justica-prefeitura-de-adamantina-tenta-anular-doacao-de-imoveis-a-associacao-da-terceira-idade\/#breadcrumb","itemListElement":[{"@type":"ListItem","position":1,"name":"In\u00edcio","item":"https:\/\/radiolifefm.com.br\/noticias\/"},{"@type":"ListItem","position":2,"name":"Na Justi\u00e7a, Prefeitura de Adamantina tenta anular doa\u00e7\u00e3o de im\u00f3veis \u00e0 Associa\u00e7\u00e3o da Terceira Idade"}]},{"@type":"WebSite","@id":"https:\/\/radiolifefm.com.br\/noticias\/#website","url":"https:\/\/radiolifefm.com.br\/noticias\/","name":"R\u00e1dio Life FM","description":"O Portal de Not\u00edcias de Adamantina","publisher":{"@id":"https:\/\/radiolifefm.com.br\/noticias\/#organization"},"alternateName":"Life FM","potentialAction":[{"@type":"SearchAction","target":{"@type":"EntryPoint","urlTemplate":"https:\/\/radiolifefm.com.br\/noticias\/?s={search_term_string}"},"query-input":{"@type":"PropertyValueSpecification","valueRequired":true,"valueName":"search_term_string"}}],"inLanguage":"pt-BR"},{"@type":"Organization","@id":"https:\/\/radiolifefm.com.br\/noticias\/#organization","name":"R\u00e1dio Life FM","alternateName":"Life FM","url":"https:\/\/radiolifefm.com.br\/noticias\/","logo":{"@type":"ImageObject","inLanguage":"pt-BR","@id":"https:\/\/radiolifefm.com.br\/noticias\/#\/schema\/logo\/image\/","url":"https:\/\/static.radiolifefm.com.br\/noticias\/wp-content\/uploads\/2019\/10\/logo-lifefm.png","contentUrl":"https:\/\/static.radiolifefm.com.br\/noticias\/wp-content\/uploads\/2019\/10\/logo-lifefm.png","width":196,"height":47,"caption":"R\u00e1dio Life FM"},"image":{"@id":"https:\/\/radiolifefm.com.br\/noticias\/#\/schema\/logo\/image\/"},"sameAs":["https:\/\/www.facebook.com\/radiolifefm\/","https:\/\/www.instagram.com\/life1079fm\/"]},{"@type":"Person","@id":"https:\/\/radiolifefm.com.br\/noticias\/#\/schema\/person\/6339b9fac59d12b071dec680d7375d87","name":"ritanery","image":{"@type":"ImageObject","inLanguage":"pt-BR","@id":"https:\/\/secure.gravatar.com\/avatar\/0e37bb19071f47c0b8a23f62a903df117c5a0e75f65a0c2901562f97cd41cf86?s=96&d=mm&r=g","url":"https:\/\/secure.gravatar.com\/avatar\/0e37bb19071f47c0b8a23f62a903df117c5a0e75f65a0c2901562f97cd41cf86?s=96&d=mm&r=g","contentUrl":"https:\/\/secure.gravatar.com\/avatar\/0e37bb19071f47c0b8a23f62a903df117c5a0e75f65a0c2901562f97cd41cf86?s=96&d=mm&r=g","caption":"ritanery"}}]}},"amp_enabled":true,"_links":{"self":[{"href":"https:\/\/radiolifefm.com.br\/noticias\/wp-json\/wp\/v2\/posts\/42278","targetHints":{"allow":["GET"]}}],"collection":[{"href":"https:\/\/radiolifefm.com.br\/noticias\/wp-json\/wp\/v2\/posts"}],"about":[{"href":"https:\/\/radiolifefm.com.br\/noticias\/wp-json\/wp\/v2\/types\/post"}],"author":[{"embeddable":true,"href":"https:\/\/radiolifefm.com.br\/noticias\/wp-json\/wp\/v2\/users\/13"}],"replies":[{"embeddable":true,"href":"https:\/\/radiolifefm.com.br\/noticias\/wp-json\/wp\/v2\/comments?post=42278"}],"version-history":[{"count":1,"href":"https:\/\/radiolifefm.com.br\/noticias\/wp-json\/wp\/v2\/posts\/42278\/revisions"}],"predecessor-version":[{"id":42284,"href":"https:\/\/radiolifefm.com.br\/noticias\/wp-json\/wp\/v2\/posts\/42278\/revisions\/42284"}],"wp:featuredmedia":[{"embeddable":true,"href":"https:\/\/radiolifefm.com.br\/noticias\/wp-json\/wp\/v2\/media\/42279"}],"wp:attachment":[{"href":"https:\/\/radiolifefm.com.br\/noticias\/wp-json\/wp\/v2\/media?parent=42278"}],"wp:term":[{"taxonomy":"category","embeddable":true,"href":"https:\/\/radiolifefm.com.br\/noticias\/wp-json\/wp\/v2\/categories?post=42278"},{"taxonomy":"post_tag","embeddable":true,"href":"https:\/\/radiolifefm.com.br\/noticias\/wp-json\/wp\/v2\/tags?post=42278"}],"curies":[{"name":"wp","href":"https:\/\/api.w.org\/{rel}","templated":true}]}}