{"id":42211,"date":"2021-08-30T14:18:09","date_gmt":"2021-08-30T17:18:09","guid":{"rendered":"https:\/\/radiolifefm.com.br\/noticias\/?p=42211"},"modified":"2026-04-15T17:55:18","modified_gmt":"2026-04-15T20:55:18","slug":"concluidas-as-obras-do-barracao-que-abrigara-a-cooperativa-de-catadores-de-material-reciclavel","status":"publish","type":"post","link":"https:\/\/radiolifefm.com.br\/noticias\/concluidas-as-obras-do-barracao-que-abrigara-a-cooperativa-de-catadores-de-material-reciclavel\/","title":{"rendered":"Conclu\u00eddas as obras do barrac\u00e3o que abrigar\u00e1 a cooperativa de catadores de material recicl\u00e1vel"},"content":{"rendered":"<div id=\"fb-root\"><\/div>\n<p>As obras no barrac\u00e3o que abrigar\u00e1 a cooperativa de catadores foram conclu\u00eddas.\u00a0O investimento para a execu\u00e7\u00e3o da obra foi de R$681.824,43 sendo\u00a0R$ 632.391 de uma a\u00e7\u00e3o de amparo do Acordo Judicial de Compensa\u00e7\u00e3o entre o Minist\u00e9rio P\u00fablico Federal\u00a0(MPF), Minist\u00e9rio P\u00fablico do Estado de S\u00e3o Paulo (MPSP) e a Companhia Energ\u00e9tica de S\u00e3o Paulo (CESP) e a contrapartida da Prefeitura de Adamantina de R$49.433,33.<\/p>\n<p>&nbsp;<\/p>\n<p>Tanto o barrac\u00e3o quanto as m\u00e1quinas ser\u00e3o usados na implementa\u00e7\u00e3o de um sistema de coleta de res\u00edduos s\u00f3lidos por meio da cooperativa de catadores.<\/p>\n<p>&nbsp;<\/p>\n<p>Com isso, a Prefeitura Municipal poder\u00e1 melhorar o seu Programa Municipal de Coleta Seletiva e de Educa\u00e7\u00e3o Ambiental que j\u00e1 \u00e9 executado pela Secretaria de Agricultura, Abastecimento e Meio Ambiente (SAAMA), por meio da equipe VerdeAzul Municipal.<\/p>\n<p>Este conv\u00eanio foi assinado no ano de 2015 e foi retomado pela administra\u00e7\u00e3o atual atendendo todas as solicita\u00e7\u00f5es da Caixa Econ\u00f4mica Federal.<\/p>\n<p>&nbsp;<\/p>\n<p><strong>Cooperativa de Catadores<\/strong><\/p>\n<p>&nbsp;<\/p>\n<p>A Cooperativa de Catadores j\u00e1 est\u00e1 formalizada. As fam\u00edlias selecionadas participaram de um trabalho t\u00e9cnico social\u00a0com a Secretaria de Assist\u00eancia Social, incluindo a realiza\u00e7\u00e3o de capacita\u00e7\u00f5es e visitas t\u00e9cnicas.<\/p>\n<p>&nbsp;<\/p>\n<p>Com o projeto, ser\u00e3o beneficiadas aproximadamente 30 fam\u00edlias, podendo beneficiar at\u00e9 120 pessoas, membros destas fam\u00edlias, possibilitando um incremento em seus rendimentos mensais.<\/p>\n<p>&nbsp;<\/p>\n<p>Agora, ser\u00e1 aberto novo processo licitat\u00f3rio para a aquisi\u00e7\u00e3o de equipamentos como:\u00a0prensa enfadeira, transpallet hidr\u00e1ulico, balan\u00e7a transpaleteira, empilhadeira hidr\u00e1ulica, carrinho de m\u00e3o, enxada canavieira, vassor\u00f5es, entre outros.<\/p>\n<p>&nbsp;<\/p>\n<p><strong>Lixo recicl\u00e1vel<\/strong><\/p>\n<p>&nbsp;<\/p>\n<p>A Prefeitura de Adamantina, por meio da Secretaria de Obras, executa todos os dias a coleta de lixo recicl\u00e1vel em diferentes pontos da cidade. Essa a\u00e7\u00e3o \u00e9 fundamental para o meio ambiente, porque por meio dela, h\u00e1 economia de energia, o lixo ganha destina\u00e7\u00e3o adequada e o uso de mat\u00e9ria-prima diminui.<\/p>\n<p>&nbsp;<\/p>\n<p>&nbsp;<\/p>\n<p>Fonte: Assessoria de Imprensa<\/p>\n","protected":false},"excerpt":{"rendered":"<p>As obras no barrac\u00e3o que abrigar\u00e1 a cooperativa de catadores foram conclu\u00eddas.\u00a0O investimento para a execu\u00e7\u00e3o da obra foi de R$681.824,43 sendo\u00a0R$ 632.391 de uma a\u00e7\u00e3o de amparo do Acordo Judicial de Compensa\u00e7\u00e3o entre o Minist\u00e9rio P\u00fablico Federal\u00a0(MPF), Minist\u00e9rio P\u00fablico do Estado de S\u00e3o Paulo (MPSP) e a Companhia Energ\u00e9tica de S\u00e3o Paulo (CESP) e [&hellip;]<\/p>\n","protected":false},"author":13,"featured_media":42212,"comment_status":"closed","ping_status":"open","sticky":false,"template":"","format":"standard","meta":{"_acf_changed":false,"_exactmetrics_skip_tracking":false,"_exactmetrics_sitenote_active":false,"_exactmetrics_sitenote_note":"","_exactmetrics_sitenote_category":0,"footnotes":""},"categories":[21],"tags":[],"class_list":["post-42211","post","type-post","status-publish","format-standard","has-post-thumbnail","hentry","category-adamantina"],"acf":[],"yoast_head":"<!-- This site is optimized with the Yoast SEO plugin v27.2 - https:\/\/yoast.com\/product\/yoast-seo-wordpress\/ -->\n<title>Conclu\u00eddas as obras do barrac\u00e3o que abrigar\u00e1 a cooperativa de catadores de material recicl\u00e1vel - R\u00e1dio Life FM<\/title>\n<meta name=\"robots\" content=\"index, follow, max-snippet:-1, max-image-preview:large, max-video-preview:-1\" \/>\n<link rel=\"canonical\" href=\"https:\/\/radiolifefm.com.br\/noticias\/concluidas-as-obras-do-barracao-que-abrigara-a-cooperativa-de-catadores-de-material-reciclavel\/\" \/>\n<meta property=\"og:locale\" content=\"pt_BR\" \/>\n<meta property=\"og:type\" content=\"article\" \/>\n<meta property=\"og:title\" content=\"Conclu\u00eddas as obras do barrac\u00e3o que abrigar\u00e1 a cooperativa de catadores de material recicl\u00e1vel - R\u00e1dio Life FM\" \/>\n<meta property=\"og:description\" content=\"As obras no barrac\u00e3o que abrigar\u00e1 a cooperativa de catadores foram conclu\u00eddas.\u00a0O investimento para a execu\u00e7\u00e3o da obra foi de R$681.824,43 sendo\u00a0R$ 632.391 de uma a\u00e7\u00e3o de amparo do Acordo Judicial de Compensa\u00e7\u00e3o entre o Minist\u00e9rio P\u00fablico Federal\u00a0(MPF), Minist\u00e9rio P\u00fablico do Estado de S\u00e3o Paulo (MPSP) e a Companhia Energ\u00e9tica de S\u00e3o Paulo (CESP) e [&hellip;]\" \/>\n<meta property=\"og:url\" content=\"https:\/\/radiolifefm.com.br\/noticias\/concluidas-as-obras-do-barracao-que-abrigara-a-cooperativa-de-catadores-de-material-reciclavel\/\" \/>\n<meta property=\"og:site_name\" content=\"R\u00e1dio Life FM\" \/>\n<meta property=\"article:publisher\" content=\"https:\/\/www.facebook.com\/radiolifefm\/\" \/>\n<meta property=\"article:published_time\" content=\"2021-08-30T17:18:09+00:00\" \/>\n<meta property=\"article:modified_time\" content=\"2026-04-15T20:55:18+00:00\" \/>\n<meta property=\"og:image\" content=\"https:\/\/radiolifefm.com.br\/noticias\/wp-content\/uploads\/2021\/08\/93b1f5a195a3ea3330e932fa3ce1579a.jpg\" \/>\n\t<meta property=\"og:image:width\" content=\"848\" \/>\n\t<meta property=\"og:image:height\" content=\"307\" \/>\n\t<meta property=\"og:image:type\" content=\"image\/jpeg\" \/>\n<meta name=\"author\" content=\"ritanery\" \/>\n<meta name=\"twitter:card\" content=\"summary_large_image\" \/>\n<meta name=\"twitter:label1\" content=\"Escrito por\" \/>\n\t<meta name=\"twitter:data1\" content=\"ritanery\" \/>\n\t<meta name=\"twitter:label2\" content=\"Est. tempo de leitura\" \/>\n\t<meta name=\"twitter:data2\" content=\"2 minutos\" \/>\n<script type=\"application\/ld+json\" class=\"yoast-schema-graph\">{\"@context\":\"https:\/\/schema.org\",\"@graph\":[{\"@type\":\"Article\",\"@id\":\"https:\/\/radiolifefm.com.br\/noticias\/concluidas-as-obras-do-barracao-que-abrigara-a-cooperativa-de-catadores-de-material-reciclavel\/#article\",\"isPartOf\":{\"@id\":\"https:\/\/radiolifefm.com.br\/noticias\/concluidas-as-obras-do-barracao-que-abrigara-a-cooperativa-de-catadores-de-material-reciclavel\/\"},\"author\":{\"name\":\"ritanery\",\"@id\":\"https:\/\/radiolifefm.com.br\/noticias\/#\/schema\/person\/6339b9fac59d12b071dec680d7375d87\"},\"headline\":\"Conclu\u00eddas as obras do barrac\u00e3o que abrigar\u00e1 a cooperativa de catadores de material recicl\u00e1vel\",\"datePublished\":\"2021-08-30T17:18:09+00:00\",\"dateModified\":\"2026-04-15T20:55:18+00:00\",\"mainEntityOfPage\":{\"@id\":\"https:\/\/radiolifefm.com.br\/noticias\/concluidas-as-obras-do-barracao-que-abrigara-a-cooperativa-de-catadores-de-material-reciclavel\/\"},\"wordCount\":355,\"publisher\":{\"@id\":\"https:\/\/radiolifefm.com.br\/noticias\/#organization\"},\"image\":{\"@id\":\"https:\/\/radiolifefm.com.br\/noticias\/concluidas-as-obras-do-barracao-que-abrigara-a-cooperativa-de-catadores-de-material-reciclavel\/#primaryimage\"},\"thumbnailUrl\":\"https:\/\/radiolifefm.com.br\/noticias\/wp-content\/uploads\/2021\/08\/93b1f5a195a3ea3330e932fa3ce1579a.jpg\",\"articleSection\":[\"Adamantina\"],\"inLanguage\":\"pt-BR\"},{\"@type\":\"WebPage\",\"@id\":\"https:\/\/radiolifefm.com.br\/noticias\/concluidas-as-obras-do-barracao-que-abrigara-a-cooperativa-de-catadores-de-material-reciclavel\/\",\"url\":\"https:\/\/radiolifefm.com.br\/noticias\/concluidas-as-obras-do-barracao-que-abrigara-a-cooperativa-de-catadores-de-material-reciclavel\/\",\"name\":\"Conclu\u00eddas as obras do barrac\u00e3o que abrigar\u00e1 a cooperativa de catadores de material recicl\u00e1vel - R\u00e1dio Life FM\",\"isPartOf\":{\"@id\":\"https:\/\/radiolifefm.com.br\/noticias\/#website\"},\"primaryImageOfPage\":{\"@id\":\"https:\/\/radiolifefm.com.br\/noticias\/concluidas-as-obras-do-barracao-que-abrigara-a-cooperativa-de-catadores-de-material-reciclavel\/#primaryimage\"},\"image\":{\"@id\":\"https:\/\/radiolifefm.com.br\/noticias\/concluidas-as-obras-do-barracao-que-abrigara-a-cooperativa-de-catadores-de-material-reciclavel\/#primaryimage\"},\"thumbnailUrl\":\"https:\/\/radiolifefm.com.br\/noticias\/wp-content\/uploads\/2021\/08\/93b1f5a195a3ea3330e932fa3ce1579a.jpg\",\"datePublished\":\"2021-08-30T17:18:09+00:00\",\"dateModified\":\"2026-04-15T20:55:18+00:00\",\"breadcrumb\":{\"@id\":\"https:\/\/radiolifefm.com.br\/noticias\/concluidas-as-obras-do-barracao-que-abrigara-a-cooperativa-de-catadores-de-material-reciclavel\/#breadcrumb\"},\"inLanguage\":\"pt-BR\",\"potentialAction\":[{\"@type\":\"ReadAction\",\"target\":[\"https:\/\/radiolifefm.com.br\/noticias\/concluidas-as-obras-do-barracao-que-abrigara-a-cooperativa-de-catadores-de-material-reciclavel\/\"]}]},{\"@type\":\"ImageObject\",\"inLanguage\":\"pt-BR\",\"@id\":\"https:\/\/radiolifefm.com.br\/noticias\/concluidas-as-obras-do-barracao-que-abrigara-a-cooperativa-de-catadores-de-material-reciclavel\/#primaryimage\",\"url\":\"https:\/\/radiolifefm.com.br\/noticias\/wp-content\/uploads\/2021\/08\/93b1f5a195a3ea3330e932fa3ce1579a.jpg\",\"contentUrl\":\"https:\/\/radiolifefm.com.br\/noticias\/wp-content\/uploads\/2021\/08\/93b1f5a195a3ea3330e932fa3ce1579a.jpg\",\"width\":848,\"height\":307},{\"@type\":\"BreadcrumbList\",\"@id\":\"https:\/\/radiolifefm.com.br\/noticias\/concluidas-as-obras-do-barracao-que-abrigara-a-cooperativa-de-catadores-de-material-reciclavel\/#breadcrumb\",\"itemListElement\":[{\"@type\":\"ListItem\",\"position\":1,\"name\":\"In\u00edcio\",\"item\":\"https:\/\/radiolifefm.com.br\/noticias\/\"},{\"@type\":\"ListItem\",\"position\":2,\"name\":\"Conclu\u00eddas as obras do barrac\u00e3o que abrigar\u00e1 a cooperativa de catadores de material recicl\u00e1vel\"}]},{\"@type\":\"WebSite\",\"@id\":\"https:\/\/radiolifefm.com.br\/noticias\/#website\",\"url\":\"https:\/\/radiolifefm.com.br\/noticias\/\",\"name\":\"R\u00e1dio Life FM\",\"description\":\"O Portal de Not\u00edcias de Adamantina\",\"publisher\":{\"@id\":\"https:\/\/radiolifefm.com.br\/noticias\/#organization\"},\"alternateName\":\"Life FM\",\"potentialAction\":[{\"@type\":\"SearchAction\",\"target\":{\"@type\":\"EntryPoint\",\"urlTemplate\":\"https:\/\/radiolifefm.com.br\/noticias\/?s={search_term_string}\"},\"query-input\":{\"@type\":\"PropertyValueSpecification\",\"valueRequired\":true,\"valueName\":\"search_term_string\"}}],\"inLanguage\":\"pt-BR\"},{\"@type\":\"Organization\",\"@id\":\"https:\/\/radiolifefm.com.br\/noticias\/#organization\",\"name\":\"R\u00e1dio Life FM\",\"alternateName\":\"Life FM\",\"url\":\"https:\/\/radiolifefm.com.br\/noticias\/\",\"logo\":{\"@type\":\"ImageObject\",\"inLanguage\":\"pt-BR\",\"@id\":\"https:\/\/radiolifefm.com.br\/noticias\/#\/schema\/logo\/image\/\",\"url\":\"https:\/\/static.radiolifefm.com.br\/noticias\/wp-content\/uploads\/2019\/10\/logo-lifefm.png\",\"contentUrl\":\"https:\/\/static.radiolifefm.com.br\/noticias\/wp-content\/uploads\/2019\/10\/logo-lifefm.png\",\"width\":196,\"height\":47,\"caption\":\"R\u00e1dio Life FM\"},\"image\":{\"@id\":\"https:\/\/radiolifefm.com.br\/noticias\/#\/schema\/logo\/image\/\"},\"sameAs\":[\"https:\/\/www.facebook.com\/radiolifefm\/\",\"https:\/\/www.instagram.com\/life1079fm\/\"]},{\"@type\":\"Person\",\"@id\":\"https:\/\/radiolifefm.com.br\/noticias\/#\/schema\/person\/6339b9fac59d12b071dec680d7375d87\",\"name\":\"ritanery\",\"image\":{\"@type\":\"ImageObject\",\"inLanguage\":\"pt-BR\",\"@id\":\"https:\/\/secure.gravatar.com\/avatar\/0e37bb19071f47c0b8a23f62a903df117c5a0e75f65a0c2901562f97cd41cf86?s=96&d=mm&r=g\",\"url\":\"https:\/\/secure.gravatar.com\/avatar\/0e37bb19071f47c0b8a23f62a903df117c5a0e75f65a0c2901562f97cd41cf86?s=96&d=mm&r=g\",\"contentUrl\":\"https:\/\/secure.gravatar.com\/avatar\/0e37bb19071f47c0b8a23f62a903df117c5a0e75f65a0c2901562f97cd41cf86?s=96&d=mm&r=g\",\"caption\":\"ritanery\"}}]}<\/script>\n<!-- \/ Yoast SEO plugin. -->","yoast_head_json":{"title":"Conclu\u00eddas as obras do barrac\u00e3o que abrigar\u00e1 a cooperativa de catadores de material recicl\u00e1vel - R\u00e1dio Life FM","robots":{"index":"index","follow":"follow","max-snippet":"max-snippet:-1","max-image-preview":"max-image-preview:large","max-video-preview":"max-video-preview:-1"},"canonical":"https:\/\/radiolifefm.com.br\/noticias\/concluidas-as-obras-do-barracao-que-abrigara-a-cooperativa-de-catadores-de-material-reciclavel\/","og_locale":"pt_BR","og_type":"article","og_title":"Conclu\u00eddas as obras do barrac\u00e3o que abrigar\u00e1 a cooperativa de catadores de material recicl\u00e1vel - R\u00e1dio Life FM","og_description":"As obras no barrac\u00e3o que abrigar\u00e1 a cooperativa de catadores foram conclu\u00eddas.\u00a0O investimento para a execu\u00e7\u00e3o da obra foi de R$681.824,43 sendo\u00a0R$ 632.391 de uma a\u00e7\u00e3o de amparo do Acordo Judicial de Compensa\u00e7\u00e3o entre o Minist\u00e9rio P\u00fablico Federal\u00a0(MPF), Minist\u00e9rio P\u00fablico do Estado de S\u00e3o Paulo (MPSP) e a Companhia Energ\u00e9tica de S\u00e3o Paulo (CESP) e [&hellip;]","og_url":"https:\/\/radiolifefm.com.br\/noticias\/concluidas-as-obras-do-barracao-que-abrigara-a-cooperativa-de-catadores-de-material-reciclavel\/","og_site_name":"R\u00e1dio Life FM","article_publisher":"https:\/\/www.facebook.com\/radiolifefm\/","article_published_time":"2021-08-30T17:18:09+00:00","article_modified_time":"2026-04-15T20:55:18+00:00","og_image":[{"width":848,"height":307,"url":"https:\/\/radiolifefm.com.br\/noticias\/wp-content\/uploads\/2021\/08\/93b1f5a195a3ea3330e932fa3ce1579a.jpg","type":"image\/jpeg"}],"author":"ritanery","twitter_card":"summary_large_image","twitter_misc":{"Escrito por":"ritanery","Est. tempo de leitura":"2 minutos"},"schema":{"@context":"https:\/\/schema.org","@graph":[{"@type":"Article","@id":"https:\/\/radiolifefm.com.br\/noticias\/concluidas-as-obras-do-barracao-que-abrigara-a-cooperativa-de-catadores-de-material-reciclavel\/#article","isPartOf":{"@id":"https:\/\/radiolifefm.com.br\/noticias\/concluidas-as-obras-do-barracao-que-abrigara-a-cooperativa-de-catadores-de-material-reciclavel\/"},"author":{"name":"ritanery","@id":"https:\/\/radiolifefm.com.br\/noticias\/#\/schema\/person\/6339b9fac59d12b071dec680d7375d87"},"headline":"Conclu\u00eddas as obras do barrac\u00e3o que abrigar\u00e1 a cooperativa de catadores de material recicl\u00e1vel","datePublished":"2021-08-30T17:18:09+00:00","dateModified":"2026-04-15T20:55:18+00:00","mainEntityOfPage":{"@id":"https:\/\/radiolifefm.com.br\/noticias\/concluidas-as-obras-do-barracao-que-abrigara-a-cooperativa-de-catadores-de-material-reciclavel\/"},"wordCount":355,"publisher":{"@id":"https:\/\/radiolifefm.com.br\/noticias\/#organization"},"image":{"@id":"https:\/\/radiolifefm.com.br\/noticias\/concluidas-as-obras-do-barracao-que-abrigara-a-cooperativa-de-catadores-de-material-reciclavel\/#primaryimage"},"thumbnailUrl":"https:\/\/radiolifefm.com.br\/noticias\/wp-content\/uploads\/2021\/08\/93b1f5a195a3ea3330e932fa3ce1579a.jpg","articleSection":["Adamantina"],"inLanguage":"pt-BR"},{"@type":"WebPage","@id":"https:\/\/radiolifefm.com.br\/noticias\/concluidas-as-obras-do-barracao-que-abrigara-a-cooperativa-de-catadores-de-material-reciclavel\/","url":"https:\/\/radiolifefm.com.br\/noticias\/concluidas-as-obras-do-barracao-que-abrigara-a-cooperativa-de-catadores-de-material-reciclavel\/","name":"Conclu\u00eddas as obras do barrac\u00e3o que abrigar\u00e1 a cooperativa de catadores de material recicl\u00e1vel - R\u00e1dio Life FM","isPartOf":{"@id":"https:\/\/radiolifefm.com.br\/noticias\/#website"},"primaryImageOfPage":{"@id":"https:\/\/radiolifefm.com.br\/noticias\/concluidas-as-obras-do-barracao-que-abrigara-a-cooperativa-de-catadores-de-material-reciclavel\/#primaryimage"},"image":{"@id":"https:\/\/radiolifefm.com.br\/noticias\/concluidas-as-obras-do-barracao-que-abrigara-a-cooperativa-de-catadores-de-material-reciclavel\/#primaryimage"},"thumbnailUrl":"https:\/\/radiolifefm.com.br\/noticias\/wp-content\/uploads\/2021\/08\/93b1f5a195a3ea3330e932fa3ce1579a.jpg","datePublished":"2021-08-30T17:18:09+00:00","dateModified":"2026-04-15T20:55:18+00:00","breadcrumb":{"@id":"https:\/\/radiolifefm.com.br\/noticias\/concluidas-as-obras-do-barracao-que-abrigara-a-cooperativa-de-catadores-de-material-reciclavel\/#breadcrumb"},"inLanguage":"pt-BR","potentialAction":[{"@type":"ReadAction","target":["https:\/\/radiolifefm.com.br\/noticias\/concluidas-as-obras-do-barracao-que-abrigara-a-cooperativa-de-catadores-de-material-reciclavel\/"]}]},{"@type":"ImageObject","inLanguage":"pt-BR","@id":"https:\/\/radiolifefm.com.br\/noticias\/concluidas-as-obras-do-barracao-que-abrigara-a-cooperativa-de-catadores-de-material-reciclavel\/#primaryimage","url":"https:\/\/radiolifefm.com.br\/noticias\/wp-content\/uploads\/2021\/08\/93b1f5a195a3ea3330e932fa3ce1579a.jpg","contentUrl":"https:\/\/radiolifefm.com.br\/noticias\/wp-content\/uploads\/2021\/08\/93b1f5a195a3ea3330e932fa3ce1579a.jpg","width":848,"height":307},{"@type":"BreadcrumbList","@id":"https:\/\/radiolifefm.com.br\/noticias\/concluidas-as-obras-do-barracao-que-abrigara-a-cooperativa-de-catadores-de-material-reciclavel\/#breadcrumb","itemListElement":[{"@type":"ListItem","position":1,"name":"In\u00edcio","item":"https:\/\/radiolifefm.com.br\/noticias\/"},{"@type":"ListItem","position":2,"name":"Conclu\u00eddas as obras do barrac\u00e3o que abrigar\u00e1 a cooperativa de catadores de material recicl\u00e1vel"}]},{"@type":"WebSite","@id":"https:\/\/radiolifefm.com.br\/noticias\/#website","url":"https:\/\/radiolifefm.com.br\/noticias\/","name":"R\u00e1dio Life FM","description":"O Portal de Not\u00edcias de Adamantina","publisher":{"@id":"https:\/\/radiolifefm.com.br\/noticias\/#organization"},"alternateName":"Life FM","potentialAction":[{"@type":"SearchAction","target":{"@type":"EntryPoint","urlTemplate":"https:\/\/radiolifefm.com.br\/noticias\/?s={search_term_string}"},"query-input":{"@type":"PropertyValueSpecification","valueRequired":true,"valueName":"search_term_string"}}],"inLanguage":"pt-BR"},{"@type":"Organization","@id":"https:\/\/radiolifefm.com.br\/noticias\/#organization","name":"R\u00e1dio Life FM","alternateName":"Life FM","url":"https:\/\/radiolifefm.com.br\/noticias\/","logo":{"@type":"ImageObject","inLanguage":"pt-BR","@id":"https:\/\/radiolifefm.com.br\/noticias\/#\/schema\/logo\/image\/","url":"https:\/\/static.radiolifefm.com.br\/noticias\/wp-content\/uploads\/2019\/10\/logo-lifefm.png","contentUrl":"https:\/\/static.radiolifefm.com.br\/noticias\/wp-content\/uploads\/2019\/10\/logo-lifefm.png","width":196,"height":47,"caption":"R\u00e1dio Life FM"},"image":{"@id":"https:\/\/radiolifefm.com.br\/noticias\/#\/schema\/logo\/image\/"},"sameAs":["https:\/\/www.facebook.com\/radiolifefm\/","https:\/\/www.instagram.com\/life1079fm\/"]},{"@type":"Person","@id":"https:\/\/radiolifefm.com.br\/noticias\/#\/schema\/person\/6339b9fac59d12b071dec680d7375d87","name":"ritanery","image":{"@type":"ImageObject","inLanguage":"pt-BR","@id":"https:\/\/secure.gravatar.com\/avatar\/0e37bb19071f47c0b8a23f62a903df117c5a0e75f65a0c2901562f97cd41cf86?s=96&d=mm&r=g","url":"https:\/\/secure.gravatar.com\/avatar\/0e37bb19071f47c0b8a23f62a903df117c5a0e75f65a0c2901562f97cd41cf86?s=96&d=mm&r=g","contentUrl":"https:\/\/secure.gravatar.com\/avatar\/0e37bb19071f47c0b8a23f62a903df117c5a0e75f65a0c2901562f97cd41cf86?s=96&d=mm&r=g","caption":"ritanery"}}]}},"amp_enabled":true,"_links":{"self":[{"href":"https:\/\/radiolifefm.com.br\/noticias\/wp-json\/wp\/v2\/posts\/42211","targetHints":{"allow":["GET"]}}],"collection":[{"href":"https:\/\/radiolifefm.com.br\/noticias\/wp-json\/wp\/v2\/posts"}],"about":[{"href":"https:\/\/radiolifefm.com.br\/noticias\/wp-json\/wp\/v2\/types\/post"}],"author":[{"embeddable":true,"href":"https:\/\/radiolifefm.com.br\/noticias\/wp-json\/wp\/v2\/users\/13"}],"replies":[{"embeddable":true,"href":"https:\/\/radiolifefm.com.br\/noticias\/wp-json\/wp\/v2\/comments?post=42211"}],"version-history":[{"count":1,"href":"https:\/\/radiolifefm.com.br\/noticias\/wp-json\/wp\/v2\/posts\/42211\/revisions"}],"predecessor-version":[{"id":42213,"href":"https:\/\/radiolifefm.com.br\/noticias\/wp-json\/wp\/v2\/posts\/42211\/revisions\/42213"}],"wp:featuredmedia":[{"embeddable":true,"href":"https:\/\/radiolifefm.com.br\/noticias\/wp-json\/wp\/v2\/media\/42212"}],"wp:attachment":[{"href":"https:\/\/radiolifefm.com.br\/noticias\/wp-json\/wp\/v2\/media?parent=42211"}],"wp:term":[{"taxonomy":"category","embeddable":true,"href":"https:\/\/radiolifefm.com.br\/noticias\/wp-json\/wp\/v2\/categories?post=42211"},{"taxonomy":"post_tag","embeddable":true,"href":"https:\/\/radiolifefm.com.br\/noticias\/wp-json\/wp\/v2\/tags?post=42211"}],"curies":[{"name":"wp","href":"https:\/\/api.w.org\/{rel}","templated":true}]}}