{"id":42163,"date":"2021-08-27T09:02:22","date_gmt":"2021-08-27T12:02:22","guid":{"rendered":"https:\/\/radiolifefm.com.br\/noticias\/?p=42163"},"modified":"2025-12-19T20:23:21","modified_gmt":"2025-12-19T23:23:21","slug":"apos-nao-serem-concluidas-ate-junho-obras-de-vestiarios-e-banheiros-tem-nova-previsao-de-entrega-em-15-dias","status":"publish","type":"post","link":"https:\/\/radiolifefm.com.br\/noticias\/apos-nao-serem-concluidas-ate-junho-obras-de-vestiarios-e-banheiros-tem-nova-previsao-de-entrega-em-15-dias\/","title":{"rendered":"Ap\u00f3s n\u00e3o serem conclu\u00eddas at\u00e9 junho, obras de vesti\u00e1rios e banheiros t\u00eam nova previs\u00e3o de entrega em 15 dias"},"content":{"rendered":"<div id=\"fb-root\"><\/div>\n<p>Mais uma vez foi prorrogada a data de conclus\u00e3o das constru\u00e7\u00f5es do vesti\u00e1rio no campo do Jardim Adamantina e dos banheiros no Parque Caldeira.<\/p>\n<p>&nbsp;<\/p>\n<p>Na informa\u00e7\u00e3o passada ao Folha Regional em junho passado, a Prefeitura de Adamantina informou que a empresa respons\u00e1vel entregaria as obras at\u00e9 o final daquele m\u00eas. O que n\u00e3o ocorreu.<\/p>\n<p>&nbsp;<\/p>\n<p>Nesta semana ent\u00e3o a reportagem solicitou novamente informa\u00e7\u00f5es sobre o andamento dos servi\u00e7os e a previs\u00e3o de t\u00e9rmino. \u201cA obra est\u00e1 em fase final, faltando poucos itens para ser conclu\u00edda. E a previs\u00e3o de conclus\u00e3o \u00e9 de 15 dias\u201d, afirmou a Prefeitura.<\/p>\n<p>&nbsp;<\/p>\n<p>Com rela\u00e7\u00e3o \u00e0 porcentagem executada at\u00e9 o momento, foi relatado que \u201cest\u00e1 pr\u00f3xima de 100%\u201d.<\/p>\n<p>&nbsp;<\/p>\n<p>Com base no processo licitat\u00f3rio realizado pelo Munic\u00edpio o valor das obras estava or\u00e7ado em R$ 241.505,42.<\/p>\n<p>&nbsp;<\/p>\n<p>Como n\u00e3o houve a entrega em junho, quando acabaria a vig\u00eancia do contrato, a Prefeitura fez uma nova prorroga\u00e7\u00e3o, j\u00e1 que estava dentro do previsto pela lei.<\/p>\n<p>&nbsp;<\/p>\n<p>As constru\u00e7\u00f5es foram iniciadas em 2015, na Administra\u00e7\u00e3o Ivo Santos (2013\/2016) por outra empresa respons\u00e1vel na \u00e9poca, com a previs\u00e3o de conclus\u00e3o em um ano.<\/p>\n<p>&nbsp;<\/p>\n<p>A reportagem esteve nos dois locais na sexta-feira (20) foi abordada por moradores do Jardim Adamantina e usu\u00e1rios do Caldeira que questionaram sobre quando poder\u00e3o utilizar os espa\u00e7os \u2013 e constatou que as obras aparentam estar praticamente finalizadas.<\/p>\n<p>&nbsp;<\/p>\n<p>&nbsp;<\/p>\n<p>Fonte: Adamantina Net<\/p>\n","protected":false},"excerpt":{"rendered":"<p>Mais uma vez foi prorrogada a data de conclus\u00e3o das constru\u00e7\u00f5es do vesti\u00e1rio no campo do Jardim Adamantina e dos banheiros no Parque Caldeira. &nbsp; Na informa\u00e7\u00e3o passada ao Folha Regional em junho passado, a Prefeitura de Adamantina informou que a empresa respons\u00e1vel entregaria as obras at\u00e9 o final daquele m\u00eas. O que n\u00e3o ocorreu. [&hellip;]<\/p>\n","protected":false},"author":13,"featured_media":42164,"comment_status":"closed","ping_status":"open","sticky":false,"template":"","format":"standard","meta":{"_acf_changed":false,"_exactmetrics_skip_tracking":false,"_exactmetrics_sitenote_active":false,"_exactmetrics_sitenote_note":"","_exactmetrics_sitenote_category":0,"footnotes":""},"categories":[21],"tags":[],"class_list":["post-42163","post","type-post","status-publish","format-standard","has-post-thumbnail","hentry","category-adamantina"],"acf":[],"yoast_head":"<!-- This site is optimized with the Yoast SEO plugin v27.2 - https:\/\/yoast.com\/product\/yoast-seo-wordpress\/ -->\n<title>Ap\u00f3s n\u00e3o serem conclu\u00eddas at\u00e9 junho, obras de vesti\u00e1rios e banheiros t\u00eam nova previs\u00e3o de entrega em 15 dias - R\u00e1dio Life FM<\/title>\n<meta name=\"robots\" content=\"index, follow, max-snippet:-1, max-image-preview:large, max-video-preview:-1\" \/>\n<link rel=\"canonical\" href=\"https:\/\/radiolifefm.com.br\/noticias\/apos-nao-serem-concluidas-ate-junho-obras-de-vestiarios-e-banheiros-tem-nova-previsao-de-entrega-em-15-dias\/\" \/>\n<meta property=\"og:locale\" content=\"pt_BR\" \/>\n<meta property=\"og:type\" content=\"article\" \/>\n<meta property=\"og:title\" content=\"Ap\u00f3s n\u00e3o serem conclu\u00eddas at\u00e9 junho, obras de vesti\u00e1rios e banheiros t\u00eam nova previs\u00e3o de entrega em 15 dias - R\u00e1dio Life FM\" \/>\n<meta property=\"og:description\" content=\"Mais uma vez foi prorrogada a data de conclus\u00e3o das constru\u00e7\u00f5es do vesti\u00e1rio no campo do Jardim Adamantina e dos banheiros no Parque Caldeira. &nbsp; Na informa\u00e7\u00e3o passada ao Folha Regional em junho passado, a Prefeitura de Adamantina informou que a empresa respons\u00e1vel entregaria as obras at\u00e9 o final daquele m\u00eas. O que n\u00e3o ocorreu. [&hellip;]\" \/>\n<meta property=\"og:url\" content=\"https:\/\/radiolifefm.com.br\/noticias\/apos-nao-serem-concluidas-ate-junho-obras-de-vestiarios-e-banheiros-tem-nova-previsao-de-entrega-em-15-dias\/\" \/>\n<meta property=\"og:site_name\" content=\"R\u00e1dio Life FM\" \/>\n<meta property=\"article:publisher\" content=\"https:\/\/www.facebook.com\/radiolifefm\/\" \/>\n<meta property=\"article:published_time\" content=\"2021-08-27T12:02:22+00:00\" \/>\n<meta property=\"article:modified_time\" content=\"2025-12-19T23:23:21+00:00\" \/>\n<meta property=\"og:image\" content=\"https:\/\/radiolifefm.com.br\/noticias\/wp-content\/uploads\/2021\/08\/F49-2.jpg\" \/>\n\t<meta property=\"og:image:width\" content=\"1132\" \/>\n\t<meta property=\"og:image:height\" content=\"675\" \/>\n\t<meta property=\"og:image:type\" content=\"image\/jpeg\" \/>\n<meta name=\"author\" content=\"ritanery\" \/>\n<meta name=\"twitter:card\" content=\"summary_large_image\" \/>\n<meta name=\"twitter:label1\" content=\"Escrito por\" \/>\n\t<meta name=\"twitter:data1\" content=\"ritanery\" \/>\n\t<meta name=\"twitter:label2\" content=\"Est. tempo de leitura\" \/>\n\t<meta name=\"twitter:data2\" content=\"1 minuto\" \/>\n<script type=\"application\/ld+json\" class=\"yoast-schema-graph\">{\"@context\":\"https:\/\/schema.org\",\"@graph\":[{\"@type\":\"Article\",\"@id\":\"https:\/\/radiolifefm.com.br\/noticias\/apos-nao-serem-concluidas-ate-junho-obras-de-vestiarios-e-banheiros-tem-nova-previsao-de-entrega-em-15-dias\/#article\",\"isPartOf\":{\"@id\":\"https:\/\/radiolifefm.com.br\/noticias\/apos-nao-serem-concluidas-ate-junho-obras-de-vestiarios-e-banheiros-tem-nova-previsao-de-entrega-em-15-dias\/\"},\"author\":{\"name\":\"ritanery\",\"@id\":\"https:\/\/radiolifefm.com.br\/noticias\/#\/schema\/person\/6339b9fac59d12b071dec680d7375d87\"},\"headline\":\"Ap\u00f3s n\u00e3o serem conclu\u00eddas at\u00e9 junho, obras de vesti\u00e1rios e banheiros t\u00eam nova previs\u00e3o de entrega em 15 dias\",\"datePublished\":\"2021-08-27T12:02:22+00:00\",\"dateModified\":\"2025-12-19T23:23:21+00:00\",\"mainEntityOfPage\":{\"@id\":\"https:\/\/radiolifefm.com.br\/noticias\/apos-nao-serem-concluidas-ate-junho-obras-de-vestiarios-e-banheiros-tem-nova-previsao-de-entrega-em-15-dias\/\"},\"wordCount\":276,\"publisher\":{\"@id\":\"https:\/\/radiolifefm.com.br\/noticias\/#organization\"},\"image\":{\"@id\":\"https:\/\/radiolifefm.com.br\/noticias\/apos-nao-serem-concluidas-ate-junho-obras-de-vestiarios-e-banheiros-tem-nova-previsao-de-entrega-em-15-dias\/#primaryimage\"},\"thumbnailUrl\":\"https:\/\/radiolifefm.com.br\/noticias\/wp-content\/uploads\/2021\/08\/F49-2.jpg\",\"articleSection\":[\"Adamantina\"],\"inLanguage\":\"pt-BR\"},{\"@type\":\"WebPage\",\"@id\":\"https:\/\/radiolifefm.com.br\/noticias\/apos-nao-serem-concluidas-ate-junho-obras-de-vestiarios-e-banheiros-tem-nova-previsao-de-entrega-em-15-dias\/\",\"url\":\"https:\/\/radiolifefm.com.br\/noticias\/apos-nao-serem-concluidas-ate-junho-obras-de-vestiarios-e-banheiros-tem-nova-previsao-de-entrega-em-15-dias\/\",\"name\":\"Ap\u00f3s n\u00e3o serem conclu\u00eddas at\u00e9 junho, obras de vesti\u00e1rios e banheiros t\u00eam nova previs\u00e3o de entrega em 15 dias - R\u00e1dio Life FM\",\"isPartOf\":{\"@id\":\"https:\/\/radiolifefm.com.br\/noticias\/#website\"},\"primaryImageOfPage\":{\"@id\":\"https:\/\/radiolifefm.com.br\/noticias\/apos-nao-serem-concluidas-ate-junho-obras-de-vestiarios-e-banheiros-tem-nova-previsao-de-entrega-em-15-dias\/#primaryimage\"},\"image\":{\"@id\":\"https:\/\/radiolifefm.com.br\/noticias\/apos-nao-serem-concluidas-ate-junho-obras-de-vestiarios-e-banheiros-tem-nova-previsao-de-entrega-em-15-dias\/#primaryimage\"},\"thumbnailUrl\":\"https:\/\/radiolifefm.com.br\/noticias\/wp-content\/uploads\/2021\/08\/F49-2.jpg\",\"datePublished\":\"2021-08-27T12:02:22+00:00\",\"dateModified\":\"2025-12-19T23:23:21+00:00\",\"breadcrumb\":{\"@id\":\"https:\/\/radiolifefm.com.br\/noticias\/apos-nao-serem-concluidas-ate-junho-obras-de-vestiarios-e-banheiros-tem-nova-previsao-de-entrega-em-15-dias\/#breadcrumb\"},\"inLanguage\":\"pt-BR\",\"potentialAction\":[{\"@type\":\"ReadAction\",\"target\":[\"https:\/\/radiolifefm.com.br\/noticias\/apos-nao-serem-concluidas-ate-junho-obras-de-vestiarios-e-banheiros-tem-nova-previsao-de-entrega-em-15-dias\/\"]}]},{\"@type\":\"ImageObject\",\"inLanguage\":\"pt-BR\",\"@id\":\"https:\/\/radiolifefm.com.br\/noticias\/apos-nao-serem-concluidas-ate-junho-obras-de-vestiarios-e-banheiros-tem-nova-previsao-de-entrega-em-15-dias\/#primaryimage\",\"url\":\"https:\/\/radiolifefm.com.br\/noticias\/wp-content\/uploads\/2021\/08\/F49-2.jpg\",\"contentUrl\":\"https:\/\/radiolifefm.com.br\/noticias\/wp-content\/uploads\/2021\/08\/F49-2.jpg\",\"width\":1132,\"height\":675},{\"@type\":\"BreadcrumbList\",\"@id\":\"https:\/\/radiolifefm.com.br\/noticias\/apos-nao-serem-concluidas-ate-junho-obras-de-vestiarios-e-banheiros-tem-nova-previsao-de-entrega-em-15-dias\/#breadcrumb\",\"itemListElement\":[{\"@type\":\"ListItem\",\"position\":1,\"name\":\"In\u00edcio\",\"item\":\"https:\/\/radiolifefm.com.br\/noticias\/\"},{\"@type\":\"ListItem\",\"position\":2,\"name\":\"Ap\u00f3s n\u00e3o serem conclu\u00eddas at\u00e9 junho, obras de vesti\u00e1rios e banheiros t\u00eam nova previs\u00e3o de entrega em 15 dias\"}]},{\"@type\":\"WebSite\",\"@id\":\"https:\/\/radiolifefm.com.br\/noticias\/#website\",\"url\":\"https:\/\/radiolifefm.com.br\/noticias\/\",\"name\":\"R\u00e1dio Life FM\",\"description\":\"O Portal de Not\u00edcias de Adamantina\",\"publisher\":{\"@id\":\"https:\/\/radiolifefm.com.br\/noticias\/#organization\"},\"alternateName\":\"Life FM\",\"potentialAction\":[{\"@type\":\"SearchAction\",\"target\":{\"@type\":\"EntryPoint\",\"urlTemplate\":\"https:\/\/radiolifefm.com.br\/noticias\/?s={search_term_string}\"},\"query-input\":{\"@type\":\"PropertyValueSpecification\",\"valueRequired\":true,\"valueName\":\"search_term_string\"}}],\"inLanguage\":\"pt-BR\"},{\"@type\":\"Organization\",\"@id\":\"https:\/\/radiolifefm.com.br\/noticias\/#organization\",\"name\":\"R\u00e1dio Life FM\",\"alternateName\":\"Life FM\",\"url\":\"https:\/\/radiolifefm.com.br\/noticias\/\",\"logo\":{\"@type\":\"ImageObject\",\"inLanguage\":\"pt-BR\",\"@id\":\"https:\/\/radiolifefm.com.br\/noticias\/#\/schema\/logo\/image\/\",\"url\":\"https:\/\/static.radiolifefm.com.br\/noticias\/wp-content\/uploads\/2019\/10\/logo-lifefm.png\",\"contentUrl\":\"https:\/\/static.radiolifefm.com.br\/noticias\/wp-content\/uploads\/2019\/10\/logo-lifefm.png\",\"width\":196,\"height\":47,\"caption\":\"R\u00e1dio Life FM\"},\"image\":{\"@id\":\"https:\/\/radiolifefm.com.br\/noticias\/#\/schema\/logo\/image\/\"},\"sameAs\":[\"https:\/\/www.facebook.com\/radiolifefm\/\",\"https:\/\/www.instagram.com\/life1079fm\/\"]},{\"@type\":\"Person\",\"@id\":\"https:\/\/radiolifefm.com.br\/noticias\/#\/schema\/person\/6339b9fac59d12b071dec680d7375d87\",\"name\":\"ritanery\",\"image\":{\"@type\":\"ImageObject\",\"inLanguage\":\"pt-BR\",\"@id\":\"https:\/\/secure.gravatar.com\/avatar\/0e37bb19071f47c0b8a23f62a903df117c5a0e75f65a0c2901562f97cd41cf86?s=96&d=mm&r=g\",\"url\":\"https:\/\/secure.gravatar.com\/avatar\/0e37bb19071f47c0b8a23f62a903df117c5a0e75f65a0c2901562f97cd41cf86?s=96&d=mm&r=g\",\"contentUrl\":\"https:\/\/secure.gravatar.com\/avatar\/0e37bb19071f47c0b8a23f62a903df117c5a0e75f65a0c2901562f97cd41cf86?s=96&d=mm&r=g\",\"caption\":\"ritanery\"}}]}<\/script>\n<!-- \/ Yoast SEO plugin. -->","yoast_head_json":{"title":"Ap\u00f3s n\u00e3o serem conclu\u00eddas at\u00e9 junho, obras de vesti\u00e1rios e banheiros t\u00eam nova previs\u00e3o de entrega em 15 dias - R\u00e1dio Life FM","robots":{"index":"index","follow":"follow","max-snippet":"max-snippet:-1","max-image-preview":"max-image-preview:large","max-video-preview":"max-video-preview:-1"},"canonical":"https:\/\/radiolifefm.com.br\/noticias\/apos-nao-serem-concluidas-ate-junho-obras-de-vestiarios-e-banheiros-tem-nova-previsao-de-entrega-em-15-dias\/","og_locale":"pt_BR","og_type":"article","og_title":"Ap\u00f3s n\u00e3o serem conclu\u00eddas at\u00e9 junho, obras de vesti\u00e1rios e banheiros t\u00eam nova previs\u00e3o de entrega em 15 dias - R\u00e1dio Life FM","og_description":"Mais uma vez foi prorrogada a data de conclus\u00e3o das constru\u00e7\u00f5es do vesti\u00e1rio no campo do Jardim Adamantina e dos banheiros no Parque Caldeira. &nbsp; Na informa\u00e7\u00e3o passada ao Folha Regional em junho passado, a Prefeitura de Adamantina informou que a empresa respons\u00e1vel entregaria as obras at\u00e9 o final daquele m\u00eas. O que n\u00e3o ocorreu. [&hellip;]","og_url":"https:\/\/radiolifefm.com.br\/noticias\/apos-nao-serem-concluidas-ate-junho-obras-de-vestiarios-e-banheiros-tem-nova-previsao-de-entrega-em-15-dias\/","og_site_name":"R\u00e1dio Life FM","article_publisher":"https:\/\/www.facebook.com\/radiolifefm\/","article_published_time":"2021-08-27T12:02:22+00:00","article_modified_time":"2025-12-19T23:23:21+00:00","og_image":[{"width":1132,"height":675,"url":"https:\/\/radiolifefm.com.br\/noticias\/wp-content\/uploads\/2021\/08\/F49-2.jpg","type":"image\/jpeg"}],"author":"ritanery","twitter_card":"summary_large_image","twitter_misc":{"Escrito por":"ritanery","Est. tempo de leitura":"1 minuto"},"schema":{"@context":"https:\/\/schema.org","@graph":[{"@type":"Article","@id":"https:\/\/radiolifefm.com.br\/noticias\/apos-nao-serem-concluidas-ate-junho-obras-de-vestiarios-e-banheiros-tem-nova-previsao-de-entrega-em-15-dias\/#article","isPartOf":{"@id":"https:\/\/radiolifefm.com.br\/noticias\/apos-nao-serem-concluidas-ate-junho-obras-de-vestiarios-e-banheiros-tem-nova-previsao-de-entrega-em-15-dias\/"},"author":{"name":"ritanery","@id":"https:\/\/radiolifefm.com.br\/noticias\/#\/schema\/person\/6339b9fac59d12b071dec680d7375d87"},"headline":"Ap\u00f3s n\u00e3o serem conclu\u00eddas at\u00e9 junho, obras de vesti\u00e1rios e banheiros t\u00eam nova previs\u00e3o de entrega em 15 dias","datePublished":"2021-08-27T12:02:22+00:00","dateModified":"2025-12-19T23:23:21+00:00","mainEntityOfPage":{"@id":"https:\/\/radiolifefm.com.br\/noticias\/apos-nao-serem-concluidas-ate-junho-obras-de-vestiarios-e-banheiros-tem-nova-previsao-de-entrega-em-15-dias\/"},"wordCount":276,"publisher":{"@id":"https:\/\/radiolifefm.com.br\/noticias\/#organization"},"image":{"@id":"https:\/\/radiolifefm.com.br\/noticias\/apos-nao-serem-concluidas-ate-junho-obras-de-vestiarios-e-banheiros-tem-nova-previsao-de-entrega-em-15-dias\/#primaryimage"},"thumbnailUrl":"https:\/\/radiolifefm.com.br\/noticias\/wp-content\/uploads\/2021\/08\/F49-2.jpg","articleSection":["Adamantina"],"inLanguage":"pt-BR"},{"@type":"WebPage","@id":"https:\/\/radiolifefm.com.br\/noticias\/apos-nao-serem-concluidas-ate-junho-obras-de-vestiarios-e-banheiros-tem-nova-previsao-de-entrega-em-15-dias\/","url":"https:\/\/radiolifefm.com.br\/noticias\/apos-nao-serem-concluidas-ate-junho-obras-de-vestiarios-e-banheiros-tem-nova-previsao-de-entrega-em-15-dias\/","name":"Ap\u00f3s n\u00e3o serem conclu\u00eddas at\u00e9 junho, obras de vesti\u00e1rios e banheiros t\u00eam nova previs\u00e3o de entrega em 15 dias - R\u00e1dio Life FM","isPartOf":{"@id":"https:\/\/radiolifefm.com.br\/noticias\/#website"},"primaryImageOfPage":{"@id":"https:\/\/radiolifefm.com.br\/noticias\/apos-nao-serem-concluidas-ate-junho-obras-de-vestiarios-e-banheiros-tem-nova-previsao-de-entrega-em-15-dias\/#primaryimage"},"image":{"@id":"https:\/\/radiolifefm.com.br\/noticias\/apos-nao-serem-concluidas-ate-junho-obras-de-vestiarios-e-banheiros-tem-nova-previsao-de-entrega-em-15-dias\/#primaryimage"},"thumbnailUrl":"https:\/\/radiolifefm.com.br\/noticias\/wp-content\/uploads\/2021\/08\/F49-2.jpg","datePublished":"2021-08-27T12:02:22+00:00","dateModified":"2025-12-19T23:23:21+00:00","breadcrumb":{"@id":"https:\/\/radiolifefm.com.br\/noticias\/apos-nao-serem-concluidas-ate-junho-obras-de-vestiarios-e-banheiros-tem-nova-previsao-de-entrega-em-15-dias\/#breadcrumb"},"inLanguage":"pt-BR","potentialAction":[{"@type":"ReadAction","target":["https:\/\/radiolifefm.com.br\/noticias\/apos-nao-serem-concluidas-ate-junho-obras-de-vestiarios-e-banheiros-tem-nova-previsao-de-entrega-em-15-dias\/"]}]},{"@type":"ImageObject","inLanguage":"pt-BR","@id":"https:\/\/radiolifefm.com.br\/noticias\/apos-nao-serem-concluidas-ate-junho-obras-de-vestiarios-e-banheiros-tem-nova-previsao-de-entrega-em-15-dias\/#primaryimage","url":"https:\/\/radiolifefm.com.br\/noticias\/wp-content\/uploads\/2021\/08\/F49-2.jpg","contentUrl":"https:\/\/radiolifefm.com.br\/noticias\/wp-content\/uploads\/2021\/08\/F49-2.jpg","width":1132,"height":675},{"@type":"BreadcrumbList","@id":"https:\/\/radiolifefm.com.br\/noticias\/apos-nao-serem-concluidas-ate-junho-obras-de-vestiarios-e-banheiros-tem-nova-previsao-de-entrega-em-15-dias\/#breadcrumb","itemListElement":[{"@type":"ListItem","position":1,"name":"In\u00edcio","item":"https:\/\/radiolifefm.com.br\/noticias\/"},{"@type":"ListItem","position":2,"name":"Ap\u00f3s n\u00e3o serem conclu\u00eddas at\u00e9 junho, obras de vesti\u00e1rios e banheiros t\u00eam nova previs\u00e3o de entrega em 15 dias"}]},{"@type":"WebSite","@id":"https:\/\/radiolifefm.com.br\/noticias\/#website","url":"https:\/\/radiolifefm.com.br\/noticias\/","name":"R\u00e1dio Life FM","description":"O Portal de Not\u00edcias de Adamantina","publisher":{"@id":"https:\/\/radiolifefm.com.br\/noticias\/#organization"},"alternateName":"Life FM","potentialAction":[{"@type":"SearchAction","target":{"@type":"EntryPoint","urlTemplate":"https:\/\/radiolifefm.com.br\/noticias\/?s={search_term_string}"},"query-input":{"@type":"PropertyValueSpecification","valueRequired":true,"valueName":"search_term_string"}}],"inLanguage":"pt-BR"},{"@type":"Organization","@id":"https:\/\/radiolifefm.com.br\/noticias\/#organization","name":"R\u00e1dio Life FM","alternateName":"Life FM","url":"https:\/\/radiolifefm.com.br\/noticias\/","logo":{"@type":"ImageObject","inLanguage":"pt-BR","@id":"https:\/\/radiolifefm.com.br\/noticias\/#\/schema\/logo\/image\/","url":"https:\/\/static.radiolifefm.com.br\/noticias\/wp-content\/uploads\/2019\/10\/logo-lifefm.png","contentUrl":"https:\/\/static.radiolifefm.com.br\/noticias\/wp-content\/uploads\/2019\/10\/logo-lifefm.png","width":196,"height":47,"caption":"R\u00e1dio Life FM"},"image":{"@id":"https:\/\/radiolifefm.com.br\/noticias\/#\/schema\/logo\/image\/"},"sameAs":["https:\/\/www.facebook.com\/radiolifefm\/","https:\/\/www.instagram.com\/life1079fm\/"]},{"@type":"Person","@id":"https:\/\/radiolifefm.com.br\/noticias\/#\/schema\/person\/6339b9fac59d12b071dec680d7375d87","name":"ritanery","image":{"@type":"ImageObject","inLanguage":"pt-BR","@id":"https:\/\/secure.gravatar.com\/avatar\/0e37bb19071f47c0b8a23f62a903df117c5a0e75f65a0c2901562f97cd41cf86?s=96&d=mm&r=g","url":"https:\/\/secure.gravatar.com\/avatar\/0e37bb19071f47c0b8a23f62a903df117c5a0e75f65a0c2901562f97cd41cf86?s=96&d=mm&r=g","contentUrl":"https:\/\/secure.gravatar.com\/avatar\/0e37bb19071f47c0b8a23f62a903df117c5a0e75f65a0c2901562f97cd41cf86?s=96&d=mm&r=g","caption":"ritanery"}}]}},"amp_enabled":true,"_links":{"self":[{"href":"https:\/\/radiolifefm.com.br\/noticias\/wp-json\/wp\/v2\/posts\/42163","targetHints":{"allow":["GET"]}}],"collection":[{"href":"https:\/\/radiolifefm.com.br\/noticias\/wp-json\/wp\/v2\/posts"}],"about":[{"href":"https:\/\/radiolifefm.com.br\/noticias\/wp-json\/wp\/v2\/types\/post"}],"author":[{"embeddable":true,"href":"https:\/\/radiolifefm.com.br\/noticias\/wp-json\/wp\/v2\/users\/13"}],"replies":[{"embeddable":true,"href":"https:\/\/radiolifefm.com.br\/noticias\/wp-json\/wp\/v2\/comments?post=42163"}],"version-history":[{"count":1,"href":"https:\/\/radiolifefm.com.br\/noticias\/wp-json\/wp\/v2\/posts\/42163\/revisions"}],"predecessor-version":[{"id":42165,"href":"https:\/\/radiolifefm.com.br\/noticias\/wp-json\/wp\/v2\/posts\/42163\/revisions\/42165"}],"wp:featuredmedia":[{"embeddable":true,"href":"https:\/\/radiolifefm.com.br\/noticias\/wp-json\/wp\/v2\/media\/42164"}],"wp:attachment":[{"href":"https:\/\/radiolifefm.com.br\/noticias\/wp-json\/wp\/v2\/media?parent=42163"}],"wp:term":[{"taxonomy":"category","embeddable":true,"href":"https:\/\/radiolifefm.com.br\/noticias\/wp-json\/wp\/v2\/categories?post=42163"},{"taxonomy":"post_tag","embeddable":true,"href":"https:\/\/radiolifefm.com.br\/noticias\/wp-json\/wp\/v2\/tags?post=42163"}],"curies":[{"name":"wp","href":"https:\/\/api.w.org\/{rel}","templated":true}]}}