{"id":42042,"date":"2021-08-24T21:58:42","date_gmt":"2021-08-25T00:58:42","guid":{"rendered":"https:\/\/radiolifefm.com.br\/noticias\/?p=42042"},"modified":"2026-04-25T03:36:22","modified_gmt":"2026-04-25T06:36:22","slug":"cemiterio-denuncia-de-vazamento-decorrente-da-decomposicao-de-corpos-e-levada-ao-ministerio-publico","status":"publish","type":"post","link":"https:\/\/radiolifefm.com.br\/noticias\/cemiterio-denuncia-de-vazamento-decorrente-da-decomposicao-de-corpos-e-levada-ao-ministerio-publico\/","title":{"rendered":"Cemit\u00e9rio: den\u00fancia de vazamento decorrente da decomposi\u00e7\u00e3o de corpos \u00e9 levada ao Minist\u00e9rio P\u00fablico"},"content":{"rendered":"<div id=\"fb-root\"><\/div>\n<p>Nesta ter\u00e7a-feira (24), um dia depois do\u00a0<a href=\"https:\/\/www.sigamais.com\/noticias\/cidades\/vereador-denuncia-vazamento-possivelmente-da-decomposicao-de-corpos-das-gavetas-de-sepultamento\/\"><strong>conte\u00fado publicado pelo SIGA MAIS<\/strong><\/a>, sobre o vazamento de l\u00edquido decorrente da decomposi\u00e7\u00e3o de corpos, nas gavetas de sepultamento verticais, no Cemit\u00e9rio de Adamantina, e dois dias ap\u00f3s o v\u00eddeo do vereador Bigode da Capoeira \u2013 o primeiro a tornar p\u00fablica a den\u00fancia \u2013 o caso foi levado ao Minist\u00e9rio P\u00fablico do Estado de S\u00e3o Paulo (MPSP) e Tribunal de Contas do Estado de S\u00e3o Paulo (TCE-SP).<\/p>\n<p>&nbsp;<\/p>\n<p>A representa\u00e7\u00e3o \u00e9 assinada pelo autor do v\u00eddeo, acompanhado ainda dos vereadores Rafael Pacheco e Alcio Ikeda, todos do Podemos. Agora, o tema est\u00e1 nas m\u00e3os dos dois \u00f3rg\u00e3os de fiscaliza\u00e7\u00e3o externa.<\/p>\n<p>&nbsp;<\/p>\n<p>No documento, os vereadores relatam terem recebido dezenas de reclama\u00e7\u00f5es e den\u00fancias feitas por moradores que t\u00eam entes sepultados nas gavetas verticais no Cemit\u00e9rio local, estrutura que foi\u00a0<a href=\"https:\/\/www.sigamais.com\/noticias\/cidades\/prefeitura-inicia-sepultamentos-em-cemiterio-vertical\/\"><strong>implantada h\u00e1 dois anos<\/strong><\/a>, pela Prefeitura de Adamantina, j\u00e1 que n\u00e3o foi tomada nenhuma outra medida em raz\u00e3o do esgotamento dos espa\u00e7os de sepultamento. \u201cOs relatos se referem as p\u00e9ssimas condi\u00e7\u00f5es de higiene, sanit\u00e1rias e de manuten\u00e7\u00e3o\u201d, escrevem os vereadores.<\/p>\n<p>&nbsp;<\/p>\n<p>Diante das reclama\u00e7\u00f5es de moradores, os vereadores destacam, no texto encaminhado ao MPSP e TCESP, que foram feitos pedidos verbais e por indica\u00e7\u00f5es e requerimentos, aos representantes da Prefeitura, sobre o problema. \u201cConsiderando os in\u00fameros pedidos dos mun\u00edcipes, estivemos algumas vezes visitando e fiscalizando o cemit\u00e9rio e, ap\u00f3s constatarmos a veracidade das den\u00fancias, fizemos diversos apelos verbais e\/ou via indica\u00e7\u00f5es e requerimentos cobrando atitudes do Poder Executivo Municipal, respons\u00e1vel pela manuten\u00e7\u00e3o do cemit\u00e9rio, conforme prev\u00ea a Lei Org\u00e2nica do Munic\u00edpio de Adamantina\u201d.<\/p>\n<p>&nbsp;<\/p>\n<p>A reposta do Poder Executivo Municipal, aos vereadores \u2013 conforme relataram no documento ao MPSP e ao TCE-SP &#8211; \u00e9 de que o sistema estaria funcionando em normalidade. \u201cInformamos que em nossos questionamentos, as respostas foram no sentido de que h\u00e1 uma certa normalidade em rela\u00e7\u00e3o a situa\u00e7\u00e3o das gavetas verticais, n\u00e3o retratando a realidade dos fatos e totalmente em desencontro aos leg\u00edtimos anseios da popula\u00e7\u00e3o\u201d, descrevem.<\/p>\n<p>&nbsp;<\/p>\n<p><strong>Como se fosse \u201clixo humano\u201d<\/strong><\/p>\n<p>Ainda de acordo com o texto da representa\u00e7\u00e3o, os vereadores apontam que o material que vaza dos m\u00f3dulos de sepultamento seria necrochorume, composto por duas subst\u00e2ncias altamente t\u00f3xicas: a cadaverina e a putrescina. \u201cPor meio das fotos que seguem em anexo, \u00e9 poss\u00edvel constatar o vazamento de necrochorume, subst\u00e2ncia altamente t\u00f3xica, que exala mal cheiro, sujando as gavetas e seus apetrechos de decora\u00e7\u00e3o, se acumulando no ch\u00e3o, e consequentemente sendo absorvido pelo solo, podendo, inclusive, estar causando contamina\u00e7\u00e3o t\u00f3xica no len\u00e7ol fre\u00e1tico, em desacordo com as normas da CETESB \u2013 Companhia Ambiental do Estado de S\u00e3o Paulo\u201d, descreve.<\/p>\n<p><!-- Embedded with Magic Embeds - https:\/\/magicembeds.com --><\/p>\n<div class=\"wef-measure\" style=\"max-width: 450px;\"><\/div>\n<div class=\"fb-video\" data-href=\"https:\/\/www.facebook.com\/watch\/?v=490626499051074\" data-allowfullscreen=\"true\" data-autoplay=\"false\" data-width=\"450\" data-show-text=\"false\" data-show-captions=\"true\"><\/div>\n<p>Conforme o documento levado ao MPSP e ao TCESP, al\u00e9m dos riscos ambientais e \u00e0 sa\u00fade das pessoas, a situa\u00e7\u00e3o \u00e9 definida como degradante e humilhante. \u201cEm decorr\u00eancia de todo o exposto, a conclus\u00e3o \u00e9 a causa de in\u00fameros transtornos, sofrimentos e humilha\u00e7\u00f5es para os familiares e visitantes do local, al\u00e9m do risco a sa\u00fade p\u00fablica. Inclusive, h\u00e1 relatos de pessoas que passaram mal e entraram em p\u00e2nico ao ver os restos mortais de seus familiares vazando no solo, como se fosse um \u2018lixo humano\u2019\u201d.<\/p>\n<p>&nbsp;<\/p>\n<p>No documento, os vereadores informam terem juntado fotos da atual situa\u00e7\u00e3o e o empenho referente \u00e0 contrata\u00e7\u00e3o da empresa para a instala\u00e7\u00e3o da estrutura de sepultamento, e ainda citam duas refer\u00eancias sobre o caso, publicadas na imprensa local, nos portais SIGA MAIS e ADAMANTINANET. \u201cAssim, solicitamos que esta Promotoria de Justi\u00e7a desta comarca tome as medidas que julgar pertinentes a fim de normalizar a grave situa\u00e7\u00e3o relatada\u201d, finalizam.<\/p>\n<p>&nbsp;<\/p>\n<p><strong>Em 2019, prefeitura divulgou que a iniciativa era modelo para outras cidades<\/strong><\/p>\n<p>Em agosto de 2019 o poder p\u00fabico municipal divulgou que a iniciativa era\u00a0<a href=\"https:\/\/www.sigamais.com\/noticias\/cidades\/cemiterio-vertical-de-adamantina-e-modelo-para-outras-cidades\/\"><strong>modelo para outras cidades<\/strong><\/a>. O texto produzido pela Prefeitura de Adamantina, na \u00e9poca, foi publicado pela imprensa.<\/p>\n<p>&nbsp;<\/p>\n<p><strong>Decis\u00e3o sobre amplia\u00e7\u00e3o do cemit\u00e9rio deve ficar para 2022<\/strong><\/p>\n<p>Em recente entrevista \u00e0\u00a0<a href=\"https:\/\/adamantinanet.com.br\/2021\/08\/23\/cemitadamantina23082021y\/\"><strong>TV Folha Regional<\/strong><\/a>,\u00a0o prefeito M\u00e1rcio Cardim concordou que o modelo verticalizado de sepultamento, instalado eu sua administra\u00e7\u00e3o no Cemit\u00e9rio de Adamantina, causa constrangimento \u00e0s pessoas. \u201cPara n\u00f3s (Administra\u00e7\u00e3o) tamb\u00e9m era uma coisa nova, mas t\u00ednhamos que dar uma solu\u00e7\u00e3o imediata porque n\u00e3o tinha mais espa\u00e7o para abertura de t\u00famulos no ch\u00e3o. Mas esperamos conseguir solucionar de vez essa quest\u00e3o com a amplia\u00e7\u00e3o do cemit\u00e9rio convencional\u201d, disse.<\/p>\n<p>&nbsp;<\/p>\n<p>De acordo com a reportagem do Folha Regional, a proposta \u00e9 ampliar o Cemit\u00e9rio para a \u00e1rea em frente, ao lado do Vel\u00f3rio da Saudade, o que est\u00e1 em estudos. A decis\u00e3o definitiva deve ser tomada no ano que vem.<\/p>\n<p>&nbsp;<\/p>\n<p>Fonte: Siga Mais<\/p>\n","protected":false},"excerpt":{"rendered":"<p>Nesta ter\u00e7a-feira (24), um dia depois do\u00a0conte\u00fado publicado pelo SIGA MAIS, sobre o vazamento de l\u00edquido decorrente da decomposi\u00e7\u00e3o de corpos, nas gavetas de sepultamento verticais, no Cemit\u00e9rio de Adamantina, e dois dias ap\u00f3s o v\u00eddeo do vereador Bigode da Capoeira \u2013 o primeiro a tornar p\u00fablica a den\u00fancia \u2013 o caso foi levado ao [&hellip;]<\/p>\n","protected":false},"author":13,"featured_media":41996,"comment_status":"closed","ping_status":"open","sticky":false,"template":"","format":"standard","meta":{"_acf_changed":false,"_exactmetrics_skip_tracking":false,"_exactmetrics_sitenote_active":false,"_exactmetrics_sitenote_note":"","_exactmetrics_sitenote_category":0,"footnotes":""},"categories":[21],"tags":[],"class_list":["post-42042","post","type-post","status-publish","format-standard","has-post-thumbnail","hentry","category-adamantina"],"acf":[],"yoast_head":"<!-- This site is optimized with the Yoast SEO plugin v27.2 - https:\/\/yoast.com\/product\/yoast-seo-wordpress\/ -->\n<title>Cemit\u00e9rio: den\u00fancia de vazamento decorrente da decomposi\u00e7\u00e3o de corpos \u00e9 levada ao Minist\u00e9rio P\u00fablico - R\u00e1dio Life FM<\/title>\n<meta name=\"robots\" content=\"index, follow, max-snippet:-1, max-image-preview:large, max-video-preview:-1\" \/>\n<link rel=\"canonical\" href=\"https:\/\/radiolifefm.com.br\/noticias\/cemiterio-denuncia-de-vazamento-decorrente-da-decomposicao-de-corpos-e-levada-ao-ministerio-publico\/\" \/>\n<meta property=\"og:locale\" content=\"pt_BR\" \/>\n<meta property=\"og:type\" content=\"article\" \/>\n<meta property=\"og:title\" content=\"Cemit\u00e9rio: den\u00fancia de vazamento decorrente da decomposi\u00e7\u00e3o de corpos \u00e9 levada ao Minist\u00e9rio P\u00fablico - R\u00e1dio Life FM\" \/>\n<meta property=\"og:description\" content=\"Nesta ter\u00e7a-feira (24), um dia depois do\u00a0conte\u00fado publicado pelo SIGA MAIS, sobre o vazamento de l\u00edquido decorrente da decomposi\u00e7\u00e3o de corpos, nas gavetas de sepultamento verticais, no Cemit\u00e9rio de Adamantina, e dois dias ap\u00f3s o v\u00eddeo do vereador Bigode da Capoeira \u2013 o primeiro a tornar p\u00fablica a den\u00fancia \u2013 o caso foi levado ao [&hellip;]\" \/>\n<meta property=\"og:url\" content=\"https:\/\/radiolifefm.com.br\/noticias\/cemiterio-denuncia-de-vazamento-decorrente-da-decomposicao-de-corpos-e-levada-ao-ministerio-publico\/\" \/>\n<meta property=\"og:site_name\" content=\"R\u00e1dio Life FM\" \/>\n<meta property=\"article:publisher\" content=\"https:\/\/www.facebook.com\/radiolifefm\/\" \/>\n<meta property=\"article:published_time\" content=\"2021-08-25T00:58:42+00:00\" \/>\n<meta property=\"article:modified_time\" content=\"2026-04-25T06:36:22+00:00\" \/>\n<meta property=\"og:image\" content=\"https:\/\/radiolifefm.com.br\/noticias\/wp-content\/uploads\/2021\/08\/img6988jpg16297461496123f3e5c3278.jpeg\" \/>\n\t<meta property=\"og:image:width\" content=\"600\" \/>\n\t<meta property=\"og:image:height\" content=\"337\" \/>\n\t<meta property=\"og:image:type\" content=\"image\/jpeg\" \/>\n<meta name=\"author\" content=\"ritanery\" \/>\n<meta name=\"twitter:card\" content=\"summary_large_image\" \/>\n<meta name=\"twitter:label1\" content=\"Escrito por\" \/>\n\t<meta name=\"twitter:data1\" content=\"ritanery\" \/>\n\t<meta name=\"twitter:label2\" content=\"Est. tempo de leitura\" \/>\n\t<meta name=\"twitter:data2\" content=\"4 minutos\" \/>\n<script type=\"application\/ld+json\" class=\"yoast-schema-graph\">{\"@context\":\"https:\/\/schema.org\",\"@graph\":[{\"@type\":\"Article\",\"@id\":\"https:\/\/radiolifefm.com.br\/noticias\/cemiterio-denuncia-de-vazamento-decorrente-da-decomposicao-de-corpos-e-levada-ao-ministerio-publico\/#article\",\"isPartOf\":{\"@id\":\"https:\/\/radiolifefm.com.br\/noticias\/cemiterio-denuncia-de-vazamento-decorrente-da-decomposicao-de-corpos-e-levada-ao-ministerio-publico\/\"},\"author\":{\"name\":\"ritanery\",\"@id\":\"https:\/\/radiolifefm.com.br\/noticias\/#\/schema\/person\/6339b9fac59d12b071dec680d7375d87\"},\"headline\":\"Cemit\u00e9rio: den\u00fancia de vazamento decorrente da decomposi\u00e7\u00e3o de corpos \u00e9 levada ao Minist\u00e9rio P\u00fablico\",\"datePublished\":\"2021-08-25T00:58:42+00:00\",\"dateModified\":\"2026-04-25T06:36:22+00:00\",\"mainEntityOfPage\":{\"@id\":\"https:\/\/radiolifefm.com.br\/noticias\/cemiterio-denuncia-de-vazamento-decorrente-da-decomposicao-de-corpos-e-levada-ao-ministerio-publico\/\"},\"wordCount\":864,\"publisher\":{\"@id\":\"https:\/\/radiolifefm.com.br\/noticias\/#organization\"},\"image\":{\"@id\":\"https:\/\/radiolifefm.com.br\/noticias\/cemiterio-denuncia-de-vazamento-decorrente-da-decomposicao-de-corpos-e-levada-ao-ministerio-publico\/#primaryimage\"},\"thumbnailUrl\":\"https:\/\/radiolifefm.com.br\/noticias\/wp-content\/uploads\/2021\/08\/img6988jpg16297461496123f3e5c3278.jpeg\",\"articleSection\":[\"Adamantina\"],\"inLanguage\":\"pt-BR\"},{\"@type\":\"WebPage\",\"@id\":\"https:\/\/radiolifefm.com.br\/noticias\/cemiterio-denuncia-de-vazamento-decorrente-da-decomposicao-de-corpos-e-levada-ao-ministerio-publico\/\",\"url\":\"https:\/\/radiolifefm.com.br\/noticias\/cemiterio-denuncia-de-vazamento-decorrente-da-decomposicao-de-corpos-e-levada-ao-ministerio-publico\/\",\"name\":\"Cemit\u00e9rio: den\u00fancia de vazamento decorrente da decomposi\u00e7\u00e3o de corpos \u00e9 levada ao Minist\u00e9rio P\u00fablico - R\u00e1dio Life FM\",\"isPartOf\":{\"@id\":\"https:\/\/radiolifefm.com.br\/noticias\/#website\"},\"primaryImageOfPage\":{\"@id\":\"https:\/\/radiolifefm.com.br\/noticias\/cemiterio-denuncia-de-vazamento-decorrente-da-decomposicao-de-corpos-e-levada-ao-ministerio-publico\/#primaryimage\"},\"image\":{\"@id\":\"https:\/\/radiolifefm.com.br\/noticias\/cemiterio-denuncia-de-vazamento-decorrente-da-decomposicao-de-corpos-e-levada-ao-ministerio-publico\/#primaryimage\"},\"thumbnailUrl\":\"https:\/\/radiolifefm.com.br\/noticias\/wp-content\/uploads\/2021\/08\/img6988jpg16297461496123f3e5c3278.jpeg\",\"datePublished\":\"2021-08-25T00:58:42+00:00\",\"dateModified\":\"2026-04-25T06:36:22+00:00\",\"breadcrumb\":{\"@id\":\"https:\/\/radiolifefm.com.br\/noticias\/cemiterio-denuncia-de-vazamento-decorrente-da-decomposicao-de-corpos-e-levada-ao-ministerio-publico\/#breadcrumb\"},\"inLanguage\":\"pt-BR\",\"potentialAction\":[{\"@type\":\"ReadAction\",\"target\":[\"https:\/\/radiolifefm.com.br\/noticias\/cemiterio-denuncia-de-vazamento-decorrente-da-decomposicao-de-corpos-e-levada-ao-ministerio-publico\/\"]}]},{\"@type\":\"ImageObject\",\"inLanguage\":\"pt-BR\",\"@id\":\"https:\/\/radiolifefm.com.br\/noticias\/cemiterio-denuncia-de-vazamento-decorrente-da-decomposicao-de-corpos-e-levada-ao-ministerio-publico\/#primaryimage\",\"url\":\"https:\/\/radiolifefm.com.br\/noticias\/wp-content\/uploads\/2021\/08\/img6988jpg16297461496123f3e5c3278.jpeg\",\"contentUrl\":\"https:\/\/radiolifefm.com.br\/noticias\/wp-content\/uploads\/2021\/08\/img6988jpg16297461496123f3e5c3278.jpeg\",\"width\":600,\"height\":337,\"caption\":\"Representa\u00e7\u00e3o \u00e9 assinada pelos vereadores Bigode da Capoeira, Rafael Pacheco e Alcio Ikeda.\"},{\"@type\":\"BreadcrumbList\",\"@id\":\"https:\/\/radiolifefm.com.br\/noticias\/cemiterio-denuncia-de-vazamento-decorrente-da-decomposicao-de-corpos-e-levada-ao-ministerio-publico\/#breadcrumb\",\"itemListElement\":[{\"@type\":\"ListItem\",\"position\":1,\"name\":\"In\u00edcio\",\"item\":\"https:\/\/radiolifefm.com.br\/noticias\/\"},{\"@type\":\"ListItem\",\"position\":2,\"name\":\"Cemit\u00e9rio: den\u00fancia de vazamento decorrente da decomposi\u00e7\u00e3o de corpos \u00e9 levada ao Minist\u00e9rio P\u00fablico\"}]},{\"@type\":\"WebSite\",\"@id\":\"https:\/\/radiolifefm.com.br\/noticias\/#website\",\"url\":\"https:\/\/radiolifefm.com.br\/noticias\/\",\"name\":\"R\u00e1dio Life FM\",\"description\":\"O Portal de Not\u00edcias de Adamantina\",\"publisher\":{\"@id\":\"https:\/\/radiolifefm.com.br\/noticias\/#organization\"},\"alternateName\":\"Life FM\",\"potentialAction\":[{\"@type\":\"SearchAction\",\"target\":{\"@type\":\"EntryPoint\",\"urlTemplate\":\"https:\/\/radiolifefm.com.br\/noticias\/?s={search_term_string}\"},\"query-input\":{\"@type\":\"PropertyValueSpecification\",\"valueRequired\":true,\"valueName\":\"search_term_string\"}}],\"inLanguage\":\"pt-BR\"},{\"@type\":\"Organization\",\"@id\":\"https:\/\/radiolifefm.com.br\/noticias\/#organization\",\"name\":\"R\u00e1dio Life FM\",\"alternateName\":\"Life FM\",\"url\":\"https:\/\/radiolifefm.com.br\/noticias\/\",\"logo\":{\"@type\":\"ImageObject\",\"inLanguage\":\"pt-BR\",\"@id\":\"https:\/\/radiolifefm.com.br\/noticias\/#\/schema\/logo\/image\/\",\"url\":\"https:\/\/static.radiolifefm.com.br\/noticias\/wp-content\/uploads\/2019\/10\/logo-lifefm.png\",\"contentUrl\":\"https:\/\/static.radiolifefm.com.br\/noticias\/wp-content\/uploads\/2019\/10\/logo-lifefm.png\",\"width\":196,\"height\":47,\"caption\":\"R\u00e1dio Life FM\"},\"image\":{\"@id\":\"https:\/\/radiolifefm.com.br\/noticias\/#\/schema\/logo\/image\/\"},\"sameAs\":[\"https:\/\/www.facebook.com\/radiolifefm\/\",\"https:\/\/www.instagram.com\/life1079fm\/\"]},{\"@type\":\"Person\",\"@id\":\"https:\/\/radiolifefm.com.br\/noticias\/#\/schema\/person\/6339b9fac59d12b071dec680d7375d87\",\"name\":\"ritanery\",\"image\":{\"@type\":\"ImageObject\",\"inLanguage\":\"pt-BR\",\"@id\":\"https:\/\/secure.gravatar.com\/avatar\/0e37bb19071f47c0b8a23f62a903df117c5a0e75f65a0c2901562f97cd41cf86?s=96&d=mm&r=g\",\"url\":\"https:\/\/secure.gravatar.com\/avatar\/0e37bb19071f47c0b8a23f62a903df117c5a0e75f65a0c2901562f97cd41cf86?s=96&d=mm&r=g\",\"contentUrl\":\"https:\/\/secure.gravatar.com\/avatar\/0e37bb19071f47c0b8a23f62a903df117c5a0e75f65a0c2901562f97cd41cf86?s=96&d=mm&r=g\",\"caption\":\"ritanery\"}}]}<\/script>\n<!-- \/ Yoast SEO plugin. -->","yoast_head_json":{"title":"Cemit\u00e9rio: den\u00fancia de vazamento decorrente da decomposi\u00e7\u00e3o de corpos \u00e9 levada ao Minist\u00e9rio P\u00fablico - R\u00e1dio Life FM","robots":{"index":"index","follow":"follow","max-snippet":"max-snippet:-1","max-image-preview":"max-image-preview:large","max-video-preview":"max-video-preview:-1"},"canonical":"https:\/\/radiolifefm.com.br\/noticias\/cemiterio-denuncia-de-vazamento-decorrente-da-decomposicao-de-corpos-e-levada-ao-ministerio-publico\/","og_locale":"pt_BR","og_type":"article","og_title":"Cemit\u00e9rio: den\u00fancia de vazamento decorrente da decomposi\u00e7\u00e3o de corpos \u00e9 levada ao Minist\u00e9rio P\u00fablico - R\u00e1dio Life FM","og_description":"Nesta ter\u00e7a-feira (24), um dia depois do\u00a0conte\u00fado publicado pelo SIGA MAIS, sobre o vazamento de l\u00edquido decorrente da decomposi\u00e7\u00e3o de corpos, nas gavetas de sepultamento verticais, no Cemit\u00e9rio de Adamantina, e dois dias ap\u00f3s o v\u00eddeo do vereador Bigode da Capoeira \u2013 o primeiro a tornar p\u00fablica a den\u00fancia \u2013 o caso foi levado ao [&hellip;]","og_url":"https:\/\/radiolifefm.com.br\/noticias\/cemiterio-denuncia-de-vazamento-decorrente-da-decomposicao-de-corpos-e-levada-ao-ministerio-publico\/","og_site_name":"R\u00e1dio Life FM","article_publisher":"https:\/\/www.facebook.com\/radiolifefm\/","article_published_time":"2021-08-25T00:58:42+00:00","article_modified_time":"2026-04-25T06:36:22+00:00","og_image":[{"width":600,"height":337,"url":"https:\/\/radiolifefm.com.br\/noticias\/wp-content\/uploads\/2021\/08\/img6988jpg16297461496123f3e5c3278.jpeg","type":"image\/jpeg"}],"author":"ritanery","twitter_card":"summary_large_image","twitter_misc":{"Escrito por":"ritanery","Est. tempo de leitura":"4 minutos"},"schema":{"@context":"https:\/\/schema.org","@graph":[{"@type":"Article","@id":"https:\/\/radiolifefm.com.br\/noticias\/cemiterio-denuncia-de-vazamento-decorrente-da-decomposicao-de-corpos-e-levada-ao-ministerio-publico\/#article","isPartOf":{"@id":"https:\/\/radiolifefm.com.br\/noticias\/cemiterio-denuncia-de-vazamento-decorrente-da-decomposicao-de-corpos-e-levada-ao-ministerio-publico\/"},"author":{"name":"ritanery","@id":"https:\/\/radiolifefm.com.br\/noticias\/#\/schema\/person\/6339b9fac59d12b071dec680d7375d87"},"headline":"Cemit\u00e9rio: den\u00fancia de vazamento decorrente da decomposi\u00e7\u00e3o de corpos \u00e9 levada ao Minist\u00e9rio P\u00fablico","datePublished":"2021-08-25T00:58:42+00:00","dateModified":"2026-04-25T06:36:22+00:00","mainEntityOfPage":{"@id":"https:\/\/radiolifefm.com.br\/noticias\/cemiterio-denuncia-de-vazamento-decorrente-da-decomposicao-de-corpos-e-levada-ao-ministerio-publico\/"},"wordCount":864,"publisher":{"@id":"https:\/\/radiolifefm.com.br\/noticias\/#organization"},"image":{"@id":"https:\/\/radiolifefm.com.br\/noticias\/cemiterio-denuncia-de-vazamento-decorrente-da-decomposicao-de-corpos-e-levada-ao-ministerio-publico\/#primaryimage"},"thumbnailUrl":"https:\/\/radiolifefm.com.br\/noticias\/wp-content\/uploads\/2021\/08\/img6988jpg16297461496123f3e5c3278.jpeg","articleSection":["Adamantina"],"inLanguage":"pt-BR"},{"@type":"WebPage","@id":"https:\/\/radiolifefm.com.br\/noticias\/cemiterio-denuncia-de-vazamento-decorrente-da-decomposicao-de-corpos-e-levada-ao-ministerio-publico\/","url":"https:\/\/radiolifefm.com.br\/noticias\/cemiterio-denuncia-de-vazamento-decorrente-da-decomposicao-de-corpos-e-levada-ao-ministerio-publico\/","name":"Cemit\u00e9rio: den\u00fancia de vazamento decorrente da decomposi\u00e7\u00e3o de corpos \u00e9 levada ao Minist\u00e9rio P\u00fablico - R\u00e1dio Life FM","isPartOf":{"@id":"https:\/\/radiolifefm.com.br\/noticias\/#website"},"primaryImageOfPage":{"@id":"https:\/\/radiolifefm.com.br\/noticias\/cemiterio-denuncia-de-vazamento-decorrente-da-decomposicao-de-corpos-e-levada-ao-ministerio-publico\/#primaryimage"},"image":{"@id":"https:\/\/radiolifefm.com.br\/noticias\/cemiterio-denuncia-de-vazamento-decorrente-da-decomposicao-de-corpos-e-levada-ao-ministerio-publico\/#primaryimage"},"thumbnailUrl":"https:\/\/radiolifefm.com.br\/noticias\/wp-content\/uploads\/2021\/08\/img6988jpg16297461496123f3e5c3278.jpeg","datePublished":"2021-08-25T00:58:42+00:00","dateModified":"2026-04-25T06:36:22+00:00","breadcrumb":{"@id":"https:\/\/radiolifefm.com.br\/noticias\/cemiterio-denuncia-de-vazamento-decorrente-da-decomposicao-de-corpos-e-levada-ao-ministerio-publico\/#breadcrumb"},"inLanguage":"pt-BR","potentialAction":[{"@type":"ReadAction","target":["https:\/\/radiolifefm.com.br\/noticias\/cemiterio-denuncia-de-vazamento-decorrente-da-decomposicao-de-corpos-e-levada-ao-ministerio-publico\/"]}]},{"@type":"ImageObject","inLanguage":"pt-BR","@id":"https:\/\/radiolifefm.com.br\/noticias\/cemiterio-denuncia-de-vazamento-decorrente-da-decomposicao-de-corpos-e-levada-ao-ministerio-publico\/#primaryimage","url":"https:\/\/radiolifefm.com.br\/noticias\/wp-content\/uploads\/2021\/08\/img6988jpg16297461496123f3e5c3278.jpeg","contentUrl":"https:\/\/radiolifefm.com.br\/noticias\/wp-content\/uploads\/2021\/08\/img6988jpg16297461496123f3e5c3278.jpeg","width":600,"height":337,"caption":"Representa\u00e7\u00e3o \u00e9 assinada pelos vereadores Bigode da Capoeira, Rafael Pacheco e Alcio Ikeda."},{"@type":"BreadcrumbList","@id":"https:\/\/radiolifefm.com.br\/noticias\/cemiterio-denuncia-de-vazamento-decorrente-da-decomposicao-de-corpos-e-levada-ao-ministerio-publico\/#breadcrumb","itemListElement":[{"@type":"ListItem","position":1,"name":"In\u00edcio","item":"https:\/\/radiolifefm.com.br\/noticias\/"},{"@type":"ListItem","position":2,"name":"Cemit\u00e9rio: den\u00fancia de vazamento decorrente da decomposi\u00e7\u00e3o de corpos \u00e9 levada ao Minist\u00e9rio P\u00fablico"}]},{"@type":"WebSite","@id":"https:\/\/radiolifefm.com.br\/noticias\/#website","url":"https:\/\/radiolifefm.com.br\/noticias\/","name":"R\u00e1dio Life FM","description":"O Portal de Not\u00edcias de Adamantina","publisher":{"@id":"https:\/\/radiolifefm.com.br\/noticias\/#organization"},"alternateName":"Life FM","potentialAction":[{"@type":"SearchAction","target":{"@type":"EntryPoint","urlTemplate":"https:\/\/radiolifefm.com.br\/noticias\/?s={search_term_string}"},"query-input":{"@type":"PropertyValueSpecification","valueRequired":true,"valueName":"search_term_string"}}],"inLanguage":"pt-BR"},{"@type":"Organization","@id":"https:\/\/radiolifefm.com.br\/noticias\/#organization","name":"R\u00e1dio Life FM","alternateName":"Life FM","url":"https:\/\/radiolifefm.com.br\/noticias\/","logo":{"@type":"ImageObject","inLanguage":"pt-BR","@id":"https:\/\/radiolifefm.com.br\/noticias\/#\/schema\/logo\/image\/","url":"https:\/\/static.radiolifefm.com.br\/noticias\/wp-content\/uploads\/2019\/10\/logo-lifefm.png","contentUrl":"https:\/\/static.radiolifefm.com.br\/noticias\/wp-content\/uploads\/2019\/10\/logo-lifefm.png","width":196,"height":47,"caption":"R\u00e1dio Life FM"},"image":{"@id":"https:\/\/radiolifefm.com.br\/noticias\/#\/schema\/logo\/image\/"},"sameAs":["https:\/\/www.facebook.com\/radiolifefm\/","https:\/\/www.instagram.com\/life1079fm\/"]},{"@type":"Person","@id":"https:\/\/radiolifefm.com.br\/noticias\/#\/schema\/person\/6339b9fac59d12b071dec680d7375d87","name":"ritanery","image":{"@type":"ImageObject","inLanguage":"pt-BR","@id":"https:\/\/secure.gravatar.com\/avatar\/0e37bb19071f47c0b8a23f62a903df117c5a0e75f65a0c2901562f97cd41cf86?s=96&d=mm&r=g","url":"https:\/\/secure.gravatar.com\/avatar\/0e37bb19071f47c0b8a23f62a903df117c5a0e75f65a0c2901562f97cd41cf86?s=96&d=mm&r=g","contentUrl":"https:\/\/secure.gravatar.com\/avatar\/0e37bb19071f47c0b8a23f62a903df117c5a0e75f65a0c2901562f97cd41cf86?s=96&d=mm&r=g","caption":"ritanery"}}]}},"amp_enabled":true,"_links":{"self":[{"href":"https:\/\/radiolifefm.com.br\/noticias\/wp-json\/wp\/v2\/posts\/42042","targetHints":{"allow":["GET"]}}],"collection":[{"href":"https:\/\/radiolifefm.com.br\/noticias\/wp-json\/wp\/v2\/posts"}],"about":[{"href":"https:\/\/radiolifefm.com.br\/noticias\/wp-json\/wp\/v2\/types\/post"}],"author":[{"embeddable":true,"href":"https:\/\/radiolifefm.com.br\/noticias\/wp-json\/wp\/v2\/users\/13"}],"replies":[{"embeddable":true,"href":"https:\/\/radiolifefm.com.br\/noticias\/wp-json\/wp\/v2\/comments?post=42042"}],"version-history":[{"count":3,"href":"https:\/\/radiolifefm.com.br\/noticias\/wp-json\/wp\/v2\/posts\/42042\/revisions"}],"predecessor-version":[{"id":42045,"href":"https:\/\/radiolifefm.com.br\/noticias\/wp-json\/wp\/v2\/posts\/42042\/revisions\/42045"}],"wp:featuredmedia":[{"embeddable":true,"href":"https:\/\/radiolifefm.com.br\/noticias\/wp-json\/wp\/v2\/media\/41996"}],"wp:attachment":[{"href":"https:\/\/radiolifefm.com.br\/noticias\/wp-json\/wp\/v2\/media?parent=42042"}],"wp:term":[{"taxonomy":"category","embeddable":true,"href":"https:\/\/radiolifefm.com.br\/noticias\/wp-json\/wp\/v2\/categories?post=42042"},{"taxonomy":"post_tag","embeddable":true,"href":"https:\/\/radiolifefm.com.br\/noticias\/wp-json\/wp\/v2\/tags?post=42042"}],"curies":[{"name":"wp","href":"https:\/\/api.w.org\/{rel}","templated":true}]}}