{"id":42033,"date":"2021-08-24T21:44:21","date_gmt":"2021-08-25T00:44:21","guid":{"rendered":"https:\/\/radiolifefm.com.br\/noticias\/?p=42033"},"modified":"2026-04-21T11:46:17","modified_gmt":"2026-04-21T14:46:17","slug":"prefeitura-de-adamantina-prossegue-com-as-tratativas-visando-a-regionalizacao-e-integralizacao-da-saude","status":"publish","type":"post","link":"https:\/\/radiolifefm.com.br\/noticias\/prefeitura-de-adamantina-prossegue-com-as-tratativas-visando-a-regionalizacao-e-integralizacao-da-saude\/","title":{"rendered":"Prefeitura de Adamantina prossegue com as tratativas visando a Regionaliza\u00e7\u00e3o e Integraliza\u00e7\u00e3o da Sa\u00fade"},"content":{"rendered":"<div id=\"fb-root\"><\/div>\n<p>No in\u00edcio da tarde de ontem (23), foi realizada mais uma etapa do projeto de regionaliza\u00e7\u00e3o e integraliza\u00e7\u00e3o da sa\u00fade.<\/p>\n<p>&nbsp;<\/p>\n<p>O encontro contou com a presen\u00e7a do prefeito M\u00e1rcio Cardim, a vice-prefeita Maria de Lourdes Santos Gil \u201cDinha\u201d, o secret\u00e1rio de sa\u00fade Gustavo Rufino, a secret\u00e1ria de gabinete Luciana Pereira, a procuradora geral do munic\u00edpio Cl\u00e1udia Bitencourte Campos, o presidente da C\u00e2mara Paulo Cervelheira, o gerente administrativo da Santa Casa, Renato Sobral, o reitor da Unifai, Prof. Dr. Alexandre Teixeira de Souza e o vice-reitor Prof. Dr. Wendel Cleber Soares.<\/p>\n<p>&nbsp;<\/p>\n<p>A regionaliza\u00e7\u00e3o e integraliza\u00e7\u00e3o de sa\u00fade \u00e9 uma pauta que vem sendo discutida com o objetivo de integrar as especialidades com exames diagn\u00f3sticos e cirurgias voltadas aos moradores que integram a 10\u00aa microrregi\u00e3o de sa\u00fade e assim\u00a0transformar Adamantina em um p\u00f3lo regional de aten\u00e7\u00e3o integral \u00e0 sa\u00fade.<\/p>\n<p>&nbsp;<\/p>\n<p>Com sua efetiva\u00e7\u00e3o, o projeto visa, entre outros, melhorar a qualidade de vida da popula\u00e7\u00e3o e conjuntamente aperfei\u00e7oar o ensino oferecido aos graduandos do curso de medicina e demais cursos da \u00e1rea sa\u00fade disponibilizados pelo Centro Universit\u00e1rio de Adamantina (UniFAI), atrav\u00e9s da estrutura de sa\u00fade das unidades b\u00e1sicas de sa\u00fade do munic\u00edpio e da Santa Casa, bem como de alguns munic\u00edpios da regi\u00e3o.<\/p>\n<p>&nbsp;<\/p>\n<p>O Executivo est\u00e1 formatando o projeto de regionaliza\u00e7\u00e3o e integraliza\u00e7\u00e3o, em parceria com a Santa Casa e UNIFAI, com apoio dos munic\u00edpios que integram a microrregi\u00e3o de sa\u00fade de Adamantina e em breve, ele ser\u00e1 apresentado ao Governo do Estado de S\u00e3o Paulo em breve.<\/p>\n<p>&nbsp;<\/p>\n<p><strong>Relembre<\/strong><\/p>\n<p>A Prefeitura de Adamantina j\u00e1 realizou reuni\u00f5es com os 10 munic\u00edpios que integram a 10\u00aa microrregi\u00e3o de sa\u00fade. Nos encontros, os gestores locais apresentaram suas demandas e a partir disso, o foco est\u00e1 em trazer em conjunto solu\u00e7\u00f5es para tornar os atendimentos mais pr\u00f3ximos.<\/p>\n<p>&nbsp;<\/p>\n<p>Em maio, durante a visita do vice-governador Rodrigo Garcia a Adamantina, a regionaliza\u00e7\u00e3o e integraliza\u00e7\u00e3o foi pauta. Na oportunidade, Rodrigo Garcia conheceu as instala\u00e7\u00f5es da Santa Casa e se disp\u00f4s a ajudar o munic\u00edpio no desejo de promover a integraliza\u00e7\u00e3o da sa\u00fade.<\/p>\n<p>&nbsp;<\/p>\n<p>Fonte: Assessoria de Imprensa<\/p>\n","protected":false},"excerpt":{"rendered":"<p>No in\u00edcio da tarde de ontem (23), foi realizada mais uma etapa do projeto de regionaliza\u00e7\u00e3o e integraliza\u00e7\u00e3o da sa\u00fade. &nbsp; O encontro contou com a presen\u00e7a do prefeito M\u00e1rcio Cardim, a vice-prefeita Maria de Lourdes Santos Gil \u201cDinha\u201d, o secret\u00e1rio de sa\u00fade Gustavo Rufino, a secret\u00e1ria de gabinete Luciana Pereira, a procuradora geral do [&hellip;]<\/p>\n","protected":false},"author":13,"featured_media":42034,"comment_status":"closed","ping_status":"open","sticky":false,"template":"","format":"standard","meta":{"_acf_changed":false,"_exactmetrics_skip_tracking":false,"_exactmetrics_sitenote_active":false,"_exactmetrics_sitenote_note":"","_exactmetrics_sitenote_category":0,"footnotes":""},"categories":[21],"tags":[],"class_list":["post-42033","post","type-post","status-publish","format-standard","has-post-thumbnail","hentry","category-adamantina"],"acf":[],"yoast_head":"<!-- This site is optimized with the Yoast SEO plugin v27.2 - https:\/\/yoast.com\/product\/yoast-seo-wordpress\/ -->\n<title>Prefeitura de Adamantina prossegue com as tratativas visando a Regionaliza\u00e7\u00e3o e Integraliza\u00e7\u00e3o da Sa\u00fade - R\u00e1dio Life FM<\/title>\n<meta name=\"robots\" content=\"index, follow, max-snippet:-1, max-image-preview:large, max-video-preview:-1\" \/>\n<link rel=\"canonical\" href=\"https:\/\/radiolifefm.com.br\/noticias\/prefeitura-de-adamantina-prossegue-com-as-tratativas-visando-a-regionalizacao-e-integralizacao-da-saude\/\" \/>\n<meta property=\"og:locale\" content=\"pt_BR\" \/>\n<meta property=\"og:type\" content=\"article\" \/>\n<meta property=\"og:title\" content=\"Prefeitura de Adamantina prossegue com as tratativas visando a Regionaliza\u00e7\u00e3o e Integraliza\u00e7\u00e3o da Sa\u00fade - R\u00e1dio Life FM\" \/>\n<meta property=\"og:description\" content=\"No in\u00edcio da tarde de ontem (23), foi realizada mais uma etapa do projeto de regionaliza\u00e7\u00e3o e integraliza\u00e7\u00e3o da sa\u00fade. &nbsp; O encontro contou com a presen\u00e7a do prefeito M\u00e1rcio Cardim, a vice-prefeita Maria de Lourdes Santos Gil \u201cDinha\u201d, o secret\u00e1rio de sa\u00fade Gustavo Rufino, a secret\u00e1ria de gabinete Luciana Pereira, a procuradora geral do [&hellip;]\" \/>\n<meta property=\"og:url\" content=\"https:\/\/radiolifefm.com.br\/noticias\/prefeitura-de-adamantina-prossegue-com-as-tratativas-visando-a-regionalizacao-e-integralizacao-da-saude\/\" \/>\n<meta property=\"og:site_name\" content=\"R\u00e1dio Life FM\" \/>\n<meta property=\"article:publisher\" content=\"https:\/\/www.facebook.com\/radiolifefm\/\" \/>\n<meta property=\"article:published_time\" content=\"2021-08-25T00:44:21+00:00\" \/>\n<meta property=\"article:modified_time\" content=\"2026-04-21T14:46:17+00:00\" \/>\n<meta property=\"og:image\" content=\"https:\/\/radiolifefm.com.br\/noticias\/wp-content\/uploads\/2021\/08\/Foto-2-1.jpeg\" \/>\n\t<meta property=\"og:image:width\" content=\"1280\" \/>\n\t<meta property=\"og:image:height\" content=\"960\" \/>\n\t<meta property=\"og:image:type\" content=\"image\/jpeg\" \/>\n<meta name=\"author\" content=\"ritanery\" \/>\n<meta name=\"twitter:card\" content=\"summary_large_image\" \/>\n<meta name=\"twitter:label1\" content=\"Escrito por\" \/>\n\t<meta name=\"twitter:data1\" content=\"ritanery\" \/>\n\t<meta name=\"twitter:label2\" content=\"Est. tempo de leitura\" \/>\n\t<meta name=\"twitter:data2\" content=\"2 minutos\" \/>\n<script type=\"application\/ld+json\" class=\"yoast-schema-graph\">{\"@context\":\"https:\/\/schema.org\",\"@graph\":[{\"@type\":\"Article\",\"@id\":\"https:\/\/radiolifefm.com.br\/noticias\/prefeitura-de-adamantina-prossegue-com-as-tratativas-visando-a-regionalizacao-e-integralizacao-da-saude\/#article\",\"isPartOf\":{\"@id\":\"https:\/\/radiolifefm.com.br\/noticias\/prefeitura-de-adamantina-prossegue-com-as-tratativas-visando-a-regionalizacao-e-integralizacao-da-saude\/\"},\"author\":{\"name\":\"ritanery\",\"@id\":\"https:\/\/radiolifefm.com.br\/noticias\/#\/schema\/person\/6339b9fac59d12b071dec680d7375d87\"},\"headline\":\"Prefeitura de Adamantina prossegue com as tratativas visando a Regionaliza\u00e7\u00e3o e Integraliza\u00e7\u00e3o da Sa\u00fade\",\"datePublished\":\"2021-08-25T00:44:21+00:00\",\"dateModified\":\"2026-04-21T14:46:17+00:00\",\"mainEntityOfPage\":{\"@id\":\"https:\/\/radiolifefm.com.br\/noticias\/prefeitura-de-adamantina-prossegue-com-as-tratativas-visando-a-regionalizacao-e-integralizacao-da-saude\/\"},\"wordCount\":407,\"publisher\":{\"@id\":\"https:\/\/radiolifefm.com.br\/noticias\/#organization\"},\"image\":{\"@id\":\"https:\/\/radiolifefm.com.br\/noticias\/prefeitura-de-adamantina-prossegue-com-as-tratativas-visando-a-regionalizacao-e-integralizacao-da-saude\/#primaryimage\"},\"thumbnailUrl\":\"https:\/\/radiolifefm.com.br\/noticias\/wp-content\/uploads\/2021\/08\/Foto-2-1.jpeg\",\"articleSection\":[\"Adamantina\"],\"inLanguage\":\"pt-BR\"},{\"@type\":\"WebPage\",\"@id\":\"https:\/\/radiolifefm.com.br\/noticias\/prefeitura-de-adamantina-prossegue-com-as-tratativas-visando-a-regionalizacao-e-integralizacao-da-saude\/\",\"url\":\"https:\/\/radiolifefm.com.br\/noticias\/prefeitura-de-adamantina-prossegue-com-as-tratativas-visando-a-regionalizacao-e-integralizacao-da-saude\/\",\"name\":\"Prefeitura de Adamantina prossegue com as tratativas visando a Regionaliza\u00e7\u00e3o e Integraliza\u00e7\u00e3o da Sa\u00fade - R\u00e1dio Life FM\",\"isPartOf\":{\"@id\":\"https:\/\/radiolifefm.com.br\/noticias\/#website\"},\"primaryImageOfPage\":{\"@id\":\"https:\/\/radiolifefm.com.br\/noticias\/prefeitura-de-adamantina-prossegue-com-as-tratativas-visando-a-regionalizacao-e-integralizacao-da-saude\/#primaryimage\"},\"image\":{\"@id\":\"https:\/\/radiolifefm.com.br\/noticias\/prefeitura-de-adamantina-prossegue-com-as-tratativas-visando-a-regionalizacao-e-integralizacao-da-saude\/#primaryimage\"},\"thumbnailUrl\":\"https:\/\/radiolifefm.com.br\/noticias\/wp-content\/uploads\/2021\/08\/Foto-2-1.jpeg\",\"datePublished\":\"2021-08-25T00:44:21+00:00\",\"dateModified\":\"2026-04-21T14:46:17+00:00\",\"breadcrumb\":{\"@id\":\"https:\/\/radiolifefm.com.br\/noticias\/prefeitura-de-adamantina-prossegue-com-as-tratativas-visando-a-regionalizacao-e-integralizacao-da-saude\/#breadcrumb\"},\"inLanguage\":\"pt-BR\",\"potentialAction\":[{\"@type\":\"ReadAction\",\"target\":[\"https:\/\/radiolifefm.com.br\/noticias\/prefeitura-de-adamantina-prossegue-com-as-tratativas-visando-a-regionalizacao-e-integralizacao-da-saude\/\"]}]},{\"@type\":\"ImageObject\",\"inLanguage\":\"pt-BR\",\"@id\":\"https:\/\/radiolifefm.com.br\/noticias\/prefeitura-de-adamantina-prossegue-com-as-tratativas-visando-a-regionalizacao-e-integralizacao-da-saude\/#primaryimage\",\"url\":\"https:\/\/radiolifefm.com.br\/noticias\/wp-content\/uploads\/2021\/08\/Foto-2-1.jpeg\",\"contentUrl\":\"https:\/\/radiolifefm.com.br\/noticias\/wp-content\/uploads\/2021\/08\/Foto-2-1.jpeg\",\"width\":1280,\"height\":960},{\"@type\":\"BreadcrumbList\",\"@id\":\"https:\/\/radiolifefm.com.br\/noticias\/prefeitura-de-adamantina-prossegue-com-as-tratativas-visando-a-regionalizacao-e-integralizacao-da-saude\/#breadcrumb\",\"itemListElement\":[{\"@type\":\"ListItem\",\"position\":1,\"name\":\"In\u00edcio\",\"item\":\"https:\/\/radiolifefm.com.br\/noticias\/\"},{\"@type\":\"ListItem\",\"position\":2,\"name\":\"Prefeitura de Adamantina prossegue com as tratativas visando a Regionaliza\u00e7\u00e3o e Integraliza\u00e7\u00e3o da Sa\u00fade\"}]},{\"@type\":\"WebSite\",\"@id\":\"https:\/\/radiolifefm.com.br\/noticias\/#website\",\"url\":\"https:\/\/radiolifefm.com.br\/noticias\/\",\"name\":\"R\u00e1dio Life FM\",\"description\":\"O Portal de Not\u00edcias de Adamantina\",\"publisher\":{\"@id\":\"https:\/\/radiolifefm.com.br\/noticias\/#organization\"},\"alternateName\":\"Life FM\",\"potentialAction\":[{\"@type\":\"SearchAction\",\"target\":{\"@type\":\"EntryPoint\",\"urlTemplate\":\"https:\/\/radiolifefm.com.br\/noticias\/?s={search_term_string}\"},\"query-input\":{\"@type\":\"PropertyValueSpecification\",\"valueRequired\":true,\"valueName\":\"search_term_string\"}}],\"inLanguage\":\"pt-BR\"},{\"@type\":\"Organization\",\"@id\":\"https:\/\/radiolifefm.com.br\/noticias\/#organization\",\"name\":\"R\u00e1dio Life FM\",\"alternateName\":\"Life FM\",\"url\":\"https:\/\/radiolifefm.com.br\/noticias\/\",\"logo\":{\"@type\":\"ImageObject\",\"inLanguage\":\"pt-BR\",\"@id\":\"https:\/\/radiolifefm.com.br\/noticias\/#\/schema\/logo\/image\/\",\"url\":\"https:\/\/static.radiolifefm.com.br\/noticias\/wp-content\/uploads\/2019\/10\/logo-lifefm.png\",\"contentUrl\":\"https:\/\/static.radiolifefm.com.br\/noticias\/wp-content\/uploads\/2019\/10\/logo-lifefm.png\",\"width\":196,\"height\":47,\"caption\":\"R\u00e1dio Life FM\"},\"image\":{\"@id\":\"https:\/\/radiolifefm.com.br\/noticias\/#\/schema\/logo\/image\/\"},\"sameAs\":[\"https:\/\/www.facebook.com\/radiolifefm\/\",\"https:\/\/www.instagram.com\/life1079fm\/\"]},{\"@type\":\"Person\",\"@id\":\"https:\/\/radiolifefm.com.br\/noticias\/#\/schema\/person\/6339b9fac59d12b071dec680d7375d87\",\"name\":\"ritanery\",\"image\":{\"@type\":\"ImageObject\",\"inLanguage\":\"pt-BR\",\"@id\":\"https:\/\/secure.gravatar.com\/avatar\/0e37bb19071f47c0b8a23f62a903df117c5a0e75f65a0c2901562f97cd41cf86?s=96&d=mm&r=g\",\"url\":\"https:\/\/secure.gravatar.com\/avatar\/0e37bb19071f47c0b8a23f62a903df117c5a0e75f65a0c2901562f97cd41cf86?s=96&d=mm&r=g\",\"contentUrl\":\"https:\/\/secure.gravatar.com\/avatar\/0e37bb19071f47c0b8a23f62a903df117c5a0e75f65a0c2901562f97cd41cf86?s=96&d=mm&r=g\",\"caption\":\"ritanery\"}}]}<\/script>\n<!-- \/ Yoast SEO plugin. -->","yoast_head_json":{"title":"Prefeitura de Adamantina prossegue com as tratativas visando a Regionaliza\u00e7\u00e3o e Integraliza\u00e7\u00e3o da Sa\u00fade - R\u00e1dio Life FM","robots":{"index":"index","follow":"follow","max-snippet":"max-snippet:-1","max-image-preview":"max-image-preview:large","max-video-preview":"max-video-preview:-1"},"canonical":"https:\/\/radiolifefm.com.br\/noticias\/prefeitura-de-adamantina-prossegue-com-as-tratativas-visando-a-regionalizacao-e-integralizacao-da-saude\/","og_locale":"pt_BR","og_type":"article","og_title":"Prefeitura de Adamantina prossegue com as tratativas visando a Regionaliza\u00e7\u00e3o e Integraliza\u00e7\u00e3o da Sa\u00fade - R\u00e1dio Life FM","og_description":"No in\u00edcio da tarde de ontem (23), foi realizada mais uma etapa do projeto de regionaliza\u00e7\u00e3o e integraliza\u00e7\u00e3o da sa\u00fade. &nbsp; O encontro contou com a presen\u00e7a do prefeito M\u00e1rcio Cardim, a vice-prefeita Maria de Lourdes Santos Gil \u201cDinha\u201d, o secret\u00e1rio de sa\u00fade Gustavo Rufino, a secret\u00e1ria de gabinete Luciana Pereira, a procuradora geral do [&hellip;]","og_url":"https:\/\/radiolifefm.com.br\/noticias\/prefeitura-de-adamantina-prossegue-com-as-tratativas-visando-a-regionalizacao-e-integralizacao-da-saude\/","og_site_name":"R\u00e1dio Life FM","article_publisher":"https:\/\/www.facebook.com\/radiolifefm\/","article_published_time":"2021-08-25T00:44:21+00:00","article_modified_time":"2026-04-21T14:46:17+00:00","og_image":[{"width":1280,"height":960,"url":"https:\/\/radiolifefm.com.br\/noticias\/wp-content\/uploads\/2021\/08\/Foto-2-1.jpeg","type":"image\/jpeg"}],"author":"ritanery","twitter_card":"summary_large_image","twitter_misc":{"Escrito por":"ritanery","Est. tempo de leitura":"2 minutos"},"schema":{"@context":"https:\/\/schema.org","@graph":[{"@type":"Article","@id":"https:\/\/radiolifefm.com.br\/noticias\/prefeitura-de-adamantina-prossegue-com-as-tratativas-visando-a-regionalizacao-e-integralizacao-da-saude\/#article","isPartOf":{"@id":"https:\/\/radiolifefm.com.br\/noticias\/prefeitura-de-adamantina-prossegue-com-as-tratativas-visando-a-regionalizacao-e-integralizacao-da-saude\/"},"author":{"name":"ritanery","@id":"https:\/\/radiolifefm.com.br\/noticias\/#\/schema\/person\/6339b9fac59d12b071dec680d7375d87"},"headline":"Prefeitura de Adamantina prossegue com as tratativas visando a Regionaliza\u00e7\u00e3o e Integraliza\u00e7\u00e3o da Sa\u00fade","datePublished":"2021-08-25T00:44:21+00:00","dateModified":"2026-04-21T14:46:17+00:00","mainEntityOfPage":{"@id":"https:\/\/radiolifefm.com.br\/noticias\/prefeitura-de-adamantina-prossegue-com-as-tratativas-visando-a-regionalizacao-e-integralizacao-da-saude\/"},"wordCount":407,"publisher":{"@id":"https:\/\/radiolifefm.com.br\/noticias\/#organization"},"image":{"@id":"https:\/\/radiolifefm.com.br\/noticias\/prefeitura-de-adamantina-prossegue-com-as-tratativas-visando-a-regionalizacao-e-integralizacao-da-saude\/#primaryimage"},"thumbnailUrl":"https:\/\/radiolifefm.com.br\/noticias\/wp-content\/uploads\/2021\/08\/Foto-2-1.jpeg","articleSection":["Adamantina"],"inLanguage":"pt-BR"},{"@type":"WebPage","@id":"https:\/\/radiolifefm.com.br\/noticias\/prefeitura-de-adamantina-prossegue-com-as-tratativas-visando-a-regionalizacao-e-integralizacao-da-saude\/","url":"https:\/\/radiolifefm.com.br\/noticias\/prefeitura-de-adamantina-prossegue-com-as-tratativas-visando-a-regionalizacao-e-integralizacao-da-saude\/","name":"Prefeitura de Adamantina prossegue com as tratativas visando a Regionaliza\u00e7\u00e3o e Integraliza\u00e7\u00e3o da Sa\u00fade - R\u00e1dio Life FM","isPartOf":{"@id":"https:\/\/radiolifefm.com.br\/noticias\/#website"},"primaryImageOfPage":{"@id":"https:\/\/radiolifefm.com.br\/noticias\/prefeitura-de-adamantina-prossegue-com-as-tratativas-visando-a-regionalizacao-e-integralizacao-da-saude\/#primaryimage"},"image":{"@id":"https:\/\/radiolifefm.com.br\/noticias\/prefeitura-de-adamantina-prossegue-com-as-tratativas-visando-a-regionalizacao-e-integralizacao-da-saude\/#primaryimage"},"thumbnailUrl":"https:\/\/radiolifefm.com.br\/noticias\/wp-content\/uploads\/2021\/08\/Foto-2-1.jpeg","datePublished":"2021-08-25T00:44:21+00:00","dateModified":"2026-04-21T14:46:17+00:00","breadcrumb":{"@id":"https:\/\/radiolifefm.com.br\/noticias\/prefeitura-de-adamantina-prossegue-com-as-tratativas-visando-a-regionalizacao-e-integralizacao-da-saude\/#breadcrumb"},"inLanguage":"pt-BR","potentialAction":[{"@type":"ReadAction","target":["https:\/\/radiolifefm.com.br\/noticias\/prefeitura-de-adamantina-prossegue-com-as-tratativas-visando-a-regionalizacao-e-integralizacao-da-saude\/"]}]},{"@type":"ImageObject","inLanguage":"pt-BR","@id":"https:\/\/radiolifefm.com.br\/noticias\/prefeitura-de-adamantina-prossegue-com-as-tratativas-visando-a-regionalizacao-e-integralizacao-da-saude\/#primaryimage","url":"https:\/\/radiolifefm.com.br\/noticias\/wp-content\/uploads\/2021\/08\/Foto-2-1.jpeg","contentUrl":"https:\/\/radiolifefm.com.br\/noticias\/wp-content\/uploads\/2021\/08\/Foto-2-1.jpeg","width":1280,"height":960},{"@type":"BreadcrumbList","@id":"https:\/\/radiolifefm.com.br\/noticias\/prefeitura-de-adamantina-prossegue-com-as-tratativas-visando-a-regionalizacao-e-integralizacao-da-saude\/#breadcrumb","itemListElement":[{"@type":"ListItem","position":1,"name":"In\u00edcio","item":"https:\/\/radiolifefm.com.br\/noticias\/"},{"@type":"ListItem","position":2,"name":"Prefeitura de Adamantina prossegue com as tratativas visando a Regionaliza\u00e7\u00e3o e Integraliza\u00e7\u00e3o da Sa\u00fade"}]},{"@type":"WebSite","@id":"https:\/\/radiolifefm.com.br\/noticias\/#website","url":"https:\/\/radiolifefm.com.br\/noticias\/","name":"R\u00e1dio Life FM","description":"O Portal de Not\u00edcias de Adamantina","publisher":{"@id":"https:\/\/radiolifefm.com.br\/noticias\/#organization"},"alternateName":"Life FM","potentialAction":[{"@type":"SearchAction","target":{"@type":"EntryPoint","urlTemplate":"https:\/\/radiolifefm.com.br\/noticias\/?s={search_term_string}"},"query-input":{"@type":"PropertyValueSpecification","valueRequired":true,"valueName":"search_term_string"}}],"inLanguage":"pt-BR"},{"@type":"Organization","@id":"https:\/\/radiolifefm.com.br\/noticias\/#organization","name":"R\u00e1dio Life FM","alternateName":"Life FM","url":"https:\/\/radiolifefm.com.br\/noticias\/","logo":{"@type":"ImageObject","inLanguage":"pt-BR","@id":"https:\/\/radiolifefm.com.br\/noticias\/#\/schema\/logo\/image\/","url":"https:\/\/static.radiolifefm.com.br\/noticias\/wp-content\/uploads\/2019\/10\/logo-lifefm.png","contentUrl":"https:\/\/static.radiolifefm.com.br\/noticias\/wp-content\/uploads\/2019\/10\/logo-lifefm.png","width":196,"height":47,"caption":"R\u00e1dio Life FM"},"image":{"@id":"https:\/\/radiolifefm.com.br\/noticias\/#\/schema\/logo\/image\/"},"sameAs":["https:\/\/www.facebook.com\/radiolifefm\/","https:\/\/www.instagram.com\/life1079fm\/"]},{"@type":"Person","@id":"https:\/\/radiolifefm.com.br\/noticias\/#\/schema\/person\/6339b9fac59d12b071dec680d7375d87","name":"ritanery","image":{"@type":"ImageObject","inLanguage":"pt-BR","@id":"https:\/\/secure.gravatar.com\/avatar\/0e37bb19071f47c0b8a23f62a903df117c5a0e75f65a0c2901562f97cd41cf86?s=96&d=mm&r=g","url":"https:\/\/secure.gravatar.com\/avatar\/0e37bb19071f47c0b8a23f62a903df117c5a0e75f65a0c2901562f97cd41cf86?s=96&d=mm&r=g","contentUrl":"https:\/\/secure.gravatar.com\/avatar\/0e37bb19071f47c0b8a23f62a903df117c5a0e75f65a0c2901562f97cd41cf86?s=96&d=mm&r=g","caption":"ritanery"}}]}},"amp_enabled":true,"_links":{"self":[{"href":"https:\/\/radiolifefm.com.br\/noticias\/wp-json\/wp\/v2\/posts\/42033","targetHints":{"allow":["GET"]}}],"collection":[{"href":"https:\/\/radiolifefm.com.br\/noticias\/wp-json\/wp\/v2\/posts"}],"about":[{"href":"https:\/\/radiolifefm.com.br\/noticias\/wp-json\/wp\/v2\/types\/post"}],"author":[{"embeddable":true,"href":"https:\/\/radiolifefm.com.br\/noticias\/wp-json\/wp\/v2\/users\/13"}],"replies":[{"embeddable":true,"href":"https:\/\/radiolifefm.com.br\/noticias\/wp-json\/wp\/v2\/comments?post=42033"}],"version-history":[{"count":1,"href":"https:\/\/radiolifefm.com.br\/noticias\/wp-json\/wp\/v2\/posts\/42033\/revisions"}],"predecessor-version":[{"id":42035,"href":"https:\/\/radiolifefm.com.br\/noticias\/wp-json\/wp\/v2\/posts\/42033\/revisions\/42035"}],"wp:featuredmedia":[{"embeddable":true,"href":"https:\/\/radiolifefm.com.br\/noticias\/wp-json\/wp\/v2\/media\/42034"}],"wp:attachment":[{"href":"https:\/\/radiolifefm.com.br\/noticias\/wp-json\/wp\/v2\/media?parent=42033"}],"wp:term":[{"taxonomy":"category","embeddable":true,"href":"https:\/\/radiolifefm.com.br\/noticias\/wp-json\/wp\/v2\/categories?post=42033"},{"taxonomy":"post_tag","embeddable":true,"href":"https:\/\/radiolifefm.com.br\/noticias\/wp-json\/wp\/v2\/tags?post=42033"}],"curies":[{"name":"wp","href":"https:\/\/api.w.org\/{rel}","templated":true}]}}