{"id":42009,"date":"2021-08-23T23:43:27","date_gmt":"2021-08-24T02:43:27","guid":{"rendered":"https:\/\/radiolifefm.com.br\/noticias\/?p=42009"},"modified":"2026-04-20T21:39:34","modified_gmt":"2026-04-21T00:39:34","slug":"homem-morre-apos-acidente-no-centro-de-adamantina","status":"publish","type":"post","link":"https:\/\/radiolifefm.com.br\/noticias\/homem-morre-apos-acidente-no-centro-de-adamantina\/","title":{"rendered":"Homem morre ap\u00f3s acidente no centro de Adamantina"},"content":{"rendered":"<div id=\"fb-root\"><\/div>\n<p>Um homem morreu na manh\u00e3 desta segunda-feira (23), ap\u00f3s um acidente ocorrido na Rua Euclides da Cunha, in\u00edcio da Rua Josefina Dall\u2019Ant\u00f4nia Tiveron em Adamantina.<\/p>\n<p>&nbsp;<\/p>\n<p>Segundo informa\u00e7\u00f5es obtidas pela reportagem do Adamantina Net, o Corpo de Bombeiros de Adamantina foi acionado para o atendimento de uma ocorr\u00eancia de parada card\u00edaca respirat\u00f3ria pr\u00f3ximo ao \u201cParquinho do Foguete\u201d.<\/p>\n<p>&nbsp;<\/p>\n<p>Ao chegar ao local, as equipes se depararam com um ve\u00edculo Ford Ecosport que havia colidido contra uma placa de sinaliza\u00e7\u00e3o e o muro de uma resid\u00eancia.<\/p>\n<p>&nbsp;<\/p>\n<p>Ele foi socorrido pela Unidade de Resgate e encaminhado para o Pronto Socorro de Adamantina onde infelizmente teve o \u00f3bito constatado.<\/p>\n<p>&nbsp;<\/p>\n<p>Informa\u00e7\u00f5es de populares d\u00e3o conta que a v\u00edtima n\u00e3o utilizava o cinto de seguran\u00e7a, inclusive h\u00e1 uma marca de choque contra o para-brisa do ve\u00edculo, o que leva a crer que ele tenha batido a cabe\u00e7a no vidro. Acredita-se ainda que ele teria sofrido o acidente ap\u00f3s passar mal.<\/p>\n<p>&nbsp;<\/p>\n<p>As policias Militar e Civil foram acionadas e compareceram ao local que tamb\u00e9m passou por per\u00edcia. Um laudo deve apontar as causas do acidente.<\/p>\n<p><img loading=\"lazy\" decoding=\"async\" class=\"alignnone size-full wp-image-42010\" src=\"https:\/\/static.radiolifefm.com.br\/wp-content\/uploads\/sites\/2\/2021\/08\/acidente-adamantina-3.jpeg\" alt=\"\" width=\"1600\" height=\"900\" srcset=\"https:\/\/radiolifefm.com.br\/noticias\/wp-content\/uploads\/2021\/08\/acidente-adamantina-3.jpeg 1600w, https:\/\/radiolifefm.com.br\/noticias\/wp-content\/uploads\/2021\/08\/acidente-adamantina-3-300x169.jpeg 300w, https:\/\/radiolifefm.com.br\/noticias\/wp-content\/uploads\/2021\/08\/acidente-adamantina-3-1024x576.jpeg 1024w, https:\/\/radiolifefm.com.br\/noticias\/wp-content\/uploads\/2021\/08\/acidente-adamantina-3-768x432.jpeg 768w, https:\/\/radiolifefm.com.br\/noticias\/wp-content\/uploads\/2021\/08\/acidente-adamantina-3-1536x864.jpeg 1536w\" sizes=\"auto, (max-width: 1600px) 100vw, 1600px\" \/> <img loading=\"lazy\" decoding=\"async\" class=\"alignnone size-full wp-image-42011\" src=\"https:\/\/static.radiolifefm.com.br\/wp-content\/uploads\/sites\/2\/2021\/08\/acidente-adamantina-9.jpeg\" alt=\"\" width=\"1600\" height=\"1200\" srcset=\"https:\/\/radiolifefm.com.br\/noticias\/wp-content\/uploads\/2021\/08\/acidente-adamantina-9.jpeg 1600w, https:\/\/radiolifefm.com.br\/noticias\/wp-content\/uploads\/2021\/08\/acidente-adamantina-9-300x225.jpeg 300w, https:\/\/radiolifefm.com.br\/noticias\/wp-content\/uploads\/2021\/08\/acidente-adamantina-9-1024x768.jpeg 1024w, https:\/\/radiolifefm.com.br\/noticias\/wp-content\/uploads\/2021\/08\/acidente-adamantina-9-768x576.jpeg 768w, https:\/\/radiolifefm.com.br\/noticias\/wp-content\/uploads\/2021\/08\/acidente-adamantina-9-1536x1152.jpeg 1536w\" sizes=\"auto, (max-width: 1600px) 100vw, 1600px\" \/> <img loading=\"lazy\" decoding=\"async\" class=\"alignnone size-full wp-image-42012\" src=\"https:\/\/static.radiolifefm.com.br\/wp-content\/uploads\/sites\/2\/2021\/08\/acidente-adamantina-13.jpeg\" alt=\"\" width=\"1200\" height=\"1600\" srcset=\"https:\/\/radiolifefm.com.br\/noticias\/wp-content\/uploads\/2021\/08\/acidente-adamantina-13.jpeg 1200w, https:\/\/radiolifefm.com.br\/noticias\/wp-content\/uploads\/2021\/08\/acidente-adamantina-13-225x300.jpeg 225w, https:\/\/radiolifefm.com.br\/noticias\/wp-content\/uploads\/2021\/08\/acidente-adamantina-13-768x1024.jpeg 768w, https:\/\/radiolifefm.com.br\/noticias\/wp-content\/uploads\/2021\/08\/acidente-adamantina-13-1152x1536.jpeg 1152w\" sizes=\"auto, (max-width: 1200px) 100vw, 1200px\" \/><\/p>\n<p>Fonte: Adamantina Net<\/p>\n<p>&nbsp;<\/p>\n","protected":false},"excerpt":{"rendered":"<p>Um homem morreu na manh\u00e3 desta segunda-feira (23), ap\u00f3s um acidente ocorrido na Rua Euclides da Cunha, in\u00edcio da Rua Josefina Dall\u2019Ant\u00f4nia Tiveron em Adamantina. &nbsp; Segundo informa\u00e7\u00f5es obtidas pela reportagem do Adamantina Net, o Corpo de Bombeiros de Adamantina foi acionado para o atendimento de uma ocorr\u00eancia de parada card\u00edaca respirat\u00f3ria pr\u00f3ximo ao \u201cParquinho [&hellip;]<\/p>\n","protected":false},"author":13,"featured_media":42011,"comment_status":"closed","ping_status":"open","sticky":false,"template":"","format":"standard","meta":{"_acf_changed":false,"_exactmetrics_skip_tracking":false,"_exactmetrics_sitenote_active":false,"_exactmetrics_sitenote_note":"","_exactmetrics_sitenote_category":0,"footnotes":""},"categories":[21],"tags":[],"class_list":["post-42009","post","type-post","status-publish","format-standard","has-post-thumbnail","hentry","category-adamantina"],"acf":[],"yoast_head":"<!-- This site is optimized with the Yoast SEO plugin v27.2 - https:\/\/yoast.com\/product\/yoast-seo-wordpress\/ -->\n<title>Homem morre ap\u00f3s acidente no centro de Adamantina - R\u00e1dio Life FM<\/title>\n<meta name=\"robots\" content=\"index, follow, max-snippet:-1, max-image-preview:large, max-video-preview:-1\" \/>\n<link rel=\"canonical\" href=\"https:\/\/radiolifefm.com.br\/noticias\/homem-morre-apos-acidente-no-centro-de-adamantina\/\" \/>\n<meta property=\"og:locale\" content=\"pt_BR\" \/>\n<meta property=\"og:type\" content=\"article\" \/>\n<meta property=\"og:title\" content=\"Homem morre ap\u00f3s acidente no centro de Adamantina - R\u00e1dio Life FM\" \/>\n<meta property=\"og:description\" content=\"Um homem morreu na manh\u00e3 desta segunda-feira (23), ap\u00f3s um acidente ocorrido na Rua Euclides da Cunha, in\u00edcio da Rua Josefina Dall\u2019Ant\u00f4nia Tiveron em Adamantina. &nbsp; Segundo informa\u00e7\u00f5es obtidas pela reportagem do Adamantina Net, o Corpo de Bombeiros de Adamantina foi acionado para o atendimento de uma ocorr\u00eancia de parada card\u00edaca respirat\u00f3ria pr\u00f3ximo ao \u201cParquinho [&hellip;]\" \/>\n<meta property=\"og:url\" content=\"https:\/\/radiolifefm.com.br\/noticias\/homem-morre-apos-acidente-no-centro-de-adamantina\/\" \/>\n<meta property=\"og:site_name\" content=\"R\u00e1dio Life FM\" \/>\n<meta property=\"article:publisher\" content=\"https:\/\/www.facebook.com\/radiolifefm\/\" \/>\n<meta property=\"article:published_time\" content=\"2021-08-24T02:43:27+00:00\" \/>\n<meta property=\"article:modified_time\" content=\"2026-04-21T00:39:34+00:00\" \/>\n<meta property=\"og:image\" content=\"https:\/\/radiolifefm.com.br\/noticias\/wp-content\/uploads\/2021\/08\/acidente-adamantina-9.jpeg\" \/>\n\t<meta property=\"og:image:width\" content=\"1600\" \/>\n\t<meta property=\"og:image:height\" content=\"1200\" \/>\n\t<meta property=\"og:image:type\" content=\"image\/jpeg\" \/>\n<meta name=\"author\" content=\"ritanery\" \/>\n<meta name=\"twitter:card\" content=\"summary_large_image\" \/>\n<meta name=\"twitter:label1\" content=\"Escrito por\" \/>\n\t<meta name=\"twitter:data1\" content=\"ritanery\" \/>\n\t<meta name=\"twitter:label2\" content=\"Est. tempo de leitura\" \/>\n\t<meta name=\"twitter:data2\" content=\"2 minutos\" \/>\n<script type=\"application\/ld+json\" class=\"yoast-schema-graph\">{\"@context\":\"https:\/\/schema.org\",\"@graph\":[{\"@type\":\"Article\",\"@id\":\"https:\/\/radiolifefm.com.br\/noticias\/homem-morre-apos-acidente-no-centro-de-adamantina\/#article\",\"isPartOf\":{\"@id\":\"https:\/\/radiolifefm.com.br\/noticias\/homem-morre-apos-acidente-no-centro-de-adamantina\/\"},\"author\":{\"name\":\"ritanery\",\"@id\":\"https:\/\/radiolifefm.com.br\/noticias\/#\/schema\/person\/6339b9fac59d12b071dec680d7375d87\"},\"headline\":\"Homem morre ap\u00f3s acidente no centro de Adamantina\",\"datePublished\":\"2021-08-24T02:43:27+00:00\",\"dateModified\":\"2026-04-21T00:39:34+00:00\",\"mainEntityOfPage\":{\"@id\":\"https:\/\/radiolifefm.com.br\/noticias\/homem-morre-apos-acidente-no-centro-de-adamantina\/\"},\"wordCount\":216,\"publisher\":{\"@id\":\"https:\/\/radiolifefm.com.br\/noticias\/#organization\"},\"image\":{\"@id\":\"https:\/\/radiolifefm.com.br\/noticias\/homem-morre-apos-acidente-no-centro-de-adamantina\/#primaryimage\"},\"thumbnailUrl\":\"https:\/\/radiolifefm.com.br\/noticias\/wp-content\/uploads\/2021\/08\/acidente-adamantina-9.jpeg\",\"articleSection\":[\"Adamantina\"],\"inLanguage\":\"pt-BR\"},{\"@type\":\"WebPage\",\"@id\":\"https:\/\/radiolifefm.com.br\/noticias\/homem-morre-apos-acidente-no-centro-de-adamantina\/\",\"url\":\"https:\/\/radiolifefm.com.br\/noticias\/homem-morre-apos-acidente-no-centro-de-adamantina\/\",\"name\":\"Homem morre ap\u00f3s acidente no centro de Adamantina - R\u00e1dio Life FM\",\"isPartOf\":{\"@id\":\"https:\/\/radiolifefm.com.br\/noticias\/#website\"},\"primaryImageOfPage\":{\"@id\":\"https:\/\/radiolifefm.com.br\/noticias\/homem-morre-apos-acidente-no-centro-de-adamantina\/#primaryimage\"},\"image\":{\"@id\":\"https:\/\/radiolifefm.com.br\/noticias\/homem-morre-apos-acidente-no-centro-de-adamantina\/#primaryimage\"},\"thumbnailUrl\":\"https:\/\/radiolifefm.com.br\/noticias\/wp-content\/uploads\/2021\/08\/acidente-adamantina-9.jpeg\",\"datePublished\":\"2021-08-24T02:43:27+00:00\",\"dateModified\":\"2026-04-21T00:39:34+00:00\",\"breadcrumb\":{\"@id\":\"https:\/\/radiolifefm.com.br\/noticias\/homem-morre-apos-acidente-no-centro-de-adamantina\/#breadcrumb\"},\"inLanguage\":\"pt-BR\",\"potentialAction\":[{\"@type\":\"ReadAction\",\"target\":[\"https:\/\/radiolifefm.com.br\/noticias\/homem-morre-apos-acidente-no-centro-de-adamantina\/\"]}]},{\"@type\":\"ImageObject\",\"inLanguage\":\"pt-BR\",\"@id\":\"https:\/\/radiolifefm.com.br\/noticias\/homem-morre-apos-acidente-no-centro-de-adamantina\/#primaryimage\",\"url\":\"https:\/\/radiolifefm.com.br\/noticias\/wp-content\/uploads\/2021\/08\/acidente-adamantina-9.jpeg\",\"contentUrl\":\"https:\/\/radiolifefm.com.br\/noticias\/wp-content\/uploads\/2021\/08\/acidente-adamantina-9.jpeg\",\"width\":1600,\"height\":1200},{\"@type\":\"BreadcrumbList\",\"@id\":\"https:\/\/radiolifefm.com.br\/noticias\/homem-morre-apos-acidente-no-centro-de-adamantina\/#breadcrumb\",\"itemListElement\":[{\"@type\":\"ListItem\",\"position\":1,\"name\":\"In\u00edcio\",\"item\":\"https:\/\/radiolifefm.com.br\/noticias\/\"},{\"@type\":\"ListItem\",\"position\":2,\"name\":\"Homem morre ap\u00f3s acidente no centro de Adamantina\"}]},{\"@type\":\"WebSite\",\"@id\":\"https:\/\/radiolifefm.com.br\/noticias\/#website\",\"url\":\"https:\/\/radiolifefm.com.br\/noticias\/\",\"name\":\"R\u00e1dio Life FM\",\"description\":\"O Portal de Not\u00edcias de Adamantina\",\"publisher\":{\"@id\":\"https:\/\/radiolifefm.com.br\/noticias\/#organization\"},\"alternateName\":\"Life FM\",\"potentialAction\":[{\"@type\":\"SearchAction\",\"target\":{\"@type\":\"EntryPoint\",\"urlTemplate\":\"https:\/\/radiolifefm.com.br\/noticias\/?s={search_term_string}\"},\"query-input\":{\"@type\":\"PropertyValueSpecification\",\"valueRequired\":true,\"valueName\":\"search_term_string\"}}],\"inLanguage\":\"pt-BR\"},{\"@type\":\"Organization\",\"@id\":\"https:\/\/radiolifefm.com.br\/noticias\/#organization\",\"name\":\"R\u00e1dio Life FM\",\"alternateName\":\"Life FM\",\"url\":\"https:\/\/radiolifefm.com.br\/noticias\/\",\"logo\":{\"@type\":\"ImageObject\",\"inLanguage\":\"pt-BR\",\"@id\":\"https:\/\/radiolifefm.com.br\/noticias\/#\/schema\/logo\/image\/\",\"url\":\"https:\/\/static.radiolifefm.com.br\/noticias\/wp-content\/uploads\/2019\/10\/logo-lifefm.png\",\"contentUrl\":\"https:\/\/static.radiolifefm.com.br\/noticias\/wp-content\/uploads\/2019\/10\/logo-lifefm.png\",\"width\":196,\"height\":47,\"caption\":\"R\u00e1dio Life FM\"},\"image\":{\"@id\":\"https:\/\/radiolifefm.com.br\/noticias\/#\/schema\/logo\/image\/\"},\"sameAs\":[\"https:\/\/www.facebook.com\/radiolifefm\/\",\"https:\/\/www.instagram.com\/life1079fm\/\"]},{\"@type\":\"Person\",\"@id\":\"https:\/\/radiolifefm.com.br\/noticias\/#\/schema\/person\/6339b9fac59d12b071dec680d7375d87\",\"name\":\"ritanery\",\"image\":{\"@type\":\"ImageObject\",\"inLanguage\":\"pt-BR\",\"@id\":\"https:\/\/secure.gravatar.com\/avatar\/0e37bb19071f47c0b8a23f62a903df117c5a0e75f65a0c2901562f97cd41cf86?s=96&d=mm&r=g\",\"url\":\"https:\/\/secure.gravatar.com\/avatar\/0e37bb19071f47c0b8a23f62a903df117c5a0e75f65a0c2901562f97cd41cf86?s=96&d=mm&r=g\",\"contentUrl\":\"https:\/\/secure.gravatar.com\/avatar\/0e37bb19071f47c0b8a23f62a903df117c5a0e75f65a0c2901562f97cd41cf86?s=96&d=mm&r=g\",\"caption\":\"ritanery\"}}]}<\/script>\n<!-- \/ Yoast SEO plugin. -->","yoast_head_json":{"title":"Homem morre ap\u00f3s acidente no centro de Adamantina - R\u00e1dio Life FM","robots":{"index":"index","follow":"follow","max-snippet":"max-snippet:-1","max-image-preview":"max-image-preview:large","max-video-preview":"max-video-preview:-1"},"canonical":"https:\/\/radiolifefm.com.br\/noticias\/homem-morre-apos-acidente-no-centro-de-adamantina\/","og_locale":"pt_BR","og_type":"article","og_title":"Homem morre ap\u00f3s acidente no centro de Adamantina - R\u00e1dio Life FM","og_description":"Um homem morreu na manh\u00e3 desta segunda-feira (23), ap\u00f3s um acidente ocorrido na Rua Euclides da Cunha, in\u00edcio da Rua Josefina Dall\u2019Ant\u00f4nia Tiveron em Adamantina. &nbsp; Segundo informa\u00e7\u00f5es obtidas pela reportagem do Adamantina Net, o Corpo de Bombeiros de Adamantina foi acionado para o atendimento de uma ocorr\u00eancia de parada card\u00edaca respirat\u00f3ria pr\u00f3ximo ao \u201cParquinho [&hellip;]","og_url":"https:\/\/radiolifefm.com.br\/noticias\/homem-morre-apos-acidente-no-centro-de-adamantina\/","og_site_name":"R\u00e1dio Life FM","article_publisher":"https:\/\/www.facebook.com\/radiolifefm\/","article_published_time":"2021-08-24T02:43:27+00:00","article_modified_time":"2026-04-21T00:39:34+00:00","og_image":[{"width":1600,"height":1200,"url":"https:\/\/radiolifefm.com.br\/noticias\/wp-content\/uploads\/2021\/08\/acidente-adamantina-9.jpeg","type":"image\/jpeg"}],"author":"ritanery","twitter_card":"summary_large_image","twitter_misc":{"Escrito por":"ritanery","Est. tempo de leitura":"2 minutos"},"schema":{"@context":"https:\/\/schema.org","@graph":[{"@type":"Article","@id":"https:\/\/radiolifefm.com.br\/noticias\/homem-morre-apos-acidente-no-centro-de-adamantina\/#article","isPartOf":{"@id":"https:\/\/radiolifefm.com.br\/noticias\/homem-morre-apos-acidente-no-centro-de-adamantina\/"},"author":{"name":"ritanery","@id":"https:\/\/radiolifefm.com.br\/noticias\/#\/schema\/person\/6339b9fac59d12b071dec680d7375d87"},"headline":"Homem morre ap\u00f3s acidente no centro de Adamantina","datePublished":"2021-08-24T02:43:27+00:00","dateModified":"2026-04-21T00:39:34+00:00","mainEntityOfPage":{"@id":"https:\/\/radiolifefm.com.br\/noticias\/homem-morre-apos-acidente-no-centro-de-adamantina\/"},"wordCount":216,"publisher":{"@id":"https:\/\/radiolifefm.com.br\/noticias\/#organization"},"image":{"@id":"https:\/\/radiolifefm.com.br\/noticias\/homem-morre-apos-acidente-no-centro-de-adamantina\/#primaryimage"},"thumbnailUrl":"https:\/\/radiolifefm.com.br\/noticias\/wp-content\/uploads\/2021\/08\/acidente-adamantina-9.jpeg","articleSection":["Adamantina"],"inLanguage":"pt-BR"},{"@type":"WebPage","@id":"https:\/\/radiolifefm.com.br\/noticias\/homem-morre-apos-acidente-no-centro-de-adamantina\/","url":"https:\/\/radiolifefm.com.br\/noticias\/homem-morre-apos-acidente-no-centro-de-adamantina\/","name":"Homem morre ap\u00f3s acidente no centro de Adamantina - R\u00e1dio Life FM","isPartOf":{"@id":"https:\/\/radiolifefm.com.br\/noticias\/#website"},"primaryImageOfPage":{"@id":"https:\/\/radiolifefm.com.br\/noticias\/homem-morre-apos-acidente-no-centro-de-adamantina\/#primaryimage"},"image":{"@id":"https:\/\/radiolifefm.com.br\/noticias\/homem-morre-apos-acidente-no-centro-de-adamantina\/#primaryimage"},"thumbnailUrl":"https:\/\/radiolifefm.com.br\/noticias\/wp-content\/uploads\/2021\/08\/acidente-adamantina-9.jpeg","datePublished":"2021-08-24T02:43:27+00:00","dateModified":"2026-04-21T00:39:34+00:00","breadcrumb":{"@id":"https:\/\/radiolifefm.com.br\/noticias\/homem-morre-apos-acidente-no-centro-de-adamantina\/#breadcrumb"},"inLanguage":"pt-BR","potentialAction":[{"@type":"ReadAction","target":["https:\/\/radiolifefm.com.br\/noticias\/homem-morre-apos-acidente-no-centro-de-adamantina\/"]}]},{"@type":"ImageObject","inLanguage":"pt-BR","@id":"https:\/\/radiolifefm.com.br\/noticias\/homem-morre-apos-acidente-no-centro-de-adamantina\/#primaryimage","url":"https:\/\/radiolifefm.com.br\/noticias\/wp-content\/uploads\/2021\/08\/acidente-adamantina-9.jpeg","contentUrl":"https:\/\/radiolifefm.com.br\/noticias\/wp-content\/uploads\/2021\/08\/acidente-adamantina-9.jpeg","width":1600,"height":1200},{"@type":"BreadcrumbList","@id":"https:\/\/radiolifefm.com.br\/noticias\/homem-morre-apos-acidente-no-centro-de-adamantina\/#breadcrumb","itemListElement":[{"@type":"ListItem","position":1,"name":"In\u00edcio","item":"https:\/\/radiolifefm.com.br\/noticias\/"},{"@type":"ListItem","position":2,"name":"Homem morre ap\u00f3s acidente no centro de Adamantina"}]},{"@type":"WebSite","@id":"https:\/\/radiolifefm.com.br\/noticias\/#website","url":"https:\/\/radiolifefm.com.br\/noticias\/","name":"R\u00e1dio Life FM","description":"O Portal de Not\u00edcias de Adamantina","publisher":{"@id":"https:\/\/radiolifefm.com.br\/noticias\/#organization"},"alternateName":"Life FM","potentialAction":[{"@type":"SearchAction","target":{"@type":"EntryPoint","urlTemplate":"https:\/\/radiolifefm.com.br\/noticias\/?s={search_term_string}"},"query-input":{"@type":"PropertyValueSpecification","valueRequired":true,"valueName":"search_term_string"}}],"inLanguage":"pt-BR"},{"@type":"Organization","@id":"https:\/\/radiolifefm.com.br\/noticias\/#organization","name":"R\u00e1dio Life FM","alternateName":"Life FM","url":"https:\/\/radiolifefm.com.br\/noticias\/","logo":{"@type":"ImageObject","inLanguage":"pt-BR","@id":"https:\/\/radiolifefm.com.br\/noticias\/#\/schema\/logo\/image\/","url":"https:\/\/static.radiolifefm.com.br\/noticias\/wp-content\/uploads\/2019\/10\/logo-lifefm.png","contentUrl":"https:\/\/static.radiolifefm.com.br\/noticias\/wp-content\/uploads\/2019\/10\/logo-lifefm.png","width":196,"height":47,"caption":"R\u00e1dio Life FM"},"image":{"@id":"https:\/\/radiolifefm.com.br\/noticias\/#\/schema\/logo\/image\/"},"sameAs":["https:\/\/www.facebook.com\/radiolifefm\/","https:\/\/www.instagram.com\/life1079fm\/"]},{"@type":"Person","@id":"https:\/\/radiolifefm.com.br\/noticias\/#\/schema\/person\/6339b9fac59d12b071dec680d7375d87","name":"ritanery","image":{"@type":"ImageObject","inLanguage":"pt-BR","@id":"https:\/\/secure.gravatar.com\/avatar\/0e37bb19071f47c0b8a23f62a903df117c5a0e75f65a0c2901562f97cd41cf86?s=96&d=mm&r=g","url":"https:\/\/secure.gravatar.com\/avatar\/0e37bb19071f47c0b8a23f62a903df117c5a0e75f65a0c2901562f97cd41cf86?s=96&d=mm&r=g","contentUrl":"https:\/\/secure.gravatar.com\/avatar\/0e37bb19071f47c0b8a23f62a903df117c5a0e75f65a0c2901562f97cd41cf86?s=96&d=mm&r=g","caption":"ritanery"}}]}},"amp_enabled":true,"_links":{"self":[{"href":"https:\/\/radiolifefm.com.br\/noticias\/wp-json\/wp\/v2\/posts\/42009","targetHints":{"allow":["GET"]}}],"collection":[{"href":"https:\/\/radiolifefm.com.br\/noticias\/wp-json\/wp\/v2\/posts"}],"about":[{"href":"https:\/\/radiolifefm.com.br\/noticias\/wp-json\/wp\/v2\/types\/post"}],"author":[{"embeddable":true,"href":"https:\/\/radiolifefm.com.br\/noticias\/wp-json\/wp\/v2\/users\/13"}],"replies":[{"embeddable":true,"href":"https:\/\/radiolifefm.com.br\/noticias\/wp-json\/wp\/v2\/comments?post=42009"}],"version-history":[{"count":1,"href":"https:\/\/radiolifefm.com.br\/noticias\/wp-json\/wp\/v2\/posts\/42009\/revisions"}],"predecessor-version":[{"id":42013,"href":"https:\/\/radiolifefm.com.br\/noticias\/wp-json\/wp\/v2\/posts\/42009\/revisions\/42013"}],"wp:featuredmedia":[{"embeddable":true,"href":"https:\/\/radiolifefm.com.br\/noticias\/wp-json\/wp\/v2\/media\/42011"}],"wp:attachment":[{"href":"https:\/\/radiolifefm.com.br\/noticias\/wp-json\/wp\/v2\/media?parent=42009"}],"wp:term":[{"taxonomy":"category","embeddable":true,"href":"https:\/\/radiolifefm.com.br\/noticias\/wp-json\/wp\/v2\/categories?post=42009"},{"taxonomy":"post_tag","embeddable":true,"href":"https:\/\/radiolifefm.com.br\/noticias\/wp-json\/wp\/v2\/tags?post=42009"}],"curies":[{"name":"wp","href":"https:\/\/api.w.org\/{rel}","templated":true}]}}